{"id":2735,"date":"2025-07-18T12:22:09","date_gmt":"2025-07-18T12:22:09","guid":{"rendered":"https:\/\/carpathiacenter.ro\/?p=2735"},"modified":"2025-07-19T12:22:27","modified_gmt":"2025-07-19T12:22:27","slug":"consiliul-afaceri-generale-al-ue-din-18-iulie-2025-pe-agenda-bugetul-pentru-2028-2034","status":"publish","type":"post","link":"https:\/\/carpathiacenter.ro\/en\/consiliul-afaceri-generale-al-ue-din-18-iulie-2025-pe-agenda-bugetul-pentru-2028-2034\/","title":{"rendered":"Consiliul Afaceri Generale al UE din 18 iulie 2025: pe agend\u0103, bugetul pentru 2028-2034"},"content":{"rendered":"<p>Consiliul Afaceri Generale al UE se reune\u0219te la 18 iulie 2025, la Bruxelles, urm\u00e2nd s\u0103 ia \u00een discu\u021bie bugetul UE pe termen lung pentru perioada 2028-2034 sau solicitarea Spaniei de a include limbile catalan\u0103, basc\u0103 \u0219i galician\u0103 \u00een regimul lingvistic al UE, informeaz\u0103 site-ul\u00a0<a href=\"https:\/\/www.consilium.europa.eu\/\" target=\"_blank\" rel=\"noopener\">https:\/\/www.consilium.europa.eu\/<\/a>.<\/p>\n<p>Mini\u0219trii responsabili cu afacerile europene vor asista, astfel, la o prezentare oferit\u0103 de Comisie viz\u00e2nd primul s\u0103u pachet de propuneri privind bugetul pe termen lung al UE pentru perioada de dup\u0103 2027 \u0219i vor desf\u0103\u0219ura o dezbatere de orientare. Bugetul pe termen lung sau cadrul financiar multianual (CFM) asigur\u0103 finan\u021barea programelor \u0219i a ac\u021biunilor \u00een toate domeniile de politic\u0103, de la agricultur\u0103 \u0219i politica regional\u0103 la sprijin pentru Ucraina, tehnologii strategice \u0219i migra\u021bie, \u00een concordan\u021b\u0103 cu priorit\u0103\u021bile pe termen lung ale UE.<\/p>\n<p>La 16 iulie 2025, Comisia European\u0103 a propus un buget de aproape 2.000 de miliarde de euro pentru urm\u0103torul ciclu bugetar de \u0219apte ani. Acest cadru, spune Comisia, va dota Europa cu un buget de investi\u021bii pe termen lung, pe m\u0103sura ambi\u021biilor sale de a fi o societate \u0219i o economie independente, prospere, sigure \u0219i \u00eenfloritoare \u00een urm\u0103torul deceniu, conform https:\/\/commission.europa.eu\/. Potrivit Comisiei, 300 de miliarde de euro vor fi consacrate pentru veniturile fermierilor \u00een perioada 2028-2034, pe fondul \u00eengrijor\u0103rilor cu privire la noua formul\u0103 a Politicii Agricole Comune. \u00cen precedentul buget, 2021-2027, Politica Agricol\u0103 Comun\u0103, principalul capitol de cheltuieli al Uniunii Europene, reprezenta 387 miliarde de euro, din care 270 miliarde de euro sub form\u0103 de ajutoare directe pentru fermieri (AFP \u0219i Reuters). De asemenea, Comisia European\u0103 a propus alocarea a p\u00e2n\u0103 la 100 de miliarde de euro pentru Ucraina \u00een viitorul CFM al UE pentru perioada 2028-2034, a declarat comisarul european pentru buget, Piotr Serafin (AFP). Un acord cu privire la noul buget UE are nevoie de sprijinul tuturor celor 27 de state membre \u0219i aprobarea Parlamentului European.<\/p>\n<p>Actualul CFM cuprinde perioada 2021-2027 \u0219i include 1 074,3 miliarde euro la pre\u021burile din 2018, inclusiv integrarea Fondului european de dezvoltare \u0219i 750 de miliarde euro &#8211; instrumentul de redresare Next Generation EU (total: 1,824.3 mld. euro), conform https:\/\/www.consilium.europa.eu\/.<\/p>\n<p>Consiliul va discuta, la reuniunea din 18 iulie, \u0219i despre solicitarea Spaniei privind includerea limbilor catalan\u0103, basc\u0103 \u0219i galician\u0103 \u00een Regulamentul nr. 1\/1958, care reglementeaz\u0103 regimul lingvistic al UE. La 3 iulie 2025, Guvernul spaniol a solicitat Danemarcei, care de\u021bine pre\u0219edin\u021bia Consiliului UE p\u00e2n\u0103 la 31 decembrie, s\u0103 includ\u0103 pe agenda sa o discu\u021bie despre introducerea statutului oficial al acestor limbi, iar Copenhaga a decis s\u0103 reexamineze problema, pe care UE-27 a discutat-o ultima dat\u0103 \u00een luna mai (EFE). Potrivit surselor EFE, Spania ar avea sprijinul Belgiei, Danemarcei, Irlandei, Lituaniei, Portugaliei, Rom\u00e2niei, Sloveniei \u0219i Ungariei, dar decizia ca limbile catalan\u0103, basc\u0103 \u0219i galician\u0103 s\u0103 devin\u0103 limbi oficiale \u00een UE trebuie adoptat\u0103 \u00een unanimitate. Restul statelor membre au \u00eendoieli politice, economice \u0219i juridice cu privire la propunere, care, potrivit serviciilor juridice ale Consiliului UE, ar necesita modific\u0103ri ale tratatelor pentru a o pune \u00een aplicare, mai relateaz\u0103 EFE.<\/p>\n<p>\u00cen cadrul sec\u021biunii &#8216;Diverse&#8217;, pre\u0219edin\u021bia danez\u0103 a UE (iulie-decembrie 2025) va informa Consiliul cu privire la gestionarea agendei de simplificare.<\/p>\n<p>***<br \/>\nAnterioara reuniune a mini\u0219trilor fondurilor europene din UE, \u00een cadrul Consiliului Afaceri Generale al UE, a avut loc la 24 iunie 2025. Consiliul a aprobat, \u00een context, cu privire la Semestrul european, o not\u0103 orizontal\u0103 privind recomand\u0103rile integrate specifice fiec\u0103rei \u021b\u0103ri \u0219i a convenit s\u0103 o transmit\u0103 Consiliului European spre aprobare. De asemenea, \u00een cadrul dialogului anual privind statul de drept, Consiliul a desf\u0103\u0219urat o dezbatere pe \u021b\u0103ri, ax\u00e2ndu-se pe situa\u021bia statului de drept din Finlanda, noteaz\u0103 site-ul\u00a0<a href=\"https:\/\/www.consilium.europa.eu\/\" target=\"_blank\" rel=\"noopener\">https:\/\/www.consilium.europa.eu\/<\/a>.<\/p>\n<p>***<br \/>\nConsiliul Afaceri Generale (CAG) este una dintre cele 10 forma\u021biuni ale Consiliului UE, care preg\u0103te\u0219te reuniunile Consiliului European \u0219i urm\u0103re\u0219te rezultatele acestora, dar, \u00een acela\u0219i timp, este responsabil \u0219i de o serie de domenii de politic\u0103 trans-sectorial\u0103. Politicile trans-sectoriale, de care se ocup\u0103 CAG, reprezint\u0103 extinderea UE \u0219i negocierile de aderare, adoptarea cadrului financiar multianual (planul bugetar pe \u0219apte ani al UE), politica de coeziune, organizarea institu\u021bional\u0103 a UE. CAG se ocup\u0103, de asemenea, de orice alt dosar pe care i-l \u00eencredin\u021beaz\u0103 Consiliul European.<\/p>\n<p>Consiliul Afaceri Generale este alc\u0103tuit, \u00een principal, din mini\u0219trii afacerilor europene ai tuturor statelor membre ale UE. La reuniuni este reprezentat\u0103 \u0219i CE prin comisarul care r\u0103spunde de rela\u021biile interinstitu\u021bionale, \u00een func\u021bie de subiectul dezb\u0103tut. Consiliul UE exercit\u0103, \u00eempreun\u0103 cu PE, func\u021biile legislativ\u0103 \u0219i bugetar\u0103, fiind compus din c\u00e2te un reprezentant la nivel ministerial al fiec\u0103rui stat membru, potrivit art. 16 din Tratatul Uniunii Europene, consultat pe site-ul\u00a0<a href=\"https:\/\/eur-lex.europa.eu\/\" target=\"_blank\" rel=\"noopener\">https:\/\/eur-lex.europa.eu\/<\/a>. AGERPRES\/(Documentare &#8211; Ionela Gavril, editor: Irina Andreea Cristea, editor online: Ada V\u00eelceanu)<\/p>\n<p>https:\/\/agerpres.ro\/documentare\/2025\/07\/18\/consiliul-afaceri-generale-al-ue-din-18-iulie-2025-pe-agenda-bugetul-pentru-2028-2034&#8211;1469300<\/p>","protected":false},"excerpt":{"rendered":"<p>Consiliul Afaceri Generale al UE se reune\u0219te la 18 iulie 2025, la Bruxelles, urm\u00e2nd s\u0103 ia \u00een discu\u021bie bugetul UE pe termen lung pentru perioada 2028-2034 sau solicitarea Spaniei de a include limbile catalan\u0103, basc\u0103 \u0219i galician\u0103 \u00een regimul lingvistic al UE, informeaz\u0103 site-ul\u00a0https:\/\/www.consilium.europa.eu\/. Mini\u0219trii responsabili cu afacerile europene vor asista, astfel, la o prezentare&#8230;<\/p>","protected":false},"author":4,"featured_media":0,"comment_status":"open","ping_status":"open","sticky":false,"template":"","format":"standard","meta":{"footnotes":""},"categories":[1],"tags":[],"class_list":["post-2735","post","type-post","status-publish","format-standard","hentry","category-uncategorized"],"yoast_head":"<!-- This site is optimized with the Yoast SEO plugin v26.1.1 - https:\/\/yoast.com\/wordpress\/plugins\/seo\/ -->\n<title>Consiliul Afaceri Generale al UE din 18 iulie 2025: pe agend\u0103, bugetul pentru 2028-2034 - Carpathia Center Romania<\/title>\n<meta name=\"robots\" content=\"index, follow, max-snippet:-1, max-image-preview:large, max-video-preview:-1\" \/>\n<link rel=\"canonical\" href=\"https:\/\/carpathiacenter.ro\/en\/consiliul-afaceri-generale-al-ue-din-18-iulie-2025-pe-agenda-bugetul-pentru-2028-2034\/\" \/>\n<meta property=\"og:locale\" content=\"en_GB\" \/>\n<meta property=\"og:type\" content=\"article\" \/>\n<meta property=\"og:title\" content=\"Consiliul Afaceri Generale al UE din 18 iulie 2025: pe agend\u0103, bugetul pentru 2028-2034 - Carpathia Center Romania\" \/>\n<meta property=\"og:description\" content=\"Consiliul Afaceri Generale al UE se reune\u0219te la 18 iulie 2025, la Bruxelles, urm\u00e2nd s\u0103 ia \u00een discu\u021bie bugetul UE pe termen lung pentru perioada 2028-2034 sau solicitarea Spaniei de a include limbile catalan\u0103, basc\u0103 \u0219i galician\u0103 \u00een regimul lingvistic al UE, informeaz\u0103 site-ul\u00a0https:\/\/www.consilium.europa.eu\/. Mini\u0219trii responsabili cu afacerile europene vor asista, astfel, la o prezentare...\" \/>\n<meta property=\"og:url\" content=\"https:\/\/carpathiacenter.ro\/en\/consiliul-afaceri-generale-al-ue-din-18-iulie-2025-pe-agenda-bugetul-pentru-2028-2034\/\" \/>\n<meta property=\"og:site_name\" content=\"Carpathia Center Romania\" \/>\n<meta property=\"article:publisher\" content=\"https:\/\/www.facebook.com\/fdpscarpathia\/\" \/>\n<meta property=\"article:published_time\" content=\"2025-07-18T12:22:09+00:00\" \/>\n<meta property=\"article:modified_time\" content=\"2025-07-19T12:22:27+00:00\" \/>\n<meta name=\"author\" content=\"creativebitsolutions\" \/>\n<meta name=\"twitter:card\" content=\"summary_large_image\" \/>\n<meta name=\"twitter:label1\" content=\"Written by\" \/>\n\t<meta name=\"twitter:data1\" content=\"creativebitsolutions\" \/>\n\t<meta name=\"twitter:label2\" content=\"Estimated reading time\" \/>\n\t<meta name=\"twitter:data2\" content=\"4 minutes\" \/>\n<script type=\"application\/ld+json\" class=\"yoast-schema-graph\">{\"@context\":\"https:\/\/schema.org\",\"@graph\":[{\"@type\":\"Article\",\"@id\":\"https:\/\/carpathiacenter.ro\/consiliul-afaceri-generale-al-ue-din-18-iulie-2025-pe-agenda-bugetul-pentru-2028-2034\/#article\",\"isPartOf\":{\"@id\":\"https:\/\/carpathiacenter.ro\/consiliul-afaceri-generale-al-ue-din-18-iulie-2025-pe-agenda-bugetul-pentru-2028-2034\/\"},\"author\":{\"name\":\"creativebitsolutions\",\"@id\":\"https:\/\/carpathiacenter.ro\/#\/schema\/person\/03d9f58202fee8379268f34afa195006\"},\"headline\":\"Consiliul Afaceri Generale al UE din 18 iulie 2025: pe agend\u0103, bugetul pentru 2028-2034\",\"datePublished\":\"2025-07-18T12:22:09+00:00\",\"dateModified\":\"2025-07-19T12:22:27+00:00\",\"mainEntityOfPage\":{\"@id\":\"https:\/\/carpathiacenter.ro\/consiliul-afaceri-generale-al-ue-din-18-iulie-2025-pe-agenda-bugetul-pentru-2028-2034\/\"},\"wordCount\":825,\"commentCount\":0,\"publisher\":{\"@id\":\"https:\/\/carpathiacenter.ro\/#organization\"},\"articleSection\":[\"Uncategorized\"],\"inLanguage\":\"en-GB\",\"potentialAction\":[{\"@type\":\"CommentAction\",\"name\":\"Comment\",\"target\":[\"https:\/\/carpathiacenter.ro\/consiliul-afaceri-generale-al-ue-din-18-iulie-2025-pe-agenda-bugetul-pentru-2028-2034\/#respond\"]}]},{\"@type\":\"WebPage\",\"@id\":\"https:\/\/carpathiacenter.ro\/consiliul-afaceri-generale-al-ue-din-18-iulie-2025-pe-agenda-bugetul-pentru-2028-2034\/\",\"url\":\"https:\/\/carpathiacenter.ro\/consiliul-afaceri-generale-al-ue-din-18-iulie-2025-pe-agenda-bugetul-pentru-2028-2034\/\",\"name\":\"Consiliul Afaceri Generale al UE din 18 iulie 2025: pe agend\u0103, bugetul pentru 2028-2034 - Carpathia Center Romania\",\"isPartOf\":{\"@id\":\"https:\/\/carpathiacenter.ro\/#website\"},\"datePublished\":\"2025-07-18T12:22:09+00:00\",\"dateModified\":\"2025-07-19T12:22:27+00:00\",\"breadcrumb\":{\"@id\":\"https:\/\/carpathiacenter.ro\/consiliul-afaceri-generale-al-ue-din-18-iulie-2025-pe-agenda-bugetul-pentru-2028-2034\/#breadcrumb\"},\"inLanguage\":\"en-GB\",\"potentialAction\":[{\"@type\":\"ReadAction\",\"target\":[\"https:\/\/carpathiacenter.ro\/consiliul-afaceri-generale-al-ue-din-18-iulie-2025-pe-agenda-bugetul-pentru-2028-2034\/\"]}]},{\"@type\":\"BreadcrumbList\",\"@id\":\"https:\/\/carpathiacenter.ro\/consiliul-afaceri-generale-al-ue-din-18-iulie-2025-pe-agenda-bugetul-pentru-2028-2034\/#breadcrumb\",\"itemListElement\":[{\"@type\":\"ListItem\",\"position\":1,\"name\":\"Prima pagin\u0103\",\"item\":\"https:\/\/carpathiacenter.ro\/\"},{\"@type\":\"ListItem\",\"position\":2,\"name\":\"Consiliul Afaceri Generale al UE din 18 iulie 2025: pe agend\u0103, bugetul pentru 2028-2034\"}]},{\"@type\":\"WebSite\",\"@id\":\"https:\/\/carpathiacenter.ro\/#website\",\"url\":\"https:\/\/carpathiacenter.ro\/\",\"name\":\"Carpathia Center Romania\",\"description\":\"Impossible made possible!\",\"publisher\":{\"@id\":\"https:\/\/carpathiacenter.ro\/#organization\"},\"potentialAction\":[{\"@type\":\"SearchAction\",\"target\":{\"@type\":\"EntryPoint\",\"urlTemplate\":\"https:\/\/carpathiacenter.ro\/?s={search_term_string}\"},\"query-input\":{\"@type\":\"PropertyValueSpecification\",\"valueRequired\":true,\"valueName\":\"search_term_string\"}}],\"inLanguage\":\"en-GB\"},{\"@type\":\"Organization\",\"@id\":\"https:\/\/carpathiacenter.ro\/#organization\",\"name\":\"Carpathia Center Romania\",\"url\":\"https:\/\/carpathiacenter.ro\/\",\"logo\":{\"@type\":\"ImageObject\",\"inLanguage\":\"en-GB\",\"@id\":\"https:\/\/carpathiacenter.ro\/#\/schema\/logo\/image\/\",\"url\":\"https:\/\/carpathiacenter.ro\/wp-content\/uploads\/2024\/07\/logo-carpathia_bg_white-1024x941.png\",\"contentUrl\":\"https:\/\/carpathiacenter.ro\/wp-content\/uploads\/2024\/07\/logo-carpathia_bg_white-1024x941.png\",\"width\":1024,\"height\":941,\"caption\":\"Carpathia Center Romania\"},\"image\":{\"@id\":\"https:\/\/carpathiacenter.ro\/#\/schema\/logo\/image\/\"},\"sameAs\":[\"https:\/\/www.facebook.com\/fdpscarpathia\/\"]},{\"@type\":\"Person\",\"@id\":\"https:\/\/carpathiacenter.ro\/#\/schema\/person\/03d9f58202fee8379268f34afa195006\",\"name\":\"creativebitsolutions\",\"image\":{\"@type\":\"ImageObject\",\"inLanguage\":\"en-GB\",\"@id\":\"https:\/\/carpathiacenter.ro\/#\/schema\/person\/image\/\",\"url\":\"https:\/\/secure.gravatar.com\/avatar\/1b1a13e37f847c635dab78348f1dff2f07651ee2a3d77a5c355a4b8c75f9165a?s=96&d=mm&r=g\",\"contentUrl\":\"https:\/\/secure.gravatar.com\/avatar\/1b1a13e37f847c635dab78348f1dff2f07651ee2a3d77a5c355a4b8c75f9165a?s=96&d=mm&r=g\",\"caption\":\"creativebitsolutions\"},\"url\":\"https:\/\/carpathiacenter.ro\/en\/author\/creativebitsolutions\/\"}]}<\/script>\n<!-- \/ Yoast SEO plugin. -->","yoast_head_json":{"title":"Consiliul Afaceri Generale al UE din 18 iulie 2025: pe agend\u0103, bugetul pentru 2028-2034 - Carpathia Center Romania","robots":{"index":"index","follow":"follow","max-snippet":"max-snippet:-1","max-image-preview":"max-image-preview:large","max-video-preview":"max-video-preview:-1"},"canonical":"https:\/\/carpathiacenter.ro\/en\/consiliul-afaceri-generale-al-ue-din-18-iulie-2025-pe-agenda-bugetul-pentru-2028-2034\/","og_locale":"en_GB","og_type":"article","og_title":"Consiliul Afaceri Generale al UE din 18 iulie 2025: pe agend\u0103, bugetul pentru 2028-2034 - Carpathia Center Romania","og_description":"Consiliul Afaceri Generale al UE se reune\u0219te la 18 iulie 2025, la Bruxelles, urm\u00e2nd s\u0103 ia \u00een discu\u021bie bugetul UE pe termen lung pentru perioada 2028-2034 sau solicitarea Spaniei de a include limbile catalan\u0103, basc\u0103 \u0219i galician\u0103 \u00een regimul lingvistic al UE, informeaz\u0103 site-ul\u00a0https:\/\/www.consilium.europa.eu\/. Mini\u0219trii responsabili cu afacerile europene vor asista, astfel, la o prezentare...","og_url":"https:\/\/carpathiacenter.ro\/en\/consiliul-afaceri-generale-al-ue-din-18-iulie-2025-pe-agenda-bugetul-pentru-2028-2034\/","og_site_name":"Carpathia Center Romania","article_publisher":"https:\/\/www.facebook.com\/fdpscarpathia\/","article_published_time":"2025-07-18T12:22:09+00:00","article_modified_time":"2025-07-19T12:22:27+00:00","author":"creativebitsolutions","twitter_card":"summary_large_image","twitter_misc":{"Written by":"creativebitsolutions","Estimated reading time":"4 minutes"},"schema":{"@context":"https:\/\/schema.org","@graph":[{"@type":"Article","@id":"https:\/\/carpathiacenter.ro\/consiliul-afaceri-generale-al-ue-din-18-iulie-2025-pe-agenda-bugetul-pentru-2028-2034\/#article","isPartOf":{"@id":"https:\/\/carpathiacenter.ro\/consiliul-afaceri-generale-al-ue-din-18-iulie-2025-pe-agenda-bugetul-pentru-2028-2034\/"},"author":{"name":"creativebitsolutions","@id":"https:\/\/carpathiacenter.ro\/#\/schema\/person\/03d9f58202fee8379268f34afa195006"},"headline":"Consiliul Afaceri Generale al UE din 18 iulie 2025: pe agend\u0103, bugetul pentru 2028-2034","datePublished":"2025-07-18T12:22:09+00:00","dateModified":"2025-07-19T12:22:27+00:00","mainEntityOfPage":{"@id":"https:\/\/carpathiacenter.ro\/consiliul-afaceri-generale-al-ue-din-18-iulie-2025-pe-agenda-bugetul-pentru-2028-2034\/"},"wordCount":825,"commentCount":0,"publisher":{"@id":"https:\/\/carpathiacenter.ro\/#organization"},"articleSection":["Uncategorized"],"inLanguage":"en-GB","potentialAction":[{"@type":"CommentAction","name":"Comment","target":["https:\/\/carpathiacenter.ro\/consiliul-afaceri-generale-al-ue-din-18-iulie-2025-pe-agenda-bugetul-pentru-2028-2034\/#respond"]}]},{"@type":"WebPage","@id":"https:\/\/carpathiacenter.ro\/consiliul-afaceri-generale-al-ue-din-18-iulie-2025-pe-agenda-bugetul-pentru-2028-2034\/","url":"https:\/\/carpathiacenter.ro\/consiliul-afaceri-generale-al-ue-din-18-iulie-2025-pe-agenda-bugetul-pentru-2028-2034\/","name":"Consiliul Afaceri Generale al UE din 18 iulie 2025: pe agend\u0103, bugetul pentru 2028-2034 - Carpathia Center Romania","isPartOf":{"@id":"https:\/\/carpathiacenter.ro\/#website"},"datePublished":"2025-07-18T12:22:09+00:00","dateModified":"2025-07-19T12:22:27+00:00","breadcrumb":{"@id":"https:\/\/carpathiacenter.ro\/consiliul-afaceri-generale-al-ue-din-18-iulie-2025-pe-agenda-bugetul-pentru-2028-2034\/#breadcrumb"},"inLanguage":"en-GB","potentialAction":[{"@type":"ReadAction","target":["https:\/\/carpathiacenter.ro\/consiliul-afaceri-generale-al-ue-din-18-iulie-2025-pe-agenda-bugetul-pentru-2028-2034\/"]}]},{"@type":"BreadcrumbList","@id":"https:\/\/carpathiacenter.ro\/consiliul-afaceri-generale-al-ue-din-18-iulie-2025-pe-agenda-bugetul-pentru-2028-2034\/#breadcrumb","itemListElement":[{"@type":"ListItem","position":1,"name":"Prima pagin\u0103","item":"https:\/\/carpathiacenter.ro\/"},{"@type":"ListItem","position":2,"name":"Consiliul Afaceri Generale al UE din 18 iulie 2025: pe agend\u0103, bugetul pentru 2028-2034"}]},{"@type":"WebSite","@id":"https:\/\/carpathiacenter.ro\/#website","url":"https:\/\/carpathiacenter.ro\/","name":"Carpathia Center Romania","description":"Impossible made possible!","publisher":{"@id":"https:\/\/carpathiacenter.ro\/#organization"},"potentialAction":[{"@type":"SearchAction","target":{"@type":"EntryPoint","urlTemplate":"https:\/\/carpathiacenter.ro\/?s={search_term_string}"},"query-input":{"@type":"PropertyValueSpecification","valueRequired":true,"valueName":"search_term_string"}}],"inLanguage":"en-GB"},{"@type":"Organization","@id":"https:\/\/carpathiacenter.ro\/#organization","name":"Carpathia Center Romania","url":"https:\/\/carpathiacenter.ro\/","logo":{"@type":"ImageObject","inLanguage":"en-GB","@id":"https:\/\/carpathiacenter.ro\/#\/schema\/logo\/image\/","url":"https:\/\/carpathiacenter.ro\/wp-content\/uploads\/2024\/07\/logo-carpathia_bg_white-1024x941.png","contentUrl":"https:\/\/carpathiacenter.ro\/wp-content\/uploads\/2024\/07\/logo-carpathia_bg_white-1024x941.png","width":1024,"height":941,"caption":"Carpathia Center Romania"},"image":{"@id":"https:\/\/carpathiacenter.ro\/#\/schema\/logo\/image\/"},"sameAs":["https:\/\/www.facebook.com\/fdpscarpathia\/"]},{"@type":"Person","@id":"https:\/\/carpathiacenter.ro\/#\/schema\/person\/03d9f58202fee8379268f34afa195006","name":"creativebitsolutions","image":{"@type":"ImageObject","inLanguage":"en-GB","@id":"https:\/\/carpathiacenter.ro\/#\/schema\/person\/image\/","url":"https:\/\/secure.gravatar.com\/avatar\/1b1a13e37f847c635dab78348f1dff2f07651ee2a3d77a5c355a4b8c75f9165a?s=96&d=mm&r=g","contentUrl":"https:\/\/secure.gravatar.com\/avatar\/1b1a13e37f847c635dab78348f1dff2f07651ee2a3d77a5c355a4b8c75f9165a?s=96&d=mm&r=g","caption":"creativebitsolutions"},"url":"https:\/\/carpathiacenter.ro\/en\/author\/creativebitsolutions\/"}]}},"_links":{"self":[{"href":"https:\/\/carpathiacenter.ro\/en\/wp-json\/wp\/v2\/posts\/2735","targetHints":{"allow":["GET"]}}],"collection":[{"href":"https:\/\/carpathiacenter.ro\/en\/wp-json\/wp\/v2\/posts"}],"about":[{"href":"https:\/\/carpathiacenter.ro\/en\/wp-json\/wp\/v2\/types\/post"}],"author":[{"embeddable":true,"href":"https:\/\/carpathiacenter.ro\/en\/wp-json\/wp\/v2\/users\/4"}],"replies":[{"embeddable":true,"href":"https:\/\/carpathiacenter.ro\/en\/wp-json\/wp\/v2\/comments?post=2735"}],"version-history":[{"count":1,"href":"https:\/\/carpathiacenter.ro\/en\/wp-json\/wp\/v2\/posts\/2735\/revisions"}],"predecessor-version":[{"id":2738,"href":"https:\/\/carpathiacenter.ro\/en\/wp-json\/wp\/v2\/posts\/2735\/revisions\/2738"}],"wp:attachment":[{"href":"https:\/\/carpathiacenter.ro\/en\/wp-json\/wp\/v2\/media?parent=2735"}],"wp:term":[{"taxonomy":"category","embeddable":true,"href":"https:\/\/carpathiacenter.ro\/en\/wp-json\/wp\/v2\/categories?post=2735"},{"taxonomy":"post_tag","embeddable":true,"href":"https:\/\/carpathiacenter.ro\/en\/wp-json\/wp\/v2\/tags?post=2735"}],"curies":[{"name":"wp","href":"https:\/\/api.w.org\/{rel}","templated":true}]}}