{"id":2730,"date":"2025-07-17T07:40:08","date_gmt":"2025-07-17T07:40:08","guid":{"rendered":"https:\/\/carpathiacenter.ro\/?p=2730"},"modified":"2025-07-17T07:40:08","modified_gmt":"2025-07-17T07:40:08","slug":"ministrul-dezvoltarii-consolidarea-seismica-trebuie-sa-fie-o-prioritate-pentru-bucuresti","status":"publish","type":"post","link":"https:\/\/carpathiacenter.ro\/en\/ministrul-dezvoltarii-consolidarea-seismica-trebuie-sa-fie-o-prioritate-pentru-bucuresti\/","title":{"rendered":"Ministrul Dezvolt\u0103rii: Consolidarea seismic\u0103 trebuie s\u0103 fie o prioritate pentru Bucure\u0219ti"},"content":{"rendered":"<p>Consolidarea seismic\u0103 a cl\u0103dirilor din Capital\u0103 trebuie s\u0103 fie cea mai mare prioritate \u00een dezvoltare pentru Bucure\u0219ti, a afirmat ministrul Dezvolt\u0103rii, Cseke Attila.<\/p>\n<p>&#8216;Consolidarea seismic\u0103 a cl\u0103dirilor din Capital\u0103 trebuie s\u0103 fie cea mai mare prioritate \u00een dezvoltare pentru Bucure\u0219ti. Ministerul Dezvolt\u0103rii are buget record \u00een acest an, chiar \u0219i \u00een climatul economic actual, \u00een valoare de 7,6 miliarde de lei pentru aceste investi\u021bii, dar sunt pu\u021bine consolid\u0103ri de cl\u0103diri cu risc seismic \u00een derulare, de\u0219i finan\u021barea este de 100% \u0219i procesul a fost mult simplificat&#8217;, a declarat ministrul Dezvolt\u0103rii, Cseke Attila, la o \u00eent\u00e2lnire cu Prefectura Bucure\u0219tiului, Prim\u0103ria General\u0103 a Capitalei, prim\u0103riile de sector \u0219i serviciile publice avizatoare din sectoare.<\/p>\n<p>Ministrul a ad\u0103ugat c\u0103 fondurile trebuie folosite \u00een scopul siguran\u021bei seismice a cet\u0103\u021benilor, dar p\u00e2n\u0103 acum au putut fi aprobate, prin Ordin de ministru, doar 34 de obiective pentru finan\u021bare, pe cele trei programe de finan\u021bare ale ministerului din bugetul de stat, pentru \u0219coli sigure, spitale sigure, cl\u0103diri publice \u0219i blocuri de locuin\u021be, din care doar \u0219apte au fost \u0219i contractate. Cele \u0219apte proiecte au o valoare total\u0103 de 448,2 milioane de lei, iar poten\u021bialul de finan\u021bare nu este astfel utilizat la maximum.<\/p>\n<p>Totodat\u0103, din fonduri europene, prin PNRR, ministerul a semnat contracte de finan\u021bare pentru 44 de cl\u0103diri, dar au fost f\u0103cute pl\u0103\u021bi \u00een valoare de numai 90 de milioane de lei pentru aceste investi\u021bii, absorb\u021bia fiind de 15%, a precizat un comunicat de pres\u0103 al MDLPA.<\/p>\n<p>Autorit\u0103\u021bile locale trebuie s\u0103 trateze aceste lucr\u0103ri cu prioritate \u0219i s\u0103 aduc\u0103 documenta\u021bia necesar\u0103 astfel \u00eenc\u00e2t proiectele s\u0103 fie aprobate pentru finan\u021bare \u0219i, ulterior, pentru a putea fi contractate spre execu\u021bie, altfel riscul este ca bugetul pentru aceste lucr\u0103ri s\u0103 fie redus, spune ministrul Cseke Attila.<\/p>\n<p>Ministrul Dezvolt\u0103rii a ad\u0103ugat c\u0103, \u00een vederea aviz\u0103rii rapide a documenta\u021biei pentru ca aceste investi\u021bii s\u0103 fie trecute de la aprobarea finan\u021b\u0103rii la contractare, ministerul a creat un proces simplificat de avizare, prin OUG 31\/2025.<\/p>\n<p>Au fost astfel eliminate aviz\u0103rile \u00een cascad\u0103, au fost stabilite termene limit\u0103 clare, care, dac\u0103 se dep\u0103\u0219esc, se consider\u0103 a fi avizare tacit\u0103. Autorit\u0103\u021bile publice \u0219i entit\u0103\u021bile private avizatoare pot cere o singur\u0103 dat\u0103 clarific\u0103ri sau complet\u0103ri la documenta\u021bie, iar ministerul a introdus interdic\u021bia ferm\u0103 de a se percepe orice fel de taxe pentru aceste avize. Totodat\u0103, avizele necesare pentru studiul de fezabilitate \u0219i documenta\u021bia de avizare a lucr\u0103rilor de interven\u021bii se men\u021bin \u00een vigoare p\u00e2n\u0103 la recep\u021bia final\u0103 a lucr\u0103rilor, potrivit sursei citate.<\/p>\n<p>&#8216;Am simplificat procedurile de avizare pentru a cre\u0219te ritmul implement\u0103rii lucr\u0103rilor de consolidare seismic\u0103 \u0219i, \u00een general, la toate investi\u021biile publice \u0219i private. Lansez un apel ferm c\u0103tre Prefectura Bucure\u0219tiului, c\u0103tre Prim\u0103ria General\u0103, prim\u0103riile de sector \u0219i institu\u021biile avizatoare s\u0103 respecte cu stricte\u021be prevederile legale \u0219i s\u0103 fac\u0103 tot posibilul pentru a ajuta lucr\u0103rile de consolidare seismic\u0103. Nu este nicio zi de pierdut atunci c\u00e2nd vine vorba de vie\u021bile oamenilor \u0219i siguran\u021ba lor&#8217;, a transmis Cseke Attila. AGERPRES\/(AS-redactor: C\u0103t\u0103lina Matei, editor: Mihai Simionescu, editor online: Anda Badea)<br \/>\n<br \/>\nSursa articolului:<a href=\"https:\/\/agerpres.ro\/administratie\/2025\/07\/16\/ministrul-dezvoltarii-consolidarea-seismica-trebuie-sa-fie-o-prioritate-pentru-bucuresti--1468973\" target=\"_blank\" rel=\"noopener\" title=\"\">https:\/\/agerpres.ro\/administratie\/2025\/07\/16\/ministrul-dezvoltarii-consolidarea-seismica-trebuie-sa-fie-o-prioritate-pentru-bucuresti&#8211;1468973<\/a><\/p>","protected":false},"excerpt":{"rendered":"<p>Consolidarea seismic\u0103 a cl\u0103dirilor din Capital\u0103 trebuie s\u0103 fie cea mai mare prioritate \u00een dezvoltare pentru Bucure\u0219ti, a afirmat ministrul Dezvolt\u0103rii, Cseke Attila. &#8216;Consolidarea seismic\u0103 a cl\u0103dirilor din Capital\u0103 trebuie s\u0103 fie cea mai mare prioritate \u00een dezvoltare pentru Bucure\u0219ti. Ministerul Dezvolt\u0103rii are buget record \u00een acest an, chiar \u0219i \u00een climatul economic actual, \u00een&#8230;<\/p>","protected":false},"author":4,"featured_media":2731,"comment_status":"open","ping_status":"open","sticky":false,"template":"","format":"standard","meta":{"footnotes":""},"categories":[1],"tags":[],"class_list":["post-2730","post","type-post","status-publish","format-standard","has-post-thumbnail","hentry","category-uncategorized"],"yoast_head":"<!-- This site is optimized with the Yoast SEO plugin v26.1.1 - https:\/\/yoast.com\/wordpress\/plugins\/seo\/ -->\n<title>Ministrul Dezvolt\u0103rii: Consolidarea seismic\u0103 trebuie s\u0103 fie o prioritate pentru Bucure\u0219ti - Carpathia Center Romania<\/title>\n<meta name=\"robots\" content=\"index, follow, max-snippet:-1, max-image-preview:large, max-video-preview:-1\" \/>\n<link rel=\"canonical\" href=\"https:\/\/carpathiacenter.ro\/en\/ministrul-dezvoltarii-consolidarea-seismica-trebuie-sa-fie-o-prioritate-pentru-bucuresti\/\" \/>\n<meta property=\"og:locale\" content=\"en_GB\" \/>\n<meta property=\"og:type\" content=\"article\" \/>\n<meta property=\"og:title\" content=\"Ministrul Dezvolt\u0103rii: Consolidarea seismic\u0103 trebuie s\u0103 fie o prioritate pentru Bucure\u0219ti - Carpathia Center Romania\" \/>\n<meta property=\"og:description\" content=\"Consolidarea seismic\u0103 a cl\u0103dirilor din Capital\u0103 trebuie s\u0103 fie cea mai mare prioritate \u00een dezvoltare pentru Bucure\u0219ti, a afirmat ministrul Dezvolt\u0103rii, Cseke Attila. &#8216;Consolidarea seismic\u0103 a cl\u0103dirilor din Capital\u0103 trebuie s\u0103 fie cea mai mare prioritate \u00een dezvoltare pentru Bucure\u0219ti. Ministerul Dezvolt\u0103rii are buget record \u00een acest an, chiar \u0219i \u00een climatul economic actual, \u00een...\" \/>\n<meta property=\"og:url\" content=\"https:\/\/carpathiacenter.ro\/en\/ministrul-dezvoltarii-consolidarea-seismica-trebuie-sa-fie-o-prioritate-pentru-bucuresti\/\" \/>\n<meta property=\"og:site_name\" content=\"Carpathia Center Romania\" \/>\n<meta property=\"article:publisher\" content=\"https:\/\/www.facebook.com\/fdpscarpathia\/\" \/>\n<meta property=\"article:published_time\" content=\"2025-07-17T07:40:08+00:00\" \/>\n<meta property=\"og:image\" content=\"https:\/\/carpathiacenter.ro\/wp-content\/uploads\/2025\/07\/cseke-attila-1024x576.jpg\" \/>\n\t<meta property=\"og:image:width\" content=\"1024\" \/>\n\t<meta property=\"og:image:height\" content=\"576\" \/>\n\t<meta property=\"og:image:type\" content=\"image\/jpeg\" \/>\n<meta name=\"author\" content=\"creativebitsolutions\" \/>\n<meta name=\"twitter:card\" content=\"summary_large_image\" \/>\n<meta name=\"twitter:label1\" content=\"Written by\" \/>\n\t<meta name=\"twitter:data1\" content=\"creativebitsolutions\" \/>\n\t<meta name=\"twitter:label2\" content=\"Estimated reading time\" \/>\n\t<meta name=\"twitter:data2\" content=\"3 minutes\" \/>\n<script type=\"application\/ld+json\" class=\"yoast-schema-graph\">{\"@context\":\"https:\/\/schema.org\",\"@graph\":[{\"@type\":\"Article\",\"@id\":\"https:\/\/carpathiacenter.ro\/ministrul-dezvoltarii-consolidarea-seismica-trebuie-sa-fie-o-prioritate-pentru-bucuresti\/#article\",\"isPartOf\":{\"@id\":\"https:\/\/carpathiacenter.ro\/ministrul-dezvoltarii-consolidarea-seismica-trebuie-sa-fie-o-prioritate-pentru-bucuresti\/\"},\"author\":{\"name\":\"creativebitsolutions\",\"@id\":\"https:\/\/carpathiacenter.ro\/#\/schema\/person\/03d9f58202fee8379268f34afa195006\"},\"headline\":\"Ministrul Dezvolt\u0103rii: Consolidarea seismic\u0103 trebuie s\u0103 fie o prioritate pentru Bucure\u0219ti\",\"datePublished\":\"2025-07-17T07:40:08+00:00\",\"mainEntityOfPage\":{\"@id\":\"https:\/\/carpathiacenter.ro\/ministrul-dezvoltarii-consolidarea-seismica-trebuie-sa-fie-o-prioritate-pentru-bucuresti\/\"},\"wordCount\":582,\"commentCount\":0,\"publisher\":{\"@id\":\"https:\/\/carpathiacenter.ro\/#organization\"},\"image\":{\"@id\":\"https:\/\/carpathiacenter.ro\/ministrul-dezvoltarii-consolidarea-seismica-trebuie-sa-fie-o-prioritate-pentru-bucuresti\/#primaryimage\"},\"thumbnailUrl\":\"https:\/\/carpathiacenter.ro\/wp-content\/uploads\/2025\/07\/cseke-attila.jpg\",\"articleSection\":[\"Uncategorized\"],\"inLanguage\":\"en-GB\",\"potentialAction\":[{\"@type\":\"CommentAction\",\"name\":\"Comment\",\"target\":[\"https:\/\/carpathiacenter.ro\/ministrul-dezvoltarii-consolidarea-seismica-trebuie-sa-fie-o-prioritate-pentru-bucuresti\/#respond\"]}]},{\"@type\":\"WebPage\",\"@id\":\"https:\/\/carpathiacenter.ro\/ministrul-dezvoltarii-consolidarea-seismica-trebuie-sa-fie-o-prioritate-pentru-bucuresti\/\",\"url\":\"https:\/\/carpathiacenter.ro\/ministrul-dezvoltarii-consolidarea-seismica-trebuie-sa-fie-o-prioritate-pentru-bucuresti\/\",\"name\":\"Ministrul Dezvolt\u0103rii: Consolidarea seismic\u0103 trebuie s\u0103 fie o prioritate pentru Bucure\u0219ti - Carpathia Center Romania\",\"isPartOf\":{\"@id\":\"https:\/\/carpathiacenter.ro\/#website\"},\"primaryImageOfPage\":{\"@id\":\"https:\/\/carpathiacenter.ro\/ministrul-dezvoltarii-consolidarea-seismica-trebuie-sa-fie-o-prioritate-pentru-bucuresti\/#primaryimage\"},\"image\":{\"@id\":\"https:\/\/carpathiacenter.ro\/ministrul-dezvoltarii-consolidarea-seismica-trebuie-sa-fie-o-prioritate-pentru-bucuresti\/#primaryimage\"},\"thumbnailUrl\":\"https:\/\/carpathiacenter.ro\/wp-content\/uploads\/2025\/07\/cseke-attila.jpg\",\"datePublished\":\"2025-07-17T07:40:08+00:00\",\"breadcrumb\":{\"@id\":\"https:\/\/carpathiacenter.ro\/ministrul-dezvoltarii-consolidarea-seismica-trebuie-sa-fie-o-prioritate-pentru-bucuresti\/#breadcrumb\"},\"inLanguage\":\"en-GB\",\"potentialAction\":[{\"@type\":\"ReadAction\",\"target\":[\"https:\/\/carpathiacenter.ro\/ministrul-dezvoltarii-consolidarea-seismica-trebuie-sa-fie-o-prioritate-pentru-bucuresti\/\"]}]},{\"@type\":\"ImageObject\",\"inLanguage\":\"en-GB\",\"@id\":\"https:\/\/carpathiacenter.ro\/ministrul-dezvoltarii-consolidarea-seismica-trebuie-sa-fie-o-prioritate-pentru-bucuresti\/#primaryimage\",\"url\":\"https:\/\/carpathiacenter.ro\/wp-content\/uploads\/2025\/07\/cseke-attila.jpg\",\"contentUrl\":\"https:\/\/carpathiacenter.ro\/wp-content\/uploads\/2025\/07\/cseke-attila.jpg\",\"width\":1920,\"height\":1080},{\"@type\":\"BreadcrumbList\",\"@id\":\"https:\/\/carpathiacenter.ro\/ministrul-dezvoltarii-consolidarea-seismica-trebuie-sa-fie-o-prioritate-pentru-bucuresti\/#breadcrumb\",\"itemListElement\":[{\"@type\":\"ListItem\",\"position\":1,\"name\":\"Prima pagin\u0103\",\"item\":\"https:\/\/carpathiacenter.ro\/\"},{\"@type\":\"ListItem\",\"position\":2,\"name\":\"Ministrul Dezvolt\u0103rii: Consolidarea seismic\u0103 trebuie s\u0103 fie o prioritate pentru Bucure\u0219ti\"}]},{\"@type\":\"WebSite\",\"@id\":\"https:\/\/carpathiacenter.ro\/#website\",\"url\":\"https:\/\/carpathiacenter.ro\/\",\"name\":\"Carpathia Center Romania\",\"description\":\"Impossible made possible!\",\"publisher\":{\"@id\":\"https:\/\/carpathiacenter.ro\/#organization\"},\"potentialAction\":[{\"@type\":\"SearchAction\",\"target\":{\"@type\":\"EntryPoint\",\"urlTemplate\":\"https:\/\/carpathiacenter.ro\/?s={search_term_string}\"},\"query-input\":{\"@type\":\"PropertyValueSpecification\",\"valueRequired\":true,\"valueName\":\"search_term_string\"}}],\"inLanguage\":\"en-GB\"},{\"@type\":\"Organization\",\"@id\":\"https:\/\/carpathiacenter.ro\/#organization\",\"name\":\"Carpathia Center Romania\",\"url\":\"https:\/\/carpathiacenter.ro\/\",\"logo\":{\"@type\":\"ImageObject\",\"inLanguage\":\"en-GB\",\"@id\":\"https:\/\/carpathiacenter.ro\/#\/schema\/logo\/image\/\",\"url\":\"https:\/\/carpathiacenter.ro\/wp-content\/uploads\/2024\/07\/logo-carpathia_bg_white-1024x941.png\",\"contentUrl\":\"https:\/\/carpathiacenter.ro\/wp-content\/uploads\/2024\/07\/logo-carpathia_bg_white-1024x941.png\",\"width\":1024,\"height\":941,\"caption\":\"Carpathia Center Romania\"},\"image\":{\"@id\":\"https:\/\/carpathiacenter.ro\/#\/schema\/logo\/image\/\"},\"sameAs\":[\"https:\/\/www.facebook.com\/fdpscarpathia\/\"]},{\"@type\":\"Person\",\"@id\":\"https:\/\/carpathiacenter.ro\/#\/schema\/person\/03d9f58202fee8379268f34afa195006\",\"name\":\"creativebitsolutions\",\"image\":{\"@type\":\"ImageObject\",\"inLanguage\":\"en-GB\",\"@id\":\"https:\/\/carpathiacenter.ro\/#\/schema\/person\/image\/\",\"url\":\"https:\/\/secure.gravatar.com\/avatar\/1b1a13e37f847c635dab78348f1dff2f07651ee2a3d77a5c355a4b8c75f9165a?s=96&d=mm&r=g\",\"contentUrl\":\"https:\/\/secure.gravatar.com\/avatar\/1b1a13e37f847c635dab78348f1dff2f07651ee2a3d77a5c355a4b8c75f9165a?s=96&d=mm&r=g\",\"caption\":\"creativebitsolutions\"},\"url\":\"https:\/\/carpathiacenter.ro\/en\/author\/creativebitsolutions\/\"}]}<\/script>\n<!-- \/ Yoast SEO plugin. -->","yoast_head_json":{"title":"Ministrul Dezvolt\u0103rii: Consolidarea seismic\u0103 trebuie s\u0103 fie o prioritate pentru Bucure\u0219ti - Carpathia Center Romania","robots":{"index":"index","follow":"follow","max-snippet":"max-snippet:-1","max-image-preview":"max-image-preview:large","max-video-preview":"max-video-preview:-1"},"canonical":"https:\/\/carpathiacenter.ro\/en\/ministrul-dezvoltarii-consolidarea-seismica-trebuie-sa-fie-o-prioritate-pentru-bucuresti\/","og_locale":"en_GB","og_type":"article","og_title":"Ministrul Dezvolt\u0103rii: Consolidarea seismic\u0103 trebuie s\u0103 fie o prioritate pentru Bucure\u0219ti - Carpathia Center Romania","og_description":"Consolidarea seismic\u0103 a cl\u0103dirilor din Capital\u0103 trebuie s\u0103 fie cea mai mare prioritate \u00een dezvoltare pentru Bucure\u0219ti, a afirmat ministrul Dezvolt\u0103rii, Cseke Attila. &#8216;Consolidarea seismic\u0103 a cl\u0103dirilor din Capital\u0103 trebuie s\u0103 fie cea mai mare prioritate \u00een dezvoltare pentru Bucure\u0219ti. Ministerul Dezvolt\u0103rii are buget record \u00een acest an, chiar \u0219i \u00een climatul economic actual, \u00een...","og_url":"https:\/\/carpathiacenter.ro\/en\/ministrul-dezvoltarii-consolidarea-seismica-trebuie-sa-fie-o-prioritate-pentru-bucuresti\/","og_site_name":"Carpathia Center Romania","article_publisher":"https:\/\/www.facebook.com\/fdpscarpathia\/","article_published_time":"2025-07-17T07:40:08+00:00","og_image":[{"width":1024,"height":576,"url":"https:\/\/carpathiacenter.ro\/wp-content\/uploads\/2025\/07\/cseke-attila-1024x576.jpg","type":"image\/jpeg"}],"author":"creativebitsolutions","twitter_card":"summary_large_image","twitter_misc":{"Written by":"creativebitsolutions","Estimated reading time":"3 minutes"},"schema":{"@context":"https:\/\/schema.org","@graph":[{"@type":"Article","@id":"https:\/\/carpathiacenter.ro\/ministrul-dezvoltarii-consolidarea-seismica-trebuie-sa-fie-o-prioritate-pentru-bucuresti\/#article","isPartOf":{"@id":"https:\/\/carpathiacenter.ro\/ministrul-dezvoltarii-consolidarea-seismica-trebuie-sa-fie-o-prioritate-pentru-bucuresti\/"},"author":{"name":"creativebitsolutions","@id":"https:\/\/carpathiacenter.ro\/#\/schema\/person\/03d9f58202fee8379268f34afa195006"},"headline":"Ministrul Dezvolt\u0103rii: Consolidarea seismic\u0103 trebuie s\u0103 fie o prioritate pentru Bucure\u0219ti","datePublished":"2025-07-17T07:40:08+00:00","mainEntityOfPage":{"@id":"https:\/\/carpathiacenter.ro\/ministrul-dezvoltarii-consolidarea-seismica-trebuie-sa-fie-o-prioritate-pentru-bucuresti\/"},"wordCount":582,"commentCount":0,"publisher":{"@id":"https:\/\/carpathiacenter.ro\/#organization"},"image":{"@id":"https:\/\/carpathiacenter.ro\/ministrul-dezvoltarii-consolidarea-seismica-trebuie-sa-fie-o-prioritate-pentru-bucuresti\/#primaryimage"},"thumbnailUrl":"https:\/\/carpathiacenter.ro\/wp-content\/uploads\/2025\/07\/cseke-attila.jpg","articleSection":["Uncategorized"],"inLanguage":"en-GB","potentialAction":[{"@type":"CommentAction","name":"Comment","target":["https:\/\/carpathiacenter.ro\/ministrul-dezvoltarii-consolidarea-seismica-trebuie-sa-fie-o-prioritate-pentru-bucuresti\/#respond"]}]},{"@type":"WebPage","@id":"https:\/\/carpathiacenter.ro\/ministrul-dezvoltarii-consolidarea-seismica-trebuie-sa-fie-o-prioritate-pentru-bucuresti\/","url":"https:\/\/carpathiacenter.ro\/ministrul-dezvoltarii-consolidarea-seismica-trebuie-sa-fie-o-prioritate-pentru-bucuresti\/","name":"Ministrul Dezvolt\u0103rii: Consolidarea seismic\u0103 trebuie s\u0103 fie o prioritate pentru Bucure\u0219ti - Carpathia Center Romania","isPartOf":{"@id":"https:\/\/carpathiacenter.ro\/#website"},"primaryImageOfPage":{"@id":"https:\/\/carpathiacenter.ro\/ministrul-dezvoltarii-consolidarea-seismica-trebuie-sa-fie-o-prioritate-pentru-bucuresti\/#primaryimage"},"image":{"@id":"https:\/\/carpathiacenter.ro\/ministrul-dezvoltarii-consolidarea-seismica-trebuie-sa-fie-o-prioritate-pentru-bucuresti\/#primaryimage"},"thumbnailUrl":"https:\/\/carpathiacenter.ro\/wp-content\/uploads\/2025\/07\/cseke-attila.jpg","datePublished":"2025-07-17T07:40:08+00:00","breadcrumb":{"@id":"https:\/\/carpathiacenter.ro\/ministrul-dezvoltarii-consolidarea-seismica-trebuie-sa-fie-o-prioritate-pentru-bucuresti\/#breadcrumb"},"inLanguage":"en-GB","potentialAction":[{"@type":"ReadAction","target":["https:\/\/carpathiacenter.ro\/ministrul-dezvoltarii-consolidarea-seismica-trebuie-sa-fie-o-prioritate-pentru-bucuresti\/"]}]},{"@type":"ImageObject","inLanguage":"en-GB","@id":"https:\/\/carpathiacenter.ro\/ministrul-dezvoltarii-consolidarea-seismica-trebuie-sa-fie-o-prioritate-pentru-bucuresti\/#primaryimage","url":"https:\/\/carpathiacenter.ro\/wp-content\/uploads\/2025\/07\/cseke-attila.jpg","contentUrl":"https:\/\/carpathiacenter.ro\/wp-content\/uploads\/2025\/07\/cseke-attila.jpg","width":1920,"height":1080},{"@type":"BreadcrumbList","@id":"https:\/\/carpathiacenter.ro\/ministrul-dezvoltarii-consolidarea-seismica-trebuie-sa-fie-o-prioritate-pentru-bucuresti\/#breadcrumb","itemListElement":[{"@type":"ListItem","position":1,"name":"Prima pagin\u0103","item":"https:\/\/carpathiacenter.ro\/"},{"@type":"ListItem","position":2,"name":"Ministrul Dezvolt\u0103rii: Consolidarea seismic\u0103 trebuie s\u0103 fie o prioritate pentru Bucure\u0219ti"}]},{"@type":"WebSite","@id":"https:\/\/carpathiacenter.ro\/#website","url":"https:\/\/carpathiacenter.ro\/","name":"Carpathia Center Romania","description":"Impossible made possible!","publisher":{"@id":"https:\/\/carpathiacenter.ro\/#organization"},"potentialAction":[{"@type":"SearchAction","target":{"@type":"EntryPoint","urlTemplate":"https:\/\/carpathiacenter.ro\/?s={search_term_string}"},"query-input":{"@type":"PropertyValueSpecification","valueRequired":true,"valueName":"search_term_string"}}],"inLanguage":"en-GB"},{"@type":"Organization","@id":"https:\/\/carpathiacenter.ro\/#organization","name":"Carpathia Center Romania","url":"https:\/\/carpathiacenter.ro\/","logo":{"@type":"ImageObject","inLanguage":"en-GB","@id":"https:\/\/carpathiacenter.ro\/#\/schema\/logo\/image\/","url":"https:\/\/carpathiacenter.ro\/wp-content\/uploads\/2024\/07\/logo-carpathia_bg_white-1024x941.png","contentUrl":"https:\/\/carpathiacenter.ro\/wp-content\/uploads\/2024\/07\/logo-carpathia_bg_white-1024x941.png","width":1024,"height":941,"caption":"Carpathia Center Romania"},"image":{"@id":"https:\/\/carpathiacenter.ro\/#\/schema\/logo\/image\/"},"sameAs":["https:\/\/www.facebook.com\/fdpscarpathia\/"]},{"@type":"Person","@id":"https:\/\/carpathiacenter.ro\/#\/schema\/person\/03d9f58202fee8379268f34afa195006","name":"creativebitsolutions","image":{"@type":"ImageObject","inLanguage":"en-GB","@id":"https:\/\/carpathiacenter.ro\/#\/schema\/person\/image\/","url":"https:\/\/secure.gravatar.com\/avatar\/1b1a13e37f847c635dab78348f1dff2f07651ee2a3d77a5c355a4b8c75f9165a?s=96&d=mm&r=g","contentUrl":"https:\/\/secure.gravatar.com\/avatar\/1b1a13e37f847c635dab78348f1dff2f07651ee2a3d77a5c355a4b8c75f9165a?s=96&d=mm&r=g","caption":"creativebitsolutions"},"url":"https:\/\/carpathiacenter.ro\/en\/author\/creativebitsolutions\/"}]}},"_links":{"self":[{"href":"https:\/\/carpathiacenter.ro\/en\/wp-json\/wp\/v2\/posts\/2730","targetHints":{"allow":["GET"]}}],"collection":[{"href":"https:\/\/carpathiacenter.ro\/en\/wp-json\/wp\/v2\/posts"}],"about":[{"href":"https:\/\/carpathiacenter.ro\/en\/wp-json\/wp\/v2\/types\/post"}],"author":[{"embeddable":true,"href":"https:\/\/carpathiacenter.ro\/en\/wp-json\/wp\/v2\/users\/4"}],"replies":[{"embeddable":true,"href":"https:\/\/carpathiacenter.ro\/en\/wp-json\/wp\/v2\/comments?post=2730"}],"version-history":[{"count":1,"href":"https:\/\/carpathiacenter.ro\/en\/wp-json\/wp\/v2\/posts\/2730\/revisions"}],"predecessor-version":[{"id":2732,"href":"https:\/\/carpathiacenter.ro\/en\/wp-json\/wp\/v2\/posts\/2730\/revisions\/2732"}],"wp:featuredmedia":[{"embeddable":true,"href":"https:\/\/carpathiacenter.ro\/en\/wp-json\/wp\/v2\/media\/2731"}],"wp:attachment":[{"href":"https:\/\/carpathiacenter.ro\/en\/wp-json\/wp\/v2\/media?parent=2730"}],"wp:term":[{"taxonomy":"category","embeddable":true,"href":"https:\/\/carpathiacenter.ro\/en\/wp-json\/wp\/v2\/categories?post=2730"},{"taxonomy":"post_tag","embeddable":true,"href":"https:\/\/carpathiacenter.ro\/en\/wp-json\/wp\/v2\/tags?post=2730"}],"curies":[{"name":"wp","href":"https:\/\/api.w.org\/{rel}","templated":true}]}}