{"id":2724,"date":"2025-07-16T07:33:02","date_gmt":"2025-07-16T07:33:02","guid":{"rendered":"https:\/\/carpathiacenter.ro\/?p=2724"},"modified":"2025-07-16T07:33:02","modified_gmt":"2025-07-16T07:33:02","slug":"administratia-strazilor-anunta-licitatii-pentru-consolidarea-pasajelor-bucur-obor-lujerului-si-a-podului-baneasa","status":"publish","type":"post","link":"https:\/\/carpathiacenter.ro\/en\/administratia-strazilor-anunta-licitatii-pentru-consolidarea-pasajelor-bucur-obor-lujerului-si-a-podului-baneasa\/","title":{"rendered":"Administra\u021bia Str\u0103zilor anun\u021b\u0103 licita\u021bii pentru consolidarea pasajelor Bucur Obor, Lujerului \u0219i a Podului B\u0103neasa"},"content":{"rendered":"<p>Administra\u021bia Str\u0103zilor Bucure\u0219ti anun\u021b\u0103 pe SEAP licita\u021bie pentru consolidarea \u0219i reabilitarea pasajelor Obor \u0219i Lujerului, precum \u0219i a Podului B\u0103neasa.<\/p>\n<p>Contractele presupun servicii de proiectare \u0219i execu\u021bie a lucr\u0103rilor.<\/p>\n<p>\u00cen vederea evalu\u0103rii ofertelor, componenta financiar\u0103 va avea o pondere de 40%, garan\u021bia acordat\u0103 lucr\u0103rilor va reprezenta 10%, iar experien\u021ba profesional\u0103 va fi punctat\u0103 cu 20%. Organizarea \u0219i metodologia vor constitui 20%, iar utilizarea tehnologiei BIM (Building Information Modeling, n.r.) \u00een elaborarea proiectului \u0219i execu\u021bia lucr\u0103rilor va constitui 10%.<\/p>\n<p>Ofertan\u021bii trebuie s\u0103 fac\u0103 dovada c\u0103 au finalizat \u00een ultimii cinci ani execu\u021bia unei construc\u021bii similare \u00een cadrul unui contract de lucr\u0103ri de aceea\u0219i natur\u0103 sau maxim trei contracte.<\/p>\n<p>\u00cen ce prive\u0219te Pasajul Bucur Obor, valoarea totala estimat\u0103 a investi\u021biei este de 114.939.186 lei. Durata contractului va fi de 27 de luni, iar termenul limita pentru primirea ofertelor: 21 august.<\/p>\n<p>Cerin\u021ba de calificare referitoare la experien\u021ba similar\u0103 va fi considerat\u0103 \u00eendeplinit\u0103 dac\u0103 ofertantul va face dovada c\u0103 a realizat \u00een ultimii cinci ani, \u00een mod corespunz\u0103tor, lucr\u0103ri similare cu o valoare cumulat\u0103 de minim 111.261.711 lei f\u0103r\u0103 TVA.<\/p>\n<p>&#8216;Expertiza realizat\u0103 \u00een anul 2023 prin care se stabile\u0219te starea tehnic\u0103 actual\u0103 a Pasajului Bucur Obor relev\u0103 lucr\u0103rile necesare pentru aducerea pasajului \u00eentr-o stare tehnic\u0103 bun\u0103, conform normelor \u00een vigoare. Prin realizarea obiectivului de investi\u021bii se va asigura circula\u021bia \u00een condi\u021bii de siguran\u021b\u0103 \u0219i confort&#8217;, prevede anun\u021bul.<\/p>\n<p>Pentru Pasajul Lujerului contractul are o valoare total\u0103 estimat\u0103 de 203.213.300 lei. Durata contractului este de 36 de luni, iar termenul limit\u0103 pentru primirea ofertelor este 20 august.<\/p>\n<p>Ofertan\u021bii trebuie s\u0103 fac\u0103 dovada faptului c\u0103 au realizat \u00een ultimii cinci ani lucr\u0103ri de aceea\u0219i natur\u0103 \u0219i complexitate sau superioare din punctul de vedere al complexit\u0103\u021bii \u0219i scopului, cu o valoare cumulat\u0103 de minim 195.510.237 lei f\u0103r\u0103 TVA.<\/p>\n<p>&#8216;Prin realizarea obiectivului de investi\u021bii se va asigura circula\u021bia \u00een condi\u021bii de siguran\u021b\u0103 \u0219i confort pe pasajul Lujerului. De asemenea, se va aduce pasajul \u00eentr-o stare tehnic\u0103 corespunz\u0103toare cerin\u021belor de rezisten\u021b\u0103 \u0219i siguran\u021b\u0103 cerute de standardele \u00een vigoare. Lucr\u0103rile de interven\u021bie sunt necesare protej\u0103rii construc\u021biei existente, care \u00een timp poate suferi degrad\u0103ri semnificative determinate de deficien\u021bele constructive constatate \u0219i de infiltra\u021bii prin rosturi \u0219i hidroizola\u021bii degradate pe structurile consolidate&#8217;, prevede anun\u021bul.<\/p>\n<p>\u00cen ce prive\u0219te Podul B\u0103neasa, valoarea total\u0103 estimat\u0103 a investi\u021biei este de 21.851.467 lei. Durata contractului este de 20 de luni, iar termenul limit\u0103 pentru primirea ofertelor este 22 august.<\/p>\n<p>Ofertan\u021bii trebuie s\u0103 fac\u0103 dovada c\u0103 au realizat \u00een ultimii cinci ani lucr\u0103ri similare cu o valoare cumulat\u0103 de minim 21.070.087 lei f\u0103r\u0103 TVA lei.<\/p>\n<p>&#8216;Lucr\u0103rile de interven\u021bie sunt necesare protej\u0103rii construc\u021biei existente, care \u00een timp poate suferi degrad\u0103ri semnificative determinate de deficien\u021bele constructive constatate \u0219i de infiltra\u021bii prin rosturi \u0219i hidroizola\u021bii degradate pe structurile consolidate&#8217;, se arat\u0103 \u00een anun\u021b. AGERPRES \/ (AS &#8211; redactor: Irinela Vi\u0219an, editor: Mihai Simionescu, editor online: Adrian D\u0103d\u00e2rlat)<br \/>\n<br \/>\nSursa articolului:<a href=\"http:\/\/agerpres.ro\/administratie\/2025\/07\/15\/administratia-strazilor-anunta-licitatii-pentru-consolidarea-pasajelor-bucur-obor-lujerului-si-a-pod--1468636\" target=\"_blank\" rel=\"noopener\" title=\"\">http:\/\/agerpres.ro\/administratie\/2025\/07\/15\/administratia-strazilor-anunta-licitatii-pentru-consolidarea-pasajelor-bucur-obor-lujerului-si-a-pod&#8211;1468636<\/a><\/p>","protected":false},"excerpt":{"rendered":"<p>Administra\u021bia Str\u0103zilor Bucure\u0219ti anun\u021b\u0103 pe SEAP licita\u021bie pentru consolidarea \u0219i reabilitarea pasajelor Obor \u0219i Lujerului, precum \u0219i a Podului B\u0103neasa. Contractele presupun servicii de proiectare \u0219i execu\u021bie a lucr\u0103rilor. \u00cen vederea evalu\u0103rii ofertelor, componenta financiar\u0103 va avea o pondere de 40%, garan\u021bia acordat\u0103 lucr\u0103rilor va reprezenta 10%, iar experien\u021ba profesional\u0103 va fi punctat\u0103 cu 20%&#8230;.<\/p>","protected":false},"author":4,"featured_media":2725,"comment_status":"open","ping_status":"open","sticky":false,"template":"","format":"standard","meta":{"footnotes":""},"categories":[1],"tags":[],"class_list":["post-2724","post","type-post","status-publish","format-standard","has-post-thumbnail","hentry","category-uncategorized"],"yoast_head":"<!-- This site is optimized with the Yoast SEO plugin v26.1.1 - https:\/\/yoast.com\/wordpress\/plugins\/seo\/ -->\n<title>Administra\u021bia Str\u0103zilor anun\u021b\u0103 licita\u021bii pentru consolidarea pasajelor Bucur Obor, Lujerului \u0219i a Podului B\u0103neasa - Carpathia Center Romania<\/title>\n<meta name=\"robots\" content=\"index, follow, max-snippet:-1, max-image-preview:large, max-video-preview:-1\" \/>\n<link rel=\"canonical\" href=\"https:\/\/carpathiacenter.ro\/en\/administratia-strazilor-anunta-licitatii-pentru-consolidarea-pasajelor-bucur-obor-lujerului-si-a-podului-baneasa\/\" \/>\n<meta property=\"og:locale\" content=\"en_GB\" \/>\n<meta property=\"og:type\" content=\"article\" \/>\n<meta property=\"og:title\" content=\"Administra\u021bia Str\u0103zilor anun\u021b\u0103 licita\u021bii pentru consolidarea pasajelor Bucur Obor, Lujerului \u0219i a Podului B\u0103neasa - Carpathia Center Romania\" \/>\n<meta property=\"og:description\" content=\"Administra\u021bia Str\u0103zilor Bucure\u0219ti anun\u021b\u0103 pe SEAP licita\u021bie pentru consolidarea \u0219i reabilitarea pasajelor Obor \u0219i Lujerului, precum \u0219i a Podului B\u0103neasa. Contractele presupun servicii de proiectare \u0219i execu\u021bie a lucr\u0103rilor. \u00cen vederea evalu\u0103rii ofertelor, componenta financiar\u0103 va avea o pondere de 40%, garan\u021bia acordat\u0103 lucr\u0103rilor va reprezenta 10%, iar experien\u021ba profesional\u0103 va fi punctat\u0103 cu 20%....\" \/>\n<meta property=\"og:url\" content=\"https:\/\/carpathiacenter.ro\/en\/administratia-strazilor-anunta-licitatii-pentru-consolidarea-pasajelor-bucur-obor-lujerului-si-a-podului-baneasa\/\" \/>\n<meta property=\"og:site_name\" content=\"Carpathia Center Romania\" \/>\n<meta property=\"article:publisher\" content=\"https:\/\/www.facebook.com\/fdpscarpathia\/\" \/>\n<meta property=\"article:published_time\" content=\"2025-07-16T07:33:02+00:00\" \/>\n<meta property=\"og:image\" content=\"https:\/\/carpathiacenter.ro\/wp-content\/uploads\/2025\/07\/Pasaj-Obor-.webp\" \/>\n\t<meta property=\"og:image:width\" content=\"1057\" \/>\n\t<meta property=\"og:image:height\" content=\"642\" \/>\n\t<meta property=\"og:image:type\" content=\"image\/webp\" \/>\n<meta name=\"author\" content=\"creativebitsolutions\" \/>\n<meta name=\"twitter:card\" content=\"summary_large_image\" \/>\n<meta name=\"twitter:label1\" content=\"Written by\" \/>\n\t<meta name=\"twitter:data1\" content=\"creativebitsolutions\" \/>\n\t<meta name=\"twitter:label2\" content=\"Estimated reading time\" \/>\n\t<meta name=\"twitter:data2\" content=\"3 minutes\" \/>\n<script type=\"application\/ld+json\" class=\"yoast-schema-graph\">{\"@context\":\"https:\/\/schema.org\",\"@graph\":[{\"@type\":\"Article\",\"@id\":\"https:\/\/carpathiacenter.ro\/administratia-strazilor-anunta-licitatii-pentru-consolidarea-pasajelor-bucur-obor-lujerului-si-a-podului-baneasa\/#article\",\"isPartOf\":{\"@id\":\"https:\/\/carpathiacenter.ro\/administratia-strazilor-anunta-licitatii-pentru-consolidarea-pasajelor-bucur-obor-lujerului-si-a-podului-baneasa\/\"},\"author\":{\"name\":\"creativebitsolutions\",\"@id\":\"https:\/\/carpathiacenter.ro\/#\/schema\/person\/03d9f58202fee8379268f34afa195006\"},\"headline\":\"Administra\u021bia Str\u0103zilor anun\u021b\u0103 licita\u021bii pentru consolidarea pasajelor Bucur Obor, Lujerului \u0219i a Podului B\u0103neasa\",\"datePublished\":\"2025-07-16T07:33:02+00:00\",\"mainEntityOfPage\":{\"@id\":\"https:\/\/carpathiacenter.ro\/administratia-strazilor-anunta-licitatii-pentru-consolidarea-pasajelor-bucur-obor-lujerului-si-a-podului-baneasa\/\"},\"wordCount\":539,\"commentCount\":0,\"publisher\":{\"@id\":\"https:\/\/carpathiacenter.ro\/#organization\"},\"image\":{\"@id\":\"https:\/\/carpathiacenter.ro\/administratia-strazilor-anunta-licitatii-pentru-consolidarea-pasajelor-bucur-obor-lujerului-si-a-podului-baneasa\/#primaryimage\"},\"thumbnailUrl\":\"https:\/\/carpathiacenter.ro\/wp-content\/uploads\/2025\/07\/Pasaj-Obor-.webp\",\"articleSection\":[\"Uncategorized\"],\"inLanguage\":\"en-GB\",\"potentialAction\":[{\"@type\":\"CommentAction\",\"name\":\"Comment\",\"target\":[\"https:\/\/carpathiacenter.ro\/administratia-strazilor-anunta-licitatii-pentru-consolidarea-pasajelor-bucur-obor-lujerului-si-a-podului-baneasa\/#respond\"]}]},{\"@type\":\"WebPage\",\"@id\":\"https:\/\/carpathiacenter.ro\/administratia-strazilor-anunta-licitatii-pentru-consolidarea-pasajelor-bucur-obor-lujerului-si-a-podului-baneasa\/\",\"url\":\"https:\/\/carpathiacenter.ro\/administratia-strazilor-anunta-licitatii-pentru-consolidarea-pasajelor-bucur-obor-lujerului-si-a-podului-baneasa\/\",\"name\":\"Administra\u021bia Str\u0103zilor anun\u021b\u0103 licita\u021bii pentru consolidarea pasajelor Bucur Obor, Lujerului \u0219i a Podului B\u0103neasa - Carpathia Center Romania\",\"isPartOf\":{\"@id\":\"https:\/\/carpathiacenter.ro\/#website\"},\"primaryImageOfPage\":{\"@id\":\"https:\/\/carpathiacenter.ro\/administratia-strazilor-anunta-licitatii-pentru-consolidarea-pasajelor-bucur-obor-lujerului-si-a-podului-baneasa\/#primaryimage\"},\"image\":{\"@id\":\"https:\/\/carpathiacenter.ro\/administratia-strazilor-anunta-licitatii-pentru-consolidarea-pasajelor-bucur-obor-lujerului-si-a-podului-baneasa\/#primaryimage\"},\"thumbnailUrl\":\"https:\/\/carpathiacenter.ro\/wp-content\/uploads\/2025\/07\/Pasaj-Obor-.webp\",\"datePublished\":\"2025-07-16T07:33:02+00:00\",\"breadcrumb\":{\"@id\":\"https:\/\/carpathiacenter.ro\/administratia-strazilor-anunta-licitatii-pentru-consolidarea-pasajelor-bucur-obor-lujerului-si-a-podului-baneasa\/#breadcrumb\"},\"inLanguage\":\"en-GB\",\"potentialAction\":[{\"@type\":\"ReadAction\",\"target\":[\"https:\/\/carpathiacenter.ro\/administratia-strazilor-anunta-licitatii-pentru-consolidarea-pasajelor-bucur-obor-lujerului-si-a-podului-baneasa\/\"]}]},{\"@type\":\"ImageObject\",\"inLanguage\":\"en-GB\",\"@id\":\"https:\/\/carpathiacenter.ro\/administratia-strazilor-anunta-licitatii-pentru-consolidarea-pasajelor-bucur-obor-lujerului-si-a-podului-baneasa\/#primaryimage\",\"url\":\"https:\/\/carpathiacenter.ro\/wp-content\/uploads\/2025\/07\/Pasaj-Obor-.webp\",\"contentUrl\":\"https:\/\/carpathiacenter.ro\/wp-content\/uploads\/2025\/07\/Pasaj-Obor-.webp\",\"width\":1057,\"height\":642},{\"@type\":\"BreadcrumbList\",\"@id\":\"https:\/\/carpathiacenter.ro\/administratia-strazilor-anunta-licitatii-pentru-consolidarea-pasajelor-bucur-obor-lujerului-si-a-podului-baneasa\/#breadcrumb\",\"itemListElement\":[{\"@type\":\"ListItem\",\"position\":1,\"name\":\"Prima pagin\u0103\",\"item\":\"https:\/\/carpathiacenter.ro\/\"},{\"@type\":\"ListItem\",\"position\":2,\"name\":\"Administra\u021bia Str\u0103zilor anun\u021b\u0103 licita\u021bii pentru consolidarea pasajelor Bucur Obor, Lujerului \u0219i a Podului B\u0103neasa\"}]},{\"@type\":\"WebSite\",\"@id\":\"https:\/\/carpathiacenter.ro\/#website\",\"url\":\"https:\/\/carpathiacenter.ro\/\",\"name\":\"Carpathia Center Romania\",\"description\":\"Impossible made possible!\",\"publisher\":{\"@id\":\"https:\/\/carpathiacenter.ro\/#organization\"},\"potentialAction\":[{\"@type\":\"SearchAction\",\"target\":{\"@type\":\"EntryPoint\",\"urlTemplate\":\"https:\/\/carpathiacenter.ro\/?s={search_term_string}\"},\"query-input\":{\"@type\":\"PropertyValueSpecification\",\"valueRequired\":true,\"valueName\":\"search_term_string\"}}],\"inLanguage\":\"en-GB\"},{\"@type\":\"Organization\",\"@id\":\"https:\/\/carpathiacenter.ro\/#organization\",\"name\":\"Carpathia Center Romania\",\"url\":\"https:\/\/carpathiacenter.ro\/\",\"logo\":{\"@type\":\"ImageObject\",\"inLanguage\":\"en-GB\",\"@id\":\"https:\/\/carpathiacenter.ro\/#\/schema\/logo\/image\/\",\"url\":\"https:\/\/carpathiacenter.ro\/wp-content\/uploads\/2024\/07\/logo-carpathia_bg_white-1024x941.png\",\"contentUrl\":\"https:\/\/carpathiacenter.ro\/wp-content\/uploads\/2024\/07\/logo-carpathia_bg_white-1024x941.png\",\"width\":1024,\"height\":941,\"caption\":\"Carpathia Center Romania\"},\"image\":{\"@id\":\"https:\/\/carpathiacenter.ro\/#\/schema\/logo\/image\/\"},\"sameAs\":[\"https:\/\/www.facebook.com\/fdpscarpathia\/\"]},{\"@type\":\"Person\",\"@id\":\"https:\/\/carpathiacenter.ro\/#\/schema\/person\/03d9f58202fee8379268f34afa195006\",\"name\":\"creativebitsolutions\",\"image\":{\"@type\":\"ImageObject\",\"inLanguage\":\"en-GB\",\"@id\":\"https:\/\/carpathiacenter.ro\/#\/schema\/person\/image\/\",\"url\":\"https:\/\/secure.gravatar.com\/avatar\/1b1a13e37f847c635dab78348f1dff2f07651ee2a3d77a5c355a4b8c75f9165a?s=96&d=mm&r=g\",\"contentUrl\":\"https:\/\/secure.gravatar.com\/avatar\/1b1a13e37f847c635dab78348f1dff2f07651ee2a3d77a5c355a4b8c75f9165a?s=96&d=mm&r=g\",\"caption\":\"creativebitsolutions\"},\"url\":\"https:\/\/carpathiacenter.ro\/en\/author\/creativebitsolutions\/\"}]}<\/script>\n<!-- \/ Yoast SEO plugin. -->","yoast_head_json":{"title":"Administra\u021bia Str\u0103zilor anun\u021b\u0103 licita\u021bii pentru consolidarea pasajelor Bucur Obor, Lujerului \u0219i a Podului B\u0103neasa - Carpathia Center Romania","robots":{"index":"index","follow":"follow","max-snippet":"max-snippet:-1","max-image-preview":"max-image-preview:large","max-video-preview":"max-video-preview:-1"},"canonical":"https:\/\/carpathiacenter.ro\/en\/administratia-strazilor-anunta-licitatii-pentru-consolidarea-pasajelor-bucur-obor-lujerului-si-a-podului-baneasa\/","og_locale":"en_GB","og_type":"article","og_title":"Administra\u021bia Str\u0103zilor anun\u021b\u0103 licita\u021bii pentru consolidarea pasajelor Bucur Obor, Lujerului \u0219i a Podului B\u0103neasa - Carpathia Center Romania","og_description":"Administra\u021bia Str\u0103zilor Bucure\u0219ti anun\u021b\u0103 pe SEAP licita\u021bie pentru consolidarea \u0219i reabilitarea pasajelor Obor \u0219i Lujerului, precum \u0219i a Podului B\u0103neasa. Contractele presupun servicii de proiectare \u0219i execu\u021bie a lucr\u0103rilor. \u00cen vederea evalu\u0103rii ofertelor, componenta financiar\u0103 va avea o pondere de 40%, garan\u021bia acordat\u0103 lucr\u0103rilor va reprezenta 10%, iar experien\u021ba profesional\u0103 va fi punctat\u0103 cu 20%....","og_url":"https:\/\/carpathiacenter.ro\/en\/administratia-strazilor-anunta-licitatii-pentru-consolidarea-pasajelor-bucur-obor-lujerului-si-a-podului-baneasa\/","og_site_name":"Carpathia Center Romania","article_publisher":"https:\/\/www.facebook.com\/fdpscarpathia\/","article_published_time":"2025-07-16T07:33:02+00:00","og_image":[{"width":1057,"height":642,"url":"https:\/\/carpathiacenter.ro\/wp-content\/uploads\/2025\/07\/Pasaj-Obor-.webp","type":"image\/webp"}],"author":"creativebitsolutions","twitter_card":"summary_large_image","twitter_misc":{"Written by":"creativebitsolutions","Estimated reading time":"3 minutes"},"schema":{"@context":"https:\/\/schema.org","@graph":[{"@type":"Article","@id":"https:\/\/carpathiacenter.ro\/administratia-strazilor-anunta-licitatii-pentru-consolidarea-pasajelor-bucur-obor-lujerului-si-a-podului-baneasa\/#article","isPartOf":{"@id":"https:\/\/carpathiacenter.ro\/administratia-strazilor-anunta-licitatii-pentru-consolidarea-pasajelor-bucur-obor-lujerului-si-a-podului-baneasa\/"},"author":{"name":"creativebitsolutions","@id":"https:\/\/carpathiacenter.ro\/#\/schema\/person\/03d9f58202fee8379268f34afa195006"},"headline":"Administra\u021bia Str\u0103zilor anun\u021b\u0103 licita\u021bii pentru consolidarea pasajelor Bucur Obor, Lujerului \u0219i a Podului B\u0103neasa","datePublished":"2025-07-16T07:33:02+00:00","mainEntityOfPage":{"@id":"https:\/\/carpathiacenter.ro\/administratia-strazilor-anunta-licitatii-pentru-consolidarea-pasajelor-bucur-obor-lujerului-si-a-podului-baneasa\/"},"wordCount":539,"commentCount":0,"publisher":{"@id":"https:\/\/carpathiacenter.ro\/#organization"},"image":{"@id":"https:\/\/carpathiacenter.ro\/administratia-strazilor-anunta-licitatii-pentru-consolidarea-pasajelor-bucur-obor-lujerului-si-a-podului-baneasa\/#primaryimage"},"thumbnailUrl":"https:\/\/carpathiacenter.ro\/wp-content\/uploads\/2025\/07\/Pasaj-Obor-.webp","articleSection":["Uncategorized"],"inLanguage":"en-GB","potentialAction":[{"@type":"CommentAction","name":"Comment","target":["https:\/\/carpathiacenter.ro\/administratia-strazilor-anunta-licitatii-pentru-consolidarea-pasajelor-bucur-obor-lujerului-si-a-podului-baneasa\/#respond"]}]},{"@type":"WebPage","@id":"https:\/\/carpathiacenter.ro\/administratia-strazilor-anunta-licitatii-pentru-consolidarea-pasajelor-bucur-obor-lujerului-si-a-podului-baneasa\/","url":"https:\/\/carpathiacenter.ro\/administratia-strazilor-anunta-licitatii-pentru-consolidarea-pasajelor-bucur-obor-lujerului-si-a-podului-baneasa\/","name":"Administra\u021bia Str\u0103zilor anun\u021b\u0103 licita\u021bii pentru consolidarea pasajelor Bucur Obor, Lujerului \u0219i a Podului B\u0103neasa - Carpathia Center Romania","isPartOf":{"@id":"https:\/\/carpathiacenter.ro\/#website"},"primaryImageOfPage":{"@id":"https:\/\/carpathiacenter.ro\/administratia-strazilor-anunta-licitatii-pentru-consolidarea-pasajelor-bucur-obor-lujerului-si-a-podului-baneasa\/#primaryimage"},"image":{"@id":"https:\/\/carpathiacenter.ro\/administratia-strazilor-anunta-licitatii-pentru-consolidarea-pasajelor-bucur-obor-lujerului-si-a-podului-baneasa\/#primaryimage"},"thumbnailUrl":"https:\/\/carpathiacenter.ro\/wp-content\/uploads\/2025\/07\/Pasaj-Obor-.webp","datePublished":"2025-07-16T07:33:02+00:00","breadcrumb":{"@id":"https:\/\/carpathiacenter.ro\/administratia-strazilor-anunta-licitatii-pentru-consolidarea-pasajelor-bucur-obor-lujerului-si-a-podului-baneasa\/#breadcrumb"},"inLanguage":"en-GB","potentialAction":[{"@type":"ReadAction","target":["https:\/\/carpathiacenter.ro\/administratia-strazilor-anunta-licitatii-pentru-consolidarea-pasajelor-bucur-obor-lujerului-si-a-podului-baneasa\/"]}]},{"@type":"ImageObject","inLanguage":"en-GB","@id":"https:\/\/carpathiacenter.ro\/administratia-strazilor-anunta-licitatii-pentru-consolidarea-pasajelor-bucur-obor-lujerului-si-a-podului-baneasa\/#primaryimage","url":"https:\/\/carpathiacenter.ro\/wp-content\/uploads\/2025\/07\/Pasaj-Obor-.webp","contentUrl":"https:\/\/carpathiacenter.ro\/wp-content\/uploads\/2025\/07\/Pasaj-Obor-.webp","width":1057,"height":642},{"@type":"BreadcrumbList","@id":"https:\/\/carpathiacenter.ro\/administratia-strazilor-anunta-licitatii-pentru-consolidarea-pasajelor-bucur-obor-lujerului-si-a-podului-baneasa\/#breadcrumb","itemListElement":[{"@type":"ListItem","position":1,"name":"Prima pagin\u0103","item":"https:\/\/carpathiacenter.ro\/"},{"@type":"ListItem","position":2,"name":"Administra\u021bia Str\u0103zilor anun\u021b\u0103 licita\u021bii pentru consolidarea pasajelor Bucur Obor, Lujerului \u0219i a Podului B\u0103neasa"}]},{"@type":"WebSite","@id":"https:\/\/carpathiacenter.ro\/#website","url":"https:\/\/carpathiacenter.ro\/","name":"Carpathia Center Romania","description":"Impossible made possible!","publisher":{"@id":"https:\/\/carpathiacenter.ro\/#organization"},"potentialAction":[{"@type":"SearchAction","target":{"@type":"EntryPoint","urlTemplate":"https:\/\/carpathiacenter.ro\/?s={search_term_string}"},"query-input":{"@type":"PropertyValueSpecification","valueRequired":true,"valueName":"search_term_string"}}],"inLanguage":"en-GB"},{"@type":"Organization","@id":"https:\/\/carpathiacenter.ro\/#organization","name":"Carpathia Center Romania","url":"https:\/\/carpathiacenter.ro\/","logo":{"@type":"ImageObject","inLanguage":"en-GB","@id":"https:\/\/carpathiacenter.ro\/#\/schema\/logo\/image\/","url":"https:\/\/carpathiacenter.ro\/wp-content\/uploads\/2024\/07\/logo-carpathia_bg_white-1024x941.png","contentUrl":"https:\/\/carpathiacenter.ro\/wp-content\/uploads\/2024\/07\/logo-carpathia_bg_white-1024x941.png","width":1024,"height":941,"caption":"Carpathia Center Romania"},"image":{"@id":"https:\/\/carpathiacenter.ro\/#\/schema\/logo\/image\/"},"sameAs":["https:\/\/www.facebook.com\/fdpscarpathia\/"]},{"@type":"Person","@id":"https:\/\/carpathiacenter.ro\/#\/schema\/person\/03d9f58202fee8379268f34afa195006","name":"creativebitsolutions","image":{"@type":"ImageObject","inLanguage":"en-GB","@id":"https:\/\/carpathiacenter.ro\/#\/schema\/person\/image\/","url":"https:\/\/secure.gravatar.com\/avatar\/1b1a13e37f847c635dab78348f1dff2f07651ee2a3d77a5c355a4b8c75f9165a?s=96&d=mm&r=g","contentUrl":"https:\/\/secure.gravatar.com\/avatar\/1b1a13e37f847c635dab78348f1dff2f07651ee2a3d77a5c355a4b8c75f9165a?s=96&d=mm&r=g","caption":"creativebitsolutions"},"url":"https:\/\/carpathiacenter.ro\/en\/author\/creativebitsolutions\/"}]}},"_links":{"self":[{"href":"https:\/\/carpathiacenter.ro\/en\/wp-json\/wp\/v2\/posts\/2724","targetHints":{"allow":["GET"]}}],"collection":[{"href":"https:\/\/carpathiacenter.ro\/en\/wp-json\/wp\/v2\/posts"}],"about":[{"href":"https:\/\/carpathiacenter.ro\/en\/wp-json\/wp\/v2\/types\/post"}],"author":[{"embeddable":true,"href":"https:\/\/carpathiacenter.ro\/en\/wp-json\/wp\/v2\/users\/4"}],"replies":[{"embeddable":true,"href":"https:\/\/carpathiacenter.ro\/en\/wp-json\/wp\/v2\/comments?post=2724"}],"version-history":[{"count":1,"href":"https:\/\/carpathiacenter.ro\/en\/wp-json\/wp\/v2\/posts\/2724\/revisions"}],"predecessor-version":[{"id":2726,"href":"https:\/\/carpathiacenter.ro\/en\/wp-json\/wp\/v2\/posts\/2724\/revisions\/2726"}],"wp:featuredmedia":[{"embeddable":true,"href":"https:\/\/carpathiacenter.ro\/en\/wp-json\/wp\/v2\/media\/2725"}],"wp:attachment":[{"href":"https:\/\/carpathiacenter.ro\/en\/wp-json\/wp\/v2\/media?parent=2724"}],"wp:term":[{"taxonomy":"category","embeddable":true,"href":"https:\/\/carpathiacenter.ro\/en\/wp-json\/wp\/v2\/categories?post=2724"},{"taxonomy":"post_tag","embeddable":true,"href":"https:\/\/carpathiacenter.ro\/en\/wp-json\/wp\/v2\/tags?post=2724"}],"curies":[{"name":"wp","href":"https:\/\/api.w.org\/{rel}","templated":true}]}}