{"id":2716,"date":"2025-07-15T07:40:45","date_gmt":"2025-07-15T07:40:45","guid":{"rendered":"https:\/\/carpathiacenter.ro\/?p=2716"},"modified":"2025-07-15T07:40:45","modified_gmt":"2025-07-15T07:40:45","slug":"ministrul-energiei-a-trimis-corpul-de-control-la-complexul-energetic-valea-jiului","status":"publish","type":"post","link":"https:\/\/carpathiacenter.ro\/en\/ministrul-energiei-a-trimis-corpul-de-control-la-complexul-energetic-valea-jiului\/","title":{"rendered":"Ministrul Energiei a trimis Corpul de control la Complexul Energetic Valea Jiului"},"content":{"rendered":"<p>Ministrul Energiei, Bogdan Ivan, a trimis Corpul de control la Complexul Energetic Valea Jiului dup\u0103 ce, \u00een urm\u0103 cu o s\u0103pt\u0103m\u00e2n\u0103, un incendiu produs la un transformator a l\u0103sat \u00een subteran 300 de mineri f\u0103r\u0103 ventila\u021bie \u0219i f\u0103r\u0103 posibilitatea de a ie\u0219i de acolo.<\/p>\n<p>&#8216;Cred c\u0103 cea mai nepl\u0103cut\u0103 situa\u021bie am avut-o acum o s\u0103pt\u0103m\u00e2n\u0103 \u0219i ceva, c\u00e2nd un incendiu la un transformator la Complexul Energetic Valea Jiului a l\u0103sat pre\u021b de multe minute 300 de mineri \u00een subteran f\u0103r\u0103 ventila\u021bie \u0219i f\u0103r\u0103 posibilitatea de a ie\u0219i de acolo. F\u0103r\u0103 plan de evacuare \u00een situa\u021bii de urgen\u021b\u0103. Eram \u00eentr-o \u0219edin\u021b\u0103 cu mai mul\u021bi colegi, am stat pe telefoane cu to\u021bi operatorii de energie din acea zon\u0103 pentru a comuta re\u021belele, pentru a ne asigura c\u0103 avem energie \u0219i putem s\u0103 scoatem oamenii&#8217;, a declarat, luni seara, ministrul Energiei, la Antena 1.<\/p>\n<p>Acesta a subliniat c\u0103 a r\u0103mas &#8216;siderat&#8217; afl\u00e2nd c\u0103 nu existau generatoare de rezerv\u0103 pentru astfel de situa\u021bii \u00een care este oprit\u0103 alimentarea cu energie \u0219i a anun\u021bat c\u0103 a fost creat cu grup de lucru cu Departamentul pentru Situa\u021bii de Urgen\u021b\u0103 (DSU) pentru a pune la punct proceduri \u00een a\u0219a fel \u00eenc\u00e2t \u00een nicio min\u0103 din Rom\u00e2nia s\u0103 nu mai existe o situa\u021bie similar\u0103.<\/p>\n<p>&#8216;Am trimis Corpul de control la cei de la Complexul Energetic Valea Jiului, pentru c\u0103 am r\u0103mas siderat c\u0103 nu aveau o proiec\u021bie, nu aveau generatoare de rezerv\u0103 pentru situa\u021bii de acest gen \u00een care se \u00eentrerupe alimentarea cu energie electric\u0103 (&#8230;). Am intervenit foarte rapid \u00eempreun\u0103 cu colegii, cu cei de la DSU \u0219i cu operatorii de energie local\u0103 pentru a evita o catastrof\u0103 \u00een care se puteau pierde vie\u021bi omene\u0219ti. Am f\u0103cut un grup de lucru cu Raed Arafat (\u0219eful DSU, n.r.) \u0219i DSU pentru a crea proceduri pentru ca \u00een nicio min\u0103 din Rom\u00e2nia s\u0103 nu mai existe o situa\u021bie similar\u0103, pentru a avea echipamente de protec\u021bie pentru to\u021bi minerii \u0219i pentru a ne asigura c\u0103 oamenii sunt cu adev\u0103rat \u00een siguran\u021b\u0103&#8217;, a anun\u021bat Bogdan Ivan. AGERPRES\/(AS &#8211; redactor: Andreea Marinescu, editor: Daniel Badea)<br \/>\n<br \/>\nSursa articolului:<a href=\"https:\/\/agerpres.ro\/administratie\/2025\/07\/14\/ministrul-energiei-a-trimis-corpul-de-control-la-complexul-energetic-valea-jiului--1468342\" target=\"_blank\" rel=\"noopener\" title=\"\">https:\/\/agerpres.ro\/administratie\/2025\/07\/14\/ministrul-energiei-a-trimis-corpul-de-control-la-complexul-energetic-valea-jiului&#8211;1468342<\/a><\/p>","protected":false},"excerpt":{"rendered":"<p>Ministrul Energiei, Bogdan Ivan, a trimis Corpul de control la Complexul Energetic Valea Jiului dup\u0103 ce, \u00een urm\u0103 cu o s\u0103pt\u0103m\u00e2n\u0103, un incendiu produs la un transformator a l\u0103sat \u00een subteran 300 de mineri f\u0103r\u0103 ventila\u021bie \u0219i f\u0103r\u0103 posibilitatea de a ie\u0219i de acolo. &#8216;Cred c\u0103 cea mai nepl\u0103cut\u0103 situa\u021bie am avut-o acum o s\u0103pt\u0103m\u00e2n\u0103&#8230;<\/p>","protected":false},"author":4,"featured_media":2717,"comment_status":"open","ping_status":"open","sticky":false,"template":"","format":"standard","meta":{"footnotes":""},"categories":[1],"tags":[],"class_list":["post-2716","post","type-post","status-publish","format-standard","has-post-thumbnail","hentry","category-uncategorized"],"yoast_head":"<!-- This site is optimized with the Yoast SEO plugin v26.1.1 - https:\/\/yoast.com\/wordpress\/plugins\/seo\/ -->\n<title>Ministrul Energiei a trimis Corpul de control la Complexul Energetic Valea Jiului - Carpathia Center Romania<\/title>\n<meta name=\"robots\" content=\"index, follow, max-snippet:-1, max-image-preview:large, max-video-preview:-1\" \/>\n<link rel=\"canonical\" href=\"https:\/\/carpathiacenter.ro\/en\/ministrul-energiei-a-trimis-corpul-de-control-la-complexul-energetic-valea-jiului\/\" \/>\n<meta property=\"og:locale\" content=\"en_GB\" \/>\n<meta property=\"og:type\" content=\"article\" \/>\n<meta property=\"og:title\" content=\"Ministrul Energiei a trimis Corpul de control la Complexul Energetic Valea Jiului - Carpathia Center Romania\" \/>\n<meta property=\"og:description\" content=\"Ministrul Energiei, Bogdan Ivan, a trimis Corpul de control la Complexul Energetic Valea Jiului dup\u0103 ce, \u00een urm\u0103 cu o s\u0103pt\u0103m\u00e2n\u0103, un incendiu produs la un transformator a l\u0103sat \u00een subteran 300 de mineri f\u0103r\u0103 ventila\u021bie \u0219i f\u0103r\u0103 posibilitatea de a ie\u0219i de acolo. &#8216;Cred c\u0103 cea mai nepl\u0103cut\u0103 situa\u021bie am avut-o acum o s\u0103pt\u0103m\u00e2n\u0103...\" \/>\n<meta property=\"og:url\" content=\"https:\/\/carpathiacenter.ro\/en\/ministrul-energiei-a-trimis-corpul-de-control-la-complexul-energetic-valea-jiului\/\" \/>\n<meta property=\"og:site_name\" content=\"Carpathia Center Romania\" \/>\n<meta property=\"article:publisher\" content=\"https:\/\/www.facebook.com\/fdpscarpathia\/\" \/>\n<meta property=\"article:published_time\" content=\"2025-07-15T07:40:45+00:00\" \/>\n<meta property=\"og:image\" content=\"https:\/\/carpathiacenter.ro\/wp-content\/uploads\/2025\/07\/Bogdan-Ivan.webp\" \/>\n\t<meta property=\"og:image:width\" content=\"800\" \/>\n\t<meta property=\"og:image:height\" content=\"533\" \/>\n\t<meta property=\"og:image:type\" content=\"image\/webp\" \/>\n<meta name=\"author\" content=\"creativebitsolutions\" \/>\n<meta name=\"twitter:card\" content=\"summary_large_image\" \/>\n<meta name=\"twitter:label1\" content=\"Written by\" \/>\n\t<meta name=\"twitter:data1\" content=\"creativebitsolutions\" \/>\n\t<meta name=\"twitter:label2\" content=\"Estimated reading time\" \/>\n\t<meta name=\"twitter:data2\" content=\"2 minutes\" \/>\n<script type=\"application\/ld+json\" class=\"yoast-schema-graph\">{\"@context\":\"https:\/\/schema.org\",\"@graph\":[{\"@type\":\"Article\",\"@id\":\"https:\/\/carpathiacenter.ro\/ministrul-energiei-a-trimis-corpul-de-control-la-complexul-energetic-valea-jiului\/#article\",\"isPartOf\":{\"@id\":\"https:\/\/carpathiacenter.ro\/ministrul-energiei-a-trimis-corpul-de-control-la-complexul-energetic-valea-jiului\/\"},\"author\":{\"name\":\"creativebitsolutions\",\"@id\":\"https:\/\/carpathiacenter.ro\/#\/schema\/person\/03d9f58202fee8379268f34afa195006\"},\"headline\":\"Ministrul Energiei a trimis Corpul de control la Complexul Energetic Valea Jiului\",\"datePublished\":\"2025-07-15T07:40:45+00:00\",\"mainEntityOfPage\":{\"@id\":\"https:\/\/carpathiacenter.ro\/ministrul-energiei-a-trimis-corpul-de-control-la-complexul-energetic-valea-jiului\/\"},\"wordCount\":405,\"commentCount\":0,\"publisher\":{\"@id\":\"https:\/\/carpathiacenter.ro\/#organization\"},\"image\":{\"@id\":\"https:\/\/carpathiacenter.ro\/ministrul-energiei-a-trimis-corpul-de-control-la-complexul-energetic-valea-jiului\/#primaryimage\"},\"thumbnailUrl\":\"https:\/\/carpathiacenter.ro\/wp-content\/uploads\/2025\/07\/Bogdan-Ivan.webp\",\"articleSection\":[\"Uncategorized\"],\"inLanguage\":\"en-GB\",\"potentialAction\":[{\"@type\":\"CommentAction\",\"name\":\"Comment\",\"target\":[\"https:\/\/carpathiacenter.ro\/ministrul-energiei-a-trimis-corpul-de-control-la-complexul-energetic-valea-jiului\/#respond\"]}]},{\"@type\":\"WebPage\",\"@id\":\"https:\/\/carpathiacenter.ro\/ministrul-energiei-a-trimis-corpul-de-control-la-complexul-energetic-valea-jiului\/\",\"url\":\"https:\/\/carpathiacenter.ro\/ministrul-energiei-a-trimis-corpul-de-control-la-complexul-energetic-valea-jiului\/\",\"name\":\"Ministrul Energiei a trimis Corpul de control la Complexul Energetic Valea Jiului - Carpathia Center Romania\",\"isPartOf\":{\"@id\":\"https:\/\/carpathiacenter.ro\/#website\"},\"primaryImageOfPage\":{\"@id\":\"https:\/\/carpathiacenter.ro\/ministrul-energiei-a-trimis-corpul-de-control-la-complexul-energetic-valea-jiului\/#primaryimage\"},\"image\":{\"@id\":\"https:\/\/carpathiacenter.ro\/ministrul-energiei-a-trimis-corpul-de-control-la-complexul-energetic-valea-jiului\/#primaryimage\"},\"thumbnailUrl\":\"https:\/\/carpathiacenter.ro\/wp-content\/uploads\/2025\/07\/Bogdan-Ivan.webp\",\"datePublished\":\"2025-07-15T07:40:45+00:00\",\"breadcrumb\":{\"@id\":\"https:\/\/carpathiacenter.ro\/ministrul-energiei-a-trimis-corpul-de-control-la-complexul-energetic-valea-jiului\/#breadcrumb\"},\"inLanguage\":\"en-GB\",\"potentialAction\":[{\"@type\":\"ReadAction\",\"target\":[\"https:\/\/carpathiacenter.ro\/ministrul-energiei-a-trimis-corpul-de-control-la-complexul-energetic-valea-jiului\/\"]}]},{\"@type\":\"ImageObject\",\"inLanguage\":\"en-GB\",\"@id\":\"https:\/\/carpathiacenter.ro\/ministrul-energiei-a-trimis-corpul-de-control-la-complexul-energetic-valea-jiului\/#primaryimage\",\"url\":\"https:\/\/carpathiacenter.ro\/wp-content\/uploads\/2025\/07\/Bogdan-Ivan.webp\",\"contentUrl\":\"https:\/\/carpathiacenter.ro\/wp-content\/uploads\/2025\/07\/Bogdan-Ivan.webp\",\"width\":800,\"height\":533},{\"@type\":\"BreadcrumbList\",\"@id\":\"https:\/\/carpathiacenter.ro\/ministrul-energiei-a-trimis-corpul-de-control-la-complexul-energetic-valea-jiului\/#breadcrumb\",\"itemListElement\":[{\"@type\":\"ListItem\",\"position\":1,\"name\":\"Prima pagin\u0103\",\"item\":\"https:\/\/carpathiacenter.ro\/\"},{\"@type\":\"ListItem\",\"position\":2,\"name\":\"Ministrul Energiei a trimis Corpul de control la Complexul Energetic Valea Jiului\"}]},{\"@type\":\"WebSite\",\"@id\":\"https:\/\/carpathiacenter.ro\/#website\",\"url\":\"https:\/\/carpathiacenter.ro\/\",\"name\":\"Carpathia Center Romania\",\"description\":\"Impossible made possible!\",\"publisher\":{\"@id\":\"https:\/\/carpathiacenter.ro\/#organization\"},\"potentialAction\":[{\"@type\":\"SearchAction\",\"target\":{\"@type\":\"EntryPoint\",\"urlTemplate\":\"https:\/\/carpathiacenter.ro\/?s={search_term_string}\"},\"query-input\":{\"@type\":\"PropertyValueSpecification\",\"valueRequired\":true,\"valueName\":\"search_term_string\"}}],\"inLanguage\":\"en-GB\"},{\"@type\":\"Organization\",\"@id\":\"https:\/\/carpathiacenter.ro\/#organization\",\"name\":\"Carpathia Center Romania\",\"url\":\"https:\/\/carpathiacenter.ro\/\",\"logo\":{\"@type\":\"ImageObject\",\"inLanguage\":\"en-GB\",\"@id\":\"https:\/\/carpathiacenter.ro\/#\/schema\/logo\/image\/\",\"url\":\"https:\/\/carpathiacenter.ro\/wp-content\/uploads\/2024\/07\/logo-carpathia_bg_white-1024x941.png\",\"contentUrl\":\"https:\/\/carpathiacenter.ro\/wp-content\/uploads\/2024\/07\/logo-carpathia_bg_white-1024x941.png\",\"width\":1024,\"height\":941,\"caption\":\"Carpathia Center Romania\"},\"image\":{\"@id\":\"https:\/\/carpathiacenter.ro\/#\/schema\/logo\/image\/\"},\"sameAs\":[\"https:\/\/www.facebook.com\/fdpscarpathia\/\"]},{\"@type\":\"Person\",\"@id\":\"https:\/\/carpathiacenter.ro\/#\/schema\/person\/03d9f58202fee8379268f34afa195006\",\"name\":\"creativebitsolutions\",\"image\":{\"@type\":\"ImageObject\",\"inLanguage\":\"en-GB\",\"@id\":\"https:\/\/carpathiacenter.ro\/#\/schema\/person\/image\/\",\"url\":\"https:\/\/secure.gravatar.com\/avatar\/1b1a13e37f847c635dab78348f1dff2f07651ee2a3d77a5c355a4b8c75f9165a?s=96&d=mm&r=g\",\"contentUrl\":\"https:\/\/secure.gravatar.com\/avatar\/1b1a13e37f847c635dab78348f1dff2f07651ee2a3d77a5c355a4b8c75f9165a?s=96&d=mm&r=g\",\"caption\":\"creativebitsolutions\"},\"url\":\"https:\/\/carpathiacenter.ro\/en\/author\/creativebitsolutions\/\"}]}<\/script>\n<!-- \/ Yoast SEO plugin. -->","yoast_head_json":{"title":"Ministrul Energiei a trimis Corpul de control la Complexul Energetic Valea Jiului - Carpathia Center Romania","robots":{"index":"index","follow":"follow","max-snippet":"max-snippet:-1","max-image-preview":"max-image-preview:large","max-video-preview":"max-video-preview:-1"},"canonical":"https:\/\/carpathiacenter.ro\/en\/ministrul-energiei-a-trimis-corpul-de-control-la-complexul-energetic-valea-jiului\/","og_locale":"en_GB","og_type":"article","og_title":"Ministrul Energiei a trimis Corpul de control la Complexul Energetic Valea Jiului - Carpathia Center Romania","og_description":"Ministrul Energiei, Bogdan Ivan, a trimis Corpul de control la Complexul Energetic Valea Jiului dup\u0103 ce, \u00een urm\u0103 cu o s\u0103pt\u0103m\u00e2n\u0103, un incendiu produs la un transformator a l\u0103sat \u00een subteran 300 de mineri f\u0103r\u0103 ventila\u021bie \u0219i f\u0103r\u0103 posibilitatea de a ie\u0219i de acolo. &#8216;Cred c\u0103 cea mai nepl\u0103cut\u0103 situa\u021bie am avut-o acum o s\u0103pt\u0103m\u00e2n\u0103...","og_url":"https:\/\/carpathiacenter.ro\/en\/ministrul-energiei-a-trimis-corpul-de-control-la-complexul-energetic-valea-jiului\/","og_site_name":"Carpathia Center Romania","article_publisher":"https:\/\/www.facebook.com\/fdpscarpathia\/","article_published_time":"2025-07-15T07:40:45+00:00","og_image":[{"width":800,"height":533,"url":"https:\/\/carpathiacenter.ro\/wp-content\/uploads\/2025\/07\/Bogdan-Ivan.webp","type":"image\/webp"}],"author":"creativebitsolutions","twitter_card":"summary_large_image","twitter_misc":{"Written by":"creativebitsolutions","Estimated reading time":"2 minutes"},"schema":{"@context":"https:\/\/schema.org","@graph":[{"@type":"Article","@id":"https:\/\/carpathiacenter.ro\/ministrul-energiei-a-trimis-corpul-de-control-la-complexul-energetic-valea-jiului\/#article","isPartOf":{"@id":"https:\/\/carpathiacenter.ro\/ministrul-energiei-a-trimis-corpul-de-control-la-complexul-energetic-valea-jiului\/"},"author":{"name":"creativebitsolutions","@id":"https:\/\/carpathiacenter.ro\/#\/schema\/person\/03d9f58202fee8379268f34afa195006"},"headline":"Ministrul Energiei a trimis Corpul de control la Complexul Energetic Valea Jiului","datePublished":"2025-07-15T07:40:45+00:00","mainEntityOfPage":{"@id":"https:\/\/carpathiacenter.ro\/ministrul-energiei-a-trimis-corpul-de-control-la-complexul-energetic-valea-jiului\/"},"wordCount":405,"commentCount":0,"publisher":{"@id":"https:\/\/carpathiacenter.ro\/#organization"},"image":{"@id":"https:\/\/carpathiacenter.ro\/ministrul-energiei-a-trimis-corpul-de-control-la-complexul-energetic-valea-jiului\/#primaryimage"},"thumbnailUrl":"https:\/\/carpathiacenter.ro\/wp-content\/uploads\/2025\/07\/Bogdan-Ivan.webp","articleSection":["Uncategorized"],"inLanguage":"en-GB","potentialAction":[{"@type":"CommentAction","name":"Comment","target":["https:\/\/carpathiacenter.ro\/ministrul-energiei-a-trimis-corpul-de-control-la-complexul-energetic-valea-jiului\/#respond"]}]},{"@type":"WebPage","@id":"https:\/\/carpathiacenter.ro\/ministrul-energiei-a-trimis-corpul-de-control-la-complexul-energetic-valea-jiului\/","url":"https:\/\/carpathiacenter.ro\/ministrul-energiei-a-trimis-corpul-de-control-la-complexul-energetic-valea-jiului\/","name":"Ministrul Energiei a trimis Corpul de control la Complexul Energetic Valea Jiului - Carpathia Center Romania","isPartOf":{"@id":"https:\/\/carpathiacenter.ro\/#website"},"primaryImageOfPage":{"@id":"https:\/\/carpathiacenter.ro\/ministrul-energiei-a-trimis-corpul-de-control-la-complexul-energetic-valea-jiului\/#primaryimage"},"image":{"@id":"https:\/\/carpathiacenter.ro\/ministrul-energiei-a-trimis-corpul-de-control-la-complexul-energetic-valea-jiului\/#primaryimage"},"thumbnailUrl":"https:\/\/carpathiacenter.ro\/wp-content\/uploads\/2025\/07\/Bogdan-Ivan.webp","datePublished":"2025-07-15T07:40:45+00:00","breadcrumb":{"@id":"https:\/\/carpathiacenter.ro\/ministrul-energiei-a-trimis-corpul-de-control-la-complexul-energetic-valea-jiului\/#breadcrumb"},"inLanguage":"en-GB","potentialAction":[{"@type":"ReadAction","target":["https:\/\/carpathiacenter.ro\/ministrul-energiei-a-trimis-corpul-de-control-la-complexul-energetic-valea-jiului\/"]}]},{"@type":"ImageObject","inLanguage":"en-GB","@id":"https:\/\/carpathiacenter.ro\/ministrul-energiei-a-trimis-corpul-de-control-la-complexul-energetic-valea-jiului\/#primaryimage","url":"https:\/\/carpathiacenter.ro\/wp-content\/uploads\/2025\/07\/Bogdan-Ivan.webp","contentUrl":"https:\/\/carpathiacenter.ro\/wp-content\/uploads\/2025\/07\/Bogdan-Ivan.webp","width":800,"height":533},{"@type":"BreadcrumbList","@id":"https:\/\/carpathiacenter.ro\/ministrul-energiei-a-trimis-corpul-de-control-la-complexul-energetic-valea-jiului\/#breadcrumb","itemListElement":[{"@type":"ListItem","position":1,"name":"Prima pagin\u0103","item":"https:\/\/carpathiacenter.ro\/"},{"@type":"ListItem","position":2,"name":"Ministrul Energiei a trimis Corpul de control la Complexul Energetic Valea Jiului"}]},{"@type":"WebSite","@id":"https:\/\/carpathiacenter.ro\/#website","url":"https:\/\/carpathiacenter.ro\/","name":"Carpathia Center Romania","description":"Impossible made possible!","publisher":{"@id":"https:\/\/carpathiacenter.ro\/#organization"},"potentialAction":[{"@type":"SearchAction","target":{"@type":"EntryPoint","urlTemplate":"https:\/\/carpathiacenter.ro\/?s={search_term_string}"},"query-input":{"@type":"PropertyValueSpecification","valueRequired":true,"valueName":"search_term_string"}}],"inLanguage":"en-GB"},{"@type":"Organization","@id":"https:\/\/carpathiacenter.ro\/#organization","name":"Carpathia Center Romania","url":"https:\/\/carpathiacenter.ro\/","logo":{"@type":"ImageObject","inLanguage":"en-GB","@id":"https:\/\/carpathiacenter.ro\/#\/schema\/logo\/image\/","url":"https:\/\/carpathiacenter.ro\/wp-content\/uploads\/2024\/07\/logo-carpathia_bg_white-1024x941.png","contentUrl":"https:\/\/carpathiacenter.ro\/wp-content\/uploads\/2024\/07\/logo-carpathia_bg_white-1024x941.png","width":1024,"height":941,"caption":"Carpathia Center Romania"},"image":{"@id":"https:\/\/carpathiacenter.ro\/#\/schema\/logo\/image\/"},"sameAs":["https:\/\/www.facebook.com\/fdpscarpathia\/"]},{"@type":"Person","@id":"https:\/\/carpathiacenter.ro\/#\/schema\/person\/03d9f58202fee8379268f34afa195006","name":"creativebitsolutions","image":{"@type":"ImageObject","inLanguage":"en-GB","@id":"https:\/\/carpathiacenter.ro\/#\/schema\/person\/image\/","url":"https:\/\/secure.gravatar.com\/avatar\/1b1a13e37f847c635dab78348f1dff2f07651ee2a3d77a5c355a4b8c75f9165a?s=96&d=mm&r=g","contentUrl":"https:\/\/secure.gravatar.com\/avatar\/1b1a13e37f847c635dab78348f1dff2f07651ee2a3d77a5c355a4b8c75f9165a?s=96&d=mm&r=g","caption":"creativebitsolutions"},"url":"https:\/\/carpathiacenter.ro\/en\/author\/creativebitsolutions\/"}]}},"_links":{"self":[{"href":"https:\/\/carpathiacenter.ro\/en\/wp-json\/wp\/v2\/posts\/2716","targetHints":{"allow":["GET"]}}],"collection":[{"href":"https:\/\/carpathiacenter.ro\/en\/wp-json\/wp\/v2\/posts"}],"about":[{"href":"https:\/\/carpathiacenter.ro\/en\/wp-json\/wp\/v2\/types\/post"}],"author":[{"embeddable":true,"href":"https:\/\/carpathiacenter.ro\/en\/wp-json\/wp\/v2\/users\/4"}],"replies":[{"embeddable":true,"href":"https:\/\/carpathiacenter.ro\/en\/wp-json\/wp\/v2\/comments?post=2716"}],"version-history":[{"count":1,"href":"https:\/\/carpathiacenter.ro\/en\/wp-json\/wp\/v2\/posts\/2716\/revisions"}],"predecessor-version":[{"id":2718,"href":"https:\/\/carpathiacenter.ro\/en\/wp-json\/wp\/v2\/posts\/2716\/revisions\/2718"}],"wp:featuredmedia":[{"embeddable":true,"href":"https:\/\/carpathiacenter.ro\/en\/wp-json\/wp\/v2\/media\/2717"}],"wp:attachment":[{"href":"https:\/\/carpathiacenter.ro\/en\/wp-json\/wp\/v2\/media?parent=2716"}],"wp:term":[{"taxonomy":"category","embeddable":true,"href":"https:\/\/carpathiacenter.ro\/en\/wp-json\/wp\/v2\/categories?post=2716"},{"taxonomy":"post_tag","embeddable":true,"href":"https:\/\/carpathiacenter.ro\/en\/wp-json\/wp\/v2\/tags?post=2716"}],"curies":[{"name":"wp","href":"https:\/\/api.w.org\/{rel}","templated":true}]}}