{"id":2693,"date":"2025-07-10T13:01:51","date_gmt":"2025-07-10T13:01:51","guid":{"rendered":"https:\/\/carpathiacenter.ro\/?p=2693"},"modified":"2025-07-10T13:02:01","modified_gmt":"2025-07-10T13:02:01","slug":"confederatia-nationala-patronala-uniunea-generala-a-industriasilor-din-romania-ugir-1903-invita-societatea-civila-la-dialog","status":"publish","type":"post","link":"https:\/\/carpathiacenter.ro\/en\/confederatia-nationala-patronala-uniunea-generala-a-industriasilor-din-romania-ugir-1903-invita-societatea-civila-la-dialog\/","title":{"rendered":"Confedera\u0163ia Na\u0163ional\u0103 Patronal\u0103 \u201eUniunea General\u0103 a Industria\u0219ilor din Rom\u00e2nia \u2013  UGIR-1903\u201d invit\u0103 societatea civil\u0103 la dialog"},"content":{"rendered":"<div class=\"embedpress-document-embed ose-document ep-doc-d7fcf3f3b136871a304a78937b86779c\" style=\"width: 1920px;height: 750px; max-width:100%; display: block\">\n                                        <iframe title=\"Comunicat de Presa-UGIR1903-9.07.2025 (1)\" allowfullscreen=\"true\" mozallowfullscreen=\"true\" webkitallowfullscreen=\"true\" style=\"width: 1920px;height: 750px; max-width:100%; display: inline-block\" data-emsrc=\"https:\/\/carpathiacenter.ro\/wp-content\/uploads\/2025\/07\/Comunicat-de-Presa-UGIR1903-9.07.2025-1.pdf\" data-emid=\"embedpress-pdf-shortcode\" class=\"embedpress-embed-document-pdf embedpress-pdf-shortcode\" src=\"https:\/\/carpathiacenter.ro\/wp-admin\/admin-ajax.php?action=get_viewer&#038;file=https%3A%2F%2Fcarpathiacenter.ro%2Fwp-content%2Fuploads%2F2025%2F07%2FComunicat-de-Presa-UGIR1903-9.07.2025-1.pdf#themeMode=default&#038;toolbar=true&#038;lazyLoad=false&#038;position=top&#038;presentation=true&#038;download=true&#038;copy_text=true&#038;add_text=true&#038;draw=true&#038;doc_rotation=true&#038;add_image=true&#038;doc_details=true\" frameborder=\"0\"><\/iframe>\n                                <\/div>","protected":false},"excerpt":{"rendered":"","protected":false},"author":4,"featured_media":2609,"comment_status":"open","ping_status":"open","sticky":false,"template":"","format":"standard","meta":{"footnotes":""},"categories":[1],"tags":[],"class_list":["post-2693","post","type-post","status-publish","format-standard","has-post-thumbnail","hentry","category-uncategorized"],"yoast_head":"<!-- This site is optimized with the Yoast SEO plugin v26.1.1 - https:\/\/yoast.com\/wordpress\/plugins\/seo\/ -->\n<title>Confedera\u0163ia Na\u0163ional\u0103 Patronal\u0103 \u201eUniunea General\u0103 a Industria\u0219ilor din Rom\u00e2nia \u2013 UGIR-1903\u201d invit\u0103 societatea civil\u0103 la dialog - Carpathia Center Romania<\/title>\n<meta name=\"robots\" content=\"index, follow, max-snippet:-1, max-image-preview:large, max-video-preview:-1\" \/>\n<link rel=\"canonical\" href=\"https:\/\/carpathiacenter.ro\/en\/confederatia-nationala-patronala-uniunea-generala-a-industriasilor-din-romania-ugir-1903-invita-societatea-civila-la-dialog\/\" \/>\n<meta property=\"og:locale\" content=\"en_GB\" \/>\n<meta property=\"og:type\" content=\"article\" \/>\n<meta property=\"og:title\" content=\"Confedera\u0163ia Na\u0163ional\u0103 Patronal\u0103 \u201eUniunea General\u0103 a Industria\u0219ilor din Rom\u00e2nia \u2013 UGIR-1903\u201d invit\u0103 societatea civil\u0103 la dialog - Carpathia Center Romania\" \/>\n<meta property=\"og:url\" content=\"https:\/\/carpathiacenter.ro\/en\/confederatia-nationala-patronala-uniunea-generala-a-industriasilor-din-romania-ugir-1903-invita-societatea-civila-la-dialog\/\" \/>\n<meta property=\"og:site_name\" content=\"Carpathia Center Romania\" \/>\n<meta property=\"article:publisher\" content=\"https:\/\/www.facebook.com\/fdpscarpathia\/\" \/>\n<meta property=\"article:published_time\" content=\"2025-07-10T13:01:51+00:00\" \/>\n<meta property=\"article:modified_time\" content=\"2025-07-10T13:02:01+00:00\" \/>\n<meta property=\"og:image\" content=\"https:\/\/carpathiacenter.ro\/wp-content\/uploads\/2025\/06\/UGIR-1903-logo-1.jpg\" \/>\n\t<meta property=\"og:image:width\" content=\"867\" \/>\n\t<meta property=\"og:image:height\" content=\"648\" \/>\n\t<meta property=\"og:image:type\" content=\"image\/jpeg\" \/>\n<meta name=\"author\" content=\"creativebitsolutions\" \/>\n<meta name=\"twitter:card\" content=\"summary_large_image\" \/>\n<meta name=\"twitter:label1\" content=\"Written by\" \/>\n\t<meta name=\"twitter:data1\" content=\"creativebitsolutions\" \/>\n<script type=\"application\/ld+json\" class=\"yoast-schema-graph\">{\"@context\":\"https:\/\/schema.org\",\"@graph\":[{\"@type\":\"Article\",\"@id\":\"https:\/\/carpathiacenter.ro\/confederatia-nationala-patronala-uniunea-generala-a-industriasilor-din-romania-ugir-1903-invita-societatea-civila-la-dialog\/#article\",\"isPartOf\":{\"@id\":\"https:\/\/carpathiacenter.ro\/confederatia-nationala-patronala-uniunea-generala-a-industriasilor-din-romania-ugir-1903-invita-societatea-civila-la-dialog\/\"},\"author\":{\"name\":\"creativebitsolutions\",\"@id\":\"https:\/\/carpathiacenter.ro\/#\/schema\/person\/03d9f58202fee8379268f34afa195006\"},\"headline\":\"Confedera\u0163ia Na\u0163ional\u0103 Patronal\u0103 \u201eUniunea General\u0103 a Industria\u0219ilor din Rom\u00e2nia \u2013 UGIR-1903\u201d invit\u0103 societatea civil\u0103 la dialog\",\"datePublished\":\"2025-07-10T13:01:51+00:00\",\"dateModified\":\"2025-07-10T13:02:01+00:00\",\"mainEntityOfPage\":{\"@id\":\"https:\/\/carpathiacenter.ro\/confederatia-nationala-patronala-uniunea-generala-a-industriasilor-din-romania-ugir-1903-invita-societatea-civila-la-dialog\/\"},\"wordCount\":32,\"commentCount\":0,\"publisher\":{\"@id\":\"https:\/\/carpathiacenter.ro\/#organization\"},\"image\":{\"@id\":\"https:\/\/carpathiacenter.ro\/confederatia-nationala-patronala-uniunea-generala-a-industriasilor-din-romania-ugir-1903-invita-societatea-civila-la-dialog\/#primaryimage\"},\"thumbnailUrl\":\"https:\/\/carpathiacenter.ro\/wp-content\/uploads\/2025\/06\/UGIR-1903-logo-1.jpg\",\"articleSection\":[\"Uncategorized\"],\"inLanguage\":\"en-GB\",\"potentialAction\":[{\"@type\":\"CommentAction\",\"name\":\"Comment\",\"target\":[\"https:\/\/carpathiacenter.ro\/confederatia-nationala-patronala-uniunea-generala-a-industriasilor-din-romania-ugir-1903-invita-societatea-civila-la-dialog\/#respond\"]}]},{\"@type\":\"WebPage\",\"@id\":\"https:\/\/carpathiacenter.ro\/confederatia-nationala-patronala-uniunea-generala-a-industriasilor-din-romania-ugir-1903-invita-societatea-civila-la-dialog\/\",\"url\":\"https:\/\/carpathiacenter.ro\/confederatia-nationala-patronala-uniunea-generala-a-industriasilor-din-romania-ugir-1903-invita-societatea-civila-la-dialog\/\",\"name\":\"Confedera\u0163ia Na\u0163ional\u0103 Patronal\u0103 \u201eUniunea General\u0103 a Industria\u0219ilor din Rom\u00e2nia \u2013 UGIR-1903\u201d invit\u0103 societatea civil\u0103 la dialog - Carpathia Center Romania\",\"isPartOf\":{\"@id\":\"https:\/\/carpathiacenter.ro\/#website\"},\"primaryImageOfPage\":{\"@id\":\"https:\/\/carpathiacenter.ro\/confederatia-nationala-patronala-uniunea-generala-a-industriasilor-din-romania-ugir-1903-invita-societatea-civila-la-dialog\/#primaryimage\"},\"image\":{\"@id\":\"https:\/\/carpathiacenter.ro\/confederatia-nationala-patronala-uniunea-generala-a-industriasilor-din-romania-ugir-1903-invita-societatea-civila-la-dialog\/#primaryimage\"},\"thumbnailUrl\":\"https:\/\/carpathiacenter.ro\/wp-content\/uploads\/2025\/06\/UGIR-1903-logo-1.jpg\",\"datePublished\":\"2025-07-10T13:01:51+00:00\",\"dateModified\":\"2025-07-10T13:02:01+00:00\",\"breadcrumb\":{\"@id\":\"https:\/\/carpathiacenter.ro\/confederatia-nationala-patronala-uniunea-generala-a-industriasilor-din-romania-ugir-1903-invita-societatea-civila-la-dialog\/#breadcrumb\"},\"inLanguage\":\"en-GB\",\"potentialAction\":[{\"@type\":\"ReadAction\",\"target\":[\"https:\/\/carpathiacenter.ro\/confederatia-nationala-patronala-uniunea-generala-a-industriasilor-din-romania-ugir-1903-invita-societatea-civila-la-dialog\/\"]}]},{\"@type\":\"ImageObject\",\"inLanguage\":\"en-GB\",\"@id\":\"https:\/\/carpathiacenter.ro\/confederatia-nationala-patronala-uniunea-generala-a-industriasilor-din-romania-ugir-1903-invita-societatea-civila-la-dialog\/#primaryimage\",\"url\":\"https:\/\/carpathiacenter.ro\/wp-content\/uploads\/2025\/06\/UGIR-1903-logo-1.jpg\",\"contentUrl\":\"https:\/\/carpathiacenter.ro\/wp-content\/uploads\/2025\/06\/UGIR-1903-logo-1.jpg\",\"width\":867,\"height\":648},{\"@type\":\"BreadcrumbList\",\"@id\":\"https:\/\/carpathiacenter.ro\/confederatia-nationala-patronala-uniunea-generala-a-industriasilor-din-romania-ugir-1903-invita-societatea-civila-la-dialog\/#breadcrumb\",\"itemListElement\":[{\"@type\":\"ListItem\",\"position\":1,\"name\":\"Prima pagin\u0103\",\"item\":\"https:\/\/carpathiacenter.ro\/\"},{\"@type\":\"ListItem\",\"position\":2,\"name\":\"Confedera\u0163ia Na\u0163ional\u0103 Patronal\u0103 \u201eUniunea General\u0103 a Industria\u0219ilor din Rom\u00e2nia \u2013 UGIR-1903\u201d invit\u0103 societatea civil\u0103 la dialog\"}]},{\"@type\":\"WebSite\",\"@id\":\"https:\/\/carpathiacenter.ro\/#website\",\"url\":\"https:\/\/carpathiacenter.ro\/\",\"name\":\"Carpathia Center Romania\",\"description\":\"Impossible made possible!\",\"publisher\":{\"@id\":\"https:\/\/carpathiacenter.ro\/#organization\"},\"potentialAction\":[{\"@type\":\"SearchAction\",\"target\":{\"@type\":\"EntryPoint\",\"urlTemplate\":\"https:\/\/carpathiacenter.ro\/?s={search_term_string}\"},\"query-input\":{\"@type\":\"PropertyValueSpecification\",\"valueRequired\":true,\"valueName\":\"search_term_string\"}}],\"inLanguage\":\"en-GB\"},{\"@type\":\"Organization\",\"@id\":\"https:\/\/carpathiacenter.ro\/#organization\",\"name\":\"Carpathia Center Romania\",\"url\":\"https:\/\/carpathiacenter.ro\/\",\"logo\":{\"@type\":\"ImageObject\",\"inLanguage\":\"en-GB\",\"@id\":\"https:\/\/carpathiacenter.ro\/#\/schema\/logo\/image\/\",\"url\":\"https:\/\/carpathiacenter.ro\/wp-content\/uploads\/2024\/07\/logo-carpathia_bg_white-1024x941.png\",\"contentUrl\":\"https:\/\/carpathiacenter.ro\/wp-content\/uploads\/2024\/07\/logo-carpathia_bg_white-1024x941.png\",\"width\":1024,\"height\":941,\"caption\":\"Carpathia Center Romania\"},\"image\":{\"@id\":\"https:\/\/carpathiacenter.ro\/#\/schema\/logo\/image\/\"},\"sameAs\":[\"https:\/\/www.facebook.com\/fdpscarpathia\/\"]},{\"@type\":\"Person\",\"@id\":\"https:\/\/carpathiacenter.ro\/#\/schema\/person\/03d9f58202fee8379268f34afa195006\",\"name\":\"creativebitsolutions\",\"image\":{\"@type\":\"ImageObject\",\"inLanguage\":\"en-GB\",\"@id\":\"https:\/\/carpathiacenter.ro\/#\/schema\/person\/image\/\",\"url\":\"https:\/\/secure.gravatar.com\/avatar\/1b1a13e37f847c635dab78348f1dff2f07651ee2a3d77a5c355a4b8c75f9165a?s=96&d=mm&r=g\",\"contentUrl\":\"https:\/\/secure.gravatar.com\/avatar\/1b1a13e37f847c635dab78348f1dff2f07651ee2a3d77a5c355a4b8c75f9165a?s=96&d=mm&r=g\",\"caption\":\"creativebitsolutions\"},\"url\":\"https:\/\/carpathiacenter.ro\/en\/author\/creativebitsolutions\/\"}]}<\/script>\n<!-- \/ Yoast SEO plugin. -->","yoast_head_json":{"title":"Confedera\u0163ia Na\u0163ional\u0103 Patronal\u0103 \u201eUniunea General\u0103 a Industria\u0219ilor din Rom\u00e2nia \u2013 UGIR-1903\u201d invit\u0103 societatea civil\u0103 la dialog - Carpathia Center Romania","robots":{"index":"index","follow":"follow","max-snippet":"max-snippet:-1","max-image-preview":"max-image-preview:large","max-video-preview":"max-video-preview:-1"},"canonical":"https:\/\/carpathiacenter.ro\/en\/confederatia-nationala-patronala-uniunea-generala-a-industriasilor-din-romania-ugir-1903-invita-societatea-civila-la-dialog\/","og_locale":"en_GB","og_type":"article","og_title":"Confedera\u0163ia Na\u0163ional\u0103 Patronal\u0103 \u201eUniunea General\u0103 a Industria\u0219ilor din Rom\u00e2nia \u2013 UGIR-1903\u201d invit\u0103 societatea civil\u0103 la dialog - Carpathia Center Romania","og_url":"https:\/\/carpathiacenter.ro\/en\/confederatia-nationala-patronala-uniunea-generala-a-industriasilor-din-romania-ugir-1903-invita-societatea-civila-la-dialog\/","og_site_name":"Carpathia Center Romania","article_publisher":"https:\/\/www.facebook.com\/fdpscarpathia\/","article_published_time":"2025-07-10T13:01:51+00:00","article_modified_time":"2025-07-10T13:02:01+00:00","og_image":[{"width":867,"height":648,"url":"https:\/\/carpathiacenter.ro\/wp-content\/uploads\/2025\/06\/UGIR-1903-logo-1.jpg","type":"image\/jpeg"}],"author":"creativebitsolutions","twitter_card":"summary_large_image","twitter_misc":{"Written by":"creativebitsolutions"},"schema":{"@context":"https:\/\/schema.org","@graph":[{"@type":"Article","@id":"https:\/\/carpathiacenter.ro\/confederatia-nationala-patronala-uniunea-generala-a-industriasilor-din-romania-ugir-1903-invita-societatea-civila-la-dialog\/#article","isPartOf":{"@id":"https:\/\/carpathiacenter.ro\/confederatia-nationala-patronala-uniunea-generala-a-industriasilor-din-romania-ugir-1903-invita-societatea-civila-la-dialog\/"},"author":{"name":"creativebitsolutions","@id":"https:\/\/carpathiacenter.ro\/#\/schema\/person\/03d9f58202fee8379268f34afa195006"},"headline":"Confedera\u0163ia Na\u0163ional\u0103 Patronal\u0103 \u201eUniunea General\u0103 a Industria\u0219ilor din Rom\u00e2nia \u2013 UGIR-1903\u201d invit\u0103 societatea civil\u0103 la dialog","datePublished":"2025-07-10T13:01:51+00:00","dateModified":"2025-07-10T13:02:01+00:00","mainEntityOfPage":{"@id":"https:\/\/carpathiacenter.ro\/confederatia-nationala-patronala-uniunea-generala-a-industriasilor-din-romania-ugir-1903-invita-societatea-civila-la-dialog\/"},"wordCount":32,"commentCount":0,"publisher":{"@id":"https:\/\/carpathiacenter.ro\/#organization"},"image":{"@id":"https:\/\/carpathiacenter.ro\/confederatia-nationala-patronala-uniunea-generala-a-industriasilor-din-romania-ugir-1903-invita-societatea-civila-la-dialog\/#primaryimage"},"thumbnailUrl":"https:\/\/carpathiacenter.ro\/wp-content\/uploads\/2025\/06\/UGIR-1903-logo-1.jpg","articleSection":["Uncategorized"],"inLanguage":"en-GB","potentialAction":[{"@type":"CommentAction","name":"Comment","target":["https:\/\/carpathiacenter.ro\/confederatia-nationala-patronala-uniunea-generala-a-industriasilor-din-romania-ugir-1903-invita-societatea-civila-la-dialog\/#respond"]}]},{"@type":"WebPage","@id":"https:\/\/carpathiacenter.ro\/confederatia-nationala-patronala-uniunea-generala-a-industriasilor-din-romania-ugir-1903-invita-societatea-civila-la-dialog\/","url":"https:\/\/carpathiacenter.ro\/confederatia-nationala-patronala-uniunea-generala-a-industriasilor-din-romania-ugir-1903-invita-societatea-civila-la-dialog\/","name":"Confedera\u0163ia Na\u0163ional\u0103 Patronal\u0103 \u201eUniunea General\u0103 a Industria\u0219ilor din Rom\u00e2nia \u2013 UGIR-1903\u201d invit\u0103 societatea civil\u0103 la dialog - Carpathia Center Romania","isPartOf":{"@id":"https:\/\/carpathiacenter.ro\/#website"},"primaryImageOfPage":{"@id":"https:\/\/carpathiacenter.ro\/confederatia-nationala-patronala-uniunea-generala-a-industriasilor-din-romania-ugir-1903-invita-societatea-civila-la-dialog\/#primaryimage"},"image":{"@id":"https:\/\/carpathiacenter.ro\/confederatia-nationala-patronala-uniunea-generala-a-industriasilor-din-romania-ugir-1903-invita-societatea-civila-la-dialog\/#primaryimage"},"thumbnailUrl":"https:\/\/carpathiacenter.ro\/wp-content\/uploads\/2025\/06\/UGIR-1903-logo-1.jpg","datePublished":"2025-07-10T13:01:51+00:00","dateModified":"2025-07-10T13:02:01+00:00","breadcrumb":{"@id":"https:\/\/carpathiacenter.ro\/confederatia-nationala-patronala-uniunea-generala-a-industriasilor-din-romania-ugir-1903-invita-societatea-civila-la-dialog\/#breadcrumb"},"inLanguage":"en-GB","potentialAction":[{"@type":"ReadAction","target":["https:\/\/carpathiacenter.ro\/confederatia-nationala-patronala-uniunea-generala-a-industriasilor-din-romania-ugir-1903-invita-societatea-civila-la-dialog\/"]}]},{"@type":"ImageObject","inLanguage":"en-GB","@id":"https:\/\/carpathiacenter.ro\/confederatia-nationala-patronala-uniunea-generala-a-industriasilor-din-romania-ugir-1903-invita-societatea-civila-la-dialog\/#primaryimage","url":"https:\/\/carpathiacenter.ro\/wp-content\/uploads\/2025\/06\/UGIR-1903-logo-1.jpg","contentUrl":"https:\/\/carpathiacenter.ro\/wp-content\/uploads\/2025\/06\/UGIR-1903-logo-1.jpg","width":867,"height":648},{"@type":"BreadcrumbList","@id":"https:\/\/carpathiacenter.ro\/confederatia-nationala-patronala-uniunea-generala-a-industriasilor-din-romania-ugir-1903-invita-societatea-civila-la-dialog\/#breadcrumb","itemListElement":[{"@type":"ListItem","position":1,"name":"Prima pagin\u0103","item":"https:\/\/carpathiacenter.ro\/"},{"@type":"ListItem","position":2,"name":"Confedera\u0163ia Na\u0163ional\u0103 Patronal\u0103 \u201eUniunea General\u0103 a Industria\u0219ilor din Rom\u00e2nia \u2013 UGIR-1903\u201d invit\u0103 societatea civil\u0103 la dialog"}]},{"@type":"WebSite","@id":"https:\/\/carpathiacenter.ro\/#website","url":"https:\/\/carpathiacenter.ro\/","name":"Carpathia Center Romania","description":"Impossible made possible!","publisher":{"@id":"https:\/\/carpathiacenter.ro\/#organization"},"potentialAction":[{"@type":"SearchAction","target":{"@type":"EntryPoint","urlTemplate":"https:\/\/carpathiacenter.ro\/?s={search_term_string}"},"query-input":{"@type":"PropertyValueSpecification","valueRequired":true,"valueName":"search_term_string"}}],"inLanguage":"en-GB"},{"@type":"Organization","@id":"https:\/\/carpathiacenter.ro\/#organization","name":"Carpathia Center Romania","url":"https:\/\/carpathiacenter.ro\/","logo":{"@type":"ImageObject","inLanguage":"en-GB","@id":"https:\/\/carpathiacenter.ro\/#\/schema\/logo\/image\/","url":"https:\/\/carpathiacenter.ro\/wp-content\/uploads\/2024\/07\/logo-carpathia_bg_white-1024x941.png","contentUrl":"https:\/\/carpathiacenter.ro\/wp-content\/uploads\/2024\/07\/logo-carpathia_bg_white-1024x941.png","width":1024,"height":941,"caption":"Carpathia Center Romania"},"image":{"@id":"https:\/\/carpathiacenter.ro\/#\/schema\/logo\/image\/"},"sameAs":["https:\/\/www.facebook.com\/fdpscarpathia\/"]},{"@type":"Person","@id":"https:\/\/carpathiacenter.ro\/#\/schema\/person\/03d9f58202fee8379268f34afa195006","name":"creativebitsolutions","image":{"@type":"ImageObject","inLanguage":"en-GB","@id":"https:\/\/carpathiacenter.ro\/#\/schema\/person\/image\/","url":"https:\/\/secure.gravatar.com\/avatar\/1b1a13e37f847c635dab78348f1dff2f07651ee2a3d77a5c355a4b8c75f9165a?s=96&d=mm&r=g","contentUrl":"https:\/\/secure.gravatar.com\/avatar\/1b1a13e37f847c635dab78348f1dff2f07651ee2a3d77a5c355a4b8c75f9165a?s=96&d=mm&r=g","caption":"creativebitsolutions"},"url":"https:\/\/carpathiacenter.ro\/en\/author\/creativebitsolutions\/"}]}},"_links":{"self":[{"href":"https:\/\/carpathiacenter.ro\/en\/wp-json\/wp\/v2\/posts\/2693","targetHints":{"allow":["GET"]}}],"collection":[{"href":"https:\/\/carpathiacenter.ro\/en\/wp-json\/wp\/v2\/posts"}],"about":[{"href":"https:\/\/carpathiacenter.ro\/en\/wp-json\/wp\/v2\/types\/post"}],"author":[{"embeddable":true,"href":"https:\/\/carpathiacenter.ro\/en\/wp-json\/wp\/v2\/users\/4"}],"replies":[{"embeddable":true,"href":"https:\/\/carpathiacenter.ro\/en\/wp-json\/wp\/v2\/comments?post=2693"}],"version-history":[{"count":1,"href":"https:\/\/carpathiacenter.ro\/en\/wp-json\/wp\/v2\/posts\/2693\/revisions"}],"predecessor-version":[{"id":2697,"href":"https:\/\/carpathiacenter.ro\/en\/wp-json\/wp\/v2\/posts\/2693\/revisions\/2697"}],"wp:featuredmedia":[{"embeddable":true,"href":"https:\/\/carpathiacenter.ro\/en\/wp-json\/wp\/v2\/media\/2609"}],"wp:attachment":[{"href":"https:\/\/carpathiacenter.ro\/en\/wp-json\/wp\/v2\/media?parent=2693"}],"wp:term":[{"taxonomy":"category","embeddable":true,"href":"https:\/\/carpathiacenter.ro\/en\/wp-json\/wp\/v2\/categories?post=2693"},{"taxonomy":"post_tag","embeddable":true,"href":"https:\/\/carpathiacenter.ro\/en\/wp-json\/wp\/v2\/tags?post=2693"}],"curies":[{"name":"wp","href":"https:\/\/api.w.org\/{rel}","templated":true}]}}