{"id":2686,"date":"2025-07-09T12:19:32","date_gmt":"2025-07-09T12:19:32","guid":{"rendered":"https:\/\/carpathiacenter.ro\/?p=2686"},"modified":"2025-07-09T12:19:32","modified_gmt":"2025-07-09T12:19:32","slug":"romania-evita-pierderea-ratingului-de-tara-dar-pericolul-nu-a-trecut-ministru","status":"publish","type":"post","link":"https:\/\/carpathiacenter.ro\/en\/romania-evita-pierderea-ratingului-de-tara-dar-pericolul-nu-a-trecut-ministru\/","title":{"rendered":"Rom\u00e2nia evit\u0103 pierderea ratingului de \u021bar\u0103, dar pericolul nu a trecut (ministru)"},"content":{"rendered":"<div class=\"mx-auto pt-3\">\n<p><strong>Rom\u00e2nia a primit un semnal foarte bun din partea Comisiei Europene, \u00een urma angaj\u0103rii r\u0103spunderii Guvernului pe pachetul de m\u0103suri fiscale, reduc\u00e2nd riscul retrograd\u0103rii ratingului de \u021bar\u0103, a declarat mar\u021bi ministrul Finan\u021belor, Alexandru Nazare.<\/strong><\/p>\n<p>&#8216;Nu poate fi niciodat\u0103 o certitudine (c\u0103 am oprit retrogradarea &#8211; n. r.), dar gradul de siguran\u021b\u0103, av\u00e2nd \u00een vedere dublarea mesajului nostru prin adoptarea pachetului, cu mesajul Comisiei, care practic valideaz\u0103 faptul c\u0103 suntem \u00eentr-o direc\u021bie bun\u0103, la care ad\u0103ug\u0103m \u0219i adoptarea recomand\u0103rii de traiectorie fiscal\u0103 care s-a f\u0103cut \u00een ECOFIN-ul de ast\u0103zi, toate aceste trei lucruri reprezint\u0103 un semnal puternic c\u0103tre toate cele trei agen\u021bii de rating, \u00een special pentru prima care \u00ee\u0219i \u00eencepe evaluarea \u00een 15 iulie. Eu cred c\u0103 \u00een privin\u021ba pericolului iminent pe care \u00eel aveam \u00een pierderea ratingului, cred c\u0103 avem un semnal foarte bun. Nu cred c\u0103 \u00een privin\u021ba acestor evalu\u0103ri care au loc \u00een august &#8211; septembrie mai suntem \u00een pericolul de a ne pierde ratingul&#8217;, a precizat Nazare, la Digi 24.<\/p>\n<p>\u00cen opinia sa, Rom\u00e2nia are nevoie de o ambi\u021bie constant\u0103 nu doar pentru a men\u021bine ratingul, ci \u0219i pentru a-l cre\u0219te, astfel \u00eenc\u00e2t condi\u021biile de finan\u021bare pentru mediul public \u0219i privat s\u0103 fie tot mai accesibile.<\/p>\n<p>&#8216;Ne vom men\u021bine ratingul, doar c\u0103 trebuie s\u0103 avem o ambi\u021bie permanent\u0103 nu doar a-l men\u021bine pe ultima treapt\u0103, ci pentru a-l cre\u0219te, deoarece, cu c\u00e2t \u00eel vom cre\u0219te, condi\u021biile de finan\u021bare pentru mediul privat, nu doar cel public, vor fi tot mai accesibile&#8217;, a sus\u021binut el.<\/p>\n<p>Ministrul Finan\u021belor a subliniat c\u0103 Rom\u00e2nia se va afla sub monitorizarea Comisiei Europene, conform procedurii de deficit excesiv, \u0219i va trebui s\u0103 raporteze de dou\u0103 ori pe an &#8211; \u00een aprilie \u0219i octombrie &#8211; situa\u021bia macroeconomic\u0103 \u0219i cea a execu\u021biei bugetare.<\/p>\n<p>&#8216;Acestea sunt lucruri care sunt impuse \u021b\u0103rilor care intr\u0103 \u00een aceast\u0103 \u00een aceast\u0103 etap\u0103 de procedur\u0103 de deficit excesiv, din cauza gradului de ne\u00eencredere. Am acumulat un deficit de \u00eencredere foarte mare \u00een ultimii ani&#8217;, a aten\u021bionat Nazare.<\/p>\n<p>Totodat\u0103, ministrul a ar\u0103tat c\u0103 s-a reintrat \u00eentr-un dialog de lucru consolidat cu Comisia European\u0103.<\/p>\n<p>&#8216;Cred c\u0103 avem nevoie de un semnal pozitiv, de o raz\u0103 de speran\u021b\u0103, \u00een sensul \u00een care rela\u021bia cu Comisia s\u0103 func\u021bioneze mult mai bine. Transmite \u0219i Comisia c\u0103 practic am reintrat \u00eentr-un dialog de lucru consolidat, bun, se transmite acest lucru c\u0103tre pie\u021be, dar este \u0219i o raz\u0103 de speran\u021b\u0103 pentru rom\u00e2ni. E un pas necesar, dar nu e suficient, adic\u0103 am evitat acest pericol iminent, dar mai avem mult de lucru \u0219i, per ansamblu, de lucrat, pentru a reu\u0219i s\u0103 revenim acolo unde ar fi trebuit s\u0103 fim, adic\u0103 la un interval de referin\u021b\u0103 de 3%, a\u0219a cum sunt multe alte state \u0219i care \u00ee\u0219i gestioneaz\u0103 finan\u021bele publice \u00eentr-un mod mult mai credibil&#8217;, a subliniat \u0219eful de la Finan\u021be.<\/p>\n<p>\u00cen opinia sa, pentru acest lucru trebuie s\u0103 continu\u0103m s\u0103 lu\u0103m m\u0103surile din Pachetul 2, dar trebuie s\u0103 continu\u0103m \u0219i cu o disciplin\u0103 a finan\u021belor publice pe care s\u0103 o impunem nu doar la nivelul autorit\u0103\u021bilor locale \u0219i centrale, ci la toate companiile de stat, &#8216;astfel \u00eenc\u00e2t, \u00een momentul \u00een care raport\u0103m \u021binte pentru octombrie sau pentru aprilie anul viitor, situa\u021bia Rom\u00e2niei s\u0103 fie mult mai bun\u0103 \u0219i s\u0103 se vad\u0103 acest lucru din cifre, cu fapte, c\u0103 numai a\u0219a putem crea \u00eencredere&#8217;.<\/p>\n<p>\u00centrebat dac\u0103 nu va fi nevoie de m\u0103suri dureroase \u00een fiecare an p\u00e2n\u0103 \u00een 2030, c\u00e2nd trebuie s\u0103 atingem \u021binta pentru deficitul bugetar, Nazare a r\u0103spuns: &#8216;E foarte greu de anticipat acum o situa\u021bie care va avea loc peste un an sau doi&#8217;.<\/p>\n<p>&#8216;Am v\u0103zut \u0219i noi, am trecut printr-o pandemie, crize suprapuse &#8211; criz\u0103 energetic\u0103, evolu\u021bia r\u0103zboiului din Ucraina&#8230; &#8211; e foarte greu s\u0103 evaluezi ce se va \u00eent\u00e2mpla \u00een \u0219ase luni sau un an. Ce pot s\u0103 v\u0103 spun \u00een schimb, e c\u0103 dac\u0103 suntem consecven\u021bi, \u00eentr-un interval de p\u00e2n\u0103 la un an jumate, adic\u0103 perioada dificil\u0103 va dura din punctul meu de vedere \u0219i cum transpune \u0219i din recomandarea Comisiei p\u00e2n\u0103 undeva la finele anului viitor (&#8230;) Deci, eu sper c\u0103 putem, consecven\u021bi fiind \u0219i adopt\u00e2nd aceste m\u0103suri de disciplin\u0103 financiar\u0103 bugetar\u0103, s\u0103 revenim p\u00e2n\u0103 la finalul anului viitor, dar, bine\u00een\u021beles, depinde foarte mult de multe alte evolu\u021bii. Asta este o \u021bint\u0103. (&#8230;) Este esen\u021bial ce va face economia privat\u0103 \u0219i modul \u00een care vom reu\u0219i s\u0103 \u00eenlesnim investi\u021biile private, s\u0103 atragem noi investi\u021bii \u0219i s\u0103 folosim mult mai bine banii pu\u021bini pe care \u00eei avem, pentru c\u0103, p\u00e2n\u0103 acum, am avut foarte mul\u021bi bani, iar acum nu \u00eei mai avem. Avem spa\u021biu fiscal mai mic \u0219i trebuie s\u0103 facem mai mult cu bani mai pu\u021bini, dar trebuie s\u0103 ajut\u0103m mediul privat s\u0103 nu-l \u00eencurc\u0103m \u00een primul r\u00e2nd major \u0219i atunci c\u00e2nd sunt solicit\u0103ri de investi\u021bii s\u0103 r\u0103spundem mult mai repede&#8217;, a transmis ministrul Finan\u021belor. AGERPRES\/(AS &#8211; redactor: Mariana Nica, editor: Oana Tilic\u0103, editor online: Ada V\u00eelceanu)<\/p>\n<\/div>","protected":false},"excerpt":{"rendered":"<p>Rom\u00e2nia a primit un semnal foarte bun din partea Comisiei Europene, \u00een urma angaj\u0103rii r\u0103spunderii Guvernului pe pachetul de m\u0103suri fiscale, reduc\u00e2nd riscul retrograd\u0103rii ratingului de \u021bar\u0103, a declarat mar\u021bi ministrul Finan\u021belor, Alexandru Nazare. &#8216;Nu poate fi niciodat\u0103 o certitudine (c\u0103 am oprit retrogradarea &#8211; n. r.), dar gradul de siguran\u021b\u0103, av\u00e2nd \u00een vedere dublarea&#8230;<\/p>","protected":false},"author":4,"featured_media":2687,"comment_status":"open","ping_status":"open","sticky":false,"template":"","format":"standard","meta":{"footnotes":""},"categories":[1],"tags":[],"class_list":["post-2686","post","type-post","status-publish","format-standard","has-post-thumbnail","hentry","category-uncategorized"],"yoast_head":"<!-- This site is optimized with the Yoast SEO plugin v26.1.1 - https:\/\/yoast.com\/wordpress\/plugins\/seo\/ -->\n<title>Rom\u00e2nia evit\u0103 pierderea ratingului de \u021bar\u0103, dar pericolul nu a trecut (ministru) - Carpathia Center Romania<\/title>\n<meta name=\"robots\" content=\"index, follow, max-snippet:-1, max-image-preview:large, max-video-preview:-1\" \/>\n<link rel=\"canonical\" href=\"https:\/\/carpathiacenter.ro\/en\/romania-evita-pierderea-ratingului-de-tara-dar-pericolul-nu-a-trecut-ministru\/\" \/>\n<meta property=\"og:locale\" content=\"en_GB\" \/>\n<meta property=\"og:type\" content=\"article\" \/>\n<meta property=\"og:title\" content=\"Rom\u00e2nia evit\u0103 pierderea ratingului de \u021bar\u0103, dar pericolul nu a trecut (ministru) - Carpathia Center Romania\" \/>\n<meta property=\"og:description\" content=\"Rom\u00e2nia a primit un semnal foarte bun din partea Comisiei Europene, \u00een urma angaj\u0103rii r\u0103spunderii Guvernului pe pachetul de m\u0103suri fiscale, reduc\u00e2nd riscul retrograd\u0103rii ratingului de \u021bar\u0103, a declarat mar\u021bi ministrul Finan\u021belor, Alexandru Nazare. &#8216;Nu poate fi niciodat\u0103 o certitudine (c\u0103 am oprit retrogradarea &#8211; n. r.), dar gradul de siguran\u021b\u0103, av\u00e2nd \u00een vedere dublarea...\" \/>\n<meta property=\"og:url\" content=\"https:\/\/carpathiacenter.ro\/en\/romania-evita-pierderea-ratingului-de-tara-dar-pericolul-nu-a-trecut-ministru\/\" \/>\n<meta property=\"og:site_name\" content=\"Carpathia Center Romania\" \/>\n<meta property=\"article:publisher\" content=\"https:\/\/www.facebook.com\/fdpscarpathia\/\" \/>\n<meta property=\"article:published_time\" content=\"2025-07-09T12:19:32+00:00\" \/>\n<meta property=\"og:image\" content=\"https:\/\/carpathiacenter.ro\/wp-content\/uploads\/2025\/07\/Nazare-630x420-1.webp\" \/>\n\t<meta property=\"og:image:width\" content=\"1020\" \/>\n\t<meta property=\"og:image:height\" content=\"574\" \/>\n\t<meta property=\"og:image:type\" content=\"image\/webp\" \/>\n<meta name=\"author\" content=\"creativebitsolutions\" \/>\n<meta name=\"twitter:card\" content=\"summary_large_image\" \/>\n<meta name=\"twitter:label1\" content=\"Written by\" \/>\n\t<meta name=\"twitter:data1\" content=\"creativebitsolutions\" \/>\n\t<meta name=\"twitter:label2\" content=\"Estimated reading time\" \/>\n\t<meta name=\"twitter:data2\" content=\"4 minutes\" \/>\n<script type=\"application\/ld+json\" class=\"yoast-schema-graph\">{\"@context\":\"https:\/\/schema.org\",\"@graph\":[{\"@type\":\"Article\",\"@id\":\"https:\/\/carpathiacenter.ro\/romania-evita-pierderea-ratingului-de-tara-dar-pericolul-nu-a-trecut-ministru\/#article\",\"isPartOf\":{\"@id\":\"https:\/\/carpathiacenter.ro\/romania-evita-pierderea-ratingului-de-tara-dar-pericolul-nu-a-trecut-ministru\/\"},\"author\":{\"name\":\"creativebitsolutions\",\"@id\":\"https:\/\/carpathiacenter.ro\/#\/schema\/person\/03d9f58202fee8379268f34afa195006\"},\"headline\":\"Rom\u00e2nia evit\u0103 pierderea ratingului de \u021bar\u0103, dar pericolul nu a trecut (ministru)\",\"datePublished\":\"2025-07-09T12:19:32+00:00\",\"mainEntityOfPage\":{\"@id\":\"https:\/\/carpathiacenter.ro\/romania-evita-pierderea-ratingului-de-tara-dar-pericolul-nu-a-trecut-ministru\/\"},\"wordCount\":912,\"commentCount\":0,\"publisher\":{\"@id\":\"https:\/\/carpathiacenter.ro\/#organization\"},\"image\":{\"@id\":\"https:\/\/carpathiacenter.ro\/romania-evita-pierderea-ratingului-de-tara-dar-pericolul-nu-a-trecut-ministru\/#primaryimage\"},\"thumbnailUrl\":\"https:\/\/carpathiacenter.ro\/wp-content\/uploads\/2025\/07\/Nazare-630x420-1.webp\",\"articleSection\":[\"Uncategorized\"],\"inLanguage\":\"en-GB\",\"potentialAction\":[{\"@type\":\"CommentAction\",\"name\":\"Comment\",\"target\":[\"https:\/\/carpathiacenter.ro\/romania-evita-pierderea-ratingului-de-tara-dar-pericolul-nu-a-trecut-ministru\/#respond\"]}]},{\"@type\":\"WebPage\",\"@id\":\"https:\/\/carpathiacenter.ro\/romania-evita-pierderea-ratingului-de-tara-dar-pericolul-nu-a-trecut-ministru\/\",\"url\":\"https:\/\/carpathiacenter.ro\/romania-evita-pierderea-ratingului-de-tara-dar-pericolul-nu-a-trecut-ministru\/\",\"name\":\"Rom\u00e2nia evit\u0103 pierderea ratingului de \u021bar\u0103, dar pericolul nu a trecut (ministru) - Carpathia Center Romania\",\"isPartOf\":{\"@id\":\"https:\/\/carpathiacenter.ro\/#website\"},\"primaryImageOfPage\":{\"@id\":\"https:\/\/carpathiacenter.ro\/romania-evita-pierderea-ratingului-de-tara-dar-pericolul-nu-a-trecut-ministru\/#primaryimage\"},\"image\":{\"@id\":\"https:\/\/carpathiacenter.ro\/romania-evita-pierderea-ratingului-de-tara-dar-pericolul-nu-a-trecut-ministru\/#primaryimage\"},\"thumbnailUrl\":\"https:\/\/carpathiacenter.ro\/wp-content\/uploads\/2025\/07\/Nazare-630x420-1.webp\",\"datePublished\":\"2025-07-09T12:19:32+00:00\",\"breadcrumb\":{\"@id\":\"https:\/\/carpathiacenter.ro\/romania-evita-pierderea-ratingului-de-tara-dar-pericolul-nu-a-trecut-ministru\/#breadcrumb\"},\"inLanguage\":\"en-GB\",\"potentialAction\":[{\"@type\":\"ReadAction\",\"target\":[\"https:\/\/carpathiacenter.ro\/romania-evita-pierderea-ratingului-de-tara-dar-pericolul-nu-a-trecut-ministru\/\"]}]},{\"@type\":\"ImageObject\",\"inLanguage\":\"en-GB\",\"@id\":\"https:\/\/carpathiacenter.ro\/romania-evita-pierderea-ratingului-de-tara-dar-pericolul-nu-a-trecut-ministru\/#primaryimage\",\"url\":\"https:\/\/carpathiacenter.ro\/wp-content\/uploads\/2025\/07\/Nazare-630x420-1.webp\",\"contentUrl\":\"https:\/\/carpathiacenter.ro\/wp-content\/uploads\/2025\/07\/Nazare-630x420-1.webp\",\"width\":1020,\"height\":574},{\"@type\":\"BreadcrumbList\",\"@id\":\"https:\/\/carpathiacenter.ro\/romania-evita-pierderea-ratingului-de-tara-dar-pericolul-nu-a-trecut-ministru\/#breadcrumb\",\"itemListElement\":[{\"@type\":\"ListItem\",\"position\":1,\"name\":\"Prima pagin\u0103\",\"item\":\"https:\/\/carpathiacenter.ro\/\"},{\"@type\":\"ListItem\",\"position\":2,\"name\":\"Rom\u00e2nia evit\u0103 pierderea ratingului de \u021bar\u0103, dar pericolul nu a trecut (ministru)\"}]},{\"@type\":\"WebSite\",\"@id\":\"https:\/\/carpathiacenter.ro\/#website\",\"url\":\"https:\/\/carpathiacenter.ro\/\",\"name\":\"Carpathia Center Romania\",\"description\":\"Impossible made possible!\",\"publisher\":{\"@id\":\"https:\/\/carpathiacenter.ro\/#organization\"},\"potentialAction\":[{\"@type\":\"SearchAction\",\"target\":{\"@type\":\"EntryPoint\",\"urlTemplate\":\"https:\/\/carpathiacenter.ro\/?s={search_term_string}\"},\"query-input\":{\"@type\":\"PropertyValueSpecification\",\"valueRequired\":true,\"valueName\":\"search_term_string\"}}],\"inLanguage\":\"en-GB\"},{\"@type\":\"Organization\",\"@id\":\"https:\/\/carpathiacenter.ro\/#organization\",\"name\":\"Carpathia Center Romania\",\"url\":\"https:\/\/carpathiacenter.ro\/\",\"logo\":{\"@type\":\"ImageObject\",\"inLanguage\":\"en-GB\",\"@id\":\"https:\/\/carpathiacenter.ro\/#\/schema\/logo\/image\/\",\"url\":\"https:\/\/carpathiacenter.ro\/wp-content\/uploads\/2024\/07\/logo-carpathia_bg_white-1024x941.png\",\"contentUrl\":\"https:\/\/carpathiacenter.ro\/wp-content\/uploads\/2024\/07\/logo-carpathia_bg_white-1024x941.png\",\"width\":1024,\"height\":941,\"caption\":\"Carpathia Center Romania\"},\"image\":{\"@id\":\"https:\/\/carpathiacenter.ro\/#\/schema\/logo\/image\/\"},\"sameAs\":[\"https:\/\/www.facebook.com\/fdpscarpathia\/\"]},{\"@type\":\"Person\",\"@id\":\"https:\/\/carpathiacenter.ro\/#\/schema\/person\/03d9f58202fee8379268f34afa195006\",\"name\":\"creativebitsolutions\",\"image\":{\"@type\":\"ImageObject\",\"inLanguage\":\"en-GB\",\"@id\":\"https:\/\/carpathiacenter.ro\/#\/schema\/person\/image\/\",\"url\":\"https:\/\/secure.gravatar.com\/avatar\/1b1a13e37f847c635dab78348f1dff2f07651ee2a3d77a5c355a4b8c75f9165a?s=96&d=mm&r=g\",\"contentUrl\":\"https:\/\/secure.gravatar.com\/avatar\/1b1a13e37f847c635dab78348f1dff2f07651ee2a3d77a5c355a4b8c75f9165a?s=96&d=mm&r=g\",\"caption\":\"creativebitsolutions\"},\"url\":\"https:\/\/carpathiacenter.ro\/en\/author\/creativebitsolutions\/\"}]}<\/script>\n<!-- \/ Yoast SEO plugin. -->","yoast_head_json":{"title":"Rom\u00e2nia evit\u0103 pierderea ratingului de \u021bar\u0103, dar pericolul nu a trecut (ministru) - Carpathia Center Romania","robots":{"index":"index","follow":"follow","max-snippet":"max-snippet:-1","max-image-preview":"max-image-preview:large","max-video-preview":"max-video-preview:-1"},"canonical":"https:\/\/carpathiacenter.ro\/en\/romania-evita-pierderea-ratingului-de-tara-dar-pericolul-nu-a-trecut-ministru\/","og_locale":"en_GB","og_type":"article","og_title":"Rom\u00e2nia evit\u0103 pierderea ratingului de \u021bar\u0103, dar pericolul nu a trecut (ministru) - Carpathia Center Romania","og_description":"Rom\u00e2nia a primit un semnal foarte bun din partea Comisiei Europene, \u00een urma angaj\u0103rii r\u0103spunderii Guvernului pe pachetul de m\u0103suri fiscale, reduc\u00e2nd riscul retrograd\u0103rii ratingului de \u021bar\u0103, a declarat mar\u021bi ministrul Finan\u021belor, Alexandru Nazare. &#8216;Nu poate fi niciodat\u0103 o certitudine (c\u0103 am oprit retrogradarea &#8211; n. r.), dar gradul de siguran\u021b\u0103, av\u00e2nd \u00een vedere dublarea...","og_url":"https:\/\/carpathiacenter.ro\/en\/romania-evita-pierderea-ratingului-de-tara-dar-pericolul-nu-a-trecut-ministru\/","og_site_name":"Carpathia Center Romania","article_publisher":"https:\/\/www.facebook.com\/fdpscarpathia\/","article_published_time":"2025-07-09T12:19:32+00:00","og_image":[{"width":1020,"height":574,"url":"https:\/\/carpathiacenter.ro\/wp-content\/uploads\/2025\/07\/Nazare-630x420-1.webp","type":"image\/webp"}],"author":"creativebitsolutions","twitter_card":"summary_large_image","twitter_misc":{"Written by":"creativebitsolutions","Estimated reading time":"4 minutes"},"schema":{"@context":"https:\/\/schema.org","@graph":[{"@type":"Article","@id":"https:\/\/carpathiacenter.ro\/romania-evita-pierderea-ratingului-de-tara-dar-pericolul-nu-a-trecut-ministru\/#article","isPartOf":{"@id":"https:\/\/carpathiacenter.ro\/romania-evita-pierderea-ratingului-de-tara-dar-pericolul-nu-a-trecut-ministru\/"},"author":{"name":"creativebitsolutions","@id":"https:\/\/carpathiacenter.ro\/#\/schema\/person\/03d9f58202fee8379268f34afa195006"},"headline":"Rom\u00e2nia evit\u0103 pierderea ratingului de \u021bar\u0103, dar pericolul nu a trecut (ministru)","datePublished":"2025-07-09T12:19:32+00:00","mainEntityOfPage":{"@id":"https:\/\/carpathiacenter.ro\/romania-evita-pierderea-ratingului-de-tara-dar-pericolul-nu-a-trecut-ministru\/"},"wordCount":912,"commentCount":0,"publisher":{"@id":"https:\/\/carpathiacenter.ro\/#organization"},"image":{"@id":"https:\/\/carpathiacenter.ro\/romania-evita-pierderea-ratingului-de-tara-dar-pericolul-nu-a-trecut-ministru\/#primaryimage"},"thumbnailUrl":"https:\/\/carpathiacenter.ro\/wp-content\/uploads\/2025\/07\/Nazare-630x420-1.webp","articleSection":["Uncategorized"],"inLanguage":"en-GB","potentialAction":[{"@type":"CommentAction","name":"Comment","target":["https:\/\/carpathiacenter.ro\/romania-evita-pierderea-ratingului-de-tara-dar-pericolul-nu-a-trecut-ministru\/#respond"]}]},{"@type":"WebPage","@id":"https:\/\/carpathiacenter.ro\/romania-evita-pierderea-ratingului-de-tara-dar-pericolul-nu-a-trecut-ministru\/","url":"https:\/\/carpathiacenter.ro\/romania-evita-pierderea-ratingului-de-tara-dar-pericolul-nu-a-trecut-ministru\/","name":"Rom\u00e2nia evit\u0103 pierderea ratingului de \u021bar\u0103, dar pericolul nu a trecut (ministru) - Carpathia Center Romania","isPartOf":{"@id":"https:\/\/carpathiacenter.ro\/#website"},"primaryImageOfPage":{"@id":"https:\/\/carpathiacenter.ro\/romania-evita-pierderea-ratingului-de-tara-dar-pericolul-nu-a-trecut-ministru\/#primaryimage"},"image":{"@id":"https:\/\/carpathiacenter.ro\/romania-evita-pierderea-ratingului-de-tara-dar-pericolul-nu-a-trecut-ministru\/#primaryimage"},"thumbnailUrl":"https:\/\/carpathiacenter.ro\/wp-content\/uploads\/2025\/07\/Nazare-630x420-1.webp","datePublished":"2025-07-09T12:19:32+00:00","breadcrumb":{"@id":"https:\/\/carpathiacenter.ro\/romania-evita-pierderea-ratingului-de-tara-dar-pericolul-nu-a-trecut-ministru\/#breadcrumb"},"inLanguage":"en-GB","potentialAction":[{"@type":"ReadAction","target":["https:\/\/carpathiacenter.ro\/romania-evita-pierderea-ratingului-de-tara-dar-pericolul-nu-a-trecut-ministru\/"]}]},{"@type":"ImageObject","inLanguage":"en-GB","@id":"https:\/\/carpathiacenter.ro\/romania-evita-pierderea-ratingului-de-tara-dar-pericolul-nu-a-trecut-ministru\/#primaryimage","url":"https:\/\/carpathiacenter.ro\/wp-content\/uploads\/2025\/07\/Nazare-630x420-1.webp","contentUrl":"https:\/\/carpathiacenter.ro\/wp-content\/uploads\/2025\/07\/Nazare-630x420-1.webp","width":1020,"height":574},{"@type":"BreadcrumbList","@id":"https:\/\/carpathiacenter.ro\/romania-evita-pierderea-ratingului-de-tara-dar-pericolul-nu-a-trecut-ministru\/#breadcrumb","itemListElement":[{"@type":"ListItem","position":1,"name":"Prima pagin\u0103","item":"https:\/\/carpathiacenter.ro\/"},{"@type":"ListItem","position":2,"name":"Rom\u00e2nia evit\u0103 pierderea ratingului de \u021bar\u0103, dar pericolul nu a trecut (ministru)"}]},{"@type":"WebSite","@id":"https:\/\/carpathiacenter.ro\/#website","url":"https:\/\/carpathiacenter.ro\/","name":"Carpathia Center Romania","description":"Impossible made possible!","publisher":{"@id":"https:\/\/carpathiacenter.ro\/#organization"},"potentialAction":[{"@type":"SearchAction","target":{"@type":"EntryPoint","urlTemplate":"https:\/\/carpathiacenter.ro\/?s={search_term_string}"},"query-input":{"@type":"PropertyValueSpecification","valueRequired":true,"valueName":"search_term_string"}}],"inLanguage":"en-GB"},{"@type":"Organization","@id":"https:\/\/carpathiacenter.ro\/#organization","name":"Carpathia Center Romania","url":"https:\/\/carpathiacenter.ro\/","logo":{"@type":"ImageObject","inLanguage":"en-GB","@id":"https:\/\/carpathiacenter.ro\/#\/schema\/logo\/image\/","url":"https:\/\/carpathiacenter.ro\/wp-content\/uploads\/2024\/07\/logo-carpathia_bg_white-1024x941.png","contentUrl":"https:\/\/carpathiacenter.ro\/wp-content\/uploads\/2024\/07\/logo-carpathia_bg_white-1024x941.png","width":1024,"height":941,"caption":"Carpathia Center Romania"},"image":{"@id":"https:\/\/carpathiacenter.ro\/#\/schema\/logo\/image\/"},"sameAs":["https:\/\/www.facebook.com\/fdpscarpathia\/"]},{"@type":"Person","@id":"https:\/\/carpathiacenter.ro\/#\/schema\/person\/03d9f58202fee8379268f34afa195006","name":"creativebitsolutions","image":{"@type":"ImageObject","inLanguage":"en-GB","@id":"https:\/\/carpathiacenter.ro\/#\/schema\/person\/image\/","url":"https:\/\/secure.gravatar.com\/avatar\/1b1a13e37f847c635dab78348f1dff2f07651ee2a3d77a5c355a4b8c75f9165a?s=96&d=mm&r=g","contentUrl":"https:\/\/secure.gravatar.com\/avatar\/1b1a13e37f847c635dab78348f1dff2f07651ee2a3d77a5c355a4b8c75f9165a?s=96&d=mm&r=g","caption":"creativebitsolutions"},"url":"https:\/\/carpathiacenter.ro\/en\/author\/creativebitsolutions\/"}]}},"_links":{"self":[{"href":"https:\/\/carpathiacenter.ro\/en\/wp-json\/wp\/v2\/posts\/2686","targetHints":{"allow":["GET"]}}],"collection":[{"href":"https:\/\/carpathiacenter.ro\/en\/wp-json\/wp\/v2\/posts"}],"about":[{"href":"https:\/\/carpathiacenter.ro\/en\/wp-json\/wp\/v2\/types\/post"}],"author":[{"embeddable":true,"href":"https:\/\/carpathiacenter.ro\/en\/wp-json\/wp\/v2\/users\/4"}],"replies":[{"embeddable":true,"href":"https:\/\/carpathiacenter.ro\/en\/wp-json\/wp\/v2\/comments?post=2686"}],"version-history":[{"count":1,"href":"https:\/\/carpathiacenter.ro\/en\/wp-json\/wp\/v2\/posts\/2686\/revisions"}],"predecessor-version":[{"id":2691,"href":"https:\/\/carpathiacenter.ro\/en\/wp-json\/wp\/v2\/posts\/2686\/revisions\/2691"}],"wp:featuredmedia":[{"embeddable":true,"href":"https:\/\/carpathiacenter.ro\/en\/wp-json\/wp\/v2\/media\/2687"}],"wp:attachment":[{"href":"https:\/\/carpathiacenter.ro\/en\/wp-json\/wp\/v2\/media?parent=2686"}],"wp:term":[{"taxonomy":"category","embeddable":true,"href":"https:\/\/carpathiacenter.ro\/en\/wp-json\/wp\/v2\/categories?post=2686"},{"taxonomy":"post_tag","embeddable":true,"href":"https:\/\/carpathiacenter.ro\/en\/wp-json\/wp\/v2\/tags?post=2686"}],"curies":[{"name":"wp","href":"https:\/\/api.w.org\/{rel}","templated":true}]}}