{"id":2671,"date":"2025-07-07T13:12:49","date_gmt":"2025-07-07T13:12:49","guid":{"rendered":"https:\/\/carpathiacenter.ro\/?p=2671"},"modified":"2025-07-07T13:12:49","modified_gmt":"2025-07-07T13:12:49","slug":"ue-vrea-sa-acopere-deficitul-de-finantare-ecologica-prin-credite-pentru-natura","status":"publish","type":"post","link":"https:\/\/carpathiacenter.ro\/en\/ue-vrea-sa-acopere-deficitul-de-finantare-ecologica-prin-credite-pentru-natura\/","title":{"rendered":"UE vrea s\u0103 acopere deficitul de finan\u021bare ecologic\u0103 prin &#8216;credite pentru natur\u0103&#8217;"},"content":{"rendered":"<p>Uniunea European\u0103 va pune la punct reguli pentru a\u0219a-numite &#8216;credite pentru natur\u0103&#8217;, care vor pl\u0103ti fermierii \u0219i silvicultorii pentru \u00eengrijirea ecosistemelor, \u00een \u00eencercarea de a face aceast\u0103 munc\u0103 mai profitabil\u0103 din punct de vedere economic, a anun\u021bat luni Comisia European\u0103, transmite Reuters.<\/p>\n<p>Blocul comunitar caut\u0103 modalit\u0103\u021bi de a cre\u0219te finan\u021barea pentru protejarea mediului, f\u0103r\u0103 a suprasolicita bugetele publice epuizate de alte priorit\u0103\u021bi precum ap\u0103rarea.<\/p>\n<p>UE, care pl\u0103te\u0219te subven\u021bii uria\u0219e fermierilor \u00een cadrul Politicii Agricole Comune, estimeaz\u0103 c\u0103 are un deficit anual de 37 de miliarde de euro (43 de miliarde de dolari) \u00een finan\u021barea necesar\u0103 pentru protejarea biodiversit\u0103\u021bii.<\/p>\n<p><strong>\u00centr-un comunicat de pres\u0103 publicat luni, Comisia European\u0103 a precizat c\u0103, anul acesta, va \u00eenfiin\u021ba un grup de exper\u021bi &#8211; inclusiv guverne, fermieri, comunit\u0103\u021bi locale \u0219i oameni de \u0219tiin\u021b\u0103 &#8211; pentru a lucra la dezvoltarea de metodologii pentru &#8216;credite pentru natur\u0103&#8217; \u0219i va finan\u021ba un proiect pilot pentru aceste credite p\u00e2n\u0103 \u00een 2027.<\/strong><\/p>\n<p>Asta va permite companiilor sau \u021b\u0103rilor s\u0103 cumpere credite emise de fermieri, silvicultori \u0219i al\u021bi administratori de terenuri care protejeaz\u0103 natura, de exemplu, prin plantarea de copaci, restaurarea unei zone umede sau trecerea la tipuri de agricultur\u0103 regenerativ\u0103.<\/p>\n<p>Grupul de exper\u021bi va evalua modul de certificare a creditelor pentru natur\u0103 \u0219i va pune la punct o pia\u021b\u0103 pentru acestea, \u00eenainte de a decide dac\u0103 va include acest lucru \u00een legisla\u021bia UE.<\/p>\n<p>&#8216;Nu este vorba despre transformarea naturii \u00eentr-o marf\u0103, ci despre recunoa\u0219terea \u0219i recompensarea ac\u021biunilor care restaureaz\u0103 \u0219i sus\u021bin natura&#8217;, a declarat comisarul european pentru Mediu, Jessika Roswall.<\/p>\n<p>Ini\u021biativa este o copie a unei pie\u021be mai dezvoltate pentru &#8216;creditele de carbon&#8217;, \u00een care proiectele care reduc emisiile de CO2 v\u00e2nd credite companiilor care doresc s\u0103 sprijine eforturile de combatere a schimb\u0103rilor climatice. Cu toate acestea, pia\u021ba creditelor de carbon a fost afectat\u0103 de scandaluri recente \u00een care proiectele care au emis credite nu au reu\u0219it s\u0103 ofere beneficiile climatice pe care le pretindeau.<\/p>\n<p>S\u0103pt\u0103m\u00e2na trecut\u0103, Bruxelles-ul a propus un obiectiv climatic al UE pentru 2040, care ar permite \u021b\u0103rilor s\u0103 ia \u00een considerare creditele interna\u021bionale de carbon \u00een cadrul obiectivului UE pentru prima dat\u0103.<\/p>\n<p>Comisia a precizat luni c\u0103 este con\u0219tient\u0103 de &#8216;provoc\u0103rile \u0219i oportunit\u0103\u021bile&#8217; eviden\u021biate de pie\u021bele de credite de carbon. AGERPRES\/(AS-redactor: Constantin Balaban, editor: Andreea Marinescu, editor online: Adrian D\u0103d\u00e2rlat)<br \/>\n<br \/>\nSursa articolului:<a href=\"https:\/\/agerpres.ro\/economic-extern\/2025\/07\/07\/ue-vrea-sa-acopere-deficitul-de-finantare-ecologica-prin-credite-pentru-natura--1466200\" target=\"_blank\" rel=\"noopener\" title=\"\">https:\/\/agerpres.ro\/economic-extern\/2025\/07\/07\/ue-vrea-sa-acopere-deficitul-de-finantare-ecologica-prin-credite-pentru-natura&#8211;1466200<\/a><\/p>","protected":false},"excerpt":{"rendered":"<p>Uniunea European\u0103 va pune la punct reguli pentru a\u0219a-numite &#8216;credite pentru natur\u0103&#8217;, care vor pl\u0103ti fermierii \u0219i silvicultorii pentru \u00eengrijirea ecosistemelor, \u00een \u00eencercarea de a face aceast\u0103 munc\u0103 mai profitabil\u0103 din punct de vedere economic, a anun\u021bat luni Comisia European\u0103, transmite Reuters. Blocul comunitar caut\u0103 modalit\u0103\u021bi de a cre\u0219te finan\u021barea pentru protejarea mediului, f\u0103r\u0103 a&#8230;<\/p>","protected":false},"author":4,"featured_media":2672,"comment_status":"open","ping_status":"open","sticky":false,"template":"","format":"standard","meta":{"footnotes":""},"categories":[1],"tags":[],"class_list":["post-2671","post","type-post","status-publish","format-standard","has-post-thumbnail","hentry","category-uncategorized"],"yoast_head":"<!-- This site is optimized with the Yoast SEO plugin v26.1.1 - https:\/\/yoast.com\/wordpress\/plugins\/seo\/ -->\n<title>UE vrea s\u0103 acopere deficitul de finan\u021bare ecologic\u0103 prin &#039;credite pentru natur\u0103&#039; - Carpathia Center Romania<\/title>\n<meta name=\"robots\" content=\"index, follow, max-snippet:-1, max-image-preview:large, max-video-preview:-1\" \/>\n<link rel=\"canonical\" href=\"https:\/\/carpathiacenter.ro\/en\/ue-vrea-sa-acopere-deficitul-de-finantare-ecologica-prin-credite-pentru-natura\/\" \/>\n<meta property=\"og:locale\" content=\"en_GB\" \/>\n<meta property=\"og:type\" content=\"article\" \/>\n<meta property=\"og:title\" content=\"UE vrea s\u0103 acopere deficitul de finan\u021bare ecologic\u0103 prin &#039;credite pentru natur\u0103&#039; - Carpathia Center Romania\" \/>\n<meta property=\"og:description\" content=\"Uniunea European\u0103 va pune la punct reguli pentru a\u0219a-numite &#8216;credite pentru natur\u0103&#8217;, care vor pl\u0103ti fermierii \u0219i silvicultorii pentru \u00eengrijirea ecosistemelor, \u00een \u00eencercarea de a face aceast\u0103 munc\u0103 mai profitabil\u0103 din punct de vedere economic, a anun\u021bat luni Comisia European\u0103, transmite Reuters. Blocul comunitar caut\u0103 modalit\u0103\u021bi de a cre\u0219te finan\u021barea pentru protejarea mediului, f\u0103r\u0103 a...\" \/>\n<meta property=\"og:url\" content=\"https:\/\/carpathiacenter.ro\/en\/ue-vrea-sa-acopere-deficitul-de-finantare-ecologica-prin-credite-pentru-natura\/\" \/>\n<meta property=\"og:site_name\" content=\"Carpathia Center Romania\" \/>\n<meta property=\"article:publisher\" content=\"https:\/\/www.facebook.com\/fdpscarpathia\/\" \/>\n<meta property=\"article:published_time\" content=\"2025-07-07T13:12:49+00:00\" \/>\n<meta property=\"og:image\" content=\"https:\/\/carpathiacenter.ro\/wp-content\/uploads\/2025\/07\/green-deal.jpg\" \/>\n\t<meta property=\"og:image:width\" content=\"1200\" \/>\n\t<meta property=\"og:image:height\" content=\"675\" \/>\n\t<meta property=\"og:image:type\" content=\"image\/jpeg\" \/>\n<meta name=\"author\" content=\"creativebitsolutions\" \/>\n<meta name=\"twitter:card\" content=\"summary_large_image\" \/>\n<meta name=\"twitter:label1\" content=\"Written by\" \/>\n\t<meta name=\"twitter:data1\" content=\"creativebitsolutions\" \/>\n\t<meta name=\"twitter:label2\" content=\"Estimated reading time\" \/>\n\t<meta name=\"twitter:data2\" content=\"2 minutes\" \/>\n<script type=\"application\/ld+json\" class=\"yoast-schema-graph\">{\"@context\":\"https:\/\/schema.org\",\"@graph\":[{\"@type\":\"Article\",\"@id\":\"https:\/\/carpathiacenter.ro\/ue-vrea-sa-acopere-deficitul-de-finantare-ecologica-prin-credite-pentru-natura\/#article\",\"isPartOf\":{\"@id\":\"https:\/\/carpathiacenter.ro\/ue-vrea-sa-acopere-deficitul-de-finantare-ecologica-prin-credite-pentru-natura\/\"},\"author\":{\"name\":\"creativebitsolutions\",\"@id\":\"https:\/\/carpathiacenter.ro\/#\/schema\/person\/03d9f58202fee8379268f34afa195006\"},\"headline\":\"UE vrea s\u0103 acopere deficitul de finan\u021bare ecologic\u0103 prin &#8216;credite pentru natur\u0103&#8217;\",\"datePublished\":\"2025-07-07T13:12:49+00:00\",\"mainEntityOfPage\":{\"@id\":\"https:\/\/carpathiacenter.ro\/ue-vrea-sa-acopere-deficitul-de-finantare-ecologica-prin-credite-pentru-natura\/\"},\"wordCount\":433,\"commentCount\":0,\"publisher\":{\"@id\":\"https:\/\/carpathiacenter.ro\/#organization\"},\"image\":{\"@id\":\"https:\/\/carpathiacenter.ro\/ue-vrea-sa-acopere-deficitul-de-finantare-ecologica-prin-credite-pentru-natura\/#primaryimage\"},\"thumbnailUrl\":\"https:\/\/carpathiacenter.ro\/wp-content\/uploads\/2025\/07\/green-deal.jpg\",\"articleSection\":[\"Uncategorized\"],\"inLanguage\":\"en-GB\",\"potentialAction\":[{\"@type\":\"CommentAction\",\"name\":\"Comment\",\"target\":[\"https:\/\/carpathiacenter.ro\/ue-vrea-sa-acopere-deficitul-de-finantare-ecologica-prin-credite-pentru-natura\/#respond\"]}]},{\"@type\":\"WebPage\",\"@id\":\"https:\/\/carpathiacenter.ro\/ue-vrea-sa-acopere-deficitul-de-finantare-ecologica-prin-credite-pentru-natura\/\",\"url\":\"https:\/\/carpathiacenter.ro\/ue-vrea-sa-acopere-deficitul-de-finantare-ecologica-prin-credite-pentru-natura\/\",\"name\":\"UE vrea s\u0103 acopere deficitul de finan\u021bare ecologic\u0103 prin 'credite pentru natur\u0103' - Carpathia Center Romania\",\"isPartOf\":{\"@id\":\"https:\/\/carpathiacenter.ro\/#website\"},\"primaryImageOfPage\":{\"@id\":\"https:\/\/carpathiacenter.ro\/ue-vrea-sa-acopere-deficitul-de-finantare-ecologica-prin-credite-pentru-natura\/#primaryimage\"},\"image\":{\"@id\":\"https:\/\/carpathiacenter.ro\/ue-vrea-sa-acopere-deficitul-de-finantare-ecologica-prin-credite-pentru-natura\/#primaryimage\"},\"thumbnailUrl\":\"https:\/\/carpathiacenter.ro\/wp-content\/uploads\/2025\/07\/green-deal.jpg\",\"datePublished\":\"2025-07-07T13:12:49+00:00\",\"breadcrumb\":{\"@id\":\"https:\/\/carpathiacenter.ro\/ue-vrea-sa-acopere-deficitul-de-finantare-ecologica-prin-credite-pentru-natura\/#breadcrumb\"},\"inLanguage\":\"en-GB\",\"potentialAction\":[{\"@type\":\"ReadAction\",\"target\":[\"https:\/\/carpathiacenter.ro\/ue-vrea-sa-acopere-deficitul-de-finantare-ecologica-prin-credite-pentru-natura\/\"]}]},{\"@type\":\"ImageObject\",\"inLanguage\":\"en-GB\",\"@id\":\"https:\/\/carpathiacenter.ro\/ue-vrea-sa-acopere-deficitul-de-finantare-ecologica-prin-credite-pentru-natura\/#primaryimage\",\"url\":\"https:\/\/carpathiacenter.ro\/wp-content\/uploads\/2025\/07\/green-deal.jpg\",\"contentUrl\":\"https:\/\/carpathiacenter.ro\/wp-content\/uploads\/2025\/07\/green-deal.jpg\",\"width\":1200,\"height\":675},{\"@type\":\"BreadcrumbList\",\"@id\":\"https:\/\/carpathiacenter.ro\/ue-vrea-sa-acopere-deficitul-de-finantare-ecologica-prin-credite-pentru-natura\/#breadcrumb\",\"itemListElement\":[{\"@type\":\"ListItem\",\"position\":1,\"name\":\"Prima pagin\u0103\",\"item\":\"https:\/\/carpathiacenter.ro\/\"},{\"@type\":\"ListItem\",\"position\":2,\"name\":\"UE vrea s\u0103 acopere deficitul de finan\u021bare ecologic\u0103 prin &#8216;credite pentru natur\u0103&#8217;\"}]},{\"@type\":\"WebSite\",\"@id\":\"https:\/\/carpathiacenter.ro\/#website\",\"url\":\"https:\/\/carpathiacenter.ro\/\",\"name\":\"Carpathia Center Romania\",\"description\":\"Impossible made possible!\",\"publisher\":{\"@id\":\"https:\/\/carpathiacenter.ro\/#organization\"},\"potentialAction\":[{\"@type\":\"SearchAction\",\"target\":{\"@type\":\"EntryPoint\",\"urlTemplate\":\"https:\/\/carpathiacenter.ro\/?s={search_term_string}\"},\"query-input\":{\"@type\":\"PropertyValueSpecification\",\"valueRequired\":true,\"valueName\":\"search_term_string\"}}],\"inLanguage\":\"en-GB\"},{\"@type\":\"Organization\",\"@id\":\"https:\/\/carpathiacenter.ro\/#organization\",\"name\":\"Carpathia Center Romania\",\"url\":\"https:\/\/carpathiacenter.ro\/\",\"logo\":{\"@type\":\"ImageObject\",\"inLanguage\":\"en-GB\",\"@id\":\"https:\/\/carpathiacenter.ro\/#\/schema\/logo\/image\/\",\"url\":\"https:\/\/carpathiacenter.ro\/wp-content\/uploads\/2024\/07\/logo-carpathia_bg_white-1024x941.png\",\"contentUrl\":\"https:\/\/carpathiacenter.ro\/wp-content\/uploads\/2024\/07\/logo-carpathia_bg_white-1024x941.png\",\"width\":1024,\"height\":941,\"caption\":\"Carpathia Center Romania\"},\"image\":{\"@id\":\"https:\/\/carpathiacenter.ro\/#\/schema\/logo\/image\/\"},\"sameAs\":[\"https:\/\/www.facebook.com\/fdpscarpathia\/\"]},{\"@type\":\"Person\",\"@id\":\"https:\/\/carpathiacenter.ro\/#\/schema\/person\/03d9f58202fee8379268f34afa195006\",\"name\":\"creativebitsolutions\",\"image\":{\"@type\":\"ImageObject\",\"inLanguage\":\"en-GB\",\"@id\":\"https:\/\/carpathiacenter.ro\/#\/schema\/person\/image\/\",\"url\":\"https:\/\/secure.gravatar.com\/avatar\/1b1a13e37f847c635dab78348f1dff2f07651ee2a3d77a5c355a4b8c75f9165a?s=96&d=mm&r=g\",\"contentUrl\":\"https:\/\/secure.gravatar.com\/avatar\/1b1a13e37f847c635dab78348f1dff2f07651ee2a3d77a5c355a4b8c75f9165a?s=96&d=mm&r=g\",\"caption\":\"creativebitsolutions\"},\"url\":\"https:\/\/carpathiacenter.ro\/en\/author\/creativebitsolutions\/\"}]}<\/script>\n<!-- \/ Yoast SEO plugin. -->","yoast_head_json":{"title":"UE vrea s\u0103 acopere deficitul de finan\u021bare ecologic\u0103 prin 'credite pentru natur\u0103' - Carpathia Center Romania","robots":{"index":"index","follow":"follow","max-snippet":"max-snippet:-1","max-image-preview":"max-image-preview:large","max-video-preview":"max-video-preview:-1"},"canonical":"https:\/\/carpathiacenter.ro\/en\/ue-vrea-sa-acopere-deficitul-de-finantare-ecologica-prin-credite-pentru-natura\/","og_locale":"en_GB","og_type":"article","og_title":"UE vrea s\u0103 acopere deficitul de finan\u021bare ecologic\u0103 prin 'credite pentru natur\u0103' - Carpathia Center Romania","og_description":"Uniunea European\u0103 va pune la punct reguli pentru a\u0219a-numite &#8216;credite pentru natur\u0103&#8217;, care vor pl\u0103ti fermierii \u0219i silvicultorii pentru \u00eengrijirea ecosistemelor, \u00een \u00eencercarea de a face aceast\u0103 munc\u0103 mai profitabil\u0103 din punct de vedere economic, a anun\u021bat luni Comisia European\u0103, transmite Reuters. Blocul comunitar caut\u0103 modalit\u0103\u021bi de a cre\u0219te finan\u021barea pentru protejarea mediului, f\u0103r\u0103 a...","og_url":"https:\/\/carpathiacenter.ro\/en\/ue-vrea-sa-acopere-deficitul-de-finantare-ecologica-prin-credite-pentru-natura\/","og_site_name":"Carpathia Center Romania","article_publisher":"https:\/\/www.facebook.com\/fdpscarpathia\/","article_published_time":"2025-07-07T13:12:49+00:00","og_image":[{"width":1200,"height":675,"url":"https:\/\/carpathiacenter.ro\/wp-content\/uploads\/2025\/07\/green-deal.jpg","type":"image\/jpeg"}],"author":"creativebitsolutions","twitter_card":"summary_large_image","twitter_misc":{"Written by":"creativebitsolutions","Estimated reading time":"2 minutes"},"schema":{"@context":"https:\/\/schema.org","@graph":[{"@type":"Article","@id":"https:\/\/carpathiacenter.ro\/ue-vrea-sa-acopere-deficitul-de-finantare-ecologica-prin-credite-pentru-natura\/#article","isPartOf":{"@id":"https:\/\/carpathiacenter.ro\/ue-vrea-sa-acopere-deficitul-de-finantare-ecologica-prin-credite-pentru-natura\/"},"author":{"name":"creativebitsolutions","@id":"https:\/\/carpathiacenter.ro\/#\/schema\/person\/03d9f58202fee8379268f34afa195006"},"headline":"UE vrea s\u0103 acopere deficitul de finan\u021bare ecologic\u0103 prin &#8216;credite pentru natur\u0103&#8217;","datePublished":"2025-07-07T13:12:49+00:00","mainEntityOfPage":{"@id":"https:\/\/carpathiacenter.ro\/ue-vrea-sa-acopere-deficitul-de-finantare-ecologica-prin-credite-pentru-natura\/"},"wordCount":433,"commentCount":0,"publisher":{"@id":"https:\/\/carpathiacenter.ro\/#organization"},"image":{"@id":"https:\/\/carpathiacenter.ro\/ue-vrea-sa-acopere-deficitul-de-finantare-ecologica-prin-credite-pentru-natura\/#primaryimage"},"thumbnailUrl":"https:\/\/carpathiacenter.ro\/wp-content\/uploads\/2025\/07\/green-deal.jpg","articleSection":["Uncategorized"],"inLanguage":"en-GB","potentialAction":[{"@type":"CommentAction","name":"Comment","target":["https:\/\/carpathiacenter.ro\/ue-vrea-sa-acopere-deficitul-de-finantare-ecologica-prin-credite-pentru-natura\/#respond"]}]},{"@type":"WebPage","@id":"https:\/\/carpathiacenter.ro\/ue-vrea-sa-acopere-deficitul-de-finantare-ecologica-prin-credite-pentru-natura\/","url":"https:\/\/carpathiacenter.ro\/ue-vrea-sa-acopere-deficitul-de-finantare-ecologica-prin-credite-pentru-natura\/","name":"UE vrea s\u0103 acopere deficitul de finan\u021bare ecologic\u0103 prin 'credite pentru natur\u0103' - Carpathia Center Romania","isPartOf":{"@id":"https:\/\/carpathiacenter.ro\/#website"},"primaryImageOfPage":{"@id":"https:\/\/carpathiacenter.ro\/ue-vrea-sa-acopere-deficitul-de-finantare-ecologica-prin-credite-pentru-natura\/#primaryimage"},"image":{"@id":"https:\/\/carpathiacenter.ro\/ue-vrea-sa-acopere-deficitul-de-finantare-ecologica-prin-credite-pentru-natura\/#primaryimage"},"thumbnailUrl":"https:\/\/carpathiacenter.ro\/wp-content\/uploads\/2025\/07\/green-deal.jpg","datePublished":"2025-07-07T13:12:49+00:00","breadcrumb":{"@id":"https:\/\/carpathiacenter.ro\/ue-vrea-sa-acopere-deficitul-de-finantare-ecologica-prin-credite-pentru-natura\/#breadcrumb"},"inLanguage":"en-GB","potentialAction":[{"@type":"ReadAction","target":["https:\/\/carpathiacenter.ro\/ue-vrea-sa-acopere-deficitul-de-finantare-ecologica-prin-credite-pentru-natura\/"]}]},{"@type":"ImageObject","inLanguage":"en-GB","@id":"https:\/\/carpathiacenter.ro\/ue-vrea-sa-acopere-deficitul-de-finantare-ecologica-prin-credite-pentru-natura\/#primaryimage","url":"https:\/\/carpathiacenter.ro\/wp-content\/uploads\/2025\/07\/green-deal.jpg","contentUrl":"https:\/\/carpathiacenter.ro\/wp-content\/uploads\/2025\/07\/green-deal.jpg","width":1200,"height":675},{"@type":"BreadcrumbList","@id":"https:\/\/carpathiacenter.ro\/ue-vrea-sa-acopere-deficitul-de-finantare-ecologica-prin-credite-pentru-natura\/#breadcrumb","itemListElement":[{"@type":"ListItem","position":1,"name":"Prima pagin\u0103","item":"https:\/\/carpathiacenter.ro\/"},{"@type":"ListItem","position":2,"name":"UE vrea s\u0103 acopere deficitul de finan\u021bare ecologic\u0103 prin &#8216;credite pentru natur\u0103&#8217;"}]},{"@type":"WebSite","@id":"https:\/\/carpathiacenter.ro\/#website","url":"https:\/\/carpathiacenter.ro\/","name":"Carpathia Center Romania","description":"Impossible made possible!","publisher":{"@id":"https:\/\/carpathiacenter.ro\/#organization"},"potentialAction":[{"@type":"SearchAction","target":{"@type":"EntryPoint","urlTemplate":"https:\/\/carpathiacenter.ro\/?s={search_term_string}"},"query-input":{"@type":"PropertyValueSpecification","valueRequired":true,"valueName":"search_term_string"}}],"inLanguage":"en-GB"},{"@type":"Organization","@id":"https:\/\/carpathiacenter.ro\/#organization","name":"Carpathia Center Romania","url":"https:\/\/carpathiacenter.ro\/","logo":{"@type":"ImageObject","inLanguage":"en-GB","@id":"https:\/\/carpathiacenter.ro\/#\/schema\/logo\/image\/","url":"https:\/\/carpathiacenter.ro\/wp-content\/uploads\/2024\/07\/logo-carpathia_bg_white-1024x941.png","contentUrl":"https:\/\/carpathiacenter.ro\/wp-content\/uploads\/2024\/07\/logo-carpathia_bg_white-1024x941.png","width":1024,"height":941,"caption":"Carpathia Center Romania"},"image":{"@id":"https:\/\/carpathiacenter.ro\/#\/schema\/logo\/image\/"},"sameAs":["https:\/\/www.facebook.com\/fdpscarpathia\/"]},{"@type":"Person","@id":"https:\/\/carpathiacenter.ro\/#\/schema\/person\/03d9f58202fee8379268f34afa195006","name":"creativebitsolutions","image":{"@type":"ImageObject","inLanguage":"en-GB","@id":"https:\/\/carpathiacenter.ro\/#\/schema\/person\/image\/","url":"https:\/\/secure.gravatar.com\/avatar\/1b1a13e37f847c635dab78348f1dff2f07651ee2a3d77a5c355a4b8c75f9165a?s=96&d=mm&r=g","contentUrl":"https:\/\/secure.gravatar.com\/avatar\/1b1a13e37f847c635dab78348f1dff2f07651ee2a3d77a5c355a4b8c75f9165a?s=96&d=mm&r=g","caption":"creativebitsolutions"},"url":"https:\/\/carpathiacenter.ro\/en\/author\/creativebitsolutions\/"}]}},"_links":{"self":[{"href":"https:\/\/carpathiacenter.ro\/en\/wp-json\/wp\/v2\/posts\/2671","targetHints":{"allow":["GET"]}}],"collection":[{"href":"https:\/\/carpathiacenter.ro\/en\/wp-json\/wp\/v2\/posts"}],"about":[{"href":"https:\/\/carpathiacenter.ro\/en\/wp-json\/wp\/v2\/types\/post"}],"author":[{"embeddable":true,"href":"https:\/\/carpathiacenter.ro\/en\/wp-json\/wp\/v2\/users\/4"}],"replies":[{"embeddable":true,"href":"https:\/\/carpathiacenter.ro\/en\/wp-json\/wp\/v2\/comments?post=2671"}],"version-history":[{"count":1,"href":"https:\/\/carpathiacenter.ro\/en\/wp-json\/wp\/v2\/posts\/2671\/revisions"}],"predecessor-version":[{"id":2673,"href":"https:\/\/carpathiacenter.ro\/en\/wp-json\/wp\/v2\/posts\/2671\/revisions\/2673"}],"wp:featuredmedia":[{"embeddable":true,"href":"https:\/\/carpathiacenter.ro\/en\/wp-json\/wp\/v2\/media\/2672"}],"wp:attachment":[{"href":"https:\/\/carpathiacenter.ro\/en\/wp-json\/wp\/v2\/media?parent=2671"}],"wp:term":[{"taxonomy":"category","embeddable":true,"href":"https:\/\/carpathiacenter.ro\/en\/wp-json\/wp\/v2\/categories?post=2671"},{"taxonomy":"post_tag","embeddable":true,"href":"https:\/\/carpathiacenter.ro\/en\/wp-json\/wp\/v2\/tags?post=2671"}],"curies":[{"name":"wp","href":"https:\/\/api.w.org\/{rel}","templated":true}]}}