{"id":2648,"date":"2025-07-02T08:58:44","date_gmt":"2025-07-02T08:58:44","guid":{"rendered":"https:\/\/carpathiacenter.ro\/?p=2648"},"modified":"2025-07-02T08:58:44","modified_gmt":"2025-07-02T08:58:44","slug":"vicepremierul-anastasiu-asteptam-maine-pachetul-fiscal-suntem-cu-spatele-la-zid","status":"publish","type":"post","link":"https:\/\/carpathiacenter.ro\/en\/vicepremierul-anastasiu-asteptam-maine-pachetul-fiscal-suntem-cu-spatele-la-zid\/","title":{"rendered":"Vicepremierul Anastasiu: A\u0219tept\u0103m m\u00e2ine pachetul fiscal; suntem cu spatele la zid"},"content":{"rendered":"<p><strong>Vicepremierul Drago\u0219 Anastasiu a anun\u021bat c\u0103 miercuri ar putea fi finalizat pachetul cu m\u0103surile fiscale, care p\u00e2n\u0103 pe 7 iulie trebuie &#8221;trecut printr-o legiferare&#8221;.<\/strong><\/p>\n<p>&#8221;A\u0219tept\u0103m m\u00e2ine pachetul fiscal. Este un pachet mai larg. O s\u0103 fie o ordonan\u021b\u0103, iar\u0103\u0219i denumit\u0103 &#8216;trenule\u021b&#8217;, cu multe lucruri pe care le vom decide. Cred c\u0103 m\u00e2ine (n.r. &#8211; miercuri) va fi decizia final\u0103. \u0218i ve\u021bi vedea atunci cu ce ie\u0219im. Din p\u0103cate, cu foarte pu\u021bin timp de consultare, de foarte pu\u021bin timp de dezbatere. De ce? Pentru c\u0103 suntem cu spatele la zid din punct de vedere al timpului. Pe 7 iulie, noi trebuie s\u0103 avem un pachet trecut printr-o legiferare. C\u0103 se cheam\u0103 ordonan\u021b\u0103, c\u0103 se cheam\u0103 asumare, va trebui s\u0103 decid\u0103 coali\u021bia de guvernare. Dar noi, dac\u0103 nu avem acest pachet trecut \u00eentr-o form\u0103 sau alta, vine vara, ne ducem prin septembrie-octombrie. \u00cen aceast\u0103 perioad\u0103, agen\u021biile de rating vin \u00een Rom\u00e2nia \u0219i nu sc\u0103p\u0103m de cel mai crunt scenariu pe care am putea s\u0103 ni-l imagin\u0103m \u0219i care se cheam\u0103 sc\u0103derea ratingului de \u021bar\u0103 de la ce avem acum la ceea ce se cheam\u0103 junk, adic\u0103 nerecomandat investi\u021biilor. \u00c3sta este scenariul Grecia 2010&#8221;, a spus vicepremierul, la Digi 24.<\/p>\n<p>Pe 27 iunie, premierul Ilie Bolojan a declarat c\u0103 pachetul de m\u0103suri privind reducerea deficitului bugetar va fi anun\u021bat s\u0103pt\u0103m\u00e2na aceasta.<\/p>\n<p>&#8216;Pachetul de m\u0103suri \u00eel vom anun\u021ba s\u0103pt\u0103m\u00e2na viitoare&#8217;, spunea premierul.<\/p>\n<p>Guvernul a adoptat luni OUG care prevede limitarea sporului acordat \u00een sectorul public pentru activitatea \u00een condi\u021bii periculoase sau v\u0103t\u0103m\u0103toare la 300 lei brut lunar, corespunz\u0103tor timpului lucrat la locul de munc\u0103 respectiv.<\/p>\n<p>De asemenea, concediul de odihn\u0103 suplimentar, acordat pentru prestarea de munci grele, periculoase sau v\u0103t\u0103m\u0103toare, ori activitate \u00een locuri de munc\u0103 \u00een care exist\u0103 astfel de condi\u021bii, va avea o durat\u0103 cuprins\u0103 \u00eentre 3 \u0219i 5 zile lucr\u0103toare, mai prevede ordonan\u021ba.<\/p>\n<p>Sindicatele au \u00eenceput ac\u021biuni de protest. AGERPRES\/(AS &#8211; redactor: Georgiana T\u0103n\u0103sescu, editor: Mihai Simionescu, editor online: Ady Iva\u015fcu)<br \/>\n<br \/>\nSursa articolului:<a href=\"https:\/\/agerpres.ro\/politic\/2025\/07\/01\/vicepremierul-anastasiu-asteptam-maine-pachetul-fiscal-suntem-cu-spatele-la-zid--1464710\" target=\"_blank\" rel=\"noopener\" title=\"\">https:\/\/agerpres.ro\/politic\/2025\/07\/01\/vicepremierul-anastasiu-asteptam-maine-pachetul-fiscal-suntem-cu-spatele-la-zid&#8211;1464710<\/a><\/p>","protected":false},"excerpt":{"rendered":"<p>Vicepremierul Drago\u0219 Anastasiu a anun\u021bat c\u0103 miercuri ar putea fi finalizat pachetul cu m\u0103surile fiscale, care p\u00e2n\u0103 pe 7 iulie trebuie &#8221;trecut printr-o legiferare&#8221;. &#8221;A\u0219tept\u0103m m\u00e2ine pachetul fiscal. Este un pachet mai larg. O s\u0103 fie o ordonan\u021b\u0103, iar\u0103\u0219i denumit\u0103 &#8216;trenule\u021b&#8217;, cu multe lucruri pe care le vom decide. Cred c\u0103 m\u00e2ine (n.r. &#8211; miercuri)&#8230;<\/p>","protected":false},"author":4,"featured_media":2649,"comment_status":"open","ping_status":"open","sticky":false,"template":"","format":"standard","meta":{"footnotes":""},"categories":[1],"tags":[],"class_list":["post-2648","post","type-post","status-publish","format-standard","has-post-thumbnail","hentry","category-uncategorized"],"yoast_head":"<!-- This site is optimized with the Yoast SEO plugin v26.1.1 - https:\/\/yoast.com\/wordpress\/plugins\/seo\/ -->\n<title>Vicepremierul Anastasiu: A\u0219tept\u0103m m\u00e2ine pachetul fiscal; suntem cu spatele la zid - Carpathia Center Romania<\/title>\n<meta name=\"robots\" content=\"index, follow, max-snippet:-1, max-image-preview:large, max-video-preview:-1\" \/>\n<link rel=\"canonical\" href=\"https:\/\/carpathiacenter.ro\/en\/vicepremierul-anastasiu-asteptam-maine-pachetul-fiscal-suntem-cu-spatele-la-zid\/\" \/>\n<meta property=\"og:locale\" content=\"en_GB\" \/>\n<meta property=\"og:type\" content=\"article\" \/>\n<meta property=\"og:title\" content=\"Vicepremierul Anastasiu: A\u0219tept\u0103m m\u00e2ine pachetul fiscal; suntem cu spatele la zid - Carpathia Center Romania\" \/>\n<meta property=\"og:description\" content=\"Vicepremierul Drago\u0219 Anastasiu a anun\u021bat c\u0103 miercuri ar putea fi finalizat pachetul cu m\u0103surile fiscale, care p\u00e2n\u0103 pe 7 iulie trebuie &#8221;trecut printr-o legiferare&#8221;. &#8221;A\u0219tept\u0103m m\u00e2ine pachetul fiscal. Este un pachet mai larg. O s\u0103 fie o ordonan\u021b\u0103, iar\u0103\u0219i denumit\u0103 &#8216;trenule\u021b&#8217;, cu multe lucruri pe care le vom decide. Cred c\u0103 m\u00e2ine (n.r. &#8211; miercuri)...\" \/>\n<meta property=\"og:url\" content=\"https:\/\/carpathiacenter.ro\/en\/vicepremierul-anastasiu-asteptam-maine-pachetul-fiscal-suntem-cu-spatele-la-zid\/\" \/>\n<meta property=\"og:site_name\" content=\"Carpathia Center Romania\" \/>\n<meta property=\"article:publisher\" content=\"https:\/\/www.facebook.com\/fdpscarpathia\/\" \/>\n<meta property=\"article:published_time\" content=\"2025-07-02T08:58:44+00:00\" \/>\n<meta property=\"og:image\" content=\"https:\/\/carpathiacenter.ro\/wp-content\/uploads\/2025\/07\/Dragos-Anastasiu.webp\" \/>\n\t<meta property=\"og:image:width\" content=\"1260\" \/>\n\t<meta property=\"og:image:height\" content=\"709\" \/>\n\t<meta property=\"og:image:type\" content=\"image\/webp\" \/>\n<meta name=\"author\" content=\"creativebitsolutions\" \/>\n<meta name=\"twitter:card\" content=\"summary_large_image\" \/>\n<meta name=\"twitter:label1\" content=\"Written by\" \/>\n\t<meta name=\"twitter:data1\" content=\"creativebitsolutions\" \/>\n\t<meta name=\"twitter:label2\" content=\"Estimated reading time\" \/>\n\t<meta name=\"twitter:data2\" content=\"2 minutes\" \/>\n<script type=\"application\/ld+json\" class=\"yoast-schema-graph\">{\"@context\":\"https:\/\/schema.org\",\"@graph\":[{\"@type\":\"Article\",\"@id\":\"https:\/\/carpathiacenter.ro\/vicepremierul-anastasiu-asteptam-maine-pachetul-fiscal-suntem-cu-spatele-la-zid\/#article\",\"isPartOf\":{\"@id\":\"https:\/\/carpathiacenter.ro\/vicepremierul-anastasiu-asteptam-maine-pachetul-fiscal-suntem-cu-spatele-la-zid\/\"},\"author\":{\"name\":\"creativebitsolutions\",\"@id\":\"https:\/\/carpathiacenter.ro\/#\/schema\/person\/03d9f58202fee8379268f34afa195006\"},\"headline\":\"Vicepremierul Anastasiu: A\u0219tept\u0103m m\u00e2ine pachetul fiscal; suntem cu spatele la zid\",\"datePublished\":\"2025-07-02T08:58:44+00:00\",\"mainEntityOfPage\":{\"@id\":\"https:\/\/carpathiacenter.ro\/vicepremierul-anastasiu-asteptam-maine-pachetul-fiscal-suntem-cu-spatele-la-zid\/\"},\"wordCount\":381,\"commentCount\":0,\"publisher\":{\"@id\":\"https:\/\/carpathiacenter.ro\/#organization\"},\"image\":{\"@id\":\"https:\/\/carpathiacenter.ro\/vicepremierul-anastasiu-asteptam-maine-pachetul-fiscal-suntem-cu-spatele-la-zid\/#primaryimage\"},\"thumbnailUrl\":\"https:\/\/carpathiacenter.ro\/wp-content\/uploads\/2025\/07\/Dragos-Anastasiu.webp\",\"articleSection\":[\"Uncategorized\"],\"inLanguage\":\"en-GB\",\"potentialAction\":[{\"@type\":\"CommentAction\",\"name\":\"Comment\",\"target\":[\"https:\/\/carpathiacenter.ro\/vicepremierul-anastasiu-asteptam-maine-pachetul-fiscal-suntem-cu-spatele-la-zid\/#respond\"]}]},{\"@type\":\"WebPage\",\"@id\":\"https:\/\/carpathiacenter.ro\/vicepremierul-anastasiu-asteptam-maine-pachetul-fiscal-suntem-cu-spatele-la-zid\/\",\"url\":\"https:\/\/carpathiacenter.ro\/vicepremierul-anastasiu-asteptam-maine-pachetul-fiscal-suntem-cu-spatele-la-zid\/\",\"name\":\"Vicepremierul Anastasiu: A\u0219tept\u0103m m\u00e2ine pachetul fiscal; suntem cu spatele la zid - Carpathia Center Romania\",\"isPartOf\":{\"@id\":\"https:\/\/carpathiacenter.ro\/#website\"},\"primaryImageOfPage\":{\"@id\":\"https:\/\/carpathiacenter.ro\/vicepremierul-anastasiu-asteptam-maine-pachetul-fiscal-suntem-cu-spatele-la-zid\/#primaryimage\"},\"image\":{\"@id\":\"https:\/\/carpathiacenter.ro\/vicepremierul-anastasiu-asteptam-maine-pachetul-fiscal-suntem-cu-spatele-la-zid\/#primaryimage\"},\"thumbnailUrl\":\"https:\/\/carpathiacenter.ro\/wp-content\/uploads\/2025\/07\/Dragos-Anastasiu.webp\",\"datePublished\":\"2025-07-02T08:58:44+00:00\",\"breadcrumb\":{\"@id\":\"https:\/\/carpathiacenter.ro\/vicepremierul-anastasiu-asteptam-maine-pachetul-fiscal-suntem-cu-spatele-la-zid\/#breadcrumb\"},\"inLanguage\":\"en-GB\",\"potentialAction\":[{\"@type\":\"ReadAction\",\"target\":[\"https:\/\/carpathiacenter.ro\/vicepremierul-anastasiu-asteptam-maine-pachetul-fiscal-suntem-cu-spatele-la-zid\/\"]}]},{\"@type\":\"ImageObject\",\"inLanguage\":\"en-GB\",\"@id\":\"https:\/\/carpathiacenter.ro\/vicepremierul-anastasiu-asteptam-maine-pachetul-fiscal-suntem-cu-spatele-la-zid\/#primaryimage\",\"url\":\"https:\/\/carpathiacenter.ro\/wp-content\/uploads\/2025\/07\/Dragos-Anastasiu.webp\",\"contentUrl\":\"https:\/\/carpathiacenter.ro\/wp-content\/uploads\/2025\/07\/Dragos-Anastasiu.webp\",\"width\":1260,\"height\":709},{\"@type\":\"BreadcrumbList\",\"@id\":\"https:\/\/carpathiacenter.ro\/vicepremierul-anastasiu-asteptam-maine-pachetul-fiscal-suntem-cu-spatele-la-zid\/#breadcrumb\",\"itemListElement\":[{\"@type\":\"ListItem\",\"position\":1,\"name\":\"Prima pagin\u0103\",\"item\":\"https:\/\/carpathiacenter.ro\/\"},{\"@type\":\"ListItem\",\"position\":2,\"name\":\"Vicepremierul Anastasiu: A\u0219tept\u0103m m\u00e2ine pachetul fiscal; suntem cu spatele la zid\"}]},{\"@type\":\"WebSite\",\"@id\":\"https:\/\/carpathiacenter.ro\/#website\",\"url\":\"https:\/\/carpathiacenter.ro\/\",\"name\":\"Carpathia Center Romania\",\"description\":\"Impossible made possible!\",\"publisher\":{\"@id\":\"https:\/\/carpathiacenter.ro\/#organization\"},\"potentialAction\":[{\"@type\":\"SearchAction\",\"target\":{\"@type\":\"EntryPoint\",\"urlTemplate\":\"https:\/\/carpathiacenter.ro\/?s={search_term_string}\"},\"query-input\":{\"@type\":\"PropertyValueSpecification\",\"valueRequired\":true,\"valueName\":\"search_term_string\"}}],\"inLanguage\":\"en-GB\"},{\"@type\":\"Organization\",\"@id\":\"https:\/\/carpathiacenter.ro\/#organization\",\"name\":\"Carpathia Center Romania\",\"url\":\"https:\/\/carpathiacenter.ro\/\",\"logo\":{\"@type\":\"ImageObject\",\"inLanguage\":\"en-GB\",\"@id\":\"https:\/\/carpathiacenter.ro\/#\/schema\/logo\/image\/\",\"url\":\"https:\/\/carpathiacenter.ro\/wp-content\/uploads\/2024\/07\/logo-carpathia_bg_white-1024x941.png\",\"contentUrl\":\"https:\/\/carpathiacenter.ro\/wp-content\/uploads\/2024\/07\/logo-carpathia_bg_white-1024x941.png\",\"width\":1024,\"height\":941,\"caption\":\"Carpathia Center Romania\"},\"image\":{\"@id\":\"https:\/\/carpathiacenter.ro\/#\/schema\/logo\/image\/\"},\"sameAs\":[\"https:\/\/www.facebook.com\/fdpscarpathia\/\"]},{\"@type\":\"Person\",\"@id\":\"https:\/\/carpathiacenter.ro\/#\/schema\/person\/03d9f58202fee8379268f34afa195006\",\"name\":\"creativebitsolutions\",\"image\":{\"@type\":\"ImageObject\",\"inLanguage\":\"en-GB\",\"@id\":\"https:\/\/carpathiacenter.ro\/#\/schema\/person\/image\/\",\"url\":\"https:\/\/secure.gravatar.com\/avatar\/1b1a13e37f847c635dab78348f1dff2f07651ee2a3d77a5c355a4b8c75f9165a?s=96&d=mm&r=g\",\"contentUrl\":\"https:\/\/secure.gravatar.com\/avatar\/1b1a13e37f847c635dab78348f1dff2f07651ee2a3d77a5c355a4b8c75f9165a?s=96&d=mm&r=g\",\"caption\":\"creativebitsolutions\"},\"url\":\"https:\/\/carpathiacenter.ro\/en\/author\/creativebitsolutions\/\"}]}<\/script>\n<!-- \/ Yoast SEO plugin. -->","yoast_head_json":{"title":"Vicepremierul Anastasiu: A\u0219tept\u0103m m\u00e2ine pachetul fiscal; suntem cu spatele la zid - Carpathia Center Romania","robots":{"index":"index","follow":"follow","max-snippet":"max-snippet:-1","max-image-preview":"max-image-preview:large","max-video-preview":"max-video-preview:-1"},"canonical":"https:\/\/carpathiacenter.ro\/en\/vicepremierul-anastasiu-asteptam-maine-pachetul-fiscal-suntem-cu-spatele-la-zid\/","og_locale":"en_GB","og_type":"article","og_title":"Vicepremierul Anastasiu: A\u0219tept\u0103m m\u00e2ine pachetul fiscal; suntem cu spatele la zid - Carpathia Center Romania","og_description":"Vicepremierul Drago\u0219 Anastasiu a anun\u021bat c\u0103 miercuri ar putea fi finalizat pachetul cu m\u0103surile fiscale, care p\u00e2n\u0103 pe 7 iulie trebuie &#8221;trecut printr-o legiferare&#8221;. &#8221;A\u0219tept\u0103m m\u00e2ine pachetul fiscal. Este un pachet mai larg. O s\u0103 fie o ordonan\u021b\u0103, iar\u0103\u0219i denumit\u0103 &#8216;trenule\u021b&#8217;, cu multe lucruri pe care le vom decide. Cred c\u0103 m\u00e2ine (n.r. &#8211; miercuri)...","og_url":"https:\/\/carpathiacenter.ro\/en\/vicepremierul-anastasiu-asteptam-maine-pachetul-fiscal-suntem-cu-spatele-la-zid\/","og_site_name":"Carpathia Center Romania","article_publisher":"https:\/\/www.facebook.com\/fdpscarpathia\/","article_published_time":"2025-07-02T08:58:44+00:00","og_image":[{"width":1260,"height":709,"url":"https:\/\/carpathiacenter.ro\/wp-content\/uploads\/2025\/07\/Dragos-Anastasiu.webp","type":"image\/webp"}],"author":"creativebitsolutions","twitter_card":"summary_large_image","twitter_misc":{"Written by":"creativebitsolutions","Estimated reading time":"2 minutes"},"schema":{"@context":"https:\/\/schema.org","@graph":[{"@type":"Article","@id":"https:\/\/carpathiacenter.ro\/vicepremierul-anastasiu-asteptam-maine-pachetul-fiscal-suntem-cu-spatele-la-zid\/#article","isPartOf":{"@id":"https:\/\/carpathiacenter.ro\/vicepremierul-anastasiu-asteptam-maine-pachetul-fiscal-suntem-cu-spatele-la-zid\/"},"author":{"name":"creativebitsolutions","@id":"https:\/\/carpathiacenter.ro\/#\/schema\/person\/03d9f58202fee8379268f34afa195006"},"headline":"Vicepremierul Anastasiu: A\u0219tept\u0103m m\u00e2ine pachetul fiscal; suntem cu spatele la zid","datePublished":"2025-07-02T08:58:44+00:00","mainEntityOfPage":{"@id":"https:\/\/carpathiacenter.ro\/vicepremierul-anastasiu-asteptam-maine-pachetul-fiscal-suntem-cu-spatele-la-zid\/"},"wordCount":381,"commentCount":0,"publisher":{"@id":"https:\/\/carpathiacenter.ro\/#organization"},"image":{"@id":"https:\/\/carpathiacenter.ro\/vicepremierul-anastasiu-asteptam-maine-pachetul-fiscal-suntem-cu-spatele-la-zid\/#primaryimage"},"thumbnailUrl":"https:\/\/carpathiacenter.ro\/wp-content\/uploads\/2025\/07\/Dragos-Anastasiu.webp","articleSection":["Uncategorized"],"inLanguage":"en-GB","potentialAction":[{"@type":"CommentAction","name":"Comment","target":["https:\/\/carpathiacenter.ro\/vicepremierul-anastasiu-asteptam-maine-pachetul-fiscal-suntem-cu-spatele-la-zid\/#respond"]}]},{"@type":"WebPage","@id":"https:\/\/carpathiacenter.ro\/vicepremierul-anastasiu-asteptam-maine-pachetul-fiscal-suntem-cu-spatele-la-zid\/","url":"https:\/\/carpathiacenter.ro\/vicepremierul-anastasiu-asteptam-maine-pachetul-fiscal-suntem-cu-spatele-la-zid\/","name":"Vicepremierul Anastasiu: A\u0219tept\u0103m m\u00e2ine pachetul fiscal; suntem cu spatele la zid - Carpathia Center Romania","isPartOf":{"@id":"https:\/\/carpathiacenter.ro\/#website"},"primaryImageOfPage":{"@id":"https:\/\/carpathiacenter.ro\/vicepremierul-anastasiu-asteptam-maine-pachetul-fiscal-suntem-cu-spatele-la-zid\/#primaryimage"},"image":{"@id":"https:\/\/carpathiacenter.ro\/vicepremierul-anastasiu-asteptam-maine-pachetul-fiscal-suntem-cu-spatele-la-zid\/#primaryimage"},"thumbnailUrl":"https:\/\/carpathiacenter.ro\/wp-content\/uploads\/2025\/07\/Dragos-Anastasiu.webp","datePublished":"2025-07-02T08:58:44+00:00","breadcrumb":{"@id":"https:\/\/carpathiacenter.ro\/vicepremierul-anastasiu-asteptam-maine-pachetul-fiscal-suntem-cu-spatele-la-zid\/#breadcrumb"},"inLanguage":"en-GB","potentialAction":[{"@type":"ReadAction","target":["https:\/\/carpathiacenter.ro\/vicepremierul-anastasiu-asteptam-maine-pachetul-fiscal-suntem-cu-spatele-la-zid\/"]}]},{"@type":"ImageObject","inLanguage":"en-GB","@id":"https:\/\/carpathiacenter.ro\/vicepremierul-anastasiu-asteptam-maine-pachetul-fiscal-suntem-cu-spatele-la-zid\/#primaryimage","url":"https:\/\/carpathiacenter.ro\/wp-content\/uploads\/2025\/07\/Dragos-Anastasiu.webp","contentUrl":"https:\/\/carpathiacenter.ro\/wp-content\/uploads\/2025\/07\/Dragos-Anastasiu.webp","width":1260,"height":709},{"@type":"BreadcrumbList","@id":"https:\/\/carpathiacenter.ro\/vicepremierul-anastasiu-asteptam-maine-pachetul-fiscal-suntem-cu-spatele-la-zid\/#breadcrumb","itemListElement":[{"@type":"ListItem","position":1,"name":"Prima pagin\u0103","item":"https:\/\/carpathiacenter.ro\/"},{"@type":"ListItem","position":2,"name":"Vicepremierul Anastasiu: A\u0219tept\u0103m m\u00e2ine pachetul fiscal; suntem cu spatele la zid"}]},{"@type":"WebSite","@id":"https:\/\/carpathiacenter.ro\/#website","url":"https:\/\/carpathiacenter.ro\/","name":"Carpathia Center Romania","description":"Impossible made possible!","publisher":{"@id":"https:\/\/carpathiacenter.ro\/#organization"},"potentialAction":[{"@type":"SearchAction","target":{"@type":"EntryPoint","urlTemplate":"https:\/\/carpathiacenter.ro\/?s={search_term_string}"},"query-input":{"@type":"PropertyValueSpecification","valueRequired":true,"valueName":"search_term_string"}}],"inLanguage":"en-GB"},{"@type":"Organization","@id":"https:\/\/carpathiacenter.ro\/#organization","name":"Carpathia Center Romania","url":"https:\/\/carpathiacenter.ro\/","logo":{"@type":"ImageObject","inLanguage":"en-GB","@id":"https:\/\/carpathiacenter.ro\/#\/schema\/logo\/image\/","url":"https:\/\/carpathiacenter.ro\/wp-content\/uploads\/2024\/07\/logo-carpathia_bg_white-1024x941.png","contentUrl":"https:\/\/carpathiacenter.ro\/wp-content\/uploads\/2024\/07\/logo-carpathia_bg_white-1024x941.png","width":1024,"height":941,"caption":"Carpathia Center Romania"},"image":{"@id":"https:\/\/carpathiacenter.ro\/#\/schema\/logo\/image\/"},"sameAs":["https:\/\/www.facebook.com\/fdpscarpathia\/"]},{"@type":"Person","@id":"https:\/\/carpathiacenter.ro\/#\/schema\/person\/03d9f58202fee8379268f34afa195006","name":"creativebitsolutions","image":{"@type":"ImageObject","inLanguage":"en-GB","@id":"https:\/\/carpathiacenter.ro\/#\/schema\/person\/image\/","url":"https:\/\/secure.gravatar.com\/avatar\/1b1a13e37f847c635dab78348f1dff2f07651ee2a3d77a5c355a4b8c75f9165a?s=96&d=mm&r=g","contentUrl":"https:\/\/secure.gravatar.com\/avatar\/1b1a13e37f847c635dab78348f1dff2f07651ee2a3d77a5c355a4b8c75f9165a?s=96&d=mm&r=g","caption":"creativebitsolutions"},"url":"https:\/\/carpathiacenter.ro\/en\/author\/creativebitsolutions\/"}]}},"_links":{"self":[{"href":"https:\/\/carpathiacenter.ro\/en\/wp-json\/wp\/v2\/posts\/2648","targetHints":{"allow":["GET"]}}],"collection":[{"href":"https:\/\/carpathiacenter.ro\/en\/wp-json\/wp\/v2\/posts"}],"about":[{"href":"https:\/\/carpathiacenter.ro\/en\/wp-json\/wp\/v2\/types\/post"}],"author":[{"embeddable":true,"href":"https:\/\/carpathiacenter.ro\/en\/wp-json\/wp\/v2\/users\/4"}],"replies":[{"embeddable":true,"href":"https:\/\/carpathiacenter.ro\/en\/wp-json\/wp\/v2\/comments?post=2648"}],"version-history":[{"count":1,"href":"https:\/\/carpathiacenter.ro\/en\/wp-json\/wp\/v2\/posts\/2648\/revisions"}],"predecessor-version":[{"id":2650,"href":"https:\/\/carpathiacenter.ro\/en\/wp-json\/wp\/v2\/posts\/2648\/revisions\/2650"}],"wp:featuredmedia":[{"embeddable":true,"href":"https:\/\/carpathiacenter.ro\/en\/wp-json\/wp\/v2\/media\/2649"}],"wp:attachment":[{"href":"https:\/\/carpathiacenter.ro\/en\/wp-json\/wp\/v2\/media?parent=2648"}],"wp:term":[{"taxonomy":"category","embeddable":true,"href":"https:\/\/carpathiacenter.ro\/en\/wp-json\/wp\/v2\/categories?post=2648"},{"taxonomy":"post_tag","embeddable":true,"href":"https:\/\/carpathiacenter.ro\/en\/wp-json\/wp\/v2\/tags?post=2648"}],"curies":[{"name":"wp","href":"https:\/\/api.w.org\/{rel}","templated":true}]}}