{"id":2610,"date":"2025-06-26T12:23:03","date_gmt":"2025-06-26T12:23:03","guid":{"rendered":"https:\/\/carpathiacenter.ro\/?p=2610"},"modified":"2025-06-26T12:23:03","modified_gmt":"2025-06-26T12:23:03","slug":"ugir-1903-acuza-guvernul-ca-protejeaza-multinationalele-si-cere-taxe-egale-pentru-toate-firmele-din-tara-noastra","status":"publish","type":"post","link":"https:\/\/carpathiacenter.ro\/en\/ugir-1903-acuza-guvernul-ca-protejeaza-multinationalele-si-cere-taxe-egale-pentru-toate-firmele-din-tara-noastra\/","title":{"rendered":"UGIR-1903 acuz\u0103 Guvernul c\u0103 protejeaz\u0103 multina\u0163ionalele \u015fi cere taxe egale pentru toate firmele din \u0163ara noastr\u0103"},"content":{"rendered":"<div id=\"articol-text\" class=\"post-content clearfix\">\n<p class=\"par\" style=\"overflow-wrap:break-word;\">Confedera\u0163ia Na\u0163ional\u0103 Patronal\u0103 \u201eUniunea General\u0103 a Industria\u015filor din Rom\u00e2nia &#8211; UGIR-1903\u201d \u00ee\u015fi exprim\u0103 public indignarea fa\u0163\u0103 de programul de guvernare, pe care \u00eel consider\u0103 dezechilibrat \u015fi discriminatoriu \u00een privin\u0163a politicilor fiscale, potrivit unui comunicat UGIR-1903 transmis redac\u0163iei. Organiza\u0163ia acuz\u0103 autorit\u0103\u0163ile c\u0103 supraimpoziteaz\u0103 firmele rom\u00e2ne\u015fti \u015fi popula\u0163ia cu venituri reduse, omi\u0163\u00e2nd, \u00een mod repetat, marile companii multina\u0163ionale.<\/p>\n<p class=\"par\" style=\"overflow-wrap:break-word;\">UGIR-1903 solicit\u0103 Guvernului revizuirea urgent\u0103 a pachetului fiscal propus, astfel \u00eenc\u00e2t taxele \u015fi impozitele s\u0103 fie aplicate \u00een mod egal tuturor agen\u0163ilor economici care \u00ee\u015fi desf\u0103\u015foar\u0103 activitatea \u00een Rom\u00e2nia. Reprezentan\u0163ii organiza\u0163iei patronale sus\u0163in c\u0103 doar \u00een condi\u0163ii de tratament fiscal egal se poate asigura o colectare echitabil\u0103 \u015fi eficient\u0103 a veniturilor bugetare, necesare pentru reducerea deficitului.<\/p>\n<p class=\"par\" style=\"overflow-wrap:break-word;\">Organiza\u0163ia critic\u0103 sever caracterul de austeritate al m\u0103surilor propuse, compar\u00e2ndu-le cu cele adoptate \u00een perioada 2009-2010 de Guvernul Boc. \u00cen opinia UGIR-1903, noul program de guvernare ignor\u0103 avertismentele economi\u015ftilor care sus\u0163in c\u0103 reducerea veniturilor \u015fi majorarea fiscalit\u0103\u0163ii vor afecta grav consumul intern, vor duce la falimentul firmelor mici \u015fi mijlocii \u015fi vor contribui la cre\u015fterea \u015fomajului.<\/p>\n<p class=\"par\" style=\"overflow-wrap:break-word;\">\u201eFaliment\u00e2nd firmele rom\u00e2ne\u015fti mici \u015fi mijlocii, care asigur\u0103 cea mai mare parte a PIB \u015fi cele mai multe locuri de munc\u0103, actualul guvern nu face altceva dec\u00e2t s\u0103 depopuleze Rom\u00e2nia \u015fi s\u0103 creeze condi\u0163ii favorabile pentru multina\u0163ionalele scutite de taxe, care vor r\u0103m\u00e2ne cu o for\u0163\u0103 de munc\u0103 ieftin\u0103 \u015fi tot mai s\u0103rac\u0103\u201d, avertizeaz\u0103 UGIR-1903.<\/p>\n<p class=\"par\" style=\"overflow-wrap:break-word;\">Organiza\u0163ia atrage aten\u0163ia \u015fi asupra tratamentului preferen\u0163ial de care ar beneficia unele sectoare dominate de capital str\u0103in, cum ar fi platformele de ride-sharing sau anumite firme din pia\u0163a asigur\u0103rilor, subliniind c\u0103 interven\u0163iile ANAF \u00een aceste domenii vin tardiv, dup\u0103 ani de avertismente ignorate.<\/p>\n<p class=\"par\" style=\"overflow-wrap:break-word;\">\u00cen finalul comunicatului, UGIR-1903 cere Guvernului s\u0103 refac\u0103 programul de guvernare \u00een mod echitabil, astfel \u00eenc\u00e2t s\u0103 nu sacrifice economia local\u0103, s\u0103 nu creasc\u0103 artificial presiunea fiscal\u0103 asupra popula\u0163iei \u015fi s\u0103 nu contribuie la accelerarea migra\u0163iei for\u0163ei de munc\u0103.<br \/>\n<br \/>\nSursa articolului:<a href=\"https:\/\/www.bursa.ro\/ugir-1903-acuza-guvernul-ca-protejeaza-multinationalele-si-cere-taxe-egale-pentru-toate-firmele-din-tara-noastra-04690650\" target=\"_blank\" rel=\"noopener\" title=\"\">https:\/\/www.bursa.ro\/ugir-1903-acuza-guvernul-ca-protejeaza-multinationalele-si-cere-taxe-egale-pentru-toate-firmele-din-tara-noastra-04690650<\/a>\n<\/p>\n<\/div>","protected":false},"excerpt":{"rendered":"<p>Confedera\u0163ia Na\u0163ional\u0103 Patronal\u0103 \u201eUniunea General\u0103 a Industria\u015filor din Rom\u00e2nia &#8211; UGIR-1903\u201d \u00ee\u015fi exprim\u0103 public indignarea fa\u0163\u0103 de programul de guvernare, pe care \u00eel consider\u0103 dezechilibrat \u015fi discriminatoriu \u00een privin\u0163a politicilor fiscale, potrivit unui comunicat UGIR-1903 transmis redac\u0163iei. Organiza\u0163ia acuz\u0103 autorit\u0103\u0163ile c\u0103 supraimpoziteaz\u0103 firmele rom\u00e2ne\u015fti \u015fi popula\u0163ia cu venituri reduse, omi\u0163\u00e2nd, \u00een mod repetat, marile companii&#8230;<\/p>","protected":false},"author":4,"featured_media":2609,"comment_status":"open","ping_status":"open","sticky":false,"template":"","format":"standard","meta":{"footnotes":""},"categories":[1],"tags":[],"class_list":["post-2610","post","type-post","status-publish","format-standard","has-post-thumbnail","hentry","category-uncategorized"],"yoast_head":"<!-- This site is optimized with the Yoast SEO plugin v26.1.1 - https:\/\/yoast.com\/wordpress\/plugins\/seo\/ -->\n<title>UGIR-1903 acuz\u0103 Guvernul c\u0103 protejeaz\u0103 multina\u0163ionalele \u015fi cere taxe egale pentru toate firmele din \u0163ara noastr\u0103 - Carpathia Center Romania<\/title>\n<meta name=\"robots\" content=\"index, follow, max-snippet:-1, max-image-preview:large, max-video-preview:-1\" \/>\n<link rel=\"canonical\" href=\"https:\/\/carpathiacenter.ro\/en\/ugir-1903-acuza-guvernul-ca-protejeaza-multinationalele-si-cere-taxe-egale-pentru-toate-firmele-din-tara-noastra\/\" \/>\n<meta property=\"og:locale\" content=\"en_GB\" \/>\n<meta property=\"og:type\" content=\"article\" \/>\n<meta property=\"og:title\" content=\"UGIR-1903 acuz\u0103 Guvernul c\u0103 protejeaz\u0103 multina\u0163ionalele \u015fi cere taxe egale pentru toate firmele din \u0163ara noastr\u0103 - Carpathia Center Romania\" \/>\n<meta property=\"og:description\" content=\"Confedera\u0163ia Na\u0163ional\u0103 Patronal\u0103 \u201eUniunea General\u0103 a Industria\u015filor din Rom\u00e2nia &#8211; UGIR-1903\u201d \u00ee\u015fi exprim\u0103 public indignarea fa\u0163\u0103 de programul de guvernare, pe care \u00eel consider\u0103 dezechilibrat \u015fi discriminatoriu \u00een privin\u0163a politicilor fiscale, potrivit unui comunicat UGIR-1903 transmis redac\u0163iei. Organiza\u0163ia acuz\u0103 autorit\u0103\u0163ile c\u0103 supraimpoziteaz\u0103 firmele rom\u00e2ne\u015fti \u015fi popula\u0163ia cu venituri reduse, omi\u0163\u00e2nd, \u00een mod repetat, marile companii...\" \/>\n<meta property=\"og:url\" content=\"https:\/\/carpathiacenter.ro\/en\/ugir-1903-acuza-guvernul-ca-protejeaza-multinationalele-si-cere-taxe-egale-pentru-toate-firmele-din-tara-noastra\/\" \/>\n<meta property=\"og:site_name\" content=\"Carpathia Center Romania\" \/>\n<meta property=\"article:publisher\" content=\"https:\/\/www.facebook.com\/fdpscarpathia\/\" \/>\n<meta property=\"article:published_time\" content=\"2025-06-26T12:23:03+00:00\" \/>\n<meta property=\"og:image\" content=\"https:\/\/carpathiacenter.ro\/wp-content\/uploads\/2025\/06\/UGIR-1903-logo-1.jpg\" \/>\n\t<meta property=\"og:image:width\" content=\"867\" \/>\n\t<meta property=\"og:image:height\" content=\"648\" \/>\n\t<meta property=\"og:image:type\" content=\"image\/jpeg\" \/>\n<meta name=\"author\" content=\"creativebitsolutions\" \/>\n<meta name=\"twitter:card\" content=\"summary_large_image\" \/>\n<meta name=\"twitter:label1\" content=\"Written by\" \/>\n\t<meta name=\"twitter:data1\" content=\"creativebitsolutions\" \/>\n\t<meta name=\"twitter:label2\" content=\"Estimated reading time\" \/>\n\t<meta name=\"twitter:data2\" content=\"2 minutes\" \/>\n<script type=\"application\/ld+json\" class=\"yoast-schema-graph\">{\"@context\":\"https:\/\/schema.org\",\"@graph\":[{\"@type\":\"Article\",\"@id\":\"https:\/\/carpathiacenter.ro\/ugir-1903-acuza-guvernul-ca-protejeaza-multinationalele-si-cere-taxe-egale-pentru-toate-firmele-din-tara-noastra\/#article\",\"isPartOf\":{\"@id\":\"https:\/\/carpathiacenter.ro\/ugir-1903-acuza-guvernul-ca-protejeaza-multinationalele-si-cere-taxe-egale-pentru-toate-firmele-din-tara-noastra\/\"},\"author\":{\"name\":\"creativebitsolutions\",\"@id\":\"https:\/\/carpathiacenter.ro\/#\/schema\/person\/03d9f58202fee8379268f34afa195006\"},\"headline\":\"UGIR-1903 acuz\u0103 Guvernul c\u0103 protejeaz\u0103 multina\u0163ionalele \u015fi cere taxe egale pentru toate firmele din \u0163ara noastr\u0103\",\"datePublished\":\"2025-06-26T12:23:03+00:00\",\"mainEntityOfPage\":{\"@id\":\"https:\/\/carpathiacenter.ro\/ugir-1903-acuza-guvernul-ca-protejeaza-multinationalele-si-cere-taxe-egale-pentru-toate-firmele-din-tara-noastra\/\"},\"wordCount\":379,\"commentCount\":0,\"publisher\":{\"@id\":\"https:\/\/carpathiacenter.ro\/#organization\"},\"image\":{\"@id\":\"https:\/\/carpathiacenter.ro\/ugir-1903-acuza-guvernul-ca-protejeaza-multinationalele-si-cere-taxe-egale-pentru-toate-firmele-din-tara-noastra\/#primaryimage\"},\"thumbnailUrl\":\"https:\/\/carpathiacenter.ro\/wp-content\/uploads\/2025\/06\/UGIR-1903-logo-1.jpg\",\"articleSection\":[\"Uncategorized\"],\"inLanguage\":\"en-GB\",\"potentialAction\":[{\"@type\":\"CommentAction\",\"name\":\"Comment\",\"target\":[\"https:\/\/carpathiacenter.ro\/ugir-1903-acuza-guvernul-ca-protejeaza-multinationalele-si-cere-taxe-egale-pentru-toate-firmele-din-tara-noastra\/#respond\"]}]},{\"@type\":\"WebPage\",\"@id\":\"https:\/\/carpathiacenter.ro\/ugir-1903-acuza-guvernul-ca-protejeaza-multinationalele-si-cere-taxe-egale-pentru-toate-firmele-din-tara-noastra\/\",\"url\":\"https:\/\/carpathiacenter.ro\/ugir-1903-acuza-guvernul-ca-protejeaza-multinationalele-si-cere-taxe-egale-pentru-toate-firmele-din-tara-noastra\/\",\"name\":\"UGIR-1903 acuz\u0103 Guvernul c\u0103 protejeaz\u0103 multina\u0163ionalele \u015fi cere taxe egale pentru toate firmele din \u0163ara noastr\u0103 - Carpathia Center Romania\",\"isPartOf\":{\"@id\":\"https:\/\/carpathiacenter.ro\/#website\"},\"primaryImageOfPage\":{\"@id\":\"https:\/\/carpathiacenter.ro\/ugir-1903-acuza-guvernul-ca-protejeaza-multinationalele-si-cere-taxe-egale-pentru-toate-firmele-din-tara-noastra\/#primaryimage\"},\"image\":{\"@id\":\"https:\/\/carpathiacenter.ro\/ugir-1903-acuza-guvernul-ca-protejeaza-multinationalele-si-cere-taxe-egale-pentru-toate-firmele-din-tara-noastra\/#primaryimage\"},\"thumbnailUrl\":\"https:\/\/carpathiacenter.ro\/wp-content\/uploads\/2025\/06\/UGIR-1903-logo-1.jpg\",\"datePublished\":\"2025-06-26T12:23:03+00:00\",\"breadcrumb\":{\"@id\":\"https:\/\/carpathiacenter.ro\/ugir-1903-acuza-guvernul-ca-protejeaza-multinationalele-si-cere-taxe-egale-pentru-toate-firmele-din-tara-noastra\/#breadcrumb\"},\"inLanguage\":\"en-GB\",\"potentialAction\":[{\"@type\":\"ReadAction\",\"target\":[\"https:\/\/carpathiacenter.ro\/ugir-1903-acuza-guvernul-ca-protejeaza-multinationalele-si-cere-taxe-egale-pentru-toate-firmele-din-tara-noastra\/\"]}]},{\"@type\":\"ImageObject\",\"inLanguage\":\"en-GB\",\"@id\":\"https:\/\/carpathiacenter.ro\/ugir-1903-acuza-guvernul-ca-protejeaza-multinationalele-si-cere-taxe-egale-pentru-toate-firmele-din-tara-noastra\/#primaryimage\",\"url\":\"https:\/\/carpathiacenter.ro\/wp-content\/uploads\/2025\/06\/UGIR-1903-logo-1.jpg\",\"contentUrl\":\"https:\/\/carpathiacenter.ro\/wp-content\/uploads\/2025\/06\/UGIR-1903-logo-1.jpg\",\"width\":867,\"height\":648},{\"@type\":\"BreadcrumbList\",\"@id\":\"https:\/\/carpathiacenter.ro\/ugir-1903-acuza-guvernul-ca-protejeaza-multinationalele-si-cere-taxe-egale-pentru-toate-firmele-din-tara-noastra\/#breadcrumb\",\"itemListElement\":[{\"@type\":\"ListItem\",\"position\":1,\"name\":\"Prima pagin\u0103\",\"item\":\"https:\/\/carpathiacenter.ro\/\"},{\"@type\":\"ListItem\",\"position\":2,\"name\":\"UGIR-1903 acuz\u0103 Guvernul c\u0103 protejeaz\u0103 multina\u0163ionalele \u015fi cere taxe egale pentru toate firmele din \u0163ara noastr\u0103\"}]},{\"@type\":\"WebSite\",\"@id\":\"https:\/\/carpathiacenter.ro\/#website\",\"url\":\"https:\/\/carpathiacenter.ro\/\",\"name\":\"Carpathia Center Romania\",\"description\":\"Impossible made possible!\",\"publisher\":{\"@id\":\"https:\/\/carpathiacenter.ro\/#organization\"},\"potentialAction\":[{\"@type\":\"SearchAction\",\"target\":{\"@type\":\"EntryPoint\",\"urlTemplate\":\"https:\/\/carpathiacenter.ro\/?s={search_term_string}\"},\"query-input\":{\"@type\":\"PropertyValueSpecification\",\"valueRequired\":true,\"valueName\":\"search_term_string\"}}],\"inLanguage\":\"en-GB\"},{\"@type\":\"Organization\",\"@id\":\"https:\/\/carpathiacenter.ro\/#organization\",\"name\":\"Carpathia Center Romania\",\"url\":\"https:\/\/carpathiacenter.ro\/\",\"logo\":{\"@type\":\"ImageObject\",\"inLanguage\":\"en-GB\",\"@id\":\"https:\/\/carpathiacenter.ro\/#\/schema\/logo\/image\/\",\"url\":\"https:\/\/carpathiacenter.ro\/wp-content\/uploads\/2024\/07\/logo-carpathia_bg_white-1024x941.png\",\"contentUrl\":\"https:\/\/carpathiacenter.ro\/wp-content\/uploads\/2024\/07\/logo-carpathia_bg_white-1024x941.png\",\"width\":1024,\"height\":941,\"caption\":\"Carpathia Center Romania\"},\"image\":{\"@id\":\"https:\/\/carpathiacenter.ro\/#\/schema\/logo\/image\/\"},\"sameAs\":[\"https:\/\/www.facebook.com\/fdpscarpathia\/\"]},{\"@type\":\"Person\",\"@id\":\"https:\/\/carpathiacenter.ro\/#\/schema\/person\/03d9f58202fee8379268f34afa195006\",\"name\":\"creativebitsolutions\",\"image\":{\"@type\":\"ImageObject\",\"inLanguage\":\"en-GB\",\"@id\":\"https:\/\/carpathiacenter.ro\/#\/schema\/person\/image\/\",\"url\":\"https:\/\/secure.gravatar.com\/avatar\/1b1a13e37f847c635dab78348f1dff2f07651ee2a3d77a5c355a4b8c75f9165a?s=96&d=mm&r=g\",\"contentUrl\":\"https:\/\/secure.gravatar.com\/avatar\/1b1a13e37f847c635dab78348f1dff2f07651ee2a3d77a5c355a4b8c75f9165a?s=96&d=mm&r=g\",\"caption\":\"creativebitsolutions\"},\"url\":\"https:\/\/carpathiacenter.ro\/en\/author\/creativebitsolutions\/\"}]}<\/script>\n<!-- \/ Yoast SEO plugin. -->","yoast_head_json":{"title":"UGIR-1903 acuz\u0103 Guvernul c\u0103 protejeaz\u0103 multina\u0163ionalele \u015fi cere taxe egale pentru toate firmele din \u0163ara noastr\u0103 - Carpathia Center Romania","robots":{"index":"index","follow":"follow","max-snippet":"max-snippet:-1","max-image-preview":"max-image-preview:large","max-video-preview":"max-video-preview:-1"},"canonical":"https:\/\/carpathiacenter.ro\/en\/ugir-1903-acuza-guvernul-ca-protejeaza-multinationalele-si-cere-taxe-egale-pentru-toate-firmele-din-tara-noastra\/","og_locale":"en_GB","og_type":"article","og_title":"UGIR-1903 acuz\u0103 Guvernul c\u0103 protejeaz\u0103 multina\u0163ionalele \u015fi cere taxe egale pentru toate firmele din \u0163ara noastr\u0103 - Carpathia Center Romania","og_description":"Confedera\u0163ia Na\u0163ional\u0103 Patronal\u0103 \u201eUniunea General\u0103 a Industria\u015filor din Rom\u00e2nia &#8211; UGIR-1903\u201d \u00ee\u015fi exprim\u0103 public indignarea fa\u0163\u0103 de programul de guvernare, pe care \u00eel consider\u0103 dezechilibrat \u015fi discriminatoriu \u00een privin\u0163a politicilor fiscale, potrivit unui comunicat UGIR-1903 transmis redac\u0163iei. Organiza\u0163ia acuz\u0103 autorit\u0103\u0163ile c\u0103 supraimpoziteaz\u0103 firmele rom\u00e2ne\u015fti \u015fi popula\u0163ia cu venituri reduse, omi\u0163\u00e2nd, \u00een mod repetat, marile companii...","og_url":"https:\/\/carpathiacenter.ro\/en\/ugir-1903-acuza-guvernul-ca-protejeaza-multinationalele-si-cere-taxe-egale-pentru-toate-firmele-din-tara-noastra\/","og_site_name":"Carpathia Center Romania","article_publisher":"https:\/\/www.facebook.com\/fdpscarpathia\/","article_published_time":"2025-06-26T12:23:03+00:00","og_image":[{"width":867,"height":648,"url":"https:\/\/carpathiacenter.ro\/wp-content\/uploads\/2025\/06\/UGIR-1903-logo-1.jpg","type":"image\/jpeg"}],"author":"creativebitsolutions","twitter_card":"summary_large_image","twitter_misc":{"Written by":"creativebitsolutions","Estimated reading time":"2 minutes"},"schema":{"@context":"https:\/\/schema.org","@graph":[{"@type":"Article","@id":"https:\/\/carpathiacenter.ro\/ugir-1903-acuza-guvernul-ca-protejeaza-multinationalele-si-cere-taxe-egale-pentru-toate-firmele-din-tara-noastra\/#article","isPartOf":{"@id":"https:\/\/carpathiacenter.ro\/ugir-1903-acuza-guvernul-ca-protejeaza-multinationalele-si-cere-taxe-egale-pentru-toate-firmele-din-tara-noastra\/"},"author":{"name":"creativebitsolutions","@id":"https:\/\/carpathiacenter.ro\/#\/schema\/person\/03d9f58202fee8379268f34afa195006"},"headline":"UGIR-1903 acuz\u0103 Guvernul c\u0103 protejeaz\u0103 multina\u0163ionalele \u015fi cere taxe egale pentru toate firmele din \u0163ara noastr\u0103","datePublished":"2025-06-26T12:23:03+00:00","mainEntityOfPage":{"@id":"https:\/\/carpathiacenter.ro\/ugir-1903-acuza-guvernul-ca-protejeaza-multinationalele-si-cere-taxe-egale-pentru-toate-firmele-din-tara-noastra\/"},"wordCount":379,"commentCount":0,"publisher":{"@id":"https:\/\/carpathiacenter.ro\/#organization"},"image":{"@id":"https:\/\/carpathiacenter.ro\/ugir-1903-acuza-guvernul-ca-protejeaza-multinationalele-si-cere-taxe-egale-pentru-toate-firmele-din-tara-noastra\/#primaryimage"},"thumbnailUrl":"https:\/\/carpathiacenter.ro\/wp-content\/uploads\/2025\/06\/UGIR-1903-logo-1.jpg","articleSection":["Uncategorized"],"inLanguage":"en-GB","potentialAction":[{"@type":"CommentAction","name":"Comment","target":["https:\/\/carpathiacenter.ro\/ugir-1903-acuza-guvernul-ca-protejeaza-multinationalele-si-cere-taxe-egale-pentru-toate-firmele-din-tara-noastra\/#respond"]}]},{"@type":"WebPage","@id":"https:\/\/carpathiacenter.ro\/ugir-1903-acuza-guvernul-ca-protejeaza-multinationalele-si-cere-taxe-egale-pentru-toate-firmele-din-tara-noastra\/","url":"https:\/\/carpathiacenter.ro\/ugir-1903-acuza-guvernul-ca-protejeaza-multinationalele-si-cere-taxe-egale-pentru-toate-firmele-din-tara-noastra\/","name":"UGIR-1903 acuz\u0103 Guvernul c\u0103 protejeaz\u0103 multina\u0163ionalele \u015fi cere taxe egale pentru toate firmele din \u0163ara noastr\u0103 - Carpathia Center Romania","isPartOf":{"@id":"https:\/\/carpathiacenter.ro\/#website"},"primaryImageOfPage":{"@id":"https:\/\/carpathiacenter.ro\/ugir-1903-acuza-guvernul-ca-protejeaza-multinationalele-si-cere-taxe-egale-pentru-toate-firmele-din-tara-noastra\/#primaryimage"},"image":{"@id":"https:\/\/carpathiacenter.ro\/ugir-1903-acuza-guvernul-ca-protejeaza-multinationalele-si-cere-taxe-egale-pentru-toate-firmele-din-tara-noastra\/#primaryimage"},"thumbnailUrl":"https:\/\/carpathiacenter.ro\/wp-content\/uploads\/2025\/06\/UGIR-1903-logo-1.jpg","datePublished":"2025-06-26T12:23:03+00:00","breadcrumb":{"@id":"https:\/\/carpathiacenter.ro\/ugir-1903-acuza-guvernul-ca-protejeaza-multinationalele-si-cere-taxe-egale-pentru-toate-firmele-din-tara-noastra\/#breadcrumb"},"inLanguage":"en-GB","potentialAction":[{"@type":"ReadAction","target":["https:\/\/carpathiacenter.ro\/ugir-1903-acuza-guvernul-ca-protejeaza-multinationalele-si-cere-taxe-egale-pentru-toate-firmele-din-tara-noastra\/"]}]},{"@type":"ImageObject","inLanguage":"en-GB","@id":"https:\/\/carpathiacenter.ro\/ugir-1903-acuza-guvernul-ca-protejeaza-multinationalele-si-cere-taxe-egale-pentru-toate-firmele-din-tara-noastra\/#primaryimage","url":"https:\/\/carpathiacenter.ro\/wp-content\/uploads\/2025\/06\/UGIR-1903-logo-1.jpg","contentUrl":"https:\/\/carpathiacenter.ro\/wp-content\/uploads\/2025\/06\/UGIR-1903-logo-1.jpg","width":867,"height":648},{"@type":"BreadcrumbList","@id":"https:\/\/carpathiacenter.ro\/ugir-1903-acuza-guvernul-ca-protejeaza-multinationalele-si-cere-taxe-egale-pentru-toate-firmele-din-tara-noastra\/#breadcrumb","itemListElement":[{"@type":"ListItem","position":1,"name":"Prima pagin\u0103","item":"https:\/\/carpathiacenter.ro\/"},{"@type":"ListItem","position":2,"name":"UGIR-1903 acuz\u0103 Guvernul c\u0103 protejeaz\u0103 multina\u0163ionalele \u015fi cere taxe egale pentru toate firmele din \u0163ara noastr\u0103"}]},{"@type":"WebSite","@id":"https:\/\/carpathiacenter.ro\/#website","url":"https:\/\/carpathiacenter.ro\/","name":"Carpathia Center Romania","description":"Impossible made possible!","publisher":{"@id":"https:\/\/carpathiacenter.ro\/#organization"},"potentialAction":[{"@type":"SearchAction","target":{"@type":"EntryPoint","urlTemplate":"https:\/\/carpathiacenter.ro\/?s={search_term_string}"},"query-input":{"@type":"PropertyValueSpecification","valueRequired":true,"valueName":"search_term_string"}}],"inLanguage":"en-GB"},{"@type":"Organization","@id":"https:\/\/carpathiacenter.ro\/#organization","name":"Carpathia Center Romania","url":"https:\/\/carpathiacenter.ro\/","logo":{"@type":"ImageObject","inLanguage":"en-GB","@id":"https:\/\/carpathiacenter.ro\/#\/schema\/logo\/image\/","url":"https:\/\/carpathiacenter.ro\/wp-content\/uploads\/2024\/07\/logo-carpathia_bg_white-1024x941.png","contentUrl":"https:\/\/carpathiacenter.ro\/wp-content\/uploads\/2024\/07\/logo-carpathia_bg_white-1024x941.png","width":1024,"height":941,"caption":"Carpathia Center Romania"},"image":{"@id":"https:\/\/carpathiacenter.ro\/#\/schema\/logo\/image\/"},"sameAs":["https:\/\/www.facebook.com\/fdpscarpathia\/"]},{"@type":"Person","@id":"https:\/\/carpathiacenter.ro\/#\/schema\/person\/03d9f58202fee8379268f34afa195006","name":"creativebitsolutions","image":{"@type":"ImageObject","inLanguage":"en-GB","@id":"https:\/\/carpathiacenter.ro\/#\/schema\/person\/image\/","url":"https:\/\/secure.gravatar.com\/avatar\/1b1a13e37f847c635dab78348f1dff2f07651ee2a3d77a5c355a4b8c75f9165a?s=96&d=mm&r=g","contentUrl":"https:\/\/secure.gravatar.com\/avatar\/1b1a13e37f847c635dab78348f1dff2f07651ee2a3d77a5c355a4b8c75f9165a?s=96&d=mm&r=g","caption":"creativebitsolutions"},"url":"https:\/\/carpathiacenter.ro\/en\/author\/creativebitsolutions\/"}]}},"_links":{"self":[{"href":"https:\/\/carpathiacenter.ro\/en\/wp-json\/wp\/v2\/posts\/2610","targetHints":{"allow":["GET"]}}],"collection":[{"href":"https:\/\/carpathiacenter.ro\/en\/wp-json\/wp\/v2\/posts"}],"about":[{"href":"https:\/\/carpathiacenter.ro\/en\/wp-json\/wp\/v2\/types\/post"}],"author":[{"embeddable":true,"href":"https:\/\/carpathiacenter.ro\/en\/wp-json\/wp\/v2\/users\/4"}],"replies":[{"embeddable":true,"href":"https:\/\/carpathiacenter.ro\/en\/wp-json\/wp\/v2\/comments?post=2610"}],"version-history":[{"count":1,"href":"https:\/\/carpathiacenter.ro\/en\/wp-json\/wp\/v2\/posts\/2610\/revisions"}],"predecessor-version":[{"id":2611,"href":"https:\/\/carpathiacenter.ro\/en\/wp-json\/wp\/v2\/posts\/2610\/revisions\/2611"}],"wp:featuredmedia":[{"embeddable":true,"href":"https:\/\/carpathiacenter.ro\/en\/wp-json\/wp\/v2\/media\/2609"}],"wp:attachment":[{"href":"https:\/\/carpathiacenter.ro\/en\/wp-json\/wp\/v2\/media?parent=2610"}],"wp:term":[{"taxonomy":"category","embeddable":true,"href":"https:\/\/carpathiacenter.ro\/en\/wp-json\/wp\/v2\/categories?post=2610"},{"taxonomy":"post_tag","embeddable":true,"href":"https:\/\/carpathiacenter.ro\/en\/wp-json\/wp\/v2\/tags?post=2610"}],"curies":[{"name":"wp","href":"https:\/\/api.w.org\/{rel}","templated":true}]}}