{"id":2603,"date":"2025-06-26T12:06:55","date_gmt":"2025-06-26T12:06:55","guid":{"rendered":"https:\/\/carpathiacenter.ro\/?p=2603"},"modified":"2025-06-26T12:21:00","modified_gmt":"2025-06-26T12:21:00","slug":"ugir-1903-vrem-taxe-egale-si-pentru-multinationale","status":"publish","type":"post","link":"https:\/\/carpathiacenter.ro\/en\/ugir-1903-vrem-taxe-egale-si-pentru-multinationale\/","title":{"rendered":"UGIR-1903: \u201eVrem taxe egale \u0219i pentru multina\u021bionale!\u201d"},"content":{"rendered":"<p><strong>Confedera\u0163ia Na\u0163ional\u0103 Patronal\u0103 \u201eUniunea General\u0103 a Industria\u0219ilor din Rom\u00e2nia \u2013 UGIR-1903\u201d, cea mai veche organiza\u021bie patronal\u0103 din Europa continental\u0103, \u00ee\u015fi manifest\u0103 \u201eindignarea fa\u021b\u0103 de programul de guvernare, care suprataxeaz\u0103 \u0219i supraimpoziteaz\u0103 doar firmele rom\u00e2ne\u0219ti \u0219i pe rom\u00e2nii s\u0103raci, uit\u00e2nd de multina\u021bionale\u201d. <\/strong><\/p>\n<p><img fetchpriority=\"high\" decoding=\"async\" class=\"size-full wp-image-240402 aligncenter\" src=\"https:\/\/www.ziuacargo.ro\/wp-content\/uploads\/2025\/06\/ugir.jpg\" alt=\"\" width=\"400\" height=\"311\" srcset=\"https:\/\/www.ziuacargo.ro\/wp-content\/uploads\/2025\/06\/ugir.jpg 400w, https:\/\/www.ziuacargo.ro\/wp-content\/uploads\/2025\/06\/ugir-300x233.jpg 300w\" sizes=\"(max-width: 400px) 100vw, 400px\"><\/p>\n<p>Comunicatul transmis redac\u021biei:<\/p>\n<p>\u201eUGIR-1903 cere Guvernului Rom\u00e2niei s\u0103 revizuiasc\u0103 programul de austeritate, sc\u0103z\u00e2nd taxele \u0219i impozitele suplimentare care au fost prev\u0103zute pentru contribuabilii rom\u00e2ni \u0219i ad\u0103ug\u00e2nd la multina\u021bionalele care au fost omise (inten\u021bionat), ca de fiecare dat\u0103.<\/p>\n<p>Dac\u0103 s-ar aplica acela\u0219i regim tuturor firmelor care \u00ee\u0219i desf\u0103\u0219oar\u0103 activitatea pe teritoriul Rom\u00e2niei (adic\u0103 \u0219i multina\u021bionalelor) s-ar putea colecta mai eficient banii necesari pentru acoperirea deficitului bugetar.<\/p>\n<p>Pe de alt\u0103 parte, \u00een afar\u0103 de faptul c\u0103 actualul guvern a dat copy\/paste m\u0103surilor de austeritate ale Guvernului Boc, dup\u0103 ce s-a dovedit c\u00e2t de nocive au fost pentru toat\u0103 popula\u021bia Rom\u00e2niei, \u00eencep\u00e2nd cu anul 2009, observ\u0103m c\u0103 a\u0219a-zi\u0219ii speciali\u0219ti care au scris programul de guvernare nu au \u021binut cont de niciun fel de sfat al adev\u0103ra\u021bilor economi\u0219ti care avertizeaz\u0103 c\u0103 Rom\u00e2nia se va ad\u00e2nci mai mult \u00eentr-o criz\u0103 economic\u0103, dac\u0103 prin m\u0103surile de austeritate va sc\u0103dea puterea de cump\u0103rare a rom\u00e2nilor, vor fi duse spre faliment firmele mici \u0219i mijlocii \u0219i va cre\u0219te rata \u0219omajului.<\/p>\n<p>UGIR-1903 \u00ee\u0219i manifest\u0103 \u00eengrijorarea fa\u021b\u0103 de viitorul Rom\u00e2niei care ar putea ajunge cu adev\u0103rat stat e\u0219uat, dac\u0103 acest program de guvernare va fi implementat. \u00centr-o economie bazat\u0103 pe consum, sc\u0103derea veniturilor tuturor rom\u00e2nilor nu este o solu\u021bie de colectare a unor sume de bani mai mari la bugetul de stat, ci doar o solu\u021bie de s\u0103r\u0103cire a \u00eentregii popula\u021bii, de for\u021bare a fenomenului migra\u021biei for\u021bei de munc\u0103 spre alte state, mai ales a celei calificate \u0219i \u00eenalt calificate!<\/p>\n<p>Faliment\u00e2nd firmele rom\u00e2ne\u0219ti mici \u0219i mijlocii care asigur\u0103 cea mai mare parte a Produsului Intern Brut (PIB) \u0219i cele mai multe locuri de munc\u0103, actualul guvern nu face altceva dec\u00e2t s\u0103 depopuleze Rom\u00e2nia \u0219i s\u0103 for\u021beze antreprenorii s\u0103 plece din \u021bar\u0103 cu produc\u021bia. E adev\u0103rat c\u0103 astfel se creeaz\u0103 terenul ideal pentru multina\u021bionalele scutite de taxe \u0219i impozite care vor r\u0103m\u00e2ne pe teritoriul Rom\u00e2niei cu for\u021b\u0103 de munc\u0103 foarte ieftin\u0103 \u2013 adic\u0103 rom\u00e2nii s\u0103raci care nu vor pleca s\u0103 lucreze \u00een str\u0103in\u0103tate \u0219i vor deveni sclavi, accept\u00e2nd salarii de mizerie, din care statul va lua din ce \u00een ce mai mult, ca s\u0103 acopere deficitul creat tot de neplata taxelor \u0219i impozitelor de c\u0103tre multina\u021bionalele care \u00ee\u0219i externalizeaz\u0103 profitul.<\/p>\n<p>Ca antreprenori rom\u00e2ni, cu firme care \u0219i-au pl\u0103tit mereu taxele \u0219i impozitele corect c\u0103tre statul rom\u00e2n, nu \u00een\u021belegem de ce Guvernul vrea s\u0103 ne creeze probleme, s\u0103 ne elimine de pe pia\u021b\u0103 \u0219i s\u0103 bage Rom\u00e2nia \u00een colaps economic, pentru a proteja interesele multina\u021bionalelor \u0219i, \u00een general, ale tuturor celor care au omis s\u0103-\u0219i pl\u0103teasc\u0103 datoriile c\u0103tre statul rom\u00e2n.<\/p>\n<p>Vedem, de c\u00e2teva luni, c\u0103 ANAF descinde periodic la firmele de ride-sharing, cele despre care se \u0219tia de foarte mul\u021bi ani c\u0103 nu-\u0219i pl\u0103tesc taxele \u0219i impozitele la stat, dar \u00een tot acest timp au fost ignora\u021bi cei care au atras aten\u021bia autorit\u0103\u021bilor \u00een leg\u0103tur\u0103 cu aceast\u0103 situa\u021bie. Dup\u0103 mai bine de 10 ani, pentru prima oar\u0103 ANAF constat\u0103 c\u0103 to\u021bi cei care au semnalat acest fenomen aveau dreptate, iar acum se recupereaz\u0103 o parte din prejudicial creat de aceste firme. La fel se \u00eent\u00e2mpl\u0103 \u0219i pe pia\u021ba asigur\u0103rilor, cu girul ASF. Dar \u00een continuare sunt protejate interesele multina\u021bionalelor, \u00een defavoarea firmelor cu capital rom\u00e2nesc. De ce? Care este scopul acestei protec\u021bii oferite de Guvernul Rom\u00e2niei multina\u021bionalelor, \u00een defavoarea firmelor rom\u00e2ne\u0219ti \u0219i de ce to\u021bi rom\u00e2nii trebuie s\u0103 pl\u0103teasc\u0103 \u00een locul multina\u021bionalelor?<\/p>\n<p><strong>UGIR-1903 cere Guvernului Rom\u00e2niei s\u0103 aplice acelea\u0219i taxe \u0219i impozite tuturor firmelor care \u00ee\u0219i desf\u0103\u0219oar\u0103 activitatea pe teritoriul Rom\u00e2niei \u0219i s\u0103 refac\u0103 programul de guvernare astfel \u00eenc\u00e2t s\u0103 nu duc\u0103 \u021bara \u00een colaps economic, prin s\u0103r\u0103cirea popula\u021biei, falimentarea firmelor, cre\u0219terea \u0219omajului \u0219i accelerarea migra\u021biei for\u021bei de munc\u0103!\u201d<\/strong><\/p>\n<p>Sursa articolului:<a href=\"https:\/\/www.ziuacargo.ro\/stiri\/ugir-1903-vrem-taxe-egale-si-pentru-multinationale-240401.html\/\" target=\"_blank\" rel=\"noopener\" title=\"\">https:\/\/www.ziuacargo.ro\/stiri\/ugir-1903-vrem-taxe-egale-si-pentru-multinationale-240401.html\/<\/a><\/p>","protected":false},"excerpt":{"rendered":"<p>Confedera\u0163ia Na\u0163ional\u0103 Patronal\u0103 \u201eUniunea General\u0103 a Industria\u0219ilor din Rom\u00e2nia \u2013 UGIR-1903\u201d, cea mai veche organiza\u021bie patronal\u0103 din Europa continental\u0103, \u00ee\u015fi manifest\u0103 \u201eindignarea fa\u021b\u0103 de programul de guvernare, care suprataxeaz\u0103 \u0219i supraimpoziteaz\u0103 doar firmele rom\u00e2ne\u0219ti \u0219i pe rom\u00e2nii s\u0103raci, uit\u00e2nd de multina\u021bionale\u201d. Comunicatul transmis redac\u021biei: \u201eUGIR-1903 cere Guvernului Rom\u00e2niei s\u0103 revizuiasc\u0103 programul de austeritate, sc\u0103z\u00e2nd taxele&#8230;<\/p>","protected":false},"author":4,"featured_media":2609,"comment_status":"open","ping_status":"open","sticky":false,"template":"","format":"standard","meta":{"footnotes":""},"categories":[1],"tags":[],"class_list":["post-2603","post","type-post","status-publish","format-standard","has-post-thumbnail","hentry","category-uncategorized"],"yoast_head":"<!-- This site is optimized with the Yoast SEO plugin v26.1.1 - https:\/\/yoast.com\/wordpress\/plugins\/seo\/ -->\n<title>UGIR-1903: \u201eVrem taxe egale \u0219i pentru multina\u021bionale!\u201d - Carpathia Center Romania<\/title>\n<meta name=\"robots\" content=\"index, follow, max-snippet:-1, max-image-preview:large, max-video-preview:-1\" \/>\n<link rel=\"canonical\" href=\"https:\/\/carpathiacenter.ro\/en\/ugir-1903-vrem-taxe-egale-si-pentru-multinationale\/\" \/>\n<meta property=\"og:locale\" content=\"en_GB\" \/>\n<meta property=\"og:type\" content=\"article\" \/>\n<meta property=\"og:title\" content=\"UGIR-1903: \u201eVrem taxe egale \u0219i pentru multina\u021bionale!\u201d - Carpathia Center Romania\" \/>\n<meta property=\"og:description\" content=\"Confedera\u0163ia Na\u0163ional\u0103 Patronal\u0103 \u201eUniunea General\u0103 a Industria\u0219ilor din Rom\u00e2nia \u2013 UGIR-1903\u201d, cea mai veche organiza\u021bie patronal\u0103 din Europa continental\u0103, \u00ee\u015fi manifest\u0103 \u201eindignarea fa\u021b\u0103 de programul de guvernare, care suprataxeaz\u0103 \u0219i supraimpoziteaz\u0103 doar firmele rom\u00e2ne\u0219ti \u0219i pe rom\u00e2nii s\u0103raci, uit\u00e2nd de multina\u021bionale\u201d. Comunicatul transmis redac\u021biei: \u201eUGIR-1903 cere Guvernului Rom\u00e2niei s\u0103 revizuiasc\u0103 programul de austeritate, sc\u0103z\u00e2nd taxele...\" \/>\n<meta property=\"og:url\" content=\"https:\/\/carpathiacenter.ro\/en\/ugir-1903-vrem-taxe-egale-si-pentru-multinationale\/\" \/>\n<meta property=\"og:site_name\" content=\"Carpathia Center Romania\" \/>\n<meta property=\"article:publisher\" content=\"https:\/\/www.facebook.com\/fdpscarpathia\/\" \/>\n<meta property=\"article:published_time\" content=\"2025-06-26T12:06:55+00:00\" \/>\n<meta property=\"article:modified_time\" content=\"2025-06-26T12:21:00+00:00\" \/>\n<meta property=\"og:image\" content=\"https:\/\/carpathiacenter.ro\/wp-content\/uploads\/2025\/06\/UGIR-1903-logo-1.jpg\" \/>\n\t<meta property=\"og:image:width\" content=\"867\" \/>\n\t<meta property=\"og:image:height\" content=\"648\" \/>\n\t<meta property=\"og:image:type\" content=\"image\/jpeg\" \/>\n<meta name=\"author\" content=\"creativebitsolutions\" \/>\n<meta name=\"twitter:card\" content=\"summary_large_image\" \/>\n<meta name=\"twitter:label1\" content=\"Written by\" \/>\n\t<meta name=\"twitter:data1\" content=\"creativebitsolutions\" \/>\n\t<meta name=\"twitter:label2\" content=\"Estimated reading time\" \/>\n\t<meta name=\"twitter:data2\" content=\"4 minutes\" \/>\n<script type=\"application\/ld+json\" class=\"yoast-schema-graph\">{\"@context\":\"https:\/\/schema.org\",\"@graph\":[{\"@type\":\"Article\",\"@id\":\"https:\/\/carpathiacenter.ro\/ugir-1903-vrem-taxe-egale-si-pentru-multinationale\/#article\",\"isPartOf\":{\"@id\":\"https:\/\/carpathiacenter.ro\/ugir-1903-vrem-taxe-egale-si-pentru-multinationale\/\"},\"author\":{\"name\":\"creativebitsolutions\",\"@id\":\"https:\/\/carpathiacenter.ro\/#\/schema\/person\/03d9f58202fee8379268f34afa195006\"},\"headline\":\"UGIR-1903: \u201eVrem taxe egale \u0219i pentru multina\u021bionale!\u201d\",\"datePublished\":\"2025-06-26T12:06:55+00:00\",\"dateModified\":\"2025-06-26T12:21:00+00:00\",\"mainEntityOfPage\":{\"@id\":\"https:\/\/carpathiacenter.ro\/ugir-1903-vrem-taxe-egale-si-pentru-multinationale\/\"},\"wordCount\":776,\"commentCount\":0,\"publisher\":{\"@id\":\"https:\/\/carpathiacenter.ro\/#organization\"},\"image\":{\"@id\":\"https:\/\/carpathiacenter.ro\/ugir-1903-vrem-taxe-egale-si-pentru-multinationale\/#primaryimage\"},\"thumbnailUrl\":\"https:\/\/carpathiacenter.ro\/wp-content\/uploads\/2025\/06\/UGIR-1903-logo-1.jpg\",\"articleSection\":[\"Uncategorized\"],\"inLanguage\":\"en-GB\",\"potentialAction\":[{\"@type\":\"CommentAction\",\"name\":\"Comment\",\"target\":[\"https:\/\/carpathiacenter.ro\/ugir-1903-vrem-taxe-egale-si-pentru-multinationale\/#respond\"]}]},{\"@type\":\"WebPage\",\"@id\":\"https:\/\/carpathiacenter.ro\/ugir-1903-vrem-taxe-egale-si-pentru-multinationale\/\",\"url\":\"https:\/\/carpathiacenter.ro\/ugir-1903-vrem-taxe-egale-si-pentru-multinationale\/\",\"name\":\"UGIR-1903: \u201eVrem taxe egale \u0219i pentru multina\u021bionale!\u201d - Carpathia Center Romania\",\"isPartOf\":{\"@id\":\"https:\/\/carpathiacenter.ro\/#website\"},\"primaryImageOfPage\":{\"@id\":\"https:\/\/carpathiacenter.ro\/ugir-1903-vrem-taxe-egale-si-pentru-multinationale\/#primaryimage\"},\"image\":{\"@id\":\"https:\/\/carpathiacenter.ro\/ugir-1903-vrem-taxe-egale-si-pentru-multinationale\/#primaryimage\"},\"thumbnailUrl\":\"https:\/\/carpathiacenter.ro\/wp-content\/uploads\/2025\/06\/UGIR-1903-logo-1.jpg\",\"datePublished\":\"2025-06-26T12:06:55+00:00\",\"dateModified\":\"2025-06-26T12:21:00+00:00\",\"breadcrumb\":{\"@id\":\"https:\/\/carpathiacenter.ro\/ugir-1903-vrem-taxe-egale-si-pentru-multinationale\/#breadcrumb\"},\"inLanguage\":\"en-GB\",\"potentialAction\":[{\"@type\":\"ReadAction\",\"target\":[\"https:\/\/carpathiacenter.ro\/ugir-1903-vrem-taxe-egale-si-pentru-multinationale\/\"]}]},{\"@type\":\"ImageObject\",\"inLanguage\":\"en-GB\",\"@id\":\"https:\/\/carpathiacenter.ro\/ugir-1903-vrem-taxe-egale-si-pentru-multinationale\/#primaryimage\",\"url\":\"https:\/\/carpathiacenter.ro\/wp-content\/uploads\/2025\/06\/UGIR-1903-logo-1.jpg\",\"contentUrl\":\"https:\/\/carpathiacenter.ro\/wp-content\/uploads\/2025\/06\/UGIR-1903-logo-1.jpg\",\"width\":867,\"height\":648},{\"@type\":\"BreadcrumbList\",\"@id\":\"https:\/\/carpathiacenter.ro\/ugir-1903-vrem-taxe-egale-si-pentru-multinationale\/#breadcrumb\",\"itemListElement\":[{\"@type\":\"ListItem\",\"position\":1,\"name\":\"Prima pagin\u0103\",\"item\":\"https:\/\/carpathiacenter.ro\/\"},{\"@type\":\"ListItem\",\"position\":2,\"name\":\"UGIR-1903: \u201eVrem taxe egale \u0219i pentru multina\u021bionale!\u201d\"}]},{\"@type\":\"WebSite\",\"@id\":\"https:\/\/carpathiacenter.ro\/#website\",\"url\":\"https:\/\/carpathiacenter.ro\/\",\"name\":\"Carpathia Center Romania\",\"description\":\"Impossible made possible!\",\"publisher\":{\"@id\":\"https:\/\/carpathiacenter.ro\/#organization\"},\"potentialAction\":[{\"@type\":\"SearchAction\",\"target\":{\"@type\":\"EntryPoint\",\"urlTemplate\":\"https:\/\/carpathiacenter.ro\/?s={search_term_string}\"},\"query-input\":{\"@type\":\"PropertyValueSpecification\",\"valueRequired\":true,\"valueName\":\"search_term_string\"}}],\"inLanguage\":\"en-GB\"},{\"@type\":\"Organization\",\"@id\":\"https:\/\/carpathiacenter.ro\/#organization\",\"name\":\"Carpathia Center Romania\",\"url\":\"https:\/\/carpathiacenter.ro\/\",\"logo\":{\"@type\":\"ImageObject\",\"inLanguage\":\"en-GB\",\"@id\":\"https:\/\/carpathiacenter.ro\/#\/schema\/logo\/image\/\",\"url\":\"https:\/\/carpathiacenter.ro\/wp-content\/uploads\/2024\/07\/logo-carpathia_bg_white-1024x941.png\",\"contentUrl\":\"https:\/\/carpathiacenter.ro\/wp-content\/uploads\/2024\/07\/logo-carpathia_bg_white-1024x941.png\",\"width\":1024,\"height\":941,\"caption\":\"Carpathia Center Romania\"},\"image\":{\"@id\":\"https:\/\/carpathiacenter.ro\/#\/schema\/logo\/image\/\"},\"sameAs\":[\"https:\/\/www.facebook.com\/fdpscarpathia\/\"]},{\"@type\":\"Person\",\"@id\":\"https:\/\/carpathiacenter.ro\/#\/schema\/person\/03d9f58202fee8379268f34afa195006\",\"name\":\"creativebitsolutions\",\"image\":{\"@type\":\"ImageObject\",\"inLanguage\":\"en-GB\",\"@id\":\"https:\/\/carpathiacenter.ro\/#\/schema\/person\/image\/\",\"url\":\"https:\/\/secure.gravatar.com\/avatar\/1b1a13e37f847c635dab78348f1dff2f07651ee2a3d77a5c355a4b8c75f9165a?s=96&d=mm&r=g\",\"contentUrl\":\"https:\/\/secure.gravatar.com\/avatar\/1b1a13e37f847c635dab78348f1dff2f07651ee2a3d77a5c355a4b8c75f9165a?s=96&d=mm&r=g\",\"caption\":\"creativebitsolutions\"},\"url\":\"https:\/\/carpathiacenter.ro\/en\/author\/creativebitsolutions\/\"}]}<\/script>\n<!-- \/ Yoast SEO plugin. -->","yoast_head_json":{"title":"UGIR-1903: \u201eVrem taxe egale \u0219i pentru multina\u021bionale!\u201d - Carpathia Center Romania","robots":{"index":"index","follow":"follow","max-snippet":"max-snippet:-1","max-image-preview":"max-image-preview:large","max-video-preview":"max-video-preview:-1"},"canonical":"https:\/\/carpathiacenter.ro\/en\/ugir-1903-vrem-taxe-egale-si-pentru-multinationale\/","og_locale":"en_GB","og_type":"article","og_title":"UGIR-1903: \u201eVrem taxe egale \u0219i pentru multina\u021bionale!\u201d - Carpathia Center Romania","og_description":"Confedera\u0163ia Na\u0163ional\u0103 Patronal\u0103 \u201eUniunea General\u0103 a Industria\u0219ilor din Rom\u00e2nia \u2013 UGIR-1903\u201d, cea mai veche organiza\u021bie patronal\u0103 din Europa continental\u0103, \u00ee\u015fi manifest\u0103 \u201eindignarea fa\u021b\u0103 de programul de guvernare, care suprataxeaz\u0103 \u0219i supraimpoziteaz\u0103 doar firmele rom\u00e2ne\u0219ti \u0219i pe rom\u00e2nii s\u0103raci, uit\u00e2nd de multina\u021bionale\u201d. Comunicatul transmis redac\u021biei: \u201eUGIR-1903 cere Guvernului Rom\u00e2niei s\u0103 revizuiasc\u0103 programul de austeritate, sc\u0103z\u00e2nd taxele...","og_url":"https:\/\/carpathiacenter.ro\/en\/ugir-1903-vrem-taxe-egale-si-pentru-multinationale\/","og_site_name":"Carpathia Center Romania","article_publisher":"https:\/\/www.facebook.com\/fdpscarpathia\/","article_published_time":"2025-06-26T12:06:55+00:00","article_modified_time":"2025-06-26T12:21:00+00:00","og_image":[{"width":867,"height":648,"url":"https:\/\/carpathiacenter.ro\/wp-content\/uploads\/2025\/06\/UGIR-1903-logo-1.jpg","type":"image\/jpeg"}],"author":"creativebitsolutions","twitter_card":"summary_large_image","twitter_misc":{"Written by":"creativebitsolutions","Estimated reading time":"4 minutes"},"schema":{"@context":"https:\/\/schema.org","@graph":[{"@type":"Article","@id":"https:\/\/carpathiacenter.ro\/ugir-1903-vrem-taxe-egale-si-pentru-multinationale\/#article","isPartOf":{"@id":"https:\/\/carpathiacenter.ro\/ugir-1903-vrem-taxe-egale-si-pentru-multinationale\/"},"author":{"name":"creativebitsolutions","@id":"https:\/\/carpathiacenter.ro\/#\/schema\/person\/03d9f58202fee8379268f34afa195006"},"headline":"UGIR-1903: \u201eVrem taxe egale \u0219i pentru multina\u021bionale!\u201d","datePublished":"2025-06-26T12:06:55+00:00","dateModified":"2025-06-26T12:21:00+00:00","mainEntityOfPage":{"@id":"https:\/\/carpathiacenter.ro\/ugir-1903-vrem-taxe-egale-si-pentru-multinationale\/"},"wordCount":776,"commentCount":0,"publisher":{"@id":"https:\/\/carpathiacenter.ro\/#organization"},"image":{"@id":"https:\/\/carpathiacenter.ro\/ugir-1903-vrem-taxe-egale-si-pentru-multinationale\/#primaryimage"},"thumbnailUrl":"https:\/\/carpathiacenter.ro\/wp-content\/uploads\/2025\/06\/UGIR-1903-logo-1.jpg","articleSection":["Uncategorized"],"inLanguage":"en-GB","potentialAction":[{"@type":"CommentAction","name":"Comment","target":["https:\/\/carpathiacenter.ro\/ugir-1903-vrem-taxe-egale-si-pentru-multinationale\/#respond"]}]},{"@type":"WebPage","@id":"https:\/\/carpathiacenter.ro\/ugir-1903-vrem-taxe-egale-si-pentru-multinationale\/","url":"https:\/\/carpathiacenter.ro\/ugir-1903-vrem-taxe-egale-si-pentru-multinationale\/","name":"UGIR-1903: \u201eVrem taxe egale \u0219i pentru multina\u021bionale!\u201d - Carpathia Center Romania","isPartOf":{"@id":"https:\/\/carpathiacenter.ro\/#website"},"primaryImageOfPage":{"@id":"https:\/\/carpathiacenter.ro\/ugir-1903-vrem-taxe-egale-si-pentru-multinationale\/#primaryimage"},"image":{"@id":"https:\/\/carpathiacenter.ro\/ugir-1903-vrem-taxe-egale-si-pentru-multinationale\/#primaryimage"},"thumbnailUrl":"https:\/\/carpathiacenter.ro\/wp-content\/uploads\/2025\/06\/UGIR-1903-logo-1.jpg","datePublished":"2025-06-26T12:06:55+00:00","dateModified":"2025-06-26T12:21:00+00:00","breadcrumb":{"@id":"https:\/\/carpathiacenter.ro\/ugir-1903-vrem-taxe-egale-si-pentru-multinationale\/#breadcrumb"},"inLanguage":"en-GB","potentialAction":[{"@type":"ReadAction","target":["https:\/\/carpathiacenter.ro\/ugir-1903-vrem-taxe-egale-si-pentru-multinationale\/"]}]},{"@type":"ImageObject","inLanguage":"en-GB","@id":"https:\/\/carpathiacenter.ro\/ugir-1903-vrem-taxe-egale-si-pentru-multinationale\/#primaryimage","url":"https:\/\/carpathiacenter.ro\/wp-content\/uploads\/2025\/06\/UGIR-1903-logo-1.jpg","contentUrl":"https:\/\/carpathiacenter.ro\/wp-content\/uploads\/2025\/06\/UGIR-1903-logo-1.jpg","width":867,"height":648},{"@type":"BreadcrumbList","@id":"https:\/\/carpathiacenter.ro\/ugir-1903-vrem-taxe-egale-si-pentru-multinationale\/#breadcrumb","itemListElement":[{"@type":"ListItem","position":1,"name":"Prima pagin\u0103","item":"https:\/\/carpathiacenter.ro\/"},{"@type":"ListItem","position":2,"name":"UGIR-1903: \u201eVrem taxe egale \u0219i pentru multina\u021bionale!\u201d"}]},{"@type":"WebSite","@id":"https:\/\/carpathiacenter.ro\/#website","url":"https:\/\/carpathiacenter.ro\/","name":"Carpathia Center Romania","description":"Impossible made possible!","publisher":{"@id":"https:\/\/carpathiacenter.ro\/#organization"},"potentialAction":[{"@type":"SearchAction","target":{"@type":"EntryPoint","urlTemplate":"https:\/\/carpathiacenter.ro\/?s={search_term_string}"},"query-input":{"@type":"PropertyValueSpecification","valueRequired":true,"valueName":"search_term_string"}}],"inLanguage":"en-GB"},{"@type":"Organization","@id":"https:\/\/carpathiacenter.ro\/#organization","name":"Carpathia Center Romania","url":"https:\/\/carpathiacenter.ro\/","logo":{"@type":"ImageObject","inLanguage":"en-GB","@id":"https:\/\/carpathiacenter.ro\/#\/schema\/logo\/image\/","url":"https:\/\/carpathiacenter.ro\/wp-content\/uploads\/2024\/07\/logo-carpathia_bg_white-1024x941.png","contentUrl":"https:\/\/carpathiacenter.ro\/wp-content\/uploads\/2024\/07\/logo-carpathia_bg_white-1024x941.png","width":1024,"height":941,"caption":"Carpathia Center Romania"},"image":{"@id":"https:\/\/carpathiacenter.ro\/#\/schema\/logo\/image\/"},"sameAs":["https:\/\/www.facebook.com\/fdpscarpathia\/"]},{"@type":"Person","@id":"https:\/\/carpathiacenter.ro\/#\/schema\/person\/03d9f58202fee8379268f34afa195006","name":"creativebitsolutions","image":{"@type":"ImageObject","inLanguage":"en-GB","@id":"https:\/\/carpathiacenter.ro\/#\/schema\/person\/image\/","url":"https:\/\/secure.gravatar.com\/avatar\/1b1a13e37f847c635dab78348f1dff2f07651ee2a3d77a5c355a4b8c75f9165a?s=96&d=mm&r=g","contentUrl":"https:\/\/secure.gravatar.com\/avatar\/1b1a13e37f847c635dab78348f1dff2f07651ee2a3d77a5c355a4b8c75f9165a?s=96&d=mm&r=g","caption":"creativebitsolutions"},"url":"https:\/\/carpathiacenter.ro\/en\/author\/creativebitsolutions\/"}]}},"_links":{"self":[{"href":"https:\/\/carpathiacenter.ro\/en\/wp-json\/wp\/v2\/posts\/2603","targetHints":{"allow":["GET"]}}],"collection":[{"href":"https:\/\/carpathiacenter.ro\/en\/wp-json\/wp\/v2\/posts"}],"about":[{"href":"https:\/\/carpathiacenter.ro\/en\/wp-json\/wp\/v2\/types\/post"}],"author":[{"embeddable":true,"href":"https:\/\/carpathiacenter.ro\/en\/wp-json\/wp\/v2\/users\/4"}],"replies":[{"embeddable":true,"href":"https:\/\/carpathiacenter.ro\/en\/wp-json\/wp\/v2\/comments?post=2603"}],"version-history":[{"count":1,"href":"https:\/\/carpathiacenter.ro\/en\/wp-json\/wp\/v2\/posts\/2603\/revisions"}],"predecessor-version":[{"id":2605,"href":"https:\/\/carpathiacenter.ro\/en\/wp-json\/wp\/v2\/posts\/2603\/revisions\/2605"}],"wp:featuredmedia":[{"embeddable":true,"href":"https:\/\/carpathiacenter.ro\/en\/wp-json\/wp\/v2\/media\/2609"}],"wp:attachment":[{"href":"https:\/\/carpathiacenter.ro\/en\/wp-json\/wp\/v2\/media?parent=2603"}],"wp:term":[{"taxonomy":"category","embeddable":true,"href":"https:\/\/carpathiacenter.ro\/en\/wp-json\/wp\/v2\/categories?post=2603"},{"taxonomy":"post_tag","embeddable":true,"href":"https:\/\/carpathiacenter.ro\/en\/wp-json\/wp\/v2\/tags?post=2603"}],"curies":[{"name":"wp","href":"https:\/\/api.w.org\/{rel}","templated":true}]}}