{"id":2600,"date":"2025-06-26T11:04:26","date_gmt":"2025-06-26T11:04:26","guid":{"rendered":"https:\/\/carpathiacenter.ro\/?p=2600"},"modified":"2025-06-26T11:04:26","modified_gmt":"2025-06-26T11:04:26","slug":"gusturi-autentice-si-mestesug-romanesc-la-targul-de-sfintii-petru-si-pavel-din-curtea-ministerului-agriculturii","status":"publish","type":"post","link":"https:\/\/carpathiacenter.ro\/en\/gusturi-autentice-si-mestesug-romanesc-la-targul-de-sfintii-petru-si-pavel-din-curtea-ministerului-agriculturii\/","title":{"rendered":"Gusturi autentice \u0219i me\u0219te\u0219ug rom\u00e2nesc la &#8216;T\u00e2rgul de Sfin\u021bii Petru \u0219i Pavel&#8217; din curtea Ministerului Agriculturii"},"content":{"rendered":"<p><strong>Gusturile autentice \u0219i me\u0219te\u0219ugul rom\u00e2nesc vor putea fi reg\u0103site, de joi p\u00e2n\u0103 s\u00e2mb\u0103t\u0103, la &#8216;T\u00e2rgul de Sfin\u021bii Petru \u0219i Pavel&#8217; din curtea Ministerului Agriculturii \u0219i Dezvolt\u0103rii Rurale (MADR), t\u00e2rgul fiind organizat cu sprijinul Cooperativei Agricole Caprirom Sud Muntenia.<\/strong><\/p>\n<p>&#8216;T\u00e2rgul de Sfin\u021bii Petru \u0219i Pavel&#8217; reune\u0219te 27 de produc\u0103tori din mai multe zone ale \u021b\u0103rii, care vor \u00eent\u00e2mpina vizitatorii cu o ofert\u0103 variat\u0103 de produse naturale, realizate cu pricepere, grij\u0103 \u0219i pasiune. &#8216;Prin astfel de ini\u021biative, MADR aduce mai aproape de consumatori produse locale, ob\u021binute cu grij\u0103, respect\u00e2nd re\u021bete mo\u0219tenite care sunt apreciate de consumatori pentru gustul lor autentic&#8217;, arat\u0103 un comunicat al ministerului.<\/p>\n<p>La aceast\u0103 edi\u021bie, oaspe\u021bii t\u00e2rgului vor descoperi produse atestate tradi\u021bional din categoria lactate \u0219i br\u00e2nzeturi, preparate din carne, carmangerie artizanal\u0103, precum \u0219i bun\u0103t\u0103\u021bi din fructe \u0219i legume &#8211; sucuri naturale, dulce\u021buri, conserve &#8211; dar \u0219i fructe \u0219i legume proaspete sau uscate ori produse din arealul zonei montane.<\/p>\n<p>De asemenea, se va putea g\u0103si p\u00e2ine, cozonaci ca la bunica, pr\u0103jituri f\u0103r\u0103 zah\u0103r \u0219i produse din lavand\u0103, miere, b\u0103uturi artizanale \u0219i distilate locale, produse din pe\u0219te \u0219i diverse preparate. Vizitatorii vor avea ocazia de a achizi\u021biona produse recunoscute la nivel european pentru calitatea \u0219i autenticitatea lor, contribuind astfel la promovarea tradi\u021biilor rom\u00e2ne\u0219ti peste hotare. Printre acestea, Magiunul de prune Topoloveni &#8211; produs cu Indica\u021bie Geografic\u0103 Protejat\u0103 (IGP) din jude\u021bul Arge\u0219, dar \u0219i produse apicole ecologice.<\/p>\n<p>Atmosfera va fi \u00eembog\u0103\u021bit\u0103 de prezen\u021ba a doi me\u0219teri populari, care vor crea manual la fa\u021ba locului obiecte din lemn, opinci \u0219i vor picta icoane, oferind publicului o veritabil\u0103 incursiune \u00een spiritul tradi\u021biilor rom\u00e2ne\u0219ti. \u00cen egal\u0103 m\u0103sur\u0103, cei prezen\u021bi la t\u00e2rg vor avea ocazia s\u0103 interac\u021bioneze direct cu produc\u0103torii, s\u0103 afle povestea din spatele fiec\u0103rui produs \u0219i s\u0103 sus\u021bin\u0103 economia local\u0103 prin consumul de alimente s\u0103n\u0103toase \u0219i sustenabile. AGERPRES\/(AS &#8211; redactor: Cristian Anghelache, editor: Mariana Nica, editor online: Ada V\u00eelceanu)&nbsp;<br \/>\n<br \/>\nSursa articolului:<a href=\"https:\/\/agerpres.ro\/social\/2025\/06\/26\/gusturi-autentice-si-mestesug-romanesc-la-targul-de-sfintii-petru-si-pavel-din-curtea-ministerului-a--1462959\" target=\"_blank\" rel=\"noopener\" title=\"\">https:\/\/agerpres.ro\/social\/2025\/06\/26\/gusturi-autentice-si-mestesug-romanesc-la-targul-de-sfintii-petru-si-pavel-din-curtea-ministerului-a&#8211;1462959<\/a><\/p>","protected":false},"excerpt":{"rendered":"<p>Gusturile autentice \u0219i me\u0219te\u0219ugul rom\u00e2nesc vor putea fi reg\u0103site, de joi p\u00e2n\u0103 s\u00e2mb\u0103t\u0103, la &#8216;T\u00e2rgul de Sfin\u021bii Petru \u0219i Pavel&#8217; din curtea Ministerului Agriculturii \u0219i Dezvolt\u0103rii Rurale (MADR), t\u00e2rgul fiind organizat cu sprijinul Cooperativei Agricole Caprirom Sud Muntenia. &#8216;T\u00e2rgul de Sfin\u021bii Petru \u0219i Pavel&#8217; reune\u0219te 27 de produc\u0103tori din mai multe zone ale \u021b\u0103rii, care&#8230;<\/p>","protected":false},"author":4,"featured_media":2601,"comment_status":"open","ping_status":"open","sticky":false,"template":"","format":"standard","meta":{"footnotes":""},"categories":[1],"tags":[],"class_list":["post-2600","post","type-post","status-publish","format-standard","has-post-thumbnail","hentry","category-uncategorized"],"yoast_head":"<!-- This site is optimized with the Yoast SEO plugin v26.1.1 - https:\/\/yoast.com\/wordpress\/plugins\/seo\/ -->\n<title>Gusturi autentice \u0219i me\u0219te\u0219ug rom\u00e2nesc la &#039;T\u00e2rgul de Sfin\u021bii Petru \u0219i Pavel&#039; din curtea Ministerului Agriculturii - Carpathia Center Romania<\/title>\n<meta name=\"robots\" content=\"index, follow, max-snippet:-1, max-image-preview:large, max-video-preview:-1\" \/>\n<link rel=\"canonical\" href=\"https:\/\/carpathiacenter.ro\/en\/gusturi-autentice-si-mestesug-romanesc-la-targul-de-sfintii-petru-si-pavel-din-curtea-ministerului-agriculturii\/\" \/>\n<meta property=\"og:locale\" content=\"en_GB\" \/>\n<meta property=\"og:type\" content=\"article\" \/>\n<meta property=\"og:title\" content=\"Gusturi autentice \u0219i me\u0219te\u0219ug rom\u00e2nesc la &#039;T\u00e2rgul de Sfin\u021bii Petru \u0219i Pavel&#039; din curtea Ministerului Agriculturii - Carpathia Center Romania\" \/>\n<meta property=\"og:description\" content=\"Gusturile autentice \u0219i me\u0219te\u0219ugul rom\u00e2nesc vor putea fi reg\u0103site, de joi p\u00e2n\u0103 s\u00e2mb\u0103t\u0103, la &#8216;T\u00e2rgul de Sfin\u021bii Petru \u0219i Pavel&#8217; din curtea Ministerului Agriculturii \u0219i Dezvolt\u0103rii Rurale (MADR), t\u00e2rgul fiind organizat cu sprijinul Cooperativei Agricole Caprirom Sud Muntenia. &#8216;T\u00e2rgul de Sfin\u021bii Petru \u0219i Pavel&#8217; reune\u0219te 27 de produc\u0103tori din mai multe zone ale \u021b\u0103rii, care...\" \/>\n<meta property=\"og:url\" content=\"https:\/\/carpathiacenter.ro\/en\/gusturi-autentice-si-mestesug-romanesc-la-targul-de-sfintii-petru-si-pavel-din-curtea-ministerului-agriculturii\/\" \/>\n<meta property=\"og:site_name\" content=\"Carpathia Center Romania\" \/>\n<meta property=\"article:publisher\" content=\"https:\/\/www.facebook.com\/fdpscarpathia\/\" \/>\n<meta property=\"article:published_time\" content=\"2025-06-26T11:04:26+00:00\" \/>\n<meta property=\"og:image\" content=\"https:\/\/carpathiacenter.ro\/wp-content\/uploads\/2025\/06\/patiserie.jpg\" \/>\n\t<meta property=\"og:image:width\" content=\"602\" \/>\n\t<meta property=\"og:image:height\" content=\"399\" \/>\n\t<meta property=\"og:image:type\" content=\"image\/jpeg\" \/>\n<meta name=\"author\" content=\"creativebitsolutions\" \/>\n<meta name=\"twitter:card\" content=\"summary_large_image\" \/>\n<meta name=\"twitter:label1\" content=\"Written by\" \/>\n\t<meta name=\"twitter:data1\" content=\"creativebitsolutions\" \/>\n\t<meta name=\"twitter:label2\" content=\"Estimated reading time\" \/>\n\t<meta name=\"twitter:data2\" content=\"2 minutes\" \/>\n<script type=\"application\/ld+json\" class=\"yoast-schema-graph\">{\"@context\":\"https:\/\/schema.org\",\"@graph\":[{\"@type\":\"Article\",\"@id\":\"https:\/\/carpathiacenter.ro\/gusturi-autentice-si-mestesug-romanesc-la-targul-de-sfintii-petru-si-pavel-din-curtea-ministerului-agriculturii\/#article\",\"isPartOf\":{\"@id\":\"https:\/\/carpathiacenter.ro\/gusturi-autentice-si-mestesug-romanesc-la-targul-de-sfintii-petru-si-pavel-din-curtea-ministerului-agriculturii\/\"},\"author\":{\"name\":\"creativebitsolutions\",\"@id\":\"https:\/\/carpathiacenter.ro\/#\/schema\/person\/03d9f58202fee8379268f34afa195006\"},\"headline\":\"Gusturi autentice \u0219i me\u0219te\u0219ug rom\u00e2nesc la &#8216;T\u00e2rgul de Sfin\u021bii Petru \u0219i Pavel&#8217; din curtea Ministerului Agriculturii\",\"datePublished\":\"2025-06-26T11:04:26+00:00\",\"mainEntityOfPage\":{\"@id\":\"https:\/\/carpathiacenter.ro\/gusturi-autentice-si-mestesug-romanesc-la-targul-de-sfintii-petru-si-pavel-din-curtea-ministerului-agriculturii\/\"},\"wordCount\":394,\"commentCount\":0,\"publisher\":{\"@id\":\"https:\/\/carpathiacenter.ro\/#organization\"},\"image\":{\"@id\":\"https:\/\/carpathiacenter.ro\/gusturi-autentice-si-mestesug-romanesc-la-targul-de-sfintii-petru-si-pavel-din-curtea-ministerului-agriculturii\/#primaryimage\"},\"thumbnailUrl\":\"https:\/\/carpathiacenter.ro\/wp-content\/uploads\/2025\/06\/patiserie.jpg\",\"articleSection\":[\"Uncategorized\"],\"inLanguage\":\"en-GB\",\"potentialAction\":[{\"@type\":\"CommentAction\",\"name\":\"Comment\",\"target\":[\"https:\/\/carpathiacenter.ro\/gusturi-autentice-si-mestesug-romanesc-la-targul-de-sfintii-petru-si-pavel-din-curtea-ministerului-agriculturii\/#respond\"]}]},{\"@type\":\"WebPage\",\"@id\":\"https:\/\/carpathiacenter.ro\/gusturi-autentice-si-mestesug-romanesc-la-targul-de-sfintii-petru-si-pavel-din-curtea-ministerului-agriculturii\/\",\"url\":\"https:\/\/carpathiacenter.ro\/gusturi-autentice-si-mestesug-romanesc-la-targul-de-sfintii-petru-si-pavel-din-curtea-ministerului-agriculturii\/\",\"name\":\"Gusturi autentice \u0219i me\u0219te\u0219ug rom\u00e2nesc la 'T\u00e2rgul de Sfin\u021bii Petru \u0219i Pavel' din curtea Ministerului Agriculturii - Carpathia Center Romania\",\"isPartOf\":{\"@id\":\"https:\/\/carpathiacenter.ro\/#website\"},\"primaryImageOfPage\":{\"@id\":\"https:\/\/carpathiacenter.ro\/gusturi-autentice-si-mestesug-romanesc-la-targul-de-sfintii-petru-si-pavel-din-curtea-ministerului-agriculturii\/#primaryimage\"},\"image\":{\"@id\":\"https:\/\/carpathiacenter.ro\/gusturi-autentice-si-mestesug-romanesc-la-targul-de-sfintii-petru-si-pavel-din-curtea-ministerului-agriculturii\/#primaryimage\"},\"thumbnailUrl\":\"https:\/\/carpathiacenter.ro\/wp-content\/uploads\/2025\/06\/patiserie.jpg\",\"datePublished\":\"2025-06-26T11:04:26+00:00\",\"breadcrumb\":{\"@id\":\"https:\/\/carpathiacenter.ro\/gusturi-autentice-si-mestesug-romanesc-la-targul-de-sfintii-petru-si-pavel-din-curtea-ministerului-agriculturii\/#breadcrumb\"},\"inLanguage\":\"en-GB\",\"potentialAction\":[{\"@type\":\"ReadAction\",\"target\":[\"https:\/\/carpathiacenter.ro\/gusturi-autentice-si-mestesug-romanesc-la-targul-de-sfintii-petru-si-pavel-din-curtea-ministerului-agriculturii\/\"]}]},{\"@type\":\"ImageObject\",\"inLanguage\":\"en-GB\",\"@id\":\"https:\/\/carpathiacenter.ro\/gusturi-autentice-si-mestesug-romanesc-la-targul-de-sfintii-petru-si-pavel-din-curtea-ministerului-agriculturii\/#primaryimage\",\"url\":\"https:\/\/carpathiacenter.ro\/wp-content\/uploads\/2025\/06\/patiserie.jpg\",\"contentUrl\":\"https:\/\/carpathiacenter.ro\/wp-content\/uploads\/2025\/06\/patiserie.jpg\",\"width\":602,\"height\":399},{\"@type\":\"BreadcrumbList\",\"@id\":\"https:\/\/carpathiacenter.ro\/gusturi-autentice-si-mestesug-romanesc-la-targul-de-sfintii-petru-si-pavel-din-curtea-ministerului-agriculturii\/#breadcrumb\",\"itemListElement\":[{\"@type\":\"ListItem\",\"position\":1,\"name\":\"Prima pagin\u0103\",\"item\":\"https:\/\/carpathiacenter.ro\/\"},{\"@type\":\"ListItem\",\"position\":2,\"name\":\"Gusturi autentice \u0219i me\u0219te\u0219ug rom\u00e2nesc la &#8216;T\u00e2rgul de Sfin\u021bii Petru \u0219i Pavel&#8217; din curtea Ministerului Agriculturii\"}]},{\"@type\":\"WebSite\",\"@id\":\"https:\/\/carpathiacenter.ro\/#website\",\"url\":\"https:\/\/carpathiacenter.ro\/\",\"name\":\"Carpathia Center Romania\",\"description\":\"Impossible made possible!\",\"publisher\":{\"@id\":\"https:\/\/carpathiacenter.ro\/#organization\"},\"potentialAction\":[{\"@type\":\"SearchAction\",\"target\":{\"@type\":\"EntryPoint\",\"urlTemplate\":\"https:\/\/carpathiacenter.ro\/?s={search_term_string}\"},\"query-input\":{\"@type\":\"PropertyValueSpecification\",\"valueRequired\":true,\"valueName\":\"search_term_string\"}}],\"inLanguage\":\"en-GB\"},{\"@type\":\"Organization\",\"@id\":\"https:\/\/carpathiacenter.ro\/#organization\",\"name\":\"Carpathia Center Romania\",\"url\":\"https:\/\/carpathiacenter.ro\/\",\"logo\":{\"@type\":\"ImageObject\",\"inLanguage\":\"en-GB\",\"@id\":\"https:\/\/carpathiacenter.ro\/#\/schema\/logo\/image\/\",\"url\":\"https:\/\/carpathiacenter.ro\/wp-content\/uploads\/2024\/07\/logo-carpathia_bg_white-1024x941.png\",\"contentUrl\":\"https:\/\/carpathiacenter.ro\/wp-content\/uploads\/2024\/07\/logo-carpathia_bg_white-1024x941.png\",\"width\":1024,\"height\":941,\"caption\":\"Carpathia Center Romania\"},\"image\":{\"@id\":\"https:\/\/carpathiacenter.ro\/#\/schema\/logo\/image\/\"},\"sameAs\":[\"https:\/\/www.facebook.com\/fdpscarpathia\/\"]},{\"@type\":\"Person\",\"@id\":\"https:\/\/carpathiacenter.ro\/#\/schema\/person\/03d9f58202fee8379268f34afa195006\",\"name\":\"creativebitsolutions\",\"image\":{\"@type\":\"ImageObject\",\"inLanguage\":\"en-GB\",\"@id\":\"https:\/\/carpathiacenter.ro\/#\/schema\/person\/image\/\",\"url\":\"https:\/\/secure.gravatar.com\/avatar\/1b1a13e37f847c635dab78348f1dff2f07651ee2a3d77a5c355a4b8c75f9165a?s=96&d=mm&r=g\",\"contentUrl\":\"https:\/\/secure.gravatar.com\/avatar\/1b1a13e37f847c635dab78348f1dff2f07651ee2a3d77a5c355a4b8c75f9165a?s=96&d=mm&r=g\",\"caption\":\"creativebitsolutions\"},\"url\":\"https:\/\/carpathiacenter.ro\/en\/author\/creativebitsolutions\/\"}]}<\/script>\n<!-- \/ Yoast SEO plugin. -->","yoast_head_json":{"title":"Gusturi autentice \u0219i me\u0219te\u0219ug rom\u00e2nesc la 'T\u00e2rgul de Sfin\u021bii Petru \u0219i Pavel' din curtea Ministerului Agriculturii - Carpathia Center Romania","robots":{"index":"index","follow":"follow","max-snippet":"max-snippet:-1","max-image-preview":"max-image-preview:large","max-video-preview":"max-video-preview:-1"},"canonical":"https:\/\/carpathiacenter.ro\/en\/gusturi-autentice-si-mestesug-romanesc-la-targul-de-sfintii-petru-si-pavel-din-curtea-ministerului-agriculturii\/","og_locale":"en_GB","og_type":"article","og_title":"Gusturi autentice \u0219i me\u0219te\u0219ug rom\u00e2nesc la 'T\u00e2rgul de Sfin\u021bii Petru \u0219i Pavel' din curtea Ministerului Agriculturii - Carpathia Center Romania","og_description":"Gusturile autentice \u0219i me\u0219te\u0219ugul rom\u00e2nesc vor putea fi reg\u0103site, de joi p\u00e2n\u0103 s\u00e2mb\u0103t\u0103, la &#8216;T\u00e2rgul de Sfin\u021bii Petru \u0219i Pavel&#8217; din curtea Ministerului Agriculturii \u0219i Dezvolt\u0103rii Rurale (MADR), t\u00e2rgul fiind organizat cu sprijinul Cooperativei Agricole Caprirom Sud Muntenia. &#8216;T\u00e2rgul de Sfin\u021bii Petru \u0219i Pavel&#8217; reune\u0219te 27 de produc\u0103tori din mai multe zone ale \u021b\u0103rii, care...","og_url":"https:\/\/carpathiacenter.ro\/en\/gusturi-autentice-si-mestesug-romanesc-la-targul-de-sfintii-petru-si-pavel-din-curtea-ministerului-agriculturii\/","og_site_name":"Carpathia Center Romania","article_publisher":"https:\/\/www.facebook.com\/fdpscarpathia\/","article_published_time":"2025-06-26T11:04:26+00:00","og_image":[{"width":602,"height":399,"url":"https:\/\/carpathiacenter.ro\/wp-content\/uploads\/2025\/06\/patiserie.jpg","type":"image\/jpeg"}],"author":"creativebitsolutions","twitter_card":"summary_large_image","twitter_misc":{"Written by":"creativebitsolutions","Estimated reading time":"2 minutes"},"schema":{"@context":"https:\/\/schema.org","@graph":[{"@type":"Article","@id":"https:\/\/carpathiacenter.ro\/gusturi-autentice-si-mestesug-romanesc-la-targul-de-sfintii-petru-si-pavel-din-curtea-ministerului-agriculturii\/#article","isPartOf":{"@id":"https:\/\/carpathiacenter.ro\/gusturi-autentice-si-mestesug-romanesc-la-targul-de-sfintii-petru-si-pavel-din-curtea-ministerului-agriculturii\/"},"author":{"name":"creativebitsolutions","@id":"https:\/\/carpathiacenter.ro\/#\/schema\/person\/03d9f58202fee8379268f34afa195006"},"headline":"Gusturi autentice \u0219i me\u0219te\u0219ug rom\u00e2nesc la &#8216;T\u00e2rgul de Sfin\u021bii Petru \u0219i Pavel&#8217; din curtea Ministerului Agriculturii","datePublished":"2025-06-26T11:04:26+00:00","mainEntityOfPage":{"@id":"https:\/\/carpathiacenter.ro\/gusturi-autentice-si-mestesug-romanesc-la-targul-de-sfintii-petru-si-pavel-din-curtea-ministerului-agriculturii\/"},"wordCount":394,"commentCount":0,"publisher":{"@id":"https:\/\/carpathiacenter.ro\/#organization"},"image":{"@id":"https:\/\/carpathiacenter.ro\/gusturi-autentice-si-mestesug-romanesc-la-targul-de-sfintii-petru-si-pavel-din-curtea-ministerului-agriculturii\/#primaryimage"},"thumbnailUrl":"https:\/\/carpathiacenter.ro\/wp-content\/uploads\/2025\/06\/patiserie.jpg","articleSection":["Uncategorized"],"inLanguage":"en-GB","potentialAction":[{"@type":"CommentAction","name":"Comment","target":["https:\/\/carpathiacenter.ro\/gusturi-autentice-si-mestesug-romanesc-la-targul-de-sfintii-petru-si-pavel-din-curtea-ministerului-agriculturii\/#respond"]}]},{"@type":"WebPage","@id":"https:\/\/carpathiacenter.ro\/gusturi-autentice-si-mestesug-romanesc-la-targul-de-sfintii-petru-si-pavel-din-curtea-ministerului-agriculturii\/","url":"https:\/\/carpathiacenter.ro\/gusturi-autentice-si-mestesug-romanesc-la-targul-de-sfintii-petru-si-pavel-din-curtea-ministerului-agriculturii\/","name":"Gusturi autentice \u0219i me\u0219te\u0219ug rom\u00e2nesc la 'T\u00e2rgul de Sfin\u021bii Petru \u0219i Pavel' din curtea Ministerului Agriculturii - Carpathia Center Romania","isPartOf":{"@id":"https:\/\/carpathiacenter.ro\/#website"},"primaryImageOfPage":{"@id":"https:\/\/carpathiacenter.ro\/gusturi-autentice-si-mestesug-romanesc-la-targul-de-sfintii-petru-si-pavel-din-curtea-ministerului-agriculturii\/#primaryimage"},"image":{"@id":"https:\/\/carpathiacenter.ro\/gusturi-autentice-si-mestesug-romanesc-la-targul-de-sfintii-petru-si-pavel-din-curtea-ministerului-agriculturii\/#primaryimage"},"thumbnailUrl":"https:\/\/carpathiacenter.ro\/wp-content\/uploads\/2025\/06\/patiserie.jpg","datePublished":"2025-06-26T11:04:26+00:00","breadcrumb":{"@id":"https:\/\/carpathiacenter.ro\/gusturi-autentice-si-mestesug-romanesc-la-targul-de-sfintii-petru-si-pavel-din-curtea-ministerului-agriculturii\/#breadcrumb"},"inLanguage":"en-GB","potentialAction":[{"@type":"ReadAction","target":["https:\/\/carpathiacenter.ro\/gusturi-autentice-si-mestesug-romanesc-la-targul-de-sfintii-petru-si-pavel-din-curtea-ministerului-agriculturii\/"]}]},{"@type":"ImageObject","inLanguage":"en-GB","@id":"https:\/\/carpathiacenter.ro\/gusturi-autentice-si-mestesug-romanesc-la-targul-de-sfintii-petru-si-pavel-din-curtea-ministerului-agriculturii\/#primaryimage","url":"https:\/\/carpathiacenter.ro\/wp-content\/uploads\/2025\/06\/patiserie.jpg","contentUrl":"https:\/\/carpathiacenter.ro\/wp-content\/uploads\/2025\/06\/patiserie.jpg","width":602,"height":399},{"@type":"BreadcrumbList","@id":"https:\/\/carpathiacenter.ro\/gusturi-autentice-si-mestesug-romanesc-la-targul-de-sfintii-petru-si-pavel-din-curtea-ministerului-agriculturii\/#breadcrumb","itemListElement":[{"@type":"ListItem","position":1,"name":"Prima pagin\u0103","item":"https:\/\/carpathiacenter.ro\/"},{"@type":"ListItem","position":2,"name":"Gusturi autentice \u0219i me\u0219te\u0219ug rom\u00e2nesc la &#8216;T\u00e2rgul de Sfin\u021bii Petru \u0219i Pavel&#8217; din curtea Ministerului Agriculturii"}]},{"@type":"WebSite","@id":"https:\/\/carpathiacenter.ro\/#website","url":"https:\/\/carpathiacenter.ro\/","name":"Carpathia Center Romania","description":"Impossible made possible!","publisher":{"@id":"https:\/\/carpathiacenter.ro\/#organization"},"potentialAction":[{"@type":"SearchAction","target":{"@type":"EntryPoint","urlTemplate":"https:\/\/carpathiacenter.ro\/?s={search_term_string}"},"query-input":{"@type":"PropertyValueSpecification","valueRequired":true,"valueName":"search_term_string"}}],"inLanguage":"en-GB"},{"@type":"Organization","@id":"https:\/\/carpathiacenter.ro\/#organization","name":"Carpathia Center Romania","url":"https:\/\/carpathiacenter.ro\/","logo":{"@type":"ImageObject","inLanguage":"en-GB","@id":"https:\/\/carpathiacenter.ro\/#\/schema\/logo\/image\/","url":"https:\/\/carpathiacenter.ro\/wp-content\/uploads\/2024\/07\/logo-carpathia_bg_white-1024x941.png","contentUrl":"https:\/\/carpathiacenter.ro\/wp-content\/uploads\/2024\/07\/logo-carpathia_bg_white-1024x941.png","width":1024,"height":941,"caption":"Carpathia Center Romania"},"image":{"@id":"https:\/\/carpathiacenter.ro\/#\/schema\/logo\/image\/"},"sameAs":["https:\/\/www.facebook.com\/fdpscarpathia\/"]},{"@type":"Person","@id":"https:\/\/carpathiacenter.ro\/#\/schema\/person\/03d9f58202fee8379268f34afa195006","name":"creativebitsolutions","image":{"@type":"ImageObject","inLanguage":"en-GB","@id":"https:\/\/carpathiacenter.ro\/#\/schema\/person\/image\/","url":"https:\/\/secure.gravatar.com\/avatar\/1b1a13e37f847c635dab78348f1dff2f07651ee2a3d77a5c355a4b8c75f9165a?s=96&d=mm&r=g","contentUrl":"https:\/\/secure.gravatar.com\/avatar\/1b1a13e37f847c635dab78348f1dff2f07651ee2a3d77a5c355a4b8c75f9165a?s=96&d=mm&r=g","caption":"creativebitsolutions"},"url":"https:\/\/carpathiacenter.ro\/en\/author\/creativebitsolutions\/"}]}},"_links":{"self":[{"href":"https:\/\/carpathiacenter.ro\/en\/wp-json\/wp\/v2\/posts\/2600","targetHints":{"allow":["GET"]}}],"collection":[{"href":"https:\/\/carpathiacenter.ro\/en\/wp-json\/wp\/v2\/posts"}],"about":[{"href":"https:\/\/carpathiacenter.ro\/en\/wp-json\/wp\/v2\/types\/post"}],"author":[{"embeddable":true,"href":"https:\/\/carpathiacenter.ro\/en\/wp-json\/wp\/v2\/users\/4"}],"replies":[{"embeddable":true,"href":"https:\/\/carpathiacenter.ro\/en\/wp-json\/wp\/v2\/comments?post=2600"}],"version-history":[{"count":1,"href":"https:\/\/carpathiacenter.ro\/en\/wp-json\/wp\/v2\/posts\/2600\/revisions"}],"predecessor-version":[{"id":2602,"href":"https:\/\/carpathiacenter.ro\/en\/wp-json\/wp\/v2\/posts\/2600\/revisions\/2602"}],"wp:featuredmedia":[{"embeddable":true,"href":"https:\/\/carpathiacenter.ro\/en\/wp-json\/wp\/v2\/media\/2601"}],"wp:attachment":[{"href":"https:\/\/carpathiacenter.ro\/en\/wp-json\/wp\/v2\/media?parent=2600"}],"wp:term":[{"taxonomy":"category","embeddable":true,"href":"https:\/\/carpathiacenter.ro\/en\/wp-json\/wp\/v2\/categories?post=2600"},{"taxonomy":"post_tag","embeddable":true,"href":"https:\/\/carpathiacenter.ro\/en\/wp-json\/wp\/v2\/tags?post=2600"}],"curies":[{"name":"wp","href":"https:\/\/api.w.org\/{rel}","templated":true}]}}