{"id":2597,"date":"2025-06-26T10:58:05","date_gmt":"2025-06-26T10:58:05","guid":{"rendered":"https:\/\/carpathiacenter.ro\/?p=2597"},"modified":"2025-06-26T10:58:05","modified_gmt":"2025-06-26T10:58:05","slug":"bolojan-drapelul-national-este-un-simbol-al-identitatii-noastre-si-al-unitatii-nationale","status":"publish","type":"post","link":"https:\/\/carpathiacenter.ro\/en\/bolojan-drapelul-national-este-un-simbol-al-identitatii-noastre-si-al-unitatii-nationale\/","title":{"rendered":"Bolojan: Drapelul na\u021bional este un simbol al identit\u0103\u021bii noastre \u0219i al unit\u0103\u021bii na\u021bionale"},"content":{"rendered":"<p>Drapelul na\u021bional este un simbol al identit\u0103\u021bii noastre \u0219i al unit\u0103\u021bii na\u021bionale, a transmis premierul Ilie Bolojan, joi, \u00eentr-un mesaj adresat cu prilejul <a href=\"https:\/\/agerpres.ro\/documentare\/2025\/06\/26\/26-iunie---ziua-drapelului-national--1462942\" target=\"_blank\">Zilei Drapelului Na\u021bional<\/a>.<\/p>\n<p>&#8216;Cele trei culori &#8211; albastru, galben \u0219i ro\u0219u &#8211; au \u00eenso\u021bit poporul rom\u00e2n \u00een momentele decisive ale istoriei: de la Revolu\u021bia de la 1848 \u0219i Unirea Principatelor, la c\u00e2\u0219tigarea Independen\u021bei, marile r\u0103zboaie mondiale, p\u00e2n\u0103 la integrarea \u00een Uniunea European\u0103 \u0219i NATO. Sub tricolor, Rom\u00e2nia \u0219i-a afirmat suveranitatea, a construit democra\u021bia \u0219i a celebrat performan\u021bele cet\u0103\u021benilor s\u0103i. Drapelul, al\u0103turi de celelalte simboluri na\u021bionale, leag\u0103 trecutul plin de sacrificii de viitorul pe care \u00eel construim \u00eempreun\u0103 &#8216;, a afirmat Ilie Bolojan.<\/p>\n<p>Premierul a subliniat c\u0103 Rom\u00e2nia va reu\u0219i dac\u0103 r\u0103m\u00e2nem uni\u021bi \u0219i dac\u0103 statul, prin toate componentele sale, ac\u021bioneaz\u0103 cu respect \u0219i responsabilitate fa\u021b\u0103 de cet\u0103\u021beni.<\/p>\n<p>&#8216;La mul\u021bi ani, Rom\u00e2nia! La mul\u021bi ani, Drapelului Na\u021bional! , a conchis Bolojan. AGERPRES\/ (AS &#8211; redactor: Daniel Florea, editor: Mihai Simionescu, editor online: Anda Badea)<br \/>\n<br \/>\nSursa articolului:<a href=\"https:\/\/agerpres.ro\/politic\/2025\/06\/26\/bolojan-drapelul-national-este-un-simbol-al-identitatii-noastre-si-al-unitatii-nationale--1462965\" target=\"_blank\" rel=\"noopener\" title=\"\">https:\/\/agerpres.ro\/politic\/2025\/06\/26\/bolojan-drapelul-national-este-un-simbol-al-identitatii-noastre-si-al-unitatii-nationale&#8211;1462965<\/a><\/p>","protected":false},"excerpt":{"rendered":"<p>Drapelul na\u021bional este un simbol al identit\u0103\u021bii noastre \u0219i al unit\u0103\u021bii na\u021bionale, a transmis premierul Ilie Bolojan, joi, \u00eentr-un mesaj adresat cu prilejul Zilei Drapelului Na\u021bional. &#8216;Cele trei culori &#8211; albastru, galben \u0219i ro\u0219u &#8211; au \u00eenso\u021bit poporul rom\u00e2n \u00een momentele decisive ale istoriei: de la Revolu\u021bia de la 1848 \u0219i Unirea Principatelor, la c\u00e2\u0219tigarea&#8230;<\/p>","protected":false},"author":4,"featured_media":1988,"comment_status":"open","ping_status":"open","sticky":false,"template":"","format":"standard","meta":{"footnotes":""},"categories":[1],"tags":[],"class_list":["post-2597","post","type-post","status-publish","format-standard","has-post-thumbnail","hentry","category-uncategorized"],"yoast_head":"<!-- This site is optimized with the Yoast SEO plugin v26.1.1 - https:\/\/yoast.com\/wordpress\/plugins\/seo\/ -->\n<title>Bolojan: Drapelul na\u021bional este un simbol al identit\u0103\u021bii noastre \u0219i al unit\u0103\u021bii na\u021bionale - Carpathia Center Romania<\/title>\n<meta name=\"robots\" content=\"index, follow, max-snippet:-1, max-image-preview:large, max-video-preview:-1\" \/>\n<link rel=\"canonical\" href=\"https:\/\/carpathiacenter.ro\/en\/bolojan-drapelul-national-este-un-simbol-al-identitatii-noastre-si-al-unitatii-nationale\/\" \/>\n<meta property=\"og:locale\" content=\"en_GB\" \/>\n<meta property=\"og:type\" content=\"article\" \/>\n<meta property=\"og:title\" content=\"Bolojan: Drapelul na\u021bional este un simbol al identit\u0103\u021bii noastre \u0219i al unit\u0103\u021bii na\u021bionale - Carpathia Center Romania\" \/>\n<meta property=\"og:description\" content=\"Drapelul na\u021bional este un simbol al identit\u0103\u021bii noastre \u0219i al unit\u0103\u021bii na\u021bionale, a transmis premierul Ilie Bolojan, joi, \u00eentr-un mesaj adresat cu prilejul Zilei Drapelului Na\u021bional. &#8216;Cele trei culori &#8211; albastru, galben \u0219i ro\u0219u &#8211; au \u00eenso\u021bit poporul rom\u00e2n \u00een momentele decisive ale istoriei: de la Revolu\u021bia de la 1848 \u0219i Unirea Principatelor, la c\u00e2\u0219tigarea...\" \/>\n<meta property=\"og:url\" content=\"https:\/\/carpathiacenter.ro\/en\/bolojan-drapelul-national-este-un-simbol-al-identitatii-noastre-si-al-unitatii-nationale\/\" \/>\n<meta property=\"og:site_name\" content=\"Carpathia Center Romania\" \/>\n<meta property=\"article:publisher\" content=\"https:\/\/www.facebook.com\/fdpscarpathia\/\" \/>\n<meta property=\"article:published_time\" content=\"2025-06-26T10:58:05+00:00\" \/>\n<meta property=\"og:image\" content=\"https:\/\/carpathiacenter.ro\/wp-content\/uploads\/2025\/03\/Ilie_Bolojan.jpg\" \/>\n\t<meta property=\"og:image:width\" content=\"1000\" \/>\n\t<meta property=\"og:image:height\" content=\"630\" \/>\n\t<meta property=\"og:image:type\" content=\"image\/jpeg\" \/>\n<meta name=\"author\" content=\"creativebitsolutions\" \/>\n<meta name=\"twitter:card\" content=\"summary_large_image\" \/>\n<meta name=\"twitter:label1\" content=\"Written by\" \/>\n\t<meta name=\"twitter:data1\" content=\"creativebitsolutions\" \/>\n\t<meta name=\"twitter:label2\" content=\"Estimated reading time\" \/>\n\t<meta name=\"twitter:data2\" content=\"1 minute\" \/>\n<script type=\"application\/ld+json\" class=\"yoast-schema-graph\">{\"@context\":\"https:\/\/schema.org\",\"@graph\":[{\"@type\":\"Article\",\"@id\":\"https:\/\/carpathiacenter.ro\/bolojan-drapelul-national-este-un-simbol-al-identitatii-noastre-si-al-unitatii-nationale\/#article\",\"isPartOf\":{\"@id\":\"https:\/\/carpathiacenter.ro\/bolojan-drapelul-national-este-un-simbol-al-identitatii-noastre-si-al-unitatii-nationale\/\"},\"author\":{\"name\":\"creativebitsolutions\",\"@id\":\"https:\/\/carpathiacenter.ro\/#\/schema\/person\/03d9f58202fee8379268f34afa195006\"},\"headline\":\"Bolojan: Drapelul na\u021bional este un simbol al identit\u0103\u021bii noastre \u0219i al unit\u0103\u021bii na\u021bionale\",\"datePublished\":\"2025-06-26T10:58:05+00:00\",\"mainEntityOfPage\":{\"@id\":\"https:\/\/carpathiacenter.ro\/bolojan-drapelul-national-este-un-simbol-al-identitatii-noastre-si-al-unitatii-nationale\/\"},\"wordCount\":208,\"commentCount\":0,\"publisher\":{\"@id\":\"https:\/\/carpathiacenter.ro\/#organization\"},\"image\":{\"@id\":\"https:\/\/carpathiacenter.ro\/bolojan-drapelul-national-este-un-simbol-al-identitatii-noastre-si-al-unitatii-nationale\/#primaryimage\"},\"thumbnailUrl\":\"https:\/\/carpathiacenter.ro\/wp-content\/uploads\/2025\/03\/Ilie_Bolojan.jpg\",\"articleSection\":[\"Uncategorized\"],\"inLanguage\":\"en-GB\",\"potentialAction\":[{\"@type\":\"CommentAction\",\"name\":\"Comment\",\"target\":[\"https:\/\/carpathiacenter.ro\/bolojan-drapelul-national-este-un-simbol-al-identitatii-noastre-si-al-unitatii-nationale\/#respond\"]}]},{\"@type\":\"WebPage\",\"@id\":\"https:\/\/carpathiacenter.ro\/bolojan-drapelul-national-este-un-simbol-al-identitatii-noastre-si-al-unitatii-nationale\/\",\"url\":\"https:\/\/carpathiacenter.ro\/bolojan-drapelul-national-este-un-simbol-al-identitatii-noastre-si-al-unitatii-nationale\/\",\"name\":\"Bolojan: Drapelul na\u021bional este un simbol al identit\u0103\u021bii noastre \u0219i al unit\u0103\u021bii na\u021bionale - Carpathia Center Romania\",\"isPartOf\":{\"@id\":\"https:\/\/carpathiacenter.ro\/#website\"},\"primaryImageOfPage\":{\"@id\":\"https:\/\/carpathiacenter.ro\/bolojan-drapelul-national-este-un-simbol-al-identitatii-noastre-si-al-unitatii-nationale\/#primaryimage\"},\"image\":{\"@id\":\"https:\/\/carpathiacenter.ro\/bolojan-drapelul-national-este-un-simbol-al-identitatii-noastre-si-al-unitatii-nationale\/#primaryimage\"},\"thumbnailUrl\":\"https:\/\/carpathiacenter.ro\/wp-content\/uploads\/2025\/03\/Ilie_Bolojan.jpg\",\"datePublished\":\"2025-06-26T10:58:05+00:00\",\"breadcrumb\":{\"@id\":\"https:\/\/carpathiacenter.ro\/bolojan-drapelul-national-este-un-simbol-al-identitatii-noastre-si-al-unitatii-nationale\/#breadcrumb\"},\"inLanguage\":\"en-GB\",\"potentialAction\":[{\"@type\":\"ReadAction\",\"target\":[\"https:\/\/carpathiacenter.ro\/bolojan-drapelul-national-este-un-simbol-al-identitatii-noastre-si-al-unitatii-nationale\/\"]}]},{\"@type\":\"ImageObject\",\"inLanguage\":\"en-GB\",\"@id\":\"https:\/\/carpathiacenter.ro\/bolojan-drapelul-national-este-un-simbol-al-identitatii-noastre-si-al-unitatii-nationale\/#primaryimage\",\"url\":\"https:\/\/carpathiacenter.ro\/wp-content\/uploads\/2025\/03\/Ilie_Bolojan.jpg\",\"contentUrl\":\"https:\/\/carpathiacenter.ro\/wp-content\/uploads\/2025\/03\/Ilie_Bolojan.jpg\",\"width\":1000,\"height\":630},{\"@type\":\"BreadcrumbList\",\"@id\":\"https:\/\/carpathiacenter.ro\/bolojan-drapelul-national-este-un-simbol-al-identitatii-noastre-si-al-unitatii-nationale\/#breadcrumb\",\"itemListElement\":[{\"@type\":\"ListItem\",\"position\":1,\"name\":\"Prima pagin\u0103\",\"item\":\"https:\/\/carpathiacenter.ro\/\"},{\"@type\":\"ListItem\",\"position\":2,\"name\":\"Bolojan: Drapelul na\u021bional este un simbol al identit\u0103\u021bii noastre \u0219i al unit\u0103\u021bii na\u021bionale\"}]},{\"@type\":\"WebSite\",\"@id\":\"https:\/\/carpathiacenter.ro\/#website\",\"url\":\"https:\/\/carpathiacenter.ro\/\",\"name\":\"Carpathia Center Romania\",\"description\":\"Impossible made possible!\",\"publisher\":{\"@id\":\"https:\/\/carpathiacenter.ro\/#organization\"},\"potentialAction\":[{\"@type\":\"SearchAction\",\"target\":{\"@type\":\"EntryPoint\",\"urlTemplate\":\"https:\/\/carpathiacenter.ro\/?s={search_term_string}\"},\"query-input\":{\"@type\":\"PropertyValueSpecification\",\"valueRequired\":true,\"valueName\":\"search_term_string\"}}],\"inLanguage\":\"en-GB\"},{\"@type\":\"Organization\",\"@id\":\"https:\/\/carpathiacenter.ro\/#organization\",\"name\":\"Carpathia Center Romania\",\"url\":\"https:\/\/carpathiacenter.ro\/\",\"logo\":{\"@type\":\"ImageObject\",\"inLanguage\":\"en-GB\",\"@id\":\"https:\/\/carpathiacenter.ro\/#\/schema\/logo\/image\/\",\"url\":\"https:\/\/carpathiacenter.ro\/wp-content\/uploads\/2024\/07\/logo-carpathia_bg_white-1024x941.png\",\"contentUrl\":\"https:\/\/carpathiacenter.ro\/wp-content\/uploads\/2024\/07\/logo-carpathia_bg_white-1024x941.png\",\"width\":1024,\"height\":941,\"caption\":\"Carpathia Center Romania\"},\"image\":{\"@id\":\"https:\/\/carpathiacenter.ro\/#\/schema\/logo\/image\/\"},\"sameAs\":[\"https:\/\/www.facebook.com\/fdpscarpathia\/\"]},{\"@type\":\"Person\",\"@id\":\"https:\/\/carpathiacenter.ro\/#\/schema\/person\/03d9f58202fee8379268f34afa195006\",\"name\":\"creativebitsolutions\",\"image\":{\"@type\":\"ImageObject\",\"inLanguage\":\"en-GB\",\"@id\":\"https:\/\/carpathiacenter.ro\/#\/schema\/person\/image\/\",\"url\":\"https:\/\/secure.gravatar.com\/avatar\/1b1a13e37f847c635dab78348f1dff2f07651ee2a3d77a5c355a4b8c75f9165a?s=96&d=mm&r=g\",\"contentUrl\":\"https:\/\/secure.gravatar.com\/avatar\/1b1a13e37f847c635dab78348f1dff2f07651ee2a3d77a5c355a4b8c75f9165a?s=96&d=mm&r=g\",\"caption\":\"creativebitsolutions\"},\"url\":\"https:\/\/carpathiacenter.ro\/en\/author\/creativebitsolutions\/\"}]}<\/script>\n<!-- \/ Yoast SEO plugin. -->","yoast_head_json":{"title":"Bolojan: Drapelul na\u021bional este un simbol al identit\u0103\u021bii noastre \u0219i al unit\u0103\u021bii na\u021bionale - Carpathia Center Romania","robots":{"index":"index","follow":"follow","max-snippet":"max-snippet:-1","max-image-preview":"max-image-preview:large","max-video-preview":"max-video-preview:-1"},"canonical":"https:\/\/carpathiacenter.ro\/en\/bolojan-drapelul-national-este-un-simbol-al-identitatii-noastre-si-al-unitatii-nationale\/","og_locale":"en_GB","og_type":"article","og_title":"Bolojan: Drapelul na\u021bional este un simbol al identit\u0103\u021bii noastre \u0219i al unit\u0103\u021bii na\u021bionale - Carpathia Center Romania","og_description":"Drapelul na\u021bional este un simbol al identit\u0103\u021bii noastre \u0219i al unit\u0103\u021bii na\u021bionale, a transmis premierul Ilie Bolojan, joi, \u00eentr-un mesaj adresat cu prilejul Zilei Drapelului Na\u021bional. &#8216;Cele trei culori &#8211; albastru, galben \u0219i ro\u0219u &#8211; au \u00eenso\u021bit poporul rom\u00e2n \u00een momentele decisive ale istoriei: de la Revolu\u021bia de la 1848 \u0219i Unirea Principatelor, la c\u00e2\u0219tigarea...","og_url":"https:\/\/carpathiacenter.ro\/en\/bolojan-drapelul-national-este-un-simbol-al-identitatii-noastre-si-al-unitatii-nationale\/","og_site_name":"Carpathia Center Romania","article_publisher":"https:\/\/www.facebook.com\/fdpscarpathia\/","article_published_time":"2025-06-26T10:58:05+00:00","og_image":[{"width":1000,"height":630,"url":"https:\/\/carpathiacenter.ro\/wp-content\/uploads\/2025\/03\/Ilie_Bolojan.jpg","type":"image\/jpeg"}],"author":"creativebitsolutions","twitter_card":"summary_large_image","twitter_misc":{"Written by":"creativebitsolutions","Estimated reading time":"1 minute"},"schema":{"@context":"https:\/\/schema.org","@graph":[{"@type":"Article","@id":"https:\/\/carpathiacenter.ro\/bolojan-drapelul-national-este-un-simbol-al-identitatii-noastre-si-al-unitatii-nationale\/#article","isPartOf":{"@id":"https:\/\/carpathiacenter.ro\/bolojan-drapelul-national-este-un-simbol-al-identitatii-noastre-si-al-unitatii-nationale\/"},"author":{"name":"creativebitsolutions","@id":"https:\/\/carpathiacenter.ro\/#\/schema\/person\/03d9f58202fee8379268f34afa195006"},"headline":"Bolojan: Drapelul na\u021bional este un simbol al identit\u0103\u021bii noastre \u0219i al unit\u0103\u021bii na\u021bionale","datePublished":"2025-06-26T10:58:05+00:00","mainEntityOfPage":{"@id":"https:\/\/carpathiacenter.ro\/bolojan-drapelul-national-este-un-simbol-al-identitatii-noastre-si-al-unitatii-nationale\/"},"wordCount":208,"commentCount":0,"publisher":{"@id":"https:\/\/carpathiacenter.ro\/#organization"},"image":{"@id":"https:\/\/carpathiacenter.ro\/bolojan-drapelul-national-este-un-simbol-al-identitatii-noastre-si-al-unitatii-nationale\/#primaryimage"},"thumbnailUrl":"https:\/\/carpathiacenter.ro\/wp-content\/uploads\/2025\/03\/Ilie_Bolojan.jpg","articleSection":["Uncategorized"],"inLanguage":"en-GB","potentialAction":[{"@type":"CommentAction","name":"Comment","target":["https:\/\/carpathiacenter.ro\/bolojan-drapelul-national-este-un-simbol-al-identitatii-noastre-si-al-unitatii-nationale\/#respond"]}]},{"@type":"WebPage","@id":"https:\/\/carpathiacenter.ro\/bolojan-drapelul-national-este-un-simbol-al-identitatii-noastre-si-al-unitatii-nationale\/","url":"https:\/\/carpathiacenter.ro\/bolojan-drapelul-national-este-un-simbol-al-identitatii-noastre-si-al-unitatii-nationale\/","name":"Bolojan: Drapelul na\u021bional este un simbol al identit\u0103\u021bii noastre \u0219i al unit\u0103\u021bii na\u021bionale - Carpathia Center Romania","isPartOf":{"@id":"https:\/\/carpathiacenter.ro\/#website"},"primaryImageOfPage":{"@id":"https:\/\/carpathiacenter.ro\/bolojan-drapelul-national-este-un-simbol-al-identitatii-noastre-si-al-unitatii-nationale\/#primaryimage"},"image":{"@id":"https:\/\/carpathiacenter.ro\/bolojan-drapelul-national-este-un-simbol-al-identitatii-noastre-si-al-unitatii-nationale\/#primaryimage"},"thumbnailUrl":"https:\/\/carpathiacenter.ro\/wp-content\/uploads\/2025\/03\/Ilie_Bolojan.jpg","datePublished":"2025-06-26T10:58:05+00:00","breadcrumb":{"@id":"https:\/\/carpathiacenter.ro\/bolojan-drapelul-national-este-un-simbol-al-identitatii-noastre-si-al-unitatii-nationale\/#breadcrumb"},"inLanguage":"en-GB","potentialAction":[{"@type":"ReadAction","target":["https:\/\/carpathiacenter.ro\/bolojan-drapelul-national-este-un-simbol-al-identitatii-noastre-si-al-unitatii-nationale\/"]}]},{"@type":"ImageObject","inLanguage":"en-GB","@id":"https:\/\/carpathiacenter.ro\/bolojan-drapelul-national-este-un-simbol-al-identitatii-noastre-si-al-unitatii-nationale\/#primaryimage","url":"https:\/\/carpathiacenter.ro\/wp-content\/uploads\/2025\/03\/Ilie_Bolojan.jpg","contentUrl":"https:\/\/carpathiacenter.ro\/wp-content\/uploads\/2025\/03\/Ilie_Bolojan.jpg","width":1000,"height":630},{"@type":"BreadcrumbList","@id":"https:\/\/carpathiacenter.ro\/bolojan-drapelul-national-este-un-simbol-al-identitatii-noastre-si-al-unitatii-nationale\/#breadcrumb","itemListElement":[{"@type":"ListItem","position":1,"name":"Prima pagin\u0103","item":"https:\/\/carpathiacenter.ro\/"},{"@type":"ListItem","position":2,"name":"Bolojan: Drapelul na\u021bional este un simbol al identit\u0103\u021bii noastre \u0219i al unit\u0103\u021bii na\u021bionale"}]},{"@type":"WebSite","@id":"https:\/\/carpathiacenter.ro\/#website","url":"https:\/\/carpathiacenter.ro\/","name":"Carpathia Center Romania","description":"Impossible made possible!","publisher":{"@id":"https:\/\/carpathiacenter.ro\/#organization"},"potentialAction":[{"@type":"SearchAction","target":{"@type":"EntryPoint","urlTemplate":"https:\/\/carpathiacenter.ro\/?s={search_term_string}"},"query-input":{"@type":"PropertyValueSpecification","valueRequired":true,"valueName":"search_term_string"}}],"inLanguage":"en-GB"},{"@type":"Organization","@id":"https:\/\/carpathiacenter.ro\/#organization","name":"Carpathia Center Romania","url":"https:\/\/carpathiacenter.ro\/","logo":{"@type":"ImageObject","inLanguage":"en-GB","@id":"https:\/\/carpathiacenter.ro\/#\/schema\/logo\/image\/","url":"https:\/\/carpathiacenter.ro\/wp-content\/uploads\/2024\/07\/logo-carpathia_bg_white-1024x941.png","contentUrl":"https:\/\/carpathiacenter.ro\/wp-content\/uploads\/2024\/07\/logo-carpathia_bg_white-1024x941.png","width":1024,"height":941,"caption":"Carpathia Center Romania"},"image":{"@id":"https:\/\/carpathiacenter.ro\/#\/schema\/logo\/image\/"},"sameAs":["https:\/\/www.facebook.com\/fdpscarpathia\/"]},{"@type":"Person","@id":"https:\/\/carpathiacenter.ro\/#\/schema\/person\/03d9f58202fee8379268f34afa195006","name":"creativebitsolutions","image":{"@type":"ImageObject","inLanguage":"en-GB","@id":"https:\/\/carpathiacenter.ro\/#\/schema\/person\/image\/","url":"https:\/\/secure.gravatar.com\/avatar\/1b1a13e37f847c635dab78348f1dff2f07651ee2a3d77a5c355a4b8c75f9165a?s=96&d=mm&r=g","contentUrl":"https:\/\/secure.gravatar.com\/avatar\/1b1a13e37f847c635dab78348f1dff2f07651ee2a3d77a5c355a4b8c75f9165a?s=96&d=mm&r=g","caption":"creativebitsolutions"},"url":"https:\/\/carpathiacenter.ro\/en\/author\/creativebitsolutions\/"}]}},"_links":{"self":[{"href":"https:\/\/carpathiacenter.ro\/en\/wp-json\/wp\/v2\/posts\/2597","targetHints":{"allow":["GET"]}}],"collection":[{"href":"https:\/\/carpathiacenter.ro\/en\/wp-json\/wp\/v2\/posts"}],"about":[{"href":"https:\/\/carpathiacenter.ro\/en\/wp-json\/wp\/v2\/types\/post"}],"author":[{"embeddable":true,"href":"https:\/\/carpathiacenter.ro\/en\/wp-json\/wp\/v2\/users\/4"}],"replies":[{"embeddable":true,"href":"https:\/\/carpathiacenter.ro\/en\/wp-json\/wp\/v2\/comments?post=2597"}],"version-history":[{"count":1,"href":"https:\/\/carpathiacenter.ro\/en\/wp-json\/wp\/v2\/posts\/2597\/revisions"}],"predecessor-version":[{"id":2599,"href":"https:\/\/carpathiacenter.ro\/en\/wp-json\/wp\/v2\/posts\/2597\/revisions\/2599"}],"wp:featuredmedia":[{"embeddable":true,"href":"https:\/\/carpathiacenter.ro\/en\/wp-json\/wp\/v2\/media\/1988"}],"wp:attachment":[{"href":"https:\/\/carpathiacenter.ro\/en\/wp-json\/wp\/v2\/media?parent=2597"}],"wp:term":[{"taxonomy":"category","embeddable":true,"href":"https:\/\/carpathiacenter.ro\/en\/wp-json\/wp\/v2\/categories?post=2597"},{"taxonomy":"post_tag","embeddable":true,"href":"https:\/\/carpathiacenter.ro\/en\/wp-json\/wp\/v2\/tags?post=2597"}],"curies":[{"name":"wp","href":"https:\/\/api.w.org\/{rel}","templated":true}]}}