{"id":2583,"date":"2025-06-24T07:33:05","date_gmt":"2025-06-24T07:33:05","guid":{"rendered":"https:\/\/carpathiacenter.ro\/?p=2583"},"modified":"2025-06-24T07:33:05","modified_gmt":"2025-06-24T07:33:05","slug":"presedintele-nicusor-dan-marti-si-miercuri-la-summitul-nato-de-la-haga","status":"publish","type":"post","link":"https:\/\/carpathiacenter.ro\/en\/presedintele-nicusor-dan-marti-si-miercuri-la-summitul-nato-de-la-haga\/","title":{"rendered":"Pre\u0219edintele Nicu\u0219or Dan &#8211; mar\u021bi \u0219i miercuri la Summitul NATO de la Haga"},"content":{"rendered":"<p><strong>Pre\u0219edintele Nicu\u0219or Dan va participa, mar\u021bi \u0219i miercuri, la reuniunea \u0219efilor de stat \u0219i de guvern ai Organiza\u021biei Tratatului Atlanticului de Nord (NATO), care va avea loc la Haga, \u00een Regatul \u021a\u0103rilor de Jos.<\/strong><\/p>\n<p>Potrivit unui comunicat al Administra\u021biei Preziden\u021biale, transmis AGERPRES, Summitul NATO va reprezenta o oportunitate major\u0103 pentru a reconfirma unitatea \u0219i solidaritatea alia\u021bilor, precum \u0219i tr\u0103inicia rela\u021biei transatlantice, care r\u0103m\u00e2ne fundamentul Alian\u021bei Nord-Atlantice.<\/p>\n<p>&#8216;Pentru Rom\u00e2nia, apartenen\u021ba la NATO, cea mai puternic\u0103 alian\u021b\u0103 politico-militar\u0103 din istorie, a adus cele mai solide garan\u021bii de securitate din istorie. La r\u00e2ndul s\u0103u, Rom\u00e2nia continu\u0103 s\u0103 fie un aliat responsabil \u0219i activ \u00een NATO, un furnizor relevant de securitate \u0219i stabilitate \u00een regiunea M\u0103rii Negre \u0219i dincolo de aceasta&#8217;, precizeaz\u0103 sursa citat\u0103.<\/p>\n<p>\u00cen cadrul summitului, liderii vor adopta decizii importante cu privire la cre\u0219terea investi\u021biilor pentru ap\u0103rare, pentru a asigura for\u021bele, capabilit\u0103\u021bile, resursele, infrastructura \u0219i rezilien\u021ba necesare \u00eent\u0103ririi pe mai departe a posturii NATO de descurajare \u0219i ap\u0103rare colectiv\u0103, arat\u0103 Administra\u021bia Preziden\u021bial\u0103.<\/p>\n<p>Programul summitului va include o reuniune la cel mai \u00eenalt nivel a Consiliului Nord-Atlantic, precum \u0219i o serie de evenimente protocolare. \u00cen context, vor fi adoptate mai multe documente oficiale, printre care Declara\u021bia Summitului de la Haga.<\/p>\n<p>Pre\u0219edintele Rom\u00e2niei va eviden\u021bia, \u00een sesiunea de lucru, importan\u021ba crucial\u0103 a leg\u0103turii transatlantice \u0219i a ap\u0103r\u0103rii colective, av\u00e2nd la baz\u0103 Articolul 5 al Tratatului de la Washington. \u00cen acest sens, va sus\u021bine deciziile aliate privind cre\u0219terea gradual\u0103 a bugetelor Ap\u0103r\u0103rii \u0219i consolidarea posturii NATO de descurajare \u0219i ap\u0103rare. De asemenea, va solicita acordarea unei aten\u021bii sporite Flancului Estic \u0219i M\u0103rii Negre, regiune de importan\u021b\u0103 strategic\u0103 pentru securitatea euroatlantic\u0103, arat\u0103 comunicatul citat.<\/p>\n<p>Totodat\u0103, Nicu\u0219or Dan va exprima sprijinul pe termen lung pentru Ucraina, precum \u0219i pentru alte \u021b\u0103ri expuse amenin\u021b\u0103rii Rusiei, mai ales Republica Moldova. AGERPRES\/(AS &#8211; redactor: Andreea Rotaru, editor: Florin Marin, editor online: Alexandru Cojocaru&nbsp;)<br \/>\n<br \/>\nSursa articolului:<a href=\"https:\/\/agerpres.ro\/politic\/2025\/06\/24\/presedintele-nicusor-dan---marti-si-miercuri-la-summitul-nato-de-la-haga--1462140\" target=\"_blank\" rel=\"noopener\" title=\"\">https:\/\/agerpres.ro\/politic\/2025\/06\/24\/presedintele-nicusor-dan&#8212;marti-si-miercuri-la-summitul-nato-de-la-haga&#8211;1462140<\/a><\/p>","protected":false},"excerpt":{"rendered":"<p>Pre\u0219edintele Nicu\u0219or Dan va participa, mar\u021bi \u0219i miercuri, la reuniunea \u0219efilor de stat \u0219i de guvern ai Organiza\u021biei Tratatului Atlanticului de Nord (NATO), care va avea loc la Haga, \u00een Regatul \u021a\u0103rilor de Jos. Potrivit unui comunicat al Administra\u021biei Preziden\u021biale, transmis AGERPRES, Summitul NATO va reprezenta o oportunitate major\u0103 pentru a reconfirma unitatea \u0219i solidaritatea&#8230;<\/p>","protected":false},"author":4,"featured_media":2584,"comment_status":"open","ping_status":"open","sticky":false,"template":"","format":"standard","meta":{"footnotes":""},"categories":[1],"tags":[],"class_list":["post-2583","post","type-post","status-publish","format-standard","has-post-thumbnail","hentry","category-uncategorized"],"yoast_head":"<!-- This site is optimized with the Yoast SEO plugin v26.1.1 - https:\/\/yoast.com\/wordpress\/plugins\/seo\/ -->\n<title>Pre\u0219edintele Nicu\u0219or Dan - mar\u021bi \u0219i miercuri la Summitul NATO de la Haga - Carpathia Center Romania<\/title>\n<meta name=\"robots\" content=\"index, follow, max-snippet:-1, max-image-preview:large, max-video-preview:-1\" \/>\n<link rel=\"canonical\" href=\"https:\/\/carpathiacenter.ro\/en\/presedintele-nicusor-dan-marti-si-miercuri-la-summitul-nato-de-la-haga\/\" \/>\n<meta property=\"og:locale\" content=\"en_GB\" \/>\n<meta property=\"og:type\" content=\"article\" \/>\n<meta property=\"og:title\" content=\"Pre\u0219edintele Nicu\u0219or Dan - mar\u021bi \u0219i miercuri la Summitul NATO de la Haga - Carpathia Center Romania\" \/>\n<meta property=\"og:description\" content=\"Pre\u0219edintele Nicu\u0219or Dan va participa, mar\u021bi \u0219i miercuri, la reuniunea \u0219efilor de stat \u0219i de guvern ai Organiza\u021biei Tratatului Atlanticului de Nord (NATO), care va avea loc la Haga, \u00een Regatul \u021a\u0103rilor de Jos. Potrivit unui comunicat al Administra\u021biei Preziden\u021biale, transmis AGERPRES, Summitul NATO va reprezenta o oportunitate major\u0103 pentru a reconfirma unitatea \u0219i solidaritatea...\" \/>\n<meta property=\"og:url\" content=\"https:\/\/carpathiacenter.ro\/en\/presedintele-nicusor-dan-marti-si-miercuri-la-summitul-nato-de-la-haga\/\" \/>\n<meta property=\"og:site_name\" content=\"Carpathia Center Romania\" \/>\n<meta property=\"article:publisher\" content=\"https:\/\/www.facebook.com\/fdpscarpathia\/\" \/>\n<meta property=\"article:published_time\" content=\"2025-06-24T07:33:05+00:00\" \/>\n<meta property=\"og:image\" content=\"https:\/\/carpathiacenter.ro\/wp-content\/uploads\/2025\/06\/Nicusor-Dan-la-Summit-NATO.webp\" \/>\n\t<meta property=\"og:image:width\" content=\"1280\" \/>\n\t<meta property=\"og:image:height\" content=\"720\" \/>\n\t<meta property=\"og:image:type\" content=\"image\/webp\" \/>\n<meta name=\"author\" content=\"creativebitsolutions\" \/>\n<meta name=\"twitter:card\" content=\"summary_large_image\" \/>\n<meta name=\"twitter:label1\" content=\"Written by\" \/>\n\t<meta name=\"twitter:data1\" content=\"creativebitsolutions\" \/>\n\t<meta name=\"twitter:label2\" content=\"Estimated reading time\" \/>\n\t<meta name=\"twitter:data2\" content=\"2 minutes\" \/>\n<script type=\"application\/ld+json\" class=\"yoast-schema-graph\">{\"@context\":\"https:\/\/schema.org\",\"@graph\":[{\"@type\":\"Article\",\"@id\":\"https:\/\/carpathiacenter.ro\/presedintele-nicusor-dan-marti-si-miercuri-la-summitul-nato-de-la-haga\/#article\",\"isPartOf\":{\"@id\":\"https:\/\/carpathiacenter.ro\/presedintele-nicusor-dan-marti-si-miercuri-la-summitul-nato-de-la-haga\/\"},\"author\":{\"name\":\"creativebitsolutions\",\"@id\":\"https:\/\/carpathiacenter.ro\/#\/schema\/person\/03d9f58202fee8379268f34afa195006\"},\"headline\":\"Pre\u0219edintele Nicu\u0219or Dan &#8211; mar\u021bi \u0219i miercuri la Summitul NATO de la Haga\",\"datePublished\":\"2025-06-24T07:33:05+00:00\",\"mainEntityOfPage\":{\"@id\":\"https:\/\/carpathiacenter.ro\/presedintele-nicusor-dan-marti-si-miercuri-la-summitul-nato-de-la-haga\/\"},\"wordCount\":374,\"commentCount\":0,\"publisher\":{\"@id\":\"https:\/\/carpathiacenter.ro\/#organization\"},\"image\":{\"@id\":\"https:\/\/carpathiacenter.ro\/presedintele-nicusor-dan-marti-si-miercuri-la-summitul-nato-de-la-haga\/#primaryimage\"},\"thumbnailUrl\":\"https:\/\/carpathiacenter.ro\/wp-content\/uploads\/2025\/06\/Nicusor-Dan-la-Summit-NATO.webp\",\"articleSection\":[\"Uncategorized\"],\"inLanguage\":\"en-GB\",\"potentialAction\":[{\"@type\":\"CommentAction\",\"name\":\"Comment\",\"target\":[\"https:\/\/carpathiacenter.ro\/presedintele-nicusor-dan-marti-si-miercuri-la-summitul-nato-de-la-haga\/#respond\"]}]},{\"@type\":\"WebPage\",\"@id\":\"https:\/\/carpathiacenter.ro\/presedintele-nicusor-dan-marti-si-miercuri-la-summitul-nato-de-la-haga\/\",\"url\":\"https:\/\/carpathiacenter.ro\/presedintele-nicusor-dan-marti-si-miercuri-la-summitul-nato-de-la-haga\/\",\"name\":\"Pre\u0219edintele Nicu\u0219or Dan - mar\u021bi \u0219i miercuri la Summitul NATO de la Haga - Carpathia Center Romania\",\"isPartOf\":{\"@id\":\"https:\/\/carpathiacenter.ro\/#website\"},\"primaryImageOfPage\":{\"@id\":\"https:\/\/carpathiacenter.ro\/presedintele-nicusor-dan-marti-si-miercuri-la-summitul-nato-de-la-haga\/#primaryimage\"},\"image\":{\"@id\":\"https:\/\/carpathiacenter.ro\/presedintele-nicusor-dan-marti-si-miercuri-la-summitul-nato-de-la-haga\/#primaryimage\"},\"thumbnailUrl\":\"https:\/\/carpathiacenter.ro\/wp-content\/uploads\/2025\/06\/Nicusor-Dan-la-Summit-NATO.webp\",\"datePublished\":\"2025-06-24T07:33:05+00:00\",\"breadcrumb\":{\"@id\":\"https:\/\/carpathiacenter.ro\/presedintele-nicusor-dan-marti-si-miercuri-la-summitul-nato-de-la-haga\/#breadcrumb\"},\"inLanguage\":\"en-GB\",\"potentialAction\":[{\"@type\":\"ReadAction\",\"target\":[\"https:\/\/carpathiacenter.ro\/presedintele-nicusor-dan-marti-si-miercuri-la-summitul-nato-de-la-haga\/\"]}]},{\"@type\":\"ImageObject\",\"inLanguage\":\"en-GB\",\"@id\":\"https:\/\/carpathiacenter.ro\/presedintele-nicusor-dan-marti-si-miercuri-la-summitul-nato-de-la-haga\/#primaryimage\",\"url\":\"https:\/\/carpathiacenter.ro\/wp-content\/uploads\/2025\/06\/Nicusor-Dan-la-Summit-NATO.webp\",\"contentUrl\":\"https:\/\/carpathiacenter.ro\/wp-content\/uploads\/2025\/06\/Nicusor-Dan-la-Summit-NATO.webp\",\"width\":1280,\"height\":720},{\"@type\":\"BreadcrumbList\",\"@id\":\"https:\/\/carpathiacenter.ro\/presedintele-nicusor-dan-marti-si-miercuri-la-summitul-nato-de-la-haga\/#breadcrumb\",\"itemListElement\":[{\"@type\":\"ListItem\",\"position\":1,\"name\":\"Prima pagin\u0103\",\"item\":\"https:\/\/carpathiacenter.ro\/\"},{\"@type\":\"ListItem\",\"position\":2,\"name\":\"Pre\u0219edintele Nicu\u0219or Dan &#8211; mar\u021bi \u0219i miercuri la Summitul NATO de la Haga\"}]},{\"@type\":\"WebSite\",\"@id\":\"https:\/\/carpathiacenter.ro\/#website\",\"url\":\"https:\/\/carpathiacenter.ro\/\",\"name\":\"Carpathia Center Romania\",\"description\":\"Impossible made possible!\",\"publisher\":{\"@id\":\"https:\/\/carpathiacenter.ro\/#organization\"},\"potentialAction\":[{\"@type\":\"SearchAction\",\"target\":{\"@type\":\"EntryPoint\",\"urlTemplate\":\"https:\/\/carpathiacenter.ro\/?s={search_term_string}\"},\"query-input\":{\"@type\":\"PropertyValueSpecification\",\"valueRequired\":true,\"valueName\":\"search_term_string\"}}],\"inLanguage\":\"en-GB\"},{\"@type\":\"Organization\",\"@id\":\"https:\/\/carpathiacenter.ro\/#organization\",\"name\":\"Carpathia Center Romania\",\"url\":\"https:\/\/carpathiacenter.ro\/\",\"logo\":{\"@type\":\"ImageObject\",\"inLanguage\":\"en-GB\",\"@id\":\"https:\/\/carpathiacenter.ro\/#\/schema\/logo\/image\/\",\"url\":\"https:\/\/carpathiacenter.ro\/wp-content\/uploads\/2024\/07\/logo-carpathia_bg_white-1024x941.png\",\"contentUrl\":\"https:\/\/carpathiacenter.ro\/wp-content\/uploads\/2024\/07\/logo-carpathia_bg_white-1024x941.png\",\"width\":1024,\"height\":941,\"caption\":\"Carpathia Center Romania\"},\"image\":{\"@id\":\"https:\/\/carpathiacenter.ro\/#\/schema\/logo\/image\/\"},\"sameAs\":[\"https:\/\/www.facebook.com\/fdpscarpathia\/\"]},{\"@type\":\"Person\",\"@id\":\"https:\/\/carpathiacenter.ro\/#\/schema\/person\/03d9f58202fee8379268f34afa195006\",\"name\":\"creativebitsolutions\",\"image\":{\"@type\":\"ImageObject\",\"inLanguage\":\"en-GB\",\"@id\":\"https:\/\/carpathiacenter.ro\/#\/schema\/person\/image\/\",\"url\":\"https:\/\/secure.gravatar.com\/avatar\/1b1a13e37f847c635dab78348f1dff2f07651ee2a3d77a5c355a4b8c75f9165a?s=96&d=mm&r=g\",\"contentUrl\":\"https:\/\/secure.gravatar.com\/avatar\/1b1a13e37f847c635dab78348f1dff2f07651ee2a3d77a5c355a4b8c75f9165a?s=96&d=mm&r=g\",\"caption\":\"creativebitsolutions\"},\"url\":\"https:\/\/carpathiacenter.ro\/en\/author\/creativebitsolutions\/\"}]}<\/script>\n<!-- \/ Yoast SEO plugin. -->","yoast_head_json":{"title":"Pre\u0219edintele Nicu\u0219or Dan - mar\u021bi \u0219i miercuri la Summitul NATO de la Haga - Carpathia Center Romania","robots":{"index":"index","follow":"follow","max-snippet":"max-snippet:-1","max-image-preview":"max-image-preview:large","max-video-preview":"max-video-preview:-1"},"canonical":"https:\/\/carpathiacenter.ro\/en\/presedintele-nicusor-dan-marti-si-miercuri-la-summitul-nato-de-la-haga\/","og_locale":"en_GB","og_type":"article","og_title":"Pre\u0219edintele Nicu\u0219or Dan - mar\u021bi \u0219i miercuri la Summitul NATO de la Haga - Carpathia Center Romania","og_description":"Pre\u0219edintele Nicu\u0219or Dan va participa, mar\u021bi \u0219i miercuri, la reuniunea \u0219efilor de stat \u0219i de guvern ai Organiza\u021biei Tratatului Atlanticului de Nord (NATO), care va avea loc la Haga, \u00een Regatul \u021a\u0103rilor de Jos. Potrivit unui comunicat al Administra\u021biei Preziden\u021biale, transmis AGERPRES, Summitul NATO va reprezenta o oportunitate major\u0103 pentru a reconfirma unitatea \u0219i solidaritatea...","og_url":"https:\/\/carpathiacenter.ro\/en\/presedintele-nicusor-dan-marti-si-miercuri-la-summitul-nato-de-la-haga\/","og_site_name":"Carpathia Center Romania","article_publisher":"https:\/\/www.facebook.com\/fdpscarpathia\/","article_published_time":"2025-06-24T07:33:05+00:00","og_image":[{"width":1280,"height":720,"url":"https:\/\/carpathiacenter.ro\/wp-content\/uploads\/2025\/06\/Nicusor-Dan-la-Summit-NATO.webp","type":"image\/webp"}],"author":"creativebitsolutions","twitter_card":"summary_large_image","twitter_misc":{"Written by":"creativebitsolutions","Estimated reading time":"2 minutes"},"schema":{"@context":"https:\/\/schema.org","@graph":[{"@type":"Article","@id":"https:\/\/carpathiacenter.ro\/presedintele-nicusor-dan-marti-si-miercuri-la-summitul-nato-de-la-haga\/#article","isPartOf":{"@id":"https:\/\/carpathiacenter.ro\/presedintele-nicusor-dan-marti-si-miercuri-la-summitul-nato-de-la-haga\/"},"author":{"name":"creativebitsolutions","@id":"https:\/\/carpathiacenter.ro\/#\/schema\/person\/03d9f58202fee8379268f34afa195006"},"headline":"Pre\u0219edintele Nicu\u0219or Dan &#8211; mar\u021bi \u0219i miercuri la Summitul NATO de la Haga","datePublished":"2025-06-24T07:33:05+00:00","mainEntityOfPage":{"@id":"https:\/\/carpathiacenter.ro\/presedintele-nicusor-dan-marti-si-miercuri-la-summitul-nato-de-la-haga\/"},"wordCount":374,"commentCount":0,"publisher":{"@id":"https:\/\/carpathiacenter.ro\/#organization"},"image":{"@id":"https:\/\/carpathiacenter.ro\/presedintele-nicusor-dan-marti-si-miercuri-la-summitul-nato-de-la-haga\/#primaryimage"},"thumbnailUrl":"https:\/\/carpathiacenter.ro\/wp-content\/uploads\/2025\/06\/Nicusor-Dan-la-Summit-NATO.webp","articleSection":["Uncategorized"],"inLanguage":"en-GB","potentialAction":[{"@type":"CommentAction","name":"Comment","target":["https:\/\/carpathiacenter.ro\/presedintele-nicusor-dan-marti-si-miercuri-la-summitul-nato-de-la-haga\/#respond"]}]},{"@type":"WebPage","@id":"https:\/\/carpathiacenter.ro\/presedintele-nicusor-dan-marti-si-miercuri-la-summitul-nato-de-la-haga\/","url":"https:\/\/carpathiacenter.ro\/presedintele-nicusor-dan-marti-si-miercuri-la-summitul-nato-de-la-haga\/","name":"Pre\u0219edintele Nicu\u0219or Dan - mar\u021bi \u0219i miercuri la Summitul NATO de la Haga - Carpathia Center Romania","isPartOf":{"@id":"https:\/\/carpathiacenter.ro\/#website"},"primaryImageOfPage":{"@id":"https:\/\/carpathiacenter.ro\/presedintele-nicusor-dan-marti-si-miercuri-la-summitul-nato-de-la-haga\/#primaryimage"},"image":{"@id":"https:\/\/carpathiacenter.ro\/presedintele-nicusor-dan-marti-si-miercuri-la-summitul-nato-de-la-haga\/#primaryimage"},"thumbnailUrl":"https:\/\/carpathiacenter.ro\/wp-content\/uploads\/2025\/06\/Nicusor-Dan-la-Summit-NATO.webp","datePublished":"2025-06-24T07:33:05+00:00","breadcrumb":{"@id":"https:\/\/carpathiacenter.ro\/presedintele-nicusor-dan-marti-si-miercuri-la-summitul-nato-de-la-haga\/#breadcrumb"},"inLanguage":"en-GB","potentialAction":[{"@type":"ReadAction","target":["https:\/\/carpathiacenter.ro\/presedintele-nicusor-dan-marti-si-miercuri-la-summitul-nato-de-la-haga\/"]}]},{"@type":"ImageObject","inLanguage":"en-GB","@id":"https:\/\/carpathiacenter.ro\/presedintele-nicusor-dan-marti-si-miercuri-la-summitul-nato-de-la-haga\/#primaryimage","url":"https:\/\/carpathiacenter.ro\/wp-content\/uploads\/2025\/06\/Nicusor-Dan-la-Summit-NATO.webp","contentUrl":"https:\/\/carpathiacenter.ro\/wp-content\/uploads\/2025\/06\/Nicusor-Dan-la-Summit-NATO.webp","width":1280,"height":720},{"@type":"BreadcrumbList","@id":"https:\/\/carpathiacenter.ro\/presedintele-nicusor-dan-marti-si-miercuri-la-summitul-nato-de-la-haga\/#breadcrumb","itemListElement":[{"@type":"ListItem","position":1,"name":"Prima pagin\u0103","item":"https:\/\/carpathiacenter.ro\/"},{"@type":"ListItem","position":2,"name":"Pre\u0219edintele Nicu\u0219or Dan &#8211; mar\u021bi \u0219i miercuri la Summitul NATO de la Haga"}]},{"@type":"WebSite","@id":"https:\/\/carpathiacenter.ro\/#website","url":"https:\/\/carpathiacenter.ro\/","name":"Carpathia Center Romania","description":"Impossible made possible!","publisher":{"@id":"https:\/\/carpathiacenter.ro\/#organization"},"potentialAction":[{"@type":"SearchAction","target":{"@type":"EntryPoint","urlTemplate":"https:\/\/carpathiacenter.ro\/?s={search_term_string}"},"query-input":{"@type":"PropertyValueSpecification","valueRequired":true,"valueName":"search_term_string"}}],"inLanguage":"en-GB"},{"@type":"Organization","@id":"https:\/\/carpathiacenter.ro\/#organization","name":"Carpathia Center Romania","url":"https:\/\/carpathiacenter.ro\/","logo":{"@type":"ImageObject","inLanguage":"en-GB","@id":"https:\/\/carpathiacenter.ro\/#\/schema\/logo\/image\/","url":"https:\/\/carpathiacenter.ro\/wp-content\/uploads\/2024\/07\/logo-carpathia_bg_white-1024x941.png","contentUrl":"https:\/\/carpathiacenter.ro\/wp-content\/uploads\/2024\/07\/logo-carpathia_bg_white-1024x941.png","width":1024,"height":941,"caption":"Carpathia Center Romania"},"image":{"@id":"https:\/\/carpathiacenter.ro\/#\/schema\/logo\/image\/"},"sameAs":["https:\/\/www.facebook.com\/fdpscarpathia\/"]},{"@type":"Person","@id":"https:\/\/carpathiacenter.ro\/#\/schema\/person\/03d9f58202fee8379268f34afa195006","name":"creativebitsolutions","image":{"@type":"ImageObject","inLanguage":"en-GB","@id":"https:\/\/carpathiacenter.ro\/#\/schema\/person\/image\/","url":"https:\/\/secure.gravatar.com\/avatar\/1b1a13e37f847c635dab78348f1dff2f07651ee2a3d77a5c355a4b8c75f9165a?s=96&d=mm&r=g","contentUrl":"https:\/\/secure.gravatar.com\/avatar\/1b1a13e37f847c635dab78348f1dff2f07651ee2a3d77a5c355a4b8c75f9165a?s=96&d=mm&r=g","caption":"creativebitsolutions"},"url":"https:\/\/carpathiacenter.ro\/en\/author\/creativebitsolutions\/"}]}},"_links":{"self":[{"href":"https:\/\/carpathiacenter.ro\/en\/wp-json\/wp\/v2\/posts\/2583","targetHints":{"allow":["GET"]}}],"collection":[{"href":"https:\/\/carpathiacenter.ro\/en\/wp-json\/wp\/v2\/posts"}],"about":[{"href":"https:\/\/carpathiacenter.ro\/en\/wp-json\/wp\/v2\/types\/post"}],"author":[{"embeddable":true,"href":"https:\/\/carpathiacenter.ro\/en\/wp-json\/wp\/v2\/users\/4"}],"replies":[{"embeddable":true,"href":"https:\/\/carpathiacenter.ro\/en\/wp-json\/wp\/v2\/comments?post=2583"}],"version-history":[{"count":1,"href":"https:\/\/carpathiacenter.ro\/en\/wp-json\/wp\/v2\/posts\/2583\/revisions"}],"predecessor-version":[{"id":2585,"href":"https:\/\/carpathiacenter.ro\/en\/wp-json\/wp\/v2\/posts\/2583\/revisions\/2585"}],"wp:featuredmedia":[{"embeddable":true,"href":"https:\/\/carpathiacenter.ro\/en\/wp-json\/wp\/v2\/media\/2584"}],"wp:attachment":[{"href":"https:\/\/carpathiacenter.ro\/en\/wp-json\/wp\/v2\/media?parent=2583"}],"wp:term":[{"taxonomy":"category","embeddable":true,"href":"https:\/\/carpathiacenter.ro\/en\/wp-json\/wp\/v2\/categories?post=2583"},{"taxonomy":"post_tag","embeddable":true,"href":"https:\/\/carpathiacenter.ro\/en\/wp-json\/wp\/v2\/tags?post=2583"}],"curies":[{"name":"wp","href":"https:\/\/api.w.org\/{rel}","templated":true}]}}