{"id":2577,"date":"2025-06-23T07:39:33","date_gmt":"2025-06-23T07:39:33","guid":{"rendered":"https:\/\/carpathiacenter.ro\/?p=2577"},"modified":"2025-06-23T07:39:33","modified_gmt":"2025-06-23T07:39:33","slug":"kelemen-hunor-guvernul-va-fi-intr-o-oarecare-masura-de-sacrificiu-vor-fi-doua-cote-tva","status":"publish","type":"post","link":"https:\/\/carpathiacenter.ro\/en\/kelemen-hunor-guvernul-va-fi-intr-o-oarecare-masura-de-sacrificiu-vor-fi-doua-cote-tva\/","title":{"rendered":"Kelemen Hunor: Guvernul va fi \u00eentr-o oarecare m\u0103sur\u0103 de sacrificiu; vor fi dou\u0103 cote TVA"},"content":{"rendered":"<p><strong>Guvernul va fi \u00eentr-o oarecare m\u0103sur\u0103 de sacrificiu, fiindc\u0103 &#8216;urmeaz\u0103 ni\u0219te m\u0103suri care \u00eei vor enerva pe to\u021bi&#8217;, a afirmat duminic\u0103 pre\u0219edintele UDMR, Kelemen Hunor, care a ad\u0103ugat c\u0103 \u00een programul de guvernare nu scrie c\u0103 va cre\u0219te TVA.<\/strong><\/p>\n<p>&#8216;Va fi \u00eentr-o oarecare m\u0103sur\u0103 de sacrificiu (Guvernul &#8211; n.r.), fiindc\u0103 urmeaz\u0103 ni\u0219te m\u0103suri care \u00eei vor enerva pe to\u021bi. \u0218i, dac\u0103 nu po\u021bi s\u0103 dai \u0219i mesajul &#8211; nu numai mesajul \u0219i ac\u021biunea \u0219i deciziile &#8211; c\u0103 este o guvernare just\u0103 \u0219i lucrurile se vor \u00eendrepta acolo unde s-au sc\u0103pat lucrurile de sub control, atunci va fi \u00eentr-adev\u0103r un sacrificiu mai mare \u0219i mai rapid. Dar eu a\u0219 vrea s\u0103 cred c\u0103 \u00een urm\u0103torii ani aceast\u0103 coali\u021bie cu toate disputele (&#8230;) va g\u0103si un echilibru&#8217;, a declarat Kelemen Hunor la Digi 24.<\/p>\n<p>El a precizat c\u0103 \u00een programul de guvernare nu scrie cum trebuie crescut\u0103 Taxa pe Valoare Ad\u0103ugat\u0103, problema fiind legat\u0103 \u00eens\u0103 de modalitatea de cre\u0219tere a veniturilor.<\/p>\n<p>&#8216;\u00cen programul de guvernare, probabil c\u0103 &#8211; trebuie s\u0103 a\u0219tept\u0103m textul final &#8211; va scrie c\u0103 trebuia s\u0103 cre\u0219tem veniturile, ceea ce este \u0219i \u00een acordul cu Comisia, fiindc\u0103 noi avem \u00een acest moment un deficit uria\u0219 \u0219i exist\u0103 o procedur\u0103 de la Comisie, \u00eempotriva statelor care au dep\u0103\u0219it un anumit procent de deficit. Deci trebuie s\u0103 cre\u0219tem veniturile, dar problema r\u0103m\u00e2ne cum cre\u0219ti veniturilor \u0219i cum scazi cheltuielile. Din acest punct de vedere au fost enorm de multe discu\u021bii. TVA-ul este modalitatea cea mai simpl\u0103, fiindc\u0103 po\u021bi s\u0103 introduci relativ repede \u0219i banii vin, dar reduci consumul, cre\u0219ti infla\u021bia. Dac\u0103 nu faci cu m\u0103sur\u0103, atunci s-ar putea s\u0103 nu mai ai acele venituri la care tu te-ai g\u00e2ndit c\u00e2nd ai f\u0103cut calculele, fiindc\u0103 dac\u0103 se reduce consumul \u0219i economia rom\u00e2neasc\u0103 este mult, mult bazat\u0103 pe consum, atunci \u0219i veniturile scad. Pe de alt\u0103 parte, dac\u0103 tu tai investi\u021biile, nu aju\u021bi economia, atunci r\u0103ce\u0219ti economia \u0219i vei intra \u00een recesiune \u0219i atunci nici nu \u00eencasezi \u0219i economia nu o s\u0103 mearg\u0103, lucrurile se vor complica. De aceea trebuie echilibrat, trebuie g\u00e2ndit foarte, foarte bine&#8217;, a atras aten\u021bia liderul UDMR.<\/p>\n<p>Potrivit acestuia, \u00een Rom\u00e2nia, PIB-ul a crescut, \u00eens\u0103 veniturile nu, \u0219i trebuie v\u0103zut de ce nu se colecteaz\u0103.<\/p>\n<p>&#8216;\u0218i acolo trebuie foarte repede g\u0103sit\u0103 o solu\u021bie pragmatic\u0103 la ANAF, \u0219i la Vam\u0103 (&#8230;). Pe de alt\u0103 parte, da, vor fi dou\u0103 cote TVA. R\u0103m\u00e2ne 19%, tot ce e la 19, r\u0103m\u00e2ne la 19, se va aranja asta, dar aici, sigur, noul ministru de Finan\u021be va ini\u021bia \u0219i premierul va asuma \u0219i atunci vom vedea cu to\u021bii exact ce se va \u00eent\u00e2mpla. Eu am cerut s\u0103 r\u0103m\u00e2nem la cota mic\u0103, s\u0103 nu ajungem la 19% &#8211; asta a fost o discu\u021bie (&#8230;), fiindc\u0103 totu\u0219i \u00een domeniul culturii e nevoie de un sprijin, dac\u0103 nu vrem s\u0103 o omor\u00e2m \u00een totalitate&#8217;, a ad\u0103ugat pre\u0219edintele UDMR. AGERPRES\/(A &#8211; redactor: C\u0103t\u0103lina Matei, editor: Georgiana T\u0103n\u0103sescu, editor online: Alexandru Cojocaru)<br \/>\n<br \/>\nSursa articolului:<a href=\"https:\/\/agerpres.ro\/politic\/2025\/06\/22\/kelemen-hunor-guvernul-va-fi-intr-o-oarecare-masura-de-sacrificiu-vor-fi-doua-cote-tva--1461668\" target=\"_blank\" rel=\"noopener\" title=\"\">https:\/\/agerpres.ro\/politic\/2025\/06\/22\/kelemen-hunor-guvernul-va-fi-intr-o-oarecare-masura-de-sacrificiu-vor-fi-doua-cote-tva&#8211;1461668<\/a><\/p>","protected":false},"excerpt":{"rendered":"<p>Guvernul va fi \u00eentr-o oarecare m\u0103sur\u0103 de sacrificiu, fiindc\u0103 &#8216;urmeaz\u0103 ni\u0219te m\u0103suri care \u00eei vor enerva pe to\u021bi&#8217;, a afirmat duminic\u0103 pre\u0219edintele UDMR, Kelemen Hunor, care a ad\u0103ugat c\u0103 \u00een programul de guvernare nu scrie c\u0103 va cre\u0219te TVA. &#8216;Va fi \u00eentr-o oarecare m\u0103sur\u0103 de sacrificiu (Guvernul &#8211; n.r.), fiindc\u0103 urmeaz\u0103 ni\u0219te m\u0103suri care \u00eei&#8230;<\/p>","protected":false},"author":4,"featured_media":2578,"comment_status":"open","ping_status":"open","sticky":false,"template":"","format":"standard","meta":{"footnotes":""},"categories":[1],"tags":[],"class_list":["post-2577","post","type-post","status-publish","format-standard","has-post-thumbnail","hentry","category-uncategorized"],"yoast_head":"<!-- This site is optimized with the Yoast SEO plugin v26.1.1 - https:\/\/yoast.com\/wordpress\/plugins\/seo\/ -->\n<title>Kelemen Hunor: Guvernul va fi \u00eentr-o oarecare m\u0103sur\u0103 de sacrificiu; vor fi dou\u0103 cote TVA - Carpathia Center Romania<\/title>\n<meta name=\"robots\" content=\"index, follow, max-snippet:-1, max-image-preview:large, max-video-preview:-1\" \/>\n<link rel=\"canonical\" href=\"https:\/\/carpathiacenter.ro\/en\/kelemen-hunor-guvernul-va-fi-intr-o-oarecare-masura-de-sacrificiu-vor-fi-doua-cote-tva\/\" \/>\n<meta property=\"og:locale\" content=\"en_GB\" \/>\n<meta property=\"og:type\" content=\"article\" \/>\n<meta property=\"og:title\" content=\"Kelemen Hunor: Guvernul va fi \u00eentr-o oarecare m\u0103sur\u0103 de sacrificiu; vor fi dou\u0103 cote TVA - Carpathia Center Romania\" \/>\n<meta property=\"og:description\" content=\"Guvernul va fi \u00eentr-o oarecare m\u0103sur\u0103 de sacrificiu, fiindc\u0103 &#8216;urmeaz\u0103 ni\u0219te m\u0103suri care \u00eei vor enerva pe to\u021bi&#8217;, a afirmat duminic\u0103 pre\u0219edintele UDMR, Kelemen Hunor, care a ad\u0103ugat c\u0103 \u00een programul de guvernare nu scrie c\u0103 va cre\u0219te TVA. &#8216;Va fi \u00eentr-o oarecare m\u0103sur\u0103 de sacrificiu (Guvernul &#8211; n.r.), fiindc\u0103 urmeaz\u0103 ni\u0219te m\u0103suri care \u00eei...\" \/>\n<meta property=\"og:url\" content=\"https:\/\/carpathiacenter.ro\/en\/kelemen-hunor-guvernul-va-fi-intr-o-oarecare-masura-de-sacrificiu-vor-fi-doua-cote-tva\/\" \/>\n<meta property=\"og:site_name\" content=\"Carpathia Center Romania\" \/>\n<meta property=\"article:publisher\" content=\"https:\/\/www.facebook.com\/fdpscarpathia\/\" \/>\n<meta property=\"article:published_time\" content=\"2025-06-23T07:39:33+00:00\" \/>\n<meta property=\"og:image\" content=\"https:\/\/carpathiacenter.ro\/wp-content\/uploads\/2025\/06\/Kelemen-Hunor.jpg\" \/>\n\t<meta property=\"og:image:width\" content=\"800\" \/>\n\t<meta property=\"og:image:height\" content=\"533\" \/>\n\t<meta property=\"og:image:type\" content=\"image\/jpeg\" \/>\n<meta name=\"author\" content=\"creativebitsolutions\" \/>\n<meta name=\"twitter:card\" content=\"summary_large_image\" \/>\n<meta name=\"twitter:label1\" content=\"Written by\" \/>\n\t<meta name=\"twitter:data1\" content=\"creativebitsolutions\" \/>\n\t<meta name=\"twitter:label2\" content=\"Estimated reading time\" \/>\n\t<meta name=\"twitter:data2\" content=\"3 minutes\" \/>\n<script type=\"application\/ld+json\" class=\"yoast-schema-graph\">{\"@context\":\"https:\/\/schema.org\",\"@graph\":[{\"@type\":\"Article\",\"@id\":\"https:\/\/carpathiacenter.ro\/kelemen-hunor-guvernul-va-fi-intr-o-oarecare-masura-de-sacrificiu-vor-fi-doua-cote-tva\/#article\",\"isPartOf\":{\"@id\":\"https:\/\/carpathiacenter.ro\/kelemen-hunor-guvernul-va-fi-intr-o-oarecare-masura-de-sacrificiu-vor-fi-doua-cote-tva\/\"},\"author\":{\"name\":\"creativebitsolutions\",\"@id\":\"https:\/\/carpathiacenter.ro\/#\/schema\/person\/03d9f58202fee8379268f34afa195006\"},\"headline\":\"Kelemen Hunor: Guvernul va fi \u00eentr-o oarecare m\u0103sur\u0103 de sacrificiu; vor fi dou\u0103 cote TVA\",\"datePublished\":\"2025-06-23T07:39:33+00:00\",\"mainEntityOfPage\":{\"@id\":\"https:\/\/carpathiacenter.ro\/kelemen-hunor-guvernul-va-fi-intr-o-oarecare-masura-de-sacrificiu-vor-fi-doua-cote-tva\/\"},\"wordCount\":566,\"commentCount\":0,\"publisher\":{\"@id\":\"https:\/\/carpathiacenter.ro\/#organization\"},\"image\":{\"@id\":\"https:\/\/carpathiacenter.ro\/kelemen-hunor-guvernul-va-fi-intr-o-oarecare-masura-de-sacrificiu-vor-fi-doua-cote-tva\/#primaryimage\"},\"thumbnailUrl\":\"https:\/\/carpathiacenter.ro\/wp-content\/uploads\/2025\/06\/Kelemen-Hunor.jpg\",\"articleSection\":[\"Uncategorized\"],\"inLanguage\":\"en-GB\",\"potentialAction\":[{\"@type\":\"CommentAction\",\"name\":\"Comment\",\"target\":[\"https:\/\/carpathiacenter.ro\/kelemen-hunor-guvernul-va-fi-intr-o-oarecare-masura-de-sacrificiu-vor-fi-doua-cote-tva\/#respond\"]}]},{\"@type\":\"WebPage\",\"@id\":\"https:\/\/carpathiacenter.ro\/kelemen-hunor-guvernul-va-fi-intr-o-oarecare-masura-de-sacrificiu-vor-fi-doua-cote-tva\/\",\"url\":\"https:\/\/carpathiacenter.ro\/kelemen-hunor-guvernul-va-fi-intr-o-oarecare-masura-de-sacrificiu-vor-fi-doua-cote-tva\/\",\"name\":\"Kelemen Hunor: Guvernul va fi \u00eentr-o oarecare m\u0103sur\u0103 de sacrificiu; vor fi dou\u0103 cote TVA - Carpathia Center Romania\",\"isPartOf\":{\"@id\":\"https:\/\/carpathiacenter.ro\/#website\"},\"primaryImageOfPage\":{\"@id\":\"https:\/\/carpathiacenter.ro\/kelemen-hunor-guvernul-va-fi-intr-o-oarecare-masura-de-sacrificiu-vor-fi-doua-cote-tva\/#primaryimage\"},\"image\":{\"@id\":\"https:\/\/carpathiacenter.ro\/kelemen-hunor-guvernul-va-fi-intr-o-oarecare-masura-de-sacrificiu-vor-fi-doua-cote-tva\/#primaryimage\"},\"thumbnailUrl\":\"https:\/\/carpathiacenter.ro\/wp-content\/uploads\/2025\/06\/Kelemen-Hunor.jpg\",\"datePublished\":\"2025-06-23T07:39:33+00:00\",\"breadcrumb\":{\"@id\":\"https:\/\/carpathiacenter.ro\/kelemen-hunor-guvernul-va-fi-intr-o-oarecare-masura-de-sacrificiu-vor-fi-doua-cote-tva\/#breadcrumb\"},\"inLanguage\":\"en-GB\",\"potentialAction\":[{\"@type\":\"ReadAction\",\"target\":[\"https:\/\/carpathiacenter.ro\/kelemen-hunor-guvernul-va-fi-intr-o-oarecare-masura-de-sacrificiu-vor-fi-doua-cote-tva\/\"]}]},{\"@type\":\"ImageObject\",\"inLanguage\":\"en-GB\",\"@id\":\"https:\/\/carpathiacenter.ro\/kelemen-hunor-guvernul-va-fi-intr-o-oarecare-masura-de-sacrificiu-vor-fi-doua-cote-tva\/#primaryimage\",\"url\":\"https:\/\/carpathiacenter.ro\/wp-content\/uploads\/2025\/06\/Kelemen-Hunor.jpg\",\"contentUrl\":\"https:\/\/carpathiacenter.ro\/wp-content\/uploads\/2025\/06\/Kelemen-Hunor.jpg\",\"width\":800,\"height\":533},{\"@type\":\"BreadcrumbList\",\"@id\":\"https:\/\/carpathiacenter.ro\/kelemen-hunor-guvernul-va-fi-intr-o-oarecare-masura-de-sacrificiu-vor-fi-doua-cote-tva\/#breadcrumb\",\"itemListElement\":[{\"@type\":\"ListItem\",\"position\":1,\"name\":\"Prima pagin\u0103\",\"item\":\"https:\/\/carpathiacenter.ro\/\"},{\"@type\":\"ListItem\",\"position\":2,\"name\":\"Kelemen Hunor: Guvernul va fi \u00eentr-o oarecare m\u0103sur\u0103 de sacrificiu; vor fi dou\u0103 cote TVA\"}]},{\"@type\":\"WebSite\",\"@id\":\"https:\/\/carpathiacenter.ro\/#website\",\"url\":\"https:\/\/carpathiacenter.ro\/\",\"name\":\"Carpathia Center Romania\",\"description\":\"Impossible made possible!\",\"publisher\":{\"@id\":\"https:\/\/carpathiacenter.ro\/#organization\"},\"potentialAction\":[{\"@type\":\"SearchAction\",\"target\":{\"@type\":\"EntryPoint\",\"urlTemplate\":\"https:\/\/carpathiacenter.ro\/?s={search_term_string}\"},\"query-input\":{\"@type\":\"PropertyValueSpecification\",\"valueRequired\":true,\"valueName\":\"search_term_string\"}}],\"inLanguage\":\"en-GB\"},{\"@type\":\"Organization\",\"@id\":\"https:\/\/carpathiacenter.ro\/#organization\",\"name\":\"Carpathia Center Romania\",\"url\":\"https:\/\/carpathiacenter.ro\/\",\"logo\":{\"@type\":\"ImageObject\",\"inLanguage\":\"en-GB\",\"@id\":\"https:\/\/carpathiacenter.ro\/#\/schema\/logo\/image\/\",\"url\":\"https:\/\/carpathiacenter.ro\/wp-content\/uploads\/2024\/07\/logo-carpathia_bg_white-1024x941.png\",\"contentUrl\":\"https:\/\/carpathiacenter.ro\/wp-content\/uploads\/2024\/07\/logo-carpathia_bg_white-1024x941.png\",\"width\":1024,\"height\":941,\"caption\":\"Carpathia Center Romania\"},\"image\":{\"@id\":\"https:\/\/carpathiacenter.ro\/#\/schema\/logo\/image\/\"},\"sameAs\":[\"https:\/\/www.facebook.com\/fdpscarpathia\/\"]},{\"@type\":\"Person\",\"@id\":\"https:\/\/carpathiacenter.ro\/#\/schema\/person\/03d9f58202fee8379268f34afa195006\",\"name\":\"creativebitsolutions\",\"image\":{\"@type\":\"ImageObject\",\"inLanguage\":\"en-GB\",\"@id\":\"https:\/\/carpathiacenter.ro\/#\/schema\/person\/image\/\",\"url\":\"https:\/\/secure.gravatar.com\/avatar\/1b1a13e37f847c635dab78348f1dff2f07651ee2a3d77a5c355a4b8c75f9165a?s=96&d=mm&r=g\",\"contentUrl\":\"https:\/\/secure.gravatar.com\/avatar\/1b1a13e37f847c635dab78348f1dff2f07651ee2a3d77a5c355a4b8c75f9165a?s=96&d=mm&r=g\",\"caption\":\"creativebitsolutions\"},\"url\":\"https:\/\/carpathiacenter.ro\/en\/author\/creativebitsolutions\/\"}]}<\/script>\n<!-- \/ Yoast SEO plugin. -->","yoast_head_json":{"title":"Kelemen Hunor: Guvernul va fi \u00eentr-o oarecare m\u0103sur\u0103 de sacrificiu; vor fi dou\u0103 cote TVA - Carpathia Center Romania","robots":{"index":"index","follow":"follow","max-snippet":"max-snippet:-1","max-image-preview":"max-image-preview:large","max-video-preview":"max-video-preview:-1"},"canonical":"https:\/\/carpathiacenter.ro\/en\/kelemen-hunor-guvernul-va-fi-intr-o-oarecare-masura-de-sacrificiu-vor-fi-doua-cote-tva\/","og_locale":"en_GB","og_type":"article","og_title":"Kelemen Hunor: Guvernul va fi \u00eentr-o oarecare m\u0103sur\u0103 de sacrificiu; vor fi dou\u0103 cote TVA - Carpathia Center Romania","og_description":"Guvernul va fi \u00eentr-o oarecare m\u0103sur\u0103 de sacrificiu, fiindc\u0103 &#8216;urmeaz\u0103 ni\u0219te m\u0103suri care \u00eei vor enerva pe to\u021bi&#8217;, a afirmat duminic\u0103 pre\u0219edintele UDMR, Kelemen Hunor, care a ad\u0103ugat c\u0103 \u00een programul de guvernare nu scrie c\u0103 va cre\u0219te TVA. &#8216;Va fi \u00eentr-o oarecare m\u0103sur\u0103 de sacrificiu (Guvernul &#8211; n.r.), fiindc\u0103 urmeaz\u0103 ni\u0219te m\u0103suri care \u00eei...","og_url":"https:\/\/carpathiacenter.ro\/en\/kelemen-hunor-guvernul-va-fi-intr-o-oarecare-masura-de-sacrificiu-vor-fi-doua-cote-tva\/","og_site_name":"Carpathia Center Romania","article_publisher":"https:\/\/www.facebook.com\/fdpscarpathia\/","article_published_time":"2025-06-23T07:39:33+00:00","og_image":[{"width":800,"height":533,"url":"https:\/\/carpathiacenter.ro\/wp-content\/uploads\/2025\/06\/Kelemen-Hunor.jpg","type":"image\/jpeg"}],"author":"creativebitsolutions","twitter_card":"summary_large_image","twitter_misc":{"Written by":"creativebitsolutions","Estimated reading time":"3 minutes"},"schema":{"@context":"https:\/\/schema.org","@graph":[{"@type":"Article","@id":"https:\/\/carpathiacenter.ro\/kelemen-hunor-guvernul-va-fi-intr-o-oarecare-masura-de-sacrificiu-vor-fi-doua-cote-tva\/#article","isPartOf":{"@id":"https:\/\/carpathiacenter.ro\/kelemen-hunor-guvernul-va-fi-intr-o-oarecare-masura-de-sacrificiu-vor-fi-doua-cote-tva\/"},"author":{"name":"creativebitsolutions","@id":"https:\/\/carpathiacenter.ro\/#\/schema\/person\/03d9f58202fee8379268f34afa195006"},"headline":"Kelemen Hunor: Guvernul va fi \u00eentr-o oarecare m\u0103sur\u0103 de sacrificiu; vor fi dou\u0103 cote TVA","datePublished":"2025-06-23T07:39:33+00:00","mainEntityOfPage":{"@id":"https:\/\/carpathiacenter.ro\/kelemen-hunor-guvernul-va-fi-intr-o-oarecare-masura-de-sacrificiu-vor-fi-doua-cote-tva\/"},"wordCount":566,"commentCount":0,"publisher":{"@id":"https:\/\/carpathiacenter.ro\/#organization"},"image":{"@id":"https:\/\/carpathiacenter.ro\/kelemen-hunor-guvernul-va-fi-intr-o-oarecare-masura-de-sacrificiu-vor-fi-doua-cote-tva\/#primaryimage"},"thumbnailUrl":"https:\/\/carpathiacenter.ro\/wp-content\/uploads\/2025\/06\/Kelemen-Hunor.jpg","articleSection":["Uncategorized"],"inLanguage":"en-GB","potentialAction":[{"@type":"CommentAction","name":"Comment","target":["https:\/\/carpathiacenter.ro\/kelemen-hunor-guvernul-va-fi-intr-o-oarecare-masura-de-sacrificiu-vor-fi-doua-cote-tva\/#respond"]}]},{"@type":"WebPage","@id":"https:\/\/carpathiacenter.ro\/kelemen-hunor-guvernul-va-fi-intr-o-oarecare-masura-de-sacrificiu-vor-fi-doua-cote-tva\/","url":"https:\/\/carpathiacenter.ro\/kelemen-hunor-guvernul-va-fi-intr-o-oarecare-masura-de-sacrificiu-vor-fi-doua-cote-tva\/","name":"Kelemen Hunor: Guvernul va fi \u00eentr-o oarecare m\u0103sur\u0103 de sacrificiu; vor fi dou\u0103 cote TVA - Carpathia Center Romania","isPartOf":{"@id":"https:\/\/carpathiacenter.ro\/#website"},"primaryImageOfPage":{"@id":"https:\/\/carpathiacenter.ro\/kelemen-hunor-guvernul-va-fi-intr-o-oarecare-masura-de-sacrificiu-vor-fi-doua-cote-tva\/#primaryimage"},"image":{"@id":"https:\/\/carpathiacenter.ro\/kelemen-hunor-guvernul-va-fi-intr-o-oarecare-masura-de-sacrificiu-vor-fi-doua-cote-tva\/#primaryimage"},"thumbnailUrl":"https:\/\/carpathiacenter.ro\/wp-content\/uploads\/2025\/06\/Kelemen-Hunor.jpg","datePublished":"2025-06-23T07:39:33+00:00","breadcrumb":{"@id":"https:\/\/carpathiacenter.ro\/kelemen-hunor-guvernul-va-fi-intr-o-oarecare-masura-de-sacrificiu-vor-fi-doua-cote-tva\/#breadcrumb"},"inLanguage":"en-GB","potentialAction":[{"@type":"ReadAction","target":["https:\/\/carpathiacenter.ro\/kelemen-hunor-guvernul-va-fi-intr-o-oarecare-masura-de-sacrificiu-vor-fi-doua-cote-tva\/"]}]},{"@type":"ImageObject","inLanguage":"en-GB","@id":"https:\/\/carpathiacenter.ro\/kelemen-hunor-guvernul-va-fi-intr-o-oarecare-masura-de-sacrificiu-vor-fi-doua-cote-tva\/#primaryimage","url":"https:\/\/carpathiacenter.ro\/wp-content\/uploads\/2025\/06\/Kelemen-Hunor.jpg","contentUrl":"https:\/\/carpathiacenter.ro\/wp-content\/uploads\/2025\/06\/Kelemen-Hunor.jpg","width":800,"height":533},{"@type":"BreadcrumbList","@id":"https:\/\/carpathiacenter.ro\/kelemen-hunor-guvernul-va-fi-intr-o-oarecare-masura-de-sacrificiu-vor-fi-doua-cote-tva\/#breadcrumb","itemListElement":[{"@type":"ListItem","position":1,"name":"Prima pagin\u0103","item":"https:\/\/carpathiacenter.ro\/"},{"@type":"ListItem","position":2,"name":"Kelemen Hunor: Guvernul va fi \u00eentr-o oarecare m\u0103sur\u0103 de sacrificiu; vor fi dou\u0103 cote TVA"}]},{"@type":"WebSite","@id":"https:\/\/carpathiacenter.ro\/#website","url":"https:\/\/carpathiacenter.ro\/","name":"Carpathia Center Romania","description":"Impossible made possible!","publisher":{"@id":"https:\/\/carpathiacenter.ro\/#organization"},"potentialAction":[{"@type":"SearchAction","target":{"@type":"EntryPoint","urlTemplate":"https:\/\/carpathiacenter.ro\/?s={search_term_string}"},"query-input":{"@type":"PropertyValueSpecification","valueRequired":true,"valueName":"search_term_string"}}],"inLanguage":"en-GB"},{"@type":"Organization","@id":"https:\/\/carpathiacenter.ro\/#organization","name":"Carpathia Center Romania","url":"https:\/\/carpathiacenter.ro\/","logo":{"@type":"ImageObject","inLanguage":"en-GB","@id":"https:\/\/carpathiacenter.ro\/#\/schema\/logo\/image\/","url":"https:\/\/carpathiacenter.ro\/wp-content\/uploads\/2024\/07\/logo-carpathia_bg_white-1024x941.png","contentUrl":"https:\/\/carpathiacenter.ro\/wp-content\/uploads\/2024\/07\/logo-carpathia_bg_white-1024x941.png","width":1024,"height":941,"caption":"Carpathia Center Romania"},"image":{"@id":"https:\/\/carpathiacenter.ro\/#\/schema\/logo\/image\/"},"sameAs":["https:\/\/www.facebook.com\/fdpscarpathia\/"]},{"@type":"Person","@id":"https:\/\/carpathiacenter.ro\/#\/schema\/person\/03d9f58202fee8379268f34afa195006","name":"creativebitsolutions","image":{"@type":"ImageObject","inLanguage":"en-GB","@id":"https:\/\/carpathiacenter.ro\/#\/schema\/person\/image\/","url":"https:\/\/secure.gravatar.com\/avatar\/1b1a13e37f847c635dab78348f1dff2f07651ee2a3d77a5c355a4b8c75f9165a?s=96&d=mm&r=g","contentUrl":"https:\/\/secure.gravatar.com\/avatar\/1b1a13e37f847c635dab78348f1dff2f07651ee2a3d77a5c355a4b8c75f9165a?s=96&d=mm&r=g","caption":"creativebitsolutions"},"url":"https:\/\/carpathiacenter.ro\/en\/author\/creativebitsolutions\/"}]}},"_links":{"self":[{"href":"https:\/\/carpathiacenter.ro\/en\/wp-json\/wp\/v2\/posts\/2577","targetHints":{"allow":["GET"]}}],"collection":[{"href":"https:\/\/carpathiacenter.ro\/en\/wp-json\/wp\/v2\/posts"}],"about":[{"href":"https:\/\/carpathiacenter.ro\/en\/wp-json\/wp\/v2\/types\/post"}],"author":[{"embeddable":true,"href":"https:\/\/carpathiacenter.ro\/en\/wp-json\/wp\/v2\/users\/4"}],"replies":[{"embeddable":true,"href":"https:\/\/carpathiacenter.ro\/en\/wp-json\/wp\/v2\/comments?post=2577"}],"version-history":[{"count":1,"href":"https:\/\/carpathiacenter.ro\/en\/wp-json\/wp\/v2\/posts\/2577\/revisions"}],"predecessor-version":[{"id":2579,"href":"https:\/\/carpathiacenter.ro\/en\/wp-json\/wp\/v2\/posts\/2577\/revisions\/2579"}],"wp:featuredmedia":[{"embeddable":true,"href":"https:\/\/carpathiacenter.ro\/en\/wp-json\/wp\/v2\/media\/2578"}],"wp:attachment":[{"href":"https:\/\/carpathiacenter.ro\/en\/wp-json\/wp\/v2\/media?parent=2577"}],"wp:term":[{"taxonomy":"category","embeddable":true,"href":"https:\/\/carpathiacenter.ro\/en\/wp-json\/wp\/v2\/categories?post=2577"},{"taxonomy":"post_tag","embeddable":true,"href":"https:\/\/carpathiacenter.ro\/en\/wp-json\/wp\/v2\/tags?post=2577"}],"curies":[{"name":"wp","href":"https:\/\/api.w.org\/{rel}","templated":true}]}}