{"id":2574,"date":"2025-06-23T07:37:43","date_gmt":"2025-06-23T07:37:43","guid":{"rendered":"https:\/\/carpathiacenter.ro\/?p=2574"},"modified":"2025-06-23T07:37:43","modified_gmt":"2025-06-23T07:37:43","slug":"noul-guvern-bolojan-5-vicepremieri-6-ministri-psd-4-pnl-4-usr-2-udmr","status":"publish","type":"post","link":"https:\/\/carpathiacenter.ro\/en\/noul-guvern-bolojan-5-vicepremieri-6-ministri-psd-4-pnl-4-usr-2-udmr\/","title":{"rendered":"Noul Guvern Bolojan: 5 vicepremieri; 6 mini\u0219tri PSD; 4 &#8211; PNL; 4 &#8211; USR; 2 &#8211; UDMR"},"content":{"rendered":"<p><strong>Noul Guvern care va fi condus de Ilie Bolojan va avea cinci vicepremieri, \u0219ase mini\u0219tri de la PSD, patru &#8211; PNL, patru &#8211; USR \u0219i doi &#8211; UDMR.<\/strong><\/p>\n<p>PSD, PNL, UDMR \u0219i USR au stabilit \u00een acest sf\u00e2r\u0219it de s\u0103pt\u0103m\u00e2n\u0103 propunerile de mini\u0219tri care vor face parte din Guvernul Bolojan.<\/p>\n<p><strong>Componen\u021ba noului Executiv va fi:<\/strong><\/p>\n<p>* <a href=\"https:\/\/agerpres.ro\/documentare\/2025\/06\/22\/ilie-bolojan-prim-ministru-desemnat-fisa-biografica--1461634\" target=\"_blank\"><strong>Ilie Bolojan<\/strong><\/a> &#8211; premier<\/p>\n<p>*<strong> <a href=\"https:\/\/agerpres.ro\/documentare\/2025\/06\/22\/marian-neacsu-propus-vicepremier-fisa-biografica--1461637\" target=\"_blank\">Marian Neac\u0219u<\/a><\/strong> &#8211; vicepremier<\/p>\n<p>* <strong><a href=\"https:\/\/agerpres.ro\/2025\/06\/22\/t-nczos-barna-udmr-propus-vicepremier-fisa-biografica--1461640\" target=\"_blank\">T\u00e1nczos Barna<\/a> <\/strong>&#8211; vicepremier<\/p>\n<p>* <strong><a href=\"https:\/\/agerpres.ro\/2025\/06\/22\/dragos-anastasiu-propus-vicepremier-pentru-reforma-fisa-biografica--1461642\" target=\"_blank\">Drago\u0219 Anastasiu<\/a> <\/strong>&#8211; vicepremier pentru reform\u0103<\/p>\n<p>* <strong><a href=\"https:\/\/agerpres.ro\/2025\/06\/22\/catalin-marian-predoiu-propus-ministru-al-afacerilor-interne-vicepremier-fisa-biografica--1461643\" target=\"_blank\">C\u0103t\u0103lin Predoiu<\/a> <\/strong>&#8211; ministrul Afacerilor Interne, vicepremier<\/p>\n<p>* <strong><a href=\"https:\/\/agerpres.ro\/2025\/06\/22\/liviu-ionut-mosteanu-propus-ministru-al-apararii-nationale-vicepremier-fisa-biografica--1461644\" target=\"_blank\">Ionu\u021b Mo\u0219teanu<\/a> &#8211;<\/strong> ministrul Ap\u0103r\u0103rii Na\u021bionale, vicepremier<\/p>\n<p>*<strong> <a href=\"https:\/\/agerpres.ro\/2025\/06\/22\/alexandru-nazare-propus-ministru-al-finantelor-fisa-biografica--1461645\" target=\"_blank\">Alexandru Nazare<\/a> <\/strong>&#8211; ministrul Finan\u021belor<\/p>\n<p>*<a href=\"https:\/\/agerpres.ro\/2025\/06\/22\/ciprian-constantin-serban-propus-ministru-al-transporturilor-si-infrastructurii-fisa-biografica--1461646\" target=\"_blank\"> <\/a><strong><a href=\"https:\/\/agerpres.ro\/2025\/06\/22\/ciprian-constantin-serban-propus-ministru-al-transporturilor-si-infrastructurii-fisa-biografica--1461646\" target=\"_blank\">Ciprian \u0218erban<\/a> &#8211;<\/strong> ministrul Transporturilor \u0219i Infrastructurii<\/p>\n<p>* <a href=\"https:\/\/agerpres.ro\/2025\/06\/22\/radu-marinescu-propus-ministru-al-justitiei-fisa-biografica--1461648\" target=\"_blank\"><strong>Radu Marinescu<\/strong><\/a> &#8211; ministrul Justi\u021biei<\/p>\n<p>*<a href=\"https:\/\/agerpres.ro\/2025\/06\/22\/radu-dinel-miruta-propus-ministrul-digitalizarii-si-economiei-fisa-biografica--1461649\" target=\"_blank\"> <\/a><strong><a href=\"https:\/\/agerpres.ro\/2025\/06\/22\/radu-dinel-miruta-propus-ministrul-digitalizarii-si-economiei-fisa-biografica--1461649\" target=\"_blank\">Radu Miru\u021b\u0103<\/a> <\/strong>&#8211; ministrul Digitaliz\u0103rii \u0219i Economiei<\/p>\n<p>*<strong> <a href=\"https:\/\/agerpres.ro\/2025\/06\/22\/alexandru-rogobete-propus-ministru-al-sanatatii-fisa-biografica--1461650\" target=\"_blank\">Alexandru Rogobete<\/a> <\/strong>&#8211; ministrul S\u0103n\u0103t\u0103\u021bii<\/p>\n<p>* <strong><a href=\"https:\/\/agerpres.ro\/2025\/06\/22\/cseke-attila-propus-ministru-al-dezvoltarii-lucrarilor-publice-si-administratie-fisa-biografica--1461651\" target=\"_blank\">Cseke Attila<\/a> <\/strong>&#8211; ministrul Dezvolt\u0103rii, Lucr\u0103rilor Publice \u0219i Administra\u021biei<\/p>\n<p>*<strong> <a href=\"https:\/\/agerpres.ro\/documentare\/2025\/06\/22\/florin-ionut-barbu-propus-ministru-al-agriculturii-fisa-biografica--1461652\" target=\"_blank\">Florin Barbu<\/a> <\/strong>&#8211; ministrul Agriculturii<\/p>\n<p>*<strong> <a href=\"https:\/\/agerpres.ro\/2025\/06\/22\/petre-florin-manole-propus-ministru-al-muncii-fisa-biografica--1461658\" target=\"_blank\">Florin Manole<\/a><\/strong> &#8211; ministrul Muncii<\/p>\n<p><strong>* <a href=\"https:\/\/agerpres.ro\/2025\/06\/22\/andr-s-istv-n-demeter-propus-ministru-al-culturii-fisa-biografica--1461654\" target=\"_blank\">Andras Demeter Istvan<\/a><\/strong> &#8211; ministrul Culturii<\/p>\n<p>*<strong> <a href=\"https:\/\/agerpres.ro\/2025\/06\/22\/daniel-david-propus-ministru-al-educatiei-fisa-biografica--1461655\" target=\"_blank\">Daniel David <\/a><\/strong>&#8211; ministrul Educa\u021biei<\/p>\n<p>* <a href=\"https:\/\/agerpres.ro\/2025\/06\/22\/oana-toiu-propusa-ministru-al-afacerilor-externe-fisa-biografica--1461656\" target=\"_blank\"><strong>Oana \u021aoiu<\/strong><\/a> &#8211; ministrul Afacerilor Externe<\/p>\n<p>* <strong><a href=\"https:\/\/agerpres.ro\/2025\/06\/22\/dragos-pislaru-propus-ministru-al-investitiilor-si-fondurilor-europene-fisa-biografica--1461657\" target=\"_blank\">Drago\u0219 P\u00eeslaru<\/a> <\/strong>&#8211; ministrul Investi\u021biilor \u0219i Fondurilor Europene<\/p>\n<p>*<strong> <a href=\"https:\/\/agerpres.ro\/2025\/06\/22\/bogdan-ivan-propus-ministru-al-energiei-fisa-biografica--1461659\" target=\"_blank\">Bogdan Ivan<\/a><\/strong> &#8211; ministrul Energiei<\/p>\n<p>* <strong><a href=\"https:\/\/agerpres.ro\/2025\/06\/22\/diana-buzoianu-propusa-ministru-al-mediului-fisa-biografica--1461660\" target=\"_blank\">Diana Buzoianu<\/a> &#8211;<\/strong> ministrul Mediului.<\/p>\n<p>AGERPRES\/(AS &#8211; redactor: Georgiana T\u0103n\u0103sescu, editor: Anamaria Constantin, editor online: Alexandru Cojocaru)<br \/>\n<br \/>\nSursa articolului:<a href=\"https:\/\/agerpres.ro\/politic\/2025\/06\/22\/noul-guvern-bolojan-5-vicepremieri-6-ministri-psd-4---pnl-4---usr-2---udmr--1461625\" target=\"_blank\" rel=\"noopener\" title=\"\">https:\/\/agerpres.ro\/politic\/2025\/06\/22\/noul-guvern-bolojan-5-vicepremieri-6-ministri-psd-4&#8212;pnl-4&#8212;usr-2&#8212;udmr&#8211;1461625<\/a><\/p>","protected":false},"excerpt":{"rendered":"<p>Noul Guvern care va fi condus de Ilie Bolojan va avea cinci vicepremieri, \u0219ase mini\u0219tri de la PSD, patru &#8211; PNL, patru &#8211; USR \u0219i doi &#8211; UDMR. PSD, PNL, UDMR \u0219i USR au stabilit \u00een acest sf\u00e2r\u0219it de s\u0103pt\u0103m\u00e2n\u0103 propunerile de mini\u0219tri care vor face parte din Guvernul Bolojan. Componen\u021ba noului Executiv va fi:&#8230;<\/p>","protected":false},"author":4,"featured_media":2575,"comment_status":"open","ping_status":"open","sticky":false,"template":"","format":"standard","meta":{"footnotes":""},"categories":[1],"tags":[],"class_list":["post-2574","post","type-post","status-publish","format-standard","has-post-thumbnail","hentry","category-uncategorized"],"yoast_head":"<!-- This site is optimized with the Yoast SEO plugin v26.1.1 - https:\/\/yoast.com\/wordpress\/plugins\/seo\/ -->\n<title>Noul Guvern Bolojan: 5 vicepremieri; 6 mini\u0219tri PSD; 4 - PNL; 4 - USR; 2 - UDMR - Carpathia Center Romania<\/title>\n<meta name=\"robots\" content=\"index, follow, max-snippet:-1, max-image-preview:large, max-video-preview:-1\" \/>\n<link rel=\"canonical\" href=\"https:\/\/carpathiacenter.ro\/en\/noul-guvern-bolojan-5-vicepremieri-6-ministri-psd-4-pnl-4-usr-2-udmr\/\" \/>\n<meta property=\"og:locale\" content=\"en_GB\" \/>\n<meta property=\"og:type\" content=\"article\" \/>\n<meta property=\"og:title\" content=\"Noul Guvern Bolojan: 5 vicepremieri; 6 mini\u0219tri PSD; 4 - PNL; 4 - USR; 2 - UDMR - Carpathia Center Romania\" \/>\n<meta property=\"og:description\" content=\"Noul Guvern care va fi condus de Ilie Bolojan va avea cinci vicepremieri, \u0219ase mini\u0219tri de la PSD, patru &#8211; PNL, patru &#8211; USR \u0219i doi &#8211; UDMR. PSD, PNL, UDMR \u0219i USR au stabilit \u00een acest sf\u00e2r\u0219it de s\u0103pt\u0103m\u00e2n\u0103 propunerile de mini\u0219tri care vor face parte din Guvernul Bolojan. Componen\u021ba noului Executiv va fi:...\" \/>\n<meta property=\"og:url\" content=\"https:\/\/carpathiacenter.ro\/en\/noul-guvern-bolojan-5-vicepremieri-6-ministri-psd-4-pnl-4-usr-2-udmr\/\" \/>\n<meta property=\"og:site_name\" content=\"Carpathia Center Romania\" \/>\n<meta property=\"article:publisher\" content=\"https:\/\/www.facebook.com\/fdpscarpathia\/\" \/>\n<meta property=\"article:published_time\" content=\"2025-06-23T07:37:43+00:00\" \/>\n<meta property=\"og:image\" content=\"https:\/\/carpathiacenter.ro\/wp-content\/uploads\/2025\/06\/Ilie-Bolojan-Nicusor-Dan-scaled.jpg\" \/>\n\t<meta property=\"og:image:width\" content=\"2560\" \/>\n\t<meta property=\"og:image:height\" content=\"1707\" \/>\n\t<meta property=\"og:image:type\" content=\"image\/jpeg\" \/>\n<meta name=\"author\" content=\"creativebitsolutions\" \/>\n<meta name=\"twitter:card\" content=\"summary_large_image\" \/>\n<meta name=\"twitter:label1\" content=\"Written by\" \/>\n\t<meta name=\"twitter:data1\" content=\"creativebitsolutions\" \/>\n\t<meta name=\"twitter:label2\" content=\"Estimated reading time\" \/>\n\t<meta name=\"twitter:data2\" content=\"1 minute\" \/>\n<script type=\"application\/ld+json\" class=\"yoast-schema-graph\">{\"@context\":\"https:\/\/schema.org\",\"@graph\":[{\"@type\":\"Article\",\"@id\":\"https:\/\/carpathiacenter.ro\/noul-guvern-bolojan-5-vicepremieri-6-ministri-psd-4-pnl-4-usr-2-udmr\/#article\",\"isPartOf\":{\"@id\":\"https:\/\/carpathiacenter.ro\/noul-guvern-bolojan-5-vicepremieri-6-ministri-psd-4-pnl-4-usr-2-udmr\/\"},\"author\":{\"name\":\"creativebitsolutions\",\"@id\":\"https:\/\/carpathiacenter.ro\/#\/schema\/person\/03d9f58202fee8379268f34afa195006\"},\"headline\":\"Noul Guvern Bolojan: 5 vicepremieri; 6 mini\u0219tri PSD; 4 &#8211; PNL; 4 &#8211; USR; 2 &#8211; UDMR\",\"datePublished\":\"2025-06-23T07:37:43+00:00\",\"mainEntityOfPage\":{\"@id\":\"https:\/\/carpathiacenter.ro\/noul-guvern-bolojan-5-vicepremieri-6-ministri-psd-4-pnl-4-usr-2-udmr\/\"},\"wordCount\":238,\"commentCount\":0,\"publisher\":{\"@id\":\"https:\/\/carpathiacenter.ro\/#organization\"},\"image\":{\"@id\":\"https:\/\/carpathiacenter.ro\/noul-guvern-bolojan-5-vicepremieri-6-ministri-psd-4-pnl-4-usr-2-udmr\/#primaryimage\"},\"thumbnailUrl\":\"https:\/\/carpathiacenter.ro\/wp-content\/uploads\/2025\/06\/Ilie-Bolojan-Nicusor-Dan-scaled.jpg\",\"articleSection\":[\"Uncategorized\"],\"inLanguage\":\"en-GB\",\"potentialAction\":[{\"@type\":\"CommentAction\",\"name\":\"Comment\",\"target\":[\"https:\/\/carpathiacenter.ro\/noul-guvern-bolojan-5-vicepremieri-6-ministri-psd-4-pnl-4-usr-2-udmr\/#respond\"]}]},{\"@type\":\"WebPage\",\"@id\":\"https:\/\/carpathiacenter.ro\/noul-guvern-bolojan-5-vicepremieri-6-ministri-psd-4-pnl-4-usr-2-udmr\/\",\"url\":\"https:\/\/carpathiacenter.ro\/noul-guvern-bolojan-5-vicepremieri-6-ministri-psd-4-pnl-4-usr-2-udmr\/\",\"name\":\"Noul Guvern Bolojan: 5 vicepremieri; 6 mini\u0219tri PSD; 4 - PNL; 4 - USR; 2 - UDMR - Carpathia Center Romania\",\"isPartOf\":{\"@id\":\"https:\/\/carpathiacenter.ro\/#website\"},\"primaryImageOfPage\":{\"@id\":\"https:\/\/carpathiacenter.ro\/noul-guvern-bolojan-5-vicepremieri-6-ministri-psd-4-pnl-4-usr-2-udmr\/#primaryimage\"},\"image\":{\"@id\":\"https:\/\/carpathiacenter.ro\/noul-guvern-bolojan-5-vicepremieri-6-ministri-psd-4-pnl-4-usr-2-udmr\/#primaryimage\"},\"thumbnailUrl\":\"https:\/\/carpathiacenter.ro\/wp-content\/uploads\/2025\/06\/Ilie-Bolojan-Nicusor-Dan-scaled.jpg\",\"datePublished\":\"2025-06-23T07:37:43+00:00\",\"breadcrumb\":{\"@id\":\"https:\/\/carpathiacenter.ro\/noul-guvern-bolojan-5-vicepremieri-6-ministri-psd-4-pnl-4-usr-2-udmr\/#breadcrumb\"},\"inLanguage\":\"en-GB\",\"potentialAction\":[{\"@type\":\"ReadAction\",\"target\":[\"https:\/\/carpathiacenter.ro\/noul-guvern-bolojan-5-vicepremieri-6-ministri-psd-4-pnl-4-usr-2-udmr\/\"]}]},{\"@type\":\"ImageObject\",\"inLanguage\":\"en-GB\",\"@id\":\"https:\/\/carpathiacenter.ro\/noul-guvern-bolojan-5-vicepremieri-6-ministri-psd-4-pnl-4-usr-2-udmr\/#primaryimage\",\"url\":\"https:\/\/carpathiacenter.ro\/wp-content\/uploads\/2025\/06\/Ilie-Bolojan-Nicusor-Dan-scaled.jpg\",\"contentUrl\":\"https:\/\/carpathiacenter.ro\/wp-content\/uploads\/2025\/06\/Ilie-Bolojan-Nicusor-Dan-scaled.jpg\",\"width\":2560,\"height\":1707},{\"@type\":\"BreadcrumbList\",\"@id\":\"https:\/\/carpathiacenter.ro\/noul-guvern-bolojan-5-vicepremieri-6-ministri-psd-4-pnl-4-usr-2-udmr\/#breadcrumb\",\"itemListElement\":[{\"@type\":\"ListItem\",\"position\":1,\"name\":\"Prima pagin\u0103\",\"item\":\"https:\/\/carpathiacenter.ro\/\"},{\"@type\":\"ListItem\",\"position\":2,\"name\":\"Noul Guvern Bolojan: 5 vicepremieri; 6 mini\u0219tri PSD; 4 &#8211; PNL; 4 &#8211; USR; 2 &#8211; UDMR\"}]},{\"@type\":\"WebSite\",\"@id\":\"https:\/\/carpathiacenter.ro\/#website\",\"url\":\"https:\/\/carpathiacenter.ro\/\",\"name\":\"Carpathia Center Romania\",\"description\":\"Impossible made possible!\",\"publisher\":{\"@id\":\"https:\/\/carpathiacenter.ro\/#organization\"},\"potentialAction\":[{\"@type\":\"SearchAction\",\"target\":{\"@type\":\"EntryPoint\",\"urlTemplate\":\"https:\/\/carpathiacenter.ro\/?s={search_term_string}\"},\"query-input\":{\"@type\":\"PropertyValueSpecification\",\"valueRequired\":true,\"valueName\":\"search_term_string\"}}],\"inLanguage\":\"en-GB\"},{\"@type\":\"Organization\",\"@id\":\"https:\/\/carpathiacenter.ro\/#organization\",\"name\":\"Carpathia Center Romania\",\"url\":\"https:\/\/carpathiacenter.ro\/\",\"logo\":{\"@type\":\"ImageObject\",\"inLanguage\":\"en-GB\",\"@id\":\"https:\/\/carpathiacenter.ro\/#\/schema\/logo\/image\/\",\"url\":\"https:\/\/carpathiacenter.ro\/wp-content\/uploads\/2024\/07\/logo-carpathia_bg_white-1024x941.png\",\"contentUrl\":\"https:\/\/carpathiacenter.ro\/wp-content\/uploads\/2024\/07\/logo-carpathia_bg_white-1024x941.png\",\"width\":1024,\"height\":941,\"caption\":\"Carpathia Center Romania\"},\"image\":{\"@id\":\"https:\/\/carpathiacenter.ro\/#\/schema\/logo\/image\/\"},\"sameAs\":[\"https:\/\/www.facebook.com\/fdpscarpathia\/\"]},{\"@type\":\"Person\",\"@id\":\"https:\/\/carpathiacenter.ro\/#\/schema\/person\/03d9f58202fee8379268f34afa195006\",\"name\":\"creativebitsolutions\",\"image\":{\"@type\":\"ImageObject\",\"inLanguage\":\"en-GB\",\"@id\":\"https:\/\/carpathiacenter.ro\/#\/schema\/person\/image\/\",\"url\":\"https:\/\/secure.gravatar.com\/avatar\/1b1a13e37f847c635dab78348f1dff2f07651ee2a3d77a5c355a4b8c75f9165a?s=96&d=mm&r=g\",\"contentUrl\":\"https:\/\/secure.gravatar.com\/avatar\/1b1a13e37f847c635dab78348f1dff2f07651ee2a3d77a5c355a4b8c75f9165a?s=96&d=mm&r=g\",\"caption\":\"creativebitsolutions\"},\"url\":\"https:\/\/carpathiacenter.ro\/en\/author\/creativebitsolutions\/\"}]}<\/script>\n<!-- \/ Yoast SEO plugin. -->","yoast_head_json":{"title":"Noul Guvern Bolojan: 5 vicepremieri; 6 mini\u0219tri PSD; 4 - PNL; 4 - USR; 2 - UDMR - Carpathia Center Romania","robots":{"index":"index","follow":"follow","max-snippet":"max-snippet:-1","max-image-preview":"max-image-preview:large","max-video-preview":"max-video-preview:-1"},"canonical":"https:\/\/carpathiacenter.ro\/en\/noul-guvern-bolojan-5-vicepremieri-6-ministri-psd-4-pnl-4-usr-2-udmr\/","og_locale":"en_GB","og_type":"article","og_title":"Noul Guvern Bolojan: 5 vicepremieri; 6 mini\u0219tri PSD; 4 - PNL; 4 - USR; 2 - UDMR - Carpathia Center Romania","og_description":"Noul Guvern care va fi condus de Ilie Bolojan va avea cinci vicepremieri, \u0219ase mini\u0219tri de la PSD, patru &#8211; PNL, patru &#8211; USR \u0219i doi &#8211; UDMR. PSD, PNL, UDMR \u0219i USR au stabilit \u00een acest sf\u00e2r\u0219it de s\u0103pt\u0103m\u00e2n\u0103 propunerile de mini\u0219tri care vor face parte din Guvernul Bolojan. Componen\u021ba noului Executiv va fi:...","og_url":"https:\/\/carpathiacenter.ro\/en\/noul-guvern-bolojan-5-vicepremieri-6-ministri-psd-4-pnl-4-usr-2-udmr\/","og_site_name":"Carpathia Center Romania","article_publisher":"https:\/\/www.facebook.com\/fdpscarpathia\/","article_published_time":"2025-06-23T07:37:43+00:00","og_image":[{"width":2560,"height":1707,"url":"https:\/\/carpathiacenter.ro\/wp-content\/uploads\/2025\/06\/Ilie-Bolojan-Nicusor-Dan-scaled.jpg","type":"image\/jpeg"}],"author":"creativebitsolutions","twitter_card":"summary_large_image","twitter_misc":{"Written by":"creativebitsolutions","Estimated reading time":"1 minute"},"schema":{"@context":"https:\/\/schema.org","@graph":[{"@type":"Article","@id":"https:\/\/carpathiacenter.ro\/noul-guvern-bolojan-5-vicepremieri-6-ministri-psd-4-pnl-4-usr-2-udmr\/#article","isPartOf":{"@id":"https:\/\/carpathiacenter.ro\/noul-guvern-bolojan-5-vicepremieri-6-ministri-psd-4-pnl-4-usr-2-udmr\/"},"author":{"name":"creativebitsolutions","@id":"https:\/\/carpathiacenter.ro\/#\/schema\/person\/03d9f58202fee8379268f34afa195006"},"headline":"Noul Guvern Bolojan: 5 vicepremieri; 6 mini\u0219tri PSD; 4 &#8211; PNL; 4 &#8211; USR; 2 &#8211; UDMR","datePublished":"2025-06-23T07:37:43+00:00","mainEntityOfPage":{"@id":"https:\/\/carpathiacenter.ro\/noul-guvern-bolojan-5-vicepremieri-6-ministri-psd-4-pnl-4-usr-2-udmr\/"},"wordCount":238,"commentCount":0,"publisher":{"@id":"https:\/\/carpathiacenter.ro\/#organization"},"image":{"@id":"https:\/\/carpathiacenter.ro\/noul-guvern-bolojan-5-vicepremieri-6-ministri-psd-4-pnl-4-usr-2-udmr\/#primaryimage"},"thumbnailUrl":"https:\/\/carpathiacenter.ro\/wp-content\/uploads\/2025\/06\/Ilie-Bolojan-Nicusor-Dan-scaled.jpg","articleSection":["Uncategorized"],"inLanguage":"en-GB","potentialAction":[{"@type":"CommentAction","name":"Comment","target":["https:\/\/carpathiacenter.ro\/noul-guvern-bolojan-5-vicepremieri-6-ministri-psd-4-pnl-4-usr-2-udmr\/#respond"]}]},{"@type":"WebPage","@id":"https:\/\/carpathiacenter.ro\/noul-guvern-bolojan-5-vicepremieri-6-ministri-psd-4-pnl-4-usr-2-udmr\/","url":"https:\/\/carpathiacenter.ro\/noul-guvern-bolojan-5-vicepremieri-6-ministri-psd-4-pnl-4-usr-2-udmr\/","name":"Noul Guvern Bolojan: 5 vicepremieri; 6 mini\u0219tri PSD; 4 - PNL; 4 - USR; 2 - UDMR - Carpathia Center Romania","isPartOf":{"@id":"https:\/\/carpathiacenter.ro\/#website"},"primaryImageOfPage":{"@id":"https:\/\/carpathiacenter.ro\/noul-guvern-bolojan-5-vicepremieri-6-ministri-psd-4-pnl-4-usr-2-udmr\/#primaryimage"},"image":{"@id":"https:\/\/carpathiacenter.ro\/noul-guvern-bolojan-5-vicepremieri-6-ministri-psd-4-pnl-4-usr-2-udmr\/#primaryimage"},"thumbnailUrl":"https:\/\/carpathiacenter.ro\/wp-content\/uploads\/2025\/06\/Ilie-Bolojan-Nicusor-Dan-scaled.jpg","datePublished":"2025-06-23T07:37:43+00:00","breadcrumb":{"@id":"https:\/\/carpathiacenter.ro\/noul-guvern-bolojan-5-vicepremieri-6-ministri-psd-4-pnl-4-usr-2-udmr\/#breadcrumb"},"inLanguage":"en-GB","potentialAction":[{"@type":"ReadAction","target":["https:\/\/carpathiacenter.ro\/noul-guvern-bolojan-5-vicepremieri-6-ministri-psd-4-pnl-4-usr-2-udmr\/"]}]},{"@type":"ImageObject","inLanguage":"en-GB","@id":"https:\/\/carpathiacenter.ro\/noul-guvern-bolojan-5-vicepremieri-6-ministri-psd-4-pnl-4-usr-2-udmr\/#primaryimage","url":"https:\/\/carpathiacenter.ro\/wp-content\/uploads\/2025\/06\/Ilie-Bolojan-Nicusor-Dan-scaled.jpg","contentUrl":"https:\/\/carpathiacenter.ro\/wp-content\/uploads\/2025\/06\/Ilie-Bolojan-Nicusor-Dan-scaled.jpg","width":2560,"height":1707},{"@type":"BreadcrumbList","@id":"https:\/\/carpathiacenter.ro\/noul-guvern-bolojan-5-vicepremieri-6-ministri-psd-4-pnl-4-usr-2-udmr\/#breadcrumb","itemListElement":[{"@type":"ListItem","position":1,"name":"Prima pagin\u0103","item":"https:\/\/carpathiacenter.ro\/"},{"@type":"ListItem","position":2,"name":"Noul Guvern Bolojan: 5 vicepremieri; 6 mini\u0219tri PSD; 4 &#8211; PNL; 4 &#8211; USR; 2 &#8211; UDMR"}]},{"@type":"WebSite","@id":"https:\/\/carpathiacenter.ro\/#website","url":"https:\/\/carpathiacenter.ro\/","name":"Carpathia Center Romania","description":"Impossible made possible!","publisher":{"@id":"https:\/\/carpathiacenter.ro\/#organization"},"potentialAction":[{"@type":"SearchAction","target":{"@type":"EntryPoint","urlTemplate":"https:\/\/carpathiacenter.ro\/?s={search_term_string}"},"query-input":{"@type":"PropertyValueSpecification","valueRequired":true,"valueName":"search_term_string"}}],"inLanguage":"en-GB"},{"@type":"Organization","@id":"https:\/\/carpathiacenter.ro\/#organization","name":"Carpathia Center Romania","url":"https:\/\/carpathiacenter.ro\/","logo":{"@type":"ImageObject","inLanguage":"en-GB","@id":"https:\/\/carpathiacenter.ro\/#\/schema\/logo\/image\/","url":"https:\/\/carpathiacenter.ro\/wp-content\/uploads\/2024\/07\/logo-carpathia_bg_white-1024x941.png","contentUrl":"https:\/\/carpathiacenter.ro\/wp-content\/uploads\/2024\/07\/logo-carpathia_bg_white-1024x941.png","width":1024,"height":941,"caption":"Carpathia Center Romania"},"image":{"@id":"https:\/\/carpathiacenter.ro\/#\/schema\/logo\/image\/"},"sameAs":["https:\/\/www.facebook.com\/fdpscarpathia\/"]},{"@type":"Person","@id":"https:\/\/carpathiacenter.ro\/#\/schema\/person\/03d9f58202fee8379268f34afa195006","name":"creativebitsolutions","image":{"@type":"ImageObject","inLanguage":"en-GB","@id":"https:\/\/carpathiacenter.ro\/#\/schema\/person\/image\/","url":"https:\/\/secure.gravatar.com\/avatar\/1b1a13e37f847c635dab78348f1dff2f07651ee2a3d77a5c355a4b8c75f9165a?s=96&d=mm&r=g","contentUrl":"https:\/\/secure.gravatar.com\/avatar\/1b1a13e37f847c635dab78348f1dff2f07651ee2a3d77a5c355a4b8c75f9165a?s=96&d=mm&r=g","caption":"creativebitsolutions"},"url":"https:\/\/carpathiacenter.ro\/en\/author\/creativebitsolutions\/"}]}},"_links":{"self":[{"href":"https:\/\/carpathiacenter.ro\/en\/wp-json\/wp\/v2\/posts\/2574","targetHints":{"allow":["GET"]}}],"collection":[{"href":"https:\/\/carpathiacenter.ro\/en\/wp-json\/wp\/v2\/posts"}],"about":[{"href":"https:\/\/carpathiacenter.ro\/en\/wp-json\/wp\/v2\/types\/post"}],"author":[{"embeddable":true,"href":"https:\/\/carpathiacenter.ro\/en\/wp-json\/wp\/v2\/users\/4"}],"replies":[{"embeddable":true,"href":"https:\/\/carpathiacenter.ro\/en\/wp-json\/wp\/v2\/comments?post=2574"}],"version-history":[{"count":1,"href":"https:\/\/carpathiacenter.ro\/en\/wp-json\/wp\/v2\/posts\/2574\/revisions"}],"predecessor-version":[{"id":2576,"href":"https:\/\/carpathiacenter.ro\/en\/wp-json\/wp\/v2\/posts\/2574\/revisions\/2576"}],"wp:featuredmedia":[{"embeddable":true,"href":"https:\/\/carpathiacenter.ro\/en\/wp-json\/wp\/v2\/media\/2575"}],"wp:attachment":[{"href":"https:\/\/carpathiacenter.ro\/en\/wp-json\/wp\/v2\/media?parent=2574"}],"wp:term":[{"taxonomy":"category","embeddable":true,"href":"https:\/\/carpathiacenter.ro\/en\/wp-json\/wp\/v2\/categories?post=2574"},{"taxonomy":"post_tag","embeddable":true,"href":"https:\/\/carpathiacenter.ro\/en\/wp-json\/wp\/v2\/tags?post=2574"}],"curies":[{"name":"wp","href":"https:\/\/api.w.org\/{rel}","templated":true}]}}