{"id":2564,"date":"2025-06-19T07:19:03","date_gmt":"2025-06-19T07:19:03","guid":{"rendered":"https:\/\/carpathiacenter.ro\/?p=2564"},"modified":"2025-06-19T07:19:03","modified_gmt":"2025-06-19T07:19:03","slug":"predoiu-in-ultimii-ani-relatia-romano-germana-a-atins-un-nou-nivel-de-maturitate-si-eficienta","status":"publish","type":"post","link":"https:\/\/carpathiacenter.ro\/en\/predoiu-in-ultimii-ani-relatia-romano-germana-a-atins-un-nou-nivel-de-maturitate-si-eficienta\/","title":{"rendered":"Predoiu: \u00cen ultimii ani, rela\u021bia rom\u00e2no-german\u0103 a atins un nou nivel de maturitate \u0219i eficien\u021b\u0103"},"content":{"rendered":"<p>Rela\u021bia rom\u00e2no-german\u0103 a atins, \u00een ultimii ani, un nou nivel de maturitate \u0219i eficien\u021b\u0103, \u00een spiritul solidarit\u0103\u021bii europene pe care ambele \u021b\u0103ri o sus\u021bin, a declarat premierul interimar C\u0103t\u0103lin Predoiu, cu prilejul recep\u021biei de r\u0103mas bun oferite de ambasadorul Republicii Federale Germania la Bucure\u0219ti, Peer Gebauer.<\/p>\n<p>&#8216;A\u021bi reprezentat cu onoare \u0219i profesionalism \u021bara dumneavoastr\u0103, \u00eentr-o perioad\u0103 marcat\u0103 de provoc\u0103ri f\u0103r\u0103 precedent. Pandemia de COVID-19, apoi izbucnirea r\u0103zboiului din Ucraina &#8211; au fost momente critice \u00een care colaborarea dintre Rom\u00e2nia \u0219i Germania nu doar c\u0103 a rezistat, ci s-a \u00eent\u0103rit. A\u021bi demonstrat profesionalism \u0219i o \u00een\u021belegere profund\u0103 a contextului rom\u00e2nesc. A\u021bi fost mai mult dec\u00e2t un reprezentant al \u021b\u0103rii dumneavoastr\u0103 &#8211; a\u021bi devenit prietenul nostru \u0219i o parte din c\u0103l\u0103toria Rom\u00e2niei&#8217;, a afirmat C\u0103t\u0103lin Predoiu.<\/p>\n<p>El a eviden\u021biat rolul important de leg\u0103tur\u0103 pe care ambasadorul Gebauer l-a avut, al\u0103turi de ambasadorul Rom\u00e2niei la Berlin, \u00eentre autorit\u0103\u021bile rom\u00e2ne \u0219i germane, at\u00e2t la la nivel central, c\u00e2t \u0219i local.<\/p>\n<p>&#8216;Echipele noastre au lucrat \u00eempreun\u0103 pentru a consolida \u0219i mai mult leg\u0103turile bilaterale, \u00een beneficiul tuturor cet\u0103\u021benilor no\u0219tri, \u00een spiritul solidarit\u0103\u021bii europene pe care ambele noastre \u021b\u0103ri o sus\u021bin. \u00cen actualul context de securitate, marcat de numeroase provoc\u0103ri, este nevoie de structuri eficiente, de institu\u021bii proactive, stabile \u0219i reziliente. Aceste eforturi comune au aprofundat nu numai coordonarea institu\u021bional\u0103, ci \u0219i leg\u0103turile umane care dau sens diploma\u021biei&#8217;, a afirmat Predoiu.<\/p>\n<p>Acesta a subliniat c\u0103 o dovad\u0103 a nivelului de excelen\u021b\u0103 atins \u00een rela\u021biile bilaterale a reprezentat-o faptul c\u0103 anul trecut ziua de 21 aprilie a fost instituit\u0103 drept &#8216;Ziua Prieteniei dintre Rom\u00e2nia \u0219i Republica Federal\u0103 Germania&#8217;.<\/p>\n<p>Totodat\u0103, Predoiu a punctat \u0219i faptul c\u0103 anul acesta se s\u0103rb\u0103toresc 145 de ani de rela\u021bii diplomatice rom\u00e2no-germane, un moment simbolic care vine \u00eentr-un context \u00een care rela\u021biile bilaterale dintre cele dou\u0103 state sunt mai puternice \u0219i mai bine ancorate \u00een realit\u0103\u021bile europene \u0219i globale.<\/p>\n<p>Acesta a men\u021bionat \u0219i ini\u021bierea Planului de Ac\u021biune comun rom\u00e2no-german, \u00een anul 2023.<\/p>\n<p>&#8216;Prin Planul de Ac\u021biune comun rom\u00e2no-german, aflat \u00een etapa final\u0103 de negociere, a\u021bi contribuit la conturarea unui cadru coerent de cooperare sectorial\u0103, de la economie \u0219i energie, p\u00e2n\u0103 la educa\u021bie \u0219i cercetare. Acest plan este o mo\u0219tenire concret\u0103 \u0219i durabil\u0103, care va ghida pa\u0219ii no\u0219tri comuni \u00een anii ce vin&#8217;, a men\u021bionat Predoiu.<\/p>\n<p>Premierul interimar a eviden\u021biat \u0219i sprijinul puternic \u0219i constant al Germaniei pentru aderarea Rom\u00e2niei la spa\u021biul Schengen, precum \u0219i sprijinul oferit at\u00e2t Ucrainei, c\u00e2t \u0219i Republicii Moldova \u00eentr-un context geopolitic dificil, inclusiv prin cooperarea excelent\u0103 \u00een cadrul Platformei de Parteneriat pentru Republica Moldova, ini\u021biat\u0103 \u00een anul 2022, al\u0103turi de Fran\u021ba.<\/p>\n<p>Nu \u00een ultimul r\u00e2nd, Predoiu a remarcat faptul c\u0103, inclusiv datorit\u0103 implic\u0103rii ambasadorului Gebauer, rela\u021biile economice \u0219i comerciale rom\u00e2no-germane au ajuns la cel mai \u00eenalt nivel din ultimii 20 de ani.<\/p>\n<p>Germania continu\u0103 s\u0103 fie principalul partener comercial \u0219i investi\u021bional al Rom\u00e2niei, cu o pondere de 20,5% la export \u0219i 18,6% la import, a men\u021bionat acesta.<\/p>\n<p>Premierul interimar a punctat c\u0103 activitatea remarcabil\u0103 desf\u0103\u0219urat\u0103 de ambasadorul Gebauer a fost distins\u0103 prin conferirea, \u00een anul 2023, de c\u0103tre pre\u0219edintele Rom\u00e2niei, a Ordinului Na\u021bional Steaua Rom\u00e2niei \u00een grad de Mare Ofi\u021ber, sau prin \u00eenm\u00e2narea, \u00een aprilie anul acesta, a Ordinului de Onoare al Comunit\u0103\u021bilor Evreie\u0219ti din Rom\u00e2nia.<\/p>\n<p>&#8216;Pentru toate aceste motive \u0219i multe altele, am convingerea, domnul ambasador Gebauer, c\u0103 ve\u021bi continua s\u0103 fi\u021bi un prieten veritabil al Rom\u00e2niei \u0219i dup\u0103 \u00eencheierea mandatului la Bucure\u0219ti. (&#8230;) V\u0103 a\u0219tept\u0103m s\u0103 reveni\u021bi \u00een Rom\u00e2nia c\u00e2t mai des. Orice pretext este binevenit. Chiar \u0219i un meci de fotbal &#8211; un sport at\u00e2t de drag domnului ambasador&#8217;, a transmis Predoiu. AGERPRES\/(AS &#8211; redactor: Daniel Florea, editor: Georgiana T\u0103n\u0103sescu, editor online: Andreea L\u00e3z\u00e3roiu)<br \/>\n<br \/>\nSursa articolului:<a href=\"https:\/\/agerpres.ro\/politic\/2025\/06\/18\/predoiu-in-ultimii-ani-relatia-romano-germana-a-atins-un-nou-nivel-de-maturitate-si-eficienta--1460554\" target=\"_blank\" rel=\"noopener\" title=\"\">https:\/\/agerpres.ro\/politic\/2025\/06\/18\/predoiu-in-ultimii-ani-relatia-romano-germana-a-atins-un-nou-nivel-de-maturitate-si-eficienta&#8211;1460554<\/a><\/p>","protected":false},"excerpt":{"rendered":"<p>Rela\u021bia rom\u00e2no-german\u0103 a atins, \u00een ultimii ani, un nou nivel de maturitate \u0219i eficien\u021b\u0103, \u00een spiritul solidarit\u0103\u021bii europene pe care ambele \u021b\u0103ri o sus\u021bin, a declarat premierul interimar C\u0103t\u0103lin Predoiu, cu prilejul recep\u021biei de r\u0103mas bun oferite de ambasadorul Republicii Federale Germania la Bucure\u0219ti, Peer Gebauer. &#8216;A\u021bi reprezentat cu onoare \u0219i profesionalism \u021bara dumneavoastr\u0103, \u00eentr-o&#8230;<\/p>","protected":false},"author":4,"featured_media":2565,"comment_status":"open","ping_status":"open","sticky":false,"template":"","format":"standard","meta":{"footnotes":""},"categories":[1],"tags":[],"class_list":["post-2564","post","type-post","status-publish","format-standard","has-post-thumbnail","hentry","category-uncategorized"],"yoast_head":"<!-- This site is optimized with the Yoast SEO plugin v26.1.1 - https:\/\/yoast.com\/wordpress\/plugins\/seo\/ -->\n<title>Predoiu: \u00cen ultimii ani, rela\u021bia rom\u00e2no-german\u0103 a atins un nou nivel de maturitate \u0219i eficien\u021b\u0103 - Carpathia Center Romania<\/title>\n<meta name=\"robots\" content=\"index, follow, max-snippet:-1, max-image-preview:large, max-video-preview:-1\" \/>\n<link rel=\"canonical\" href=\"https:\/\/carpathiacenter.ro\/en\/predoiu-in-ultimii-ani-relatia-romano-germana-a-atins-un-nou-nivel-de-maturitate-si-eficienta\/\" \/>\n<meta property=\"og:locale\" content=\"en_GB\" \/>\n<meta property=\"og:type\" content=\"article\" \/>\n<meta property=\"og:title\" content=\"Predoiu: \u00cen ultimii ani, rela\u021bia rom\u00e2no-german\u0103 a atins un nou nivel de maturitate \u0219i eficien\u021b\u0103 - Carpathia Center Romania\" \/>\n<meta property=\"og:description\" content=\"Rela\u021bia rom\u00e2no-german\u0103 a atins, \u00een ultimii ani, un nou nivel de maturitate \u0219i eficien\u021b\u0103, \u00een spiritul solidarit\u0103\u021bii europene pe care ambele \u021b\u0103ri o sus\u021bin, a declarat premierul interimar C\u0103t\u0103lin Predoiu, cu prilejul recep\u021biei de r\u0103mas bun oferite de ambasadorul Republicii Federale Germania la Bucure\u0219ti, Peer Gebauer. &#8216;A\u021bi reprezentat cu onoare \u0219i profesionalism \u021bara dumneavoastr\u0103, \u00eentr-o...\" \/>\n<meta property=\"og:url\" content=\"https:\/\/carpathiacenter.ro\/en\/predoiu-in-ultimii-ani-relatia-romano-germana-a-atins-un-nou-nivel-de-maturitate-si-eficienta\/\" \/>\n<meta property=\"og:site_name\" content=\"Carpathia Center Romania\" \/>\n<meta property=\"article:publisher\" content=\"https:\/\/www.facebook.com\/fdpscarpathia\/\" \/>\n<meta property=\"article:published_time\" content=\"2025-06-19T07:19:03+00:00\" \/>\n<meta property=\"og:image\" content=\"https:\/\/carpathiacenter.ro\/wp-content\/uploads\/2025\/06\/Catalin-Predoiu-1.jpg\" \/>\n\t<meta property=\"og:image:width\" content=\"780\" \/>\n\t<meta property=\"og:image:height\" content=\"440\" \/>\n\t<meta property=\"og:image:type\" content=\"image\/jpeg\" \/>\n<meta name=\"author\" content=\"creativebitsolutions\" \/>\n<meta name=\"twitter:card\" content=\"summary_large_image\" \/>\n<meta name=\"twitter:label1\" content=\"Written by\" \/>\n\t<meta name=\"twitter:data1\" content=\"creativebitsolutions\" \/>\n\t<meta name=\"twitter:label2\" content=\"Estimated reading time\" \/>\n\t<meta name=\"twitter:data2\" content=\"4 minutes\" \/>\n<script type=\"application\/ld+json\" class=\"yoast-schema-graph\">{\"@context\":\"https:\/\/schema.org\",\"@graph\":[{\"@type\":\"Article\",\"@id\":\"https:\/\/carpathiacenter.ro\/predoiu-in-ultimii-ani-relatia-romano-germana-a-atins-un-nou-nivel-de-maturitate-si-eficienta\/#article\",\"isPartOf\":{\"@id\":\"https:\/\/carpathiacenter.ro\/predoiu-in-ultimii-ani-relatia-romano-germana-a-atins-un-nou-nivel-de-maturitate-si-eficienta\/\"},\"author\":{\"name\":\"creativebitsolutions\",\"@id\":\"https:\/\/carpathiacenter.ro\/#\/schema\/person\/03d9f58202fee8379268f34afa195006\"},\"headline\":\"Predoiu: \u00cen ultimii ani, rela\u021bia rom\u00e2no-german\u0103 a atins un nou nivel de maturitate \u0219i eficien\u021b\u0103\",\"datePublished\":\"2025-06-19T07:19:03+00:00\",\"mainEntityOfPage\":{\"@id\":\"https:\/\/carpathiacenter.ro\/predoiu-in-ultimii-ani-relatia-romano-germana-a-atins-un-nou-nivel-de-maturitate-si-eficienta\/\"},\"wordCount\":719,\"commentCount\":0,\"publisher\":{\"@id\":\"https:\/\/carpathiacenter.ro\/#organization\"},\"image\":{\"@id\":\"https:\/\/carpathiacenter.ro\/predoiu-in-ultimii-ani-relatia-romano-germana-a-atins-un-nou-nivel-de-maturitate-si-eficienta\/#primaryimage\"},\"thumbnailUrl\":\"https:\/\/carpathiacenter.ro\/wp-content\/uploads\/2025\/06\/Catalin-Predoiu-1.jpg\",\"articleSection\":[\"Uncategorized\"],\"inLanguage\":\"en-GB\",\"potentialAction\":[{\"@type\":\"CommentAction\",\"name\":\"Comment\",\"target\":[\"https:\/\/carpathiacenter.ro\/predoiu-in-ultimii-ani-relatia-romano-germana-a-atins-un-nou-nivel-de-maturitate-si-eficienta\/#respond\"]}]},{\"@type\":\"WebPage\",\"@id\":\"https:\/\/carpathiacenter.ro\/predoiu-in-ultimii-ani-relatia-romano-germana-a-atins-un-nou-nivel-de-maturitate-si-eficienta\/\",\"url\":\"https:\/\/carpathiacenter.ro\/predoiu-in-ultimii-ani-relatia-romano-germana-a-atins-un-nou-nivel-de-maturitate-si-eficienta\/\",\"name\":\"Predoiu: \u00cen ultimii ani, rela\u021bia rom\u00e2no-german\u0103 a atins un nou nivel de maturitate \u0219i eficien\u021b\u0103 - Carpathia Center Romania\",\"isPartOf\":{\"@id\":\"https:\/\/carpathiacenter.ro\/#website\"},\"primaryImageOfPage\":{\"@id\":\"https:\/\/carpathiacenter.ro\/predoiu-in-ultimii-ani-relatia-romano-germana-a-atins-un-nou-nivel-de-maturitate-si-eficienta\/#primaryimage\"},\"image\":{\"@id\":\"https:\/\/carpathiacenter.ro\/predoiu-in-ultimii-ani-relatia-romano-germana-a-atins-un-nou-nivel-de-maturitate-si-eficienta\/#primaryimage\"},\"thumbnailUrl\":\"https:\/\/carpathiacenter.ro\/wp-content\/uploads\/2025\/06\/Catalin-Predoiu-1.jpg\",\"datePublished\":\"2025-06-19T07:19:03+00:00\",\"breadcrumb\":{\"@id\":\"https:\/\/carpathiacenter.ro\/predoiu-in-ultimii-ani-relatia-romano-germana-a-atins-un-nou-nivel-de-maturitate-si-eficienta\/#breadcrumb\"},\"inLanguage\":\"en-GB\",\"potentialAction\":[{\"@type\":\"ReadAction\",\"target\":[\"https:\/\/carpathiacenter.ro\/predoiu-in-ultimii-ani-relatia-romano-germana-a-atins-un-nou-nivel-de-maturitate-si-eficienta\/\"]}]},{\"@type\":\"ImageObject\",\"inLanguage\":\"en-GB\",\"@id\":\"https:\/\/carpathiacenter.ro\/predoiu-in-ultimii-ani-relatia-romano-germana-a-atins-un-nou-nivel-de-maturitate-si-eficienta\/#primaryimage\",\"url\":\"https:\/\/carpathiacenter.ro\/wp-content\/uploads\/2025\/06\/Catalin-Predoiu-1.jpg\",\"contentUrl\":\"https:\/\/carpathiacenter.ro\/wp-content\/uploads\/2025\/06\/Catalin-Predoiu-1.jpg\",\"width\":780,\"height\":440},{\"@type\":\"BreadcrumbList\",\"@id\":\"https:\/\/carpathiacenter.ro\/predoiu-in-ultimii-ani-relatia-romano-germana-a-atins-un-nou-nivel-de-maturitate-si-eficienta\/#breadcrumb\",\"itemListElement\":[{\"@type\":\"ListItem\",\"position\":1,\"name\":\"Prima pagin\u0103\",\"item\":\"https:\/\/carpathiacenter.ro\/\"},{\"@type\":\"ListItem\",\"position\":2,\"name\":\"Predoiu: \u00cen ultimii ani, rela\u021bia rom\u00e2no-german\u0103 a atins un nou nivel de maturitate \u0219i eficien\u021b\u0103\"}]},{\"@type\":\"WebSite\",\"@id\":\"https:\/\/carpathiacenter.ro\/#website\",\"url\":\"https:\/\/carpathiacenter.ro\/\",\"name\":\"Carpathia Center Romania\",\"description\":\"Impossible made possible!\",\"publisher\":{\"@id\":\"https:\/\/carpathiacenter.ro\/#organization\"},\"potentialAction\":[{\"@type\":\"SearchAction\",\"target\":{\"@type\":\"EntryPoint\",\"urlTemplate\":\"https:\/\/carpathiacenter.ro\/?s={search_term_string}\"},\"query-input\":{\"@type\":\"PropertyValueSpecification\",\"valueRequired\":true,\"valueName\":\"search_term_string\"}}],\"inLanguage\":\"en-GB\"},{\"@type\":\"Organization\",\"@id\":\"https:\/\/carpathiacenter.ro\/#organization\",\"name\":\"Carpathia Center Romania\",\"url\":\"https:\/\/carpathiacenter.ro\/\",\"logo\":{\"@type\":\"ImageObject\",\"inLanguage\":\"en-GB\",\"@id\":\"https:\/\/carpathiacenter.ro\/#\/schema\/logo\/image\/\",\"url\":\"https:\/\/carpathiacenter.ro\/wp-content\/uploads\/2024\/07\/logo-carpathia_bg_white-1024x941.png\",\"contentUrl\":\"https:\/\/carpathiacenter.ro\/wp-content\/uploads\/2024\/07\/logo-carpathia_bg_white-1024x941.png\",\"width\":1024,\"height\":941,\"caption\":\"Carpathia Center Romania\"},\"image\":{\"@id\":\"https:\/\/carpathiacenter.ro\/#\/schema\/logo\/image\/\"},\"sameAs\":[\"https:\/\/www.facebook.com\/fdpscarpathia\/\"]},{\"@type\":\"Person\",\"@id\":\"https:\/\/carpathiacenter.ro\/#\/schema\/person\/03d9f58202fee8379268f34afa195006\",\"name\":\"creativebitsolutions\",\"image\":{\"@type\":\"ImageObject\",\"inLanguage\":\"en-GB\",\"@id\":\"https:\/\/carpathiacenter.ro\/#\/schema\/person\/image\/\",\"url\":\"https:\/\/secure.gravatar.com\/avatar\/1b1a13e37f847c635dab78348f1dff2f07651ee2a3d77a5c355a4b8c75f9165a?s=96&d=mm&r=g\",\"contentUrl\":\"https:\/\/secure.gravatar.com\/avatar\/1b1a13e37f847c635dab78348f1dff2f07651ee2a3d77a5c355a4b8c75f9165a?s=96&d=mm&r=g\",\"caption\":\"creativebitsolutions\"},\"url\":\"https:\/\/carpathiacenter.ro\/en\/author\/creativebitsolutions\/\"}]}<\/script>\n<!-- \/ Yoast SEO plugin. -->","yoast_head_json":{"title":"Predoiu: \u00cen ultimii ani, rela\u021bia rom\u00e2no-german\u0103 a atins un nou nivel de maturitate \u0219i eficien\u021b\u0103 - Carpathia Center Romania","robots":{"index":"index","follow":"follow","max-snippet":"max-snippet:-1","max-image-preview":"max-image-preview:large","max-video-preview":"max-video-preview:-1"},"canonical":"https:\/\/carpathiacenter.ro\/en\/predoiu-in-ultimii-ani-relatia-romano-germana-a-atins-un-nou-nivel-de-maturitate-si-eficienta\/","og_locale":"en_GB","og_type":"article","og_title":"Predoiu: \u00cen ultimii ani, rela\u021bia rom\u00e2no-german\u0103 a atins un nou nivel de maturitate \u0219i eficien\u021b\u0103 - Carpathia Center Romania","og_description":"Rela\u021bia rom\u00e2no-german\u0103 a atins, \u00een ultimii ani, un nou nivel de maturitate \u0219i eficien\u021b\u0103, \u00een spiritul solidarit\u0103\u021bii europene pe care ambele \u021b\u0103ri o sus\u021bin, a declarat premierul interimar C\u0103t\u0103lin Predoiu, cu prilejul recep\u021biei de r\u0103mas bun oferite de ambasadorul Republicii Federale Germania la Bucure\u0219ti, Peer Gebauer. &#8216;A\u021bi reprezentat cu onoare \u0219i profesionalism \u021bara dumneavoastr\u0103, \u00eentr-o...","og_url":"https:\/\/carpathiacenter.ro\/en\/predoiu-in-ultimii-ani-relatia-romano-germana-a-atins-un-nou-nivel-de-maturitate-si-eficienta\/","og_site_name":"Carpathia Center Romania","article_publisher":"https:\/\/www.facebook.com\/fdpscarpathia\/","article_published_time":"2025-06-19T07:19:03+00:00","og_image":[{"width":780,"height":440,"url":"https:\/\/carpathiacenter.ro\/wp-content\/uploads\/2025\/06\/Catalin-Predoiu-1.jpg","type":"image\/jpeg"}],"author":"creativebitsolutions","twitter_card":"summary_large_image","twitter_misc":{"Written by":"creativebitsolutions","Estimated reading time":"4 minutes"},"schema":{"@context":"https:\/\/schema.org","@graph":[{"@type":"Article","@id":"https:\/\/carpathiacenter.ro\/predoiu-in-ultimii-ani-relatia-romano-germana-a-atins-un-nou-nivel-de-maturitate-si-eficienta\/#article","isPartOf":{"@id":"https:\/\/carpathiacenter.ro\/predoiu-in-ultimii-ani-relatia-romano-germana-a-atins-un-nou-nivel-de-maturitate-si-eficienta\/"},"author":{"name":"creativebitsolutions","@id":"https:\/\/carpathiacenter.ro\/#\/schema\/person\/03d9f58202fee8379268f34afa195006"},"headline":"Predoiu: \u00cen ultimii ani, rela\u021bia rom\u00e2no-german\u0103 a atins un nou nivel de maturitate \u0219i eficien\u021b\u0103","datePublished":"2025-06-19T07:19:03+00:00","mainEntityOfPage":{"@id":"https:\/\/carpathiacenter.ro\/predoiu-in-ultimii-ani-relatia-romano-germana-a-atins-un-nou-nivel-de-maturitate-si-eficienta\/"},"wordCount":719,"commentCount":0,"publisher":{"@id":"https:\/\/carpathiacenter.ro\/#organization"},"image":{"@id":"https:\/\/carpathiacenter.ro\/predoiu-in-ultimii-ani-relatia-romano-germana-a-atins-un-nou-nivel-de-maturitate-si-eficienta\/#primaryimage"},"thumbnailUrl":"https:\/\/carpathiacenter.ro\/wp-content\/uploads\/2025\/06\/Catalin-Predoiu-1.jpg","articleSection":["Uncategorized"],"inLanguage":"en-GB","potentialAction":[{"@type":"CommentAction","name":"Comment","target":["https:\/\/carpathiacenter.ro\/predoiu-in-ultimii-ani-relatia-romano-germana-a-atins-un-nou-nivel-de-maturitate-si-eficienta\/#respond"]}]},{"@type":"WebPage","@id":"https:\/\/carpathiacenter.ro\/predoiu-in-ultimii-ani-relatia-romano-germana-a-atins-un-nou-nivel-de-maturitate-si-eficienta\/","url":"https:\/\/carpathiacenter.ro\/predoiu-in-ultimii-ani-relatia-romano-germana-a-atins-un-nou-nivel-de-maturitate-si-eficienta\/","name":"Predoiu: \u00cen ultimii ani, rela\u021bia rom\u00e2no-german\u0103 a atins un nou nivel de maturitate \u0219i eficien\u021b\u0103 - Carpathia Center Romania","isPartOf":{"@id":"https:\/\/carpathiacenter.ro\/#website"},"primaryImageOfPage":{"@id":"https:\/\/carpathiacenter.ro\/predoiu-in-ultimii-ani-relatia-romano-germana-a-atins-un-nou-nivel-de-maturitate-si-eficienta\/#primaryimage"},"image":{"@id":"https:\/\/carpathiacenter.ro\/predoiu-in-ultimii-ani-relatia-romano-germana-a-atins-un-nou-nivel-de-maturitate-si-eficienta\/#primaryimage"},"thumbnailUrl":"https:\/\/carpathiacenter.ro\/wp-content\/uploads\/2025\/06\/Catalin-Predoiu-1.jpg","datePublished":"2025-06-19T07:19:03+00:00","breadcrumb":{"@id":"https:\/\/carpathiacenter.ro\/predoiu-in-ultimii-ani-relatia-romano-germana-a-atins-un-nou-nivel-de-maturitate-si-eficienta\/#breadcrumb"},"inLanguage":"en-GB","potentialAction":[{"@type":"ReadAction","target":["https:\/\/carpathiacenter.ro\/predoiu-in-ultimii-ani-relatia-romano-germana-a-atins-un-nou-nivel-de-maturitate-si-eficienta\/"]}]},{"@type":"ImageObject","inLanguage":"en-GB","@id":"https:\/\/carpathiacenter.ro\/predoiu-in-ultimii-ani-relatia-romano-germana-a-atins-un-nou-nivel-de-maturitate-si-eficienta\/#primaryimage","url":"https:\/\/carpathiacenter.ro\/wp-content\/uploads\/2025\/06\/Catalin-Predoiu-1.jpg","contentUrl":"https:\/\/carpathiacenter.ro\/wp-content\/uploads\/2025\/06\/Catalin-Predoiu-1.jpg","width":780,"height":440},{"@type":"BreadcrumbList","@id":"https:\/\/carpathiacenter.ro\/predoiu-in-ultimii-ani-relatia-romano-germana-a-atins-un-nou-nivel-de-maturitate-si-eficienta\/#breadcrumb","itemListElement":[{"@type":"ListItem","position":1,"name":"Prima pagin\u0103","item":"https:\/\/carpathiacenter.ro\/"},{"@type":"ListItem","position":2,"name":"Predoiu: \u00cen ultimii ani, rela\u021bia rom\u00e2no-german\u0103 a atins un nou nivel de maturitate \u0219i eficien\u021b\u0103"}]},{"@type":"WebSite","@id":"https:\/\/carpathiacenter.ro\/#website","url":"https:\/\/carpathiacenter.ro\/","name":"Carpathia Center Romania","description":"Impossible made possible!","publisher":{"@id":"https:\/\/carpathiacenter.ro\/#organization"},"potentialAction":[{"@type":"SearchAction","target":{"@type":"EntryPoint","urlTemplate":"https:\/\/carpathiacenter.ro\/?s={search_term_string}"},"query-input":{"@type":"PropertyValueSpecification","valueRequired":true,"valueName":"search_term_string"}}],"inLanguage":"en-GB"},{"@type":"Organization","@id":"https:\/\/carpathiacenter.ro\/#organization","name":"Carpathia Center Romania","url":"https:\/\/carpathiacenter.ro\/","logo":{"@type":"ImageObject","inLanguage":"en-GB","@id":"https:\/\/carpathiacenter.ro\/#\/schema\/logo\/image\/","url":"https:\/\/carpathiacenter.ro\/wp-content\/uploads\/2024\/07\/logo-carpathia_bg_white-1024x941.png","contentUrl":"https:\/\/carpathiacenter.ro\/wp-content\/uploads\/2024\/07\/logo-carpathia_bg_white-1024x941.png","width":1024,"height":941,"caption":"Carpathia Center Romania"},"image":{"@id":"https:\/\/carpathiacenter.ro\/#\/schema\/logo\/image\/"},"sameAs":["https:\/\/www.facebook.com\/fdpscarpathia\/"]},{"@type":"Person","@id":"https:\/\/carpathiacenter.ro\/#\/schema\/person\/03d9f58202fee8379268f34afa195006","name":"creativebitsolutions","image":{"@type":"ImageObject","inLanguage":"en-GB","@id":"https:\/\/carpathiacenter.ro\/#\/schema\/person\/image\/","url":"https:\/\/secure.gravatar.com\/avatar\/1b1a13e37f847c635dab78348f1dff2f07651ee2a3d77a5c355a4b8c75f9165a?s=96&d=mm&r=g","contentUrl":"https:\/\/secure.gravatar.com\/avatar\/1b1a13e37f847c635dab78348f1dff2f07651ee2a3d77a5c355a4b8c75f9165a?s=96&d=mm&r=g","caption":"creativebitsolutions"},"url":"https:\/\/carpathiacenter.ro\/en\/author\/creativebitsolutions\/"}]}},"_links":{"self":[{"href":"https:\/\/carpathiacenter.ro\/en\/wp-json\/wp\/v2\/posts\/2564","targetHints":{"allow":["GET"]}}],"collection":[{"href":"https:\/\/carpathiacenter.ro\/en\/wp-json\/wp\/v2\/posts"}],"about":[{"href":"https:\/\/carpathiacenter.ro\/en\/wp-json\/wp\/v2\/types\/post"}],"author":[{"embeddable":true,"href":"https:\/\/carpathiacenter.ro\/en\/wp-json\/wp\/v2\/users\/4"}],"replies":[{"embeddable":true,"href":"https:\/\/carpathiacenter.ro\/en\/wp-json\/wp\/v2\/comments?post=2564"}],"version-history":[{"count":1,"href":"https:\/\/carpathiacenter.ro\/en\/wp-json\/wp\/v2\/posts\/2564\/revisions"}],"predecessor-version":[{"id":2566,"href":"https:\/\/carpathiacenter.ro\/en\/wp-json\/wp\/v2\/posts\/2564\/revisions\/2566"}],"wp:featuredmedia":[{"embeddable":true,"href":"https:\/\/carpathiacenter.ro\/en\/wp-json\/wp\/v2\/media\/2565"}],"wp:attachment":[{"href":"https:\/\/carpathiacenter.ro\/en\/wp-json\/wp\/v2\/media?parent=2564"}],"wp:term":[{"taxonomy":"category","embeddable":true,"href":"https:\/\/carpathiacenter.ro\/en\/wp-json\/wp\/v2\/categories?post=2564"},{"taxonomy":"post_tag","embeddable":true,"href":"https:\/\/carpathiacenter.ro\/en\/wp-json\/wp\/v2\/tags?post=2564"}],"curies":[{"name":"wp","href":"https:\/\/api.w.org\/{rel}","templated":true}]}}