{"id":2561,"date":"2025-06-19T07:16:31","date_gmt":"2025-06-19T07:16:31","guid":{"rendered":"https:\/\/carpathiacenter.ro\/?p=2561"},"modified":"2025-06-19T07:16:31","modified_gmt":"2025-06-19T07:16:31","slug":"consultari-la-cotroceni-presedintele-nicusor-dan-discuta-cu-partidele-si-formatiunile-parlamentare-pe-tema-desemnarii-premierului","status":"publish","type":"post","link":"https:\/\/carpathiacenter.ro\/en\/consultari-la-cotroceni-presedintele-nicusor-dan-discuta-cu-partidele-si-formatiunile-parlamentare-pe-tema-desemnarii-premierului\/","title":{"rendered":"Consult\u0103ri la Cotroceni\/ Pre\u0219edintele Nicu\u0219or Dan discut\u0103 cu partidele \u0219i forma\u021biunile parlamentare pe tema desemn\u0103rii premierului"},"content":{"rendered":"<p><strong>Pre\u0219edintele Nicu\u0219or Dan se consult\u0103, joi, la Palatul Cotroceni, cu partidele \u0219i forma\u021biunile politice reprezentate \u00een Parlament pentru desemnarea candidatului la func\u021bia de prim-ministru.<\/strong><\/p>\n<p>Administra\u021bia Preziden\u021bial\u0103 a informat c\u0103 \u0219eful statului a convocat aceste consult\u0103ri, \u00een temeiul prevederilor articolului 85 alineatul (1) \u0219i ale articolului 103 alineatul (1) din Constitu\u021bie.<\/p>\n<p><strong>Consult\u0103rile vor avea loc dup\u0103 urm\u0103torul program:<\/strong><\/p>\n<p>* <strong>11:00 <\/strong>&#8211; Partidul Social Democrat (PSD);<\/p>\n<p>*<strong> 11:30 <\/strong>&#8211; Alian\u021ba pentru Unirea Rom\u00e2nilor (AUR);<\/p>\n<p>* <strong>12:00 <\/strong>&#8211; Partidul Na\u021bional Liberal (PNL);<\/p>\n<p>* <strong>12:30 &#8211;<\/strong> Uniunea Salva\u021bi Rom\u00e2nia (USR);<\/p>\n<p>* <strong>13:00 &#8211;<\/strong> Partidul S.O.S. Rom\u00e2nia (SOS);<\/p>\n<p>* <strong>13:30 <\/strong>&#8211; Partidul Oamenilor Tineri (POT);<\/p>\n<p>* <strong>14:00 &#8211;<\/strong> Uniunea Democrat\u0103 Maghiar\u0103 din Rom\u00e2nia (UDMR);<\/p>\n<p>* <strong>14:30 <\/strong>&#8211; Grupul parlamentar al minorit\u0103\u021bilor na\u021bionale.<\/p>\n<p>Reprezentan\u021bii AUR au anun\u021bat, miercuri, c\u0103 nu particip\u0103 la consult\u0103rile convocate de pre\u0219edintele Nicu\u0219or Dan.<\/p>\n<p>Pe 28 mai, \u0219eful statului a avut consult\u0103ri informale cu partidele \u0219i forma\u021biunile politice parlamentare privind situa\u021bia economic\u0103 \u0219i politic\u0103 a \u021b\u0103rii. AUR \u0219i Partidul S.O.S. Rom\u00e2nia nu au participat la discu\u021bii.<\/p>\n<p>Dup\u0103 consult\u0103ri, Administra\u021bia Preziden\u021bial\u0103 a anun\u021bat c\u0103 delega\u021biile partidelor pro-europene &#8211; PSD, PNL, USR, UDMR \u0219i reprezentan\u021bii Grupului parlamentar al minorit\u0103\u021bilor na\u021bionale &#8211; au subliniat c\u0103 \u00een\u021beleg gravitatea situa\u021biei legate de deficitul bugetar \u0219i \u0219i-au exprimat angajamentul comun de a contribui la identificarea unor solu\u021bii responsabile.<\/p>\n<p>La ini\u021biativa pre\u0219edintelui, s-a convenit ca, \u00een paralel cu negocierile pentru formarea noului Guvern, s\u0103 fie elaborat un plan de m\u0103suri destinat reducerii cheltuielilor publice, care s\u0103 fie asumat \u0219i pus \u00een aplicare de viitorul Executiv. Pentru acest obiectiv, partidele pro-europene \u0219i reprezentan\u021bii minorit\u0103\u021bilor na\u021bionale au constituit un grup de lucru tehnic.<\/p>\n<p>De la acel moment au avut loc mai multe discu\u021bii \u00eentre reprezentan\u021bii partidelor pro-europene \u0219i \u0219eful statului. AGERPRES\/(AS &#8211; redactor: Florentina Peia, editor: Claudia St\u0103nescu, editor online: Alexandru Cojocaru)<br \/>\n<br \/>\nSursa articolului:<a href=\"https:\/\/agerpres.ro\/politic\/2025\/06\/19\/consultari-la-cotroceni-presedintele-nicusor-dan-discuta-cu-partidele-si-formatiunile-parlamentare-p--1460599\" target=\"_blank\" rel=\"noopener\" title=\"\">https:\/\/agerpres.ro\/politic\/2025\/06\/19\/consultari-la-cotroceni-presedintele-nicusor-dan-discuta-cu-partidele-si-formatiunile-parlamentare-p&#8211;1460599<\/a><\/p>","protected":false},"excerpt":{"rendered":"<p>Pre\u0219edintele Nicu\u0219or Dan se consult\u0103, joi, la Palatul Cotroceni, cu partidele \u0219i forma\u021biunile politice reprezentate \u00een Parlament pentru desemnarea candidatului la func\u021bia de prim-ministru. Administra\u021bia Preziden\u021bial\u0103 a informat c\u0103 \u0219eful statului a convocat aceste consult\u0103ri, \u00een temeiul prevederilor articolului 85 alineatul (1) \u0219i ale articolului 103 alineatul (1) din Constitu\u021bie. Consult\u0103rile vor avea loc dup\u0103&#8230;<\/p>","protected":false},"author":4,"featured_media":2562,"comment_status":"open","ping_status":"open","sticky":false,"template":"","format":"standard","meta":{"footnotes":""},"categories":[1],"tags":[],"class_list":["post-2561","post","type-post","status-publish","format-standard","has-post-thumbnail","hentry","category-uncategorized"],"yoast_head":"<!-- This site is optimized with the Yoast SEO plugin v26.1.1 - https:\/\/yoast.com\/wordpress\/plugins\/seo\/ -->\n<title>Consult\u0103ri la Cotroceni\/ Pre\u0219edintele Nicu\u0219or Dan discut\u0103 cu partidele \u0219i forma\u021biunile parlamentare pe tema desemn\u0103rii premierului - Carpathia Center Romania<\/title>\n<meta name=\"robots\" content=\"index, follow, max-snippet:-1, max-image-preview:large, max-video-preview:-1\" \/>\n<link rel=\"canonical\" href=\"https:\/\/carpathiacenter.ro\/en\/consultari-la-cotroceni-presedintele-nicusor-dan-discuta-cu-partidele-si-formatiunile-parlamentare-pe-tema-desemnarii-premierului\/\" \/>\n<meta property=\"og:locale\" content=\"en_GB\" \/>\n<meta property=\"og:type\" content=\"article\" \/>\n<meta property=\"og:title\" content=\"Consult\u0103ri la Cotroceni\/ Pre\u0219edintele Nicu\u0219or Dan discut\u0103 cu partidele \u0219i forma\u021biunile parlamentare pe tema desemn\u0103rii premierului - Carpathia Center Romania\" \/>\n<meta property=\"og:description\" content=\"Pre\u0219edintele Nicu\u0219or Dan se consult\u0103, joi, la Palatul Cotroceni, cu partidele \u0219i forma\u021biunile politice reprezentate \u00een Parlament pentru desemnarea candidatului la func\u021bia de prim-ministru. Administra\u021bia Preziden\u021bial\u0103 a informat c\u0103 \u0219eful statului a convocat aceste consult\u0103ri, \u00een temeiul prevederilor articolului 85 alineatul (1) \u0219i ale articolului 103 alineatul (1) din Constitu\u021bie. Consult\u0103rile vor avea loc dup\u0103...\" \/>\n<meta property=\"og:url\" content=\"https:\/\/carpathiacenter.ro\/en\/consultari-la-cotroceni-presedintele-nicusor-dan-discuta-cu-partidele-si-formatiunile-parlamentare-pe-tema-desemnarii-premierului\/\" \/>\n<meta property=\"og:site_name\" content=\"Carpathia Center Romania\" \/>\n<meta property=\"article:publisher\" content=\"https:\/\/www.facebook.com\/fdpscarpathia\/\" \/>\n<meta property=\"article:published_time\" content=\"2025-06-19T07:16:31+00:00\" \/>\n<meta property=\"og:image\" content=\"https:\/\/carpathiacenter.ro\/wp-content\/uploads\/2025\/06\/Nicusor-Dan.jpg\" \/>\n\t<meta property=\"og:image:width\" content=\"780\" \/>\n\t<meta property=\"og:image:height\" content=\"440\" \/>\n\t<meta property=\"og:image:type\" content=\"image\/jpeg\" \/>\n<meta name=\"author\" content=\"creativebitsolutions\" \/>\n<meta name=\"twitter:card\" content=\"summary_large_image\" \/>\n<meta name=\"twitter:label1\" content=\"Written by\" \/>\n\t<meta name=\"twitter:data1\" content=\"creativebitsolutions\" \/>\n\t<meta name=\"twitter:label2\" content=\"Estimated reading time\" \/>\n\t<meta name=\"twitter:data2\" content=\"2 minutes\" \/>\n<script type=\"application\/ld+json\" class=\"yoast-schema-graph\">{\"@context\":\"https:\/\/schema.org\",\"@graph\":[{\"@type\":\"Article\",\"@id\":\"https:\/\/carpathiacenter.ro\/consultari-la-cotroceni-presedintele-nicusor-dan-discuta-cu-partidele-si-formatiunile-parlamentare-pe-tema-desemnarii-premierului\/#article\",\"isPartOf\":{\"@id\":\"https:\/\/carpathiacenter.ro\/consultari-la-cotroceni-presedintele-nicusor-dan-discuta-cu-partidele-si-formatiunile-parlamentare-pe-tema-desemnarii-premierului\/\"},\"author\":{\"name\":\"creativebitsolutions\",\"@id\":\"https:\/\/carpathiacenter.ro\/#\/schema\/person\/03d9f58202fee8379268f34afa195006\"},\"headline\":\"Consult\u0103ri la Cotroceni\/ Pre\u0219edintele Nicu\u0219or Dan discut\u0103 cu partidele \u0219i forma\u021biunile parlamentare pe tema desemn\u0103rii premierului\",\"datePublished\":\"2025-06-19T07:16:31+00:00\",\"mainEntityOfPage\":{\"@id\":\"https:\/\/carpathiacenter.ro\/consultari-la-cotroceni-presedintele-nicusor-dan-discuta-cu-partidele-si-formatiunile-parlamentare-pe-tema-desemnarii-premierului\/\"},\"wordCount\":352,\"commentCount\":0,\"publisher\":{\"@id\":\"https:\/\/carpathiacenter.ro\/#organization\"},\"image\":{\"@id\":\"https:\/\/carpathiacenter.ro\/consultari-la-cotroceni-presedintele-nicusor-dan-discuta-cu-partidele-si-formatiunile-parlamentare-pe-tema-desemnarii-premierului\/#primaryimage\"},\"thumbnailUrl\":\"https:\/\/carpathiacenter.ro\/wp-content\/uploads\/2025\/06\/Nicusor-Dan.jpg\",\"articleSection\":[\"Uncategorized\"],\"inLanguage\":\"en-GB\",\"potentialAction\":[{\"@type\":\"CommentAction\",\"name\":\"Comment\",\"target\":[\"https:\/\/carpathiacenter.ro\/consultari-la-cotroceni-presedintele-nicusor-dan-discuta-cu-partidele-si-formatiunile-parlamentare-pe-tema-desemnarii-premierului\/#respond\"]}]},{\"@type\":\"WebPage\",\"@id\":\"https:\/\/carpathiacenter.ro\/consultari-la-cotroceni-presedintele-nicusor-dan-discuta-cu-partidele-si-formatiunile-parlamentare-pe-tema-desemnarii-premierului\/\",\"url\":\"https:\/\/carpathiacenter.ro\/consultari-la-cotroceni-presedintele-nicusor-dan-discuta-cu-partidele-si-formatiunile-parlamentare-pe-tema-desemnarii-premierului\/\",\"name\":\"Consult\u0103ri la Cotroceni\/ Pre\u0219edintele Nicu\u0219or Dan discut\u0103 cu partidele \u0219i forma\u021biunile parlamentare pe tema desemn\u0103rii premierului - Carpathia Center Romania\",\"isPartOf\":{\"@id\":\"https:\/\/carpathiacenter.ro\/#website\"},\"primaryImageOfPage\":{\"@id\":\"https:\/\/carpathiacenter.ro\/consultari-la-cotroceni-presedintele-nicusor-dan-discuta-cu-partidele-si-formatiunile-parlamentare-pe-tema-desemnarii-premierului\/#primaryimage\"},\"image\":{\"@id\":\"https:\/\/carpathiacenter.ro\/consultari-la-cotroceni-presedintele-nicusor-dan-discuta-cu-partidele-si-formatiunile-parlamentare-pe-tema-desemnarii-premierului\/#primaryimage\"},\"thumbnailUrl\":\"https:\/\/carpathiacenter.ro\/wp-content\/uploads\/2025\/06\/Nicusor-Dan.jpg\",\"datePublished\":\"2025-06-19T07:16:31+00:00\",\"breadcrumb\":{\"@id\":\"https:\/\/carpathiacenter.ro\/consultari-la-cotroceni-presedintele-nicusor-dan-discuta-cu-partidele-si-formatiunile-parlamentare-pe-tema-desemnarii-premierului\/#breadcrumb\"},\"inLanguage\":\"en-GB\",\"potentialAction\":[{\"@type\":\"ReadAction\",\"target\":[\"https:\/\/carpathiacenter.ro\/consultari-la-cotroceni-presedintele-nicusor-dan-discuta-cu-partidele-si-formatiunile-parlamentare-pe-tema-desemnarii-premierului\/\"]}]},{\"@type\":\"ImageObject\",\"inLanguage\":\"en-GB\",\"@id\":\"https:\/\/carpathiacenter.ro\/consultari-la-cotroceni-presedintele-nicusor-dan-discuta-cu-partidele-si-formatiunile-parlamentare-pe-tema-desemnarii-premierului\/#primaryimage\",\"url\":\"https:\/\/carpathiacenter.ro\/wp-content\/uploads\/2025\/06\/Nicusor-Dan.jpg\",\"contentUrl\":\"https:\/\/carpathiacenter.ro\/wp-content\/uploads\/2025\/06\/Nicusor-Dan.jpg\",\"width\":780,\"height\":440},{\"@type\":\"BreadcrumbList\",\"@id\":\"https:\/\/carpathiacenter.ro\/consultari-la-cotroceni-presedintele-nicusor-dan-discuta-cu-partidele-si-formatiunile-parlamentare-pe-tema-desemnarii-premierului\/#breadcrumb\",\"itemListElement\":[{\"@type\":\"ListItem\",\"position\":1,\"name\":\"Prima pagin\u0103\",\"item\":\"https:\/\/carpathiacenter.ro\/\"},{\"@type\":\"ListItem\",\"position\":2,\"name\":\"Consult\u0103ri la Cotroceni\/ Pre\u0219edintele Nicu\u0219or Dan discut\u0103 cu partidele \u0219i forma\u021biunile parlamentare pe tema desemn\u0103rii premierului\"}]},{\"@type\":\"WebSite\",\"@id\":\"https:\/\/carpathiacenter.ro\/#website\",\"url\":\"https:\/\/carpathiacenter.ro\/\",\"name\":\"Carpathia Center Romania\",\"description\":\"Impossible made possible!\",\"publisher\":{\"@id\":\"https:\/\/carpathiacenter.ro\/#organization\"},\"potentialAction\":[{\"@type\":\"SearchAction\",\"target\":{\"@type\":\"EntryPoint\",\"urlTemplate\":\"https:\/\/carpathiacenter.ro\/?s={search_term_string}\"},\"query-input\":{\"@type\":\"PropertyValueSpecification\",\"valueRequired\":true,\"valueName\":\"search_term_string\"}}],\"inLanguage\":\"en-GB\"},{\"@type\":\"Organization\",\"@id\":\"https:\/\/carpathiacenter.ro\/#organization\",\"name\":\"Carpathia Center Romania\",\"url\":\"https:\/\/carpathiacenter.ro\/\",\"logo\":{\"@type\":\"ImageObject\",\"inLanguage\":\"en-GB\",\"@id\":\"https:\/\/carpathiacenter.ro\/#\/schema\/logo\/image\/\",\"url\":\"https:\/\/carpathiacenter.ro\/wp-content\/uploads\/2024\/07\/logo-carpathia_bg_white-1024x941.png\",\"contentUrl\":\"https:\/\/carpathiacenter.ro\/wp-content\/uploads\/2024\/07\/logo-carpathia_bg_white-1024x941.png\",\"width\":1024,\"height\":941,\"caption\":\"Carpathia Center Romania\"},\"image\":{\"@id\":\"https:\/\/carpathiacenter.ro\/#\/schema\/logo\/image\/\"},\"sameAs\":[\"https:\/\/www.facebook.com\/fdpscarpathia\/\"]},{\"@type\":\"Person\",\"@id\":\"https:\/\/carpathiacenter.ro\/#\/schema\/person\/03d9f58202fee8379268f34afa195006\",\"name\":\"creativebitsolutions\",\"image\":{\"@type\":\"ImageObject\",\"inLanguage\":\"en-GB\",\"@id\":\"https:\/\/carpathiacenter.ro\/#\/schema\/person\/image\/\",\"url\":\"https:\/\/secure.gravatar.com\/avatar\/1b1a13e37f847c635dab78348f1dff2f07651ee2a3d77a5c355a4b8c75f9165a?s=96&d=mm&r=g\",\"contentUrl\":\"https:\/\/secure.gravatar.com\/avatar\/1b1a13e37f847c635dab78348f1dff2f07651ee2a3d77a5c355a4b8c75f9165a?s=96&d=mm&r=g\",\"caption\":\"creativebitsolutions\"},\"url\":\"https:\/\/carpathiacenter.ro\/en\/author\/creativebitsolutions\/\"}]}<\/script>\n<!-- \/ Yoast SEO plugin. -->","yoast_head_json":{"title":"Consult\u0103ri la Cotroceni\/ Pre\u0219edintele Nicu\u0219or Dan discut\u0103 cu partidele \u0219i forma\u021biunile parlamentare pe tema desemn\u0103rii premierului - Carpathia Center Romania","robots":{"index":"index","follow":"follow","max-snippet":"max-snippet:-1","max-image-preview":"max-image-preview:large","max-video-preview":"max-video-preview:-1"},"canonical":"https:\/\/carpathiacenter.ro\/en\/consultari-la-cotroceni-presedintele-nicusor-dan-discuta-cu-partidele-si-formatiunile-parlamentare-pe-tema-desemnarii-premierului\/","og_locale":"en_GB","og_type":"article","og_title":"Consult\u0103ri la Cotroceni\/ Pre\u0219edintele Nicu\u0219or Dan discut\u0103 cu partidele \u0219i forma\u021biunile parlamentare pe tema desemn\u0103rii premierului - Carpathia Center Romania","og_description":"Pre\u0219edintele Nicu\u0219or Dan se consult\u0103, joi, la Palatul Cotroceni, cu partidele \u0219i forma\u021biunile politice reprezentate \u00een Parlament pentru desemnarea candidatului la func\u021bia de prim-ministru. Administra\u021bia Preziden\u021bial\u0103 a informat c\u0103 \u0219eful statului a convocat aceste consult\u0103ri, \u00een temeiul prevederilor articolului 85 alineatul (1) \u0219i ale articolului 103 alineatul (1) din Constitu\u021bie. Consult\u0103rile vor avea loc dup\u0103...","og_url":"https:\/\/carpathiacenter.ro\/en\/consultari-la-cotroceni-presedintele-nicusor-dan-discuta-cu-partidele-si-formatiunile-parlamentare-pe-tema-desemnarii-premierului\/","og_site_name":"Carpathia Center Romania","article_publisher":"https:\/\/www.facebook.com\/fdpscarpathia\/","article_published_time":"2025-06-19T07:16:31+00:00","og_image":[{"width":780,"height":440,"url":"https:\/\/carpathiacenter.ro\/wp-content\/uploads\/2025\/06\/Nicusor-Dan.jpg","type":"image\/jpeg"}],"author":"creativebitsolutions","twitter_card":"summary_large_image","twitter_misc":{"Written by":"creativebitsolutions","Estimated reading time":"2 minutes"},"schema":{"@context":"https:\/\/schema.org","@graph":[{"@type":"Article","@id":"https:\/\/carpathiacenter.ro\/consultari-la-cotroceni-presedintele-nicusor-dan-discuta-cu-partidele-si-formatiunile-parlamentare-pe-tema-desemnarii-premierului\/#article","isPartOf":{"@id":"https:\/\/carpathiacenter.ro\/consultari-la-cotroceni-presedintele-nicusor-dan-discuta-cu-partidele-si-formatiunile-parlamentare-pe-tema-desemnarii-premierului\/"},"author":{"name":"creativebitsolutions","@id":"https:\/\/carpathiacenter.ro\/#\/schema\/person\/03d9f58202fee8379268f34afa195006"},"headline":"Consult\u0103ri la Cotroceni\/ Pre\u0219edintele Nicu\u0219or Dan discut\u0103 cu partidele \u0219i forma\u021biunile parlamentare pe tema desemn\u0103rii premierului","datePublished":"2025-06-19T07:16:31+00:00","mainEntityOfPage":{"@id":"https:\/\/carpathiacenter.ro\/consultari-la-cotroceni-presedintele-nicusor-dan-discuta-cu-partidele-si-formatiunile-parlamentare-pe-tema-desemnarii-premierului\/"},"wordCount":352,"commentCount":0,"publisher":{"@id":"https:\/\/carpathiacenter.ro\/#organization"},"image":{"@id":"https:\/\/carpathiacenter.ro\/consultari-la-cotroceni-presedintele-nicusor-dan-discuta-cu-partidele-si-formatiunile-parlamentare-pe-tema-desemnarii-premierului\/#primaryimage"},"thumbnailUrl":"https:\/\/carpathiacenter.ro\/wp-content\/uploads\/2025\/06\/Nicusor-Dan.jpg","articleSection":["Uncategorized"],"inLanguage":"en-GB","potentialAction":[{"@type":"CommentAction","name":"Comment","target":["https:\/\/carpathiacenter.ro\/consultari-la-cotroceni-presedintele-nicusor-dan-discuta-cu-partidele-si-formatiunile-parlamentare-pe-tema-desemnarii-premierului\/#respond"]}]},{"@type":"WebPage","@id":"https:\/\/carpathiacenter.ro\/consultari-la-cotroceni-presedintele-nicusor-dan-discuta-cu-partidele-si-formatiunile-parlamentare-pe-tema-desemnarii-premierului\/","url":"https:\/\/carpathiacenter.ro\/consultari-la-cotroceni-presedintele-nicusor-dan-discuta-cu-partidele-si-formatiunile-parlamentare-pe-tema-desemnarii-premierului\/","name":"Consult\u0103ri la Cotroceni\/ Pre\u0219edintele Nicu\u0219or Dan discut\u0103 cu partidele \u0219i forma\u021biunile parlamentare pe tema desemn\u0103rii premierului - Carpathia Center Romania","isPartOf":{"@id":"https:\/\/carpathiacenter.ro\/#website"},"primaryImageOfPage":{"@id":"https:\/\/carpathiacenter.ro\/consultari-la-cotroceni-presedintele-nicusor-dan-discuta-cu-partidele-si-formatiunile-parlamentare-pe-tema-desemnarii-premierului\/#primaryimage"},"image":{"@id":"https:\/\/carpathiacenter.ro\/consultari-la-cotroceni-presedintele-nicusor-dan-discuta-cu-partidele-si-formatiunile-parlamentare-pe-tema-desemnarii-premierului\/#primaryimage"},"thumbnailUrl":"https:\/\/carpathiacenter.ro\/wp-content\/uploads\/2025\/06\/Nicusor-Dan.jpg","datePublished":"2025-06-19T07:16:31+00:00","breadcrumb":{"@id":"https:\/\/carpathiacenter.ro\/consultari-la-cotroceni-presedintele-nicusor-dan-discuta-cu-partidele-si-formatiunile-parlamentare-pe-tema-desemnarii-premierului\/#breadcrumb"},"inLanguage":"en-GB","potentialAction":[{"@type":"ReadAction","target":["https:\/\/carpathiacenter.ro\/consultari-la-cotroceni-presedintele-nicusor-dan-discuta-cu-partidele-si-formatiunile-parlamentare-pe-tema-desemnarii-premierului\/"]}]},{"@type":"ImageObject","inLanguage":"en-GB","@id":"https:\/\/carpathiacenter.ro\/consultari-la-cotroceni-presedintele-nicusor-dan-discuta-cu-partidele-si-formatiunile-parlamentare-pe-tema-desemnarii-premierului\/#primaryimage","url":"https:\/\/carpathiacenter.ro\/wp-content\/uploads\/2025\/06\/Nicusor-Dan.jpg","contentUrl":"https:\/\/carpathiacenter.ro\/wp-content\/uploads\/2025\/06\/Nicusor-Dan.jpg","width":780,"height":440},{"@type":"BreadcrumbList","@id":"https:\/\/carpathiacenter.ro\/consultari-la-cotroceni-presedintele-nicusor-dan-discuta-cu-partidele-si-formatiunile-parlamentare-pe-tema-desemnarii-premierului\/#breadcrumb","itemListElement":[{"@type":"ListItem","position":1,"name":"Prima pagin\u0103","item":"https:\/\/carpathiacenter.ro\/"},{"@type":"ListItem","position":2,"name":"Consult\u0103ri la Cotroceni\/ Pre\u0219edintele Nicu\u0219or Dan discut\u0103 cu partidele \u0219i forma\u021biunile parlamentare pe tema desemn\u0103rii premierului"}]},{"@type":"WebSite","@id":"https:\/\/carpathiacenter.ro\/#website","url":"https:\/\/carpathiacenter.ro\/","name":"Carpathia Center Romania","description":"Impossible made possible!","publisher":{"@id":"https:\/\/carpathiacenter.ro\/#organization"},"potentialAction":[{"@type":"SearchAction","target":{"@type":"EntryPoint","urlTemplate":"https:\/\/carpathiacenter.ro\/?s={search_term_string}"},"query-input":{"@type":"PropertyValueSpecification","valueRequired":true,"valueName":"search_term_string"}}],"inLanguage":"en-GB"},{"@type":"Organization","@id":"https:\/\/carpathiacenter.ro\/#organization","name":"Carpathia Center Romania","url":"https:\/\/carpathiacenter.ro\/","logo":{"@type":"ImageObject","inLanguage":"en-GB","@id":"https:\/\/carpathiacenter.ro\/#\/schema\/logo\/image\/","url":"https:\/\/carpathiacenter.ro\/wp-content\/uploads\/2024\/07\/logo-carpathia_bg_white-1024x941.png","contentUrl":"https:\/\/carpathiacenter.ro\/wp-content\/uploads\/2024\/07\/logo-carpathia_bg_white-1024x941.png","width":1024,"height":941,"caption":"Carpathia Center Romania"},"image":{"@id":"https:\/\/carpathiacenter.ro\/#\/schema\/logo\/image\/"},"sameAs":["https:\/\/www.facebook.com\/fdpscarpathia\/"]},{"@type":"Person","@id":"https:\/\/carpathiacenter.ro\/#\/schema\/person\/03d9f58202fee8379268f34afa195006","name":"creativebitsolutions","image":{"@type":"ImageObject","inLanguage":"en-GB","@id":"https:\/\/carpathiacenter.ro\/#\/schema\/person\/image\/","url":"https:\/\/secure.gravatar.com\/avatar\/1b1a13e37f847c635dab78348f1dff2f07651ee2a3d77a5c355a4b8c75f9165a?s=96&d=mm&r=g","contentUrl":"https:\/\/secure.gravatar.com\/avatar\/1b1a13e37f847c635dab78348f1dff2f07651ee2a3d77a5c355a4b8c75f9165a?s=96&d=mm&r=g","caption":"creativebitsolutions"},"url":"https:\/\/carpathiacenter.ro\/en\/author\/creativebitsolutions\/"}]}},"_links":{"self":[{"href":"https:\/\/carpathiacenter.ro\/en\/wp-json\/wp\/v2\/posts\/2561","targetHints":{"allow":["GET"]}}],"collection":[{"href":"https:\/\/carpathiacenter.ro\/en\/wp-json\/wp\/v2\/posts"}],"about":[{"href":"https:\/\/carpathiacenter.ro\/en\/wp-json\/wp\/v2\/types\/post"}],"author":[{"embeddable":true,"href":"https:\/\/carpathiacenter.ro\/en\/wp-json\/wp\/v2\/users\/4"}],"replies":[{"embeddable":true,"href":"https:\/\/carpathiacenter.ro\/en\/wp-json\/wp\/v2\/comments?post=2561"}],"version-history":[{"count":1,"href":"https:\/\/carpathiacenter.ro\/en\/wp-json\/wp\/v2\/posts\/2561\/revisions"}],"predecessor-version":[{"id":2563,"href":"https:\/\/carpathiacenter.ro\/en\/wp-json\/wp\/v2\/posts\/2561\/revisions\/2563"}],"wp:featuredmedia":[{"embeddable":true,"href":"https:\/\/carpathiacenter.ro\/en\/wp-json\/wp\/v2\/media\/2562"}],"wp:attachment":[{"href":"https:\/\/carpathiacenter.ro\/en\/wp-json\/wp\/v2\/media?parent=2561"}],"wp:term":[{"taxonomy":"category","embeddable":true,"href":"https:\/\/carpathiacenter.ro\/en\/wp-json\/wp\/v2\/categories?post=2561"},{"taxonomy":"post_tag","embeddable":true,"href":"https:\/\/carpathiacenter.ro\/en\/wp-json\/wp\/v2\/tags?post=2561"}],"curies":[{"name":"wp","href":"https:\/\/api.w.org\/{rel}","templated":true}]}}