{"id":2550,"date":"2025-06-18T11:14:13","date_gmt":"2025-06-18T11:14:13","guid":{"rendered":"https:\/\/carpathiacenter.ro\/?p=2550"},"modified":"2025-06-18T11:14:13","modified_gmt":"2025-06-18T11:14:13","slug":"luminita-popescu-anes-nu-e-suficient-sa-ne-indignam-vom-actiona-pentru-a-proteja-fetele-si-femeile-de-violenta","status":"publish","type":"post","link":"https:\/\/carpathiacenter.ro\/en\/luminita-popescu-anes-nu-e-suficient-sa-ne-indignam-vom-actiona-pentru-a-proteja-fetele-si-femeile-de-violenta\/","title":{"rendered":"Lumini\u021ba Popescu (ANES): Nu e suficient s\u0103 ne indign\u0103m; vom ac\u021biona pentru a proteja fetele \u0219i femeile de violen\u021b\u0103"},"content":{"rendered":"<p>Secretarul de stat \u00een Agen\u021bia Na\u021bional\u0103 pentru Egalitate de \u0218anse pentru Femei \u0219i B\u0103rba\u021bi Lumini\u021ba Popescu a subliniat, mar\u021bi, c\u0103 este nevoie de legi mai bune \u00een ceea ce prive\u0219te violen\u021ba domestic\u0103, de mai mult\u0103 protec\u021bie pentru fete \u0219i femei.<\/p>\n<p>&#8221;Nu e suficient s\u0103 ne indign\u0103m! Vom ac\u021biona pentru a proteja fetele \u0219i femeile de violen\u021b\u0103!&#8221;, <a href=\"https:\/\/www.facebook.com\/LuminitaPopescuPNL\/posts\/pfbid0jKrq5CQg5YLppKHvoY4GKVcSchDHoBZHRTApffD69NpFUwuKdi9eVZmpnC1YkSv2l\" target=\"_blank\">a scris<\/a> Popescu, pe Facebook.<\/p>\n<p>Potrivit acesteia, la doar dou\u0103 s\u0103pt\u0103m\u00e2ni de la tragedia dintr-un cartier reziden\u021bial de l\u00e2ng\u0103 Bucure\u0219ti, o alt\u0103 via\u021b\u0103 a fost fr\u00e2nt\u0103, cu brutalitate. O t\u00e2n\u0103r\u0103 de 22 de ani, care era \u00eens\u0103rcinat\u0103, a murit, dup\u0103 ce a fost lovit\u0103, \u00een cap, cu un topor, sub privirile mamei \u0219i celor doi copii, de c\u0103tre concubin, pentru c\u0103 &#8216;a \u00eendr\u0103znit&#8217; s\u0103 se elibereze dintr-o rela\u021bie abuziv\u0103.<\/p>\n<p>S\u0103pt\u0103m\u00e2na trecut\u0103, a completat secretarul de stat, o femeie a fost agresat\u0103 de so\u021b, \u00eentr-un loc de joac\u0103 din Bra\u0219ov, \u00een timp ce copilul lor pl\u00e2ngea \u00een leag\u0103n. La Deva, un b\u0103rbat a b\u0103tut-o pe strad\u0103 pe fiica sa, de 17 ani. \u00cen Chiajna, \u00een plin\u0103 zi, pe strad\u0103, o femeie a fost supus\u0103 agresiunilor fizice, \u00eenjurat\u0103 \u0219i smucit\u0103, de fa\u021b\u0103 cu copilul. Luni, o alt\u0103 \u0219tire \u0219ocant\u0103: doi fra\u021bi din Arad, de 13 \u0219i 15 ani, au fost tortura\u021bi, \u00eenfometa\u021bi \u0219i exploata\u021bi de c\u0103tre p\u0103rin\u021bi, a exemplificat Lumini\u021ba Popescu.<\/p>\n<p>&#8221;Aceast\u0103 succesiune de fapte tragice nu mai poate fi privit\u0103 ca o \u00eent\u00e2mplare. Nu sunt cazuri izolate. Sunt ecouri ale unei societ\u0103\u021bi \u00een care violen\u021ba domestic\u0103, fie c\u0103 vorbim despre violen\u021ba fizic\u0103, psihologic\u0103, verbal\u0103, este normalizat\u0103, at\u00e2t \u00een intimitatea familiilor, c\u00e2t \u0219i \u00een spa\u021biile publice \u0219i, mai grav, \u00een con\u0219tiin\u021ba colectiv\u0103, ca un soi de obi\u0219nuin\u021b\u0103 periculoas\u0103. Ca secretar de stat al Agen\u021biei Na\u021bionale pentru Egalitatea de \u0218anse \u00eentre Femei \u0219i B\u0103rba\u021bi (ANES) nu pot privi aceste cazuri ca pe simple \u0219tiri tragice. Sunt semnale clare c\u0103 mecanismele actuale de protec\u021bie trebuie consolidate! Nu este suficient s\u0103 avem legi! Nu este suficient s\u0103 emitem ordine de protec\u021bie! Nu este suficient s\u0103 &#8216;ne indign\u0103m&#8217; dup\u0103 ce tragediile au avut loc! Avem nevoie de legi mai bune! Avem nevoie de o implementare mai eficient\u0103 a legilor! Avem nevoie de mai mult\u0103 protec\u021bie pentru fete \u0219i femei!&#8221;, a transmis Popescu.<\/p>\n<p>\u00cen acest sens, pe l\u00e2ng\u0103 aspectele complexe care au fost discutate \u0219i propuse spre reglementare \u00een cadrul Grupului de lucru pentru modificarea \u0219i completarea Legii nr. 217\/2003 pentru prevenirea \u0219i combaterea violen\u021bei domestice, coordonat de ANES &#8211; proiect de lege, aflat \u00een etapa de finalizare, este necesar\u0103 \u00eembun\u0103t\u0103\u021birea interven\u021biei la nivelul sistemului judiciar, a eviden\u021biat ea.<\/p>\n<p>Secretarul de stat \u00een ANES a precizat c\u0103, \u00een contextul grav al violen\u021bei domestice persistente \u0219i al formelor extreme de manifestare a acesteia, a propus \u0219i va sus\u021bine o serie de modific\u0103ri legislative pe care le consider\u0103 esen\u021biale \u0219i care sunt menite s\u0103 \u00eembun\u0103t\u0103\u021beasc\u0103 preven\u021bia violen\u021bei domestice \u0219i de gen \u0219i s\u0103 asigure protec\u021bia victimelor \u0219i anume:<\/p>\n<p>* extinderea competen\u021belor Tribunalelor specializate \u00een domeniul violen\u021bei domestice;<\/p>\n<p>* incriminarea violen\u021bei domestice ca infrac\u021biune distinct\u0103 \u00een Codul penal;<\/p>\n<p>* continuarea ac\u021biunii penale, chiar \u0219i \u00een cazul retragerii pl\u00e2ngerii prealabile;<\/p>\n<p>* armonizarea reglement\u0103rilor privind calitatea de &#8216;membru de familie&#8217; din Codul penal, cu prevederile Legii nr. 217\/2003 pentru prevenirea \u0219i combaterea violen\u021bei domestice;<\/p>\n<p>* punerea \u00een mi\u0219care a ac\u021biunii penale din oficiu \u0219i nu condi\u021bionat\u0103 de pl\u00e2ngerea prealabil\u0103 a persoanei v\u0103t\u0103mate;<\/p>\n<p>* diminuarea num\u0103rului de zile de \u00eengrijiri medicale necesare pentru atragerea r\u0103spunderii penale, de la 90 de zile, la 30 de zile.<\/p>\n<p>\u00cen acela\u0219i timp, ANES va continua s\u0103 se implice \u00een:<\/p>\n<p>* campanii na\u021bionale de informare \u0219i con\u0219tientizare privind formele de violen\u021b\u0103 \u00eempotriva femeilor, inclusiv semnele timpurii ale abuzului, mecanismele de protec\u021bie existente \u0219i modalit\u0103\u021bile de interven\u021bie;<\/p>\n<p>* campanii dedicate inform\u0103rii cu privire la sistemul de monitorizare a agresorilor cu br\u0103\u021b\u0103ri electronice, ca m\u0103sur\u0103 esen\u021bial\u0103 pentru prevenirea recidivei \u0219i protejarea efectiv\u0103 a victimelor;<\/p>\n<p>* formarea continu\u0103 \u0219i specializat\u0103 a tuturor categoriilor de profesioni\u0219ti care interac\u021bioneaz\u0103 cu victimele violen\u021bei domestice &#8211; poli\u021bi\u0219ti, magistra\u021bi, asisten\u021bi sociali, cadre medicale sau personal din sistemul educa\u021bional &#8211; pentru a consolida un r\u0103spuns unitar, empatic \u0219i eficient al statului.<\/p>\n<p>&#8221;Ne baz\u0103m pe sprijinul, competen\u021ba \u0219i solidaritatea alia\u021bilor no\u0219tri, pentru a transforma aceste propuneri \u00een pa\u0219i concre\u021bi c\u0103tre o societate \u00een care dreptul la via\u021b\u0103, siguran\u021b\u0103 \u0219i demnitate s\u0103 fie garantat fiec\u0103rei persoane. \u00cemi reafirm angajamentul de a contribui activ la reformarea legisla\u021biei na\u021bionale \u0219i la consolidarea cadrului de protec\u021bie a femeilor victime ale violen\u021bei domestice \u0219i de gen! Aceste m\u0103suri legislative sunt indispensabile pentru a construi un sistem de justi\u021bie care protejeaz\u0103, cu adev\u0103rat, victimele \u0219i descurajeaz\u0103 ferm agresorii&#8221;, a mai ar\u0103tat Lumini\u021ba Popescu. AGERPRES\/(AS &#8211; redactor: Georgiana T\u0103n\u0103sescu, editor: Claudia St\u0103nescu, editor online: Andreea L\u00e3z\u00e3roiu)<br \/>\n<br \/>\nSursa articolului:<a href=\"https:\/\/agerpres.ro\/social\/2025\/06\/17\/luminita-popescu-anes-nu-e-suficient-sa-ne-indignam-vom-actiona-pentru-a-proteja-fetele-si-femeile-d--1460190\" target=\"_blank\" rel=\"noopener\" title=\"\">https:\/\/agerpres.ro\/social\/2025\/06\/17\/luminita-popescu-anes-nu-e-suficient-sa-ne-indignam-vom-actiona-pentru-a-proteja-fetele-si-femeile-d&#8211;1460190<\/a><\/p>","protected":false},"excerpt":{"rendered":"<p>Secretarul de stat \u00een Agen\u021bia Na\u021bional\u0103 pentru Egalitate de \u0218anse pentru Femei \u0219i B\u0103rba\u021bi Lumini\u021ba Popescu a subliniat, mar\u021bi, c\u0103 este nevoie de legi mai bune \u00een ceea ce prive\u0219te violen\u021ba domestic\u0103, de mai mult\u0103 protec\u021bie pentru fete \u0219i femei. &#8221;Nu e suficient s\u0103 ne indign\u0103m! Vom ac\u021biona pentru a proteja fetele \u0219i femeile de&#8230;<\/p>","protected":false},"author":4,"featured_media":2551,"comment_status":"open","ping_status":"open","sticky":false,"template":"","format":"standard","meta":{"footnotes":""},"categories":[1],"tags":[],"class_list":["post-2550","post","type-post","status-publish","format-standard","has-post-thumbnail","hentry","category-uncategorized"],"yoast_head":"<!-- This site is optimized with the Yoast SEO plugin v26.1.1 - https:\/\/yoast.com\/wordpress\/plugins\/seo\/ -->\n<title>Lumini\u021ba Popescu (ANES): Nu e suficient s\u0103 ne indign\u0103m; vom ac\u021biona pentru a proteja fetele \u0219i femeile de violen\u021b\u0103 - Carpathia Center Romania<\/title>\n<meta name=\"robots\" content=\"index, follow, max-snippet:-1, max-image-preview:large, max-video-preview:-1\" \/>\n<link rel=\"canonical\" href=\"https:\/\/carpathiacenter.ro\/en\/luminita-popescu-anes-nu-e-suficient-sa-ne-indignam-vom-actiona-pentru-a-proteja-fetele-si-femeile-de-violenta\/\" \/>\n<meta property=\"og:locale\" content=\"en_GB\" \/>\n<meta property=\"og:type\" content=\"article\" \/>\n<meta property=\"og:title\" content=\"Lumini\u021ba Popescu (ANES): Nu e suficient s\u0103 ne indign\u0103m; vom ac\u021biona pentru a proteja fetele \u0219i femeile de violen\u021b\u0103 - Carpathia Center Romania\" \/>\n<meta property=\"og:description\" content=\"Secretarul de stat \u00een Agen\u021bia Na\u021bional\u0103 pentru Egalitate de \u0218anse pentru Femei \u0219i B\u0103rba\u021bi Lumini\u021ba Popescu a subliniat, mar\u021bi, c\u0103 este nevoie de legi mai bune \u00een ceea ce prive\u0219te violen\u021ba domestic\u0103, de mai mult\u0103 protec\u021bie pentru fete \u0219i femei. &#8221;Nu e suficient s\u0103 ne indign\u0103m! Vom ac\u021biona pentru a proteja fetele \u0219i femeile de...\" \/>\n<meta property=\"og:url\" content=\"https:\/\/carpathiacenter.ro\/en\/luminita-popescu-anes-nu-e-suficient-sa-ne-indignam-vom-actiona-pentru-a-proteja-fetele-si-femeile-de-violenta\/\" \/>\n<meta property=\"og:site_name\" content=\"Carpathia Center Romania\" \/>\n<meta property=\"article:publisher\" content=\"https:\/\/www.facebook.com\/fdpscarpathia\/\" \/>\n<meta property=\"article:published_time\" content=\"2025-06-18T11:14:13+00:00\" \/>\n<meta property=\"og:image\" content=\"https:\/\/carpathiacenter.ro\/wp-content\/uploads\/2025\/06\/Luminita-Popescu.jpeg\" \/>\n\t<meta property=\"og:image:width\" content=\"585\" \/>\n\t<meta property=\"og:image:height\" content=\"585\" \/>\n\t<meta property=\"og:image:type\" content=\"image\/jpeg\" \/>\n<meta name=\"author\" content=\"creativebitsolutions\" \/>\n<meta name=\"twitter:card\" content=\"summary_large_image\" \/>\n<meta name=\"twitter:label1\" content=\"Written by\" \/>\n\t<meta name=\"twitter:data1\" content=\"creativebitsolutions\" \/>\n\t<meta name=\"twitter:label2\" content=\"Estimated reading time\" \/>\n\t<meta name=\"twitter:data2\" content=\"4 minutes\" \/>\n<script type=\"application\/ld+json\" class=\"yoast-schema-graph\">{\"@context\":\"https:\/\/schema.org\",\"@graph\":[{\"@type\":\"Article\",\"@id\":\"https:\/\/carpathiacenter.ro\/luminita-popescu-anes-nu-e-suficient-sa-ne-indignam-vom-actiona-pentru-a-proteja-fetele-si-femeile-de-violenta\/#article\",\"isPartOf\":{\"@id\":\"https:\/\/carpathiacenter.ro\/luminita-popescu-anes-nu-e-suficient-sa-ne-indignam-vom-actiona-pentru-a-proteja-fetele-si-femeile-de-violenta\/\"},\"author\":{\"name\":\"creativebitsolutions\",\"@id\":\"https:\/\/carpathiacenter.ro\/#\/schema\/person\/03d9f58202fee8379268f34afa195006\"},\"headline\":\"Lumini\u021ba Popescu (ANES): Nu e suficient s\u0103 ne indign\u0103m; vom ac\u021biona pentru a proteja fetele \u0219i femeile de violen\u021b\u0103\",\"datePublished\":\"2025-06-18T11:14:13+00:00\",\"mainEntityOfPage\":{\"@id\":\"https:\/\/carpathiacenter.ro\/luminita-popescu-anes-nu-e-suficient-sa-ne-indignam-vom-actiona-pentru-a-proteja-fetele-si-femeile-de-violenta\/\"},\"wordCount\":910,\"commentCount\":0,\"publisher\":{\"@id\":\"https:\/\/carpathiacenter.ro\/#organization\"},\"image\":{\"@id\":\"https:\/\/carpathiacenter.ro\/luminita-popescu-anes-nu-e-suficient-sa-ne-indignam-vom-actiona-pentru-a-proteja-fetele-si-femeile-de-violenta\/#primaryimage\"},\"thumbnailUrl\":\"https:\/\/carpathiacenter.ro\/wp-content\/uploads\/2025\/06\/Luminita-Popescu.jpeg\",\"articleSection\":[\"Uncategorized\"],\"inLanguage\":\"en-GB\",\"potentialAction\":[{\"@type\":\"CommentAction\",\"name\":\"Comment\",\"target\":[\"https:\/\/carpathiacenter.ro\/luminita-popescu-anes-nu-e-suficient-sa-ne-indignam-vom-actiona-pentru-a-proteja-fetele-si-femeile-de-violenta\/#respond\"]}]},{\"@type\":\"WebPage\",\"@id\":\"https:\/\/carpathiacenter.ro\/luminita-popescu-anes-nu-e-suficient-sa-ne-indignam-vom-actiona-pentru-a-proteja-fetele-si-femeile-de-violenta\/\",\"url\":\"https:\/\/carpathiacenter.ro\/luminita-popescu-anes-nu-e-suficient-sa-ne-indignam-vom-actiona-pentru-a-proteja-fetele-si-femeile-de-violenta\/\",\"name\":\"Lumini\u021ba Popescu (ANES): Nu e suficient s\u0103 ne indign\u0103m; vom ac\u021biona pentru a proteja fetele \u0219i femeile de violen\u021b\u0103 - Carpathia Center Romania\",\"isPartOf\":{\"@id\":\"https:\/\/carpathiacenter.ro\/#website\"},\"primaryImageOfPage\":{\"@id\":\"https:\/\/carpathiacenter.ro\/luminita-popescu-anes-nu-e-suficient-sa-ne-indignam-vom-actiona-pentru-a-proteja-fetele-si-femeile-de-violenta\/#primaryimage\"},\"image\":{\"@id\":\"https:\/\/carpathiacenter.ro\/luminita-popescu-anes-nu-e-suficient-sa-ne-indignam-vom-actiona-pentru-a-proteja-fetele-si-femeile-de-violenta\/#primaryimage\"},\"thumbnailUrl\":\"https:\/\/carpathiacenter.ro\/wp-content\/uploads\/2025\/06\/Luminita-Popescu.jpeg\",\"datePublished\":\"2025-06-18T11:14:13+00:00\",\"breadcrumb\":{\"@id\":\"https:\/\/carpathiacenter.ro\/luminita-popescu-anes-nu-e-suficient-sa-ne-indignam-vom-actiona-pentru-a-proteja-fetele-si-femeile-de-violenta\/#breadcrumb\"},\"inLanguage\":\"en-GB\",\"potentialAction\":[{\"@type\":\"ReadAction\",\"target\":[\"https:\/\/carpathiacenter.ro\/luminita-popescu-anes-nu-e-suficient-sa-ne-indignam-vom-actiona-pentru-a-proteja-fetele-si-femeile-de-violenta\/\"]}]},{\"@type\":\"ImageObject\",\"inLanguage\":\"en-GB\",\"@id\":\"https:\/\/carpathiacenter.ro\/luminita-popescu-anes-nu-e-suficient-sa-ne-indignam-vom-actiona-pentru-a-proteja-fetele-si-femeile-de-violenta\/#primaryimage\",\"url\":\"https:\/\/carpathiacenter.ro\/wp-content\/uploads\/2025\/06\/Luminita-Popescu.jpeg\",\"contentUrl\":\"https:\/\/carpathiacenter.ro\/wp-content\/uploads\/2025\/06\/Luminita-Popescu.jpeg\",\"width\":585,\"height\":585},{\"@type\":\"BreadcrumbList\",\"@id\":\"https:\/\/carpathiacenter.ro\/luminita-popescu-anes-nu-e-suficient-sa-ne-indignam-vom-actiona-pentru-a-proteja-fetele-si-femeile-de-violenta\/#breadcrumb\",\"itemListElement\":[{\"@type\":\"ListItem\",\"position\":1,\"name\":\"Prima pagin\u0103\",\"item\":\"https:\/\/carpathiacenter.ro\/\"},{\"@type\":\"ListItem\",\"position\":2,\"name\":\"Lumini\u021ba Popescu (ANES): Nu e suficient s\u0103 ne indign\u0103m; vom ac\u021biona pentru a proteja fetele \u0219i femeile de violen\u021b\u0103\"}]},{\"@type\":\"WebSite\",\"@id\":\"https:\/\/carpathiacenter.ro\/#website\",\"url\":\"https:\/\/carpathiacenter.ro\/\",\"name\":\"Carpathia Center Romania\",\"description\":\"Impossible made possible!\",\"publisher\":{\"@id\":\"https:\/\/carpathiacenter.ro\/#organization\"},\"potentialAction\":[{\"@type\":\"SearchAction\",\"target\":{\"@type\":\"EntryPoint\",\"urlTemplate\":\"https:\/\/carpathiacenter.ro\/?s={search_term_string}\"},\"query-input\":{\"@type\":\"PropertyValueSpecification\",\"valueRequired\":true,\"valueName\":\"search_term_string\"}}],\"inLanguage\":\"en-GB\"},{\"@type\":\"Organization\",\"@id\":\"https:\/\/carpathiacenter.ro\/#organization\",\"name\":\"Carpathia Center Romania\",\"url\":\"https:\/\/carpathiacenter.ro\/\",\"logo\":{\"@type\":\"ImageObject\",\"inLanguage\":\"en-GB\",\"@id\":\"https:\/\/carpathiacenter.ro\/#\/schema\/logo\/image\/\",\"url\":\"https:\/\/carpathiacenter.ro\/wp-content\/uploads\/2024\/07\/logo-carpathia_bg_white-1024x941.png\",\"contentUrl\":\"https:\/\/carpathiacenter.ro\/wp-content\/uploads\/2024\/07\/logo-carpathia_bg_white-1024x941.png\",\"width\":1024,\"height\":941,\"caption\":\"Carpathia Center Romania\"},\"image\":{\"@id\":\"https:\/\/carpathiacenter.ro\/#\/schema\/logo\/image\/\"},\"sameAs\":[\"https:\/\/www.facebook.com\/fdpscarpathia\/\"]},{\"@type\":\"Person\",\"@id\":\"https:\/\/carpathiacenter.ro\/#\/schema\/person\/03d9f58202fee8379268f34afa195006\",\"name\":\"creativebitsolutions\",\"image\":{\"@type\":\"ImageObject\",\"inLanguage\":\"en-GB\",\"@id\":\"https:\/\/carpathiacenter.ro\/#\/schema\/person\/image\/\",\"url\":\"https:\/\/secure.gravatar.com\/avatar\/1b1a13e37f847c635dab78348f1dff2f07651ee2a3d77a5c355a4b8c75f9165a?s=96&d=mm&r=g\",\"contentUrl\":\"https:\/\/secure.gravatar.com\/avatar\/1b1a13e37f847c635dab78348f1dff2f07651ee2a3d77a5c355a4b8c75f9165a?s=96&d=mm&r=g\",\"caption\":\"creativebitsolutions\"},\"url\":\"https:\/\/carpathiacenter.ro\/en\/author\/creativebitsolutions\/\"}]}<\/script>\n<!-- \/ Yoast SEO plugin. -->","yoast_head_json":{"title":"Lumini\u021ba Popescu (ANES): Nu e suficient s\u0103 ne indign\u0103m; vom ac\u021biona pentru a proteja fetele \u0219i femeile de violen\u021b\u0103 - Carpathia Center Romania","robots":{"index":"index","follow":"follow","max-snippet":"max-snippet:-1","max-image-preview":"max-image-preview:large","max-video-preview":"max-video-preview:-1"},"canonical":"https:\/\/carpathiacenter.ro\/en\/luminita-popescu-anes-nu-e-suficient-sa-ne-indignam-vom-actiona-pentru-a-proteja-fetele-si-femeile-de-violenta\/","og_locale":"en_GB","og_type":"article","og_title":"Lumini\u021ba Popescu (ANES): Nu e suficient s\u0103 ne indign\u0103m; vom ac\u021biona pentru a proteja fetele \u0219i femeile de violen\u021b\u0103 - Carpathia Center Romania","og_description":"Secretarul de stat \u00een Agen\u021bia Na\u021bional\u0103 pentru Egalitate de \u0218anse pentru Femei \u0219i B\u0103rba\u021bi Lumini\u021ba Popescu a subliniat, mar\u021bi, c\u0103 este nevoie de legi mai bune \u00een ceea ce prive\u0219te violen\u021ba domestic\u0103, de mai mult\u0103 protec\u021bie pentru fete \u0219i femei. &#8221;Nu e suficient s\u0103 ne indign\u0103m! Vom ac\u021biona pentru a proteja fetele \u0219i femeile de...","og_url":"https:\/\/carpathiacenter.ro\/en\/luminita-popescu-anes-nu-e-suficient-sa-ne-indignam-vom-actiona-pentru-a-proteja-fetele-si-femeile-de-violenta\/","og_site_name":"Carpathia Center Romania","article_publisher":"https:\/\/www.facebook.com\/fdpscarpathia\/","article_published_time":"2025-06-18T11:14:13+00:00","og_image":[{"width":585,"height":585,"url":"https:\/\/carpathiacenter.ro\/wp-content\/uploads\/2025\/06\/Luminita-Popescu.jpeg","type":"image\/jpeg"}],"author":"creativebitsolutions","twitter_card":"summary_large_image","twitter_misc":{"Written by":"creativebitsolutions","Estimated reading time":"4 minutes"},"schema":{"@context":"https:\/\/schema.org","@graph":[{"@type":"Article","@id":"https:\/\/carpathiacenter.ro\/luminita-popescu-anes-nu-e-suficient-sa-ne-indignam-vom-actiona-pentru-a-proteja-fetele-si-femeile-de-violenta\/#article","isPartOf":{"@id":"https:\/\/carpathiacenter.ro\/luminita-popescu-anes-nu-e-suficient-sa-ne-indignam-vom-actiona-pentru-a-proteja-fetele-si-femeile-de-violenta\/"},"author":{"name":"creativebitsolutions","@id":"https:\/\/carpathiacenter.ro\/#\/schema\/person\/03d9f58202fee8379268f34afa195006"},"headline":"Lumini\u021ba Popescu (ANES): Nu e suficient s\u0103 ne indign\u0103m; vom ac\u021biona pentru a proteja fetele \u0219i femeile de violen\u021b\u0103","datePublished":"2025-06-18T11:14:13+00:00","mainEntityOfPage":{"@id":"https:\/\/carpathiacenter.ro\/luminita-popescu-anes-nu-e-suficient-sa-ne-indignam-vom-actiona-pentru-a-proteja-fetele-si-femeile-de-violenta\/"},"wordCount":910,"commentCount":0,"publisher":{"@id":"https:\/\/carpathiacenter.ro\/#organization"},"image":{"@id":"https:\/\/carpathiacenter.ro\/luminita-popescu-anes-nu-e-suficient-sa-ne-indignam-vom-actiona-pentru-a-proteja-fetele-si-femeile-de-violenta\/#primaryimage"},"thumbnailUrl":"https:\/\/carpathiacenter.ro\/wp-content\/uploads\/2025\/06\/Luminita-Popescu.jpeg","articleSection":["Uncategorized"],"inLanguage":"en-GB","potentialAction":[{"@type":"CommentAction","name":"Comment","target":["https:\/\/carpathiacenter.ro\/luminita-popescu-anes-nu-e-suficient-sa-ne-indignam-vom-actiona-pentru-a-proteja-fetele-si-femeile-de-violenta\/#respond"]}]},{"@type":"WebPage","@id":"https:\/\/carpathiacenter.ro\/luminita-popescu-anes-nu-e-suficient-sa-ne-indignam-vom-actiona-pentru-a-proteja-fetele-si-femeile-de-violenta\/","url":"https:\/\/carpathiacenter.ro\/luminita-popescu-anes-nu-e-suficient-sa-ne-indignam-vom-actiona-pentru-a-proteja-fetele-si-femeile-de-violenta\/","name":"Lumini\u021ba Popescu (ANES): Nu e suficient s\u0103 ne indign\u0103m; vom ac\u021biona pentru a proteja fetele \u0219i femeile de violen\u021b\u0103 - Carpathia Center Romania","isPartOf":{"@id":"https:\/\/carpathiacenter.ro\/#website"},"primaryImageOfPage":{"@id":"https:\/\/carpathiacenter.ro\/luminita-popescu-anes-nu-e-suficient-sa-ne-indignam-vom-actiona-pentru-a-proteja-fetele-si-femeile-de-violenta\/#primaryimage"},"image":{"@id":"https:\/\/carpathiacenter.ro\/luminita-popescu-anes-nu-e-suficient-sa-ne-indignam-vom-actiona-pentru-a-proteja-fetele-si-femeile-de-violenta\/#primaryimage"},"thumbnailUrl":"https:\/\/carpathiacenter.ro\/wp-content\/uploads\/2025\/06\/Luminita-Popescu.jpeg","datePublished":"2025-06-18T11:14:13+00:00","breadcrumb":{"@id":"https:\/\/carpathiacenter.ro\/luminita-popescu-anes-nu-e-suficient-sa-ne-indignam-vom-actiona-pentru-a-proteja-fetele-si-femeile-de-violenta\/#breadcrumb"},"inLanguage":"en-GB","potentialAction":[{"@type":"ReadAction","target":["https:\/\/carpathiacenter.ro\/luminita-popescu-anes-nu-e-suficient-sa-ne-indignam-vom-actiona-pentru-a-proteja-fetele-si-femeile-de-violenta\/"]}]},{"@type":"ImageObject","inLanguage":"en-GB","@id":"https:\/\/carpathiacenter.ro\/luminita-popescu-anes-nu-e-suficient-sa-ne-indignam-vom-actiona-pentru-a-proteja-fetele-si-femeile-de-violenta\/#primaryimage","url":"https:\/\/carpathiacenter.ro\/wp-content\/uploads\/2025\/06\/Luminita-Popescu.jpeg","contentUrl":"https:\/\/carpathiacenter.ro\/wp-content\/uploads\/2025\/06\/Luminita-Popescu.jpeg","width":585,"height":585},{"@type":"BreadcrumbList","@id":"https:\/\/carpathiacenter.ro\/luminita-popescu-anes-nu-e-suficient-sa-ne-indignam-vom-actiona-pentru-a-proteja-fetele-si-femeile-de-violenta\/#breadcrumb","itemListElement":[{"@type":"ListItem","position":1,"name":"Prima pagin\u0103","item":"https:\/\/carpathiacenter.ro\/"},{"@type":"ListItem","position":2,"name":"Lumini\u021ba Popescu (ANES): Nu e suficient s\u0103 ne indign\u0103m; vom ac\u021biona pentru a proteja fetele \u0219i femeile de violen\u021b\u0103"}]},{"@type":"WebSite","@id":"https:\/\/carpathiacenter.ro\/#website","url":"https:\/\/carpathiacenter.ro\/","name":"Carpathia Center Romania","description":"Impossible made possible!","publisher":{"@id":"https:\/\/carpathiacenter.ro\/#organization"},"potentialAction":[{"@type":"SearchAction","target":{"@type":"EntryPoint","urlTemplate":"https:\/\/carpathiacenter.ro\/?s={search_term_string}"},"query-input":{"@type":"PropertyValueSpecification","valueRequired":true,"valueName":"search_term_string"}}],"inLanguage":"en-GB"},{"@type":"Organization","@id":"https:\/\/carpathiacenter.ro\/#organization","name":"Carpathia Center Romania","url":"https:\/\/carpathiacenter.ro\/","logo":{"@type":"ImageObject","inLanguage":"en-GB","@id":"https:\/\/carpathiacenter.ro\/#\/schema\/logo\/image\/","url":"https:\/\/carpathiacenter.ro\/wp-content\/uploads\/2024\/07\/logo-carpathia_bg_white-1024x941.png","contentUrl":"https:\/\/carpathiacenter.ro\/wp-content\/uploads\/2024\/07\/logo-carpathia_bg_white-1024x941.png","width":1024,"height":941,"caption":"Carpathia Center Romania"},"image":{"@id":"https:\/\/carpathiacenter.ro\/#\/schema\/logo\/image\/"},"sameAs":["https:\/\/www.facebook.com\/fdpscarpathia\/"]},{"@type":"Person","@id":"https:\/\/carpathiacenter.ro\/#\/schema\/person\/03d9f58202fee8379268f34afa195006","name":"creativebitsolutions","image":{"@type":"ImageObject","inLanguage":"en-GB","@id":"https:\/\/carpathiacenter.ro\/#\/schema\/person\/image\/","url":"https:\/\/secure.gravatar.com\/avatar\/1b1a13e37f847c635dab78348f1dff2f07651ee2a3d77a5c355a4b8c75f9165a?s=96&d=mm&r=g","contentUrl":"https:\/\/secure.gravatar.com\/avatar\/1b1a13e37f847c635dab78348f1dff2f07651ee2a3d77a5c355a4b8c75f9165a?s=96&d=mm&r=g","caption":"creativebitsolutions"},"url":"https:\/\/carpathiacenter.ro\/en\/author\/creativebitsolutions\/"}]}},"_links":{"self":[{"href":"https:\/\/carpathiacenter.ro\/en\/wp-json\/wp\/v2\/posts\/2550","targetHints":{"allow":["GET"]}}],"collection":[{"href":"https:\/\/carpathiacenter.ro\/en\/wp-json\/wp\/v2\/posts"}],"about":[{"href":"https:\/\/carpathiacenter.ro\/en\/wp-json\/wp\/v2\/types\/post"}],"author":[{"embeddable":true,"href":"https:\/\/carpathiacenter.ro\/en\/wp-json\/wp\/v2\/users\/4"}],"replies":[{"embeddable":true,"href":"https:\/\/carpathiacenter.ro\/en\/wp-json\/wp\/v2\/comments?post=2550"}],"version-history":[{"count":1,"href":"https:\/\/carpathiacenter.ro\/en\/wp-json\/wp\/v2\/posts\/2550\/revisions"}],"predecessor-version":[{"id":2552,"href":"https:\/\/carpathiacenter.ro\/en\/wp-json\/wp\/v2\/posts\/2550\/revisions\/2552"}],"wp:featuredmedia":[{"embeddable":true,"href":"https:\/\/carpathiacenter.ro\/en\/wp-json\/wp\/v2\/media\/2551"}],"wp:attachment":[{"href":"https:\/\/carpathiacenter.ro\/en\/wp-json\/wp\/v2\/media?parent=2550"}],"wp:term":[{"taxonomy":"category","embeddable":true,"href":"https:\/\/carpathiacenter.ro\/en\/wp-json\/wp\/v2\/categories?post=2550"},{"taxonomy":"post_tag","embeddable":true,"href":"https:\/\/carpathiacenter.ro\/en\/wp-json\/wp\/v2\/tags?post=2550"}],"curies":[{"name":"wp","href":"https:\/\/api.w.org\/{rel}","templated":true}]}}