{"id":2547,"date":"2025-06-18T11:12:33","date_gmt":"2025-06-18T11:12:33","guid":{"rendered":"https:\/\/carpathiacenter.ro\/?p=2547"},"modified":"2025-06-18T11:12:33","modified_gmt":"2025-06-18T11:12:33","slug":"sindicatele-din-educatie-protest-in-timpul-activitatilor-desfasurate-la-locul-de-munca","status":"publish","type":"post","link":"https:\/\/carpathiacenter.ro\/en\/sindicatele-din-educatie-protest-in-timpul-activitatilor-desfasurate-la-locul-de-munca\/","title":{"rendered":"Sindicatele din Educa\u021bie &#8211; protest \u00een timpul activit\u0103\u021bilor desf\u0103\u0219urate la locul de munc\u0103"},"content":{"rendered":"<p>Federa\u021bia Sindicatelor Libere din \u00cenv\u0103\u021b\u0103m\u00e2nt, Federa\u021bia Sindicatelor din Educa\u021bie &#8216;Spiru Haret&#8217; \u0219i Federa\u021bia Na\u021bional\u0103 Sindical\u0103 &#8216;Alma Mater&#8217; au anun\u021bat c\u0103 vor organiza miercuri proteste \u00een unit\u0103\u021bile de \u00eenv\u0103\u021b\u0103m\u00e2nt preuniversitar, \u00een institu\u021biile de \u00eenv\u0103\u021b\u0103m\u00e2nt superior, \u00een bibliotecile centrale universitare \u0219i \u00een institutele de cercetare, membrii de sindicat urm\u00e2nd s\u0103 poarte un semn distinctiv &#8211; banderol\u0103, ecuson &#8211; \u00een timpul activit\u0103\u021bilor desf\u0103\u0219urate la locul de munc\u0103.<\/p>\n<p>Cele trei federa\u021bii sindicale au atras aten\u021bia c\u0103, \u00een situa\u021bia \u00een care protestul de miercuri va fi tratat cu &#8216;indiferen\u021b\u0103&#8217;, iar viitorul Guvern va pune \u00een practic\u0103 propunerile de m\u0103suri ap\u0103rute \u00een spa\u021biul public, care vor afecta salaria\u021bii din \u00eenv\u0103\u021b\u0103m\u00e2nt, sunt hot\u0103r\u00e2te s\u0103 declan\u0219eze ample ac\u021biuni de protest.<\/p>\n<p>Vinerea trecut\u0103, sindicatele din Educa\u021bie \u0219i-au exprimat, \u00eentr-un comunicat, dezacordul fa\u021b\u0103 de informa\u021biile ap\u0103rute \u00een spa\u021biul public, atribuite grupului de lucru de la Cotroceni, privind m\u0103surile care ar urma s\u0103 fie luate \u00eempotriva salaria\u021bilor din \u00eenv\u0103\u021b\u0103m\u00e2nt pentru reducerea deficitului bugetar.<\/p>\n<p><strong>\u00cen opinia sindicali\u0219tilor, cre\u0219terea normei didactice de predare ar fi o decizie &#8216;iresponsabil\u0103&#8217;, \u00eentruc\u00e2t cadrele didactice sunt deja supra\u00eenc\u0103rcate cu activit\u0103\u021bi didactice \u0219i extra\u0219colare\/extracurriculare, cu activit\u0103\u021bi de formare continu\u0103 \u0219i cu sarcini administrative.<\/strong><\/p>\n<p>&#8216;Solicit\u0103m men\u021binerea normei de predare actuale \u0219i, pe termen lung, o analiz\u0103 real\u0103 a condi\u021biilor de munc\u0103, pentru a asigura un echilibru optim \u00eentre volumul de munc\u0103 \u0219i eficien\u021ba didactic\u0103&#8217;, au transmis sindicatele.<\/p>\n<p>Potrivit acestora, cobor\u00e2rea pragului salarial \u00een func\u021bie de care se acord\u0103 voucherele de vacan\u021b\u0103 \u0219i indemniza\u021bia de hran\u0103 va determina eliminarea acestor drepturi pentru un num\u0103r semnificativ de salaria\u021bi \u0219i va conduce la o sc\u0103dere a puterii de cump\u0103rare, care va afecta, \u00een special, personalul de predare aflat la \u00eenceput de carier\u0103, personalul didactic auxiliar \u0219i personalul administrativ.<\/p>\n<p>&#8216;Eliminarea indemniza\u021biei pentru titlul \u0219tiin\u021bific de doctor reprezint\u0103 o dovad\u0103 c\u0103 viitorul guvern nu este interesat de performan\u021b\u0103\/calitate, de dezvoltarea personalului didactic \u0219i a personalului de cercetare. \u00cen plus, veniturile salaria\u021bilor care de\u021bin titlul de doctor ar sc\u0103dea cu aproximativ 550 de lei \u00een valoare net\u0103. Reducerea personalului din institutele na\u021bionale de cercetare-dezvoltare \u0219i din institu\u021biile Academiei Rom\u00e2ne va conduce la colapsul cercet\u0103rii \u0219i inov\u0103rii. Dimpotriv\u0103, ar trebui asigurat\u0103 finan\u021barea INCD-urilor prin Programul Nucleu \u0219i deblocat\u0103 finan\u021barea programului IOSIN \u00een vederea men\u021binerii infrastructurii \u00een institutele de cercetare-dezvoltare (instala\u021bii de interes na\u021bional, de o importan\u021b\u0103 deosebit\u0103 \u00een dezvoltarea experimentelor de cercetare \u0219i de men\u021binere a siguran\u021bei \u0219i a securit\u0103\u021bii na\u021bionale)&#8217;, mai explic\u0103 sindicatele.<\/p>\n<p>Personalul didactic de predare este &#8216;profund nelini\u0219tit \u0219i revoltat&#8217; de propunerile care au ap\u0103rut \u00een spa\u021biul public referitoare la modificarea statutului de titular \u00een \u00eenv\u0103\u021b\u0103m\u00e2nt \u0219i la faptul c\u0103 ar urma s\u0103-\u0219i desf\u0103\u0219oare activitatea timp de 8 ore pe zi \u00een unit\u0103\u021bile de \u00eenv\u0103\u021b\u0103m\u00e2nt, mai ar\u0103tau sindicali\u0219tii. AGERPRES\/(AS &#8211; editor: Georgiana T\u0103n\u0103sescu, editor online: Andreea Preda)<br \/>\n<br \/>\nSursa articolului:<a href=\"https:\/\/agerpres.ro\/educatie-stiinta\/2025\/06\/18\/sindicatele-din-educatie---protest-in-timpul-activitatilor-desfasurate-la-locul-de-munca--1460236\" target=\"_blank\" rel=\"noopener\" title=\"\">https:\/\/agerpres.ro\/educatie-stiinta\/2025\/06\/18\/sindicatele-din-educatie&#8212;protest-in-timpul-activitatilor-desfasurate-la-locul-de-munca&#8211;1460236<\/a><\/p>","protected":false},"excerpt":{"rendered":"<p>Federa\u021bia Sindicatelor Libere din \u00cenv\u0103\u021b\u0103m\u00e2nt, Federa\u021bia Sindicatelor din Educa\u021bie &#8216;Spiru Haret&#8217; \u0219i Federa\u021bia Na\u021bional\u0103 Sindical\u0103 &#8216;Alma Mater&#8217; au anun\u021bat c\u0103 vor organiza miercuri proteste \u00een unit\u0103\u021bile de \u00eenv\u0103\u021b\u0103m\u00e2nt preuniversitar, \u00een institu\u021biile de \u00eenv\u0103\u021b\u0103m\u00e2nt superior, \u00een bibliotecile centrale universitare \u0219i \u00een institutele de cercetare, membrii de sindicat urm\u00e2nd s\u0103 poarte un semn distinctiv &#8211; banderol\u0103, ecuson&#8230;<\/p>","protected":false},"author":4,"featured_media":2548,"comment_status":"open","ping_status":"open","sticky":false,"template":"","format":"standard","meta":{"footnotes":""},"categories":[1],"tags":[],"class_list":["post-2547","post","type-post","status-publish","format-standard","has-post-thumbnail","hentry","category-uncategorized"],"yoast_head":"<!-- This site is optimized with the Yoast SEO plugin v26.1.1 - https:\/\/yoast.com\/wordpress\/plugins\/seo\/ -->\n<title>Sindicatele din Educa\u021bie - protest \u00een timpul activit\u0103\u021bilor desf\u0103\u0219urate la locul de munc\u0103 - Carpathia Center Romania<\/title>\n<meta name=\"robots\" content=\"index, follow, max-snippet:-1, max-image-preview:large, max-video-preview:-1\" \/>\n<link rel=\"canonical\" href=\"https:\/\/carpathiacenter.ro\/en\/sindicatele-din-educatie-protest-in-timpul-activitatilor-desfasurate-la-locul-de-munca\/\" \/>\n<meta property=\"og:locale\" content=\"en_GB\" \/>\n<meta property=\"og:type\" content=\"article\" \/>\n<meta property=\"og:title\" content=\"Sindicatele din Educa\u021bie - protest \u00een timpul activit\u0103\u021bilor desf\u0103\u0219urate la locul de munc\u0103 - Carpathia Center Romania\" \/>\n<meta property=\"og:description\" content=\"Federa\u021bia Sindicatelor Libere din \u00cenv\u0103\u021b\u0103m\u00e2nt, Federa\u021bia Sindicatelor din Educa\u021bie &#8216;Spiru Haret&#8217; \u0219i Federa\u021bia Na\u021bional\u0103 Sindical\u0103 &#8216;Alma Mater&#8217; au anun\u021bat c\u0103 vor organiza miercuri proteste \u00een unit\u0103\u021bile de \u00eenv\u0103\u021b\u0103m\u00e2nt preuniversitar, \u00een institu\u021biile de \u00eenv\u0103\u021b\u0103m\u00e2nt superior, \u00een bibliotecile centrale universitare \u0219i \u00een institutele de cercetare, membrii de sindicat urm\u00e2nd s\u0103 poarte un semn distinctiv &#8211; banderol\u0103, ecuson...\" \/>\n<meta property=\"og:url\" content=\"https:\/\/carpathiacenter.ro\/en\/sindicatele-din-educatie-protest-in-timpul-activitatilor-desfasurate-la-locul-de-munca\/\" \/>\n<meta property=\"og:site_name\" content=\"Carpathia Center Romania\" \/>\n<meta property=\"article:publisher\" content=\"https:\/\/www.facebook.com\/fdpscarpathia\/\" \/>\n<meta property=\"article:published_time\" content=\"2025-06-18T11:12:33+00:00\" \/>\n<meta property=\"og:image\" content=\"https:\/\/carpathiacenter.ro\/wp-content\/uploads\/2025\/06\/Daniel-David.jpg\" \/>\n\t<meta property=\"og:image:width\" content=\"2560\" \/>\n\t<meta property=\"og:image:height\" content=\"1706\" \/>\n\t<meta property=\"og:image:type\" content=\"image\/jpeg\" \/>\n<meta name=\"author\" content=\"creativebitsolutions\" \/>\n<meta name=\"twitter:card\" content=\"summary_large_image\" \/>\n<meta name=\"twitter:label1\" content=\"Written by\" \/>\n\t<meta name=\"twitter:data1\" content=\"creativebitsolutions\" \/>\n\t<meta name=\"twitter:label2\" content=\"Estimated reading time\" \/>\n\t<meta name=\"twitter:data2\" content=\"3 minutes\" \/>\n<script type=\"application\/ld+json\" class=\"yoast-schema-graph\">{\"@context\":\"https:\/\/schema.org\",\"@graph\":[{\"@type\":\"Article\",\"@id\":\"https:\/\/carpathiacenter.ro\/sindicatele-din-educatie-protest-in-timpul-activitatilor-desfasurate-la-locul-de-munca\/#article\",\"isPartOf\":{\"@id\":\"https:\/\/carpathiacenter.ro\/sindicatele-din-educatie-protest-in-timpul-activitatilor-desfasurate-la-locul-de-munca\/\"},\"author\":{\"name\":\"creativebitsolutions\",\"@id\":\"https:\/\/carpathiacenter.ro\/#\/schema\/person\/03d9f58202fee8379268f34afa195006\"},\"headline\":\"Sindicatele din Educa\u021bie &#8211; protest \u00een timpul activit\u0103\u021bilor desf\u0103\u0219urate la locul de munc\u0103\",\"datePublished\":\"2025-06-18T11:12:33+00:00\",\"mainEntityOfPage\":{\"@id\":\"https:\/\/carpathiacenter.ro\/sindicatele-din-educatie-protest-in-timpul-activitatilor-desfasurate-la-locul-de-munca\/\"},\"wordCount\":559,\"commentCount\":0,\"publisher\":{\"@id\":\"https:\/\/carpathiacenter.ro\/#organization\"},\"image\":{\"@id\":\"https:\/\/carpathiacenter.ro\/sindicatele-din-educatie-protest-in-timpul-activitatilor-desfasurate-la-locul-de-munca\/#primaryimage\"},\"thumbnailUrl\":\"https:\/\/carpathiacenter.ro\/wp-content\/uploads\/2025\/06\/Daniel-David.jpg\",\"articleSection\":[\"Uncategorized\"],\"inLanguage\":\"en-GB\",\"potentialAction\":[{\"@type\":\"CommentAction\",\"name\":\"Comment\",\"target\":[\"https:\/\/carpathiacenter.ro\/sindicatele-din-educatie-protest-in-timpul-activitatilor-desfasurate-la-locul-de-munca\/#respond\"]}]},{\"@type\":\"WebPage\",\"@id\":\"https:\/\/carpathiacenter.ro\/sindicatele-din-educatie-protest-in-timpul-activitatilor-desfasurate-la-locul-de-munca\/\",\"url\":\"https:\/\/carpathiacenter.ro\/sindicatele-din-educatie-protest-in-timpul-activitatilor-desfasurate-la-locul-de-munca\/\",\"name\":\"Sindicatele din Educa\u021bie - protest \u00een timpul activit\u0103\u021bilor desf\u0103\u0219urate la locul de munc\u0103 - Carpathia Center Romania\",\"isPartOf\":{\"@id\":\"https:\/\/carpathiacenter.ro\/#website\"},\"primaryImageOfPage\":{\"@id\":\"https:\/\/carpathiacenter.ro\/sindicatele-din-educatie-protest-in-timpul-activitatilor-desfasurate-la-locul-de-munca\/#primaryimage\"},\"image\":{\"@id\":\"https:\/\/carpathiacenter.ro\/sindicatele-din-educatie-protest-in-timpul-activitatilor-desfasurate-la-locul-de-munca\/#primaryimage\"},\"thumbnailUrl\":\"https:\/\/carpathiacenter.ro\/wp-content\/uploads\/2025\/06\/Daniel-David.jpg\",\"datePublished\":\"2025-06-18T11:12:33+00:00\",\"breadcrumb\":{\"@id\":\"https:\/\/carpathiacenter.ro\/sindicatele-din-educatie-protest-in-timpul-activitatilor-desfasurate-la-locul-de-munca\/#breadcrumb\"},\"inLanguage\":\"en-GB\",\"potentialAction\":[{\"@type\":\"ReadAction\",\"target\":[\"https:\/\/carpathiacenter.ro\/sindicatele-din-educatie-protest-in-timpul-activitatilor-desfasurate-la-locul-de-munca\/\"]}]},{\"@type\":\"ImageObject\",\"inLanguage\":\"en-GB\",\"@id\":\"https:\/\/carpathiacenter.ro\/sindicatele-din-educatie-protest-in-timpul-activitatilor-desfasurate-la-locul-de-munca\/#primaryimage\",\"url\":\"https:\/\/carpathiacenter.ro\/wp-content\/uploads\/2025\/06\/Daniel-David.jpg\",\"contentUrl\":\"https:\/\/carpathiacenter.ro\/wp-content\/uploads\/2025\/06\/Daniel-David.jpg\",\"width\":2560,\"height\":1706},{\"@type\":\"BreadcrumbList\",\"@id\":\"https:\/\/carpathiacenter.ro\/sindicatele-din-educatie-protest-in-timpul-activitatilor-desfasurate-la-locul-de-munca\/#breadcrumb\",\"itemListElement\":[{\"@type\":\"ListItem\",\"position\":1,\"name\":\"Prima pagin\u0103\",\"item\":\"https:\/\/carpathiacenter.ro\/\"},{\"@type\":\"ListItem\",\"position\":2,\"name\":\"Sindicatele din Educa\u021bie &#8211; protest \u00een timpul activit\u0103\u021bilor desf\u0103\u0219urate la locul de munc\u0103\"}]},{\"@type\":\"WebSite\",\"@id\":\"https:\/\/carpathiacenter.ro\/#website\",\"url\":\"https:\/\/carpathiacenter.ro\/\",\"name\":\"Carpathia Center Romania\",\"description\":\"Impossible made possible!\",\"publisher\":{\"@id\":\"https:\/\/carpathiacenter.ro\/#organization\"},\"potentialAction\":[{\"@type\":\"SearchAction\",\"target\":{\"@type\":\"EntryPoint\",\"urlTemplate\":\"https:\/\/carpathiacenter.ro\/?s={search_term_string}\"},\"query-input\":{\"@type\":\"PropertyValueSpecification\",\"valueRequired\":true,\"valueName\":\"search_term_string\"}}],\"inLanguage\":\"en-GB\"},{\"@type\":\"Organization\",\"@id\":\"https:\/\/carpathiacenter.ro\/#organization\",\"name\":\"Carpathia Center Romania\",\"url\":\"https:\/\/carpathiacenter.ro\/\",\"logo\":{\"@type\":\"ImageObject\",\"inLanguage\":\"en-GB\",\"@id\":\"https:\/\/carpathiacenter.ro\/#\/schema\/logo\/image\/\",\"url\":\"https:\/\/carpathiacenter.ro\/wp-content\/uploads\/2024\/07\/logo-carpathia_bg_white-1024x941.png\",\"contentUrl\":\"https:\/\/carpathiacenter.ro\/wp-content\/uploads\/2024\/07\/logo-carpathia_bg_white-1024x941.png\",\"width\":1024,\"height\":941,\"caption\":\"Carpathia Center Romania\"},\"image\":{\"@id\":\"https:\/\/carpathiacenter.ro\/#\/schema\/logo\/image\/\"},\"sameAs\":[\"https:\/\/www.facebook.com\/fdpscarpathia\/\"]},{\"@type\":\"Person\",\"@id\":\"https:\/\/carpathiacenter.ro\/#\/schema\/person\/03d9f58202fee8379268f34afa195006\",\"name\":\"creativebitsolutions\",\"image\":{\"@type\":\"ImageObject\",\"inLanguage\":\"en-GB\",\"@id\":\"https:\/\/carpathiacenter.ro\/#\/schema\/person\/image\/\",\"url\":\"https:\/\/secure.gravatar.com\/avatar\/1b1a13e37f847c635dab78348f1dff2f07651ee2a3d77a5c355a4b8c75f9165a?s=96&d=mm&r=g\",\"contentUrl\":\"https:\/\/secure.gravatar.com\/avatar\/1b1a13e37f847c635dab78348f1dff2f07651ee2a3d77a5c355a4b8c75f9165a?s=96&d=mm&r=g\",\"caption\":\"creativebitsolutions\"},\"url\":\"https:\/\/carpathiacenter.ro\/en\/author\/creativebitsolutions\/\"}]}<\/script>\n<!-- \/ Yoast SEO plugin. -->","yoast_head_json":{"title":"Sindicatele din Educa\u021bie - protest \u00een timpul activit\u0103\u021bilor desf\u0103\u0219urate la locul de munc\u0103 - Carpathia Center Romania","robots":{"index":"index","follow":"follow","max-snippet":"max-snippet:-1","max-image-preview":"max-image-preview:large","max-video-preview":"max-video-preview:-1"},"canonical":"https:\/\/carpathiacenter.ro\/en\/sindicatele-din-educatie-protest-in-timpul-activitatilor-desfasurate-la-locul-de-munca\/","og_locale":"en_GB","og_type":"article","og_title":"Sindicatele din Educa\u021bie - protest \u00een timpul activit\u0103\u021bilor desf\u0103\u0219urate la locul de munc\u0103 - Carpathia Center Romania","og_description":"Federa\u021bia Sindicatelor Libere din \u00cenv\u0103\u021b\u0103m\u00e2nt, Federa\u021bia Sindicatelor din Educa\u021bie &#8216;Spiru Haret&#8217; \u0219i Federa\u021bia Na\u021bional\u0103 Sindical\u0103 &#8216;Alma Mater&#8217; au anun\u021bat c\u0103 vor organiza miercuri proteste \u00een unit\u0103\u021bile de \u00eenv\u0103\u021b\u0103m\u00e2nt preuniversitar, \u00een institu\u021biile de \u00eenv\u0103\u021b\u0103m\u00e2nt superior, \u00een bibliotecile centrale universitare \u0219i \u00een institutele de cercetare, membrii de sindicat urm\u00e2nd s\u0103 poarte un semn distinctiv &#8211; banderol\u0103, ecuson...","og_url":"https:\/\/carpathiacenter.ro\/en\/sindicatele-din-educatie-protest-in-timpul-activitatilor-desfasurate-la-locul-de-munca\/","og_site_name":"Carpathia Center Romania","article_publisher":"https:\/\/www.facebook.com\/fdpscarpathia\/","article_published_time":"2025-06-18T11:12:33+00:00","og_image":[{"width":2560,"height":1706,"url":"https:\/\/carpathiacenter.ro\/wp-content\/uploads\/2025\/06\/Daniel-David.jpg","type":"image\/jpeg"}],"author":"creativebitsolutions","twitter_card":"summary_large_image","twitter_misc":{"Written by":"creativebitsolutions","Estimated reading time":"3 minutes"},"schema":{"@context":"https:\/\/schema.org","@graph":[{"@type":"Article","@id":"https:\/\/carpathiacenter.ro\/sindicatele-din-educatie-protest-in-timpul-activitatilor-desfasurate-la-locul-de-munca\/#article","isPartOf":{"@id":"https:\/\/carpathiacenter.ro\/sindicatele-din-educatie-protest-in-timpul-activitatilor-desfasurate-la-locul-de-munca\/"},"author":{"name":"creativebitsolutions","@id":"https:\/\/carpathiacenter.ro\/#\/schema\/person\/03d9f58202fee8379268f34afa195006"},"headline":"Sindicatele din Educa\u021bie &#8211; protest \u00een timpul activit\u0103\u021bilor desf\u0103\u0219urate la locul de munc\u0103","datePublished":"2025-06-18T11:12:33+00:00","mainEntityOfPage":{"@id":"https:\/\/carpathiacenter.ro\/sindicatele-din-educatie-protest-in-timpul-activitatilor-desfasurate-la-locul-de-munca\/"},"wordCount":559,"commentCount":0,"publisher":{"@id":"https:\/\/carpathiacenter.ro\/#organization"},"image":{"@id":"https:\/\/carpathiacenter.ro\/sindicatele-din-educatie-protest-in-timpul-activitatilor-desfasurate-la-locul-de-munca\/#primaryimage"},"thumbnailUrl":"https:\/\/carpathiacenter.ro\/wp-content\/uploads\/2025\/06\/Daniel-David.jpg","articleSection":["Uncategorized"],"inLanguage":"en-GB","potentialAction":[{"@type":"CommentAction","name":"Comment","target":["https:\/\/carpathiacenter.ro\/sindicatele-din-educatie-protest-in-timpul-activitatilor-desfasurate-la-locul-de-munca\/#respond"]}]},{"@type":"WebPage","@id":"https:\/\/carpathiacenter.ro\/sindicatele-din-educatie-protest-in-timpul-activitatilor-desfasurate-la-locul-de-munca\/","url":"https:\/\/carpathiacenter.ro\/sindicatele-din-educatie-protest-in-timpul-activitatilor-desfasurate-la-locul-de-munca\/","name":"Sindicatele din Educa\u021bie - protest \u00een timpul activit\u0103\u021bilor desf\u0103\u0219urate la locul de munc\u0103 - Carpathia Center Romania","isPartOf":{"@id":"https:\/\/carpathiacenter.ro\/#website"},"primaryImageOfPage":{"@id":"https:\/\/carpathiacenter.ro\/sindicatele-din-educatie-protest-in-timpul-activitatilor-desfasurate-la-locul-de-munca\/#primaryimage"},"image":{"@id":"https:\/\/carpathiacenter.ro\/sindicatele-din-educatie-protest-in-timpul-activitatilor-desfasurate-la-locul-de-munca\/#primaryimage"},"thumbnailUrl":"https:\/\/carpathiacenter.ro\/wp-content\/uploads\/2025\/06\/Daniel-David.jpg","datePublished":"2025-06-18T11:12:33+00:00","breadcrumb":{"@id":"https:\/\/carpathiacenter.ro\/sindicatele-din-educatie-protest-in-timpul-activitatilor-desfasurate-la-locul-de-munca\/#breadcrumb"},"inLanguage":"en-GB","potentialAction":[{"@type":"ReadAction","target":["https:\/\/carpathiacenter.ro\/sindicatele-din-educatie-protest-in-timpul-activitatilor-desfasurate-la-locul-de-munca\/"]}]},{"@type":"ImageObject","inLanguage":"en-GB","@id":"https:\/\/carpathiacenter.ro\/sindicatele-din-educatie-protest-in-timpul-activitatilor-desfasurate-la-locul-de-munca\/#primaryimage","url":"https:\/\/carpathiacenter.ro\/wp-content\/uploads\/2025\/06\/Daniel-David.jpg","contentUrl":"https:\/\/carpathiacenter.ro\/wp-content\/uploads\/2025\/06\/Daniel-David.jpg","width":2560,"height":1706},{"@type":"BreadcrumbList","@id":"https:\/\/carpathiacenter.ro\/sindicatele-din-educatie-protest-in-timpul-activitatilor-desfasurate-la-locul-de-munca\/#breadcrumb","itemListElement":[{"@type":"ListItem","position":1,"name":"Prima pagin\u0103","item":"https:\/\/carpathiacenter.ro\/"},{"@type":"ListItem","position":2,"name":"Sindicatele din Educa\u021bie &#8211; protest \u00een timpul activit\u0103\u021bilor desf\u0103\u0219urate la locul de munc\u0103"}]},{"@type":"WebSite","@id":"https:\/\/carpathiacenter.ro\/#website","url":"https:\/\/carpathiacenter.ro\/","name":"Carpathia Center Romania","description":"Impossible made possible!","publisher":{"@id":"https:\/\/carpathiacenter.ro\/#organization"},"potentialAction":[{"@type":"SearchAction","target":{"@type":"EntryPoint","urlTemplate":"https:\/\/carpathiacenter.ro\/?s={search_term_string}"},"query-input":{"@type":"PropertyValueSpecification","valueRequired":true,"valueName":"search_term_string"}}],"inLanguage":"en-GB"},{"@type":"Organization","@id":"https:\/\/carpathiacenter.ro\/#organization","name":"Carpathia Center Romania","url":"https:\/\/carpathiacenter.ro\/","logo":{"@type":"ImageObject","inLanguage":"en-GB","@id":"https:\/\/carpathiacenter.ro\/#\/schema\/logo\/image\/","url":"https:\/\/carpathiacenter.ro\/wp-content\/uploads\/2024\/07\/logo-carpathia_bg_white-1024x941.png","contentUrl":"https:\/\/carpathiacenter.ro\/wp-content\/uploads\/2024\/07\/logo-carpathia_bg_white-1024x941.png","width":1024,"height":941,"caption":"Carpathia Center Romania"},"image":{"@id":"https:\/\/carpathiacenter.ro\/#\/schema\/logo\/image\/"},"sameAs":["https:\/\/www.facebook.com\/fdpscarpathia\/"]},{"@type":"Person","@id":"https:\/\/carpathiacenter.ro\/#\/schema\/person\/03d9f58202fee8379268f34afa195006","name":"creativebitsolutions","image":{"@type":"ImageObject","inLanguage":"en-GB","@id":"https:\/\/carpathiacenter.ro\/#\/schema\/person\/image\/","url":"https:\/\/secure.gravatar.com\/avatar\/1b1a13e37f847c635dab78348f1dff2f07651ee2a3d77a5c355a4b8c75f9165a?s=96&d=mm&r=g","contentUrl":"https:\/\/secure.gravatar.com\/avatar\/1b1a13e37f847c635dab78348f1dff2f07651ee2a3d77a5c355a4b8c75f9165a?s=96&d=mm&r=g","caption":"creativebitsolutions"},"url":"https:\/\/carpathiacenter.ro\/en\/author\/creativebitsolutions\/"}]}},"_links":{"self":[{"href":"https:\/\/carpathiacenter.ro\/en\/wp-json\/wp\/v2\/posts\/2547","targetHints":{"allow":["GET"]}}],"collection":[{"href":"https:\/\/carpathiacenter.ro\/en\/wp-json\/wp\/v2\/posts"}],"about":[{"href":"https:\/\/carpathiacenter.ro\/en\/wp-json\/wp\/v2\/types\/post"}],"author":[{"embeddable":true,"href":"https:\/\/carpathiacenter.ro\/en\/wp-json\/wp\/v2\/users\/4"}],"replies":[{"embeddable":true,"href":"https:\/\/carpathiacenter.ro\/en\/wp-json\/wp\/v2\/comments?post=2547"}],"version-history":[{"count":1,"href":"https:\/\/carpathiacenter.ro\/en\/wp-json\/wp\/v2\/posts\/2547\/revisions"}],"predecessor-version":[{"id":2549,"href":"https:\/\/carpathiacenter.ro\/en\/wp-json\/wp\/v2\/posts\/2547\/revisions\/2549"}],"wp:featuredmedia":[{"embeddable":true,"href":"https:\/\/carpathiacenter.ro\/en\/wp-json\/wp\/v2\/media\/2548"}],"wp:attachment":[{"href":"https:\/\/carpathiacenter.ro\/en\/wp-json\/wp\/v2\/media?parent=2547"}],"wp:term":[{"taxonomy":"category","embeddable":true,"href":"https:\/\/carpathiacenter.ro\/en\/wp-json\/wp\/v2\/categories?post=2547"},{"taxonomy":"post_tag","embeddable":true,"href":"https:\/\/carpathiacenter.ro\/en\/wp-json\/wp\/v2\/tags?post=2547"}],"curies":[{"name":"wp","href":"https:\/\/api.w.org\/{rel}","templated":true}]}}