{"id":2543,"date":"2025-06-17T09:34:11","date_gmt":"2025-06-17T09:34:11","guid":{"rendered":"https:\/\/carpathiacenter.ro\/?p=2543"},"modified":"2025-06-17T09:34:11","modified_gmt":"2025-06-17T09:34:11","slug":"metsola-aderarea-romaniei-si-a-bulgariei-la-schengen-a-fost-un-pas-mult-asteptat-catre-o-uniune-prospera-si-sigura","status":"publish","type":"post","link":"https:\/\/carpathiacenter.ro\/en\/metsola-aderarea-romaniei-si-a-bulgariei-la-schengen-a-fost-un-pas-mult-asteptat-catre-o-uniune-prospera-si-sigura\/","title":{"rendered":"Metsola: Aderarea Rom\u00e2niei \u0219i a Bulgariei la Schengen a fost un pas mult a\u0219teptat c\u0103tre o Uniune prosper\u0103 \u0219i sigur\u0103"},"content":{"rendered":"<p>Strasbourg &#8211; Trimisul special al AGERPRES, Tudor Martalogu, transmite: Aderarea Bulgariei \u0219i a Rom\u00e2niei la familia Schengen, care acum este format\u0103 din 29 de \u021b\u0103ri, a fost un pas mult a\u0219teptat c\u0103tre o Uniune mai prosper\u0103, mai unit\u0103 \u0219i mai sigur\u0103, a declarat luni pre\u0219edinta Parlamentului European, Roberta Metsola, \u00een plenul PE, la Strasbourg, cu ocazia \u00eemplinirii a 40 de ani de la semnarea acordului prin care a fost creat Spa\u021biul Schengen.<\/p>\n<p>&#8221;\u00cen aceast\u0103 s\u00e2mb\u0103t\u0103, pe 14 iunie, am marcat 40 de ani de la semnarea acordului prin care s-a \u00eenfiin\u021bat Spa\u021biul Schengen &#8211; o realizare definitorie pentru unitatea, cooperarea \u0219i libertatea europene. Ceea ce a \u00eenceput \u00een 1985 cu numai cinci \u021b\u0103ri a devenit cea mai mare zon\u0103 de liber\u0103 circula\u021bie din lume, f\u0103c\u00e2nd mai u\u0219oar\u0103 via\u021ba a peste 400 de milioane de oameni din Uniunea European\u0103, ca \u0219i din Islanda, Liechtenstein, Norvegia \u0219i Elve\u021bia&#8221;, a spus Metsola \u00een interven\u021bia sa.<\/p>\n<p>Potrivit pre\u0219edintei legislativului UE, Spa\u021biul Schengen permite ca 3,5 milioane s\u0103 treac\u0103 \u00een fiecare zi grani\u021bele \u00een mod liber \u0219i stimuleaz\u0103 economia european\u0103 prin faptul c\u0103 faciliteaz\u0103 comer\u021bul \u00eentre \u021b\u0103ri, contribuind la func\u021bionarea mai bun\u0103 a pie\u021bei unice europene.<\/p>\n<p>&#8221;De asemenea, Schengen ne ajut\u0103 s\u0103 fim \u00een siguran\u021b\u0103, prin cooperare mai str\u00e2ns\u0103 \u00eentre autorit\u0103\u021bile de poli\u021bie, vamale \u0219i de frontier\u0103 pentru a ne proteja grani\u021bele \u0219i a combate infrac\u021bionalitatea. Peste tot \u00een lume, spa\u021biul Schengen Area este privit cu admira\u021bie, ca exemplu clar \u0219i tangibil a ceea ce se poate realiza prin cooperare european\u0103&#8221;, a afirmat pre\u0219edinta PE.<\/p>\n<p>\u00cen acela\u0219i timp, a spus Roberta Metsola, consolidarea Schengen are nevoie de angajament \u0219i eforturi constante din partea tuturor europenilor \u0219i \u00een aceast\u0103 privin\u021b\u0103 Parlamentul European va coopera cu statele membre \u0219i cu celelalte institu\u021bii UE pentru a moderniza \u0219i a \u00eent\u0103ri Schengen.<\/p>\n<p>Din partea grupului Partidului Popular European (PPE), Tomas Tobe a apreciat c\u0103 Schengen constituie una dintre cele mai mari reu\u0219ite ale UE, care a adus &#8221;libertate, prosperitate \u0219i oportunit\u0103\u021bi pentru milioane de oameni&#8221;. El a atras \u00eens\u0103 aten\u021bia asupra provoc\u0103rii actuale reprezentate de migra\u021bie \u0219i securitatea frontierelor.<\/p>\n<p>Eurodeputata Birgit Sippel (S&amp;D) s-a referit la reintroducerea temporar\u0103 a controalelor la frontier\u0103 de c\u0103tre unele \u021b\u0103ri membre, spun\u00e2nd c\u0103 \u00een acest fel &#8221;problemele nu se solu\u021bioneaz\u0103, ci ele doar sunt ascunse&#8221;.<\/p>\n<p>Fabrice Leggeri (grupul Patrio\u021bi pentru Europa) \u0219i Nicola Procaccini (grupul Conservatorilor \u0219i Reformi\u0219tilor Europeni) au criticat aplicarea arbitrar\u0103 a prevederilor Schengen de c\u0103tre unele \u021b\u0103ri, \u00een timp ce Malik Azmani (Renew) a insistat c\u0103 &#8221;r\u0103spunsul nu este s\u0103 ne ascundem \u00een spatele zidurilor, ci s\u0103 cre\u0219tem cooperarea \u00eentre noi, dar \u0219i pe cea cu statele ter\u021be&#8221;.<\/p>\n<p>\u00cen interven\u021bia sa, Terry Reintke, reprezentant\u0103 a Verzilor, a criticat guvernul german condus de cancelarul Friedrich Merz pentru m\u0103sura de introducere a controalelor frontaliere, subliniind c\u0103 Schengen a fost \u0219i trebuie s\u0103 r\u0103m\u00e2n\u0103 &#8221;o promisiune de libertate&#8221;.<\/p>\n<p>Pentru Pernando Barrena Arza (grupul St\u00e2ngii), crearea spa\u021biului european de liber\u0103 circula\u021bie Schengen a fost una dintre realiz\u0103rile cele mai tangibile ale UE.<\/p>\n<p>\u00cen opinia lui Rene Aust (Europa Na\u021biunilor Suverane) 40 de ani de Schengen \u00eenseamn\u0103 o \u00eentoarcere la normalitate. &#8221;Este extrem de important s\u0103 fie evitate abuzurile din interior \u0219i s\u0103 existe ap\u0103rare fa\u021b\u0103 de abuzurile din exterior&#8221;, a spus el. AGERPRES\/(editor: Mariana Ionescu, editor online: Anda Badea)<br \/>\n<br \/>\nSursa articolului:<a href=\"https:\/\/agerpres.ro\/romania-in-lume\/2025\/06\/16\/metsola-aderarea-romaniei-si-a-bulgariei-la-schengen-a-fost-un-pas-mult-asteptat-catre-o-uniune-pros--1459856\" target=\"_blank\" rel=\"noopener\" title=\"\">https:\/\/agerpres.ro\/romania-in-lume\/2025\/06\/16\/metsola-aderarea-romaniei-si-a-bulgariei-la-schengen-a-fost-un-pas-mult-asteptat-catre-o-uniune-pros&#8211;1459856<\/a><\/p>","protected":false},"excerpt":{"rendered":"<p>Strasbourg &#8211; Trimisul special al AGERPRES, Tudor Martalogu, transmite: Aderarea Bulgariei \u0219i a Rom\u00e2niei la familia Schengen, care acum este format\u0103 din 29 de \u021b\u0103ri, a fost un pas mult a\u0219teptat c\u0103tre o Uniune mai prosper\u0103, mai unit\u0103 \u0219i mai sigur\u0103, a declarat luni pre\u0219edinta Parlamentului European, Roberta Metsola, \u00een plenul PE, la Strasbourg, cu&#8230;<\/p>","protected":false},"author":4,"featured_media":2544,"comment_status":"open","ping_status":"open","sticky":false,"template":"","format":"standard","meta":{"footnotes":""},"categories":[1],"tags":[],"class_list":["post-2543","post","type-post","status-publish","format-standard","has-post-thumbnail","hentry","category-uncategorized"],"yoast_head":"<!-- This site is optimized with the Yoast SEO plugin v26.1.1 - https:\/\/yoast.com\/wordpress\/plugins\/seo\/ -->\n<title>Metsola: Aderarea Rom\u00e2niei \u0219i a Bulgariei la Schengen a fost un pas mult a\u0219teptat c\u0103tre o Uniune prosper\u0103 \u0219i sigur\u0103 - Carpathia Center Romania<\/title>\n<meta name=\"robots\" content=\"index, follow, max-snippet:-1, max-image-preview:large, max-video-preview:-1\" \/>\n<link rel=\"canonical\" href=\"https:\/\/carpathiacenter.ro\/en\/metsola-aderarea-romaniei-si-a-bulgariei-la-schengen-a-fost-un-pas-mult-asteptat-catre-o-uniune-prospera-si-sigura\/\" \/>\n<meta property=\"og:locale\" content=\"en_GB\" \/>\n<meta property=\"og:type\" content=\"article\" \/>\n<meta property=\"og:title\" content=\"Metsola: Aderarea Rom\u00e2niei \u0219i a Bulgariei la Schengen a fost un pas mult a\u0219teptat c\u0103tre o Uniune prosper\u0103 \u0219i sigur\u0103 - Carpathia Center Romania\" \/>\n<meta property=\"og:description\" content=\"Strasbourg &#8211; Trimisul special al AGERPRES, Tudor Martalogu, transmite: Aderarea Bulgariei \u0219i a Rom\u00e2niei la familia Schengen, care acum este format\u0103 din 29 de \u021b\u0103ri, a fost un pas mult a\u0219teptat c\u0103tre o Uniune mai prosper\u0103, mai unit\u0103 \u0219i mai sigur\u0103, a declarat luni pre\u0219edinta Parlamentului European, Roberta Metsola, \u00een plenul PE, la Strasbourg, cu...\" \/>\n<meta property=\"og:url\" content=\"https:\/\/carpathiacenter.ro\/en\/metsola-aderarea-romaniei-si-a-bulgariei-la-schengen-a-fost-un-pas-mult-asteptat-catre-o-uniune-prospera-si-sigura\/\" \/>\n<meta property=\"og:site_name\" content=\"Carpathia Center Romania\" \/>\n<meta property=\"article:publisher\" content=\"https:\/\/www.facebook.com\/fdpscarpathia\/\" \/>\n<meta property=\"article:published_time\" content=\"2025-06-17T09:34:11+00:00\" \/>\n<meta property=\"og:image\" content=\"https:\/\/carpathiacenter.ro\/wp-content\/uploads\/2025\/06\/Roberta-Metsola.jpeg\" \/>\n\t<meta property=\"og:image:width\" content=\"1200\" \/>\n\t<meta property=\"og:image:height\" content=\"630\" \/>\n\t<meta property=\"og:image:type\" content=\"image\/jpeg\" \/>\n<meta name=\"author\" content=\"creativebitsolutions\" \/>\n<meta name=\"twitter:card\" content=\"summary_large_image\" \/>\n<meta name=\"twitter:label1\" content=\"Written by\" \/>\n\t<meta name=\"twitter:data1\" content=\"creativebitsolutions\" \/>\n\t<meta name=\"twitter:label2\" content=\"Estimated reading time\" \/>\n\t<meta name=\"twitter:data2\" content=\"3 minutes\" \/>\n<script type=\"application\/ld+json\" class=\"yoast-schema-graph\">{\"@context\":\"https:\/\/schema.org\",\"@graph\":[{\"@type\":\"Article\",\"@id\":\"https:\/\/carpathiacenter.ro\/metsola-aderarea-romaniei-si-a-bulgariei-la-schengen-a-fost-un-pas-mult-asteptat-catre-o-uniune-prospera-si-sigura\/#article\",\"isPartOf\":{\"@id\":\"https:\/\/carpathiacenter.ro\/metsola-aderarea-romaniei-si-a-bulgariei-la-schengen-a-fost-un-pas-mult-asteptat-catre-o-uniune-prospera-si-sigura\/\"},\"author\":{\"name\":\"creativebitsolutions\",\"@id\":\"https:\/\/carpathiacenter.ro\/#\/schema\/person\/03d9f58202fee8379268f34afa195006\"},\"headline\":\"Metsola: Aderarea Rom\u00e2niei \u0219i a Bulgariei la Schengen a fost un pas mult a\u0219teptat c\u0103tre o Uniune prosper\u0103 \u0219i sigur\u0103\",\"datePublished\":\"2025-06-17T09:34:11+00:00\",\"mainEntityOfPage\":{\"@id\":\"https:\/\/carpathiacenter.ro\/metsola-aderarea-romaniei-si-a-bulgariei-la-schengen-a-fost-un-pas-mult-asteptat-catre-o-uniune-prospera-si-sigura\/\"},\"wordCount\":617,\"commentCount\":0,\"publisher\":{\"@id\":\"https:\/\/carpathiacenter.ro\/#organization\"},\"image\":{\"@id\":\"https:\/\/carpathiacenter.ro\/metsola-aderarea-romaniei-si-a-bulgariei-la-schengen-a-fost-un-pas-mult-asteptat-catre-o-uniune-prospera-si-sigura\/#primaryimage\"},\"thumbnailUrl\":\"https:\/\/carpathiacenter.ro\/wp-content\/uploads\/2025\/06\/Roberta-Metsola.jpeg\",\"articleSection\":[\"Uncategorized\"],\"inLanguage\":\"en-GB\",\"potentialAction\":[{\"@type\":\"CommentAction\",\"name\":\"Comment\",\"target\":[\"https:\/\/carpathiacenter.ro\/metsola-aderarea-romaniei-si-a-bulgariei-la-schengen-a-fost-un-pas-mult-asteptat-catre-o-uniune-prospera-si-sigura\/#respond\"]}]},{\"@type\":\"WebPage\",\"@id\":\"https:\/\/carpathiacenter.ro\/metsola-aderarea-romaniei-si-a-bulgariei-la-schengen-a-fost-un-pas-mult-asteptat-catre-o-uniune-prospera-si-sigura\/\",\"url\":\"https:\/\/carpathiacenter.ro\/metsola-aderarea-romaniei-si-a-bulgariei-la-schengen-a-fost-un-pas-mult-asteptat-catre-o-uniune-prospera-si-sigura\/\",\"name\":\"Metsola: Aderarea Rom\u00e2niei \u0219i a Bulgariei la Schengen a fost un pas mult a\u0219teptat c\u0103tre o Uniune prosper\u0103 \u0219i sigur\u0103 - Carpathia Center Romania\",\"isPartOf\":{\"@id\":\"https:\/\/carpathiacenter.ro\/#website\"},\"primaryImageOfPage\":{\"@id\":\"https:\/\/carpathiacenter.ro\/metsola-aderarea-romaniei-si-a-bulgariei-la-schengen-a-fost-un-pas-mult-asteptat-catre-o-uniune-prospera-si-sigura\/#primaryimage\"},\"image\":{\"@id\":\"https:\/\/carpathiacenter.ro\/metsola-aderarea-romaniei-si-a-bulgariei-la-schengen-a-fost-un-pas-mult-asteptat-catre-o-uniune-prospera-si-sigura\/#primaryimage\"},\"thumbnailUrl\":\"https:\/\/carpathiacenter.ro\/wp-content\/uploads\/2025\/06\/Roberta-Metsola.jpeg\",\"datePublished\":\"2025-06-17T09:34:11+00:00\",\"breadcrumb\":{\"@id\":\"https:\/\/carpathiacenter.ro\/metsola-aderarea-romaniei-si-a-bulgariei-la-schengen-a-fost-un-pas-mult-asteptat-catre-o-uniune-prospera-si-sigura\/#breadcrumb\"},\"inLanguage\":\"en-GB\",\"potentialAction\":[{\"@type\":\"ReadAction\",\"target\":[\"https:\/\/carpathiacenter.ro\/metsola-aderarea-romaniei-si-a-bulgariei-la-schengen-a-fost-un-pas-mult-asteptat-catre-o-uniune-prospera-si-sigura\/\"]}]},{\"@type\":\"ImageObject\",\"inLanguage\":\"en-GB\",\"@id\":\"https:\/\/carpathiacenter.ro\/metsola-aderarea-romaniei-si-a-bulgariei-la-schengen-a-fost-un-pas-mult-asteptat-catre-o-uniune-prospera-si-sigura\/#primaryimage\",\"url\":\"https:\/\/carpathiacenter.ro\/wp-content\/uploads\/2025\/06\/Roberta-Metsola.jpeg\",\"contentUrl\":\"https:\/\/carpathiacenter.ro\/wp-content\/uploads\/2025\/06\/Roberta-Metsola.jpeg\",\"width\":1200,\"height\":630},{\"@type\":\"BreadcrumbList\",\"@id\":\"https:\/\/carpathiacenter.ro\/metsola-aderarea-romaniei-si-a-bulgariei-la-schengen-a-fost-un-pas-mult-asteptat-catre-o-uniune-prospera-si-sigura\/#breadcrumb\",\"itemListElement\":[{\"@type\":\"ListItem\",\"position\":1,\"name\":\"Prima pagin\u0103\",\"item\":\"https:\/\/carpathiacenter.ro\/\"},{\"@type\":\"ListItem\",\"position\":2,\"name\":\"Metsola: Aderarea Rom\u00e2niei \u0219i a Bulgariei la Schengen a fost un pas mult a\u0219teptat c\u0103tre o Uniune prosper\u0103 \u0219i sigur\u0103\"}]},{\"@type\":\"WebSite\",\"@id\":\"https:\/\/carpathiacenter.ro\/#website\",\"url\":\"https:\/\/carpathiacenter.ro\/\",\"name\":\"Carpathia Center Romania\",\"description\":\"Impossible made possible!\",\"publisher\":{\"@id\":\"https:\/\/carpathiacenter.ro\/#organization\"},\"potentialAction\":[{\"@type\":\"SearchAction\",\"target\":{\"@type\":\"EntryPoint\",\"urlTemplate\":\"https:\/\/carpathiacenter.ro\/?s={search_term_string}\"},\"query-input\":{\"@type\":\"PropertyValueSpecification\",\"valueRequired\":true,\"valueName\":\"search_term_string\"}}],\"inLanguage\":\"en-GB\"},{\"@type\":\"Organization\",\"@id\":\"https:\/\/carpathiacenter.ro\/#organization\",\"name\":\"Carpathia Center Romania\",\"url\":\"https:\/\/carpathiacenter.ro\/\",\"logo\":{\"@type\":\"ImageObject\",\"inLanguage\":\"en-GB\",\"@id\":\"https:\/\/carpathiacenter.ro\/#\/schema\/logo\/image\/\",\"url\":\"https:\/\/carpathiacenter.ro\/wp-content\/uploads\/2024\/07\/logo-carpathia_bg_white-1024x941.png\",\"contentUrl\":\"https:\/\/carpathiacenter.ro\/wp-content\/uploads\/2024\/07\/logo-carpathia_bg_white-1024x941.png\",\"width\":1024,\"height\":941,\"caption\":\"Carpathia Center Romania\"},\"image\":{\"@id\":\"https:\/\/carpathiacenter.ro\/#\/schema\/logo\/image\/\"},\"sameAs\":[\"https:\/\/www.facebook.com\/fdpscarpathia\/\"]},{\"@type\":\"Person\",\"@id\":\"https:\/\/carpathiacenter.ro\/#\/schema\/person\/03d9f58202fee8379268f34afa195006\",\"name\":\"creativebitsolutions\",\"image\":{\"@type\":\"ImageObject\",\"inLanguage\":\"en-GB\",\"@id\":\"https:\/\/carpathiacenter.ro\/#\/schema\/person\/image\/\",\"url\":\"https:\/\/secure.gravatar.com\/avatar\/1b1a13e37f847c635dab78348f1dff2f07651ee2a3d77a5c355a4b8c75f9165a?s=96&d=mm&r=g\",\"contentUrl\":\"https:\/\/secure.gravatar.com\/avatar\/1b1a13e37f847c635dab78348f1dff2f07651ee2a3d77a5c355a4b8c75f9165a?s=96&d=mm&r=g\",\"caption\":\"creativebitsolutions\"},\"url\":\"https:\/\/carpathiacenter.ro\/en\/author\/creativebitsolutions\/\"}]}<\/script>\n<!-- \/ Yoast SEO plugin. -->","yoast_head_json":{"title":"Metsola: Aderarea Rom\u00e2niei \u0219i a Bulgariei la Schengen a fost un pas mult a\u0219teptat c\u0103tre o Uniune prosper\u0103 \u0219i sigur\u0103 - Carpathia Center Romania","robots":{"index":"index","follow":"follow","max-snippet":"max-snippet:-1","max-image-preview":"max-image-preview:large","max-video-preview":"max-video-preview:-1"},"canonical":"https:\/\/carpathiacenter.ro\/en\/metsola-aderarea-romaniei-si-a-bulgariei-la-schengen-a-fost-un-pas-mult-asteptat-catre-o-uniune-prospera-si-sigura\/","og_locale":"en_GB","og_type":"article","og_title":"Metsola: Aderarea Rom\u00e2niei \u0219i a Bulgariei la Schengen a fost un pas mult a\u0219teptat c\u0103tre o Uniune prosper\u0103 \u0219i sigur\u0103 - Carpathia Center Romania","og_description":"Strasbourg &#8211; Trimisul special al AGERPRES, Tudor Martalogu, transmite: Aderarea Bulgariei \u0219i a Rom\u00e2niei la familia Schengen, care acum este format\u0103 din 29 de \u021b\u0103ri, a fost un pas mult a\u0219teptat c\u0103tre o Uniune mai prosper\u0103, mai unit\u0103 \u0219i mai sigur\u0103, a declarat luni pre\u0219edinta Parlamentului European, Roberta Metsola, \u00een plenul PE, la Strasbourg, cu...","og_url":"https:\/\/carpathiacenter.ro\/en\/metsola-aderarea-romaniei-si-a-bulgariei-la-schengen-a-fost-un-pas-mult-asteptat-catre-o-uniune-prospera-si-sigura\/","og_site_name":"Carpathia Center Romania","article_publisher":"https:\/\/www.facebook.com\/fdpscarpathia\/","article_published_time":"2025-06-17T09:34:11+00:00","og_image":[{"width":1200,"height":630,"url":"https:\/\/carpathiacenter.ro\/wp-content\/uploads\/2025\/06\/Roberta-Metsola.jpeg","type":"image\/jpeg"}],"author":"creativebitsolutions","twitter_card":"summary_large_image","twitter_misc":{"Written by":"creativebitsolutions","Estimated reading time":"3 minutes"},"schema":{"@context":"https:\/\/schema.org","@graph":[{"@type":"Article","@id":"https:\/\/carpathiacenter.ro\/metsola-aderarea-romaniei-si-a-bulgariei-la-schengen-a-fost-un-pas-mult-asteptat-catre-o-uniune-prospera-si-sigura\/#article","isPartOf":{"@id":"https:\/\/carpathiacenter.ro\/metsola-aderarea-romaniei-si-a-bulgariei-la-schengen-a-fost-un-pas-mult-asteptat-catre-o-uniune-prospera-si-sigura\/"},"author":{"name":"creativebitsolutions","@id":"https:\/\/carpathiacenter.ro\/#\/schema\/person\/03d9f58202fee8379268f34afa195006"},"headline":"Metsola: Aderarea Rom\u00e2niei \u0219i a Bulgariei la Schengen a fost un pas mult a\u0219teptat c\u0103tre o Uniune prosper\u0103 \u0219i sigur\u0103","datePublished":"2025-06-17T09:34:11+00:00","mainEntityOfPage":{"@id":"https:\/\/carpathiacenter.ro\/metsola-aderarea-romaniei-si-a-bulgariei-la-schengen-a-fost-un-pas-mult-asteptat-catre-o-uniune-prospera-si-sigura\/"},"wordCount":617,"commentCount":0,"publisher":{"@id":"https:\/\/carpathiacenter.ro\/#organization"},"image":{"@id":"https:\/\/carpathiacenter.ro\/metsola-aderarea-romaniei-si-a-bulgariei-la-schengen-a-fost-un-pas-mult-asteptat-catre-o-uniune-prospera-si-sigura\/#primaryimage"},"thumbnailUrl":"https:\/\/carpathiacenter.ro\/wp-content\/uploads\/2025\/06\/Roberta-Metsola.jpeg","articleSection":["Uncategorized"],"inLanguage":"en-GB","potentialAction":[{"@type":"CommentAction","name":"Comment","target":["https:\/\/carpathiacenter.ro\/metsola-aderarea-romaniei-si-a-bulgariei-la-schengen-a-fost-un-pas-mult-asteptat-catre-o-uniune-prospera-si-sigura\/#respond"]}]},{"@type":"WebPage","@id":"https:\/\/carpathiacenter.ro\/metsola-aderarea-romaniei-si-a-bulgariei-la-schengen-a-fost-un-pas-mult-asteptat-catre-o-uniune-prospera-si-sigura\/","url":"https:\/\/carpathiacenter.ro\/metsola-aderarea-romaniei-si-a-bulgariei-la-schengen-a-fost-un-pas-mult-asteptat-catre-o-uniune-prospera-si-sigura\/","name":"Metsola: Aderarea Rom\u00e2niei \u0219i a Bulgariei la Schengen a fost un pas mult a\u0219teptat c\u0103tre o Uniune prosper\u0103 \u0219i sigur\u0103 - Carpathia Center Romania","isPartOf":{"@id":"https:\/\/carpathiacenter.ro\/#website"},"primaryImageOfPage":{"@id":"https:\/\/carpathiacenter.ro\/metsola-aderarea-romaniei-si-a-bulgariei-la-schengen-a-fost-un-pas-mult-asteptat-catre-o-uniune-prospera-si-sigura\/#primaryimage"},"image":{"@id":"https:\/\/carpathiacenter.ro\/metsola-aderarea-romaniei-si-a-bulgariei-la-schengen-a-fost-un-pas-mult-asteptat-catre-o-uniune-prospera-si-sigura\/#primaryimage"},"thumbnailUrl":"https:\/\/carpathiacenter.ro\/wp-content\/uploads\/2025\/06\/Roberta-Metsola.jpeg","datePublished":"2025-06-17T09:34:11+00:00","breadcrumb":{"@id":"https:\/\/carpathiacenter.ro\/metsola-aderarea-romaniei-si-a-bulgariei-la-schengen-a-fost-un-pas-mult-asteptat-catre-o-uniune-prospera-si-sigura\/#breadcrumb"},"inLanguage":"en-GB","potentialAction":[{"@type":"ReadAction","target":["https:\/\/carpathiacenter.ro\/metsola-aderarea-romaniei-si-a-bulgariei-la-schengen-a-fost-un-pas-mult-asteptat-catre-o-uniune-prospera-si-sigura\/"]}]},{"@type":"ImageObject","inLanguage":"en-GB","@id":"https:\/\/carpathiacenter.ro\/metsola-aderarea-romaniei-si-a-bulgariei-la-schengen-a-fost-un-pas-mult-asteptat-catre-o-uniune-prospera-si-sigura\/#primaryimage","url":"https:\/\/carpathiacenter.ro\/wp-content\/uploads\/2025\/06\/Roberta-Metsola.jpeg","contentUrl":"https:\/\/carpathiacenter.ro\/wp-content\/uploads\/2025\/06\/Roberta-Metsola.jpeg","width":1200,"height":630},{"@type":"BreadcrumbList","@id":"https:\/\/carpathiacenter.ro\/metsola-aderarea-romaniei-si-a-bulgariei-la-schengen-a-fost-un-pas-mult-asteptat-catre-o-uniune-prospera-si-sigura\/#breadcrumb","itemListElement":[{"@type":"ListItem","position":1,"name":"Prima pagin\u0103","item":"https:\/\/carpathiacenter.ro\/"},{"@type":"ListItem","position":2,"name":"Metsola: Aderarea Rom\u00e2niei \u0219i a Bulgariei la Schengen a fost un pas mult a\u0219teptat c\u0103tre o Uniune prosper\u0103 \u0219i sigur\u0103"}]},{"@type":"WebSite","@id":"https:\/\/carpathiacenter.ro\/#website","url":"https:\/\/carpathiacenter.ro\/","name":"Carpathia Center Romania","description":"Impossible made possible!","publisher":{"@id":"https:\/\/carpathiacenter.ro\/#organization"},"potentialAction":[{"@type":"SearchAction","target":{"@type":"EntryPoint","urlTemplate":"https:\/\/carpathiacenter.ro\/?s={search_term_string}"},"query-input":{"@type":"PropertyValueSpecification","valueRequired":true,"valueName":"search_term_string"}}],"inLanguage":"en-GB"},{"@type":"Organization","@id":"https:\/\/carpathiacenter.ro\/#organization","name":"Carpathia Center Romania","url":"https:\/\/carpathiacenter.ro\/","logo":{"@type":"ImageObject","inLanguage":"en-GB","@id":"https:\/\/carpathiacenter.ro\/#\/schema\/logo\/image\/","url":"https:\/\/carpathiacenter.ro\/wp-content\/uploads\/2024\/07\/logo-carpathia_bg_white-1024x941.png","contentUrl":"https:\/\/carpathiacenter.ro\/wp-content\/uploads\/2024\/07\/logo-carpathia_bg_white-1024x941.png","width":1024,"height":941,"caption":"Carpathia Center Romania"},"image":{"@id":"https:\/\/carpathiacenter.ro\/#\/schema\/logo\/image\/"},"sameAs":["https:\/\/www.facebook.com\/fdpscarpathia\/"]},{"@type":"Person","@id":"https:\/\/carpathiacenter.ro\/#\/schema\/person\/03d9f58202fee8379268f34afa195006","name":"creativebitsolutions","image":{"@type":"ImageObject","inLanguage":"en-GB","@id":"https:\/\/carpathiacenter.ro\/#\/schema\/person\/image\/","url":"https:\/\/secure.gravatar.com\/avatar\/1b1a13e37f847c635dab78348f1dff2f07651ee2a3d77a5c355a4b8c75f9165a?s=96&d=mm&r=g","contentUrl":"https:\/\/secure.gravatar.com\/avatar\/1b1a13e37f847c635dab78348f1dff2f07651ee2a3d77a5c355a4b8c75f9165a?s=96&d=mm&r=g","caption":"creativebitsolutions"},"url":"https:\/\/carpathiacenter.ro\/en\/author\/creativebitsolutions\/"}]}},"_links":{"self":[{"href":"https:\/\/carpathiacenter.ro\/en\/wp-json\/wp\/v2\/posts\/2543","targetHints":{"allow":["GET"]}}],"collection":[{"href":"https:\/\/carpathiacenter.ro\/en\/wp-json\/wp\/v2\/posts"}],"about":[{"href":"https:\/\/carpathiacenter.ro\/en\/wp-json\/wp\/v2\/types\/post"}],"author":[{"embeddable":true,"href":"https:\/\/carpathiacenter.ro\/en\/wp-json\/wp\/v2\/users\/4"}],"replies":[{"embeddable":true,"href":"https:\/\/carpathiacenter.ro\/en\/wp-json\/wp\/v2\/comments?post=2543"}],"version-history":[{"count":1,"href":"https:\/\/carpathiacenter.ro\/en\/wp-json\/wp\/v2\/posts\/2543\/revisions"}],"predecessor-version":[{"id":2545,"href":"https:\/\/carpathiacenter.ro\/en\/wp-json\/wp\/v2\/posts\/2543\/revisions\/2545"}],"wp:featuredmedia":[{"embeddable":true,"href":"https:\/\/carpathiacenter.ro\/en\/wp-json\/wp\/v2\/media\/2544"}],"wp:attachment":[{"href":"https:\/\/carpathiacenter.ro\/en\/wp-json\/wp\/v2\/media?parent=2543"}],"wp:term":[{"taxonomy":"category","embeddable":true,"href":"https:\/\/carpathiacenter.ro\/en\/wp-json\/wp\/v2\/categories?post=2543"},{"taxonomy":"post_tag","embeddable":true,"href":"https:\/\/carpathiacenter.ro\/en\/wp-json\/wp\/v2\/tags?post=2543"}],"curies":[{"name":"wp","href":"https:\/\/api.w.org\/{rel}","templated":true}]}}