{"id":2540,"date":"2025-06-17T09:30:00","date_gmt":"2025-06-17T09:30:00","guid":{"rendered":"https:\/\/carpathiacenter.ro\/?p=2540"},"modified":"2025-06-17T09:30:00","modified_gmt":"2025-06-17T09:30:00","slug":"tarile-din-ue-recunosc-ca-exista-lacune-in-privinta-interconexiunilor-energetice","status":"publish","type":"post","link":"https:\/\/carpathiacenter.ro\/en\/tarile-din-ue-recunosc-ca-exista-lacune-in-privinta-interconexiunilor-energetice\/","title":{"rendered":"\u021a\u0103rile din UE recunosc c\u0103 exist\u0103 &#8216;lacune&#8217; \u00een privin\u021ba interconexiunilor energetice"},"content":{"rendered":"<p>\u021a\u0103rile din Uniunea European\u0103 au recunoscut luni c\u0103 exist\u0103 \u00eenc\u0103 &#8216;importante lacune \u00een interconexiunile energetice&#8217;, \u00een pofida avansurilor \u00eenregistrate \u00een ultimii ani, o realitate care &#8216;pune \u00een pericol atingerea obiectivelor blocului comunitar de a construi o adev\u0103rat\u0103 uniune energetic\u0103&#8217;, relateaz\u0103 agen\u021bia EFE.<\/p>\n<p>Acest fapt este men\u021bionat \u00eentr-un document adoptat luni de 25 de mini\u0219tri ai Energiei din UE &#8211; Ungaria \u0219i Slovacia s-au distan\u021bat de document- \u00een care, de asemenea, este \u00eendemnat\u0103 Comisia European\u0103 s\u0103 impulsioneze proiectele de interconexiuni prioritare \u00een coridoare precum cel din sud-vestul blocului \u0219i s\u0103 abordeze problemele tehnice, de reglementare \u0219i financiare, pentru a le completa.<\/p>\n<p>Aceasta referin\u021b\u0103 la interconexiuni este unul dintre punctele asupra c\u0103ruia Spania a insistat s\u0103 fie inclus \u00een textul aprobat la pu\u021bin timp dup\u0103 producerea penei de curent generalizate din Peninsula Iberic\u0103, din 28 aprilie, care, de altfel, este men\u021bionat\u0103 \u00een text.<\/p>\n<p>Concret, documentul subliniaz\u0103, \u00een urma acestui episod, &#8216;rolul central pe care energia \u00eel joac\u0103 \u00een societate \u0219i necesitatea garant\u0103rii aprovizion\u0103rii&#8217; cu electricitate.<\/p>\n<p>&#8216;A\u0219tept\u0103m concluziile investiga\u021biei actuale, inclusiv rolul pe care l-au jucat interconexiunile \u00een timpul acestui incident \u0219i \u00een timpul fazei de recuperare&#8217;, scrie \u00een document.<\/p>\n<p>\u00cembun\u0103t\u0103\u021birea interconexiunilor \u00eentre Peninsula Iberic\u0103 \u0219i Fran\u021ba este una dintre revendic\u0103rile de lung\u0103 durat\u0103 ale Spaniei \u0219i Portugaliei, care, \u00een urma penei de curent, au \u00eendemnat Comisia European\u0103 \u0219i Parisul, \u00een scrisori separate, s\u0103 accelereze lucr\u0103rile pentru \u00eembun\u0103t\u0103\u021birea infrastructurilor energetice planificate pentru aceast\u0103 parte a blocului comunitar.<\/p>\n<p>\u00cen acest sens, membrii UE au subliniat importan\u021ba cre\u0219terii capacit\u0103\u021bii \u0219i a investi\u021biilor \u00een &#8216;noi interconexiuni energetice transfrontaliere&#8217; \u0219i a &#8216;abord\u0103rii semnificativelor \u0219i persistentelor discrepan\u021be privind pre\u021burile energiei&#8217; \u00een regiunile europene.<\/p>\n<p>Cele 25 de state care au sus\u021binut concluziile au remarcat, de asemenea, &#8216;importan\u021ba continu\u0103rii pe calea atingerii obiectivelor neutralit\u0103\u021bii climatice&#8217;, \u0219i au subliniat necesitatea &#8216;de a accelera implementarea energiei curate \u0219i de a \u00eembun\u0103t\u0103\u021bi eficien\u021ba energetic\u0103&#8217;.<\/p>\n<p>Aceste ac\u021biuni, adaug\u0103 ei, &#8216;nu doar c\u0103 vor \u00eembun\u0103t\u0103\u021bi costurile energetice, ci vor contribui \u0219i la autonomia energetic\u0103, vor reduce dependen\u021ba UE de combustibilii fosili \u0219i vor limita expunerea sa la volatilitatea pre\u021burilor&#8217;.<\/p>\n<p>\u00cen acest sens, este semnalat\u0103 necesitatea &#8216;cre\u0103rii unui context favorabil pentru tehnologiile de energie curat\u0103 care s\u0103 contribuie la neutralitate climatic\u0103&#8217;, inclusiv la \u00eenmagazinarea energiei.<\/p>\n<p>Textul nu a fost sus\u021binut de toate statele membre, deoarece Ungaria \u0219i Slovacia s-au distan\u021ba de el din cauza propunerilor legislative pe care Comisia European\u0103 le va prezenta mar\u021bi pentru interzice companiilor energetice europene s\u0103 semneze noi contracte pentru achizi\u021bia de gaze ruse\u0219ti.<\/p>\n<p>Scopul Bruxellesului este de a pune cap\u0103t tuturor importurilor de gaze ruse\u0219ti la finele lui 2027 \u0219i mar\u021bi va prezenta modul \u00een care o va face, cu accent pe companiile care vor trebui s\u0103 rezilieze contractele pe termen lung aflate \u00een curs, precum cea spaniol\u0103 Naturgy.<\/p>\n<p>Ministrul ungar de Afaceri Externe \u0219i Comer\u021b, Peter Szijarto, a justificat pozi\u021bia Guvernului s\u0103u pe re\u021belele sociale, unde a sus\u021binut c\u0103 &#8216;politica energetic\u0103 este o responsabilitate na\u021bional\u0103&#8217; \u0219i a avertizat c\u0103 planurile pentru rezilierea contractelor pentru gazele ruse\u0219ti &#8216;pun \u00een pericol suveranitatea \u0219i securitatea energetic\u0103&#8217; a \u021b\u0103rii sale.<\/p>\n<p>&#8216;Dat\u0103 fiind escaladarea evenimentelor \u00een Orientul Mijlociu, propunem ca un astfel de plan nici m\u0103car s\u0103 nu fie pus pe mas\u0103&#8217;, a transmis Szijjarto.<\/p>\n<p>Dar, \u00een conferin\u021ba de pres\u0103 ulterioar\u0103 reuniunii, comisarul european al Energiei \u0219i Locuin\u021bei, Dan Jorgensen, a ap\u0103rat propunerea pe care o va dezv\u0103lui mar\u021bi Executivul comunitar<br \/>\n\u0219i a ad\u0103ugat, \u00een plus, c\u0103 firmele nu vor avea probleme legale pentru c\u0103 vor trebui s\u0103 rezilieze contractele deoarece &#8216;este vorba despre o chestiune de for\u021b\u0103 major\u0103&#8217;, cum e cazul sanc\u021biunilor impuse Moscovei de la \u00eenceputul r\u0103zboiului contra Ucrainei. AGERPRES\/(AS-editor: Nicoleta Gherasi, editor online: Andreea L\u00e3z\u00e3roiu)<br \/>\n<br \/>\nSursa articolului:<a href=\"https:\/\/agerpres.ro\/economic-extern\/2025\/06\/16\/tarile-din-ue-recunosc-ca-exista-lacune-in-privinta-interconexiunilor-energetice--1459867\" target=\"_blank\" rel=\"noopener\" title=\"\">https:\/\/agerpres.ro\/economic-extern\/2025\/06\/16\/tarile-din-ue-recunosc-ca-exista-lacune-in-privinta-interconexiunilor-energetice&#8211;1459867<\/a><\/p>","protected":false},"excerpt":{"rendered":"<p>\u021a\u0103rile din Uniunea European\u0103 au recunoscut luni c\u0103 exist\u0103 \u00eenc\u0103 &#8216;importante lacune \u00een interconexiunile energetice&#8217;, \u00een pofida avansurilor \u00eenregistrate \u00een ultimii ani, o realitate care &#8216;pune \u00een pericol atingerea obiectivelor blocului comunitar de a construi o adev\u0103rat\u0103 uniune energetic\u0103&#8217;, relateaz\u0103 agen\u021bia EFE. Acest fapt este men\u021bionat \u00eentr-un document adoptat luni de 25 de mini\u0219tri ai&#8230;<\/p>","protected":false},"author":4,"featured_media":2541,"comment_status":"open","ping_status":"open","sticky":false,"template":"","format":"standard","meta":{"footnotes":""},"categories":[1],"tags":[],"class_list":["post-2540","post","type-post","status-publish","format-standard","has-post-thumbnail","hentry","category-uncategorized"],"yoast_head":"<!-- This site is optimized with the Yoast SEO plugin v26.1.1 - https:\/\/yoast.com\/wordpress\/plugins\/seo\/ -->\n<title>\u021a\u0103rile din UE recunosc c\u0103 exist\u0103 &#039;lacune&#039; \u00een privin\u021ba interconexiunilor energetice - Carpathia Center Romania<\/title>\n<meta name=\"robots\" content=\"index, follow, max-snippet:-1, max-image-preview:large, max-video-preview:-1\" \/>\n<link rel=\"canonical\" href=\"https:\/\/carpathiacenter.ro\/en\/tarile-din-ue-recunosc-ca-exista-lacune-in-privinta-interconexiunilor-energetice\/\" \/>\n<meta property=\"og:locale\" content=\"en_GB\" \/>\n<meta property=\"og:type\" content=\"article\" \/>\n<meta property=\"og:title\" content=\"\u021a\u0103rile din UE recunosc c\u0103 exist\u0103 &#039;lacune&#039; \u00een privin\u021ba interconexiunilor energetice - Carpathia Center Romania\" \/>\n<meta property=\"og:description\" content=\"\u021a\u0103rile din Uniunea European\u0103 au recunoscut luni c\u0103 exist\u0103 \u00eenc\u0103 &#8216;importante lacune \u00een interconexiunile energetice&#8217;, \u00een pofida avansurilor \u00eenregistrate \u00een ultimii ani, o realitate care &#8216;pune \u00een pericol atingerea obiectivelor blocului comunitar de a construi o adev\u0103rat\u0103 uniune energetic\u0103&#8217;, relateaz\u0103 agen\u021bia EFE. Acest fapt este men\u021bionat \u00eentr-un document adoptat luni de 25 de mini\u0219tri ai...\" \/>\n<meta property=\"og:url\" content=\"https:\/\/carpathiacenter.ro\/en\/tarile-din-ue-recunosc-ca-exista-lacune-in-privinta-interconexiunilor-energetice\/\" \/>\n<meta property=\"og:site_name\" content=\"Carpathia Center Romania\" \/>\n<meta property=\"article:publisher\" content=\"https:\/\/www.facebook.com\/fdpscarpathia\/\" \/>\n<meta property=\"article:published_time\" content=\"2025-06-17T09:30:00+00:00\" \/>\n<meta property=\"og:image\" content=\"https:\/\/carpathiacenter.ro\/wp-content\/uploads\/2025\/06\/parlamentul-european.jpg\" \/>\n\t<meta property=\"og:image:width\" content=\"500\" \/>\n\t<meta property=\"og:image:height\" content=\"375\" \/>\n\t<meta property=\"og:image:type\" content=\"image\/jpeg\" \/>\n<meta name=\"author\" content=\"creativebitsolutions\" \/>\n<meta name=\"twitter:card\" content=\"summary_large_image\" \/>\n<meta name=\"twitter:label1\" content=\"Written by\" \/>\n\t<meta name=\"twitter:data1\" content=\"creativebitsolutions\" \/>\n\t<meta name=\"twitter:label2\" content=\"Estimated reading time\" \/>\n\t<meta name=\"twitter:data2\" content=\"3 minutes\" \/>\n<script type=\"application\/ld+json\" class=\"yoast-schema-graph\">{\"@context\":\"https:\/\/schema.org\",\"@graph\":[{\"@type\":\"Article\",\"@id\":\"https:\/\/carpathiacenter.ro\/tarile-din-ue-recunosc-ca-exista-lacune-in-privinta-interconexiunilor-energetice\/#article\",\"isPartOf\":{\"@id\":\"https:\/\/carpathiacenter.ro\/tarile-din-ue-recunosc-ca-exista-lacune-in-privinta-interconexiunilor-energetice\/\"},\"author\":{\"name\":\"creativebitsolutions\",\"@id\":\"https:\/\/carpathiacenter.ro\/#\/schema\/person\/03d9f58202fee8379268f34afa195006\"},\"headline\":\"\u021a\u0103rile din UE recunosc c\u0103 exist\u0103 &#8216;lacune&#8217; \u00een privin\u021ba interconexiunilor energetice\",\"datePublished\":\"2025-06-17T09:30:00+00:00\",\"mainEntityOfPage\":{\"@id\":\"https:\/\/carpathiacenter.ro\/tarile-din-ue-recunosc-ca-exista-lacune-in-privinta-interconexiunilor-energetice\/\"},\"wordCount\":674,\"commentCount\":0,\"publisher\":{\"@id\":\"https:\/\/carpathiacenter.ro\/#organization\"},\"image\":{\"@id\":\"https:\/\/carpathiacenter.ro\/tarile-din-ue-recunosc-ca-exista-lacune-in-privinta-interconexiunilor-energetice\/#primaryimage\"},\"thumbnailUrl\":\"https:\/\/carpathiacenter.ro\/wp-content\/uploads\/2025\/06\/parlamentul-european.jpg\",\"articleSection\":[\"Uncategorized\"],\"inLanguage\":\"en-GB\",\"potentialAction\":[{\"@type\":\"CommentAction\",\"name\":\"Comment\",\"target\":[\"https:\/\/carpathiacenter.ro\/tarile-din-ue-recunosc-ca-exista-lacune-in-privinta-interconexiunilor-energetice\/#respond\"]}]},{\"@type\":\"WebPage\",\"@id\":\"https:\/\/carpathiacenter.ro\/tarile-din-ue-recunosc-ca-exista-lacune-in-privinta-interconexiunilor-energetice\/\",\"url\":\"https:\/\/carpathiacenter.ro\/tarile-din-ue-recunosc-ca-exista-lacune-in-privinta-interconexiunilor-energetice\/\",\"name\":\"\u021a\u0103rile din UE recunosc c\u0103 exist\u0103 'lacune' \u00een privin\u021ba interconexiunilor energetice - Carpathia Center Romania\",\"isPartOf\":{\"@id\":\"https:\/\/carpathiacenter.ro\/#website\"},\"primaryImageOfPage\":{\"@id\":\"https:\/\/carpathiacenter.ro\/tarile-din-ue-recunosc-ca-exista-lacune-in-privinta-interconexiunilor-energetice\/#primaryimage\"},\"image\":{\"@id\":\"https:\/\/carpathiacenter.ro\/tarile-din-ue-recunosc-ca-exista-lacune-in-privinta-interconexiunilor-energetice\/#primaryimage\"},\"thumbnailUrl\":\"https:\/\/carpathiacenter.ro\/wp-content\/uploads\/2025\/06\/parlamentul-european.jpg\",\"datePublished\":\"2025-06-17T09:30:00+00:00\",\"breadcrumb\":{\"@id\":\"https:\/\/carpathiacenter.ro\/tarile-din-ue-recunosc-ca-exista-lacune-in-privinta-interconexiunilor-energetice\/#breadcrumb\"},\"inLanguage\":\"en-GB\",\"potentialAction\":[{\"@type\":\"ReadAction\",\"target\":[\"https:\/\/carpathiacenter.ro\/tarile-din-ue-recunosc-ca-exista-lacune-in-privinta-interconexiunilor-energetice\/\"]}]},{\"@type\":\"ImageObject\",\"inLanguage\":\"en-GB\",\"@id\":\"https:\/\/carpathiacenter.ro\/tarile-din-ue-recunosc-ca-exista-lacune-in-privinta-interconexiunilor-energetice\/#primaryimage\",\"url\":\"https:\/\/carpathiacenter.ro\/wp-content\/uploads\/2025\/06\/parlamentul-european.jpg\",\"contentUrl\":\"https:\/\/carpathiacenter.ro\/wp-content\/uploads\/2025\/06\/parlamentul-european.jpg\",\"width\":500,\"height\":375},{\"@type\":\"BreadcrumbList\",\"@id\":\"https:\/\/carpathiacenter.ro\/tarile-din-ue-recunosc-ca-exista-lacune-in-privinta-interconexiunilor-energetice\/#breadcrumb\",\"itemListElement\":[{\"@type\":\"ListItem\",\"position\":1,\"name\":\"Prima pagin\u0103\",\"item\":\"https:\/\/carpathiacenter.ro\/\"},{\"@type\":\"ListItem\",\"position\":2,\"name\":\"\u021a\u0103rile din UE recunosc c\u0103 exist\u0103 &#8216;lacune&#8217; \u00een privin\u021ba interconexiunilor energetice\"}]},{\"@type\":\"WebSite\",\"@id\":\"https:\/\/carpathiacenter.ro\/#website\",\"url\":\"https:\/\/carpathiacenter.ro\/\",\"name\":\"Carpathia Center Romania\",\"description\":\"Impossible made possible!\",\"publisher\":{\"@id\":\"https:\/\/carpathiacenter.ro\/#organization\"},\"potentialAction\":[{\"@type\":\"SearchAction\",\"target\":{\"@type\":\"EntryPoint\",\"urlTemplate\":\"https:\/\/carpathiacenter.ro\/?s={search_term_string}\"},\"query-input\":{\"@type\":\"PropertyValueSpecification\",\"valueRequired\":true,\"valueName\":\"search_term_string\"}}],\"inLanguage\":\"en-GB\"},{\"@type\":\"Organization\",\"@id\":\"https:\/\/carpathiacenter.ro\/#organization\",\"name\":\"Carpathia Center Romania\",\"url\":\"https:\/\/carpathiacenter.ro\/\",\"logo\":{\"@type\":\"ImageObject\",\"inLanguage\":\"en-GB\",\"@id\":\"https:\/\/carpathiacenter.ro\/#\/schema\/logo\/image\/\",\"url\":\"https:\/\/carpathiacenter.ro\/wp-content\/uploads\/2024\/07\/logo-carpathia_bg_white-1024x941.png\",\"contentUrl\":\"https:\/\/carpathiacenter.ro\/wp-content\/uploads\/2024\/07\/logo-carpathia_bg_white-1024x941.png\",\"width\":1024,\"height\":941,\"caption\":\"Carpathia Center Romania\"},\"image\":{\"@id\":\"https:\/\/carpathiacenter.ro\/#\/schema\/logo\/image\/\"},\"sameAs\":[\"https:\/\/www.facebook.com\/fdpscarpathia\/\"]},{\"@type\":\"Person\",\"@id\":\"https:\/\/carpathiacenter.ro\/#\/schema\/person\/03d9f58202fee8379268f34afa195006\",\"name\":\"creativebitsolutions\",\"image\":{\"@type\":\"ImageObject\",\"inLanguage\":\"en-GB\",\"@id\":\"https:\/\/carpathiacenter.ro\/#\/schema\/person\/image\/\",\"url\":\"https:\/\/secure.gravatar.com\/avatar\/1b1a13e37f847c635dab78348f1dff2f07651ee2a3d77a5c355a4b8c75f9165a?s=96&d=mm&r=g\",\"contentUrl\":\"https:\/\/secure.gravatar.com\/avatar\/1b1a13e37f847c635dab78348f1dff2f07651ee2a3d77a5c355a4b8c75f9165a?s=96&d=mm&r=g\",\"caption\":\"creativebitsolutions\"},\"url\":\"https:\/\/carpathiacenter.ro\/en\/author\/creativebitsolutions\/\"}]}<\/script>\n<!-- \/ Yoast SEO plugin. -->","yoast_head_json":{"title":"\u021a\u0103rile din UE recunosc c\u0103 exist\u0103 'lacune' \u00een privin\u021ba interconexiunilor energetice - Carpathia Center Romania","robots":{"index":"index","follow":"follow","max-snippet":"max-snippet:-1","max-image-preview":"max-image-preview:large","max-video-preview":"max-video-preview:-1"},"canonical":"https:\/\/carpathiacenter.ro\/en\/tarile-din-ue-recunosc-ca-exista-lacune-in-privinta-interconexiunilor-energetice\/","og_locale":"en_GB","og_type":"article","og_title":"\u021a\u0103rile din UE recunosc c\u0103 exist\u0103 'lacune' \u00een privin\u021ba interconexiunilor energetice - Carpathia Center Romania","og_description":"\u021a\u0103rile din Uniunea European\u0103 au recunoscut luni c\u0103 exist\u0103 \u00eenc\u0103 &#8216;importante lacune \u00een interconexiunile energetice&#8217;, \u00een pofida avansurilor \u00eenregistrate \u00een ultimii ani, o realitate care &#8216;pune \u00een pericol atingerea obiectivelor blocului comunitar de a construi o adev\u0103rat\u0103 uniune energetic\u0103&#8217;, relateaz\u0103 agen\u021bia EFE. Acest fapt este men\u021bionat \u00eentr-un document adoptat luni de 25 de mini\u0219tri ai...","og_url":"https:\/\/carpathiacenter.ro\/en\/tarile-din-ue-recunosc-ca-exista-lacune-in-privinta-interconexiunilor-energetice\/","og_site_name":"Carpathia Center Romania","article_publisher":"https:\/\/www.facebook.com\/fdpscarpathia\/","article_published_time":"2025-06-17T09:30:00+00:00","og_image":[{"width":500,"height":375,"url":"https:\/\/carpathiacenter.ro\/wp-content\/uploads\/2025\/06\/parlamentul-european.jpg","type":"image\/jpeg"}],"author":"creativebitsolutions","twitter_card":"summary_large_image","twitter_misc":{"Written by":"creativebitsolutions","Estimated reading time":"3 minutes"},"schema":{"@context":"https:\/\/schema.org","@graph":[{"@type":"Article","@id":"https:\/\/carpathiacenter.ro\/tarile-din-ue-recunosc-ca-exista-lacune-in-privinta-interconexiunilor-energetice\/#article","isPartOf":{"@id":"https:\/\/carpathiacenter.ro\/tarile-din-ue-recunosc-ca-exista-lacune-in-privinta-interconexiunilor-energetice\/"},"author":{"name":"creativebitsolutions","@id":"https:\/\/carpathiacenter.ro\/#\/schema\/person\/03d9f58202fee8379268f34afa195006"},"headline":"\u021a\u0103rile din UE recunosc c\u0103 exist\u0103 &#8216;lacune&#8217; \u00een privin\u021ba interconexiunilor energetice","datePublished":"2025-06-17T09:30:00+00:00","mainEntityOfPage":{"@id":"https:\/\/carpathiacenter.ro\/tarile-din-ue-recunosc-ca-exista-lacune-in-privinta-interconexiunilor-energetice\/"},"wordCount":674,"commentCount":0,"publisher":{"@id":"https:\/\/carpathiacenter.ro\/#organization"},"image":{"@id":"https:\/\/carpathiacenter.ro\/tarile-din-ue-recunosc-ca-exista-lacune-in-privinta-interconexiunilor-energetice\/#primaryimage"},"thumbnailUrl":"https:\/\/carpathiacenter.ro\/wp-content\/uploads\/2025\/06\/parlamentul-european.jpg","articleSection":["Uncategorized"],"inLanguage":"en-GB","potentialAction":[{"@type":"CommentAction","name":"Comment","target":["https:\/\/carpathiacenter.ro\/tarile-din-ue-recunosc-ca-exista-lacune-in-privinta-interconexiunilor-energetice\/#respond"]}]},{"@type":"WebPage","@id":"https:\/\/carpathiacenter.ro\/tarile-din-ue-recunosc-ca-exista-lacune-in-privinta-interconexiunilor-energetice\/","url":"https:\/\/carpathiacenter.ro\/tarile-din-ue-recunosc-ca-exista-lacune-in-privinta-interconexiunilor-energetice\/","name":"\u021a\u0103rile din UE recunosc c\u0103 exist\u0103 'lacune' \u00een privin\u021ba interconexiunilor energetice - Carpathia Center Romania","isPartOf":{"@id":"https:\/\/carpathiacenter.ro\/#website"},"primaryImageOfPage":{"@id":"https:\/\/carpathiacenter.ro\/tarile-din-ue-recunosc-ca-exista-lacune-in-privinta-interconexiunilor-energetice\/#primaryimage"},"image":{"@id":"https:\/\/carpathiacenter.ro\/tarile-din-ue-recunosc-ca-exista-lacune-in-privinta-interconexiunilor-energetice\/#primaryimage"},"thumbnailUrl":"https:\/\/carpathiacenter.ro\/wp-content\/uploads\/2025\/06\/parlamentul-european.jpg","datePublished":"2025-06-17T09:30:00+00:00","breadcrumb":{"@id":"https:\/\/carpathiacenter.ro\/tarile-din-ue-recunosc-ca-exista-lacune-in-privinta-interconexiunilor-energetice\/#breadcrumb"},"inLanguage":"en-GB","potentialAction":[{"@type":"ReadAction","target":["https:\/\/carpathiacenter.ro\/tarile-din-ue-recunosc-ca-exista-lacune-in-privinta-interconexiunilor-energetice\/"]}]},{"@type":"ImageObject","inLanguage":"en-GB","@id":"https:\/\/carpathiacenter.ro\/tarile-din-ue-recunosc-ca-exista-lacune-in-privinta-interconexiunilor-energetice\/#primaryimage","url":"https:\/\/carpathiacenter.ro\/wp-content\/uploads\/2025\/06\/parlamentul-european.jpg","contentUrl":"https:\/\/carpathiacenter.ro\/wp-content\/uploads\/2025\/06\/parlamentul-european.jpg","width":500,"height":375},{"@type":"BreadcrumbList","@id":"https:\/\/carpathiacenter.ro\/tarile-din-ue-recunosc-ca-exista-lacune-in-privinta-interconexiunilor-energetice\/#breadcrumb","itemListElement":[{"@type":"ListItem","position":1,"name":"Prima pagin\u0103","item":"https:\/\/carpathiacenter.ro\/"},{"@type":"ListItem","position":2,"name":"\u021a\u0103rile din UE recunosc c\u0103 exist\u0103 &#8216;lacune&#8217; \u00een privin\u021ba interconexiunilor energetice"}]},{"@type":"WebSite","@id":"https:\/\/carpathiacenter.ro\/#website","url":"https:\/\/carpathiacenter.ro\/","name":"Carpathia Center Romania","description":"Impossible made possible!","publisher":{"@id":"https:\/\/carpathiacenter.ro\/#organization"},"potentialAction":[{"@type":"SearchAction","target":{"@type":"EntryPoint","urlTemplate":"https:\/\/carpathiacenter.ro\/?s={search_term_string}"},"query-input":{"@type":"PropertyValueSpecification","valueRequired":true,"valueName":"search_term_string"}}],"inLanguage":"en-GB"},{"@type":"Organization","@id":"https:\/\/carpathiacenter.ro\/#organization","name":"Carpathia Center Romania","url":"https:\/\/carpathiacenter.ro\/","logo":{"@type":"ImageObject","inLanguage":"en-GB","@id":"https:\/\/carpathiacenter.ro\/#\/schema\/logo\/image\/","url":"https:\/\/carpathiacenter.ro\/wp-content\/uploads\/2024\/07\/logo-carpathia_bg_white-1024x941.png","contentUrl":"https:\/\/carpathiacenter.ro\/wp-content\/uploads\/2024\/07\/logo-carpathia_bg_white-1024x941.png","width":1024,"height":941,"caption":"Carpathia Center Romania"},"image":{"@id":"https:\/\/carpathiacenter.ro\/#\/schema\/logo\/image\/"},"sameAs":["https:\/\/www.facebook.com\/fdpscarpathia\/"]},{"@type":"Person","@id":"https:\/\/carpathiacenter.ro\/#\/schema\/person\/03d9f58202fee8379268f34afa195006","name":"creativebitsolutions","image":{"@type":"ImageObject","inLanguage":"en-GB","@id":"https:\/\/carpathiacenter.ro\/#\/schema\/person\/image\/","url":"https:\/\/secure.gravatar.com\/avatar\/1b1a13e37f847c635dab78348f1dff2f07651ee2a3d77a5c355a4b8c75f9165a?s=96&d=mm&r=g","contentUrl":"https:\/\/secure.gravatar.com\/avatar\/1b1a13e37f847c635dab78348f1dff2f07651ee2a3d77a5c355a4b8c75f9165a?s=96&d=mm&r=g","caption":"creativebitsolutions"},"url":"https:\/\/carpathiacenter.ro\/en\/author\/creativebitsolutions\/"}]}},"_links":{"self":[{"href":"https:\/\/carpathiacenter.ro\/en\/wp-json\/wp\/v2\/posts\/2540","targetHints":{"allow":["GET"]}}],"collection":[{"href":"https:\/\/carpathiacenter.ro\/en\/wp-json\/wp\/v2\/posts"}],"about":[{"href":"https:\/\/carpathiacenter.ro\/en\/wp-json\/wp\/v2\/types\/post"}],"author":[{"embeddable":true,"href":"https:\/\/carpathiacenter.ro\/en\/wp-json\/wp\/v2\/users\/4"}],"replies":[{"embeddable":true,"href":"https:\/\/carpathiacenter.ro\/en\/wp-json\/wp\/v2\/comments?post=2540"}],"version-history":[{"count":1,"href":"https:\/\/carpathiacenter.ro\/en\/wp-json\/wp\/v2\/posts\/2540\/revisions"}],"predecessor-version":[{"id":2542,"href":"https:\/\/carpathiacenter.ro\/en\/wp-json\/wp\/v2\/posts\/2540\/revisions\/2542"}],"wp:featuredmedia":[{"embeddable":true,"href":"https:\/\/carpathiacenter.ro\/en\/wp-json\/wp\/v2\/media\/2541"}],"wp:attachment":[{"href":"https:\/\/carpathiacenter.ro\/en\/wp-json\/wp\/v2\/media?parent=2540"}],"wp:term":[{"taxonomy":"category","embeddable":true,"href":"https:\/\/carpathiacenter.ro\/en\/wp-json\/wp\/v2\/categories?post=2540"},{"taxonomy":"post_tag","embeddable":true,"href":"https:\/\/carpathiacenter.ro\/en\/wp-json\/wp\/v2\/tags?post=2540"}],"curies":[{"name":"wp","href":"https:\/\/api.w.org\/{rel}","templated":true}]}}