{"id":2537,"date":"2025-06-16T11:10:27","date_gmt":"2025-06-16T11:10:27","guid":{"rendered":"https:\/\/carpathiacenter.ro\/?p=2537"},"modified":"2025-06-16T11:10:27","modified_gmt":"2025-06-16T11:10:27","slug":"fpior-orice-crestere-de-tva-va-inchide-multe-afaceri-din-industria-ospitalitatii-din-romania","status":"publish","type":"post","link":"https:\/\/carpathiacenter.ro\/en\/fpior-orice-crestere-de-tva-va-inchide-multe-afaceri-din-industria-ospitalitatii-din-romania\/","title":{"rendered":"FPIOR: Orice cre\u0219tere de TVA va \u00eenchide multe afaceri din industria ospitalit\u0103\u021bii din Rom\u00e2nia"},"content":{"rendered":"<p><strong>Orice cre\u0219tere de TVA, chiar \u0219i de 1%, va \u00eenchide foarte multe business-uri de dimensiuni mici \u0219i medii din industria ospitalit\u0103\u021bii din Rom\u00e2nia \u0219i va \u00eengreuna activitatea tuturor celor care vor r\u0103m\u00e2ne pe pia\u021b\u0103, se men\u021bioneaz\u0103 \u00eentr-un comunicat al Federa\u021biei Patronatelor din Industria Ospitalit\u0103\u021bii din Rom\u00e2nia (FPIOR).<\/strong><\/p>\n<p>Reprezentan\u021bii FPIOR au f\u0103cut referire la informa\u021biile vehiculate \u00een spa\u021biul public, potrivit c\u0103rora TVA pentru HoReCa ar urma s\u0103 creasc\u0103 la 15%, de la 9% \u00een prezent.<\/p>\n<p>&#8216;Federa\u021bia Patronatelor din Industria Ospitalit\u0103\u021bii din Rom\u00e2nia trage un semnal de alarm\u0103 \u00een urma zvonurilor cu privire la cre\u0219terea TVA pentru HoReCa de la 9% la 15%: orice cre\u0219tere, chiar \u0219i de 1%, va \u00eenchide foarte multe business-uri de dimensiuni mici \u0219i medii \u0219i va \u00eengreuna activitatea tuturor celor care vor r\u0103m\u00e2ne \u00een picioare, fiind nevoi\u021bi s\u0103 elimine investi\u021biile pentru dezvoltare, s\u0103 reduc\u0103 din cheltuielile cu personalul \u0219i, \u00een cel mai r\u0103u caz, s\u0103 creasc\u0103 pre\u021bul final&#8217;, se men\u021bioneaz\u0103 \u00een comunicat.<\/p>\n<p><strong>Pre\u0219edinta Asocia\u021biei patronale Resto Constan\u021ba \u0219i secretar general al FPIOR, Corina Martin, a men\u021bionat c\u0103 majorarea TVA va determina &#8216;o lovitur\u0103 devastatoare&#8217;, dublat\u0103 de eliminarea tichetelor de vacan\u021b\u0103.<\/strong><\/p>\n<p>&#8216;Majorarea TVA va determina o lovitur\u0103 devastatoare asupra sectorului nostru. Nu reu\u0219im s\u0103 \u00een\u021belegem motivul pentru care liderii politici nu \u00een\u021beleg s\u0103 sus\u021bin\u0103 \u0219i s\u0103 foloseasc\u0103 industria turismului ca imagine pozitiv\u0103 a Rom\u00e2niei, cu care s\u0103 ne prezent\u0103m \u0219i s\u0103 ne promov\u0103m \u00een lume. Este at\u00e2t de bine cunoscut faptul c\u0103 turismul reprezint\u0103 un ambasador asupra imaginii Rom\u00e2niei. Nu po\u021bi s\u0103 vorbe\u0219ti despre Rom\u00e2nia f\u0103r\u0103 a te raporta \u00een primul r\u00e2nd la cultura, istoria, destina\u021biile fantastice \u0219i unice, gastronomia \u0219i tradi\u021biile noastre care ne fac speciali. Din p\u0103cate, \u00eens\u0103, Rom\u00e2nia nu reu\u0219e\u0219te s\u0103 atrag\u0103 mai mult de 2,5 milioane turi\u0219ti str\u0103ini pe an \u0219i \u00ee\u0219i pierde acum, cov\u00e2r\u0219itor, \u0219i turi\u0219tii rom\u00e2ni, prin eliminarea tichetelor de vacan\u021b\u0103. A\u0219adar vom avea o dubl\u0103 lovitur\u0103, cu impact devastator asupra industriei.&#8217;, a spus Corina Martin.<\/p>\n<p><strong>La r\u00e2ndul s\u0103u, Valentin \u0218oneriu, pre\u0219edinte Federa\u021biei Patronatelor din Industria Ospitalit\u0103\u021bii, Director General al CarmOlimp, sus\u021bine c\u0103 30% din industria HoReCa va disp\u0103rea dac\u0103 va fi majorat\u0103 TVA conform informa\u021biilor vehiculate \u00een spa\u021biul public.<\/strong><\/p>\n<p>&#8216;Dac\u0103 se dovede\u0219te c\u0103 acestea vor fi taxele, 30% din industria HoReCa va disp\u0103rea. Consider totu\u0219i c\u0103 nu se va ajunge aici, ci se va apela la o solu\u021bie de echilibru, c\u0103ci nu cred ca este cineva at\u00e2t de deconectat de la realitatea pie\u021bei. \u00cen aceast\u0103 industrie este important sa sprijinim autenticitatea nu volumul dac\u0103 nu ne dorim o industrie de &#8216;fast-food&#8217; c\u00e2nd suntem \u00een plin\u0103 dezvoltare \u0219i consolidare a unei industrii mature de ospitalitate. Cu siguran\u021b\u0103 niciun antreprenor mic nu va rezista la a\u0219a ceva&#8217;, a afirmat Valentin \u0218oneriu.<\/p>\n<p>Conform sursei citate, un studiu realizat de FPIOR &#8211; &#8216;Fiscalitatea \u00een ospitalitate 2025&#8217; arat\u0103 care au fost efectele major\u0103rii TVA-ului.<\/p>\n<p>&#8216;Grecia, \u00een anul 2011, a crescut TVA-ul de la 13% la 23% \u00een domeniul ospitalit\u0103\u021bii, rezult\u00e2nd pre\u021buri finale mai mari cu 4,7%, o cre\u0219terea evaziunii fiscale de 38%, sc\u0103derea v\u00e2nz\u0103rilor \u0219i migrarea afacerilor mici c\u0103tre un sistem de cash-only. \u00cen Spania, \u00een 2012, o cre\u0219tere de doar 2% a avut ca efect pierderea a 55.000 de locuri de munc\u0103 din ospitalitate (sc\u0103dere de 3,3%), volumul v\u00e2nz\u0103rilor \u00een ospitalitate a sc\u0103zut accelerat cu 6,2%, \u00een primele 4 luni, iar munca la negru a crescut cu 12%&#8217;, se precizeaz\u0103 \u00een comunicat.<\/p>\n<p>La polul opus, \u00een toate cazurile analizate, sc\u0103derile TVA au generat mai multe locuri de munc\u0103, o putere de cump\u0103rare mai mare \u0219i \u00eencas\u0103ri peste a\u0219tept\u0103ri la bugetul de stat.<\/p>\n<p>&#8216;\u00cen acest studiu am analizat impactul unor cre\u0219teri, \u0219i a unor sc\u0103deri de TVA ale \u021b\u0103rilor europene cu o industrie dezvoltat\u0103 a ospitalit\u0103\u021bii. (&#8230;) Sc\u0103derile de TVA genereaz\u0103 cel mai frecvent impact pozitiv asupra: cre\u0219terii locurilor de munc\u0103 \u00een industria ospitalit\u0103\u021bii, a salariilor medii, a deschiderii de afaceri \u00een domeniu, a competitivit\u0103\u021bii regionale, a combaterii evaziunii prin transparentizare, a profiturilor industriei. Cre\u0219terile de TVA genereaz\u0103 impact negativ pe to\u021bi ace\u0219ti indicatori men\u021biona\u021bi anterior. Cel mai interesant este c\u0103 \u021bintele de colectare sporit\u0103 de TVA au fost cel mai adesea ratate prin cre\u0219teri, \u00een timp ce efortul bugetar a fost mult mai mic dec\u00e2t cel anticipat \u00een cazul sc\u0103derilor de cot\u0103 de TVA pentru c\u0103 a crescut volumul afacerilor \u0219i implicit TVA la buget. Nu \u00een ultimul r\u00e2nd, politicile publice iau \u00een calcul faptul c\u0103 acest sector angajeaz\u0103 un num\u0103r semnificativ de resurse umane, este &#8216;labour intensive&#8217;, motiv pentru care un procent semnificativ al popula\u021biei va sim\u021bi impactul varia\u021biei tax\u0103rii sectoriale. O lec\u021bie relevant\u0103 \u00eenv\u0103\u021bat\u0103 urm\u0103rind practica european\u0103 este c\u0103 digitalizarea raport\u0103rii \u0219i a practicilor fiscale, prin efectele lor de transparentizare contribuie mai eficient la cre\u0219terea colect\u0103rii de taxe fa\u021b\u0103 de cre\u0219terea acestora.&#8217;, a afirmat Lorin Dragan, pre\u0219edinte executiv Hotrecc Ia\u0219i)<\/p>\n<p><strong>Reprezentan\u021bii industriei sus\u021bin c\u0103, de\u0219i la \u00eent\u00e2lnirea cu pre\u0219edintele Nicu\u0219or Dan au fost asigura\u021bi c\u0103 TVA nu va cre\u0219te, &#8216;zvonurile continu\u0103 s\u0103 \u00eengrijoreze reprezentan\u021bii din industria ospitalit\u0103\u021bii&#8217;.<\/strong><\/p>\n<p>&#8216;Dac\u0103 aceast\u0103 m\u0103sur\u0103 de cre\u0219tere a TVA-ului \u00een HoReCa, \u00een turism, va fi totu\u0219i aprobat\u0103, vom asista cu neputin\u021b\u0103 \u00een urm\u0103toarele luni la falimente, la pr\u0103bu\u0219irea turismului deja foarte \u0219ubred. Mecanismele statului \u0219i deciziile adoptate vor duce practic la \u00eentoarcerea \u00een zona de negru, indirect va fi \u00eencurajat\u0103 concuren\u021ba neloial\u0103, evaziunea fiscal\u0103, deci vom \u00eencasa mai pu\u021bini bani \u0219i nu mai mul\u021bi.&#8217;, a declarat Alex Costea, pre\u0219edinte Hotrecc Ia\u0219i.<\/p>\n<p>Federa\u021bia Patronatelor din Industria Ospitalit\u0103\u021bii din Rom\u00e2nia este cea mai mare organiza\u021bie na\u021bional\u0103 din domeniu, care reune\u0219te peste 1.000 de companii \u0219i reprezint\u0103 24 de jude\u021be ale \u021b\u0103rii, plus municipiul Bucure\u0219ti, 29 de patronate \u0219i peste 26 000 de angaja\u021bi. AGERPRES\/(AS &#8211; editor: Nicoleta B\u0103nciulea, editor online: Andreea Preda)<br \/>\n<br \/>\nSursa articolului:<a href=\"https:\/\/agerpres.ro\/economic\/2025\/06\/15\/fpior-orice-crestere-de-tva-va-inchide-multe-afaceri-din-industria-ospitalitatii-din-romania--1459532\" target=\"_blank\" rel=\"noopener\" title=\"\">https:\/\/agerpres.ro\/economic\/2025\/06\/15\/fpior-orice-crestere-de-tva-va-inchide-multe-afaceri-din-industria-ospitalitatii-din-romania&#8211;1459532<\/a><\/p>","protected":false},"excerpt":{"rendered":"<p>Orice cre\u0219tere de TVA, chiar \u0219i de 1%, va \u00eenchide foarte multe business-uri de dimensiuni mici \u0219i medii din industria ospitalit\u0103\u021bii din Rom\u00e2nia \u0219i va \u00eengreuna activitatea tuturor celor care vor r\u0103m\u00e2ne pe pia\u021b\u0103, se men\u021bioneaz\u0103 \u00eentr-un comunicat al Federa\u021biei Patronatelor din Industria Ospitalit\u0103\u021bii din Rom\u00e2nia (FPIOR). Reprezentan\u021bii FPIOR au f\u0103cut referire la informa\u021biile vehiculate&#8230;<\/p>","protected":false},"author":4,"featured_media":2538,"comment_status":"open","ping_status":"open","sticky":false,"template":"","format":"standard","meta":{"footnotes":""},"categories":[1],"tags":[],"class_list":["post-2537","post","type-post","status-publish","format-standard","has-post-thumbnail","hentry","category-uncategorized"],"yoast_head":"<!-- This site is optimized with the Yoast SEO plugin v26.1.1 - https:\/\/yoast.com\/wordpress\/plugins\/seo\/ -->\n<title>FPIOR: Orice cre\u0219tere de TVA va \u00eenchide multe afaceri din industria ospitalit\u0103\u021bii din Rom\u00e2nia - Carpathia Center Romania<\/title>\n<meta name=\"robots\" content=\"index, follow, max-snippet:-1, max-image-preview:large, max-video-preview:-1\" \/>\n<link rel=\"canonical\" href=\"https:\/\/carpathiacenter.ro\/en\/fpior-orice-crestere-de-tva-va-inchide-multe-afaceri-din-industria-ospitalitatii-din-romania\/\" \/>\n<meta property=\"og:locale\" content=\"en_GB\" \/>\n<meta property=\"og:type\" content=\"article\" \/>\n<meta property=\"og:title\" content=\"FPIOR: Orice cre\u0219tere de TVA va \u00eenchide multe afaceri din industria ospitalit\u0103\u021bii din Rom\u00e2nia - Carpathia Center Romania\" \/>\n<meta property=\"og:description\" content=\"Orice cre\u0219tere de TVA, chiar \u0219i de 1%, va \u00eenchide foarte multe business-uri de dimensiuni mici \u0219i medii din industria ospitalit\u0103\u021bii din Rom\u00e2nia \u0219i va \u00eengreuna activitatea tuturor celor care vor r\u0103m\u00e2ne pe pia\u021b\u0103, se men\u021bioneaz\u0103 \u00eentr-un comunicat al Federa\u021biei Patronatelor din Industria Ospitalit\u0103\u021bii din Rom\u00e2nia (FPIOR). Reprezentan\u021bii FPIOR au f\u0103cut referire la informa\u021biile vehiculate...\" \/>\n<meta property=\"og:url\" content=\"https:\/\/carpathiacenter.ro\/en\/fpior-orice-crestere-de-tva-va-inchide-multe-afaceri-din-industria-ospitalitatii-din-romania\/\" \/>\n<meta property=\"og:site_name\" content=\"Carpathia Center Romania\" \/>\n<meta property=\"article:publisher\" content=\"https:\/\/www.facebook.com\/fdpscarpathia\/\" \/>\n<meta property=\"article:published_time\" content=\"2025-06-16T11:10:27+00:00\" \/>\n<meta property=\"og:image\" content=\"https:\/\/carpathiacenter.ro\/wp-content\/uploads\/2025\/06\/image.jpg\" \/>\n\t<meta property=\"og:image:width\" content=\"1024\" \/>\n\t<meta property=\"og:image:height\" content=\"768\" \/>\n\t<meta property=\"og:image:type\" content=\"image\/jpeg\" \/>\n<meta name=\"author\" content=\"creativebitsolutions\" \/>\n<meta name=\"twitter:card\" content=\"summary_large_image\" \/>\n<meta name=\"twitter:label1\" content=\"Written by\" \/>\n\t<meta name=\"twitter:data1\" content=\"creativebitsolutions\" \/>\n\t<meta name=\"twitter:label2\" content=\"Estimated reading time\" \/>\n\t<meta name=\"twitter:data2\" content=\"5 minutes\" \/>\n<script type=\"application\/ld+json\" class=\"yoast-schema-graph\">{\"@context\":\"https:\/\/schema.org\",\"@graph\":[{\"@type\":\"Article\",\"@id\":\"https:\/\/carpathiacenter.ro\/fpior-orice-crestere-de-tva-va-inchide-multe-afaceri-din-industria-ospitalitatii-din-romania\/#article\",\"isPartOf\":{\"@id\":\"https:\/\/carpathiacenter.ro\/fpior-orice-crestere-de-tva-va-inchide-multe-afaceri-din-industria-ospitalitatii-din-romania\/\"},\"author\":{\"name\":\"creativebitsolutions\",\"@id\":\"https:\/\/carpathiacenter.ro\/#\/schema\/person\/03d9f58202fee8379268f34afa195006\"},\"headline\":\"FPIOR: Orice cre\u0219tere de TVA va \u00eenchide multe afaceri din industria ospitalit\u0103\u021bii din Rom\u00e2nia\",\"datePublished\":\"2025-06-16T11:10:27+00:00\",\"mainEntityOfPage\":{\"@id\":\"https:\/\/carpathiacenter.ro\/fpior-orice-crestere-de-tva-va-inchide-multe-afaceri-din-industria-ospitalitatii-din-romania\/\"},\"wordCount\":1074,\"commentCount\":0,\"publisher\":{\"@id\":\"https:\/\/carpathiacenter.ro\/#organization\"},\"image\":{\"@id\":\"https:\/\/carpathiacenter.ro\/fpior-orice-crestere-de-tva-va-inchide-multe-afaceri-din-industria-ospitalitatii-din-romania\/#primaryimage\"},\"thumbnailUrl\":\"https:\/\/carpathiacenter.ro\/wp-content\/uploads\/2025\/06\/image.jpg\",\"articleSection\":[\"Uncategorized\"],\"inLanguage\":\"en-GB\",\"potentialAction\":[{\"@type\":\"CommentAction\",\"name\":\"Comment\",\"target\":[\"https:\/\/carpathiacenter.ro\/fpior-orice-crestere-de-tva-va-inchide-multe-afaceri-din-industria-ospitalitatii-din-romania\/#respond\"]}]},{\"@type\":\"WebPage\",\"@id\":\"https:\/\/carpathiacenter.ro\/fpior-orice-crestere-de-tva-va-inchide-multe-afaceri-din-industria-ospitalitatii-din-romania\/\",\"url\":\"https:\/\/carpathiacenter.ro\/fpior-orice-crestere-de-tva-va-inchide-multe-afaceri-din-industria-ospitalitatii-din-romania\/\",\"name\":\"FPIOR: Orice cre\u0219tere de TVA va \u00eenchide multe afaceri din industria ospitalit\u0103\u021bii din Rom\u00e2nia - Carpathia Center Romania\",\"isPartOf\":{\"@id\":\"https:\/\/carpathiacenter.ro\/#website\"},\"primaryImageOfPage\":{\"@id\":\"https:\/\/carpathiacenter.ro\/fpior-orice-crestere-de-tva-va-inchide-multe-afaceri-din-industria-ospitalitatii-din-romania\/#primaryimage\"},\"image\":{\"@id\":\"https:\/\/carpathiacenter.ro\/fpior-orice-crestere-de-tva-va-inchide-multe-afaceri-din-industria-ospitalitatii-din-romania\/#primaryimage\"},\"thumbnailUrl\":\"https:\/\/carpathiacenter.ro\/wp-content\/uploads\/2025\/06\/image.jpg\",\"datePublished\":\"2025-06-16T11:10:27+00:00\",\"breadcrumb\":{\"@id\":\"https:\/\/carpathiacenter.ro\/fpior-orice-crestere-de-tva-va-inchide-multe-afaceri-din-industria-ospitalitatii-din-romania\/#breadcrumb\"},\"inLanguage\":\"en-GB\",\"potentialAction\":[{\"@type\":\"ReadAction\",\"target\":[\"https:\/\/carpathiacenter.ro\/fpior-orice-crestere-de-tva-va-inchide-multe-afaceri-din-industria-ospitalitatii-din-romania\/\"]}]},{\"@type\":\"ImageObject\",\"inLanguage\":\"en-GB\",\"@id\":\"https:\/\/carpathiacenter.ro\/fpior-orice-crestere-de-tva-va-inchide-multe-afaceri-din-industria-ospitalitatii-din-romania\/#primaryimage\",\"url\":\"https:\/\/carpathiacenter.ro\/wp-content\/uploads\/2025\/06\/image.jpg\",\"contentUrl\":\"https:\/\/carpathiacenter.ro\/wp-content\/uploads\/2025\/06\/image.jpg\",\"width\":1024,\"height\":768},{\"@type\":\"BreadcrumbList\",\"@id\":\"https:\/\/carpathiacenter.ro\/fpior-orice-crestere-de-tva-va-inchide-multe-afaceri-din-industria-ospitalitatii-din-romania\/#breadcrumb\",\"itemListElement\":[{\"@type\":\"ListItem\",\"position\":1,\"name\":\"Prima pagin\u0103\",\"item\":\"https:\/\/carpathiacenter.ro\/\"},{\"@type\":\"ListItem\",\"position\":2,\"name\":\"FPIOR: Orice cre\u0219tere de TVA va \u00eenchide multe afaceri din industria ospitalit\u0103\u021bii din Rom\u00e2nia\"}]},{\"@type\":\"WebSite\",\"@id\":\"https:\/\/carpathiacenter.ro\/#website\",\"url\":\"https:\/\/carpathiacenter.ro\/\",\"name\":\"Carpathia Center Romania\",\"description\":\"Impossible made possible!\",\"publisher\":{\"@id\":\"https:\/\/carpathiacenter.ro\/#organization\"},\"potentialAction\":[{\"@type\":\"SearchAction\",\"target\":{\"@type\":\"EntryPoint\",\"urlTemplate\":\"https:\/\/carpathiacenter.ro\/?s={search_term_string}\"},\"query-input\":{\"@type\":\"PropertyValueSpecification\",\"valueRequired\":true,\"valueName\":\"search_term_string\"}}],\"inLanguage\":\"en-GB\"},{\"@type\":\"Organization\",\"@id\":\"https:\/\/carpathiacenter.ro\/#organization\",\"name\":\"Carpathia Center Romania\",\"url\":\"https:\/\/carpathiacenter.ro\/\",\"logo\":{\"@type\":\"ImageObject\",\"inLanguage\":\"en-GB\",\"@id\":\"https:\/\/carpathiacenter.ro\/#\/schema\/logo\/image\/\",\"url\":\"https:\/\/carpathiacenter.ro\/wp-content\/uploads\/2024\/07\/logo-carpathia_bg_white-1024x941.png\",\"contentUrl\":\"https:\/\/carpathiacenter.ro\/wp-content\/uploads\/2024\/07\/logo-carpathia_bg_white-1024x941.png\",\"width\":1024,\"height\":941,\"caption\":\"Carpathia Center Romania\"},\"image\":{\"@id\":\"https:\/\/carpathiacenter.ro\/#\/schema\/logo\/image\/\"},\"sameAs\":[\"https:\/\/www.facebook.com\/fdpscarpathia\/\"]},{\"@type\":\"Person\",\"@id\":\"https:\/\/carpathiacenter.ro\/#\/schema\/person\/03d9f58202fee8379268f34afa195006\",\"name\":\"creativebitsolutions\",\"image\":{\"@type\":\"ImageObject\",\"inLanguage\":\"en-GB\",\"@id\":\"https:\/\/carpathiacenter.ro\/#\/schema\/person\/image\/\",\"url\":\"https:\/\/secure.gravatar.com\/avatar\/1b1a13e37f847c635dab78348f1dff2f07651ee2a3d77a5c355a4b8c75f9165a?s=96&d=mm&r=g\",\"contentUrl\":\"https:\/\/secure.gravatar.com\/avatar\/1b1a13e37f847c635dab78348f1dff2f07651ee2a3d77a5c355a4b8c75f9165a?s=96&d=mm&r=g\",\"caption\":\"creativebitsolutions\"},\"url\":\"https:\/\/carpathiacenter.ro\/en\/author\/creativebitsolutions\/\"}]}<\/script>\n<!-- \/ Yoast SEO plugin. -->","yoast_head_json":{"title":"FPIOR: Orice cre\u0219tere de TVA va \u00eenchide multe afaceri din industria ospitalit\u0103\u021bii din Rom\u00e2nia - Carpathia Center Romania","robots":{"index":"index","follow":"follow","max-snippet":"max-snippet:-1","max-image-preview":"max-image-preview:large","max-video-preview":"max-video-preview:-1"},"canonical":"https:\/\/carpathiacenter.ro\/en\/fpior-orice-crestere-de-tva-va-inchide-multe-afaceri-din-industria-ospitalitatii-din-romania\/","og_locale":"en_GB","og_type":"article","og_title":"FPIOR: Orice cre\u0219tere de TVA va \u00eenchide multe afaceri din industria ospitalit\u0103\u021bii din Rom\u00e2nia - Carpathia Center Romania","og_description":"Orice cre\u0219tere de TVA, chiar \u0219i de 1%, va \u00eenchide foarte multe business-uri de dimensiuni mici \u0219i medii din industria ospitalit\u0103\u021bii din Rom\u00e2nia \u0219i va \u00eengreuna activitatea tuturor celor care vor r\u0103m\u00e2ne pe pia\u021b\u0103, se men\u021bioneaz\u0103 \u00eentr-un comunicat al Federa\u021biei Patronatelor din Industria Ospitalit\u0103\u021bii din Rom\u00e2nia (FPIOR). Reprezentan\u021bii FPIOR au f\u0103cut referire la informa\u021biile vehiculate...","og_url":"https:\/\/carpathiacenter.ro\/en\/fpior-orice-crestere-de-tva-va-inchide-multe-afaceri-din-industria-ospitalitatii-din-romania\/","og_site_name":"Carpathia Center Romania","article_publisher":"https:\/\/www.facebook.com\/fdpscarpathia\/","article_published_time":"2025-06-16T11:10:27+00:00","og_image":[{"width":1024,"height":768,"url":"https:\/\/carpathiacenter.ro\/wp-content\/uploads\/2025\/06\/image.jpg","type":"image\/jpeg"}],"author":"creativebitsolutions","twitter_card":"summary_large_image","twitter_misc":{"Written by":"creativebitsolutions","Estimated reading time":"5 minutes"},"schema":{"@context":"https:\/\/schema.org","@graph":[{"@type":"Article","@id":"https:\/\/carpathiacenter.ro\/fpior-orice-crestere-de-tva-va-inchide-multe-afaceri-din-industria-ospitalitatii-din-romania\/#article","isPartOf":{"@id":"https:\/\/carpathiacenter.ro\/fpior-orice-crestere-de-tva-va-inchide-multe-afaceri-din-industria-ospitalitatii-din-romania\/"},"author":{"name":"creativebitsolutions","@id":"https:\/\/carpathiacenter.ro\/#\/schema\/person\/03d9f58202fee8379268f34afa195006"},"headline":"FPIOR: Orice cre\u0219tere de TVA va \u00eenchide multe afaceri din industria ospitalit\u0103\u021bii din Rom\u00e2nia","datePublished":"2025-06-16T11:10:27+00:00","mainEntityOfPage":{"@id":"https:\/\/carpathiacenter.ro\/fpior-orice-crestere-de-tva-va-inchide-multe-afaceri-din-industria-ospitalitatii-din-romania\/"},"wordCount":1074,"commentCount":0,"publisher":{"@id":"https:\/\/carpathiacenter.ro\/#organization"},"image":{"@id":"https:\/\/carpathiacenter.ro\/fpior-orice-crestere-de-tva-va-inchide-multe-afaceri-din-industria-ospitalitatii-din-romania\/#primaryimage"},"thumbnailUrl":"https:\/\/carpathiacenter.ro\/wp-content\/uploads\/2025\/06\/image.jpg","articleSection":["Uncategorized"],"inLanguage":"en-GB","potentialAction":[{"@type":"CommentAction","name":"Comment","target":["https:\/\/carpathiacenter.ro\/fpior-orice-crestere-de-tva-va-inchide-multe-afaceri-din-industria-ospitalitatii-din-romania\/#respond"]}]},{"@type":"WebPage","@id":"https:\/\/carpathiacenter.ro\/fpior-orice-crestere-de-tva-va-inchide-multe-afaceri-din-industria-ospitalitatii-din-romania\/","url":"https:\/\/carpathiacenter.ro\/fpior-orice-crestere-de-tva-va-inchide-multe-afaceri-din-industria-ospitalitatii-din-romania\/","name":"FPIOR: Orice cre\u0219tere de TVA va \u00eenchide multe afaceri din industria ospitalit\u0103\u021bii din Rom\u00e2nia - Carpathia Center Romania","isPartOf":{"@id":"https:\/\/carpathiacenter.ro\/#website"},"primaryImageOfPage":{"@id":"https:\/\/carpathiacenter.ro\/fpior-orice-crestere-de-tva-va-inchide-multe-afaceri-din-industria-ospitalitatii-din-romania\/#primaryimage"},"image":{"@id":"https:\/\/carpathiacenter.ro\/fpior-orice-crestere-de-tva-va-inchide-multe-afaceri-din-industria-ospitalitatii-din-romania\/#primaryimage"},"thumbnailUrl":"https:\/\/carpathiacenter.ro\/wp-content\/uploads\/2025\/06\/image.jpg","datePublished":"2025-06-16T11:10:27+00:00","breadcrumb":{"@id":"https:\/\/carpathiacenter.ro\/fpior-orice-crestere-de-tva-va-inchide-multe-afaceri-din-industria-ospitalitatii-din-romania\/#breadcrumb"},"inLanguage":"en-GB","potentialAction":[{"@type":"ReadAction","target":["https:\/\/carpathiacenter.ro\/fpior-orice-crestere-de-tva-va-inchide-multe-afaceri-din-industria-ospitalitatii-din-romania\/"]}]},{"@type":"ImageObject","inLanguage":"en-GB","@id":"https:\/\/carpathiacenter.ro\/fpior-orice-crestere-de-tva-va-inchide-multe-afaceri-din-industria-ospitalitatii-din-romania\/#primaryimage","url":"https:\/\/carpathiacenter.ro\/wp-content\/uploads\/2025\/06\/image.jpg","contentUrl":"https:\/\/carpathiacenter.ro\/wp-content\/uploads\/2025\/06\/image.jpg","width":1024,"height":768},{"@type":"BreadcrumbList","@id":"https:\/\/carpathiacenter.ro\/fpior-orice-crestere-de-tva-va-inchide-multe-afaceri-din-industria-ospitalitatii-din-romania\/#breadcrumb","itemListElement":[{"@type":"ListItem","position":1,"name":"Prima pagin\u0103","item":"https:\/\/carpathiacenter.ro\/"},{"@type":"ListItem","position":2,"name":"FPIOR: Orice cre\u0219tere de TVA va \u00eenchide multe afaceri din industria ospitalit\u0103\u021bii din Rom\u00e2nia"}]},{"@type":"WebSite","@id":"https:\/\/carpathiacenter.ro\/#website","url":"https:\/\/carpathiacenter.ro\/","name":"Carpathia Center Romania","description":"Impossible made possible!","publisher":{"@id":"https:\/\/carpathiacenter.ro\/#organization"},"potentialAction":[{"@type":"SearchAction","target":{"@type":"EntryPoint","urlTemplate":"https:\/\/carpathiacenter.ro\/?s={search_term_string}"},"query-input":{"@type":"PropertyValueSpecification","valueRequired":true,"valueName":"search_term_string"}}],"inLanguage":"en-GB"},{"@type":"Organization","@id":"https:\/\/carpathiacenter.ro\/#organization","name":"Carpathia Center Romania","url":"https:\/\/carpathiacenter.ro\/","logo":{"@type":"ImageObject","inLanguage":"en-GB","@id":"https:\/\/carpathiacenter.ro\/#\/schema\/logo\/image\/","url":"https:\/\/carpathiacenter.ro\/wp-content\/uploads\/2024\/07\/logo-carpathia_bg_white-1024x941.png","contentUrl":"https:\/\/carpathiacenter.ro\/wp-content\/uploads\/2024\/07\/logo-carpathia_bg_white-1024x941.png","width":1024,"height":941,"caption":"Carpathia Center Romania"},"image":{"@id":"https:\/\/carpathiacenter.ro\/#\/schema\/logo\/image\/"},"sameAs":["https:\/\/www.facebook.com\/fdpscarpathia\/"]},{"@type":"Person","@id":"https:\/\/carpathiacenter.ro\/#\/schema\/person\/03d9f58202fee8379268f34afa195006","name":"creativebitsolutions","image":{"@type":"ImageObject","inLanguage":"en-GB","@id":"https:\/\/carpathiacenter.ro\/#\/schema\/person\/image\/","url":"https:\/\/secure.gravatar.com\/avatar\/1b1a13e37f847c635dab78348f1dff2f07651ee2a3d77a5c355a4b8c75f9165a?s=96&d=mm&r=g","contentUrl":"https:\/\/secure.gravatar.com\/avatar\/1b1a13e37f847c635dab78348f1dff2f07651ee2a3d77a5c355a4b8c75f9165a?s=96&d=mm&r=g","caption":"creativebitsolutions"},"url":"https:\/\/carpathiacenter.ro\/en\/author\/creativebitsolutions\/"}]}},"_links":{"self":[{"href":"https:\/\/carpathiacenter.ro\/en\/wp-json\/wp\/v2\/posts\/2537","targetHints":{"allow":["GET"]}}],"collection":[{"href":"https:\/\/carpathiacenter.ro\/en\/wp-json\/wp\/v2\/posts"}],"about":[{"href":"https:\/\/carpathiacenter.ro\/en\/wp-json\/wp\/v2\/types\/post"}],"author":[{"embeddable":true,"href":"https:\/\/carpathiacenter.ro\/en\/wp-json\/wp\/v2\/users\/4"}],"replies":[{"embeddable":true,"href":"https:\/\/carpathiacenter.ro\/en\/wp-json\/wp\/v2\/comments?post=2537"}],"version-history":[{"count":1,"href":"https:\/\/carpathiacenter.ro\/en\/wp-json\/wp\/v2\/posts\/2537\/revisions"}],"predecessor-version":[{"id":2539,"href":"https:\/\/carpathiacenter.ro\/en\/wp-json\/wp\/v2\/posts\/2537\/revisions\/2539"}],"wp:featuredmedia":[{"embeddable":true,"href":"https:\/\/carpathiacenter.ro\/en\/wp-json\/wp\/v2\/media\/2538"}],"wp:attachment":[{"href":"https:\/\/carpathiacenter.ro\/en\/wp-json\/wp\/v2\/media?parent=2537"}],"wp:term":[{"taxonomy":"category","embeddable":true,"href":"https:\/\/carpathiacenter.ro\/en\/wp-json\/wp\/v2\/categories?post=2537"},{"taxonomy":"post_tag","embeddable":true,"href":"https:\/\/carpathiacenter.ro\/en\/wp-json\/wp\/v2\/tags?post=2537"}],"curies":[{"name":"wp","href":"https:\/\/api.w.org\/{rel}","templated":true}]}}