{"id":2534,"date":"2025-06-16T11:06:34","date_gmt":"2025-06-16T11:06:34","guid":{"rendered":"https:\/\/carpathiacenter.ro\/?p=2534"},"modified":"2025-06-16T11:06:34","modified_gmt":"2025-06-16T11:06:34","slug":"vasile-gliga-reales-vicepresedinte-al-federatiei-mondiale-de-dans-sportiv","status":"publish","type":"post","link":"https:\/\/carpathiacenter.ro\/en\/vasile-gliga-reales-vicepresedinte-al-federatiei-mondiale-de-dans-sportiv\/","title":{"rendered":"Vasile Gliga, reales vicepre\u0219edinte al Federa\u021biei Mondiale de Dans Sportiv"},"content":{"rendered":"<p><strong>Pre\u0219edintele Federa\u021biei Rom\u00e2ne de Dans Sportiv, Vasile Gliga, a fost reales duminic\u0103, la Bucure\u0219ti, \u00een Prezidiul Federa\u021biei Mondiale de Dans Sportiv (WDSF), ocup\u00e2nd func\u021bia de vicepre\u0219edinte pentru marketing.<\/strong><\/p>\n<p>&#8216;Domnul Vasile Gliga, pre\u0219edinte al Federa\u021biei Rom\u00e2ne de Dans Sportiv, a fost reales \u00een prezidiul Federa\u021biei Mondiale de Dans Sportiv (WDSF), ocup\u00e2nd prestigioasa func\u021bie de de vicepre\u0219edinte pentru marketing. Aceast\u0103 reconfirmare este o recunoa\u0219tere interna\u021bional\u0103 a profesionalismului, implic\u0103rii \u0219i viziunii de dezvoltare pe care domnul Vasile Gliga le aduce \u00een slujba dansului sportiv at\u00e2t \u00een Rom\u00e2nia, c\u00e2t \u0219i pe plan mondial! \u00cel felicit\u0103m cu respect \u0219i m\u00e2ndrie pentru acest nou mandat \u0219i \u00eei ur\u0103m mult succes \u00een continuare. Rom\u00e2nia continu\u0103 s\u0103 fie bine reprezentat\u0103 la cel mai \u00eenalt nivel al dansului sportiv interna\u021bional&#8217;, a anun\u021bat Federa\u021bia Rom\u00e2n\u0103 de Dans Sportiv pe Facebook.<\/p>\n<p>Deputatul Dumitri\u021ba Gliga, fiica pre\u0219edintelui Federa\u021biei Rom\u00e2ne de Dans Sportiv, a ar\u0103tat c\u0103 realegerea lui Vasile Gliga ca vicepre\u0219edinte \u00een Prezidiul Mondial de Dans Sportiv s-a f\u0103cut cu votul a 70 de state, \u00een cadrul Adun\u0103rii Generale de alegeri care s-a desf\u0103\u0219urat la Bucure\u0219ti, pentru a doua oar\u0103.<\/p>\n<p>&#8216;Felicit\u0103ri tuturor membrilor Federa\u021biei Rom\u00e2ne de Dans Sportiv pentru c\u0103 a\u021bi reu\u0219it s\u0103 duce\u021bi dansul sportiv rom\u00e2nesc, prin rezultate \u0219i organizarea competi\u021biilor la nivel interna\u021bional, \u00een topul Mondial&#8217;, <a href=\"https:\/\/www.facebook.com\/gligadumitrita\/posts\/pfbid07EdQYxV6Voow45Nq3CM3StpK5cNDavojTLZvEV357ebH5pAr7oYn6WLnxDcjGZWXl\" target=\"_blank\">a postat Dumitri\u021ba Gliga pe Facebook<\/a>.<\/p>\n<p><\/p>\n<p>&#8216;Ca vicepre\u0219edinte al Comisiei pentru \u00cenv\u0103\u021b\u0103m\u00e2nt din Camera Deputa\u021bilor, afirm cu t\u0103rie \u0219i promovez importan\u021ba practic\u0103rii sportului \u00een toate \u0219colile, pentru felul \u00een care se dezvolt\u0103 copiii no\u0219tri. Copiii no\u0219tri au nevoie de mi\u0219care, dar \u0219i de ritm. De echilibru. De disciplin\u0103. De bucurie. Iar dansul modeleaz\u0103 corpul, dar \u0219i caracterul. Deschide mintea \u0219i antreneaz\u0103 inima&#8217;, a afirmat Dumitri\u021ba Gliga \u00een cadrul evenimentului de la Bucure\u0219ti.<\/p>\n<p>\u00cen cadrul Adun\u0103rii Generale de alegeri a Federa\u021biei Mondiale de Dans Sportiv (WDSF), pre\u0219edinte a fost ales Shawn Tay (Singapore), prim-vicepre\u0219edinte Nenad Jeftic (Serbia), iar vicepre\u0219edin\u021bi: Tony Tilenni (Australia), Maris Vainovkis (Lituania), Antoni Czy\u00bfyk (Polonia), Laura Lunetta (Italia) \u0219i Vasile Gliga (Romania).<\/p>\n<p>Vasile Gliga a fost reconfirmat, \u00een 2024, ca pre\u0219edinte al Federa\u021biei Rom\u00e2ne de Dans Sportiv, pentru al \u0219aptelea mandat, iar duminic\u0103 a fost ales pentru al patrulea mandat ca vicepre\u0219edinte ale forului mondial.<\/p>\n<p><strong>Familia Gliga a \u00eenfiin\u021bat \u00een anul 2000, din fonduri proprii, primul gimnaziu cu program integrat de dans sportiv \u0219i limba englez\u0103 din Europa, \u00een municipiul Reghin. De asemenea, la Reghin, \u00een premier\u0103 \u00een Rom\u00e2nia, au fost organizate, \u00eencep\u00e2nd cu anul 1999, seminarii cu cei mai renumi\u021bi antrenori din lume, ini\u021biativa fiind urmat\u0103 ob\u021binerea a 19 titluri de campioni mondiali \u0219i calificarea dansatorilor rom\u00e2ni \u00een majoritatea finalelor concursurilor interna\u021bionale, la toate categoriile de v\u00e2rst\u0103.<\/strong><\/p>\n<p>Datorit\u0103 Mironei Gliga, fiica lui Vasile Gliga, imnul Rom\u00e2niei a r\u0103sunat pentru prima dat\u0103 la concursurile interna\u021bionale de dans sportiv, \u00een 2001, la Mannheim, reprezent\u00e2nd apoi Rom\u00e2nia \u00een cinci finale de campionate mondiale, ob\u021bin\u00e2nd \u0219i un titlu de vicecampioan\u0103 mondial\u0103 \u0219i titlul de campioni mondiali al\u0103turi de so\u021bul ei, Roman Ciflicli.<\/p>\n<p>Federa\u021bia Rom\u00e2n\u0103 de Dans Sportiv este printre pu\u021binele federa\u021bii de dans sportiv de la nivel mondial care asigur\u0103 finan\u021barea pentru deplasarea perechilor \u0219i a antrenorilor la Campionatele Mondiale \u0219i Europene \u0219i sus\u021bine financiar mai multe cantonamente pe an, cu antrenori str\u0103ini si rom\u00e2ni, pentru preg\u0103tirea loturilor na\u021bionale ale Rom\u00e2niei, pe toate categoriile de v\u00e2rst\u0103. AGERPRES\/(AS &#8211; redactor: Dorina Mati\u0219, editor: George Onea, editor online: Andreea Preda)<br \/>\n<br \/>\nSursa articolului:<a href=\"https:\/\/agerpres.ro\/sport\/2025\/06\/15\/vasile-gliga-reales-vicepresedinte-al-federatiei-mondiale-de-dans-sportiv--1459547\" target=\"_blank\" rel=\"noopener\" title=\"\">https:\/\/agerpres.ro\/sport\/2025\/06\/15\/vasile-gliga-reales-vicepresedinte-al-federatiei-mondiale-de-dans-sportiv&#8211;1459547<\/a><\/p>","protected":false},"excerpt":{"rendered":"<p>Pre\u0219edintele Federa\u021biei Rom\u00e2ne de Dans Sportiv, Vasile Gliga, a fost reales duminic\u0103, la Bucure\u0219ti, \u00een Prezidiul Federa\u021biei Mondiale de Dans Sportiv (WDSF), ocup\u00e2nd func\u021bia de vicepre\u0219edinte pentru marketing. &#8216;Domnul Vasile Gliga, pre\u0219edinte al Federa\u021biei Rom\u00e2ne de Dans Sportiv, a fost reales \u00een prezidiul Federa\u021biei Mondiale de Dans Sportiv (WDSF), ocup\u00e2nd prestigioasa func\u021bie de de vicepre\u0219edinte&#8230;<\/p>","protected":false},"author":4,"featured_media":2535,"comment_status":"open","ping_status":"open","sticky":false,"template":"","format":"standard","meta":{"footnotes":""},"categories":[1],"tags":[],"class_list":["post-2534","post","type-post","status-publish","format-standard","has-post-thumbnail","hentry","category-uncategorized"],"yoast_head":"<!-- This site is optimized with the Yoast SEO plugin v26.1.1 - https:\/\/yoast.com\/wordpress\/plugins\/seo\/ -->\n<title>Vasile Gliga, reales vicepre\u0219edinte al Federa\u021biei Mondiale de Dans Sportiv - Carpathia Center Romania<\/title>\n<meta name=\"robots\" content=\"index, follow, max-snippet:-1, max-image-preview:large, max-video-preview:-1\" \/>\n<link rel=\"canonical\" href=\"https:\/\/carpathiacenter.ro\/en\/vasile-gliga-reales-vicepresedinte-al-federatiei-mondiale-de-dans-sportiv\/\" \/>\n<meta property=\"og:locale\" content=\"en_GB\" \/>\n<meta property=\"og:type\" content=\"article\" \/>\n<meta property=\"og:title\" content=\"Vasile Gliga, reales vicepre\u0219edinte al Federa\u021biei Mondiale de Dans Sportiv - Carpathia Center Romania\" \/>\n<meta property=\"og:description\" content=\"Pre\u0219edintele Federa\u021biei Rom\u00e2ne de Dans Sportiv, Vasile Gliga, a fost reales duminic\u0103, la Bucure\u0219ti, \u00een Prezidiul Federa\u021biei Mondiale de Dans Sportiv (WDSF), ocup\u00e2nd func\u021bia de vicepre\u0219edinte pentru marketing. &#8216;Domnul Vasile Gliga, pre\u0219edinte al Federa\u021biei Rom\u00e2ne de Dans Sportiv, a fost reales \u00een prezidiul Federa\u021biei Mondiale de Dans Sportiv (WDSF), ocup\u00e2nd prestigioasa func\u021bie de de vicepre\u0219edinte...\" \/>\n<meta property=\"og:url\" content=\"https:\/\/carpathiacenter.ro\/en\/vasile-gliga-reales-vicepresedinte-al-federatiei-mondiale-de-dans-sportiv\/\" \/>\n<meta property=\"og:site_name\" content=\"Carpathia Center Romania\" \/>\n<meta property=\"article:publisher\" content=\"https:\/\/www.facebook.com\/fdpscarpathia\/\" \/>\n<meta property=\"article:published_time\" content=\"2025-06-16T11:06:34+00:00\" \/>\n<meta property=\"og:image\" content=\"https:\/\/carpathiacenter.ro\/wp-content\/uploads\/2025\/06\/Vasile-Gliga.jpg\" \/>\n\t<meta property=\"og:image:width\" content=\"1200\" \/>\n\t<meta property=\"og:image:height\" content=\"715\" \/>\n\t<meta property=\"og:image:type\" content=\"image\/jpeg\" \/>\n<meta name=\"author\" content=\"creativebitsolutions\" \/>\n<meta name=\"twitter:card\" content=\"summary_large_image\" \/>\n<meta name=\"twitter:label1\" content=\"Written by\" \/>\n\t<meta name=\"twitter:data1\" content=\"creativebitsolutions\" \/>\n\t<meta name=\"twitter:label2\" content=\"Estimated reading time\" \/>\n\t<meta name=\"twitter:data2\" content=\"3 minutes\" \/>\n<script type=\"application\/ld+json\" class=\"yoast-schema-graph\">{\"@context\":\"https:\/\/schema.org\",\"@graph\":[{\"@type\":\"Article\",\"@id\":\"https:\/\/carpathiacenter.ro\/vasile-gliga-reales-vicepresedinte-al-federatiei-mondiale-de-dans-sportiv\/#article\",\"isPartOf\":{\"@id\":\"https:\/\/carpathiacenter.ro\/vasile-gliga-reales-vicepresedinte-al-federatiei-mondiale-de-dans-sportiv\/\"},\"author\":{\"name\":\"creativebitsolutions\",\"@id\":\"https:\/\/carpathiacenter.ro\/#\/schema\/person\/03d9f58202fee8379268f34afa195006\"},\"headline\":\"Vasile Gliga, reales vicepre\u0219edinte al Federa\u021biei Mondiale de Dans Sportiv\",\"datePublished\":\"2025-06-16T11:06:34+00:00\",\"mainEntityOfPage\":{\"@id\":\"https:\/\/carpathiacenter.ro\/vasile-gliga-reales-vicepresedinte-al-federatiei-mondiale-de-dans-sportiv\/\"},\"wordCount\":659,\"commentCount\":0,\"publisher\":{\"@id\":\"https:\/\/carpathiacenter.ro\/#organization\"},\"image\":{\"@id\":\"https:\/\/carpathiacenter.ro\/vasile-gliga-reales-vicepresedinte-al-federatiei-mondiale-de-dans-sportiv\/#primaryimage\"},\"thumbnailUrl\":\"https:\/\/carpathiacenter.ro\/wp-content\/uploads\/2025\/06\/Vasile-Gliga.jpg\",\"articleSection\":[\"Uncategorized\"],\"inLanguage\":\"en-GB\",\"potentialAction\":[{\"@type\":\"CommentAction\",\"name\":\"Comment\",\"target\":[\"https:\/\/carpathiacenter.ro\/vasile-gliga-reales-vicepresedinte-al-federatiei-mondiale-de-dans-sportiv\/#respond\"]}]},{\"@type\":\"WebPage\",\"@id\":\"https:\/\/carpathiacenter.ro\/vasile-gliga-reales-vicepresedinte-al-federatiei-mondiale-de-dans-sportiv\/\",\"url\":\"https:\/\/carpathiacenter.ro\/vasile-gliga-reales-vicepresedinte-al-federatiei-mondiale-de-dans-sportiv\/\",\"name\":\"Vasile Gliga, reales vicepre\u0219edinte al Federa\u021biei Mondiale de Dans Sportiv - Carpathia Center Romania\",\"isPartOf\":{\"@id\":\"https:\/\/carpathiacenter.ro\/#website\"},\"primaryImageOfPage\":{\"@id\":\"https:\/\/carpathiacenter.ro\/vasile-gliga-reales-vicepresedinte-al-federatiei-mondiale-de-dans-sportiv\/#primaryimage\"},\"image\":{\"@id\":\"https:\/\/carpathiacenter.ro\/vasile-gliga-reales-vicepresedinte-al-federatiei-mondiale-de-dans-sportiv\/#primaryimage\"},\"thumbnailUrl\":\"https:\/\/carpathiacenter.ro\/wp-content\/uploads\/2025\/06\/Vasile-Gliga.jpg\",\"datePublished\":\"2025-06-16T11:06:34+00:00\",\"breadcrumb\":{\"@id\":\"https:\/\/carpathiacenter.ro\/vasile-gliga-reales-vicepresedinte-al-federatiei-mondiale-de-dans-sportiv\/#breadcrumb\"},\"inLanguage\":\"en-GB\",\"potentialAction\":[{\"@type\":\"ReadAction\",\"target\":[\"https:\/\/carpathiacenter.ro\/vasile-gliga-reales-vicepresedinte-al-federatiei-mondiale-de-dans-sportiv\/\"]}]},{\"@type\":\"ImageObject\",\"inLanguage\":\"en-GB\",\"@id\":\"https:\/\/carpathiacenter.ro\/vasile-gliga-reales-vicepresedinte-al-federatiei-mondiale-de-dans-sportiv\/#primaryimage\",\"url\":\"https:\/\/carpathiacenter.ro\/wp-content\/uploads\/2025\/06\/Vasile-Gliga.jpg\",\"contentUrl\":\"https:\/\/carpathiacenter.ro\/wp-content\/uploads\/2025\/06\/Vasile-Gliga.jpg\",\"width\":1200,\"height\":715},{\"@type\":\"BreadcrumbList\",\"@id\":\"https:\/\/carpathiacenter.ro\/vasile-gliga-reales-vicepresedinte-al-federatiei-mondiale-de-dans-sportiv\/#breadcrumb\",\"itemListElement\":[{\"@type\":\"ListItem\",\"position\":1,\"name\":\"Prima pagin\u0103\",\"item\":\"https:\/\/carpathiacenter.ro\/\"},{\"@type\":\"ListItem\",\"position\":2,\"name\":\"Vasile Gliga, reales vicepre\u0219edinte al Federa\u021biei Mondiale de Dans Sportiv\"}]},{\"@type\":\"WebSite\",\"@id\":\"https:\/\/carpathiacenter.ro\/#website\",\"url\":\"https:\/\/carpathiacenter.ro\/\",\"name\":\"Carpathia Center Romania\",\"description\":\"Impossible made possible!\",\"publisher\":{\"@id\":\"https:\/\/carpathiacenter.ro\/#organization\"},\"potentialAction\":[{\"@type\":\"SearchAction\",\"target\":{\"@type\":\"EntryPoint\",\"urlTemplate\":\"https:\/\/carpathiacenter.ro\/?s={search_term_string}\"},\"query-input\":{\"@type\":\"PropertyValueSpecification\",\"valueRequired\":true,\"valueName\":\"search_term_string\"}}],\"inLanguage\":\"en-GB\"},{\"@type\":\"Organization\",\"@id\":\"https:\/\/carpathiacenter.ro\/#organization\",\"name\":\"Carpathia Center Romania\",\"url\":\"https:\/\/carpathiacenter.ro\/\",\"logo\":{\"@type\":\"ImageObject\",\"inLanguage\":\"en-GB\",\"@id\":\"https:\/\/carpathiacenter.ro\/#\/schema\/logo\/image\/\",\"url\":\"https:\/\/carpathiacenter.ro\/wp-content\/uploads\/2024\/07\/logo-carpathia_bg_white-1024x941.png\",\"contentUrl\":\"https:\/\/carpathiacenter.ro\/wp-content\/uploads\/2024\/07\/logo-carpathia_bg_white-1024x941.png\",\"width\":1024,\"height\":941,\"caption\":\"Carpathia Center Romania\"},\"image\":{\"@id\":\"https:\/\/carpathiacenter.ro\/#\/schema\/logo\/image\/\"},\"sameAs\":[\"https:\/\/www.facebook.com\/fdpscarpathia\/\"]},{\"@type\":\"Person\",\"@id\":\"https:\/\/carpathiacenter.ro\/#\/schema\/person\/03d9f58202fee8379268f34afa195006\",\"name\":\"creativebitsolutions\",\"image\":{\"@type\":\"ImageObject\",\"inLanguage\":\"en-GB\",\"@id\":\"https:\/\/carpathiacenter.ro\/#\/schema\/person\/image\/\",\"url\":\"https:\/\/secure.gravatar.com\/avatar\/1b1a13e37f847c635dab78348f1dff2f07651ee2a3d77a5c355a4b8c75f9165a?s=96&d=mm&r=g\",\"contentUrl\":\"https:\/\/secure.gravatar.com\/avatar\/1b1a13e37f847c635dab78348f1dff2f07651ee2a3d77a5c355a4b8c75f9165a?s=96&d=mm&r=g\",\"caption\":\"creativebitsolutions\"},\"url\":\"https:\/\/carpathiacenter.ro\/en\/author\/creativebitsolutions\/\"}]}<\/script>\n<!-- \/ Yoast SEO plugin. -->","yoast_head_json":{"title":"Vasile Gliga, reales vicepre\u0219edinte al Federa\u021biei Mondiale de Dans Sportiv - Carpathia Center Romania","robots":{"index":"index","follow":"follow","max-snippet":"max-snippet:-1","max-image-preview":"max-image-preview:large","max-video-preview":"max-video-preview:-1"},"canonical":"https:\/\/carpathiacenter.ro\/en\/vasile-gliga-reales-vicepresedinte-al-federatiei-mondiale-de-dans-sportiv\/","og_locale":"en_GB","og_type":"article","og_title":"Vasile Gliga, reales vicepre\u0219edinte al Federa\u021biei Mondiale de Dans Sportiv - Carpathia Center Romania","og_description":"Pre\u0219edintele Federa\u021biei Rom\u00e2ne de Dans Sportiv, Vasile Gliga, a fost reales duminic\u0103, la Bucure\u0219ti, \u00een Prezidiul Federa\u021biei Mondiale de Dans Sportiv (WDSF), ocup\u00e2nd func\u021bia de vicepre\u0219edinte pentru marketing. &#8216;Domnul Vasile Gliga, pre\u0219edinte al Federa\u021biei Rom\u00e2ne de Dans Sportiv, a fost reales \u00een prezidiul Federa\u021biei Mondiale de Dans Sportiv (WDSF), ocup\u00e2nd prestigioasa func\u021bie de de vicepre\u0219edinte...","og_url":"https:\/\/carpathiacenter.ro\/en\/vasile-gliga-reales-vicepresedinte-al-federatiei-mondiale-de-dans-sportiv\/","og_site_name":"Carpathia Center Romania","article_publisher":"https:\/\/www.facebook.com\/fdpscarpathia\/","article_published_time":"2025-06-16T11:06:34+00:00","og_image":[{"width":1200,"height":715,"url":"https:\/\/carpathiacenter.ro\/wp-content\/uploads\/2025\/06\/Vasile-Gliga.jpg","type":"image\/jpeg"}],"author":"creativebitsolutions","twitter_card":"summary_large_image","twitter_misc":{"Written by":"creativebitsolutions","Estimated reading time":"3 minutes"},"schema":{"@context":"https:\/\/schema.org","@graph":[{"@type":"Article","@id":"https:\/\/carpathiacenter.ro\/vasile-gliga-reales-vicepresedinte-al-federatiei-mondiale-de-dans-sportiv\/#article","isPartOf":{"@id":"https:\/\/carpathiacenter.ro\/vasile-gliga-reales-vicepresedinte-al-federatiei-mondiale-de-dans-sportiv\/"},"author":{"name":"creativebitsolutions","@id":"https:\/\/carpathiacenter.ro\/#\/schema\/person\/03d9f58202fee8379268f34afa195006"},"headline":"Vasile Gliga, reales vicepre\u0219edinte al Federa\u021biei Mondiale de Dans Sportiv","datePublished":"2025-06-16T11:06:34+00:00","mainEntityOfPage":{"@id":"https:\/\/carpathiacenter.ro\/vasile-gliga-reales-vicepresedinte-al-federatiei-mondiale-de-dans-sportiv\/"},"wordCount":659,"commentCount":0,"publisher":{"@id":"https:\/\/carpathiacenter.ro\/#organization"},"image":{"@id":"https:\/\/carpathiacenter.ro\/vasile-gliga-reales-vicepresedinte-al-federatiei-mondiale-de-dans-sportiv\/#primaryimage"},"thumbnailUrl":"https:\/\/carpathiacenter.ro\/wp-content\/uploads\/2025\/06\/Vasile-Gliga.jpg","articleSection":["Uncategorized"],"inLanguage":"en-GB","potentialAction":[{"@type":"CommentAction","name":"Comment","target":["https:\/\/carpathiacenter.ro\/vasile-gliga-reales-vicepresedinte-al-federatiei-mondiale-de-dans-sportiv\/#respond"]}]},{"@type":"WebPage","@id":"https:\/\/carpathiacenter.ro\/vasile-gliga-reales-vicepresedinte-al-federatiei-mondiale-de-dans-sportiv\/","url":"https:\/\/carpathiacenter.ro\/vasile-gliga-reales-vicepresedinte-al-federatiei-mondiale-de-dans-sportiv\/","name":"Vasile Gliga, reales vicepre\u0219edinte al Federa\u021biei Mondiale de Dans Sportiv - Carpathia Center Romania","isPartOf":{"@id":"https:\/\/carpathiacenter.ro\/#website"},"primaryImageOfPage":{"@id":"https:\/\/carpathiacenter.ro\/vasile-gliga-reales-vicepresedinte-al-federatiei-mondiale-de-dans-sportiv\/#primaryimage"},"image":{"@id":"https:\/\/carpathiacenter.ro\/vasile-gliga-reales-vicepresedinte-al-federatiei-mondiale-de-dans-sportiv\/#primaryimage"},"thumbnailUrl":"https:\/\/carpathiacenter.ro\/wp-content\/uploads\/2025\/06\/Vasile-Gliga.jpg","datePublished":"2025-06-16T11:06:34+00:00","breadcrumb":{"@id":"https:\/\/carpathiacenter.ro\/vasile-gliga-reales-vicepresedinte-al-federatiei-mondiale-de-dans-sportiv\/#breadcrumb"},"inLanguage":"en-GB","potentialAction":[{"@type":"ReadAction","target":["https:\/\/carpathiacenter.ro\/vasile-gliga-reales-vicepresedinte-al-federatiei-mondiale-de-dans-sportiv\/"]}]},{"@type":"ImageObject","inLanguage":"en-GB","@id":"https:\/\/carpathiacenter.ro\/vasile-gliga-reales-vicepresedinte-al-federatiei-mondiale-de-dans-sportiv\/#primaryimage","url":"https:\/\/carpathiacenter.ro\/wp-content\/uploads\/2025\/06\/Vasile-Gliga.jpg","contentUrl":"https:\/\/carpathiacenter.ro\/wp-content\/uploads\/2025\/06\/Vasile-Gliga.jpg","width":1200,"height":715},{"@type":"BreadcrumbList","@id":"https:\/\/carpathiacenter.ro\/vasile-gliga-reales-vicepresedinte-al-federatiei-mondiale-de-dans-sportiv\/#breadcrumb","itemListElement":[{"@type":"ListItem","position":1,"name":"Prima pagin\u0103","item":"https:\/\/carpathiacenter.ro\/"},{"@type":"ListItem","position":2,"name":"Vasile Gliga, reales vicepre\u0219edinte al Federa\u021biei Mondiale de Dans Sportiv"}]},{"@type":"WebSite","@id":"https:\/\/carpathiacenter.ro\/#website","url":"https:\/\/carpathiacenter.ro\/","name":"Carpathia Center Romania","description":"Impossible made possible!","publisher":{"@id":"https:\/\/carpathiacenter.ro\/#organization"},"potentialAction":[{"@type":"SearchAction","target":{"@type":"EntryPoint","urlTemplate":"https:\/\/carpathiacenter.ro\/?s={search_term_string}"},"query-input":{"@type":"PropertyValueSpecification","valueRequired":true,"valueName":"search_term_string"}}],"inLanguage":"en-GB"},{"@type":"Organization","@id":"https:\/\/carpathiacenter.ro\/#organization","name":"Carpathia Center Romania","url":"https:\/\/carpathiacenter.ro\/","logo":{"@type":"ImageObject","inLanguage":"en-GB","@id":"https:\/\/carpathiacenter.ro\/#\/schema\/logo\/image\/","url":"https:\/\/carpathiacenter.ro\/wp-content\/uploads\/2024\/07\/logo-carpathia_bg_white-1024x941.png","contentUrl":"https:\/\/carpathiacenter.ro\/wp-content\/uploads\/2024\/07\/logo-carpathia_bg_white-1024x941.png","width":1024,"height":941,"caption":"Carpathia Center Romania"},"image":{"@id":"https:\/\/carpathiacenter.ro\/#\/schema\/logo\/image\/"},"sameAs":["https:\/\/www.facebook.com\/fdpscarpathia\/"]},{"@type":"Person","@id":"https:\/\/carpathiacenter.ro\/#\/schema\/person\/03d9f58202fee8379268f34afa195006","name":"creativebitsolutions","image":{"@type":"ImageObject","inLanguage":"en-GB","@id":"https:\/\/carpathiacenter.ro\/#\/schema\/person\/image\/","url":"https:\/\/secure.gravatar.com\/avatar\/1b1a13e37f847c635dab78348f1dff2f07651ee2a3d77a5c355a4b8c75f9165a?s=96&d=mm&r=g","contentUrl":"https:\/\/secure.gravatar.com\/avatar\/1b1a13e37f847c635dab78348f1dff2f07651ee2a3d77a5c355a4b8c75f9165a?s=96&d=mm&r=g","caption":"creativebitsolutions"},"url":"https:\/\/carpathiacenter.ro\/en\/author\/creativebitsolutions\/"}]}},"_links":{"self":[{"href":"https:\/\/carpathiacenter.ro\/en\/wp-json\/wp\/v2\/posts\/2534","targetHints":{"allow":["GET"]}}],"collection":[{"href":"https:\/\/carpathiacenter.ro\/en\/wp-json\/wp\/v2\/posts"}],"about":[{"href":"https:\/\/carpathiacenter.ro\/en\/wp-json\/wp\/v2\/types\/post"}],"author":[{"embeddable":true,"href":"https:\/\/carpathiacenter.ro\/en\/wp-json\/wp\/v2\/users\/4"}],"replies":[{"embeddable":true,"href":"https:\/\/carpathiacenter.ro\/en\/wp-json\/wp\/v2\/comments?post=2534"}],"version-history":[{"count":1,"href":"https:\/\/carpathiacenter.ro\/en\/wp-json\/wp\/v2\/posts\/2534\/revisions"}],"predecessor-version":[{"id":2536,"href":"https:\/\/carpathiacenter.ro\/en\/wp-json\/wp\/v2\/posts\/2534\/revisions\/2536"}],"wp:featuredmedia":[{"embeddable":true,"href":"https:\/\/carpathiacenter.ro\/en\/wp-json\/wp\/v2\/media\/2535"}],"wp:attachment":[{"href":"https:\/\/carpathiacenter.ro\/en\/wp-json\/wp\/v2\/media?parent=2534"}],"wp:term":[{"taxonomy":"category","embeddable":true,"href":"https:\/\/carpathiacenter.ro\/en\/wp-json\/wp\/v2\/categories?post=2534"},{"taxonomy":"post_tag","embeddable":true,"href":"https:\/\/carpathiacenter.ro\/en\/wp-json\/wp\/v2\/tags?post=2534"}],"curies":[{"name":"wp","href":"https:\/\/api.w.org\/{rel}","templated":true}]}}