{"id":2526,"date":"2025-06-12T07:37:59","date_gmt":"2025-06-12T07:37:59","guid":{"rendered":"https:\/\/carpathiacenter.ro\/?p=2526"},"modified":"2025-06-12T07:37:59","modified_gmt":"2025-06-12T07:37:59","slug":"harghita-presedintele-cj-sustine-ca-la-praid-s-au-executat-lucrari-care-au-dus-la-cresterea-salinitatii-in-tarnava-mica","status":"publish","type":"post","link":"https:\/\/carpathiacenter.ro\/en\/harghita-presedintele-cj-sustine-ca-la-praid-s-au-executat-lucrari-care-au-dus-la-cresterea-salinitatii-in-tarnava-mica\/","title":{"rendered":"Harghita: Pre\u0219edintele CJ sus\u021bine c\u0103 la Praid s-au executat lucr\u0103ri care au dus la cre\u0219terea salinit\u0103\u021bii \u00een T\u00e2rnava Mic\u0103"},"content":{"rendered":"<p><strong>Pre\u0219edintele Consiliului Jude\u021bean Harghita, B\u00edr\u00f3 Barna-Botond, sus\u021bine c\u0103 firma care lucreaz\u0103 la Praid pentru devierea p\u00e2r\u00e2ului Corund a efectuat lucr\u0103ri care au dus la cre\u0219terea salinit\u0103\u021bii \u00een r\u00e2ul T\u00e2rnava Mic\u0103 \u0219i cere m\u0103suri urgente \u0219i responsabilit\u0103\u021bi clare pentru a evita o catastrof\u0103 ecologic\u0103 \u00een zon\u0103.<\/strong><\/p>\n<p>B\u00edr\u00f3 Barna-Botond a declarat miercuri seara, pentru AGERPRES, c\u0103 firma respectiv\u0103, contractat\u0103 de Salrom, ar fi d\u0103r\u00e2mat cele dou\u0103 diguri construite pe baza recomand\u0103rilor exper\u021bilor interna\u021bionali \u0219i a deviat p\u00e2r\u00e2ul \u00eentr-un bypass care nu a avut impermeabilitate iar apa care a traversat masivul de sare a dus la cre\u0219terea salinit\u0103\u021bii \u00een r\u00e2ul T\u00e2rnava Mic\u0103.<\/p>\n<p><strong>\u00cen opinia pre\u0219edintelui CJ Harghita, exist\u0103 trei posibilit\u0103\u021bi de rezolvare a situa\u021biei de la Salina Praid, prima fiind \u00eenl\u0103turarea din func\u021bie a directorului general Salrom \u0219i a directorului general de la Apele Rom\u00e2ne, \u00eentruc\u00e2t consider\u0103 c\u0103 nu poate fi \u00eencredin\u021bat\u0103 rezolvarea problemei tot celor care au o anumit\u0103 responsabilitate pentru ceea ce s-a \u00eent\u00e2mplat.<\/strong><\/p>\n<p>&#8216;Eu nu am nimic cu ei, pentru c\u0103 nici nu-i cunosc. Dar strict managerial, oamenii care au responsabilitate, nu \u0219tiu c\u00e2t\u0103, dar au, pentru situa\u021bia existent\u0103 nu pot s\u0103 rezolve situa\u021bia&#8217;, a spus Biro.<\/p>\n<p>A dou\u0103 variant\u0103, \u00een opinia sa, ar fi ca, prin hot\u0103r\u00e2re de guvern, comisia interministerial\u0103 constituit\u0103 \u00een urma situa\u021biei de criz\u0103 de la Praid s\u0103 fie \u00eemputernicit\u0103 cu atribu\u021bii m\u0103rite \u0219i responsabilit\u0103\u021bi clare.<\/p>\n<p>A treia variant\u0103 de rezolvare, consider\u0103 pre\u0219edintele CJ Harghita, ar fi declararea st\u0103rii de urgen\u021b\u0103 la Praid, pentru ca prin ordin militar s\u0103 fie centralizate toate responsabilit\u0103\u021bile \u0219i sarcinile \u00eentr-un singur centru de decizie.<\/p>\n<p>&#8216;Asta am v\u0103zut eu din prima zi: c\u0103 nu avem responsabilit\u0103\u021bi clare, sarcini clare (&#8230;) \u0219i nu putem face niciun pas \u00eenainte. (&#8230;) Nu se pot lua decizii urgente, clare, consecvente, cu responsabilitate clar\u0103, pentru c\u0103 o parte din responsabilitate e la mai multe entit\u0103\u021bi. (&#8230;) V\u0103d cele trei variante ca s\u0103 se poat\u0103 rezolva cumva situa\u021bia creat\u0103 \u0219i ca s\u0103 evit\u0103m catastrofa ecologic\u0103. Nu este onest fa\u021b\u0103 de comunitatea din Praid, fa\u021b\u0103 de comunitatea din jude\u021bul Mure\u0219, fa\u021b\u0103 de institu\u021biile statului \u0219i trebuie acum s\u0103 rec\u00e2\u0219tige \u00eencrederea oamenilor&#8217;, a subliniat pre\u0219edintele Consiliului Jude\u021bean Harghita.<\/p>\n<p><a href=\"https:\/\/agerpres.ro\/social\/2025\/06\/11\/mures-uzinele-de-apa-de-pe-tarnava-mica-ar-putea-fi-oprite-din-cauza-concentratiilor-saline-inzecite--1458558\" target=\"_blank\">Comitetul Jude\u021bean pentru Situa\u021bii de Urgen\u021b\u0103 Mure\u0219 a organizat, miercuri seara, o \u0219edin\u021b\u0103 de urgen\u021b\u0103<\/a>, dup\u0103 ce ultimele m\u0103sur\u0103tori ale concentra\u021biei de sare din r\u00e2ul T\u00e2rnava Mic\u0103 au indicat valori &#8216;\u00eenzecite&#8217;, generate de infiltra\u021biile masive din zona Salinei Praid, popula\u021bia din cele 16 localit\u0103\u021bi deservite de sta\u021biile de pompare din F\u00e2nt\u00e2nele \u0219i T\u00e2rn\u0103veni fiind \u00eendemnat\u0103 s\u0103 \u00ee\u0219i asigure o rezerv\u0103 de ap\u0103, exist\u00e2nd riscul iminent de oprire a uzinelor de ap\u0103. AGERPRES\/ (A, AS, redactor: Gina \u0218tefan, editor: Antonia Ni\u021b\u0103, editor online: Andreea Preda)<br \/>\n<br \/>\nSursa articolului:<a href=\"https:\/\/agerpres.ro\/administratie\/2025\/06\/11\/harghita-presedintele-cj-sustine-ca-la-praid-s-au-executat-lucrari-care-au-dus-la-cresterea-salinita--1458565\" target=\"_blank\" rel=\"noopener\" title=\"\">https:\/\/agerpres.ro\/administratie\/2025\/06\/11\/harghita-presedintele-cj-sustine-ca-la-praid-s-au-executat-lucrari-care-au-dus-la-cresterea-salinita&#8211;1458565<\/a><\/p>","protected":false},"excerpt":{"rendered":"<p>Pre\u0219edintele Consiliului Jude\u021bean Harghita, B\u00edr\u00f3 Barna-Botond, sus\u021bine c\u0103 firma care lucreaz\u0103 la Praid pentru devierea p\u00e2r\u00e2ului Corund a efectuat lucr\u0103ri care au dus la cre\u0219terea salinit\u0103\u021bii \u00een r\u00e2ul T\u00e2rnava Mic\u0103 \u0219i cere m\u0103suri urgente \u0219i responsabilit\u0103\u021bi clare pentru a evita o catastrof\u0103 ecologic\u0103 \u00een zon\u0103. B\u00edr\u00f3 Barna-Botond a declarat miercuri seara, pentru AGERPRES, c\u0103 firma&#8230;<\/p>","protected":false},"author":4,"featured_media":2527,"comment_status":"open","ping_status":"open","sticky":false,"template":"","format":"standard","meta":{"footnotes":""},"categories":[1],"tags":[],"class_list":["post-2526","post","type-post","status-publish","format-standard","has-post-thumbnail","hentry","category-uncategorized"],"yoast_head":"<!-- This site is optimized with the Yoast SEO plugin v26.1.1 - https:\/\/yoast.com\/wordpress\/plugins\/seo\/ -->\n<title>Harghita: Pre\u0219edintele CJ sus\u021bine c\u0103 la Praid s-au executat lucr\u0103ri care au dus la cre\u0219terea salinit\u0103\u021bii \u00een T\u00e2rnava Mic\u0103 - Carpathia Center Romania<\/title>\n<meta name=\"robots\" content=\"index, follow, max-snippet:-1, max-image-preview:large, max-video-preview:-1\" \/>\n<link rel=\"canonical\" href=\"https:\/\/carpathiacenter.ro\/en\/harghita-presedintele-cj-sustine-ca-la-praid-s-au-executat-lucrari-care-au-dus-la-cresterea-salinitatii-in-tarnava-mica\/\" \/>\n<meta property=\"og:locale\" content=\"en_GB\" \/>\n<meta property=\"og:type\" content=\"article\" \/>\n<meta property=\"og:title\" content=\"Harghita: Pre\u0219edintele CJ sus\u021bine c\u0103 la Praid s-au executat lucr\u0103ri care au dus la cre\u0219terea salinit\u0103\u021bii \u00een T\u00e2rnava Mic\u0103 - Carpathia Center Romania\" \/>\n<meta property=\"og:description\" content=\"Pre\u0219edintele Consiliului Jude\u021bean Harghita, B\u00edr\u00f3 Barna-Botond, sus\u021bine c\u0103 firma care lucreaz\u0103 la Praid pentru devierea p\u00e2r\u00e2ului Corund a efectuat lucr\u0103ri care au dus la cre\u0219terea salinit\u0103\u021bii \u00een r\u00e2ul T\u00e2rnava Mic\u0103 \u0219i cere m\u0103suri urgente \u0219i responsabilit\u0103\u021bi clare pentru a evita o catastrof\u0103 ecologic\u0103 \u00een zon\u0103. B\u00edr\u00f3 Barna-Botond a declarat miercuri seara, pentru AGERPRES, c\u0103 firma...\" \/>\n<meta property=\"og:url\" content=\"https:\/\/carpathiacenter.ro\/en\/harghita-presedintele-cj-sustine-ca-la-praid-s-au-executat-lucrari-care-au-dus-la-cresterea-salinitatii-in-tarnava-mica\/\" \/>\n<meta property=\"og:site_name\" content=\"Carpathia Center Romania\" \/>\n<meta property=\"article:publisher\" content=\"https:\/\/www.facebook.com\/fdpscarpathia\/\" \/>\n<meta property=\"article:published_time\" content=\"2025-06-12T07:37:59+00:00\" \/>\n<meta property=\"og:image\" content=\"https:\/\/carpathiacenter.ro\/wp-content\/uploads\/2025\/06\/Biro-Barna-Botond.jpg\" \/>\n\t<meta property=\"og:image:width\" content=\"1600\" \/>\n\t<meta property=\"og:image:height\" content=\"1064\" \/>\n\t<meta property=\"og:image:type\" content=\"image\/jpeg\" \/>\n<meta name=\"author\" content=\"creativebitsolutions\" \/>\n<meta name=\"twitter:card\" content=\"summary_large_image\" \/>\n<meta name=\"twitter:label1\" content=\"Written by\" \/>\n\t<meta name=\"twitter:data1\" content=\"creativebitsolutions\" \/>\n\t<meta name=\"twitter:label2\" content=\"Estimated reading time\" \/>\n\t<meta name=\"twitter:data2\" content=\"3 minutes\" \/>\n<script type=\"application\/ld+json\" class=\"yoast-schema-graph\">{\"@context\":\"https:\/\/schema.org\",\"@graph\":[{\"@type\":\"Article\",\"@id\":\"https:\/\/carpathiacenter.ro\/harghita-presedintele-cj-sustine-ca-la-praid-s-au-executat-lucrari-care-au-dus-la-cresterea-salinitatii-in-tarnava-mica\/#article\",\"isPartOf\":{\"@id\":\"https:\/\/carpathiacenter.ro\/harghita-presedintele-cj-sustine-ca-la-praid-s-au-executat-lucrari-care-au-dus-la-cresterea-salinitatii-in-tarnava-mica\/\"},\"author\":{\"name\":\"creativebitsolutions\",\"@id\":\"https:\/\/carpathiacenter.ro\/#\/schema\/person\/03d9f58202fee8379268f34afa195006\"},\"headline\":\"Harghita: Pre\u0219edintele CJ sus\u021bine c\u0103 la Praid s-au executat lucr\u0103ri care au dus la cre\u0219terea salinit\u0103\u021bii \u00een T\u00e2rnava Mic\u0103\",\"datePublished\":\"2025-06-12T07:37:59+00:00\",\"mainEntityOfPage\":{\"@id\":\"https:\/\/carpathiacenter.ro\/harghita-presedintele-cj-sustine-ca-la-praid-s-au-executat-lucrari-care-au-dus-la-cresterea-salinitatii-in-tarnava-mica\/\"},\"wordCount\":534,\"commentCount\":0,\"publisher\":{\"@id\":\"https:\/\/carpathiacenter.ro\/#organization\"},\"image\":{\"@id\":\"https:\/\/carpathiacenter.ro\/harghita-presedintele-cj-sustine-ca-la-praid-s-au-executat-lucrari-care-au-dus-la-cresterea-salinitatii-in-tarnava-mica\/#primaryimage\"},\"thumbnailUrl\":\"https:\/\/carpathiacenter.ro\/wp-content\/uploads\/2025\/06\/Biro-Barna-Botond.jpg\",\"articleSection\":[\"Uncategorized\"],\"inLanguage\":\"en-GB\",\"potentialAction\":[{\"@type\":\"CommentAction\",\"name\":\"Comment\",\"target\":[\"https:\/\/carpathiacenter.ro\/harghita-presedintele-cj-sustine-ca-la-praid-s-au-executat-lucrari-care-au-dus-la-cresterea-salinitatii-in-tarnava-mica\/#respond\"]}]},{\"@type\":\"WebPage\",\"@id\":\"https:\/\/carpathiacenter.ro\/harghita-presedintele-cj-sustine-ca-la-praid-s-au-executat-lucrari-care-au-dus-la-cresterea-salinitatii-in-tarnava-mica\/\",\"url\":\"https:\/\/carpathiacenter.ro\/harghita-presedintele-cj-sustine-ca-la-praid-s-au-executat-lucrari-care-au-dus-la-cresterea-salinitatii-in-tarnava-mica\/\",\"name\":\"Harghita: Pre\u0219edintele CJ sus\u021bine c\u0103 la Praid s-au executat lucr\u0103ri care au dus la cre\u0219terea salinit\u0103\u021bii \u00een T\u00e2rnava Mic\u0103 - Carpathia Center Romania\",\"isPartOf\":{\"@id\":\"https:\/\/carpathiacenter.ro\/#website\"},\"primaryImageOfPage\":{\"@id\":\"https:\/\/carpathiacenter.ro\/harghita-presedintele-cj-sustine-ca-la-praid-s-au-executat-lucrari-care-au-dus-la-cresterea-salinitatii-in-tarnava-mica\/#primaryimage\"},\"image\":{\"@id\":\"https:\/\/carpathiacenter.ro\/harghita-presedintele-cj-sustine-ca-la-praid-s-au-executat-lucrari-care-au-dus-la-cresterea-salinitatii-in-tarnava-mica\/#primaryimage\"},\"thumbnailUrl\":\"https:\/\/carpathiacenter.ro\/wp-content\/uploads\/2025\/06\/Biro-Barna-Botond.jpg\",\"datePublished\":\"2025-06-12T07:37:59+00:00\",\"breadcrumb\":{\"@id\":\"https:\/\/carpathiacenter.ro\/harghita-presedintele-cj-sustine-ca-la-praid-s-au-executat-lucrari-care-au-dus-la-cresterea-salinitatii-in-tarnava-mica\/#breadcrumb\"},\"inLanguage\":\"en-GB\",\"potentialAction\":[{\"@type\":\"ReadAction\",\"target\":[\"https:\/\/carpathiacenter.ro\/harghita-presedintele-cj-sustine-ca-la-praid-s-au-executat-lucrari-care-au-dus-la-cresterea-salinitatii-in-tarnava-mica\/\"]}]},{\"@type\":\"ImageObject\",\"inLanguage\":\"en-GB\",\"@id\":\"https:\/\/carpathiacenter.ro\/harghita-presedintele-cj-sustine-ca-la-praid-s-au-executat-lucrari-care-au-dus-la-cresterea-salinitatii-in-tarnava-mica\/#primaryimage\",\"url\":\"https:\/\/carpathiacenter.ro\/wp-content\/uploads\/2025\/06\/Biro-Barna-Botond.jpg\",\"contentUrl\":\"https:\/\/carpathiacenter.ro\/wp-content\/uploads\/2025\/06\/Biro-Barna-Botond.jpg\",\"width\":1600,\"height\":1064},{\"@type\":\"BreadcrumbList\",\"@id\":\"https:\/\/carpathiacenter.ro\/harghita-presedintele-cj-sustine-ca-la-praid-s-au-executat-lucrari-care-au-dus-la-cresterea-salinitatii-in-tarnava-mica\/#breadcrumb\",\"itemListElement\":[{\"@type\":\"ListItem\",\"position\":1,\"name\":\"Prima pagin\u0103\",\"item\":\"https:\/\/carpathiacenter.ro\/\"},{\"@type\":\"ListItem\",\"position\":2,\"name\":\"Harghita: Pre\u0219edintele CJ sus\u021bine c\u0103 la Praid s-au executat lucr\u0103ri care au dus la cre\u0219terea salinit\u0103\u021bii \u00een T\u00e2rnava Mic\u0103\"}]},{\"@type\":\"WebSite\",\"@id\":\"https:\/\/carpathiacenter.ro\/#website\",\"url\":\"https:\/\/carpathiacenter.ro\/\",\"name\":\"Carpathia Center Romania\",\"description\":\"Impossible made possible!\",\"publisher\":{\"@id\":\"https:\/\/carpathiacenter.ro\/#organization\"},\"potentialAction\":[{\"@type\":\"SearchAction\",\"target\":{\"@type\":\"EntryPoint\",\"urlTemplate\":\"https:\/\/carpathiacenter.ro\/?s={search_term_string}\"},\"query-input\":{\"@type\":\"PropertyValueSpecification\",\"valueRequired\":true,\"valueName\":\"search_term_string\"}}],\"inLanguage\":\"en-GB\"},{\"@type\":\"Organization\",\"@id\":\"https:\/\/carpathiacenter.ro\/#organization\",\"name\":\"Carpathia Center Romania\",\"url\":\"https:\/\/carpathiacenter.ro\/\",\"logo\":{\"@type\":\"ImageObject\",\"inLanguage\":\"en-GB\",\"@id\":\"https:\/\/carpathiacenter.ro\/#\/schema\/logo\/image\/\",\"url\":\"https:\/\/carpathiacenter.ro\/wp-content\/uploads\/2024\/07\/logo-carpathia_bg_white-1024x941.png\",\"contentUrl\":\"https:\/\/carpathiacenter.ro\/wp-content\/uploads\/2024\/07\/logo-carpathia_bg_white-1024x941.png\",\"width\":1024,\"height\":941,\"caption\":\"Carpathia Center Romania\"},\"image\":{\"@id\":\"https:\/\/carpathiacenter.ro\/#\/schema\/logo\/image\/\"},\"sameAs\":[\"https:\/\/www.facebook.com\/fdpscarpathia\/\"]},{\"@type\":\"Person\",\"@id\":\"https:\/\/carpathiacenter.ro\/#\/schema\/person\/03d9f58202fee8379268f34afa195006\",\"name\":\"creativebitsolutions\",\"image\":{\"@type\":\"ImageObject\",\"inLanguage\":\"en-GB\",\"@id\":\"https:\/\/carpathiacenter.ro\/#\/schema\/person\/image\/\",\"url\":\"https:\/\/secure.gravatar.com\/avatar\/1b1a13e37f847c635dab78348f1dff2f07651ee2a3d77a5c355a4b8c75f9165a?s=96&d=mm&r=g\",\"contentUrl\":\"https:\/\/secure.gravatar.com\/avatar\/1b1a13e37f847c635dab78348f1dff2f07651ee2a3d77a5c355a4b8c75f9165a?s=96&d=mm&r=g\",\"caption\":\"creativebitsolutions\"},\"url\":\"https:\/\/carpathiacenter.ro\/en\/author\/creativebitsolutions\/\"}]}<\/script>\n<!-- \/ Yoast SEO plugin. -->","yoast_head_json":{"title":"Harghita: Pre\u0219edintele CJ sus\u021bine c\u0103 la Praid s-au executat lucr\u0103ri care au dus la cre\u0219terea salinit\u0103\u021bii \u00een T\u00e2rnava Mic\u0103 - Carpathia Center Romania","robots":{"index":"index","follow":"follow","max-snippet":"max-snippet:-1","max-image-preview":"max-image-preview:large","max-video-preview":"max-video-preview:-1"},"canonical":"https:\/\/carpathiacenter.ro\/en\/harghita-presedintele-cj-sustine-ca-la-praid-s-au-executat-lucrari-care-au-dus-la-cresterea-salinitatii-in-tarnava-mica\/","og_locale":"en_GB","og_type":"article","og_title":"Harghita: Pre\u0219edintele CJ sus\u021bine c\u0103 la Praid s-au executat lucr\u0103ri care au dus la cre\u0219terea salinit\u0103\u021bii \u00een T\u00e2rnava Mic\u0103 - Carpathia Center Romania","og_description":"Pre\u0219edintele Consiliului Jude\u021bean Harghita, B\u00edr\u00f3 Barna-Botond, sus\u021bine c\u0103 firma care lucreaz\u0103 la Praid pentru devierea p\u00e2r\u00e2ului Corund a efectuat lucr\u0103ri care au dus la cre\u0219terea salinit\u0103\u021bii \u00een r\u00e2ul T\u00e2rnava Mic\u0103 \u0219i cere m\u0103suri urgente \u0219i responsabilit\u0103\u021bi clare pentru a evita o catastrof\u0103 ecologic\u0103 \u00een zon\u0103. B\u00edr\u00f3 Barna-Botond a declarat miercuri seara, pentru AGERPRES, c\u0103 firma...","og_url":"https:\/\/carpathiacenter.ro\/en\/harghita-presedintele-cj-sustine-ca-la-praid-s-au-executat-lucrari-care-au-dus-la-cresterea-salinitatii-in-tarnava-mica\/","og_site_name":"Carpathia Center Romania","article_publisher":"https:\/\/www.facebook.com\/fdpscarpathia\/","article_published_time":"2025-06-12T07:37:59+00:00","og_image":[{"width":1600,"height":1064,"url":"https:\/\/carpathiacenter.ro\/wp-content\/uploads\/2025\/06\/Biro-Barna-Botond.jpg","type":"image\/jpeg"}],"author":"creativebitsolutions","twitter_card":"summary_large_image","twitter_misc":{"Written by":"creativebitsolutions","Estimated reading time":"3 minutes"},"schema":{"@context":"https:\/\/schema.org","@graph":[{"@type":"Article","@id":"https:\/\/carpathiacenter.ro\/harghita-presedintele-cj-sustine-ca-la-praid-s-au-executat-lucrari-care-au-dus-la-cresterea-salinitatii-in-tarnava-mica\/#article","isPartOf":{"@id":"https:\/\/carpathiacenter.ro\/harghita-presedintele-cj-sustine-ca-la-praid-s-au-executat-lucrari-care-au-dus-la-cresterea-salinitatii-in-tarnava-mica\/"},"author":{"name":"creativebitsolutions","@id":"https:\/\/carpathiacenter.ro\/#\/schema\/person\/03d9f58202fee8379268f34afa195006"},"headline":"Harghita: Pre\u0219edintele CJ sus\u021bine c\u0103 la Praid s-au executat lucr\u0103ri care au dus la cre\u0219terea salinit\u0103\u021bii \u00een T\u00e2rnava Mic\u0103","datePublished":"2025-06-12T07:37:59+00:00","mainEntityOfPage":{"@id":"https:\/\/carpathiacenter.ro\/harghita-presedintele-cj-sustine-ca-la-praid-s-au-executat-lucrari-care-au-dus-la-cresterea-salinitatii-in-tarnava-mica\/"},"wordCount":534,"commentCount":0,"publisher":{"@id":"https:\/\/carpathiacenter.ro\/#organization"},"image":{"@id":"https:\/\/carpathiacenter.ro\/harghita-presedintele-cj-sustine-ca-la-praid-s-au-executat-lucrari-care-au-dus-la-cresterea-salinitatii-in-tarnava-mica\/#primaryimage"},"thumbnailUrl":"https:\/\/carpathiacenter.ro\/wp-content\/uploads\/2025\/06\/Biro-Barna-Botond.jpg","articleSection":["Uncategorized"],"inLanguage":"en-GB","potentialAction":[{"@type":"CommentAction","name":"Comment","target":["https:\/\/carpathiacenter.ro\/harghita-presedintele-cj-sustine-ca-la-praid-s-au-executat-lucrari-care-au-dus-la-cresterea-salinitatii-in-tarnava-mica\/#respond"]}]},{"@type":"WebPage","@id":"https:\/\/carpathiacenter.ro\/harghita-presedintele-cj-sustine-ca-la-praid-s-au-executat-lucrari-care-au-dus-la-cresterea-salinitatii-in-tarnava-mica\/","url":"https:\/\/carpathiacenter.ro\/harghita-presedintele-cj-sustine-ca-la-praid-s-au-executat-lucrari-care-au-dus-la-cresterea-salinitatii-in-tarnava-mica\/","name":"Harghita: Pre\u0219edintele CJ sus\u021bine c\u0103 la Praid s-au executat lucr\u0103ri care au dus la cre\u0219terea salinit\u0103\u021bii \u00een T\u00e2rnava Mic\u0103 - Carpathia Center Romania","isPartOf":{"@id":"https:\/\/carpathiacenter.ro\/#website"},"primaryImageOfPage":{"@id":"https:\/\/carpathiacenter.ro\/harghita-presedintele-cj-sustine-ca-la-praid-s-au-executat-lucrari-care-au-dus-la-cresterea-salinitatii-in-tarnava-mica\/#primaryimage"},"image":{"@id":"https:\/\/carpathiacenter.ro\/harghita-presedintele-cj-sustine-ca-la-praid-s-au-executat-lucrari-care-au-dus-la-cresterea-salinitatii-in-tarnava-mica\/#primaryimage"},"thumbnailUrl":"https:\/\/carpathiacenter.ro\/wp-content\/uploads\/2025\/06\/Biro-Barna-Botond.jpg","datePublished":"2025-06-12T07:37:59+00:00","breadcrumb":{"@id":"https:\/\/carpathiacenter.ro\/harghita-presedintele-cj-sustine-ca-la-praid-s-au-executat-lucrari-care-au-dus-la-cresterea-salinitatii-in-tarnava-mica\/#breadcrumb"},"inLanguage":"en-GB","potentialAction":[{"@type":"ReadAction","target":["https:\/\/carpathiacenter.ro\/harghita-presedintele-cj-sustine-ca-la-praid-s-au-executat-lucrari-care-au-dus-la-cresterea-salinitatii-in-tarnava-mica\/"]}]},{"@type":"ImageObject","inLanguage":"en-GB","@id":"https:\/\/carpathiacenter.ro\/harghita-presedintele-cj-sustine-ca-la-praid-s-au-executat-lucrari-care-au-dus-la-cresterea-salinitatii-in-tarnava-mica\/#primaryimage","url":"https:\/\/carpathiacenter.ro\/wp-content\/uploads\/2025\/06\/Biro-Barna-Botond.jpg","contentUrl":"https:\/\/carpathiacenter.ro\/wp-content\/uploads\/2025\/06\/Biro-Barna-Botond.jpg","width":1600,"height":1064},{"@type":"BreadcrumbList","@id":"https:\/\/carpathiacenter.ro\/harghita-presedintele-cj-sustine-ca-la-praid-s-au-executat-lucrari-care-au-dus-la-cresterea-salinitatii-in-tarnava-mica\/#breadcrumb","itemListElement":[{"@type":"ListItem","position":1,"name":"Prima pagin\u0103","item":"https:\/\/carpathiacenter.ro\/"},{"@type":"ListItem","position":2,"name":"Harghita: Pre\u0219edintele CJ sus\u021bine c\u0103 la Praid s-au executat lucr\u0103ri care au dus la cre\u0219terea salinit\u0103\u021bii \u00een T\u00e2rnava Mic\u0103"}]},{"@type":"WebSite","@id":"https:\/\/carpathiacenter.ro\/#website","url":"https:\/\/carpathiacenter.ro\/","name":"Carpathia Center Romania","description":"Impossible made possible!","publisher":{"@id":"https:\/\/carpathiacenter.ro\/#organization"},"potentialAction":[{"@type":"SearchAction","target":{"@type":"EntryPoint","urlTemplate":"https:\/\/carpathiacenter.ro\/?s={search_term_string}"},"query-input":{"@type":"PropertyValueSpecification","valueRequired":true,"valueName":"search_term_string"}}],"inLanguage":"en-GB"},{"@type":"Organization","@id":"https:\/\/carpathiacenter.ro\/#organization","name":"Carpathia Center Romania","url":"https:\/\/carpathiacenter.ro\/","logo":{"@type":"ImageObject","inLanguage":"en-GB","@id":"https:\/\/carpathiacenter.ro\/#\/schema\/logo\/image\/","url":"https:\/\/carpathiacenter.ro\/wp-content\/uploads\/2024\/07\/logo-carpathia_bg_white-1024x941.png","contentUrl":"https:\/\/carpathiacenter.ro\/wp-content\/uploads\/2024\/07\/logo-carpathia_bg_white-1024x941.png","width":1024,"height":941,"caption":"Carpathia Center Romania"},"image":{"@id":"https:\/\/carpathiacenter.ro\/#\/schema\/logo\/image\/"},"sameAs":["https:\/\/www.facebook.com\/fdpscarpathia\/"]},{"@type":"Person","@id":"https:\/\/carpathiacenter.ro\/#\/schema\/person\/03d9f58202fee8379268f34afa195006","name":"creativebitsolutions","image":{"@type":"ImageObject","inLanguage":"en-GB","@id":"https:\/\/carpathiacenter.ro\/#\/schema\/person\/image\/","url":"https:\/\/secure.gravatar.com\/avatar\/1b1a13e37f847c635dab78348f1dff2f07651ee2a3d77a5c355a4b8c75f9165a?s=96&d=mm&r=g","contentUrl":"https:\/\/secure.gravatar.com\/avatar\/1b1a13e37f847c635dab78348f1dff2f07651ee2a3d77a5c355a4b8c75f9165a?s=96&d=mm&r=g","caption":"creativebitsolutions"},"url":"https:\/\/carpathiacenter.ro\/en\/author\/creativebitsolutions\/"}]}},"_links":{"self":[{"href":"https:\/\/carpathiacenter.ro\/en\/wp-json\/wp\/v2\/posts\/2526","targetHints":{"allow":["GET"]}}],"collection":[{"href":"https:\/\/carpathiacenter.ro\/en\/wp-json\/wp\/v2\/posts"}],"about":[{"href":"https:\/\/carpathiacenter.ro\/en\/wp-json\/wp\/v2\/types\/post"}],"author":[{"embeddable":true,"href":"https:\/\/carpathiacenter.ro\/en\/wp-json\/wp\/v2\/users\/4"}],"replies":[{"embeddable":true,"href":"https:\/\/carpathiacenter.ro\/en\/wp-json\/wp\/v2\/comments?post=2526"}],"version-history":[{"count":1,"href":"https:\/\/carpathiacenter.ro\/en\/wp-json\/wp\/v2\/posts\/2526\/revisions"}],"predecessor-version":[{"id":2528,"href":"https:\/\/carpathiacenter.ro\/en\/wp-json\/wp\/v2\/posts\/2526\/revisions\/2528"}],"wp:featuredmedia":[{"embeddable":true,"href":"https:\/\/carpathiacenter.ro\/en\/wp-json\/wp\/v2\/media\/2527"}],"wp:attachment":[{"href":"https:\/\/carpathiacenter.ro\/en\/wp-json\/wp\/v2\/media?parent=2526"}],"wp:term":[{"taxonomy":"category","embeddable":true,"href":"https:\/\/carpathiacenter.ro\/en\/wp-json\/wp\/v2\/categories?post=2526"},{"taxonomy":"post_tag","embeddable":true,"href":"https:\/\/carpathiacenter.ro\/en\/wp-json\/wp\/v2\/tags?post=2526"}],"curies":[{"name":"wp","href":"https:\/\/api.w.org\/{rel}","templated":true}]}}