{"id":2516,"date":"2025-06-11T09:06:29","date_gmt":"2025-06-11T09:06:29","guid":{"rendered":"https:\/\/carpathiacenter.ro\/?p=2516"},"modified":"2025-06-11T09:06:29","modified_gmt":"2025-06-11T09:06:29","slug":"pib-ul-spaniei-este-de-zece-ori-mai-mare-gratie-aderarii-la-ue","status":"publish","type":"post","link":"https:\/\/carpathiacenter.ro\/en\/pib-ul-spaniei-este-de-zece-ori-mai-mare-gratie-aderarii-la-ue\/","title":{"rendered":"PIB-ul Spaniei este de zece ori mai mare gra\u021bie ader\u0103rii la UE"},"content":{"rendered":"<div class=\"mx-auto pt-3\">\n<p><strong>Cele patru decenii \u00een Uniunea European\u0103 (UE) au permis ca dimensiunea economiei spaniole s\u0103 creasc\u0103 de zece ori datorit\u0103 fondurilor de coeziune, pie\u021bei f\u0103r\u0103 frontiere \u0219i monedei comune, dar exist\u0103 \u00een continuare probleme structurale care nu au fost rezolvate, informeaz\u0103 EFE.<\/strong><\/p>\n<p>Pe 12 iunie 1985, c\u00e2nd a fost semnat tratatul de aderare la fosta Comunitate Economic\u0103 European\u0103 (CEE), care a intrat \u00een vigoare la 1 ianuarie 1986, Spania se afla \u00een mijlocul reconversiei industriale pentru a l\u0103sa \u00een urm\u0103 lunga criz\u0103 din anii 1970.<\/p>\n<p>Spania era o \u021bar\u0103 s\u0103rac\u0103, necompetitiv\u0103, cu un cadru institu\u021bional slab \u0219i constr\u00e2ngeri economice majore; serviciile publice erau insuficiente; \u0219omajul era ridicat; iar salariul minim este foarte mic, a explicat directorul centrului de reflexie Funcas, Raymond Torres.<\/p>\n<p>\u00cen timp ce produsul intern brut (PIB) era echivalentul a 169,49 miliarde de euro la acea vreme, \u00een 2024 acesta s-a \u00eenchis la 1.590 miliarde de euro, conform datelor Institutului Na\u021bional de Statistic\u0103 (INE).<\/p>\n<p>Salariul minim era de 223,40 euro pe lun\u0103 \u00een 1985, ast\u0103zi este de 1.184 euro, de cinci ori mai mult, iar pensia medie era de aproximativ 150 euro, o sum\u0103 care a crescut de zece ori. \u00cen aceast\u0103 perioad\u0103, IPC (indicele pre\u021burilor de consum) a crescut cu 257%, ceea ce \u00eenseamn\u0103 c\u0103 pre\u021burile aproape s-au cvadruplat.<\/p>\n<p>Aderarea la CEE a marcat &#8221;un punct de cotitur\u0103&#8221;, \u00ee\u0219i aminte\u0219te Torres, deoarece Spania a atras fluxuri mari de investi\u021bii str\u0103ine directe, \u00een principal din \u021b\u0103ri precum Germania, Fran\u021ba \u0219i Regatul Unit, iar comer\u021bul exterior a trecut de la o pondere de 16% \u00een PIB, la 28%, \u00een doar 10 ani.<\/p>\n<p>Exporturile de la acea vreme abia atingeau 30,6 miliarde de euro, \u00een timp ce \u00een 2024 ar ajunge la 384,465 miliarde de euro.<\/p>\n<p>Aderarea la CEE a transformat \u0219i capitalul fizic al \u021b\u0103rii, drumurile, aeroporturile \u0219i alte infrastructuri fiind finan\u021bate cu fonduri structurale europene, potrivit lui Ignacio Molina, cercet\u0103tor la Institutul Regal Elcano.<\/p>\n<p>Cu toate acestea, Raymond Torres consider\u0103 c\u0103 \u00een Spania accentul s-a pus pe cifrele mari, dar pia\u021ba muncii a fost neglijat\u0103, un domeniu \u00een care, \u00een ciuda \u00eembun\u0103t\u0103\u021birilor, instabilitatea \u0219i precaritatea persist\u0103. Supravegherea sistemului financiar a fost, de asemenea, neglijat\u0103, ceea ce a dus la &#8221;o bul\u0103 care a crescut de la \u00eenceputul anului 2000 cu consecin\u021be foarte grave&#8221;, cum ar fi criza din 2008.<\/p>\n<p>La acea vreme, lipsa diversific\u0103rii economiei, c\u00e2nd construc\u021biile erau &#8221;singurul motor de cre\u0219tere&#8221;, a \u00eensemnat c\u0103 nu existau sectoare preg\u0103tite s\u0103 preia controlul atunci c\u00e2nd criza s-a pr\u0103bu\u0219it. Aceast\u0103 situa\u021bie s-a \u00eembun\u0103t\u0103\u021bit ulterior, odat\u0103 cu impulsul oferit de sectoare precum energia regenerabil\u0103 \u0219i serviciile non-turistice.<\/p>\n<p>Ignacio Molina este de acord cu ideea c\u0103 &#8221;Spania are un model de produc\u021bie slab, dependent de sectoare cu valoare ad\u0103ugat\u0103 sc\u0103zut\u0103&#8221;, pe l\u00e2ng\u0103 \u00eentreprinderile mici, o combina\u021bie care \u00eempiedic\u0103 cre\u0219terea productivit\u0103\u021bii, un factor cheie pentru cre\u0219terea pe termen lung.<\/p>\n<p>De asemenea, se a\u0219teapt\u0103 \u00eenc\u0103 eliminarea decalajului de remunerare \u00eentre sexe \u0219i a prezen\u021bei reduse a femeilor \u00een func\u021bii de conducere, subliniaz\u0103 Torres, dup\u0103 integrarea complet\u0103 a femeilor pe pia\u021ba muncii \u00een ultimii ani, aceasta cresc\u00e2nd de la 29% din popula\u021bia ocupat\u0103, p\u00e2n\u0103 la 47% \u00een prezent. AGERPRES\/(AS-redactor: Constantin Balaban, editor: Mariana Nica, editor online: Gabriela Badea)&nbsp;<br \/>\n<br \/>\nSursa articolului:<a href=\"https:\/\/agerpres.ro\/economic-extern\/2025\/06\/10\/pib-ul-spaniei-este-de-zece-ori-mai-mare-gratie-aderarii-la-ue--1458175\" target=\"_blank\" rel=\"noopener\" title=\"\">https:\/\/agerpres.ro\/economic-extern\/2025\/06\/10\/pib-ul-spaniei-este-de-zece-ori-mai-mare-gratie-aderarii-la-ue&#8211;1458175<\/a>\n<\/p>\n<\/p><\/div>","protected":false},"excerpt":{"rendered":"<p>Cele patru decenii \u00een Uniunea European\u0103 (UE) au permis ca dimensiunea economiei spaniole s\u0103 creasc\u0103 de zece ori datorit\u0103 fondurilor de coeziune, pie\u021bei f\u0103r\u0103 frontiere \u0219i monedei comune, dar exist\u0103 \u00een continuare probleme structurale care nu au fost rezolvate, informeaz\u0103 EFE. Pe 12 iunie 1985, c\u00e2nd a fost semnat tratatul de aderare la fosta Comunitate&#8230;<\/p>","protected":false},"author":4,"featured_media":2518,"comment_status":"open","ping_status":"open","sticky":false,"template":"","format":"standard","meta":{"footnotes":""},"categories":[1],"tags":[],"class_list":["post-2516","post","type-post","status-publish","format-standard","has-post-thumbnail","hentry","category-uncategorized"],"yoast_head":"<!-- This site is optimized with the Yoast SEO plugin v26.1.1 - https:\/\/yoast.com\/wordpress\/plugins\/seo\/ -->\n<title>PIB-ul Spaniei este de zece ori mai mare gra\u021bie ader\u0103rii la UE - Carpathia Center Romania<\/title>\n<meta name=\"robots\" content=\"index, follow, max-snippet:-1, max-image-preview:large, max-video-preview:-1\" \/>\n<link rel=\"canonical\" href=\"https:\/\/carpathiacenter.ro\/en\/pib-ul-spaniei-este-de-zece-ori-mai-mare-gratie-aderarii-la-ue\/\" \/>\n<meta property=\"og:locale\" content=\"en_GB\" \/>\n<meta property=\"og:type\" content=\"article\" \/>\n<meta property=\"og:title\" content=\"PIB-ul Spaniei este de zece ori mai mare gra\u021bie ader\u0103rii la UE - Carpathia Center Romania\" \/>\n<meta property=\"og:description\" content=\"Cele patru decenii \u00een Uniunea European\u0103 (UE) au permis ca dimensiunea economiei spaniole s\u0103 creasc\u0103 de zece ori datorit\u0103 fondurilor de coeziune, pie\u021bei f\u0103r\u0103 frontiere \u0219i monedei comune, dar exist\u0103 \u00een continuare probleme structurale care nu au fost rezolvate, informeaz\u0103 EFE. Pe 12 iunie 1985, c\u00e2nd a fost semnat tratatul de aderare la fosta Comunitate...\" \/>\n<meta property=\"og:url\" content=\"https:\/\/carpathiacenter.ro\/en\/pib-ul-spaniei-este-de-zece-ori-mai-mare-gratie-aderarii-la-ue\/\" \/>\n<meta property=\"og:site_name\" content=\"Carpathia Center Romania\" \/>\n<meta property=\"article:publisher\" content=\"https:\/\/www.facebook.com\/fdpscarpathia\/\" \/>\n<meta property=\"article:published_time\" content=\"2025-06-11T09:06:29+00:00\" \/>\n<meta property=\"og:image\" content=\"https:\/\/carpathiacenter.ro\/wp-content\/uploads\/2025\/06\/s-l1200.jpg\" \/>\n\t<meta property=\"og:image:width\" content=\"800\" \/>\n\t<meta property=\"og:image:height\" content=\"800\" \/>\n\t<meta property=\"og:image:type\" content=\"image\/jpeg\" \/>\n<meta name=\"author\" content=\"creativebitsolutions\" \/>\n<meta name=\"twitter:card\" content=\"summary_large_image\" \/>\n<meta name=\"twitter:label1\" content=\"Written by\" \/>\n\t<meta name=\"twitter:data1\" content=\"creativebitsolutions\" \/>\n\t<meta name=\"twitter:label2\" content=\"Estimated reading time\" \/>\n\t<meta name=\"twitter:data2\" content=\"3 minutes\" \/>\n<script type=\"application\/ld+json\" class=\"yoast-schema-graph\">{\"@context\":\"https:\/\/schema.org\",\"@graph\":[{\"@type\":\"Article\",\"@id\":\"https:\/\/carpathiacenter.ro\/pib-ul-spaniei-este-de-zece-ori-mai-mare-gratie-aderarii-la-ue\/#article\",\"isPartOf\":{\"@id\":\"https:\/\/carpathiacenter.ro\/pib-ul-spaniei-este-de-zece-ori-mai-mare-gratie-aderarii-la-ue\/\"},\"author\":{\"name\":\"creativebitsolutions\",\"@id\":\"https:\/\/carpathiacenter.ro\/#\/schema\/person\/03d9f58202fee8379268f34afa195006\"},\"headline\":\"PIB-ul Spaniei este de zece ori mai mare gra\u021bie ader\u0103rii la UE\",\"datePublished\":\"2025-06-11T09:06:29+00:00\",\"mainEntityOfPage\":{\"@id\":\"https:\/\/carpathiacenter.ro\/pib-ul-spaniei-este-de-zece-ori-mai-mare-gratie-aderarii-la-ue\/\"},\"wordCount\":570,\"commentCount\":0,\"publisher\":{\"@id\":\"https:\/\/carpathiacenter.ro\/#organization\"},\"image\":{\"@id\":\"https:\/\/carpathiacenter.ro\/pib-ul-spaniei-este-de-zece-ori-mai-mare-gratie-aderarii-la-ue\/#primaryimage\"},\"thumbnailUrl\":\"https:\/\/carpathiacenter.ro\/wp-content\/uploads\/2025\/06\/s-l1200.jpg\",\"articleSection\":[\"Uncategorized\"],\"inLanguage\":\"en-GB\",\"potentialAction\":[{\"@type\":\"CommentAction\",\"name\":\"Comment\",\"target\":[\"https:\/\/carpathiacenter.ro\/pib-ul-spaniei-este-de-zece-ori-mai-mare-gratie-aderarii-la-ue\/#respond\"]}]},{\"@type\":\"WebPage\",\"@id\":\"https:\/\/carpathiacenter.ro\/pib-ul-spaniei-este-de-zece-ori-mai-mare-gratie-aderarii-la-ue\/\",\"url\":\"https:\/\/carpathiacenter.ro\/pib-ul-spaniei-este-de-zece-ori-mai-mare-gratie-aderarii-la-ue\/\",\"name\":\"PIB-ul Spaniei este de zece ori mai mare gra\u021bie ader\u0103rii la UE - Carpathia Center Romania\",\"isPartOf\":{\"@id\":\"https:\/\/carpathiacenter.ro\/#website\"},\"primaryImageOfPage\":{\"@id\":\"https:\/\/carpathiacenter.ro\/pib-ul-spaniei-este-de-zece-ori-mai-mare-gratie-aderarii-la-ue\/#primaryimage\"},\"image\":{\"@id\":\"https:\/\/carpathiacenter.ro\/pib-ul-spaniei-este-de-zece-ori-mai-mare-gratie-aderarii-la-ue\/#primaryimage\"},\"thumbnailUrl\":\"https:\/\/carpathiacenter.ro\/wp-content\/uploads\/2025\/06\/s-l1200.jpg\",\"datePublished\":\"2025-06-11T09:06:29+00:00\",\"breadcrumb\":{\"@id\":\"https:\/\/carpathiacenter.ro\/pib-ul-spaniei-este-de-zece-ori-mai-mare-gratie-aderarii-la-ue\/#breadcrumb\"},\"inLanguage\":\"en-GB\",\"potentialAction\":[{\"@type\":\"ReadAction\",\"target\":[\"https:\/\/carpathiacenter.ro\/pib-ul-spaniei-este-de-zece-ori-mai-mare-gratie-aderarii-la-ue\/\"]}]},{\"@type\":\"ImageObject\",\"inLanguage\":\"en-GB\",\"@id\":\"https:\/\/carpathiacenter.ro\/pib-ul-spaniei-este-de-zece-ori-mai-mare-gratie-aderarii-la-ue\/#primaryimage\",\"url\":\"https:\/\/carpathiacenter.ro\/wp-content\/uploads\/2025\/06\/s-l1200.jpg\",\"contentUrl\":\"https:\/\/carpathiacenter.ro\/wp-content\/uploads\/2025\/06\/s-l1200.jpg\",\"width\":800,\"height\":800},{\"@type\":\"BreadcrumbList\",\"@id\":\"https:\/\/carpathiacenter.ro\/pib-ul-spaniei-este-de-zece-ori-mai-mare-gratie-aderarii-la-ue\/#breadcrumb\",\"itemListElement\":[{\"@type\":\"ListItem\",\"position\":1,\"name\":\"Prima pagin\u0103\",\"item\":\"https:\/\/carpathiacenter.ro\/\"},{\"@type\":\"ListItem\",\"position\":2,\"name\":\"PIB-ul Spaniei este de zece ori mai mare gra\u021bie ader\u0103rii la UE\"}]},{\"@type\":\"WebSite\",\"@id\":\"https:\/\/carpathiacenter.ro\/#website\",\"url\":\"https:\/\/carpathiacenter.ro\/\",\"name\":\"Carpathia Center Romania\",\"description\":\"Impossible made possible!\",\"publisher\":{\"@id\":\"https:\/\/carpathiacenter.ro\/#organization\"},\"potentialAction\":[{\"@type\":\"SearchAction\",\"target\":{\"@type\":\"EntryPoint\",\"urlTemplate\":\"https:\/\/carpathiacenter.ro\/?s={search_term_string}\"},\"query-input\":{\"@type\":\"PropertyValueSpecification\",\"valueRequired\":true,\"valueName\":\"search_term_string\"}}],\"inLanguage\":\"en-GB\"},{\"@type\":\"Organization\",\"@id\":\"https:\/\/carpathiacenter.ro\/#organization\",\"name\":\"Carpathia Center Romania\",\"url\":\"https:\/\/carpathiacenter.ro\/\",\"logo\":{\"@type\":\"ImageObject\",\"inLanguage\":\"en-GB\",\"@id\":\"https:\/\/carpathiacenter.ro\/#\/schema\/logo\/image\/\",\"url\":\"https:\/\/carpathiacenter.ro\/wp-content\/uploads\/2024\/07\/logo-carpathia_bg_white-1024x941.png\",\"contentUrl\":\"https:\/\/carpathiacenter.ro\/wp-content\/uploads\/2024\/07\/logo-carpathia_bg_white-1024x941.png\",\"width\":1024,\"height\":941,\"caption\":\"Carpathia Center Romania\"},\"image\":{\"@id\":\"https:\/\/carpathiacenter.ro\/#\/schema\/logo\/image\/\"},\"sameAs\":[\"https:\/\/www.facebook.com\/fdpscarpathia\/\"]},{\"@type\":\"Person\",\"@id\":\"https:\/\/carpathiacenter.ro\/#\/schema\/person\/03d9f58202fee8379268f34afa195006\",\"name\":\"creativebitsolutions\",\"image\":{\"@type\":\"ImageObject\",\"inLanguage\":\"en-GB\",\"@id\":\"https:\/\/carpathiacenter.ro\/#\/schema\/person\/image\/\",\"url\":\"https:\/\/secure.gravatar.com\/avatar\/1b1a13e37f847c635dab78348f1dff2f07651ee2a3d77a5c355a4b8c75f9165a?s=96&d=mm&r=g\",\"contentUrl\":\"https:\/\/secure.gravatar.com\/avatar\/1b1a13e37f847c635dab78348f1dff2f07651ee2a3d77a5c355a4b8c75f9165a?s=96&d=mm&r=g\",\"caption\":\"creativebitsolutions\"},\"url\":\"https:\/\/carpathiacenter.ro\/en\/author\/creativebitsolutions\/\"}]}<\/script>\n<!-- \/ Yoast SEO plugin. -->","yoast_head_json":{"title":"PIB-ul Spaniei este de zece ori mai mare gra\u021bie ader\u0103rii la UE - Carpathia Center Romania","robots":{"index":"index","follow":"follow","max-snippet":"max-snippet:-1","max-image-preview":"max-image-preview:large","max-video-preview":"max-video-preview:-1"},"canonical":"https:\/\/carpathiacenter.ro\/en\/pib-ul-spaniei-este-de-zece-ori-mai-mare-gratie-aderarii-la-ue\/","og_locale":"en_GB","og_type":"article","og_title":"PIB-ul Spaniei este de zece ori mai mare gra\u021bie ader\u0103rii la UE - Carpathia Center Romania","og_description":"Cele patru decenii \u00een Uniunea European\u0103 (UE) au permis ca dimensiunea economiei spaniole s\u0103 creasc\u0103 de zece ori datorit\u0103 fondurilor de coeziune, pie\u021bei f\u0103r\u0103 frontiere \u0219i monedei comune, dar exist\u0103 \u00een continuare probleme structurale care nu au fost rezolvate, informeaz\u0103 EFE. Pe 12 iunie 1985, c\u00e2nd a fost semnat tratatul de aderare la fosta Comunitate...","og_url":"https:\/\/carpathiacenter.ro\/en\/pib-ul-spaniei-este-de-zece-ori-mai-mare-gratie-aderarii-la-ue\/","og_site_name":"Carpathia Center Romania","article_publisher":"https:\/\/www.facebook.com\/fdpscarpathia\/","article_published_time":"2025-06-11T09:06:29+00:00","og_image":[{"width":800,"height":800,"url":"https:\/\/carpathiacenter.ro\/wp-content\/uploads\/2025\/06\/s-l1200.jpg","type":"image\/jpeg"}],"author":"creativebitsolutions","twitter_card":"summary_large_image","twitter_misc":{"Written by":"creativebitsolutions","Estimated reading time":"3 minutes"},"schema":{"@context":"https:\/\/schema.org","@graph":[{"@type":"Article","@id":"https:\/\/carpathiacenter.ro\/pib-ul-spaniei-este-de-zece-ori-mai-mare-gratie-aderarii-la-ue\/#article","isPartOf":{"@id":"https:\/\/carpathiacenter.ro\/pib-ul-spaniei-este-de-zece-ori-mai-mare-gratie-aderarii-la-ue\/"},"author":{"name":"creativebitsolutions","@id":"https:\/\/carpathiacenter.ro\/#\/schema\/person\/03d9f58202fee8379268f34afa195006"},"headline":"PIB-ul Spaniei este de zece ori mai mare gra\u021bie ader\u0103rii la UE","datePublished":"2025-06-11T09:06:29+00:00","mainEntityOfPage":{"@id":"https:\/\/carpathiacenter.ro\/pib-ul-spaniei-este-de-zece-ori-mai-mare-gratie-aderarii-la-ue\/"},"wordCount":570,"commentCount":0,"publisher":{"@id":"https:\/\/carpathiacenter.ro\/#organization"},"image":{"@id":"https:\/\/carpathiacenter.ro\/pib-ul-spaniei-este-de-zece-ori-mai-mare-gratie-aderarii-la-ue\/#primaryimage"},"thumbnailUrl":"https:\/\/carpathiacenter.ro\/wp-content\/uploads\/2025\/06\/s-l1200.jpg","articleSection":["Uncategorized"],"inLanguage":"en-GB","potentialAction":[{"@type":"CommentAction","name":"Comment","target":["https:\/\/carpathiacenter.ro\/pib-ul-spaniei-este-de-zece-ori-mai-mare-gratie-aderarii-la-ue\/#respond"]}]},{"@type":"WebPage","@id":"https:\/\/carpathiacenter.ro\/pib-ul-spaniei-este-de-zece-ori-mai-mare-gratie-aderarii-la-ue\/","url":"https:\/\/carpathiacenter.ro\/pib-ul-spaniei-este-de-zece-ori-mai-mare-gratie-aderarii-la-ue\/","name":"PIB-ul Spaniei este de zece ori mai mare gra\u021bie ader\u0103rii la UE - Carpathia Center Romania","isPartOf":{"@id":"https:\/\/carpathiacenter.ro\/#website"},"primaryImageOfPage":{"@id":"https:\/\/carpathiacenter.ro\/pib-ul-spaniei-este-de-zece-ori-mai-mare-gratie-aderarii-la-ue\/#primaryimage"},"image":{"@id":"https:\/\/carpathiacenter.ro\/pib-ul-spaniei-este-de-zece-ori-mai-mare-gratie-aderarii-la-ue\/#primaryimage"},"thumbnailUrl":"https:\/\/carpathiacenter.ro\/wp-content\/uploads\/2025\/06\/s-l1200.jpg","datePublished":"2025-06-11T09:06:29+00:00","breadcrumb":{"@id":"https:\/\/carpathiacenter.ro\/pib-ul-spaniei-este-de-zece-ori-mai-mare-gratie-aderarii-la-ue\/#breadcrumb"},"inLanguage":"en-GB","potentialAction":[{"@type":"ReadAction","target":["https:\/\/carpathiacenter.ro\/pib-ul-spaniei-este-de-zece-ori-mai-mare-gratie-aderarii-la-ue\/"]}]},{"@type":"ImageObject","inLanguage":"en-GB","@id":"https:\/\/carpathiacenter.ro\/pib-ul-spaniei-este-de-zece-ori-mai-mare-gratie-aderarii-la-ue\/#primaryimage","url":"https:\/\/carpathiacenter.ro\/wp-content\/uploads\/2025\/06\/s-l1200.jpg","contentUrl":"https:\/\/carpathiacenter.ro\/wp-content\/uploads\/2025\/06\/s-l1200.jpg","width":800,"height":800},{"@type":"BreadcrumbList","@id":"https:\/\/carpathiacenter.ro\/pib-ul-spaniei-este-de-zece-ori-mai-mare-gratie-aderarii-la-ue\/#breadcrumb","itemListElement":[{"@type":"ListItem","position":1,"name":"Prima pagin\u0103","item":"https:\/\/carpathiacenter.ro\/"},{"@type":"ListItem","position":2,"name":"PIB-ul Spaniei este de zece ori mai mare gra\u021bie ader\u0103rii la UE"}]},{"@type":"WebSite","@id":"https:\/\/carpathiacenter.ro\/#website","url":"https:\/\/carpathiacenter.ro\/","name":"Carpathia Center Romania","description":"Impossible made possible!","publisher":{"@id":"https:\/\/carpathiacenter.ro\/#organization"},"potentialAction":[{"@type":"SearchAction","target":{"@type":"EntryPoint","urlTemplate":"https:\/\/carpathiacenter.ro\/?s={search_term_string}"},"query-input":{"@type":"PropertyValueSpecification","valueRequired":true,"valueName":"search_term_string"}}],"inLanguage":"en-GB"},{"@type":"Organization","@id":"https:\/\/carpathiacenter.ro\/#organization","name":"Carpathia Center Romania","url":"https:\/\/carpathiacenter.ro\/","logo":{"@type":"ImageObject","inLanguage":"en-GB","@id":"https:\/\/carpathiacenter.ro\/#\/schema\/logo\/image\/","url":"https:\/\/carpathiacenter.ro\/wp-content\/uploads\/2024\/07\/logo-carpathia_bg_white-1024x941.png","contentUrl":"https:\/\/carpathiacenter.ro\/wp-content\/uploads\/2024\/07\/logo-carpathia_bg_white-1024x941.png","width":1024,"height":941,"caption":"Carpathia Center Romania"},"image":{"@id":"https:\/\/carpathiacenter.ro\/#\/schema\/logo\/image\/"},"sameAs":["https:\/\/www.facebook.com\/fdpscarpathia\/"]},{"@type":"Person","@id":"https:\/\/carpathiacenter.ro\/#\/schema\/person\/03d9f58202fee8379268f34afa195006","name":"creativebitsolutions","image":{"@type":"ImageObject","inLanguage":"en-GB","@id":"https:\/\/carpathiacenter.ro\/#\/schema\/person\/image\/","url":"https:\/\/secure.gravatar.com\/avatar\/1b1a13e37f847c635dab78348f1dff2f07651ee2a3d77a5c355a4b8c75f9165a?s=96&d=mm&r=g","contentUrl":"https:\/\/secure.gravatar.com\/avatar\/1b1a13e37f847c635dab78348f1dff2f07651ee2a3d77a5c355a4b8c75f9165a?s=96&d=mm&r=g","caption":"creativebitsolutions"},"url":"https:\/\/carpathiacenter.ro\/en\/author\/creativebitsolutions\/"}]}},"_links":{"self":[{"href":"https:\/\/carpathiacenter.ro\/en\/wp-json\/wp\/v2\/posts\/2516","targetHints":{"allow":["GET"]}}],"collection":[{"href":"https:\/\/carpathiacenter.ro\/en\/wp-json\/wp\/v2\/posts"}],"about":[{"href":"https:\/\/carpathiacenter.ro\/en\/wp-json\/wp\/v2\/types\/post"}],"author":[{"embeddable":true,"href":"https:\/\/carpathiacenter.ro\/en\/wp-json\/wp\/v2\/users\/4"}],"replies":[{"embeddable":true,"href":"https:\/\/carpathiacenter.ro\/en\/wp-json\/wp\/v2\/comments?post=2516"}],"version-history":[{"count":1,"href":"https:\/\/carpathiacenter.ro\/en\/wp-json\/wp\/v2\/posts\/2516\/revisions"}],"predecessor-version":[{"id":2519,"href":"https:\/\/carpathiacenter.ro\/en\/wp-json\/wp\/v2\/posts\/2516\/revisions\/2519"}],"wp:featuredmedia":[{"embeddable":true,"href":"https:\/\/carpathiacenter.ro\/en\/wp-json\/wp\/v2\/media\/2518"}],"wp:attachment":[{"href":"https:\/\/carpathiacenter.ro\/en\/wp-json\/wp\/v2\/media?parent=2516"}],"wp:term":[{"taxonomy":"category","embeddable":true,"href":"https:\/\/carpathiacenter.ro\/en\/wp-json\/wp\/v2\/categories?post=2516"},{"taxonomy":"post_tag","embeddable":true,"href":"https:\/\/carpathiacenter.ro\/en\/wp-json\/wp\/v2\/tags?post=2516"}],"curies":[{"name":"wp","href":"https:\/\/api.w.org\/{rel}","templated":true}]}}