{"id":2513,"date":"2025-06-10T12:59:50","date_gmt":"2025-06-10T12:59:50","guid":{"rendered":"https:\/\/carpathiacenter.ro\/?p=2513"},"modified":"2025-06-10T12:59:50","modified_gmt":"2025-06-10T12:59:50","slug":"canada-aloca-2-din-pib-pentru-aparare","status":"publish","type":"post","link":"https:\/\/carpathiacenter.ro\/en\/canada-aloca-2-din-pib-pentru-aparare\/","title":{"rendered":"Canada aloc\u0103 2% din PIB pentru ap\u0103rare"},"content":{"rendered":"<p><strong>Canada va aloca anul acesta 2% din produsul intern brut pentru ap\u0103rare, a anun\u021bat luni premierul Mark Carney, care a precizat c\u0103 astfel se atinge obiectivul NATO &#8216;cu o jum\u0103tate de deceniu mai devreme&#8217;, transmite AFP.<\/strong><\/p>\n<p>&#8216;Ideea r\u0103sp\u00e2ndit\u0103 mult\u0103 vreme conform c\u0103reia pozi\u021bia geografic\u0103 a Canadei ne protejeaz\u0103 este tot mai arhaic\u0103&#8217;, iar &#8216;amenin\u021b\u0103rile unei lumi ott mai periculoase \u0219i mai divizate sunt pe cale s\u0103 r\u0103stoarne ordinea interna\u021bional\u0103&#8217;, a spus el.<\/p>\n<p>Canada &#8216;s-a trezit brusc&#8217;, iar noile amenin\u021b\u0103ri vin din partea Rusiei \u0219i a Chinei, iar noua atitudine a americanilor are de asemenea consecin\u021be grave pe plan interna\u021bional, a ad\u0103ugat Carney, men\u021binon\u00e2nd c\u0103 \u021bara sa vrea s\u0103 \u00ee\u0219i reduc\u0103 dependen\u021ba militar\u0103 fa\u021b\u0103 de Statele Unite.<\/p>\n<p>&#8216;\u00cen prezent, Statele Unite \u00eencep s\u0103 \u00ee\u0219i monetizeze hegemonia: pretind pl\u0103\u021bi pentru accesul pe pie\u021bele lor \u0219i \u00ee\u0219i reduc contribu\u021biile la securitatea noastr\u0103 colectiv\u0103&#8217;, a ar\u0103tat \u0219eful guvernului de la Ottawa.<\/p>\n<p>\u00cen acest context, av\u00e2nd \u00een vedere \u0219i c\u0103 echipamentele militare canadiene &#8216;s-au \u00eenvechit&#8217;, guvernul are \u00een vedere investi\u021bii \u00een submarine, nave militare, radare, drone \u0219i senzori arctici noi.<\/p>\n<p>Carney a reamintit c\u0103 suveranitatea Arcticii este o prioritate, iar Canada \u00eencearc\u0103 s\u0103 \u00eent\u0103reasc\u0103 securitatea transatlantic\u0103, \u00een special prin participarea la ini\u021biativa ReArm Europe de \u00eent\u0103rire a capacit\u0103\u021bilor militare \u0219i ale industriei de ap\u0103rare europene.<\/p>\n<p>Secretarul general al NATO, Mark Rutte, urma s\u0103 cear\u0103 luni la Londra cre\u0219terea cu 400% a capacit\u0103\u021bilor de ap\u0103rare antiaerian\u0103 \u0219i antirachet\u0103 ale Alian\u021bei, \u00een special pentru a face fa\u021b\u0103 Rusiei care &#8216;provoac\u0103 teroare pe cer&#8217;. AGERPRES\/(AS &#8211; redactor: Marius Hosu, editor online: Alexandru Cojocaru)<br \/>\n<br \/>\nSursa articolului:<a href=\"https:\/\/agerpres.ro\/politic-extern\/2025\/06\/09\/canada-aloca-2-din-pib-pentru-aparare--1457808\" target=\"_blank\" rel=\"noopener\" title=\"\">https:\/\/agerpres.ro\/politic-extern\/2025\/06\/09\/canada-aloca-2-din-pib-pentru-aparare&#8211;1457808<\/a><\/p>","protected":false},"excerpt":{"rendered":"<p>Canada va aloca anul acesta 2% din produsul intern brut pentru ap\u0103rare, a anun\u021bat luni premierul Mark Carney, care a precizat c\u0103 astfel se atinge obiectivul NATO &#8216;cu o jum\u0103tate de deceniu mai devreme&#8217;, transmite AFP. &#8216;Ideea r\u0103sp\u00e2ndit\u0103 mult\u0103 vreme conform c\u0103reia pozi\u021bia geografic\u0103 a Canadei ne protejeaz\u0103 este tot mai arhaic\u0103&#8217;, iar &#8216;amenin\u021b\u0103rile unei&#8230;<\/p>","protected":false},"author":4,"featured_media":2514,"comment_status":"open","ping_status":"open","sticky":false,"template":"","format":"standard","meta":{"footnotes":""},"categories":[1],"tags":[],"class_list":["post-2513","post","type-post","status-publish","format-standard","has-post-thumbnail","hentry","category-uncategorized"],"yoast_head":"<!-- This site is optimized with the Yoast SEO plugin v26.1.1 - https:\/\/yoast.com\/wordpress\/plugins\/seo\/ -->\n<title>Canada aloc\u0103 2% din PIB pentru ap\u0103rare - Carpathia Center Romania<\/title>\n<meta name=\"robots\" content=\"index, follow, max-snippet:-1, max-image-preview:large, max-video-preview:-1\" \/>\n<link rel=\"canonical\" href=\"https:\/\/carpathiacenter.ro\/en\/canada-aloca-2-din-pib-pentru-aparare\/\" \/>\n<meta property=\"og:locale\" content=\"en_GB\" \/>\n<meta property=\"og:type\" content=\"article\" \/>\n<meta property=\"og:title\" content=\"Canada aloc\u0103 2% din PIB pentru ap\u0103rare - Carpathia Center Romania\" \/>\n<meta property=\"og:description\" content=\"Canada va aloca anul acesta 2% din produsul intern brut pentru ap\u0103rare, a anun\u021bat luni premierul Mark Carney, care a precizat c\u0103 astfel se atinge obiectivul NATO &#8216;cu o jum\u0103tate de deceniu mai devreme&#8217;, transmite AFP. &#8216;Ideea r\u0103sp\u00e2ndit\u0103 mult\u0103 vreme conform c\u0103reia pozi\u021bia geografic\u0103 a Canadei ne protejeaz\u0103 este tot mai arhaic\u0103&#8217;, iar &#8216;amenin\u021b\u0103rile unei...\" \/>\n<meta property=\"og:url\" content=\"https:\/\/carpathiacenter.ro\/en\/canada-aloca-2-din-pib-pentru-aparare\/\" \/>\n<meta property=\"og:site_name\" content=\"Carpathia Center Romania\" \/>\n<meta property=\"article:publisher\" content=\"https:\/\/www.facebook.com\/fdpscarpathia\/\" \/>\n<meta property=\"article:published_time\" content=\"2025-06-10T12:59:50+00:00\" \/>\n<meta property=\"og:image\" content=\"https:\/\/carpathiacenter.ro\/wp-content\/uploads\/2025\/06\/gettyimages-2204531571-scaled.jpg\" \/>\n\t<meta property=\"og:image:width\" content=\"2560\" \/>\n\t<meta property=\"og:image:height\" content=\"1707\" \/>\n\t<meta property=\"og:image:type\" content=\"image\/jpeg\" \/>\n<meta name=\"author\" content=\"creativebitsolutions\" \/>\n<meta name=\"twitter:card\" content=\"summary_large_image\" \/>\n<meta name=\"twitter:label1\" content=\"Written by\" \/>\n\t<meta name=\"twitter:data1\" content=\"creativebitsolutions\" \/>\n\t<meta name=\"twitter:label2\" content=\"Estimated reading time\" \/>\n\t<meta name=\"twitter:data2\" content=\"1 minute\" \/>\n<script type=\"application\/ld+json\" class=\"yoast-schema-graph\">{\"@context\":\"https:\/\/schema.org\",\"@graph\":[{\"@type\":\"Article\",\"@id\":\"https:\/\/carpathiacenter.ro\/canada-aloca-2-din-pib-pentru-aparare\/#article\",\"isPartOf\":{\"@id\":\"https:\/\/carpathiacenter.ro\/canada-aloca-2-din-pib-pentru-aparare\/\"},\"author\":{\"name\":\"creativebitsolutions\",\"@id\":\"https:\/\/carpathiacenter.ro\/#\/schema\/person\/03d9f58202fee8379268f34afa195006\"},\"headline\":\"Canada aloc\u0103 2% din PIB pentru ap\u0103rare\",\"datePublished\":\"2025-06-10T12:59:50+00:00\",\"mainEntityOfPage\":{\"@id\":\"https:\/\/carpathiacenter.ro\/canada-aloca-2-din-pib-pentru-aparare\/\"},\"wordCount\":301,\"commentCount\":0,\"publisher\":{\"@id\":\"https:\/\/carpathiacenter.ro\/#organization\"},\"image\":{\"@id\":\"https:\/\/carpathiacenter.ro\/canada-aloca-2-din-pib-pentru-aparare\/#primaryimage\"},\"thumbnailUrl\":\"https:\/\/carpathiacenter.ro\/wp-content\/uploads\/2025\/06\/gettyimages-2204531571-scaled.jpg\",\"articleSection\":[\"Uncategorized\"],\"inLanguage\":\"en-GB\",\"potentialAction\":[{\"@type\":\"CommentAction\",\"name\":\"Comment\",\"target\":[\"https:\/\/carpathiacenter.ro\/canada-aloca-2-din-pib-pentru-aparare\/#respond\"]}]},{\"@type\":\"WebPage\",\"@id\":\"https:\/\/carpathiacenter.ro\/canada-aloca-2-din-pib-pentru-aparare\/\",\"url\":\"https:\/\/carpathiacenter.ro\/canada-aloca-2-din-pib-pentru-aparare\/\",\"name\":\"Canada aloc\u0103 2% din PIB pentru ap\u0103rare - Carpathia Center Romania\",\"isPartOf\":{\"@id\":\"https:\/\/carpathiacenter.ro\/#website\"},\"primaryImageOfPage\":{\"@id\":\"https:\/\/carpathiacenter.ro\/canada-aloca-2-din-pib-pentru-aparare\/#primaryimage\"},\"image\":{\"@id\":\"https:\/\/carpathiacenter.ro\/canada-aloca-2-din-pib-pentru-aparare\/#primaryimage\"},\"thumbnailUrl\":\"https:\/\/carpathiacenter.ro\/wp-content\/uploads\/2025\/06\/gettyimages-2204531571-scaled.jpg\",\"datePublished\":\"2025-06-10T12:59:50+00:00\",\"breadcrumb\":{\"@id\":\"https:\/\/carpathiacenter.ro\/canada-aloca-2-din-pib-pentru-aparare\/#breadcrumb\"},\"inLanguage\":\"en-GB\",\"potentialAction\":[{\"@type\":\"ReadAction\",\"target\":[\"https:\/\/carpathiacenter.ro\/canada-aloca-2-din-pib-pentru-aparare\/\"]}]},{\"@type\":\"ImageObject\",\"inLanguage\":\"en-GB\",\"@id\":\"https:\/\/carpathiacenter.ro\/canada-aloca-2-din-pib-pentru-aparare\/#primaryimage\",\"url\":\"https:\/\/carpathiacenter.ro\/wp-content\/uploads\/2025\/06\/gettyimages-2204531571-scaled.jpg\",\"contentUrl\":\"https:\/\/carpathiacenter.ro\/wp-content\/uploads\/2025\/06\/gettyimages-2204531571-scaled.jpg\",\"width\":2560,\"height\":1707},{\"@type\":\"BreadcrumbList\",\"@id\":\"https:\/\/carpathiacenter.ro\/canada-aloca-2-din-pib-pentru-aparare\/#breadcrumb\",\"itemListElement\":[{\"@type\":\"ListItem\",\"position\":1,\"name\":\"Prima pagin\u0103\",\"item\":\"https:\/\/carpathiacenter.ro\/\"},{\"@type\":\"ListItem\",\"position\":2,\"name\":\"Canada aloc\u0103 2% din PIB pentru ap\u0103rare\"}]},{\"@type\":\"WebSite\",\"@id\":\"https:\/\/carpathiacenter.ro\/#website\",\"url\":\"https:\/\/carpathiacenter.ro\/\",\"name\":\"Carpathia Center Romania\",\"description\":\"Impossible made possible!\",\"publisher\":{\"@id\":\"https:\/\/carpathiacenter.ro\/#organization\"},\"potentialAction\":[{\"@type\":\"SearchAction\",\"target\":{\"@type\":\"EntryPoint\",\"urlTemplate\":\"https:\/\/carpathiacenter.ro\/?s={search_term_string}\"},\"query-input\":{\"@type\":\"PropertyValueSpecification\",\"valueRequired\":true,\"valueName\":\"search_term_string\"}}],\"inLanguage\":\"en-GB\"},{\"@type\":\"Organization\",\"@id\":\"https:\/\/carpathiacenter.ro\/#organization\",\"name\":\"Carpathia Center Romania\",\"url\":\"https:\/\/carpathiacenter.ro\/\",\"logo\":{\"@type\":\"ImageObject\",\"inLanguage\":\"en-GB\",\"@id\":\"https:\/\/carpathiacenter.ro\/#\/schema\/logo\/image\/\",\"url\":\"https:\/\/carpathiacenter.ro\/wp-content\/uploads\/2024\/07\/logo-carpathia_bg_white-1024x941.png\",\"contentUrl\":\"https:\/\/carpathiacenter.ro\/wp-content\/uploads\/2024\/07\/logo-carpathia_bg_white-1024x941.png\",\"width\":1024,\"height\":941,\"caption\":\"Carpathia Center Romania\"},\"image\":{\"@id\":\"https:\/\/carpathiacenter.ro\/#\/schema\/logo\/image\/\"},\"sameAs\":[\"https:\/\/www.facebook.com\/fdpscarpathia\/\"]},{\"@type\":\"Person\",\"@id\":\"https:\/\/carpathiacenter.ro\/#\/schema\/person\/03d9f58202fee8379268f34afa195006\",\"name\":\"creativebitsolutions\",\"image\":{\"@type\":\"ImageObject\",\"inLanguage\":\"en-GB\",\"@id\":\"https:\/\/carpathiacenter.ro\/#\/schema\/person\/image\/\",\"url\":\"https:\/\/secure.gravatar.com\/avatar\/1b1a13e37f847c635dab78348f1dff2f07651ee2a3d77a5c355a4b8c75f9165a?s=96&d=mm&r=g\",\"contentUrl\":\"https:\/\/secure.gravatar.com\/avatar\/1b1a13e37f847c635dab78348f1dff2f07651ee2a3d77a5c355a4b8c75f9165a?s=96&d=mm&r=g\",\"caption\":\"creativebitsolutions\"},\"url\":\"https:\/\/carpathiacenter.ro\/en\/author\/creativebitsolutions\/\"}]}<\/script>\n<!-- \/ Yoast SEO plugin. -->","yoast_head_json":{"title":"Canada aloc\u0103 2% din PIB pentru ap\u0103rare - Carpathia Center Romania","robots":{"index":"index","follow":"follow","max-snippet":"max-snippet:-1","max-image-preview":"max-image-preview:large","max-video-preview":"max-video-preview:-1"},"canonical":"https:\/\/carpathiacenter.ro\/en\/canada-aloca-2-din-pib-pentru-aparare\/","og_locale":"en_GB","og_type":"article","og_title":"Canada aloc\u0103 2% din PIB pentru ap\u0103rare - Carpathia Center Romania","og_description":"Canada va aloca anul acesta 2% din produsul intern brut pentru ap\u0103rare, a anun\u021bat luni premierul Mark Carney, care a precizat c\u0103 astfel se atinge obiectivul NATO &#8216;cu o jum\u0103tate de deceniu mai devreme&#8217;, transmite AFP. &#8216;Ideea r\u0103sp\u00e2ndit\u0103 mult\u0103 vreme conform c\u0103reia pozi\u021bia geografic\u0103 a Canadei ne protejeaz\u0103 este tot mai arhaic\u0103&#8217;, iar &#8216;amenin\u021b\u0103rile unei...","og_url":"https:\/\/carpathiacenter.ro\/en\/canada-aloca-2-din-pib-pentru-aparare\/","og_site_name":"Carpathia Center Romania","article_publisher":"https:\/\/www.facebook.com\/fdpscarpathia\/","article_published_time":"2025-06-10T12:59:50+00:00","og_image":[{"width":2560,"height":1707,"url":"https:\/\/carpathiacenter.ro\/wp-content\/uploads\/2025\/06\/gettyimages-2204531571-scaled.jpg","type":"image\/jpeg"}],"author":"creativebitsolutions","twitter_card":"summary_large_image","twitter_misc":{"Written by":"creativebitsolutions","Estimated reading time":"1 minute"},"schema":{"@context":"https:\/\/schema.org","@graph":[{"@type":"Article","@id":"https:\/\/carpathiacenter.ro\/canada-aloca-2-din-pib-pentru-aparare\/#article","isPartOf":{"@id":"https:\/\/carpathiacenter.ro\/canada-aloca-2-din-pib-pentru-aparare\/"},"author":{"name":"creativebitsolutions","@id":"https:\/\/carpathiacenter.ro\/#\/schema\/person\/03d9f58202fee8379268f34afa195006"},"headline":"Canada aloc\u0103 2% din PIB pentru ap\u0103rare","datePublished":"2025-06-10T12:59:50+00:00","mainEntityOfPage":{"@id":"https:\/\/carpathiacenter.ro\/canada-aloca-2-din-pib-pentru-aparare\/"},"wordCount":301,"commentCount":0,"publisher":{"@id":"https:\/\/carpathiacenter.ro\/#organization"},"image":{"@id":"https:\/\/carpathiacenter.ro\/canada-aloca-2-din-pib-pentru-aparare\/#primaryimage"},"thumbnailUrl":"https:\/\/carpathiacenter.ro\/wp-content\/uploads\/2025\/06\/gettyimages-2204531571-scaled.jpg","articleSection":["Uncategorized"],"inLanguage":"en-GB","potentialAction":[{"@type":"CommentAction","name":"Comment","target":["https:\/\/carpathiacenter.ro\/canada-aloca-2-din-pib-pentru-aparare\/#respond"]}]},{"@type":"WebPage","@id":"https:\/\/carpathiacenter.ro\/canada-aloca-2-din-pib-pentru-aparare\/","url":"https:\/\/carpathiacenter.ro\/canada-aloca-2-din-pib-pentru-aparare\/","name":"Canada aloc\u0103 2% din PIB pentru ap\u0103rare - Carpathia Center Romania","isPartOf":{"@id":"https:\/\/carpathiacenter.ro\/#website"},"primaryImageOfPage":{"@id":"https:\/\/carpathiacenter.ro\/canada-aloca-2-din-pib-pentru-aparare\/#primaryimage"},"image":{"@id":"https:\/\/carpathiacenter.ro\/canada-aloca-2-din-pib-pentru-aparare\/#primaryimage"},"thumbnailUrl":"https:\/\/carpathiacenter.ro\/wp-content\/uploads\/2025\/06\/gettyimages-2204531571-scaled.jpg","datePublished":"2025-06-10T12:59:50+00:00","breadcrumb":{"@id":"https:\/\/carpathiacenter.ro\/canada-aloca-2-din-pib-pentru-aparare\/#breadcrumb"},"inLanguage":"en-GB","potentialAction":[{"@type":"ReadAction","target":["https:\/\/carpathiacenter.ro\/canada-aloca-2-din-pib-pentru-aparare\/"]}]},{"@type":"ImageObject","inLanguage":"en-GB","@id":"https:\/\/carpathiacenter.ro\/canada-aloca-2-din-pib-pentru-aparare\/#primaryimage","url":"https:\/\/carpathiacenter.ro\/wp-content\/uploads\/2025\/06\/gettyimages-2204531571-scaled.jpg","contentUrl":"https:\/\/carpathiacenter.ro\/wp-content\/uploads\/2025\/06\/gettyimages-2204531571-scaled.jpg","width":2560,"height":1707},{"@type":"BreadcrumbList","@id":"https:\/\/carpathiacenter.ro\/canada-aloca-2-din-pib-pentru-aparare\/#breadcrumb","itemListElement":[{"@type":"ListItem","position":1,"name":"Prima pagin\u0103","item":"https:\/\/carpathiacenter.ro\/"},{"@type":"ListItem","position":2,"name":"Canada aloc\u0103 2% din PIB pentru ap\u0103rare"}]},{"@type":"WebSite","@id":"https:\/\/carpathiacenter.ro\/#website","url":"https:\/\/carpathiacenter.ro\/","name":"Carpathia Center Romania","description":"Impossible made possible!","publisher":{"@id":"https:\/\/carpathiacenter.ro\/#organization"},"potentialAction":[{"@type":"SearchAction","target":{"@type":"EntryPoint","urlTemplate":"https:\/\/carpathiacenter.ro\/?s={search_term_string}"},"query-input":{"@type":"PropertyValueSpecification","valueRequired":true,"valueName":"search_term_string"}}],"inLanguage":"en-GB"},{"@type":"Organization","@id":"https:\/\/carpathiacenter.ro\/#organization","name":"Carpathia Center Romania","url":"https:\/\/carpathiacenter.ro\/","logo":{"@type":"ImageObject","inLanguage":"en-GB","@id":"https:\/\/carpathiacenter.ro\/#\/schema\/logo\/image\/","url":"https:\/\/carpathiacenter.ro\/wp-content\/uploads\/2024\/07\/logo-carpathia_bg_white-1024x941.png","contentUrl":"https:\/\/carpathiacenter.ro\/wp-content\/uploads\/2024\/07\/logo-carpathia_bg_white-1024x941.png","width":1024,"height":941,"caption":"Carpathia Center Romania"},"image":{"@id":"https:\/\/carpathiacenter.ro\/#\/schema\/logo\/image\/"},"sameAs":["https:\/\/www.facebook.com\/fdpscarpathia\/"]},{"@type":"Person","@id":"https:\/\/carpathiacenter.ro\/#\/schema\/person\/03d9f58202fee8379268f34afa195006","name":"creativebitsolutions","image":{"@type":"ImageObject","inLanguage":"en-GB","@id":"https:\/\/carpathiacenter.ro\/#\/schema\/person\/image\/","url":"https:\/\/secure.gravatar.com\/avatar\/1b1a13e37f847c635dab78348f1dff2f07651ee2a3d77a5c355a4b8c75f9165a?s=96&d=mm&r=g","contentUrl":"https:\/\/secure.gravatar.com\/avatar\/1b1a13e37f847c635dab78348f1dff2f07651ee2a3d77a5c355a4b8c75f9165a?s=96&d=mm&r=g","caption":"creativebitsolutions"},"url":"https:\/\/carpathiacenter.ro\/en\/author\/creativebitsolutions\/"}]}},"_links":{"self":[{"href":"https:\/\/carpathiacenter.ro\/en\/wp-json\/wp\/v2\/posts\/2513","targetHints":{"allow":["GET"]}}],"collection":[{"href":"https:\/\/carpathiacenter.ro\/en\/wp-json\/wp\/v2\/posts"}],"about":[{"href":"https:\/\/carpathiacenter.ro\/en\/wp-json\/wp\/v2\/types\/post"}],"author":[{"embeddable":true,"href":"https:\/\/carpathiacenter.ro\/en\/wp-json\/wp\/v2\/users\/4"}],"replies":[{"embeddable":true,"href":"https:\/\/carpathiacenter.ro\/en\/wp-json\/wp\/v2\/comments?post=2513"}],"version-history":[{"count":1,"href":"https:\/\/carpathiacenter.ro\/en\/wp-json\/wp\/v2\/posts\/2513\/revisions"}],"predecessor-version":[{"id":2515,"href":"https:\/\/carpathiacenter.ro\/en\/wp-json\/wp\/v2\/posts\/2513\/revisions\/2515"}],"wp:featuredmedia":[{"embeddable":true,"href":"https:\/\/carpathiacenter.ro\/en\/wp-json\/wp\/v2\/media\/2514"}],"wp:attachment":[{"href":"https:\/\/carpathiacenter.ro\/en\/wp-json\/wp\/v2\/media?parent=2513"}],"wp:term":[{"taxonomy":"category","embeddable":true,"href":"https:\/\/carpathiacenter.ro\/en\/wp-json\/wp\/v2\/categories?post=2513"},{"taxonomy":"post_tag","embeddable":true,"href":"https:\/\/carpathiacenter.ro\/en\/wp-json\/wp\/v2\/tags?post=2513"}],"curies":[{"name":"wp","href":"https:\/\/api.w.org\/{rel}","templated":true}]}}