{"id":2494,"date":"2025-06-04T09:31:58","date_gmt":"2025-06-04T09:31:58","guid":{"rendered":"https:\/\/carpathiacenter.ro\/?p=2494"},"modified":"2025-06-04T09:31:58","modified_gmt":"2025-06-04T09:31:58","slug":"mae-ministrul-hurezeanu-intrevedere-cu-secretarul-general-al-ocde-mathias-cormann","status":"publish","type":"post","link":"https:\/\/carpathiacenter.ro\/en\/mae-ministrul-hurezeanu-intrevedere-cu-secretarul-general-al-ocde-mathias-cormann\/","title":{"rendered":"MAE: Ministrul Hurezeanu &#8211; \u00eentrevedere cu secretarul general al OCDE, Mathias Cormann"},"content":{"rendered":"<p><strong>Ministrul interimar al Afacerilor Externe, Emil Hurezeanu, a participat mar\u021bi, la Paris, la Reuniunea Ministerial\u0103 a Consiliului Organiza\u021biei pentru Cooperare \u0219i Dezvoltare Economic\u0103 (OCDE), ocazie cu care a avut \u0219i o \u00eentrevedere cu secretarul general al OCDE, Mathias Cormann.<\/strong><\/p>\n<p>&#8216;\u00cen marja evenimentului, ministrul Hurezeanu a avut o \u00eentrevedere cu secretarul general al OCDE, Mathias Cormann, \u00een cadrul c\u0103reia a trecut \u00een revist\u0103 stadiul procesului de aderare \u0219i a reiterat angajamentul Rom\u00e2niei pentru finalizarea cu succes a acestuia, \u00een 2026, \u00een baza alinierii la politicile \u0219i practicile Organiza\u021biei. \u0218eful diploma\u021biei rom\u00e2ne a salutat implicarea secretarului general Cormann \u00een promovarea extinderii Organiza\u021biei \u0219i a mul\u021bumit pentru sus\u021binerea oferit\u0103 Rom\u00e2niei \u00een procesul de aderare&#8217;, informeaz\u0103 un comunicat de pres\u0103 transmis de Ministerul Afacerilor Externe (MAE).<\/p>\n<p>\u0218eful diploma\u021biei rom\u00e2ne a avut o interven\u021bie \u00een cadrul sesiunii dedicate promov\u0103rii cre\u0219terii economice favorabile incluziunii pentru atingerea obiectivelor de dezvoltare durabil\u0103. Cu acest prilej, mini\u0219trii au discutat despre ini\u021biativele \u00een materie de politici publice pentru a sprijini tranzi\u021bia ecologic\u0103 \u0219i economia albastr\u0103, prin intermediul unui comer\u021b bazat pe norme, promov\u00e2nd o abordare incluziv\u0103 \u0219i participarea IMM-urilor.<\/p>\n<p><\/p>\n<p>&#8216;Mesajul ministrului Afacerilor Externe s-a concentrat pe reliefarea contribu\u021biei Rom\u00e2niei la eforturile OCDE pe dimensiunea dezvolt\u0103rii durabile \u0219i pe eviden\u021bierea unor ini\u021biative la nivel na\u021bional, \u00een contextul mai larg al angajamentului pentru aderarea la OCDE. \u00cen interven\u021bia sa, ministrul rom\u00e2n a men\u021bionat alinierea eficient\u0103 a investi\u021biilor \u0219i a finan\u021b\u0103rii cu obiectivele de sustenabilitate, precum \u0219i promovarea parteneriatelor \u0219i a cooper\u0103rii regionale ca modalit\u0103\u021bi de punere \u00een aplicare a Agendei 2030. Din perspectiva aportului Rom\u00e2niei, a eviden\u021biat instituirea B\u0103ncii de Investi\u021bii \u0219i Dezvoltare, ca modalitate de \u00eent\u0103rire a investi\u021biilor aliniate cu Obiectivele de Dezvoltare Durabil\u0103, emiterea de c\u0103tre Rom\u00e2nia de obliga\u021biuni verzi pentru finan\u021barea de proiecte durabile, precum \u0219i participarea la proiecte de cooperare la Marea Neagr\u0103 cu parteneri \u00een domeniul economiei albastre&#8217;, puncteaz\u0103 comunicatul MAE.<\/p>\n<p>Lucr\u0103rile reuniunii ministeriale a Consiliului OCDE au fost prezidate de Costa Rica, \u00eempreun\u0103 cu Australia, Canada \u0219i Lituania, \u00een calitate de vicepre\u0219edin\u021bi. Evenimentul a reunit reprezentan\u021bi de nivel din cele 38 de state membre ale OCDE, din statele candidate \u0219i partenere, precum \u0219i ai unor organiza\u021bii interna\u021bionale.<\/p>\n<p>Edi\u021bia din acest an, cu tema &#8216;Deschiz\u00e2nd calea c\u0103tre o prosperitate rezilient\u0103, incluziv\u0103 \u0219i durabil\u0103 prin comer\u021b, investi\u021bii \u0219i inovare bazate pe reguli&#8217;, a prilejuit schimburi de bune practici pentru a identifica modalit\u0103\u021bi de sporire a rezilien\u021bei \u0219i a prosperit\u0103\u021bii, \u00een contextul provoc\u0103rilor la adresa comer\u021bului interna\u021bional. Discu\u021biile ministeriale au abordat impactul riscurilor economice, climatice \u0219i sociale, precum \u0219i provoc\u0103rile emergente \u0219i valorificarea economiei digitale.<\/p>\n<p>***<br \/>\nConferin\u021ba Ministerial\u0103 a Consiliului OCDE este cel mai important eveniment anual g\u0103zduit de Organiza\u021bie. Particip\u0103 mini\u0219tri ai afacerilor externe, economiei, finan\u021belor, comer\u021bului sau al\u021bi membri ai guvernelor din statele membre, din statele candidate, precum \u0219i din \u021b\u0103rile \u0219i organiza\u021biile interna\u021bionale partenere ale OCDE. Reuniunea ofer\u0103 mini\u0219trilor ocazia de a dezbate provoc\u0103rile socio-economice globale \u0219i rolul esen\u021bial al Organiza\u021biei ca forum de dialog \u00een identificarea unor r\u0103spunsuri comune fundamentate pe date obiective.<\/p>\n<p>Sesiunea din acest an este a patra reuniune la nivel ministerial a Consiliului OCDE la care Rom\u00e2nia particip\u0103 \u00een calitate de stat candidat, de la deschiderea discu\u021biilor de aderare \u00een 2022. AGERPRES\/(AS &#8211; redactor: Marius Fr\u0103\u021bil\u0103, editor: Georgiana T\u0103n\u0103sescu, editor online: Alexandru Cojocaru)<br \/>\n<br \/>\nSursa articolului:<a href=\"https:\/\/agerpres.ro\/politic\/2025\/06\/03\/mae-ministrul-hurezeanu---intrevedere-cu-secretarul-general-al-ocde-mathias-cormann--1456065\" target=\"_blank\" rel=\"noopener\" title=\"\">https:\/\/agerpres.ro\/politic\/2025\/06\/03\/mae-ministrul-hurezeanu&#8212;intrevedere-cu-secretarul-general-al-ocde-mathias-cormann&#8211;1456065<\/a><\/p>","protected":false},"excerpt":{"rendered":"<p>Ministrul interimar al Afacerilor Externe, Emil Hurezeanu, a participat mar\u021bi, la Paris, la Reuniunea Ministerial\u0103 a Consiliului Organiza\u021biei pentru Cooperare \u0219i Dezvoltare Economic\u0103 (OCDE), ocazie cu care a avut \u0219i o \u00eentrevedere cu secretarul general al OCDE, Mathias Cormann. &#8216;\u00cen marja evenimentului, ministrul Hurezeanu a avut o \u00eentrevedere cu secretarul general al OCDE, Mathias Cormann,&#8230;<\/p>","protected":false},"author":4,"featured_media":2491,"comment_status":"open","ping_status":"open","sticky":false,"template":"","format":"standard","meta":{"footnotes":""},"categories":[1],"tags":[],"class_list":["post-2494","post","type-post","status-publish","format-standard","has-post-thumbnail","hentry","category-uncategorized"],"yoast_head":"<!-- This site is optimized with the Yoast SEO plugin v26.1.1 - https:\/\/yoast.com\/wordpress\/plugins\/seo\/ -->\n<title>MAE: Ministrul Hurezeanu - \u00eentrevedere cu secretarul general al OCDE, Mathias Cormann - Carpathia Center Romania<\/title>\n<meta name=\"robots\" content=\"index, follow, max-snippet:-1, max-image-preview:large, max-video-preview:-1\" \/>\n<link rel=\"canonical\" href=\"https:\/\/carpathiacenter.ro\/en\/mae-ministrul-hurezeanu-intrevedere-cu-secretarul-general-al-ocde-mathias-cormann\/\" \/>\n<meta property=\"og:locale\" content=\"en_GB\" \/>\n<meta property=\"og:type\" content=\"article\" \/>\n<meta property=\"og:title\" content=\"MAE: Ministrul Hurezeanu - \u00eentrevedere cu secretarul general al OCDE, Mathias Cormann - Carpathia Center Romania\" \/>\n<meta property=\"og:description\" content=\"Ministrul interimar al Afacerilor Externe, Emil Hurezeanu, a participat mar\u021bi, la Paris, la Reuniunea Ministerial\u0103 a Consiliului Organiza\u021biei pentru Cooperare \u0219i Dezvoltare Economic\u0103 (OCDE), ocazie cu care a avut \u0219i o \u00eentrevedere cu secretarul general al OCDE, Mathias Cormann. &#8216;\u00cen marja evenimentului, ministrul Hurezeanu a avut o \u00eentrevedere cu secretarul general al OCDE, Mathias Cormann,...\" \/>\n<meta property=\"og:url\" content=\"https:\/\/carpathiacenter.ro\/en\/mae-ministrul-hurezeanu-intrevedere-cu-secretarul-general-al-ocde-mathias-cormann\/\" \/>\n<meta property=\"og:site_name\" content=\"Carpathia Center Romania\" \/>\n<meta property=\"article:publisher\" content=\"https:\/\/www.facebook.com\/fdpscarpathia\/\" \/>\n<meta property=\"article:published_time\" content=\"2025-06-04T09:31:58+00:00\" \/>\n<meta property=\"og:image\" content=\"https:\/\/carpathiacenter.ro\/wp-content\/uploads\/2025\/06\/Emil-Hurezeanu.jpg\" \/>\n\t<meta property=\"og:image:width\" content=\"600\" \/>\n\t<meta property=\"og:image:height\" content=\"400\" \/>\n\t<meta property=\"og:image:type\" content=\"image\/jpeg\" \/>\n<meta name=\"author\" content=\"creativebitsolutions\" \/>\n<meta name=\"twitter:card\" content=\"summary_large_image\" \/>\n<meta name=\"twitter:label1\" content=\"Written by\" \/>\n\t<meta name=\"twitter:data1\" content=\"creativebitsolutions\" \/>\n\t<meta name=\"twitter:label2\" content=\"Estimated reading time\" \/>\n\t<meta name=\"twitter:data2\" content=\"3 minutes\" \/>\n<script type=\"application\/ld+json\" class=\"yoast-schema-graph\">{\"@context\":\"https:\/\/schema.org\",\"@graph\":[{\"@type\":\"Article\",\"@id\":\"https:\/\/carpathiacenter.ro\/mae-ministrul-hurezeanu-intrevedere-cu-secretarul-general-al-ocde-mathias-cormann\/#article\",\"isPartOf\":{\"@id\":\"https:\/\/carpathiacenter.ro\/mae-ministrul-hurezeanu-intrevedere-cu-secretarul-general-al-ocde-mathias-cormann\/\"},\"author\":{\"name\":\"creativebitsolutions\",\"@id\":\"https:\/\/carpathiacenter.ro\/#\/schema\/person\/03d9f58202fee8379268f34afa195006\"},\"headline\":\"MAE: Ministrul Hurezeanu &#8211; \u00eentrevedere cu secretarul general al OCDE, Mathias Cormann\",\"datePublished\":\"2025-06-04T09:31:58+00:00\",\"mainEntityOfPage\":{\"@id\":\"https:\/\/carpathiacenter.ro\/mae-ministrul-hurezeanu-intrevedere-cu-secretarul-general-al-ocde-mathias-cormann\/\"},\"wordCount\":626,\"commentCount\":0,\"publisher\":{\"@id\":\"https:\/\/carpathiacenter.ro\/#organization\"},\"image\":{\"@id\":\"https:\/\/carpathiacenter.ro\/mae-ministrul-hurezeanu-intrevedere-cu-secretarul-general-al-ocde-mathias-cormann\/#primaryimage\"},\"thumbnailUrl\":\"https:\/\/carpathiacenter.ro\/wp-content\/uploads\/2025\/06\/Emil-Hurezeanu.jpg\",\"articleSection\":[\"Uncategorized\"],\"inLanguage\":\"en-GB\",\"potentialAction\":[{\"@type\":\"CommentAction\",\"name\":\"Comment\",\"target\":[\"https:\/\/carpathiacenter.ro\/mae-ministrul-hurezeanu-intrevedere-cu-secretarul-general-al-ocde-mathias-cormann\/#respond\"]}]},{\"@type\":\"WebPage\",\"@id\":\"https:\/\/carpathiacenter.ro\/mae-ministrul-hurezeanu-intrevedere-cu-secretarul-general-al-ocde-mathias-cormann\/\",\"url\":\"https:\/\/carpathiacenter.ro\/mae-ministrul-hurezeanu-intrevedere-cu-secretarul-general-al-ocde-mathias-cormann\/\",\"name\":\"MAE: Ministrul Hurezeanu - \u00eentrevedere cu secretarul general al OCDE, Mathias Cormann - Carpathia Center Romania\",\"isPartOf\":{\"@id\":\"https:\/\/carpathiacenter.ro\/#website\"},\"primaryImageOfPage\":{\"@id\":\"https:\/\/carpathiacenter.ro\/mae-ministrul-hurezeanu-intrevedere-cu-secretarul-general-al-ocde-mathias-cormann\/#primaryimage\"},\"image\":{\"@id\":\"https:\/\/carpathiacenter.ro\/mae-ministrul-hurezeanu-intrevedere-cu-secretarul-general-al-ocde-mathias-cormann\/#primaryimage\"},\"thumbnailUrl\":\"https:\/\/carpathiacenter.ro\/wp-content\/uploads\/2025\/06\/Emil-Hurezeanu.jpg\",\"datePublished\":\"2025-06-04T09:31:58+00:00\",\"breadcrumb\":{\"@id\":\"https:\/\/carpathiacenter.ro\/mae-ministrul-hurezeanu-intrevedere-cu-secretarul-general-al-ocde-mathias-cormann\/#breadcrumb\"},\"inLanguage\":\"en-GB\",\"potentialAction\":[{\"@type\":\"ReadAction\",\"target\":[\"https:\/\/carpathiacenter.ro\/mae-ministrul-hurezeanu-intrevedere-cu-secretarul-general-al-ocde-mathias-cormann\/\"]}]},{\"@type\":\"ImageObject\",\"inLanguage\":\"en-GB\",\"@id\":\"https:\/\/carpathiacenter.ro\/mae-ministrul-hurezeanu-intrevedere-cu-secretarul-general-al-ocde-mathias-cormann\/#primaryimage\",\"url\":\"https:\/\/carpathiacenter.ro\/wp-content\/uploads\/2025\/06\/Emil-Hurezeanu.jpg\",\"contentUrl\":\"https:\/\/carpathiacenter.ro\/wp-content\/uploads\/2025\/06\/Emil-Hurezeanu.jpg\",\"width\":600,\"height\":400},{\"@type\":\"BreadcrumbList\",\"@id\":\"https:\/\/carpathiacenter.ro\/mae-ministrul-hurezeanu-intrevedere-cu-secretarul-general-al-ocde-mathias-cormann\/#breadcrumb\",\"itemListElement\":[{\"@type\":\"ListItem\",\"position\":1,\"name\":\"Prima pagin\u0103\",\"item\":\"https:\/\/carpathiacenter.ro\/\"},{\"@type\":\"ListItem\",\"position\":2,\"name\":\"MAE: Ministrul Hurezeanu &#8211; \u00eentrevedere cu secretarul general al OCDE, Mathias Cormann\"}]},{\"@type\":\"WebSite\",\"@id\":\"https:\/\/carpathiacenter.ro\/#website\",\"url\":\"https:\/\/carpathiacenter.ro\/\",\"name\":\"Carpathia Center Romania\",\"description\":\"Impossible made possible!\",\"publisher\":{\"@id\":\"https:\/\/carpathiacenter.ro\/#organization\"},\"potentialAction\":[{\"@type\":\"SearchAction\",\"target\":{\"@type\":\"EntryPoint\",\"urlTemplate\":\"https:\/\/carpathiacenter.ro\/?s={search_term_string}\"},\"query-input\":{\"@type\":\"PropertyValueSpecification\",\"valueRequired\":true,\"valueName\":\"search_term_string\"}}],\"inLanguage\":\"en-GB\"},{\"@type\":\"Organization\",\"@id\":\"https:\/\/carpathiacenter.ro\/#organization\",\"name\":\"Carpathia Center Romania\",\"url\":\"https:\/\/carpathiacenter.ro\/\",\"logo\":{\"@type\":\"ImageObject\",\"inLanguage\":\"en-GB\",\"@id\":\"https:\/\/carpathiacenter.ro\/#\/schema\/logo\/image\/\",\"url\":\"https:\/\/carpathiacenter.ro\/wp-content\/uploads\/2024\/07\/logo-carpathia_bg_white-1024x941.png\",\"contentUrl\":\"https:\/\/carpathiacenter.ro\/wp-content\/uploads\/2024\/07\/logo-carpathia_bg_white-1024x941.png\",\"width\":1024,\"height\":941,\"caption\":\"Carpathia Center Romania\"},\"image\":{\"@id\":\"https:\/\/carpathiacenter.ro\/#\/schema\/logo\/image\/\"},\"sameAs\":[\"https:\/\/www.facebook.com\/fdpscarpathia\/\"]},{\"@type\":\"Person\",\"@id\":\"https:\/\/carpathiacenter.ro\/#\/schema\/person\/03d9f58202fee8379268f34afa195006\",\"name\":\"creativebitsolutions\",\"image\":{\"@type\":\"ImageObject\",\"inLanguage\":\"en-GB\",\"@id\":\"https:\/\/carpathiacenter.ro\/#\/schema\/person\/image\/\",\"url\":\"https:\/\/secure.gravatar.com\/avatar\/1b1a13e37f847c635dab78348f1dff2f07651ee2a3d77a5c355a4b8c75f9165a?s=96&d=mm&r=g\",\"contentUrl\":\"https:\/\/secure.gravatar.com\/avatar\/1b1a13e37f847c635dab78348f1dff2f07651ee2a3d77a5c355a4b8c75f9165a?s=96&d=mm&r=g\",\"caption\":\"creativebitsolutions\"},\"url\":\"https:\/\/carpathiacenter.ro\/en\/author\/creativebitsolutions\/\"}]}<\/script>\n<!-- \/ Yoast SEO plugin. -->","yoast_head_json":{"title":"MAE: Ministrul Hurezeanu - \u00eentrevedere cu secretarul general al OCDE, Mathias Cormann - Carpathia Center Romania","robots":{"index":"index","follow":"follow","max-snippet":"max-snippet:-1","max-image-preview":"max-image-preview:large","max-video-preview":"max-video-preview:-1"},"canonical":"https:\/\/carpathiacenter.ro\/en\/mae-ministrul-hurezeanu-intrevedere-cu-secretarul-general-al-ocde-mathias-cormann\/","og_locale":"en_GB","og_type":"article","og_title":"MAE: Ministrul Hurezeanu - \u00eentrevedere cu secretarul general al OCDE, Mathias Cormann - Carpathia Center Romania","og_description":"Ministrul interimar al Afacerilor Externe, Emil Hurezeanu, a participat mar\u021bi, la Paris, la Reuniunea Ministerial\u0103 a Consiliului Organiza\u021biei pentru Cooperare \u0219i Dezvoltare Economic\u0103 (OCDE), ocazie cu care a avut \u0219i o \u00eentrevedere cu secretarul general al OCDE, Mathias Cormann. &#8216;\u00cen marja evenimentului, ministrul Hurezeanu a avut o \u00eentrevedere cu secretarul general al OCDE, Mathias Cormann,...","og_url":"https:\/\/carpathiacenter.ro\/en\/mae-ministrul-hurezeanu-intrevedere-cu-secretarul-general-al-ocde-mathias-cormann\/","og_site_name":"Carpathia Center Romania","article_publisher":"https:\/\/www.facebook.com\/fdpscarpathia\/","article_published_time":"2025-06-04T09:31:58+00:00","og_image":[{"width":600,"height":400,"url":"https:\/\/carpathiacenter.ro\/wp-content\/uploads\/2025\/06\/Emil-Hurezeanu.jpg","type":"image\/jpeg"}],"author":"creativebitsolutions","twitter_card":"summary_large_image","twitter_misc":{"Written by":"creativebitsolutions","Estimated reading time":"3 minutes"},"schema":{"@context":"https:\/\/schema.org","@graph":[{"@type":"Article","@id":"https:\/\/carpathiacenter.ro\/mae-ministrul-hurezeanu-intrevedere-cu-secretarul-general-al-ocde-mathias-cormann\/#article","isPartOf":{"@id":"https:\/\/carpathiacenter.ro\/mae-ministrul-hurezeanu-intrevedere-cu-secretarul-general-al-ocde-mathias-cormann\/"},"author":{"name":"creativebitsolutions","@id":"https:\/\/carpathiacenter.ro\/#\/schema\/person\/03d9f58202fee8379268f34afa195006"},"headline":"MAE: Ministrul Hurezeanu &#8211; \u00eentrevedere cu secretarul general al OCDE, Mathias Cormann","datePublished":"2025-06-04T09:31:58+00:00","mainEntityOfPage":{"@id":"https:\/\/carpathiacenter.ro\/mae-ministrul-hurezeanu-intrevedere-cu-secretarul-general-al-ocde-mathias-cormann\/"},"wordCount":626,"commentCount":0,"publisher":{"@id":"https:\/\/carpathiacenter.ro\/#organization"},"image":{"@id":"https:\/\/carpathiacenter.ro\/mae-ministrul-hurezeanu-intrevedere-cu-secretarul-general-al-ocde-mathias-cormann\/#primaryimage"},"thumbnailUrl":"https:\/\/carpathiacenter.ro\/wp-content\/uploads\/2025\/06\/Emil-Hurezeanu.jpg","articleSection":["Uncategorized"],"inLanguage":"en-GB","potentialAction":[{"@type":"CommentAction","name":"Comment","target":["https:\/\/carpathiacenter.ro\/mae-ministrul-hurezeanu-intrevedere-cu-secretarul-general-al-ocde-mathias-cormann\/#respond"]}]},{"@type":"WebPage","@id":"https:\/\/carpathiacenter.ro\/mae-ministrul-hurezeanu-intrevedere-cu-secretarul-general-al-ocde-mathias-cormann\/","url":"https:\/\/carpathiacenter.ro\/mae-ministrul-hurezeanu-intrevedere-cu-secretarul-general-al-ocde-mathias-cormann\/","name":"MAE: Ministrul Hurezeanu - \u00eentrevedere cu secretarul general al OCDE, Mathias Cormann - Carpathia Center Romania","isPartOf":{"@id":"https:\/\/carpathiacenter.ro\/#website"},"primaryImageOfPage":{"@id":"https:\/\/carpathiacenter.ro\/mae-ministrul-hurezeanu-intrevedere-cu-secretarul-general-al-ocde-mathias-cormann\/#primaryimage"},"image":{"@id":"https:\/\/carpathiacenter.ro\/mae-ministrul-hurezeanu-intrevedere-cu-secretarul-general-al-ocde-mathias-cormann\/#primaryimage"},"thumbnailUrl":"https:\/\/carpathiacenter.ro\/wp-content\/uploads\/2025\/06\/Emil-Hurezeanu.jpg","datePublished":"2025-06-04T09:31:58+00:00","breadcrumb":{"@id":"https:\/\/carpathiacenter.ro\/mae-ministrul-hurezeanu-intrevedere-cu-secretarul-general-al-ocde-mathias-cormann\/#breadcrumb"},"inLanguage":"en-GB","potentialAction":[{"@type":"ReadAction","target":["https:\/\/carpathiacenter.ro\/mae-ministrul-hurezeanu-intrevedere-cu-secretarul-general-al-ocde-mathias-cormann\/"]}]},{"@type":"ImageObject","inLanguage":"en-GB","@id":"https:\/\/carpathiacenter.ro\/mae-ministrul-hurezeanu-intrevedere-cu-secretarul-general-al-ocde-mathias-cormann\/#primaryimage","url":"https:\/\/carpathiacenter.ro\/wp-content\/uploads\/2025\/06\/Emil-Hurezeanu.jpg","contentUrl":"https:\/\/carpathiacenter.ro\/wp-content\/uploads\/2025\/06\/Emil-Hurezeanu.jpg","width":600,"height":400},{"@type":"BreadcrumbList","@id":"https:\/\/carpathiacenter.ro\/mae-ministrul-hurezeanu-intrevedere-cu-secretarul-general-al-ocde-mathias-cormann\/#breadcrumb","itemListElement":[{"@type":"ListItem","position":1,"name":"Prima pagin\u0103","item":"https:\/\/carpathiacenter.ro\/"},{"@type":"ListItem","position":2,"name":"MAE: Ministrul Hurezeanu &#8211; \u00eentrevedere cu secretarul general al OCDE, Mathias Cormann"}]},{"@type":"WebSite","@id":"https:\/\/carpathiacenter.ro\/#website","url":"https:\/\/carpathiacenter.ro\/","name":"Carpathia Center Romania","description":"Impossible made possible!","publisher":{"@id":"https:\/\/carpathiacenter.ro\/#organization"},"potentialAction":[{"@type":"SearchAction","target":{"@type":"EntryPoint","urlTemplate":"https:\/\/carpathiacenter.ro\/?s={search_term_string}"},"query-input":{"@type":"PropertyValueSpecification","valueRequired":true,"valueName":"search_term_string"}}],"inLanguage":"en-GB"},{"@type":"Organization","@id":"https:\/\/carpathiacenter.ro\/#organization","name":"Carpathia Center Romania","url":"https:\/\/carpathiacenter.ro\/","logo":{"@type":"ImageObject","inLanguage":"en-GB","@id":"https:\/\/carpathiacenter.ro\/#\/schema\/logo\/image\/","url":"https:\/\/carpathiacenter.ro\/wp-content\/uploads\/2024\/07\/logo-carpathia_bg_white-1024x941.png","contentUrl":"https:\/\/carpathiacenter.ro\/wp-content\/uploads\/2024\/07\/logo-carpathia_bg_white-1024x941.png","width":1024,"height":941,"caption":"Carpathia Center Romania"},"image":{"@id":"https:\/\/carpathiacenter.ro\/#\/schema\/logo\/image\/"},"sameAs":["https:\/\/www.facebook.com\/fdpscarpathia\/"]},{"@type":"Person","@id":"https:\/\/carpathiacenter.ro\/#\/schema\/person\/03d9f58202fee8379268f34afa195006","name":"creativebitsolutions","image":{"@type":"ImageObject","inLanguage":"en-GB","@id":"https:\/\/carpathiacenter.ro\/#\/schema\/person\/image\/","url":"https:\/\/secure.gravatar.com\/avatar\/1b1a13e37f847c635dab78348f1dff2f07651ee2a3d77a5c355a4b8c75f9165a?s=96&d=mm&r=g","contentUrl":"https:\/\/secure.gravatar.com\/avatar\/1b1a13e37f847c635dab78348f1dff2f07651ee2a3d77a5c355a4b8c75f9165a?s=96&d=mm&r=g","caption":"creativebitsolutions"},"url":"https:\/\/carpathiacenter.ro\/en\/author\/creativebitsolutions\/"}]}},"_links":{"self":[{"href":"https:\/\/carpathiacenter.ro\/en\/wp-json\/wp\/v2\/posts\/2494","targetHints":{"allow":["GET"]}}],"collection":[{"href":"https:\/\/carpathiacenter.ro\/en\/wp-json\/wp\/v2\/posts"}],"about":[{"href":"https:\/\/carpathiacenter.ro\/en\/wp-json\/wp\/v2\/types\/post"}],"author":[{"embeddable":true,"href":"https:\/\/carpathiacenter.ro\/en\/wp-json\/wp\/v2\/users\/4"}],"replies":[{"embeddable":true,"href":"https:\/\/carpathiacenter.ro\/en\/wp-json\/wp\/v2\/comments?post=2494"}],"version-history":[{"count":1,"href":"https:\/\/carpathiacenter.ro\/en\/wp-json\/wp\/v2\/posts\/2494\/revisions"}],"predecessor-version":[{"id":2495,"href":"https:\/\/carpathiacenter.ro\/en\/wp-json\/wp\/v2\/posts\/2494\/revisions\/2495"}],"wp:featuredmedia":[{"embeddable":true,"href":"https:\/\/carpathiacenter.ro\/en\/wp-json\/wp\/v2\/media\/2491"}],"wp:attachment":[{"href":"https:\/\/carpathiacenter.ro\/en\/wp-json\/wp\/v2\/media?parent=2494"}],"wp:term":[{"taxonomy":"category","embeddable":true,"href":"https:\/\/carpathiacenter.ro\/en\/wp-json\/wp\/v2\/categories?post=2494"},{"taxonomy":"post_tag","embeddable":true,"href":"https:\/\/carpathiacenter.ro\/en\/wp-json\/wp\/v2\/tags?post=2494"}],"curies":[{"name":"wp","href":"https:\/\/api.w.org\/{rel}","templated":true}]}}