{"id":2490,"date":"2025-06-04T09:30:07","date_gmt":"2025-06-04T09:30:07","guid":{"rendered":"https:\/\/carpathiacenter.ro\/?p=2490"},"modified":"2025-06-04T09:30:07","modified_gmt":"2025-06-04T09:30:07","slug":"ministerul-mediului-va-emite-acordul-de-mediu-pentru-amenajarea-hidroenergetica-livezeni-bumbesti","status":"publish","type":"post","link":"https:\/\/carpathiacenter.ro\/en\/ministerul-mediului-va-emite-acordul-de-mediu-pentru-amenajarea-hidroenergetica-livezeni-bumbesti\/","title":{"rendered":"Ministerul Mediului va emite Acordul de mediu pentru Amenajarea Hidroenergetic\u0103 Livezeni Bumbe\u0219ti"},"content":{"rendered":"<p>Ministerul Mediului a decis s\u0103 emit\u0103 acordul de mediu pentru Amenajarea Hidroenergetic\u0103 Livezeni Bumbe\u0219ti, finalizarea acestui proiect urm\u00e2nd s\u0103 aduc\u0103 un plus de energie regenerabil\u0103 \u00een sistemul na\u021bional de 283 GWh\/an produc\u021bie anual\u0103, <a href=\"https:\/\/www.facebook.com\/Mediu.Romania\/posts\/pfbid037RDLDeJQ6TpNsXQYu7p9UG891r3T87cakfhw1TiJFp25HmtGxpVusx8tVmtM7iHql\" target=\"_blank\">a anun\u021bat<\/a> institu\u021bia printr-un comunicat postat pe pagina sa de Facebook.<\/p>\n<p>Proiectul a trecut printr-un amplu proces de evaluare a impactului asupra mediului, \u00een conformitate cu legisla\u021bia na\u021bional\u0103 \u0219i normele europene. Au fost elaborate trei studii de specialitate, respectiv Studiul de evaluare a impactului asupra corpurilor de ap\u0103, Studiul de evaluare adecvat\u0103 \u0219i Raportul privind impactul asupra mediului (care integreaz\u0103 concluziile celorlalte dou\u0103). \u00cen urma acestora, au fost incluse m\u0103suri concrete de prevenire, reducere \u0219i monitorizare a impactului asupra mediului, valabile at\u00e2t pentru perioada execu\u021biei, c\u00e2t \u0219i pentru cea de func\u021bionare a AHE Livezeni &#8211; Bumbe\u0219ti, precizeaz\u0103 sursa citat\u0103.<\/p>\n<p>Lucr\u0103rile au \u00eenceput \u00een 2004 \u0219i au fost realizate \u00een propor\u021bie de aproximativ 87% p\u00e2n\u0103 \u00een 2017, fiind suspendate ulterior \u00een urma unei decizii a Cur\u021bii de Apel Bucure\u0219ti, care a impus evaluarea adecvat\u0103 a impactului asupra ariilor protejate instituite ulterior. AGERPRES\/(AS &#8211; editor: Andreea Marinescu, editor online: Andreea L\u00e3z\u00e3roiu)<br \/>\n<br \/>\nSursa articolului:<a href=\"https:\/\/agerpres.ro\/economic\/2025\/06\/03\/ministerul-mediului-va-emite-acordul-de-mediu-pentru-amenajarea-hidroenergetica-livezeni-bumbesti--1456041\" target=\"_blank\" rel=\"noopener\" title=\"\">https:\/\/agerpres.ro\/economic\/2025\/06\/03\/ministerul-mediului-va-emite-acordul-de-mediu-pentru-amenajarea-hidroenergetica-livezeni-bumbesti&#8211;1456041<\/a><\/p>","protected":false},"excerpt":{"rendered":"<p>Ministerul Mediului a decis s\u0103 emit\u0103 acordul de mediu pentru Amenajarea Hidroenergetic\u0103 Livezeni Bumbe\u0219ti, finalizarea acestui proiect urm\u00e2nd s\u0103 aduc\u0103 un plus de energie regenerabil\u0103 \u00een sistemul na\u021bional de 283 GWh\/an produc\u021bie anual\u0103, a anun\u021bat institu\u021bia printr-un comunicat postat pe pagina sa de Facebook. Proiectul a trecut printr-un amplu proces de evaluare a impactului asupra&#8230;<\/p>","protected":false},"author":4,"featured_media":2492,"comment_status":"open","ping_status":"open","sticky":false,"template":"","format":"standard","meta":{"footnotes":""},"categories":[1],"tags":[],"class_list":["post-2490","post","type-post","status-publish","format-standard","has-post-thumbnail","hentry","category-uncategorized"],"yoast_head":"<!-- This site is optimized with the Yoast SEO plugin v26.1.1 - https:\/\/yoast.com\/wordpress\/plugins\/seo\/ -->\n<title>Ministerul Mediului va emite Acordul de mediu pentru Amenajarea Hidroenergetic\u0103 Livezeni Bumbe\u0219ti - Carpathia Center Romania<\/title>\n<meta name=\"robots\" content=\"index, follow, max-snippet:-1, max-image-preview:large, max-video-preview:-1\" \/>\n<link rel=\"canonical\" href=\"https:\/\/carpathiacenter.ro\/en\/ministerul-mediului-va-emite-acordul-de-mediu-pentru-amenajarea-hidroenergetica-livezeni-bumbesti\/\" \/>\n<meta property=\"og:locale\" content=\"en_GB\" \/>\n<meta property=\"og:type\" content=\"article\" \/>\n<meta property=\"og:title\" content=\"Ministerul Mediului va emite Acordul de mediu pentru Amenajarea Hidroenergetic\u0103 Livezeni Bumbe\u0219ti - Carpathia Center Romania\" \/>\n<meta property=\"og:description\" content=\"Ministerul Mediului a decis s\u0103 emit\u0103 acordul de mediu pentru Amenajarea Hidroenergetic\u0103 Livezeni Bumbe\u0219ti, finalizarea acestui proiect urm\u00e2nd s\u0103 aduc\u0103 un plus de energie regenerabil\u0103 \u00een sistemul na\u021bional de 283 GWh\/an produc\u021bie anual\u0103, a anun\u021bat institu\u021bia printr-un comunicat postat pe pagina sa de Facebook. Proiectul a trecut printr-un amplu proces de evaluare a impactului asupra...\" \/>\n<meta property=\"og:url\" content=\"https:\/\/carpathiacenter.ro\/en\/ministerul-mediului-va-emite-acordul-de-mediu-pentru-amenajarea-hidroenergetica-livezeni-bumbesti\/\" \/>\n<meta property=\"og:site_name\" content=\"Carpathia Center Romania\" \/>\n<meta property=\"article:publisher\" content=\"https:\/\/www.facebook.com\/fdpscarpathia\/\" \/>\n<meta property=\"article:published_time\" content=\"2025-06-04T09:30:07+00:00\" \/>\n<meta property=\"og:image\" content=\"https:\/\/carpathiacenter.ro\/wp-content\/uploads\/2025\/06\/Hidrocentrala-Livezeni-Bumbesti.jpg\" \/>\n\t<meta property=\"og:image:width\" content=\"600\" \/>\n\t<meta property=\"og:image:height\" content=\"400\" \/>\n\t<meta property=\"og:image:type\" content=\"image\/jpeg\" \/>\n<meta name=\"author\" content=\"creativebitsolutions\" \/>\n<meta name=\"twitter:card\" content=\"summary_large_image\" \/>\n<meta name=\"twitter:label1\" content=\"Written by\" \/>\n\t<meta name=\"twitter:data1\" content=\"creativebitsolutions\" \/>\n\t<meta name=\"twitter:label2\" content=\"Estimated reading time\" \/>\n\t<meta name=\"twitter:data2\" content=\"1 minute\" \/>\n<script type=\"application\/ld+json\" class=\"yoast-schema-graph\">{\"@context\":\"https:\/\/schema.org\",\"@graph\":[{\"@type\":\"Article\",\"@id\":\"https:\/\/carpathiacenter.ro\/ministerul-mediului-va-emite-acordul-de-mediu-pentru-amenajarea-hidroenergetica-livezeni-bumbesti\/#article\",\"isPartOf\":{\"@id\":\"https:\/\/carpathiacenter.ro\/ministerul-mediului-va-emite-acordul-de-mediu-pentru-amenajarea-hidroenergetica-livezeni-bumbesti\/\"},\"author\":{\"name\":\"creativebitsolutions\",\"@id\":\"https:\/\/carpathiacenter.ro\/#\/schema\/person\/03d9f58202fee8379268f34afa195006\"},\"headline\":\"Ministerul Mediului va emite Acordul de mediu pentru Amenajarea Hidroenergetic\u0103 Livezeni Bumbe\u0219ti\",\"datePublished\":\"2025-06-04T09:30:07+00:00\",\"mainEntityOfPage\":{\"@id\":\"https:\/\/carpathiacenter.ro\/ministerul-mediului-va-emite-acordul-de-mediu-pentru-amenajarea-hidroenergetica-livezeni-bumbesti\/\"},\"wordCount\":221,\"commentCount\":0,\"publisher\":{\"@id\":\"https:\/\/carpathiacenter.ro\/#organization\"},\"image\":{\"@id\":\"https:\/\/carpathiacenter.ro\/ministerul-mediului-va-emite-acordul-de-mediu-pentru-amenajarea-hidroenergetica-livezeni-bumbesti\/#primaryimage\"},\"thumbnailUrl\":\"https:\/\/carpathiacenter.ro\/wp-content\/uploads\/2025\/06\/Hidrocentrala-Livezeni-Bumbesti.jpg\",\"articleSection\":[\"Uncategorized\"],\"inLanguage\":\"en-GB\",\"potentialAction\":[{\"@type\":\"CommentAction\",\"name\":\"Comment\",\"target\":[\"https:\/\/carpathiacenter.ro\/ministerul-mediului-va-emite-acordul-de-mediu-pentru-amenajarea-hidroenergetica-livezeni-bumbesti\/#respond\"]}]},{\"@type\":\"WebPage\",\"@id\":\"https:\/\/carpathiacenter.ro\/ministerul-mediului-va-emite-acordul-de-mediu-pentru-amenajarea-hidroenergetica-livezeni-bumbesti\/\",\"url\":\"https:\/\/carpathiacenter.ro\/ministerul-mediului-va-emite-acordul-de-mediu-pentru-amenajarea-hidroenergetica-livezeni-bumbesti\/\",\"name\":\"Ministerul Mediului va emite Acordul de mediu pentru Amenajarea Hidroenergetic\u0103 Livezeni Bumbe\u0219ti - Carpathia Center Romania\",\"isPartOf\":{\"@id\":\"https:\/\/carpathiacenter.ro\/#website\"},\"primaryImageOfPage\":{\"@id\":\"https:\/\/carpathiacenter.ro\/ministerul-mediului-va-emite-acordul-de-mediu-pentru-amenajarea-hidroenergetica-livezeni-bumbesti\/#primaryimage\"},\"image\":{\"@id\":\"https:\/\/carpathiacenter.ro\/ministerul-mediului-va-emite-acordul-de-mediu-pentru-amenajarea-hidroenergetica-livezeni-bumbesti\/#primaryimage\"},\"thumbnailUrl\":\"https:\/\/carpathiacenter.ro\/wp-content\/uploads\/2025\/06\/Hidrocentrala-Livezeni-Bumbesti.jpg\",\"datePublished\":\"2025-06-04T09:30:07+00:00\",\"breadcrumb\":{\"@id\":\"https:\/\/carpathiacenter.ro\/ministerul-mediului-va-emite-acordul-de-mediu-pentru-amenajarea-hidroenergetica-livezeni-bumbesti\/#breadcrumb\"},\"inLanguage\":\"en-GB\",\"potentialAction\":[{\"@type\":\"ReadAction\",\"target\":[\"https:\/\/carpathiacenter.ro\/ministerul-mediului-va-emite-acordul-de-mediu-pentru-amenajarea-hidroenergetica-livezeni-bumbesti\/\"]}]},{\"@type\":\"ImageObject\",\"inLanguage\":\"en-GB\",\"@id\":\"https:\/\/carpathiacenter.ro\/ministerul-mediului-va-emite-acordul-de-mediu-pentru-amenajarea-hidroenergetica-livezeni-bumbesti\/#primaryimage\",\"url\":\"https:\/\/carpathiacenter.ro\/wp-content\/uploads\/2025\/06\/Hidrocentrala-Livezeni-Bumbesti.jpg\",\"contentUrl\":\"https:\/\/carpathiacenter.ro\/wp-content\/uploads\/2025\/06\/Hidrocentrala-Livezeni-Bumbesti.jpg\",\"width\":600,\"height\":400},{\"@type\":\"BreadcrumbList\",\"@id\":\"https:\/\/carpathiacenter.ro\/ministerul-mediului-va-emite-acordul-de-mediu-pentru-amenajarea-hidroenergetica-livezeni-bumbesti\/#breadcrumb\",\"itemListElement\":[{\"@type\":\"ListItem\",\"position\":1,\"name\":\"Prima pagin\u0103\",\"item\":\"https:\/\/carpathiacenter.ro\/\"},{\"@type\":\"ListItem\",\"position\":2,\"name\":\"Ministerul Mediului va emite Acordul de mediu pentru Amenajarea Hidroenergetic\u0103 Livezeni Bumbe\u0219ti\"}]},{\"@type\":\"WebSite\",\"@id\":\"https:\/\/carpathiacenter.ro\/#website\",\"url\":\"https:\/\/carpathiacenter.ro\/\",\"name\":\"Carpathia Center Romania\",\"description\":\"Impossible made possible!\",\"publisher\":{\"@id\":\"https:\/\/carpathiacenter.ro\/#organization\"},\"potentialAction\":[{\"@type\":\"SearchAction\",\"target\":{\"@type\":\"EntryPoint\",\"urlTemplate\":\"https:\/\/carpathiacenter.ro\/?s={search_term_string}\"},\"query-input\":{\"@type\":\"PropertyValueSpecification\",\"valueRequired\":true,\"valueName\":\"search_term_string\"}}],\"inLanguage\":\"en-GB\"},{\"@type\":\"Organization\",\"@id\":\"https:\/\/carpathiacenter.ro\/#organization\",\"name\":\"Carpathia Center Romania\",\"url\":\"https:\/\/carpathiacenter.ro\/\",\"logo\":{\"@type\":\"ImageObject\",\"inLanguage\":\"en-GB\",\"@id\":\"https:\/\/carpathiacenter.ro\/#\/schema\/logo\/image\/\",\"url\":\"https:\/\/carpathiacenter.ro\/wp-content\/uploads\/2024\/07\/logo-carpathia_bg_white-1024x941.png\",\"contentUrl\":\"https:\/\/carpathiacenter.ro\/wp-content\/uploads\/2024\/07\/logo-carpathia_bg_white-1024x941.png\",\"width\":1024,\"height\":941,\"caption\":\"Carpathia Center Romania\"},\"image\":{\"@id\":\"https:\/\/carpathiacenter.ro\/#\/schema\/logo\/image\/\"},\"sameAs\":[\"https:\/\/www.facebook.com\/fdpscarpathia\/\"]},{\"@type\":\"Person\",\"@id\":\"https:\/\/carpathiacenter.ro\/#\/schema\/person\/03d9f58202fee8379268f34afa195006\",\"name\":\"creativebitsolutions\",\"image\":{\"@type\":\"ImageObject\",\"inLanguage\":\"en-GB\",\"@id\":\"https:\/\/carpathiacenter.ro\/#\/schema\/person\/image\/\",\"url\":\"https:\/\/secure.gravatar.com\/avatar\/1b1a13e37f847c635dab78348f1dff2f07651ee2a3d77a5c355a4b8c75f9165a?s=96&d=mm&r=g\",\"contentUrl\":\"https:\/\/secure.gravatar.com\/avatar\/1b1a13e37f847c635dab78348f1dff2f07651ee2a3d77a5c355a4b8c75f9165a?s=96&d=mm&r=g\",\"caption\":\"creativebitsolutions\"},\"url\":\"https:\/\/carpathiacenter.ro\/en\/author\/creativebitsolutions\/\"}]}<\/script>\n<!-- \/ Yoast SEO plugin. -->","yoast_head_json":{"title":"Ministerul Mediului va emite Acordul de mediu pentru Amenajarea Hidroenergetic\u0103 Livezeni Bumbe\u0219ti - Carpathia Center Romania","robots":{"index":"index","follow":"follow","max-snippet":"max-snippet:-1","max-image-preview":"max-image-preview:large","max-video-preview":"max-video-preview:-1"},"canonical":"https:\/\/carpathiacenter.ro\/en\/ministerul-mediului-va-emite-acordul-de-mediu-pentru-amenajarea-hidroenergetica-livezeni-bumbesti\/","og_locale":"en_GB","og_type":"article","og_title":"Ministerul Mediului va emite Acordul de mediu pentru Amenajarea Hidroenergetic\u0103 Livezeni Bumbe\u0219ti - Carpathia Center Romania","og_description":"Ministerul Mediului a decis s\u0103 emit\u0103 acordul de mediu pentru Amenajarea Hidroenergetic\u0103 Livezeni Bumbe\u0219ti, finalizarea acestui proiect urm\u00e2nd s\u0103 aduc\u0103 un plus de energie regenerabil\u0103 \u00een sistemul na\u021bional de 283 GWh\/an produc\u021bie anual\u0103, a anun\u021bat institu\u021bia printr-un comunicat postat pe pagina sa de Facebook. Proiectul a trecut printr-un amplu proces de evaluare a impactului asupra...","og_url":"https:\/\/carpathiacenter.ro\/en\/ministerul-mediului-va-emite-acordul-de-mediu-pentru-amenajarea-hidroenergetica-livezeni-bumbesti\/","og_site_name":"Carpathia Center Romania","article_publisher":"https:\/\/www.facebook.com\/fdpscarpathia\/","article_published_time":"2025-06-04T09:30:07+00:00","og_image":[{"width":600,"height":400,"url":"https:\/\/carpathiacenter.ro\/wp-content\/uploads\/2025\/06\/Hidrocentrala-Livezeni-Bumbesti.jpg","type":"image\/jpeg"}],"author":"creativebitsolutions","twitter_card":"summary_large_image","twitter_misc":{"Written by":"creativebitsolutions","Estimated reading time":"1 minute"},"schema":{"@context":"https:\/\/schema.org","@graph":[{"@type":"Article","@id":"https:\/\/carpathiacenter.ro\/ministerul-mediului-va-emite-acordul-de-mediu-pentru-amenajarea-hidroenergetica-livezeni-bumbesti\/#article","isPartOf":{"@id":"https:\/\/carpathiacenter.ro\/ministerul-mediului-va-emite-acordul-de-mediu-pentru-amenajarea-hidroenergetica-livezeni-bumbesti\/"},"author":{"name":"creativebitsolutions","@id":"https:\/\/carpathiacenter.ro\/#\/schema\/person\/03d9f58202fee8379268f34afa195006"},"headline":"Ministerul Mediului va emite Acordul de mediu pentru Amenajarea Hidroenergetic\u0103 Livezeni Bumbe\u0219ti","datePublished":"2025-06-04T09:30:07+00:00","mainEntityOfPage":{"@id":"https:\/\/carpathiacenter.ro\/ministerul-mediului-va-emite-acordul-de-mediu-pentru-amenajarea-hidroenergetica-livezeni-bumbesti\/"},"wordCount":221,"commentCount":0,"publisher":{"@id":"https:\/\/carpathiacenter.ro\/#organization"},"image":{"@id":"https:\/\/carpathiacenter.ro\/ministerul-mediului-va-emite-acordul-de-mediu-pentru-amenajarea-hidroenergetica-livezeni-bumbesti\/#primaryimage"},"thumbnailUrl":"https:\/\/carpathiacenter.ro\/wp-content\/uploads\/2025\/06\/Hidrocentrala-Livezeni-Bumbesti.jpg","articleSection":["Uncategorized"],"inLanguage":"en-GB","potentialAction":[{"@type":"CommentAction","name":"Comment","target":["https:\/\/carpathiacenter.ro\/ministerul-mediului-va-emite-acordul-de-mediu-pentru-amenajarea-hidroenergetica-livezeni-bumbesti\/#respond"]}]},{"@type":"WebPage","@id":"https:\/\/carpathiacenter.ro\/ministerul-mediului-va-emite-acordul-de-mediu-pentru-amenajarea-hidroenergetica-livezeni-bumbesti\/","url":"https:\/\/carpathiacenter.ro\/ministerul-mediului-va-emite-acordul-de-mediu-pentru-amenajarea-hidroenergetica-livezeni-bumbesti\/","name":"Ministerul Mediului va emite Acordul de mediu pentru Amenajarea Hidroenergetic\u0103 Livezeni Bumbe\u0219ti - Carpathia Center Romania","isPartOf":{"@id":"https:\/\/carpathiacenter.ro\/#website"},"primaryImageOfPage":{"@id":"https:\/\/carpathiacenter.ro\/ministerul-mediului-va-emite-acordul-de-mediu-pentru-amenajarea-hidroenergetica-livezeni-bumbesti\/#primaryimage"},"image":{"@id":"https:\/\/carpathiacenter.ro\/ministerul-mediului-va-emite-acordul-de-mediu-pentru-amenajarea-hidroenergetica-livezeni-bumbesti\/#primaryimage"},"thumbnailUrl":"https:\/\/carpathiacenter.ro\/wp-content\/uploads\/2025\/06\/Hidrocentrala-Livezeni-Bumbesti.jpg","datePublished":"2025-06-04T09:30:07+00:00","breadcrumb":{"@id":"https:\/\/carpathiacenter.ro\/ministerul-mediului-va-emite-acordul-de-mediu-pentru-amenajarea-hidroenergetica-livezeni-bumbesti\/#breadcrumb"},"inLanguage":"en-GB","potentialAction":[{"@type":"ReadAction","target":["https:\/\/carpathiacenter.ro\/ministerul-mediului-va-emite-acordul-de-mediu-pentru-amenajarea-hidroenergetica-livezeni-bumbesti\/"]}]},{"@type":"ImageObject","inLanguage":"en-GB","@id":"https:\/\/carpathiacenter.ro\/ministerul-mediului-va-emite-acordul-de-mediu-pentru-amenajarea-hidroenergetica-livezeni-bumbesti\/#primaryimage","url":"https:\/\/carpathiacenter.ro\/wp-content\/uploads\/2025\/06\/Hidrocentrala-Livezeni-Bumbesti.jpg","contentUrl":"https:\/\/carpathiacenter.ro\/wp-content\/uploads\/2025\/06\/Hidrocentrala-Livezeni-Bumbesti.jpg","width":600,"height":400},{"@type":"BreadcrumbList","@id":"https:\/\/carpathiacenter.ro\/ministerul-mediului-va-emite-acordul-de-mediu-pentru-amenajarea-hidroenergetica-livezeni-bumbesti\/#breadcrumb","itemListElement":[{"@type":"ListItem","position":1,"name":"Prima pagin\u0103","item":"https:\/\/carpathiacenter.ro\/"},{"@type":"ListItem","position":2,"name":"Ministerul Mediului va emite Acordul de mediu pentru Amenajarea Hidroenergetic\u0103 Livezeni Bumbe\u0219ti"}]},{"@type":"WebSite","@id":"https:\/\/carpathiacenter.ro\/#website","url":"https:\/\/carpathiacenter.ro\/","name":"Carpathia Center Romania","description":"Impossible made possible!","publisher":{"@id":"https:\/\/carpathiacenter.ro\/#organization"},"potentialAction":[{"@type":"SearchAction","target":{"@type":"EntryPoint","urlTemplate":"https:\/\/carpathiacenter.ro\/?s={search_term_string}"},"query-input":{"@type":"PropertyValueSpecification","valueRequired":true,"valueName":"search_term_string"}}],"inLanguage":"en-GB"},{"@type":"Organization","@id":"https:\/\/carpathiacenter.ro\/#organization","name":"Carpathia Center Romania","url":"https:\/\/carpathiacenter.ro\/","logo":{"@type":"ImageObject","inLanguage":"en-GB","@id":"https:\/\/carpathiacenter.ro\/#\/schema\/logo\/image\/","url":"https:\/\/carpathiacenter.ro\/wp-content\/uploads\/2024\/07\/logo-carpathia_bg_white-1024x941.png","contentUrl":"https:\/\/carpathiacenter.ro\/wp-content\/uploads\/2024\/07\/logo-carpathia_bg_white-1024x941.png","width":1024,"height":941,"caption":"Carpathia Center Romania"},"image":{"@id":"https:\/\/carpathiacenter.ro\/#\/schema\/logo\/image\/"},"sameAs":["https:\/\/www.facebook.com\/fdpscarpathia\/"]},{"@type":"Person","@id":"https:\/\/carpathiacenter.ro\/#\/schema\/person\/03d9f58202fee8379268f34afa195006","name":"creativebitsolutions","image":{"@type":"ImageObject","inLanguage":"en-GB","@id":"https:\/\/carpathiacenter.ro\/#\/schema\/person\/image\/","url":"https:\/\/secure.gravatar.com\/avatar\/1b1a13e37f847c635dab78348f1dff2f07651ee2a3d77a5c355a4b8c75f9165a?s=96&d=mm&r=g","contentUrl":"https:\/\/secure.gravatar.com\/avatar\/1b1a13e37f847c635dab78348f1dff2f07651ee2a3d77a5c355a4b8c75f9165a?s=96&d=mm&r=g","caption":"creativebitsolutions"},"url":"https:\/\/carpathiacenter.ro\/en\/author\/creativebitsolutions\/"}]}},"_links":{"self":[{"href":"https:\/\/carpathiacenter.ro\/en\/wp-json\/wp\/v2\/posts\/2490","targetHints":{"allow":["GET"]}}],"collection":[{"href":"https:\/\/carpathiacenter.ro\/en\/wp-json\/wp\/v2\/posts"}],"about":[{"href":"https:\/\/carpathiacenter.ro\/en\/wp-json\/wp\/v2\/types\/post"}],"author":[{"embeddable":true,"href":"https:\/\/carpathiacenter.ro\/en\/wp-json\/wp\/v2\/users\/4"}],"replies":[{"embeddable":true,"href":"https:\/\/carpathiacenter.ro\/en\/wp-json\/wp\/v2\/comments?post=2490"}],"version-history":[{"count":1,"href":"https:\/\/carpathiacenter.ro\/en\/wp-json\/wp\/v2\/posts\/2490\/revisions"}],"predecessor-version":[{"id":2493,"href":"https:\/\/carpathiacenter.ro\/en\/wp-json\/wp\/v2\/posts\/2490\/revisions\/2493"}],"wp:featuredmedia":[{"embeddable":true,"href":"https:\/\/carpathiacenter.ro\/en\/wp-json\/wp\/v2\/media\/2492"}],"wp:attachment":[{"href":"https:\/\/carpathiacenter.ro\/en\/wp-json\/wp\/v2\/media?parent=2490"}],"wp:term":[{"taxonomy":"category","embeddable":true,"href":"https:\/\/carpathiacenter.ro\/en\/wp-json\/wp\/v2\/categories?post=2490"},{"taxonomy":"post_tag","embeddable":true,"href":"https:\/\/carpathiacenter.ro\/en\/wp-json\/wp\/v2\/tags?post=2490"}],"curies":[{"name":"wp","href":"https:\/\/api.w.org\/{rel}","templated":true}]}}