{"id":2483,"date":"2025-06-03T07:32:17","date_gmt":"2025-06-03T07:32:17","guid":{"rendered":"https:\/\/carpathiacenter.ro\/?p=2483"},"modified":"2025-06-03T07:32:17","modified_gmt":"2025-06-03T07:32:17","slug":"premierul-predoiu-italia-si-romania-dau-impreuna-voce-unei-europe-coerente-hotarate-si-solidare","status":"publish","type":"post","link":"https:\/\/carpathiacenter.ro\/en\/premierul-predoiu-italia-si-romania-dau-impreuna-voce-unei-europe-coerente-hotarate-si-solidare\/","title":{"rendered":"Premierul Predoiu: Italia \u0219i Rom\u00e2nia dau \u00eempreun\u0103 voce unei Europe coerente, hot\u0103r\u00e2te \u0219i solidare"},"content":{"rendered":"<p><strong>Italia \u0219i Rom\u00e2nia dau \u00eempreun\u0103 voce unei Europe coerente, hot\u0103r\u00e2te \u0219i solidare, a declarat prim-ministrul interimar C\u0103t\u0103lin Predoiu \u00een cadrul particip\u0103rii, luni sear\u0103, la ceremonia organizat\u0103 cu ocazia Zilei Na\u021bionale a Republicii Italiene.<\/strong><\/p>\n<p>&#8216;Permite\u021bi-mi, mai \u00eent\u00e2i, s\u0103 adresez, \u00een numele Guvernului \u0219i al poporului rom\u00e2n, cele mai calde ur\u0103ri de pace, prosperitate \u0219i unitate Republicii Italiene \u0219i tuturor cet\u0103\u021benilor s\u0103i, oriunde s-ar afla \u00een lume. Pentru c\u0103 ast\u0103zi, \u00een fiecare col\u021b al planetei, inima Italiei bate cu m\u00e2ndrie. Rom\u00e2nia \u0219i Italia \u00eemp\u0103rt\u0103\u0219esc mult mai mult dec\u00e2t o simpl\u0103 apartenen\u021b\u0103 geografic\u0103 la Europa. Avem r\u0103d\u0103cini latine comune, o apropiere cultural\u0103 profund\u0103, o leg\u0103tur\u0103 uman\u0103 \u0219i spiritual\u0103 care, de-a lungul timpului, s-a transformat \u00eentr-un parteneriat strategic autentic &#8211; unul care a devenit tot mai solid. Re\u00eennoirea \u0219i actualizarea Parteneriatului nostru strategic consolidat, realizat\u0103 \u00een 2024, este o dovad\u0103 clar\u0103 a profunzimii, vitalit\u0103\u021bii \u0219i a viziunii de viitor care definesc rela\u021biile noastre bilaterale&#8217;, a afirmat C\u0103t\u0103lin Predoiu.<\/p>\n<p>Acest parteneriat reflect\u0103 angajamentul nostru comun pentru un dialog politic pragmatic, o cooperare economic\u0103 consistent\u0103 \u0219i un schimb cultural bogat \u0219i fertil, a completat premierul.<\/p>\n<p>El a subliniat c\u0103 Italia este unul dintre principalii parteneri strategici ai Rom\u00e2niei &#8211; at\u00e2t la nivel bilateral, c\u00e2t \u0219i \u00een cadrul Uniunii Europene \u0219i al NATO.<\/p>\n<p>Potrivit acestuia, unul dintre cele mai elocvente simboluri ale leg\u0103turii dintre cele dou\u0103 state este reprezentat de comunitatea rom\u00e2neasc\u0103 din Italia &#8211; una dintre cele mai numeroase \u0219i mai dinamice.<\/p>\n<p>&#8216;Femeile \u0219i b\u0103rba\u021bii din Rom\u00e2nia care tr\u0103iesc \u0219i muncesc \u00een Italia contribuie zi de zi la dezvoltarea societ\u0103\u021bii italiene, aduc\u00e2nd cu ei bog\u0103\u021bia culturii rom\u00e2ne, construind pun\u021bi de dialog, respect \u0219i prietenie. \u00cen acela\u0219i timp, recunoa\u0219tem importan\u021ba diasporei italiene &#8211; cet\u0103\u021beni italieni care, departe de \u021bara natal\u0103, poart\u0103 cu ei valorile \u0219i frumuse\u021bea culturii italiene, devenind veritabili ambasadori ai spiritului&#8217;, a afirmat Predoiu.<\/p>\n<p>\u0218eful Guvernului a subliniat \u0219i faptul c\u0103 Italia este al doilea partener comercial al Rom\u00e2niei \u0219i un investitor esen\u021bial, mai ales \u00een domenii \u00een care excelen\u021ba \u0219i tradi\u021bia antreprenoriatului italian sunt bine cunoscute: industria textil\u0103, alimentar\u0103, energetic\u0103, auto \u0219i turism.<\/p>\n<p>&#8216;Ne m\u00e2ndrim cu aceste realiz\u0103ri \u0219i privim cu \u00eencredere spre viitor. Salut\u0103m, de asemenea, cooperarea dintre porturile noastre &#8211; Constan\u021ba \u0219i Trieste &#8211; ca noduri strategice de leg\u0103tur\u0103 cu Europa, \u0219i acord\u0103m o importan\u021b\u0103 deosebit\u0103 colabor\u0103rii \u00een domeniul ap\u0103r\u0103rii \u0219i securit\u0103\u021bii. Italia este un aliat apropiat, iar \u00eempreun\u0103 ne angaj\u0103m pentru stabilitate, democra\u021bie \u0219i pace, inclusiv prin sprijinul nostru constant \u0219i ferm pentru Ucraina \u0219i Republica Moldova&#8217;, a afirmat Predoiu.<\/p>\n<p>El a eviden\u021biat \u0219i leg\u0103turile ad\u00e2nci \u00een plan cultural dintre Rom\u00e2nia \u0219i Italia.<\/p>\n<p>&#8216;Ne une\u0219te ecoul limbii latine, ne leag\u0103 valorile transmise din genera\u021bie \u00een genera\u021bie, iubirea pentru frumos, pentru art\u0103 \u0219i patrimoniu. De la schimburile academice la studiul limbii, de la s\u0103lile de clas\u0103 la catedrale \u0219i muzee, p\u00e2n\u0103 la mult-a\u0219teptatul An Cultural Rom\u00e2nia-Italia din 2026 \u0219i ini\u021biative simbolice, cum este restaurarea statuii Sf\u00e2ntului Petru de pe Columna lui Traian &#8211; patrimoniul nostru comun continu\u0103 s\u0103 ne inspire \u0219i s\u0103 ne apropie&#8217;, a declarat Predoiu.<\/p>\n<p>\u00cen context, acesta a punctat nevoia de sprijin reciproc \u00eentre state, av\u00e2nd \u00een vedere c\u0103 \u00een plan interna\u021bional &#8216;tr\u0103im un moment istoric complicat&#8217;.<\/p>\n<p>&#8216;Provoc\u0103rile globale &#8211; de la conflictele armate la tranzi\u021bia ecologic\u0103, de la securitatea energetic\u0103 la tensiunile geopolitice &#8211; cer unitate, solidaritate \u0219i cooperare. Mai mult ca niciodat\u0103, na\u021biunile care \u00eemp\u0103rt\u0103\u0219esc valori comune trebuie s\u0103 se sprijine reciproc. Italia \u0219i Rom\u00e2nia dau \u00eempreun\u0103 voce unei Europe coerente, hot\u0103r\u00e2te \u0219i solidare. Angajamentul nostru comun pentru pace, stabilitate \u0219i dezvoltare durabil\u0103 este o dovad\u0103 a ceea ce putem cl\u0103di \u00eempreun\u0103, cu speran\u021b\u0103 \u0219i \u00eencredere \u00een viitor&#8217;, a afirmat Predoiu.<\/p>\n<p>\u00cen \u00eencheierea discursului s\u0103u, acesta a transmis cele mai calde ur\u0103ri de pace \u0219i prosperitate pentru Republica Italian\u0103 \u0219i pentru prietenia dintre cele dou\u0103 popoare.<\/p>\n<p>&#8216;Tr\u0103iasc\u0103 Italia! Tr\u0103iasc\u0103 Rom\u00e2nia! Tr\u0103iasc\u0103 prietenia noastr\u0103! La mul\u021bi ani, Italia! La mul\u021bi ani de Ziua Republicii Italiene!&#8217;, a mai spus premierul interimar C\u0103t\u0103lin Predoiu. AGERPRES \/ (AS &#8211; redactor: Daniel Florea, editor: Marius Fr\u0103\u021bil\u0103, editor online: Andreea Preda)<br \/>\n<br \/>\nSursa articolului:<a href=\"https:\/\/agerpres.ro\/politic\/2025\/06\/02\/premierul-predoiu-italia-si-romania-dau-impreuna-voce-unei-europe-coerente-hotarate-si-solidare--1455633\" target=\"_blank\" rel=\"noopener\" title=\"\">https:\/\/agerpres.ro\/politic\/2025\/06\/02\/premierul-predoiu-italia-si-romania-dau-impreuna-voce-unei-europe-coerente-hotarate-si-solidare&#8211;1455633<\/a><\/p>","protected":false},"excerpt":{"rendered":"<p>Italia \u0219i Rom\u00e2nia dau \u00eempreun\u0103 voce unei Europe coerente, hot\u0103r\u00e2te \u0219i solidare, a declarat prim-ministrul interimar C\u0103t\u0103lin Predoiu \u00een cadrul particip\u0103rii, luni sear\u0103, la ceremonia organizat\u0103 cu ocazia Zilei Na\u021bionale a Republicii Italiene. &#8216;Permite\u021bi-mi, mai \u00eent\u00e2i, s\u0103 adresez, \u00een numele Guvernului \u0219i al poporului rom\u00e2n, cele mai calde ur\u0103ri de pace, prosperitate \u0219i unitate Republicii&#8230;<\/p>","protected":false},"author":4,"featured_media":2484,"comment_status":"open","ping_status":"open","sticky":false,"template":"","format":"standard","meta":{"footnotes":""},"categories":[1],"tags":[],"class_list":["post-2483","post","type-post","status-publish","format-standard","has-post-thumbnail","hentry","category-uncategorized"],"yoast_head":"<!-- This site is optimized with the Yoast SEO plugin v26.1.1 - https:\/\/yoast.com\/wordpress\/plugins\/seo\/ -->\n<title>Premierul Predoiu: Italia \u0219i Rom\u00e2nia dau \u00eempreun\u0103 voce unei Europe coerente, hot\u0103r\u00e2te \u0219i solidare - Carpathia Center Romania<\/title>\n<meta name=\"robots\" content=\"index, follow, max-snippet:-1, max-image-preview:large, max-video-preview:-1\" \/>\n<link rel=\"canonical\" href=\"https:\/\/carpathiacenter.ro\/en\/premierul-predoiu-italia-si-romania-dau-impreuna-voce-unei-europe-coerente-hotarate-si-solidare\/\" \/>\n<meta property=\"og:locale\" content=\"en_GB\" \/>\n<meta property=\"og:type\" content=\"article\" \/>\n<meta property=\"og:title\" content=\"Premierul Predoiu: Italia \u0219i Rom\u00e2nia dau \u00eempreun\u0103 voce unei Europe coerente, hot\u0103r\u00e2te \u0219i solidare - Carpathia Center Romania\" \/>\n<meta property=\"og:description\" content=\"Italia \u0219i Rom\u00e2nia dau \u00eempreun\u0103 voce unei Europe coerente, hot\u0103r\u00e2te \u0219i solidare, a declarat prim-ministrul interimar C\u0103t\u0103lin Predoiu \u00een cadrul particip\u0103rii, luni sear\u0103, la ceremonia organizat\u0103 cu ocazia Zilei Na\u021bionale a Republicii Italiene. &#8216;Permite\u021bi-mi, mai \u00eent\u00e2i, s\u0103 adresez, \u00een numele Guvernului \u0219i al poporului rom\u00e2n, cele mai calde ur\u0103ri de pace, prosperitate \u0219i unitate Republicii...\" \/>\n<meta property=\"og:url\" content=\"https:\/\/carpathiacenter.ro\/en\/premierul-predoiu-italia-si-romania-dau-impreuna-voce-unei-europe-coerente-hotarate-si-solidare\/\" \/>\n<meta property=\"og:site_name\" content=\"Carpathia Center Romania\" \/>\n<meta property=\"article:publisher\" content=\"https:\/\/www.facebook.com\/fdpscarpathia\/\" \/>\n<meta property=\"article:published_time\" content=\"2025-06-03T07:32:17+00:00\" \/>\n<meta property=\"og:image\" content=\"https:\/\/carpathiacenter.ro\/wp-content\/uploads\/2025\/06\/Catalin-Predoiu.jpg\" \/>\n\t<meta property=\"og:image:width\" content=\"780\" \/>\n\t<meta property=\"og:image:height\" content=\"440\" \/>\n\t<meta property=\"og:image:type\" content=\"image\/jpeg\" \/>\n<meta name=\"author\" content=\"creativebitsolutions\" \/>\n<meta name=\"twitter:card\" content=\"summary_large_image\" \/>\n<meta name=\"twitter:label1\" content=\"Written by\" \/>\n\t<meta name=\"twitter:data1\" content=\"creativebitsolutions\" \/>\n\t<meta name=\"twitter:label2\" content=\"Estimated reading time\" \/>\n\t<meta name=\"twitter:data2\" content=\"4 minutes\" \/>\n<script type=\"application\/ld+json\" class=\"yoast-schema-graph\">{\"@context\":\"https:\/\/schema.org\",\"@graph\":[{\"@type\":\"Article\",\"@id\":\"https:\/\/carpathiacenter.ro\/premierul-predoiu-italia-si-romania-dau-impreuna-voce-unei-europe-coerente-hotarate-si-solidare\/#article\",\"isPartOf\":{\"@id\":\"https:\/\/carpathiacenter.ro\/premierul-predoiu-italia-si-romania-dau-impreuna-voce-unei-europe-coerente-hotarate-si-solidare\/\"},\"author\":{\"name\":\"creativebitsolutions\",\"@id\":\"https:\/\/carpathiacenter.ro\/#\/schema\/person\/03d9f58202fee8379268f34afa195006\"},\"headline\":\"Premierul Predoiu: Italia \u0219i Rom\u00e2nia dau \u00eempreun\u0103 voce unei Europe coerente, hot\u0103r\u00e2te \u0219i solidare\",\"datePublished\":\"2025-06-03T07:32:17+00:00\",\"mainEntityOfPage\":{\"@id\":\"https:\/\/carpathiacenter.ro\/premierul-predoiu-italia-si-romania-dau-impreuna-voce-unei-europe-coerente-hotarate-si-solidare\/\"},\"wordCount\":777,\"commentCount\":0,\"publisher\":{\"@id\":\"https:\/\/carpathiacenter.ro\/#organization\"},\"image\":{\"@id\":\"https:\/\/carpathiacenter.ro\/premierul-predoiu-italia-si-romania-dau-impreuna-voce-unei-europe-coerente-hotarate-si-solidare\/#primaryimage\"},\"thumbnailUrl\":\"https:\/\/carpathiacenter.ro\/wp-content\/uploads\/2025\/06\/Catalin-Predoiu.jpg\",\"articleSection\":[\"Uncategorized\"],\"inLanguage\":\"en-GB\",\"potentialAction\":[{\"@type\":\"CommentAction\",\"name\":\"Comment\",\"target\":[\"https:\/\/carpathiacenter.ro\/premierul-predoiu-italia-si-romania-dau-impreuna-voce-unei-europe-coerente-hotarate-si-solidare\/#respond\"]}]},{\"@type\":\"WebPage\",\"@id\":\"https:\/\/carpathiacenter.ro\/premierul-predoiu-italia-si-romania-dau-impreuna-voce-unei-europe-coerente-hotarate-si-solidare\/\",\"url\":\"https:\/\/carpathiacenter.ro\/premierul-predoiu-italia-si-romania-dau-impreuna-voce-unei-europe-coerente-hotarate-si-solidare\/\",\"name\":\"Premierul Predoiu: Italia \u0219i Rom\u00e2nia dau \u00eempreun\u0103 voce unei Europe coerente, hot\u0103r\u00e2te \u0219i solidare - Carpathia Center Romania\",\"isPartOf\":{\"@id\":\"https:\/\/carpathiacenter.ro\/#website\"},\"primaryImageOfPage\":{\"@id\":\"https:\/\/carpathiacenter.ro\/premierul-predoiu-italia-si-romania-dau-impreuna-voce-unei-europe-coerente-hotarate-si-solidare\/#primaryimage\"},\"image\":{\"@id\":\"https:\/\/carpathiacenter.ro\/premierul-predoiu-italia-si-romania-dau-impreuna-voce-unei-europe-coerente-hotarate-si-solidare\/#primaryimage\"},\"thumbnailUrl\":\"https:\/\/carpathiacenter.ro\/wp-content\/uploads\/2025\/06\/Catalin-Predoiu.jpg\",\"datePublished\":\"2025-06-03T07:32:17+00:00\",\"breadcrumb\":{\"@id\":\"https:\/\/carpathiacenter.ro\/premierul-predoiu-italia-si-romania-dau-impreuna-voce-unei-europe-coerente-hotarate-si-solidare\/#breadcrumb\"},\"inLanguage\":\"en-GB\",\"potentialAction\":[{\"@type\":\"ReadAction\",\"target\":[\"https:\/\/carpathiacenter.ro\/premierul-predoiu-italia-si-romania-dau-impreuna-voce-unei-europe-coerente-hotarate-si-solidare\/\"]}]},{\"@type\":\"ImageObject\",\"inLanguage\":\"en-GB\",\"@id\":\"https:\/\/carpathiacenter.ro\/premierul-predoiu-italia-si-romania-dau-impreuna-voce-unei-europe-coerente-hotarate-si-solidare\/#primaryimage\",\"url\":\"https:\/\/carpathiacenter.ro\/wp-content\/uploads\/2025\/06\/Catalin-Predoiu.jpg\",\"contentUrl\":\"https:\/\/carpathiacenter.ro\/wp-content\/uploads\/2025\/06\/Catalin-Predoiu.jpg\",\"width\":780,\"height\":440},{\"@type\":\"BreadcrumbList\",\"@id\":\"https:\/\/carpathiacenter.ro\/premierul-predoiu-italia-si-romania-dau-impreuna-voce-unei-europe-coerente-hotarate-si-solidare\/#breadcrumb\",\"itemListElement\":[{\"@type\":\"ListItem\",\"position\":1,\"name\":\"Prima pagin\u0103\",\"item\":\"https:\/\/carpathiacenter.ro\/\"},{\"@type\":\"ListItem\",\"position\":2,\"name\":\"Premierul Predoiu: Italia \u0219i Rom\u00e2nia dau \u00eempreun\u0103 voce unei Europe coerente, hot\u0103r\u00e2te \u0219i solidare\"}]},{\"@type\":\"WebSite\",\"@id\":\"https:\/\/carpathiacenter.ro\/#website\",\"url\":\"https:\/\/carpathiacenter.ro\/\",\"name\":\"Carpathia Center Romania\",\"description\":\"Impossible made possible!\",\"publisher\":{\"@id\":\"https:\/\/carpathiacenter.ro\/#organization\"},\"potentialAction\":[{\"@type\":\"SearchAction\",\"target\":{\"@type\":\"EntryPoint\",\"urlTemplate\":\"https:\/\/carpathiacenter.ro\/?s={search_term_string}\"},\"query-input\":{\"@type\":\"PropertyValueSpecification\",\"valueRequired\":true,\"valueName\":\"search_term_string\"}}],\"inLanguage\":\"en-GB\"},{\"@type\":\"Organization\",\"@id\":\"https:\/\/carpathiacenter.ro\/#organization\",\"name\":\"Carpathia Center Romania\",\"url\":\"https:\/\/carpathiacenter.ro\/\",\"logo\":{\"@type\":\"ImageObject\",\"inLanguage\":\"en-GB\",\"@id\":\"https:\/\/carpathiacenter.ro\/#\/schema\/logo\/image\/\",\"url\":\"https:\/\/carpathiacenter.ro\/wp-content\/uploads\/2024\/07\/logo-carpathia_bg_white-1024x941.png\",\"contentUrl\":\"https:\/\/carpathiacenter.ro\/wp-content\/uploads\/2024\/07\/logo-carpathia_bg_white-1024x941.png\",\"width\":1024,\"height\":941,\"caption\":\"Carpathia Center Romania\"},\"image\":{\"@id\":\"https:\/\/carpathiacenter.ro\/#\/schema\/logo\/image\/\"},\"sameAs\":[\"https:\/\/www.facebook.com\/fdpscarpathia\/\"]},{\"@type\":\"Person\",\"@id\":\"https:\/\/carpathiacenter.ro\/#\/schema\/person\/03d9f58202fee8379268f34afa195006\",\"name\":\"creativebitsolutions\",\"image\":{\"@type\":\"ImageObject\",\"inLanguage\":\"en-GB\",\"@id\":\"https:\/\/carpathiacenter.ro\/#\/schema\/person\/image\/\",\"url\":\"https:\/\/secure.gravatar.com\/avatar\/1b1a13e37f847c635dab78348f1dff2f07651ee2a3d77a5c355a4b8c75f9165a?s=96&d=mm&r=g\",\"contentUrl\":\"https:\/\/secure.gravatar.com\/avatar\/1b1a13e37f847c635dab78348f1dff2f07651ee2a3d77a5c355a4b8c75f9165a?s=96&d=mm&r=g\",\"caption\":\"creativebitsolutions\"},\"url\":\"https:\/\/carpathiacenter.ro\/en\/author\/creativebitsolutions\/\"}]}<\/script>\n<!-- \/ Yoast SEO plugin. -->","yoast_head_json":{"title":"Premierul Predoiu: Italia \u0219i Rom\u00e2nia dau \u00eempreun\u0103 voce unei Europe coerente, hot\u0103r\u00e2te \u0219i solidare - Carpathia Center Romania","robots":{"index":"index","follow":"follow","max-snippet":"max-snippet:-1","max-image-preview":"max-image-preview:large","max-video-preview":"max-video-preview:-1"},"canonical":"https:\/\/carpathiacenter.ro\/en\/premierul-predoiu-italia-si-romania-dau-impreuna-voce-unei-europe-coerente-hotarate-si-solidare\/","og_locale":"en_GB","og_type":"article","og_title":"Premierul Predoiu: Italia \u0219i Rom\u00e2nia dau \u00eempreun\u0103 voce unei Europe coerente, hot\u0103r\u00e2te \u0219i solidare - Carpathia Center Romania","og_description":"Italia \u0219i Rom\u00e2nia dau \u00eempreun\u0103 voce unei Europe coerente, hot\u0103r\u00e2te \u0219i solidare, a declarat prim-ministrul interimar C\u0103t\u0103lin Predoiu \u00een cadrul particip\u0103rii, luni sear\u0103, la ceremonia organizat\u0103 cu ocazia Zilei Na\u021bionale a Republicii Italiene. &#8216;Permite\u021bi-mi, mai \u00eent\u00e2i, s\u0103 adresez, \u00een numele Guvernului \u0219i al poporului rom\u00e2n, cele mai calde ur\u0103ri de pace, prosperitate \u0219i unitate Republicii...","og_url":"https:\/\/carpathiacenter.ro\/en\/premierul-predoiu-italia-si-romania-dau-impreuna-voce-unei-europe-coerente-hotarate-si-solidare\/","og_site_name":"Carpathia Center Romania","article_publisher":"https:\/\/www.facebook.com\/fdpscarpathia\/","article_published_time":"2025-06-03T07:32:17+00:00","og_image":[{"width":780,"height":440,"url":"https:\/\/carpathiacenter.ro\/wp-content\/uploads\/2025\/06\/Catalin-Predoiu.jpg","type":"image\/jpeg"}],"author":"creativebitsolutions","twitter_card":"summary_large_image","twitter_misc":{"Written by":"creativebitsolutions","Estimated reading time":"4 minutes"},"schema":{"@context":"https:\/\/schema.org","@graph":[{"@type":"Article","@id":"https:\/\/carpathiacenter.ro\/premierul-predoiu-italia-si-romania-dau-impreuna-voce-unei-europe-coerente-hotarate-si-solidare\/#article","isPartOf":{"@id":"https:\/\/carpathiacenter.ro\/premierul-predoiu-italia-si-romania-dau-impreuna-voce-unei-europe-coerente-hotarate-si-solidare\/"},"author":{"name":"creativebitsolutions","@id":"https:\/\/carpathiacenter.ro\/#\/schema\/person\/03d9f58202fee8379268f34afa195006"},"headline":"Premierul Predoiu: Italia \u0219i Rom\u00e2nia dau \u00eempreun\u0103 voce unei Europe coerente, hot\u0103r\u00e2te \u0219i solidare","datePublished":"2025-06-03T07:32:17+00:00","mainEntityOfPage":{"@id":"https:\/\/carpathiacenter.ro\/premierul-predoiu-italia-si-romania-dau-impreuna-voce-unei-europe-coerente-hotarate-si-solidare\/"},"wordCount":777,"commentCount":0,"publisher":{"@id":"https:\/\/carpathiacenter.ro\/#organization"},"image":{"@id":"https:\/\/carpathiacenter.ro\/premierul-predoiu-italia-si-romania-dau-impreuna-voce-unei-europe-coerente-hotarate-si-solidare\/#primaryimage"},"thumbnailUrl":"https:\/\/carpathiacenter.ro\/wp-content\/uploads\/2025\/06\/Catalin-Predoiu.jpg","articleSection":["Uncategorized"],"inLanguage":"en-GB","potentialAction":[{"@type":"CommentAction","name":"Comment","target":["https:\/\/carpathiacenter.ro\/premierul-predoiu-italia-si-romania-dau-impreuna-voce-unei-europe-coerente-hotarate-si-solidare\/#respond"]}]},{"@type":"WebPage","@id":"https:\/\/carpathiacenter.ro\/premierul-predoiu-italia-si-romania-dau-impreuna-voce-unei-europe-coerente-hotarate-si-solidare\/","url":"https:\/\/carpathiacenter.ro\/premierul-predoiu-italia-si-romania-dau-impreuna-voce-unei-europe-coerente-hotarate-si-solidare\/","name":"Premierul Predoiu: Italia \u0219i Rom\u00e2nia dau \u00eempreun\u0103 voce unei Europe coerente, hot\u0103r\u00e2te \u0219i solidare - Carpathia Center Romania","isPartOf":{"@id":"https:\/\/carpathiacenter.ro\/#website"},"primaryImageOfPage":{"@id":"https:\/\/carpathiacenter.ro\/premierul-predoiu-italia-si-romania-dau-impreuna-voce-unei-europe-coerente-hotarate-si-solidare\/#primaryimage"},"image":{"@id":"https:\/\/carpathiacenter.ro\/premierul-predoiu-italia-si-romania-dau-impreuna-voce-unei-europe-coerente-hotarate-si-solidare\/#primaryimage"},"thumbnailUrl":"https:\/\/carpathiacenter.ro\/wp-content\/uploads\/2025\/06\/Catalin-Predoiu.jpg","datePublished":"2025-06-03T07:32:17+00:00","breadcrumb":{"@id":"https:\/\/carpathiacenter.ro\/premierul-predoiu-italia-si-romania-dau-impreuna-voce-unei-europe-coerente-hotarate-si-solidare\/#breadcrumb"},"inLanguage":"en-GB","potentialAction":[{"@type":"ReadAction","target":["https:\/\/carpathiacenter.ro\/premierul-predoiu-italia-si-romania-dau-impreuna-voce-unei-europe-coerente-hotarate-si-solidare\/"]}]},{"@type":"ImageObject","inLanguage":"en-GB","@id":"https:\/\/carpathiacenter.ro\/premierul-predoiu-italia-si-romania-dau-impreuna-voce-unei-europe-coerente-hotarate-si-solidare\/#primaryimage","url":"https:\/\/carpathiacenter.ro\/wp-content\/uploads\/2025\/06\/Catalin-Predoiu.jpg","contentUrl":"https:\/\/carpathiacenter.ro\/wp-content\/uploads\/2025\/06\/Catalin-Predoiu.jpg","width":780,"height":440},{"@type":"BreadcrumbList","@id":"https:\/\/carpathiacenter.ro\/premierul-predoiu-italia-si-romania-dau-impreuna-voce-unei-europe-coerente-hotarate-si-solidare\/#breadcrumb","itemListElement":[{"@type":"ListItem","position":1,"name":"Prima pagin\u0103","item":"https:\/\/carpathiacenter.ro\/"},{"@type":"ListItem","position":2,"name":"Premierul Predoiu: Italia \u0219i Rom\u00e2nia dau \u00eempreun\u0103 voce unei Europe coerente, hot\u0103r\u00e2te \u0219i solidare"}]},{"@type":"WebSite","@id":"https:\/\/carpathiacenter.ro\/#website","url":"https:\/\/carpathiacenter.ro\/","name":"Carpathia Center Romania","description":"Impossible made possible!","publisher":{"@id":"https:\/\/carpathiacenter.ro\/#organization"},"potentialAction":[{"@type":"SearchAction","target":{"@type":"EntryPoint","urlTemplate":"https:\/\/carpathiacenter.ro\/?s={search_term_string}"},"query-input":{"@type":"PropertyValueSpecification","valueRequired":true,"valueName":"search_term_string"}}],"inLanguage":"en-GB"},{"@type":"Organization","@id":"https:\/\/carpathiacenter.ro\/#organization","name":"Carpathia Center Romania","url":"https:\/\/carpathiacenter.ro\/","logo":{"@type":"ImageObject","inLanguage":"en-GB","@id":"https:\/\/carpathiacenter.ro\/#\/schema\/logo\/image\/","url":"https:\/\/carpathiacenter.ro\/wp-content\/uploads\/2024\/07\/logo-carpathia_bg_white-1024x941.png","contentUrl":"https:\/\/carpathiacenter.ro\/wp-content\/uploads\/2024\/07\/logo-carpathia_bg_white-1024x941.png","width":1024,"height":941,"caption":"Carpathia Center Romania"},"image":{"@id":"https:\/\/carpathiacenter.ro\/#\/schema\/logo\/image\/"},"sameAs":["https:\/\/www.facebook.com\/fdpscarpathia\/"]},{"@type":"Person","@id":"https:\/\/carpathiacenter.ro\/#\/schema\/person\/03d9f58202fee8379268f34afa195006","name":"creativebitsolutions","image":{"@type":"ImageObject","inLanguage":"en-GB","@id":"https:\/\/carpathiacenter.ro\/#\/schema\/person\/image\/","url":"https:\/\/secure.gravatar.com\/avatar\/1b1a13e37f847c635dab78348f1dff2f07651ee2a3d77a5c355a4b8c75f9165a?s=96&d=mm&r=g","contentUrl":"https:\/\/secure.gravatar.com\/avatar\/1b1a13e37f847c635dab78348f1dff2f07651ee2a3d77a5c355a4b8c75f9165a?s=96&d=mm&r=g","caption":"creativebitsolutions"},"url":"https:\/\/carpathiacenter.ro\/en\/author\/creativebitsolutions\/"}]}},"_links":{"self":[{"href":"https:\/\/carpathiacenter.ro\/en\/wp-json\/wp\/v2\/posts\/2483","targetHints":{"allow":["GET"]}}],"collection":[{"href":"https:\/\/carpathiacenter.ro\/en\/wp-json\/wp\/v2\/posts"}],"about":[{"href":"https:\/\/carpathiacenter.ro\/en\/wp-json\/wp\/v2\/types\/post"}],"author":[{"embeddable":true,"href":"https:\/\/carpathiacenter.ro\/en\/wp-json\/wp\/v2\/users\/4"}],"replies":[{"embeddable":true,"href":"https:\/\/carpathiacenter.ro\/en\/wp-json\/wp\/v2\/comments?post=2483"}],"version-history":[{"count":1,"href":"https:\/\/carpathiacenter.ro\/en\/wp-json\/wp\/v2\/posts\/2483\/revisions"}],"predecessor-version":[{"id":2485,"href":"https:\/\/carpathiacenter.ro\/en\/wp-json\/wp\/v2\/posts\/2483\/revisions\/2485"}],"wp:featuredmedia":[{"embeddable":true,"href":"https:\/\/carpathiacenter.ro\/en\/wp-json\/wp\/v2\/media\/2484"}],"wp:attachment":[{"href":"https:\/\/carpathiacenter.ro\/en\/wp-json\/wp\/v2\/media?parent=2483"}],"wp:term":[{"taxonomy":"category","embeddable":true,"href":"https:\/\/carpathiacenter.ro\/en\/wp-json\/wp\/v2\/categories?post=2483"},{"taxonomy":"post_tag","embeddable":true,"href":"https:\/\/carpathiacenter.ro\/en\/wp-json\/wp\/v2\/tags?post=2483"}],"curies":[{"name":"wp","href":"https:\/\/api.w.org\/{rel}","templated":true}]}}