{"id":2480,"date":"2025-06-02T08:36:15","date_gmt":"2025-06-02T08:36:15","guid":{"rendered":"https:\/\/carpathiacenter.ro\/?p=2480"},"modified":"2025-06-02T08:36:15","modified_gmt":"2025-06-02T08:36:15","slug":"presedintele-nicusor-dan-la-summitul-b9-si-tarile-nordice-de-la-vilnius-prima-sa-deplasare-externa-ca-sef-al-statului","status":"publish","type":"post","link":"https:\/\/carpathiacenter.ro\/en\/presedintele-nicusor-dan-la-summitul-b9-si-tarile-nordice-de-la-vilnius-prima-sa-deplasare-externa-ca-sef-al-statului\/","title":{"rendered":"Pre\u0219edintele Nicu\u0219or Dan, la Summitul B9 \u0219i \u021a\u0103rile Nordice de la Vilnius &#8211; prima sa deplasare extern\u0103 ca \u0219ef al statului"},"content":{"rendered":"<p><strong>Pre\u0219edintele Nicu\u0219or Dan va participa luni la Summitul B9 \u0219i \u021a\u0103rile Nordice, care va avea loc la Vilnius, Lituania, aceasta fiind prima sa deplasare extern\u0103 ca \u0219ef al statului.<\/strong><\/p>\n<p>Potrivit Administra\u021biei Preziden\u021biale, Nicu\u0219or Dan va reafirma, \u00een cadrul Summitului B9 de la Vilnius, angajamentul Rom\u00e2niei pentru \u00eent\u0103rirea NATO pe toate palierele \u0219i a rolului crucial al Alian\u021bei \u00een asigurarea securit\u0103\u021bii euroatlantice.<\/p>\n<p>Pre\u0219edintele va sublinia faptul c\u0103 Rom\u00e2nia r\u0103m\u00e2ne un aliat responsabil \u0219i activ pe Flancul estic, \u00een zona strategic\u0103 a M\u0103rii Negre \u0219i va pleda pentru continuarea sprijinului multidimensional al Alia\u021bilor pentru Ucraina, demers ce reprezint\u0103 o investi\u021bie \u00een propria noastr\u0103 securitate. De asemenea, va ar\u0103ta c\u0103 Rom\u00e2nia sus\u021bine importan\u021ba vital\u0103 a rela\u021biei transatlantice, care r\u0103m\u00e2ne fundamentul ap\u0103r\u0103rii colective.<\/p>\n<p>Totodat\u0103, \u0219eful statului va eviden\u021bia necesitatea de a oferi sprijin \u0219i Republicii Moldova, care este expus\u0103 unor riscuri \u0219i amenin\u021b\u0103ri complexe.<\/p>\n<p>La eveniment vor fi prezen\u021bi secretarul general al NATO, Mark Rutte, pre\u0219edintele Ucrainei, Volod\u00eem\u00eer Zelenski \u0219i reprezentan\u021bii alia\u021bilor NATO din \u021b\u0103rile nordice (Danemarca, Norvegia, Finlanda, Suedia, Islanda).<\/p>\n<p>Reuniunea la nivel \u00eenalt a statelor din Formatul Bucure\u0219ti 9 are drept scop preg\u0103tirea Summitului NATO de la Haga, care se va desf\u0103\u0219ura la finalul lunii iunie \u0219i va reprezenta un moment important pentru consolidarea Alian\u021bei Nord-Atlantice \u0219i a unit\u0103\u021bii transatlantice. \u00cen acest sens, discu\u021biile de la Vilnius se vor concentra pe consolidarea posturii NATO de descurajare \u0219i ap\u0103rare pe Flancul estic, pe intensificarea sprijinului pentru Ucraina, precum \u0219i pe necesitatea ca Alia\u021bii europeni s\u0103 creasc\u0103 investi\u021biile \u00een ap\u0103rare. AGERPRES\/(AS &#8211; redactor: Oana Ghi\u021b\u0103, editor: C\u0103t\u0103lina Matei, editor online: Irina Giurgiu)<br \/>\n<br \/>\nSursa articolului:<a href=\"https:\/\/agerpres.ro\/politic\/2025\/06\/02\/presedintele-nicusor-dan-la-summitul-b9-si-tarile-nordice-de-la-vilnius---prima-sa-deplasare-externa--1455243\" target=\"_blank\" rel=\"noopener\" title=\"\">https:\/\/agerpres.ro\/politic\/2025\/06\/02\/presedintele-nicusor-dan-la-summitul-b9-si-tarile-nordice-de-la-vilnius&#8212;prima-sa-deplasare-externa&#8211;1455243<\/a><\/p>","protected":false},"excerpt":{"rendered":"<p>Pre\u0219edintele Nicu\u0219or Dan va participa luni la Summitul B9 \u0219i \u021a\u0103rile Nordice, care va avea loc la Vilnius, Lituania, aceasta fiind prima sa deplasare extern\u0103 ca \u0219ef al statului. Potrivit Administra\u021biei Preziden\u021biale, Nicu\u0219or Dan va reafirma, \u00een cadrul Summitului B9 de la Vilnius, angajamentul Rom\u00e2niei pentru \u00eent\u0103rirea NATO pe toate palierele \u0219i a rolului crucial&#8230;<\/p>","protected":false},"author":4,"featured_media":2481,"comment_status":"open","ping_status":"open","sticky":false,"template":"","format":"standard","meta":{"footnotes":""},"categories":[1],"tags":[],"class_list":["post-2480","post","type-post","status-publish","format-standard","has-post-thumbnail","hentry","category-uncategorized"],"yoast_head":"<!-- This site is optimized with the Yoast SEO plugin v26.1.1 - https:\/\/yoast.com\/wordpress\/plugins\/seo\/ -->\n<title>Pre\u0219edintele Nicu\u0219or Dan, la Summitul B9 \u0219i \u021a\u0103rile Nordice de la Vilnius - prima sa deplasare extern\u0103 ca \u0219ef al statului - Carpathia Center Romania<\/title>\n<meta name=\"robots\" content=\"index, follow, max-snippet:-1, max-image-preview:large, max-video-preview:-1\" \/>\n<link rel=\"canonical\" href=\"https:\/\/carpathiacenter.ro\/en\/presedintele-nicusor-dan-la-summitul-b9-si-tarile-nordice-de-la-vilnius-prima-sa-deplasare-externa-ca-sef-al-statului\/\" \/>\n<meta property=\"og:locale\" content=\"en_GB\" \/>\n<meta property=\"og:type\" content=\"article\" \/>\n<meta property=\"og:title\" content=\"Pre\u0219edintele Nicu\u0219or Dan, la Summitul B9 \u0219i \u021a\u0103rile Nordice de la Vilnius - prima sa deplasare extern\u0103 ca \u0219ef al statului - Carpathia Center Romania\" \/>\n<meta property=\"og:description\" content=\"Pre\u0219edintele Nicu\u0219or Dan va participa luni la Summitul B9 \u0219i \u021a\u0103rile Nordice, care va avea loc la Vilnius, Lituania, aceasta fiind prima sa deplasare extern\u0103 ca \u0219ef al statului. Potrivit Administra\u021biei Preziden\u021biale, Nicu\u0219or Dan va reafirma, \u00een cadrul Summitului B9 de la Vilnius, angajamentul Rom\u00e2niei pentru \u00eent\u0103rirea NATO pe toate palierele \u0219i a rolului crucial...\" \/>\n<meta property=\"og:url\" content=\"https:\/\/carpathiacenter.ro\/en\/presedintele-nicusor-dan-la-summitul-b9-si-tarile-nordice-de-la-vilnius-prima-sa-deplasare-externa-ca-sef-al-statului\/\" \/>\n<meta property=\"og:site_name\" content=\"Carpathia Center Romania\" \/>\n<meta property=\"article:publisher\" content=\"https:\/\/www.facebook.com\/fdpscarpathia\/\" \/>\n<meta property=\"article:published_time\" content=\"2025-06-02T08:36:15+00:00\" \/>\n<meta property=\"og:image\" content=\"https:\/\/carpathiacenter.ro\/wp-content\/uploads\/2025\/06\/Nicusor-si-Ionut.webp\" \/>\n\t<meta property=\"og:image:width\" content=\"800\" \/>\n\t<meta property=\"og:image:height\" content=\"533\" \/>\n\t<meta property=\"og:image:type\" content=\"image\/webp\" \/>\n<meta name=\"author\" content=\"creativebitsolutions\" \/>\n<meta name=\"twitter:card\" content=\"summary_large_image\" \/>\n<meta name=\"twitter:label1\" content=\"Written by\" \/>\n\t<meta name=\"twitter:data1\" content=\"creativebitsolutions\" \/>\n\t<meta name=\"twitter:label2\" content=\"Estimated reading time\" \/>\n\t<meta name=\"twitter:data2\" content=\"2 minutes\" \/>\n<script type=\"application\/ld+json\" class=\"yoast-schema-graph\">{\"@context\":\"https:\/\/schema.org\",\"@graph\":[{\"@type\":\"Article\",\"@id\":\"https:\/\/carpathiacenter.ro\/presedintele-nicusor-dan-la-summitul-b9-si-tarile-nordice-de-la-vilnius-prima-sa-deplasare-externa-ca-sef-al-statului\/#article\",\"isPartOf\":{\"@id\":\"https:\/\/carpathiacenter.ro\/presedintele-nicusor-dan-la-summitul-b9-si-tarile-nordice-de-la-vilnius-prima-sa-deplasare-externa-ca-sef-al-statului\/\"},\"author\":{\"name\":\"creativebitsolutions\",\"@id\":\"https:\/\/carpathiacenter.ro\/#\/schema\/person\/03d9f58202fee8379268f34afa195006\"},\"headline\":\"Pre\u0219edintele Nicu\u0219or Dan, la Summitul B9 \u0219i \u021a\u0103rile Nordice de la Vilnius &#8211; prima sa deplasare extern\u0103 ca \u0219ef al statului\",\"datePublished\":\"2025-06-02T08:36:15+00:00\",\"mainEntityOfPage\":{\"@id\":\"https:\/\/carpathiacenter.ro\/presedintele-nicusor-dan-la-summitul-b9-si-tarile-nordice-de-la-vilnius-prima-sa-deplasare-externa-ca-sef-al-statului\/\"},\"wordCount\":334,\"commentCount\":0,\"publisher\":{\"@id\":\"https:\/\/carpathiacenter.ro\/#organization\"},\"image\":{\"@id\":\"https:\/\/carpathiacenter.ro\/presedintele-nicusor-dan-la-summitul-b9-si-tarile-nordice-de-la-vilnius-prima-sa-deplasare-externa-ca-sef-al-statului\/#primaryimage\"},\"thumbnailUrl\":\"https:\/\/carpathiacenter.ro\/wp-content\/uploads\/2025\/06\/Nicusor-si-Ionut.webp\",\"articleSection\":[\"Uncategorized\"],\"inLanguage\":\"en-GB\",\"potentialAction\":[{\"@type\":\"CommentAction\",\"name\":\"Comment\",\"target\":[\"https:\/\/carpathiacenter.ro\/presedintele-nicusor-dan-la-summitul-b9-si-tarile-nordice-de-la-vilnius-prima-sa-deplasare-externa-ca-sef-al-statului\/#respond\"]}]},{\"@type\":\"WebPage\",\"@id\":\"https:\/\/carpathiacenter.ro\/presedintele-nicusor-dan-la-summitul-b9-si-tarile-nordice-de-la-vilnius-prima-sa-deplasare-externa-ca-sef-al-statului\/\",\"url\":\"https:\/\/carpathiacenter.ro\/presedintele-nicusor-dan-la-summitul-b9-si-tarile-nordice-de-la-vilnius-prima-sa-deplasare-externa-ca-sef-al-statului\/\",\"name\":\"Pre\u0219edintele Nicu\u0219or Dan, la Summitul B9 \u0219i \u021a\u0103rile Nordice de la Vilnius - prima sa deplasare extern\u0103 ca \u0219ef al statului - Carpathia Center Romania\",\"isPartOf\":{\"@id\":\"https:\/\/carpathiacenter.ro\/#website\"},\"primaryImageOfPage\":{\"@id\":\"https:\/\/carpathiacenter.ro\/presedintele-nicusor-dan-la-summitul-b9-si-tarile-nordice-de-la-vilnius-prima-sa-deplasare-externa-ca-sef-al-statului\/#primaryimage\"},\"image\":{\"@id\":\"https:\/\/carpathiacenter.ro\/presedintele-nicusor-dan-la-summitul-b9-si-tarile-nordice-de-la-vilnius-prima-sa-deplasare-externa-ca-sef-al-statului\/#primaryimage\"},\"thumbnailUrl\":\"https:\/\/carpathiacenter.ro\/wp-content\/uploads\/2025\/06\/Nicusor-si-Ionut.webp\",\"datePublished\":\"2025-06-02T08:36:15+00:00\",\"breadcrumb\":{\"@id\":\"https:\/\/carpathiacenter.ro\/presedintele-nicusor-dan-la-summitul-b9-si-tarile-nordice-de-la-vilnius-prima-sa-deplasare-externa-ca-sef-al-statului\/#breadcrumb\"},\"inLanguage\":\"en-GB\",\"potentialAction\":[{\"@type\":\"ReadAction\",\"target\":[\"https:\/\/carpathiacenter.ro\/presedintele-nicusor-dan-la-summitul-b9-si-tarile-nordice-de-la-vilnius-prima-sa-deplasare-externa-ca-sef-al-statului\/\"]}]},{\"@type\":\"ImageObject\",\"inLanguage\":\"en-GB\",\"@id\":\"https:\/\/carpathiacenter.ro\/presedintele-nicusor-dan-la-summitul-b9-si-tarile-nordice-de-la-vilnius-prima-sa-deplasare-externa-ca-sef-al-statului\/#primaryimage\",\"url\":\"https:\/\/carpathiacenter.ro\/wp-content\/uploads\/2025\/06\/Nicusor-si-Ionut.webp\",\"contentUrl\":\"https:\/\/carpathiacenter.ro\/wp-content\/uploads\/2025\/06\/Nicusor-si-Ionut.webp\",\"width\":800,\"height\":533},{\"@type\":\"BreadcrumbList\",\"@id\":\"https:\/\/carpathiacenter.ro\/presedintele-nicusor-dan-la-summitul-b9-si-tarile-nordice-de-la-vilnius-prima-sa-deplasare-externa-ca-sef-al-statului\/#breadcrumb\",\"itemListElement\":[{\"@type\":\"ListItem\",\"position\":1,\"name\":\"Prima pagin\u0103\",\"item\":\"https:\/\/carpathiacenter.ro\/\"},{\"@type\":\"ListItem\",\"position\":2,\"name\":\"Pre\u0219edintele Nicu\u0219or Dan, la Summitul B9 \u0219i \u021a\u0103rile Nordice de la Vilnius &#8211; prima sa deplasare extern\u0103 ca \u0219ef al statului\"}]},{\"@type\":\"WebSite\",\"@id\":\"https:\/\/carpathiacenter.ro\/#website\",\"url\":\"https:\/\/carpathiacenter.ro\/\",\"name\":\"Carpathia Center Romania\",\"description\":\"Impossible made possible!\",\"publisher\":{\"@id\":\"https:\/\/carpathiacenter.ro\/#organization\"},\"potentialAction\":[{\"@type\":\"SearchAction\",\"target\":{\"@type\":\"EntryPoint\",\"urlTemplate\":\"https:\/\/carpathiacenter.ro\/?s={search_term_string}\"},\"query-input\":{\"@type\":\"PropertyValueSpecification\",\"valueRequired\":true,\"valueName\":\"search_term_string\"}}],\"inLanguage\":\"en-GB\"},{\"@type\":\"Organization\",\"@id\":\"https:\/\/carpathiacenter.ro\/#organization\",\"name\":\"Carpathia Center Romania\",\"url\":\"https:\/\/carpathiacenter.ro\/\",\"logo\":{\"@type\":\"ImageObject\",\"inLanguage\":\"en-GB\",\"@id\":\"https:\/\/carpathiacenter.ro\/#\/schema\/logo\/image\/\",\"url\":\"https:\/\/carpathiacenter.ro\/wp-content\/uploads\/2024\/07\/logo-carpathia_bg_white-1024x941.png\",\"contentUrl\":\"https:\/\/carpathiacenter.ro\/wp-content\/uploads\/2024\/07\/logo-carpathia_bg_white-1024x941.png\",\"width\":1024,\"height\":941,\"caption\":\"Carpathia Center Romania\"},\"image\":{\"@id\":\"https:\/\/carpathiacenter.ro\/#\/schema\/logo\/image\/\"},\"sameAs\":[\"https:\/\/www.facebook.com\/fdpscarpathia\/\"]},{\"@type\":\"Person\",\"@id\":\"https:\/\/carpathiacenter.ro\/#\/schema\/person\/03d9f58202fee8379268f34afa195006\",\"name\":\"creativebitsolutions\",\"image\":{\"@type\":\"ImageObject\",\"inLanguage\":\"en-GB\",\"@id\":\"https:\/\/carpathiacenter.ro\/#\/schema\/person\/image\/\",\"url\":\"https:\/\/secure.gravatar.com\/avatar\/1b1a13e37f847c635dab78348f1dff2f07651ee2a3d77a5c355a4b8c75f9165a?s=96&d=mm&r=g\",\"contentUrl\":\"https:\/\/secure.gravatar.com\/avatar\/1b1a13e37f847c635dab78348f1dff2f07651ee2a3d77a5c355a4b8c75f9165a?s=96&d=mm&r=g\",\"caption\":\"creativebitsolutions\"},\"url\":\"https:\/\/carpathiacenter.ro\/en\/author\/creativebitsolutions\/\"}]}<\/script>\n<!-- \/ Yoast SEO plugin. -->","yoast_head_json":{"title":"Pre\u0219edintele Nicu\u0219or Dan, la Summitul B9 \u0219i \u021a\u0103rile Nordice de la Vilnius - prima sa deplasare extern\u0103 ca \u0219ef al statului - Carpathia Center Romania","robots":{"index":"index","follow":"follow","max-snippet":"max-snippet:-1","max-image-preview":"max-image-preview:large","max-video-preview":"max-video-preview:-1"},"canonical":"https:\/\/carpathiacenter.ro\/en\/presedintele-nicusor-dan-la-summitul-b9-si-tarile-nordice-de-la-vilnius-prima-sa-deplasare-externa-ca-sef-al-statului\/","og_locale":"en_GB","og_type":"article","og_title":"Pre\u0219edintele Nicu\u0219or Dan, la Summitul B9 \u0219i \u021a\u0103rile Nordice de la Vilnius - prima sa deplasare extern\u0103 ca \u0219ef al statului - Carpathia Center Romania","og_description":"Pre\u0219edintele Nicu\u0219or Dan va participa luni la Summitul B9 \u0219i \u021a\u0103rile Nordice, care va avea loc la Vilnius, Lituania, aceasta fiind prima sa deplasare extern\u0103 ca \u0219ef al statului. Potrivit Administra\u021biei Preziden\u021biale, Nicu\u0219or Dan va reafirma, \u00een cadrul Summitului B9 de la Vilnius, angajamentul Rom\u00e2niei pentru \u00eent\u0103rirea NATO pe toate palierele \u0219i a rolului crucial...","og_url":"https:\/\/carpathiacenter.ro\/en\/presedintele-nicusor-dan-la-summitul-b9-si-tarile-nordice-de-la-vilnius-prima-sa-deplasare-externa-ca-sef-al-statului\/","og_site_name":"Carpathia Center Romania","article_publisher":"https:\/\/www.facebook.com\/fdpscarpathia\/","article_published_time":"2025-06-02T08:36:15+00:00","og_image":[{"width":800,"height":533,"url":"https:\/\/carpathiacenter.ro\/wp-content\/uploads\/2025\/06\/Nicusor-si-Ionut.webp","type":"image\/webp"}],"author":"creativebitsolutions","twitter_card":"summary_large_image","twitter_misc":{"Written by":"creativebitsolutions","Estimated reading time":"2 minutes"},"schema":{"@context":"https:\/\/schema.org","@graph":[{"@type":"Article","@id":"https:\/\/carpathiacenter.ro\/presedintele-nicusor-dan-la-summitul-b9-si-tarile-nordice-de-la-vilnius-prima-sa-deplasare-externa-ca-sef-al-statului\/#article","isPartOf":{"@id":"https:\/\/carpathiacenter.ro\/presedintele-nicusor-dan-la-summitul-b9-si-tarile-nordice-de-la-vilnius-prima-sa-deplasare-externa-ca-sef-al-statului\/"},"author":{"name":"creativebitsolutions","@id":"https:\/\/carpathiacenter.ro\/#\/schema\/person\/03d9f58202fee8379268f34afa195006"},"headline":"Pre\u0219edintele Nicu\u0219or Dan, la Summitul B9 \u0219i \u021a\u0103rile Nordice de la Vilnius &#8211; prima sa deplasare extern\u0103 ca \u0219ef al statului","datePublished":"2025-06-02T08:36:15+00:00","mainEntityOfPage":{"@id":"https:\/\/carpathiacenter.ro\/presedintele-nicusor-dan-la-summitul-b9-si-tarile-nordice-de-la-vilnius-prima-sa-deplasare-externa-ca-sef-al-statului\/"},"wordCount":334,"commentCount":0,"publisher":{"@id":"https:\/\/carpathiacenter.ro\/#organization"},"image":{"@id":"https:\/\/carpathiacenter.ro\/presedintele-nicusor-dan-la-summitul-b9-si-tarile-nordice-de-la-vilnius-prima-sa-deplasare-externa-ca-sef-al-statului\/#primaryimage"},"thumbnailUrl":"https:\/\/carpathiacenter.ro\/wp-content\/uploads\/2025\/06\/Nicusor-si-Ionut.webp","articleSection":["Uncategorized"],"inLanguage":"en-GB","potentialAction":[{"@type":"CommentAction","name":"Comment","target":["https:\/\/carpathiacenter.ro\/presedintele-nicusor-dan-la-summitul-b9-si-tarile-nordice-de-la-vilnius-prima-sa-deplasare-externa-ca-sef-al-statului\/#respond"]}]},{"@type":"WebPage","@id":"https:\/\/carpathiacenter.ro\/presedintele-nicusor-dan-la-summitul-b9-si-tarile-nordice-de-la-vilnius-prima-sa-deplasare-externa-ca-sef-al-statului\/","url":"https:\/\/carpathiacenter.ro\/presedintele-nicusor-dan-la-summitul-b9-si-tarile-nordice-de-la-vilnius-prima-sa-deplasare-externa-ca-sef-al-statului\/","name":"Pre\u0219edintele Nicu\u0219or Dan, la Summitul B9 \u0219i \u021a\u0103rile Nordice de la Vilnius - prima sa deplasare extern\u0103 ca \u0219ef al statului - Carpathia Center Romania","isPartOf":{"@id":"https:\/\/carpathiacenter.ro\/#website"},"primaryImageOfPage":{"@id":"https:\/\/carpathiacenter.ro\/presedintele-nicusor-dan-la-summitul-b9-si-tarile-nordice-de-la-vilnius-prima-sa-deplasare-externa-ca-sef-al-statului\/#primaryimage"},"image":{"@id":"https:\/\/carpathiacenter.ro\/presedintele-nicusor-dan-la-summitul-b9-si-tarile-nordice-de-la-vilnius-prima-sa-deplasare-externa-ca-sef-al-statului\/#primaryimage"},"thumbnailUrl":"https:\/\/carpathiacenter.ro\/wp-content\/uploads\/2025\/06\/Nicusor-si-Ionut.webp","datePublished":"2025-06-02T08:36:15+00:00","breadcrumb":{"@id":"https:\/\/carpathiacenter.ro\/presedintele-nicusor-dan-la-summitul-b9-si-tarile-nordice-de-la-vilnius-prima-sa-deplasare-externa-ca-sef-al-statului\/#breadcrumb"},"inLanguage":"en-GB","potentialAction":[{"@type":"ReadAction","target":["https:\/\/carpathiacenter.ro\/presedintele-nicusor-dan-la-summitul-b9-si-tarile-nordice-de-la-vilnius-prima-sa-deplasare-externa-ca-sef-al-statului\/"]}]},{"@type":"ImageObject","inLanguage":"en-GB","@id":"https:\/\/carpathiacenter.ro\/presedintele-nicusor-dan-la-summitul-b9-si-tarile-nordice-de-la-vilnius-prima-sa-deplasare-externa-ca-sef-al-statului\/#primaryimage","url":"https:\/\/carpathiacenter.ro\/wp-content\/uploads\/2025\/06\/Nicusor-si-Ionut.webp","contentUrl":"https:\/\/carpathiacenter.ro\/wp-content\/uploads\/2025\/06\/Nicusor-si-Ionut.webp","width":800,"height":533},{"@type":"BreadcrumbList","@id":"https:\/\/carpathiacenter.ro\/presedintele-nicusor-dan-la-summitul-b9-si-tarile-nordice-de-la-vilnius-prima-sa-deplasare-externa-ca-sef-al-statului\/#breadcrumb","itemListElement":[{"@type":"ListItem","position":1,"name":"Prima pagin\u0103","item":"https:\/\/carpathiacenter.ro\/"},{"@type":"ListItem","position":2,"name":"Pre\u0219edintele Nicu\u0219or Dan, la Summitul B9 \u0219i \u021a\u0103rile Nordice de la Vilnius &#8211; prima sa deplasare extern\u0103 ca \u0219ef al statului"}]},{"@type":"WebSite","@id":"https:\/\/carpathiacenter.ro\/#website","url":"https:\/\/carpathiacenter.ro\/","name":"Carpathia Center Romania","description":"Impossible made possible!","publisher":{"@id":"https:\/\/carpathiacenter.ro\/#organization"},"potentialAction":[{"@type":"SearchAction","target":{"@type":"EntryPoint","urlTemplate":"https:\/\/carpathiacenter.ro\/?s={search_term_string}"},"query-input":{"@type":"PropertyValueSpecification","valueRequired":true,"valueName":"search_term_string"}}],"inLanguage":"en-GB"},{"@type":"Organization","@id":"https:\/\/carpathiacenter.ro\/#organization","name":"Carpathia Center Romania","url":"https:\/\/carpathiacenter.ro\/","logo":{"@type":"ImageObject","inLanguage":"en-GB","@id":"https:\/\/carpathiacenter.ro\/#\/schema\/logo\/image\/","url":"https:\/\/carpathiacenter.ro\/wp-content\/uploads\/2024\/07\/logo-carpathia_bg_white-1024x941.png","contentUrl":"https:\/\/carpathiacenter.ro\/wp-content\/uploads\/2024\/07\/logo-carpathia_bg_white-1024x941.png","width":1024,"height":941,"caption":"Carpathia Center Romania"},"image":{"@id":"https:\/\/carpathiacenter.ro\/#\/schema\/logo\/image\/"},"sameAs":["https:\/\/www.facebook.com\/fdpscarpathia\/"]},{"@type":"Person","@id":"https:\/\/carpathiacenter.ro\/#\/schema\/person\/03d9f58202fee8379268f34afa195006","name":"creativebitsolutions","image":{"@type":"ImageObject","inLanguage":"en-GB","@id":"https:\/\/carpathiacenter.ro\/#\/schema\/person\/image\/","url":"https:\/\/secure.gravatar.com\/avatar\/1b1a13e37f847c635dab78348f1dff2f07651ee2a3d77a5c355a4b8c75f9165a?s=96&d=mm&r=g","contentUrl":"https:\/\/secure.gravatar.com\/avatar\/1b1a13e37f847c635dab78348f1dff2f07651ee2a3d77a5c355a4b8c75f9165a?s=96&d=mm&r=g","caption":"creativebitsolutions"},"url":"https:\/\/carpathiacenter.ro\/en\/author\/creativebitsolutions\/"}]}},"_links":{"self":[{"href":"https:\/\/carpathiacenter.ro\/en\/wp-json\/wp\/v2\/posts\/2480","targetHints":{"allow":["GET"]}}],"collection":[{"href":"https:\/\/carpathiacenter.ro\/en\/wp-json\/wp\/v2\/posts"}],"about":[{"href":"https:\/\/carpathiacenter.ro\/en\/wp-json\/wp\/v2\/types\/post"}],"author":[{"embeddable":true,"href":"https:\/\/carpathiacenter.ro\/en\/wp-json\/wp\/v2\/users\/4"}],"replies":[{"embeddable":true,"href":"https:\/\/carpathiacenter.ro\/en\/wp-json\/wp\/v2\/comments?post=2480"}],"version-history":[{"count":1,"href":"https:\/\/carpathiacenter.ro\/en\/wp-json\/wp\/v2\/posts\/2480\/revisions"}],"predecessor-version":[{"id":2482,"href":"https:\/\/carpathiacenter.ro\/en\/wp-json\/wp\/v2\/posts\/2480\/revisions\/2482"}],"wp:featuredmedia":[{"embeddable":true,"href":"https:\/\/carpathiacenter.ro\/en\/wp-json\/wp\/v2\/media\/2481"}],"wp:attachment":[{"href":"https:\/\/carpathiacenter.ro\/en\/wp-json\/wp\/v2\/media?parent=2480"}],"wp:term":[{"taxonomy":"category","embeddable":true,"href":"https:\/\/carpathiacenter.ro\/en\/wp-json\/wp\/v2\/categories?post=2480"},{"taxonomy":"post_tag","embeddable":true,"href":"https:\/\/carpathiacenter.ro\/en\/wp-json\/wp\/v2\/tags?post=2480"}],"curies":[{"name":"wp","href":"https:\/\/api.w.org\/{rel}","templated":true}]}}