{"id":2476,"date":"2025-06-02T08:34:31","date_gmt":"2025-06-02T08:34:31","guid":{"rendered":"https:\/\/carpathiacenter.ro\/?p=2476"},"modified":"2025-06-02T08:34:31","modified_gmt":"2025-06-02T08:34:31","slug":"2-iunie-ziua-nationala-pentru-adoptie","status":"publish","type":"post","link":"https:\/\/carpathiacenter.ro\/en\/2-iunie-ziua-nationala-pentru-adoptie\/","title":{"rendered":"2 iunie &#8211; Ziua Na\u021bional\u0103 pentru Adop\u021bie"},"content":{"rendered":"<p>\u00cen fiecare an, la data de 2 iunie, este s\u0103rb\u0103torit\u0103 Ziua Na\u021bional\u0103 pentru Adop\u021bie, instituit\u0103 prin Legea nr. 21\/2014.<\/p>\n<p>Un num\u0103r de 1.389 de copii au fost adopta\u021bi \u00een 2023 (sentin\u021be definitive), din care 1.377 de copii au fost adopta\u021bi conform procedurii adop\u021biei na\u021bionale \u0219i 12 copii au fost adopta\u021bi conform procedurii adop\u021biei interna\u021bionale. Totodat\u0103, num\u0103rul persoanelor\/familiilor atestate ca apte s\u0103 adopte la sf\u00e2r\u0219itul anului 2023 a fost de 3.182, din care 3.119 persoane\/familii atestate ca apte s\u0103 adopte pe procedura adop\u021biei na\u021bionale \u0219i 63 de familii atestate ca apte s\u0103 adopte pe procedura adop\u021biei interna\u021bionale, conform datelor cuprinse \u00een Raportul ANPDCA publicat \u00een Monitorul Oficial, partea a III-a, nr, 201\/5 iunie 2024, aflat pe site-ul <a href=\"https:\/\/copii.gov.ro\/\" target=\"_blank\">https:\/\/copii.gov.ro\/<\/a>.<\/p>\n<p>\u00cen Rom\u00e2nia, este reglementat\u0103 \u0219i recunoscut\u0103 doar adop\u021bia cu efecte depline, aceasta fiind definit\u0103 drept opera\u021biunea juridic\u0103 prin care se creeaz\u0103 leg\u0103tura de filia\u021bie \u00eentre adoptator \u0219i adoptat, precum \u0219i leg\u0103turi de rudenie \u00eentre adoptat \u0219i rudele adoptatorului. Instan\u021ba judec\u0103toreasc\u0103 de la domiciliul copilului este competent\u0103 s\u0103 se pronun\u021be cu privire la deschiderea procedurii de adop\u021bie a unui copil, dac\u0103 constat\u0103 c\u0103 toate demersurile privind reintegrarea\/integrarea copilului \u00een familia sa biologic\u0103 au e\u0219uat \u0219i apreciaz\u0103 c\u0103 adop\u021bia este \u00een interesul copilului.<\/p>\n<p>\u00cen ceea ce prive\u0219te adop\u021bia interna\u021bional\u0103, Rom\u00e2nia a ratificat Conven\u021bia de la Haga asupra protec\u021biei copiilor \u0219i cooper\u0103rii \u00een materia adop\u021biei interna\u021bionale, prin Legea nr. 84\/1994. Autoritatea central\u0103 rom\u00e2n\u0103 \u00een materia adop\u021biei interna\u021bionale este Autoritatea Na\u021bional\u0103 pentru Protec\u021bia Drepturilor Copilului \u0219i Adop\u021bie (ANPDCA). ANPDCA prime\u0219te cererile de adop\u021bie interna\u021bional\u0103 \u0219i este autoritatea competent\u0103 s\u0103 exprime acordul de continuare a procedurii de adop\u021bie \u0219i s\u0103 elibereze Certificatul de conformitate, conform art. 17 lit.c \u0219i respectiv art. 23 din Conven\u021bia de la Haga, noteaz\u0103 site-ul Autorit\u0103\u021bii Na\u021bionale pentru Protec\u021bia Drepturilor Copilului \u0219i Adop\u021bie, <a href=\"https:\/\/copii.gov.ro\/\" target=\"_blank\">https:\/\/copii.gov.ro\/<\/a>.<\/p>\n<p>Proiectul de lege privind instituirea Zilei Na\u021bionale pentru Adop\u021bie a fost ini\u021biat, \u00een aprilie 2013, de mai mul\u021bi deputa\u021bi \u0219i senatori. Conform expunerii de motive, ini\u021biativa legislativ\u0103 a avut drept obiectiv cre\u0219terea gradului de con\u0219tientizare privind realit\u0103\u021bile cu care se confrunt\u0103 copiii din sistemul de protec\u021bie social\u0103, ale c\u0103ror familii nu le pot asigura cre\u0219terea \u0219i \u00eengrijirea adecvat\u0103 \u0219i o mai bun\u0103 \u00een\u021belegere a nevoilor de a avea o familie permanent\u0103, conform <a href=\"https:\/\/www.cdep.ro\/\" target=\"_blank\">https:\/\/www.cdep.ro\/<\/a>. Printre obiectivele urm\u0103rite, cu ocazia instituirii acestei zile, se afl\u0103: celebrarea familiilor adoptive; cre\u0219terea gradului de con\u0219tientizare privind situa\u021bia copiilor din sistemul de protec\u021bie special\u0103 care au nevoie de familii permanente; \u00eencurajarea \u0219i promovarea adop\u021biei de c\u0103tre familii-persoane care doresc s\u0103 devin\u0103 p\u0103rin\u021bi sau s\u0103 \u00ee\u0219i m\u0103reasc\u0103 familia; construirea unor colabor\u0103ri \u0219i parteneriate solide \u0219i func\u021bionale \u00eentre to\u021bi actorii implica\u021bi \u00een procesul de adop\u021bie, care s\u0103 sprijine copiii \u0219i familiile lor.<\/p>\n<p>La 29 octombrie 2013, Senatul a adoptat ini\u021biativa legislativ\u0103, iar Camera Deputa\u021bilor, for decizional, a adoptat proiectul de lege privind instituirea Zilei Na\u021bionale pentru Adop\u021bie la 11 februarie 2014. Pre\u0219edintele Rom\u00e2niei, Klaus Iohannis, a semnat Decretul nr. 267 din 12 martie 2014 pentru promulgarea Legii nr. 21\/2014 privind instituirea Zilei Na\u021bionale pentru Adop\u021bie.<\/p>\n<p>Legea, care a fost publicat\u0103 \u00een Monitorul Oficial al Rom\u00e2niei nr. 188\/17 martie 2014, prevede ca autorit\u0103\u021bile \u0219i institu\u021biile publice, organismele neguvernamentale, reprezentan\u021bele diplomatice ale Rom\u00e2niei, precum \u0219i alte institu\u021bii rom\u00e2ne\u0219ti din str\u0103in\u0103tate s\u0103 organizeze programe \u0219i manifest\u0103ri de promovare a adop\u021biei dedicate acestei zile, activit\u0103\u021bile urm\u00e2nd a fi coordonate de c\u0103tre organul de specialitate al administra\u021biei publice centrale, cu personalitate juridic\u0103, \u00een subordinea Ministerului Familiei, Tineretului \u0219i Egalit\u0103\u021bii de \u0218anse, respectiv Autoritatea Na\u021bional\u0103 pentru Protec\u021bia Drepturilor Copilului \u0219i Adop\u021bie.<\/p>\n<p>Prin ordonan\u021ba de urgen\u021b\u0103 a Guvernului nr. 121\/2021 privind stabilirea unor m\u0103suri la nivelul administra\u021biei publice centrale \u0219i pentru modificarea \u0219i completarea unor acte normative, publicat\u0103 \u00een Monitorul Oficial nr. 1127 din 25 noiembrie 2021, s-a \u00eenfiin\u021bat, \u00een subordinea Ministerului Familiei, Tineretului \u0219i Egalit\u0103\u021bii de \u0218anse (MFTES), Autoritatea Na\u021bional\u0103 pentru Protec\u021bia Drepturilor Copilului \u0219i Adop\u021bie (ANPDCA), organ de specialitate al administra\u021biei publice centrale, care a preluat activit\u0103\u021bile \u0219i atribu\u021biile privind domeniul protec\u021biei \u0219i promov\u0103rii drepturilor copilului de la fosta Autoritate Na\u021bional\u0103 pentru Drepturile Persoanelor cu Dizabilit\u0103\u021bi, Copii \u0219i Adop\u021bii, care s-a desfiin\u021bat. Prin aducerea \u00eempreun\u0103 \u00een zona de competen\u021b\u0103 a aceluia\u0219i minister a problematicii drepturilor copilului \u0219i a familiei, a devenit posibil\u0103 stabilirea unei coordon\u0103ri mai bune a politicilor \u0219i strategiilor privind sus\u021binerea familiei cu cele privind drepturile copilului.<\/p>\n<p>Misiunea ANPDCA este aceea de a proteja \u0219i promova drepturile copilului, astfel cum sunt ele reflectate at\u00e2t \u00een Conven\u021bia ONU privind drepturile copilului, c\u00e2t \u0219i \u00een legisla\u021bia intern\u0103, asigur\u00e2nd respectarea acestora pe teritoriul Rom\u00e2niei, prin interven\u021bia, \u00een condi\u021biile legii, \u00een procedurile administrative \u0219i judiciare privind respectarea \u0219i promovarea drepturilor copilului \u0219i ale adop\u021biei. \u00cen acela\u0219i timp, ANPDCA asigur\u0103 monitorizarea respect\u0103rii principiilor \u0219i drepturilor stabilite de legea na\u021bional\u0103 \u0219i de Conven\u021bia asupra protec\u021biei copiilor \u0219i cooper\u0103rii \u00een materia adop\u021biei interna\u021bionale, ratificat\u0103 prin Legea nr.84\/1994 \u0219i de Conven\u021bia european\u0103 revizuit\u0103 \u00een materia adop\u021biei de copii ratificat\u0103 prin Legea nr. 138\/2011, potrivit <a href=\"https:\/\/copii.gov.ro\/\" target=\"_blank\">https:\/\/copii.gov.ro\/<\/a>. AGERPRES\/(Documentare &#8211; Irina Andreea Cristea, editor: Andreea-Gabriela Onogea, editor online: Andreea Preda)<br \/>\n<br \/>\nSursa articolului:<a href=\"https:\/\/agerpres.ro\/documentare\/2025\/06\/02\/2-iunie---ziua-nationala-pentru-adoptie--1455199\" target=\"_blank\" rel=\"noopener\" title=\"\">https:\/\/agerpres.ro\/documentare\/2025\/06\/02\/2-iunie&#8212;ziua-nationala-pentru-adoptie&#8211;1455199<\/a><\/p>","protected":false},"excerpt":{"rendered":"<p>\u00cen fiecare an, la data de 2 iunie, este s\u0103rb\u0103torit\u0103 Ziua Na\u021bional\u0103 pentru Adop\u021bie, instituit\u0103 prin Legea nr. 21\/2014. Un num\u0103r de 1.389 de copii au fost adopta\u021bi \u00een 2023 (sentin\u021be definitive), din care 1.377 de copii au fost adopta\u021bi conform procedurii adop\u021biei na\u021bionale \u0219i 12 copii au fost adopta\u021bi conform procedurii adop\u021biei interna\u021bionale. Totodat\u0103,&#8230;<\/p>","protected":false},"author":4,"featured_media":2478,"comment_status":"open","ping_status":"open","sticky":false,"template":"","format":"standard","meta":{"footnotes":""},"categories":[1],"tags":[],"class_list":["post-2476","post","type-post","status-publish","format-standard","has-post-thumbnail","hentry","category-uncategorized"],"yoast_head":"<!-- This site is optimized with the Yoast SEO plugin v26.1.1 - https:\/\/yoast.com\/wordpress\/plugins\/seo\/ -->\n<title>2 iunie - Ziua Na\u021bional\u0103 pentru Adop\u021bie - Carpathia Center Romania<\/title>\n<meta name=\"robots\" content=\"index, follow, max-snippet:-1, max-image-preview:large, max-video-preview:-1\" \/>\n<link rel=\"canonical\" href=\"https:\/\/carpathiacenter.ro\/en\/2-iunie-ziua-nationala-pentru-adoptie\/\" \/>\n<meta property=\"og:locale\" content=\"en_GB\" \/>\n<meta property=\"og:type\" content=\"article\" \/>\n<meta property=\"og:title\" content=\"2 iunie - Ziua Na\u021bional\u0103 pentru Adop\u021bie - Carpathia Center Romania\" \/>\n<meta property=\"og:description\" content=\"\u00cen fiecare an, la data de 2 iunie, este s\u0103rb\u0103torit\u0103 Ziua Na\u021bional\u0103 pentru Adop\u021bie, instituit\u0103 prin Legea nr. 21\/2014. Un num\u0103r de 1.389 de copii au fost adopta\u021bi \u00een 2023 (sentin\u021be definitive), din care 1.377 de copii au fost adopta\u021bi conform procedurii adop\u021biei na\u021bionale \u0219i 12 copii au fost adopta\u021bi conform procedurii adop\u021biei interna\u021bionale. Totodat\u0103,...\" \/>\n<meta property=\"og:url\" content=\"https:\/\/carpathiacenter.ro\/en\/2-iunie-ziua-nationala-pentru-adoptie\/\" \/>\n<meta property=\"og:site_name\" content=\"Carpathia Center Romania\" \/>\n<meta property=\"article:publisher\" content=\"https:\/\/www.facebook.com\/fdpscarpathia\/\" \/>\n<meta property=\"article:published_time\" content=\"2025-06-02T08:34:31+00:00\" \/>\n<meta property=\"og:image\" content=\"https:\/\/carpathiacenter.ro\/wp-content\/uploads\/2025\/06\/3456-adoptii.jpg\" \/>\n\t<meta property=\"og:image:width\" content=\"424\" \/>\n\t<meta property=\"og:image:height\" content=\"283\" \/>\n\t<meta property=\"og:image:type\" content=\"image\/jpeg\" \/>\n<meta name=\"author\" content=\"creativebitsolutions\" \/>\n<meta name=\"twitter:card\" content=\"summary_large_image\" \/>\n<meta name=\"twitter:label1\" content=\"Written by\" \/>\n\t<meta name=\"twitter:data1\" content=\"creativebitsolutions\" \/>\n\t<meta name=\"twitter:label2\" content=\"Estimated reading time\" \/>\n\t<meta name=\"twitter:data2\" content=\"5 minutes\" \/>\n<script type=\"application\/ld+json\" class=\"yoast-schema-graph\">{\"@context\":\"https:\/\/schema.org\",\"@graph\":[{\"@type\":\"Article\",\"@id\":\"https:\/\/carpathiacenter.ro\/2-iunie-ziua-nationala-pentru-adoptie\/#article\",\"isPartOf\":{\"@id\":\"https:\/\/carpathiacenter.ro\/2-iunie-ziua-nationala-pentru-adoptie\/\"},\"author\":{\"name\":\"creativebitsolutions\",\"@id\":\"https:\/\/carpathiacenter.ro\/#\/schema\/person\/03d9f58202fee8379268f34afa195006\"},\"headline\":\"2 iunie &#8211; Ziua Na\u021bional\u0103 pentru Adop\u021bie\",\"datePublished\":\"2025-06-02T08:34:31+00:00\",\"mainEntityOfPage\":{\"@id\":\"https:\/\/carpathiacenter.ro\/2-iunie-ziua-nationala-pentru-adoptie\/\"},\"wordCount\":960,\"commentCount\":0,\"publisher\":{\"@id\":\"https:\/\/carpathiacenter.ro\/#organization\"},\"image\":{\"@id\":\"https:\/\/carpathiacenter.ro\/2-iunie-ziua-nationala-pentru-adoptie\/#primaryimage\"},\"thumbnailUrl\":\"https:\/\/carpathiacenter.ro\/wp-content\/uploads\/2025\/06\/3456-adoptii.jpg\",\"articleSection\":[\"Uncategorized\"],\"inLanguage\":\"en-GB\",\"potentialAction\":[{\"@type\":\"CommentAction\",\"name\":\"Comment\",\"target\":[\"https:\/\/carpathiacenter.ro\/2-iunie-ziua-nationala-pentru-adoptie\/#respond\"]}]},{\"@type\":\"WebPage\",\"@id\":\"https:\/\/carpathiacenter.ro\/2-iunie-ziua-nationala-pentru-adoptie\/\",\"url\":\"https:\/\/carpathiacenter.ro\/2-iunie-ziua-nationala-pentru-adoptie\/\",\"name\":\"2 iunie - Ziua Na\u021bional\u0103 pentru Adop\u021bie - Carpathia Center Romania\",\"isPartOf\":{\"@id\":\"https:\/\/carpathiacenter.ro\/#website\"},\"primaryImageOfPage\":{\"@id\":\"https:\/\/carpathiacenter.ro\/2-iunie-ziua-nationala-pentru-adoptie\/#primaryimage\"},\"image\":{\"@id\":\"https:\/\/carpathiacenter.ro\/2-iunie-ziua-nationala-pentru-adoptie\/#primaryimage\"},\"thumbnailUrl\":\"https:\/\/carpathiacenter.ro\/wp-content\/uploads\/2025\/06\/3456-adoptii.jpg\",\"datePublished\":\"2025-06-02T08:34:31+00:00\",\"breadcrumb\":{\"@id\":\"https:\/\/carpathiacenter.ro\/2-iunie-ziua-nationala-pentru-adoptie\/#breadcrumb\"},\"inLanguage\":\"en-GB\",\"potentialAction\":[{\"@type\":\"ReadAction\",\"target\":[\"https:\/\/carpathiacenter.ro\/2-iunie-ziua-nationala-pentru-adoptie\/\"]}]},{\"@type\":\"ImageObject\",\"inLanguage\":\"en-GB\",\"@id\":\"https:\/\/carpathiacenter.ro\/2-iunie-ziua-nationala-pentru-adoptie\/#primaryimage\",\"url\":\"https:\/\/carpathiacenter.ro\/wp-content\/uploads\/2025\/06\/3456-adoptii.jpg\",\"contentUrl\":\"https:\/\/carpathiacenter.ro\/wp-content\/uploads\/2025\/06\/3456-adoptii.jpg\",\"width\":424,\"height\":283},{\"@type\":\"BreadcrumbList\",\"@id\":\"https:\/\/carpathiacenter.ro\/2-iunie-ziua-nationala-pentru-adoptie\/#breadcrumb\",\"itemListElement\":[{\"@type\":\"ListItem\",\"position\":1,\"name\":\"Prima pagin\u0103\",\"item\":\"https:\/\/carpathiacenter.ro\/\"},{\"@type\":\"ListItem\",\"position\":2,\"name\":\"2 iunie &#8211; Ziua Na\u021bional\u0103 pentru Adop\u021bie\"}]},{\"@type\":\"WebSite\",\"@id\":\"https:\/\/carpathiacenter.ro\/#website\",\"url\":\"https:\/\/carpathiacenter.ro\/\",\"name\":\"Carpathia Center Romania\",\"description\":\"Impossible made possible!\",\"publisher\":{\"@id\":\"https:\/\/carpathiacenter.ro\/#organization\"},\"potentialAction\":[{\"@type\":\"SearchAction\",\"target\":{\"@type\":\"EntryPoint\",\"urlTemplate\":\"https:\/\/carpathiacenter.ro\/?s={search_term_string}\"},\"query-input\":{\"@type\":\"PropertyValueSpecification\",\"valueRequired\":true,\"valueName\":\"search_term_string\"}}],\"inLanguage\":\"en-GB\"},{\"@type\":\"Organization\",\"@id\":\"https:\/\/carpathiacenter.ro\/#organization\",\"name\":\"Carpathia Center Romania\",\"url\":\"https:\/\/carpathiacenter.ro\/\",\"logo\":{\"@type\":\"ImageObject\",\"inLanguage\":\"en-GB\",\"@id\":\"https:\/\/carpathiacenter.ro\/#\/schema\/logo\/image\/\",\"url\":\"https:\/\/carpathiacenter.ro\/wp-content\/uploads\/2024\/07\/logo-carpathia_bg_white-1024x941.png\",\"contentUrl\":\"https:\/\/carpathiacenter.ro\/wp-content\/uploads\/2024\/07\/logo-carpathia_bg_white-1024x941.png\",\"width\":1024,\"height\":941,\"caption\":\"Carpathia Center Romania\"},\"image\":{\"@id\":\"https:\/\/carpathiacenter.ro\/#\/schema\/logo\/image\/\"},\"sameAs\":[\"https:\/\/www.facebook.com\/fdpscarpathia\/\"]},{\"@type\":\"Person\",\"@id\":\"https:\/\/carpathiacenter.ro\/#\/schema\/person\/03d9f58202fee8379268f34afa195006\",\"name\":\"creativebitsolutions\",\"image\":{\"@type\":\"ImageObject\",\"inLanguage\":\"en-GB\",\"@id\":\"https:\/\/carpathiacenter.ro\/#\/schema\/person\/image\/\",\"url\":\"https:\/\/secure.gravatar.com\/avatar\/1b1a13e37f847c635dab78348f1dff2f07651ee2a3d77a5c355a4b8c75f9165a?s=96&d=mm&r=g\",\"contentUrl\":\"https:\/\/secure.gravatar.com\/avatar\/1b1a13e37f847c635dab78348f1dff2f07651ee2a3d77a5c355a4b8c75f9165a?s=96&d=mm&r=g\",\"caption\":\"creativebitsolutions\"},\"url\":\"https:\/\/carpathiacenter.ro\/en\/author\/creativebitsolutions\/\"}]}<\/script>\n<!-- \/ Yoast SEO plugin. -->","yoast_head_json":{"title":"2 iunie - Ziua Na\u021bional\u0103 pentru Adop\u021bie - Carpathia Center Romania","robots":{"index":"index","follow":"follow","max-snippet":"max-snippet:-1","max-image-preview":"max-image-preview:large","max-video-preview":"max-video-preview:-1"},"canonical":"https:\/\/carpathiacenter.ro\/en\/2-iunie-ziua-nationala-pentru-adoptie\/","og_locale":"en_GB","og_type":"article","og_title":"2 iunie - Ziua Na\u021bional\u0103 pentru Adop\u021bie - Carpathia Center Romania","og_description":"\u00cen fiecare an, la data de 2 iunie, este s\u0103rb\u0103torit\u0103 Ziua Na\u021bional\u0103 pentru Adop\u021bie, instituit\u0103 prin Legea nr. 21\/2014. Un num\u0103r de 1.389 de copii au fost adopta\u021bi \u00een 2023 (sentin\u021be definitive), din care 1.377 de copii au fost adopta\u021bi conform procedurii adop\u021biei na\u021bionale \u0219i 12 copii au fost adopta\u021bi conform procedurii adop\u021biei interna\u021bionale. Totodat\u0103,...","og_url":"https:\/\/carpathiacenter.ro\/en\/2-iunie-ziua-nationala-pentru-adoptie\/","og_site_name":"Carpathia Center Romania","article_publisher":"https:\/\/www.facebook.com\/fdpscarpathia\/","article_published_time":"2025-06-02T08:34:31+00:00","og_image":[{"width":424,"height":283,"url":"https:\/\/carpathiacenter.ro\/wp-content\/uploads\/2025\/06\/3456-adoptii.jpg","type":"image\/jpeg"}],"author":"creativebitsolutions","twitter_card":"summary_large_image","twitter_misc":{"Written by":"creativebitsolutions","Estimated reading time":"5 minutes"},"schema":{"@context":"https:\/\/schema.org","@graph":[{"@type":"Article","@id":"https:\/\/carpathiacenter.ro\/2-iunie-ziua-nationala-pentru-adoptie\/#article","isPartOf":{"@id":"https:\/\/carpathiacenter.ro\/2-iunie-ziua-nationala-pentru-adoptie\/"},"author":{"name":"creativebitsolutions","@id":"https:\/\/carpathiacenter.ro\/#\/schema\/person\/03d9f58202fee8379268f34afa195006"},"headline":"2 iunie &#8211; Ziua Na\u021bional\u0103 pentru Adop\u021bie","datePublished":"2025-06-02T08:34:31+00:00","mainEntityOfPage":{"@id":"https:\/\/carpathiacenter.ro\/2-iunie-ziua-nationala-pentru-adoptie\/"},"wordCount":960,"commentCount":0,"publisher":{"@id":"https:\/\/carpathiacenter.ro\/#organization"},"image":{"@id":"https:\/\/carpathiacenter.ro\/2-iunie-ziua-nationala-pentru-adoptie\/#primaryimage"},"thumbnailUrl":"https:\/\/carpathiacenter.ro\/wp-content\/uploads\/2025\/06\/3456-adoptii.jpg","articleSection":["Uncategorized"],"inLanguage":"en-GB","potentialAction":[{"@type":"CommentAction","name":"Comment","target":["https:\/\/carpathiacenter.ro\/2-iunie-ziua-nationala-pentru-adoptie\/#respond"]}]},{"@type":"WebPage","@id":"https:\/\/carpathiacenter.ro\/2-iunie-ziua-nationala-pentru-adoptie\/","url":"https:\/\/carpathiacenter.ro\/2-iunie-ziua-nationala-pentru-adoptie\/","name":"2 iunie - Ziua Na\u021bional\u0103 pentru Adop\u021bie - Carpathia Center Romania","isPartOf":{"@id":"https:\/\/carpathiacenter.ro\/#website"},"primaryImageOfPage":{"@id":"https:\/\/carpathiacenter.ro\/2-iunie-ziua-nationala-pentru-adoptie\/#primaryimage"},"image":{"@id":"https:\/\/carpathiacenter.ro\/2-iunie-ziua-nationala-pentru-adoptie\/#primaryimage"},"thumbnailUrl":"https:\/\/carpathiacenter.ro\/wp-content\/uploads\/2025\/06\/3456-adoptii.jpg","datePublished":"2025-06-02T08:34:31+00:00","breadcrumb":{"@id":"https:\/\/carpathiacenter.ro\/2-iunie-ziua-nationala-pentru-adoptie\/#breadcrumb"},"inLanguage":"en-GB","potentialAction":[{"@type":"ReadAction","target":["https:\/\/carpathiacenter.ro\/2-iunie-ziua-nationala-pentru-adoptie\/"]}]},{"@type":"ImageObject","inLanguage":"en-GB","@id":"https:\/\/carpathiacenter.ro\/2-iunie-ziua-nationala-pentru-adoptie\/#primaryimage","url":"https:\/\/carpathiacenter.ro\/wp-content\/uploads\/2025\/06\/3456-adoptii.jpg","contentUrl":"https:\/\/carpathiacenter.ro\/wp-content\/uploads\/2025\/06\/3456-adoptii.jpg","width":424,"height":283},{"@type":"BreadcrumbList","@id":"https:\/\/carpathiacenter.ro\/2-iunie-ziua-nationala-pentru-adoptie\/#breadcrumb","itemListElement":[{"@type":"ListItem","position":1,"name":"Prima pagin\u0103","item":"https:\/\/carpathiacenter.ro\/"},{"@type":"ListItem","position":2,"name":"2 iunie &#8211; Ziua Na\u021bional\u0103 pentru Adop\u021bie"}]},{"@type":"WebSite","@id":"https:\/\/carpathiacenter.ro\/#website","url":"https:\/\/carpathiacenter.ro\/","name":"Carpathia Center Romania","description":"Impossible made possible!","publisher":{"@id":"https:\/\/carpathiacenter.ro\/#organization"},"potentialAction":[{"@type":"SearchAction","target":{"@type":"EntryPoint","urlTemplate":"https:\/\/carpathiacenter.ro\/?s={search_term_string}"},"query-input":{"@type":"PropertyValueSpecification","valueRequired":true,"valueName":"search_term_string"}}],"inLanguage":"en-GB"},{"@type":"Organization","@id":"https:\/\/carpathiacenter.ro\/#organization","name":"Carpathia Center Romania","url":"https:\/\/carpathiacenter.ro\/","logo":{"@type":"ImageObject","inLanguage":"en-GB","@id":"https:\/\/carpathiacenter.ro\/#\/schema\/logo\/image\/","url":"https:\/\/carpathiacenter.ro\/wp-content\/uploads\/2024\/07\/logo-carpathia_bg_white-1024x941.png","contentUrl":"https:\/\/carpathiacenter.ro\/wp-content\/uploads\/2024\/07\/logo-carpathia_bg_white-1024x941.png","width":1024,"height":941,"caption":"Carpathia Center Romania"},"image":{"@id":"https:\/\/carpathiacenter.ro\/#\/schema\/logo\/image\/"},"sameAs":["https:\/\/www.facebook.com\/fdpscarpathia\/"]},{"@type":"Person","@id":"https:\/\/carpathiacenter.ro\/#\/schema\/person\/03d9f58202fee8379268f34afa195006","name":"creativebitsolutions","image":{"@type":"ImageObject","inLanguage":"en-GB","@id":"https:\/\/carpathiacenter.ro\/#\/schema\/person\/image\/","url":"https:\/\/secure.gravatar.com\/avatar\/1b1a13e37f847c635dab78348f1dff2f07651ee2a3d77a5c355a4b8c75f9165a?s=96&d=mm&r=g","contentUrl":"https:\/\/secure.gravatar.com\/avatar\/1b1a13e37f847c635dab78348f1dff2f07651ee2a3d77a5c355a4b8c75f9165a?s=96&d=mm&r=g","caption":"creativebitsolutions"},"url":"https:\/\/carpathiacenter.ro\/en\/author\/creativebitsolutions\/"}]}},"_links":{"self":[{"href":"https:\/\/carpathiacenter.ro\/en\/wp-json\/wp\/v2\/posts\/2476","targetHints":{"allow":["GET"]}}],"collection":[{"href":"https:\/\/carpathiacenter.ro\/en\/wp-json\/wp\/v2\/posts"}],"about":[{"href":"https:\/\/carpathiacenter.ro\/en\/wp-json\/wp\/v2\/types\/post"}],"author":[{"embeddable":true,"href":"https:\/\/carpathiacenter.ro\/en\/wp-json\/wp\/v2\/users\/4"}],"replies":[{"embeddable":true,"href":"https:\/\/carpathiacenter.ro\/en\/wp-json\/wp\/v2\/comments?post=2476"}],"version-history":[{"count":1,"href":"https:\/\/carpathiacenter.ro\/en\/wp-json\/wp\/v2\/posts\/2476\/revisions"}],"predecessor-version":[{"id":2479,"href":"https:\/\/carpathiacenter.ro\/en\/wp-json\/wp\/v2\/posts\/2476\/revisions\/2479"}],"wp:featuredmedia":[{"embeddable":true,"href":"https:\/\/carpathiacenter.ro\/en\/wp-json\/wp\/v2\/media\/2478"}],"wp:attachment":[{"href":"https:\/\/carpathiacenter.ro\/en\/wp-json\/wp\/v2\/media?parent=2476"}],"wp:term":[{"taxonomy":"category","embeddable":true,"href":"https:\/\/carpathiacenter.ro\/en\/wp-json\/wp\/v2\/categories?post=2476"},{"taxonomy":"post_tag","embeddable":true,"href":"https:\/\/carpathiacenter.ro\/en\/wp-json\/wp\/v2\/tags?post=2476"}],"curies":[{"name":"wp","href":"https:\/\/api.w.org\/{rel}","templated":true}]}}