{"id":2466,"date":"2025-05-30T11:08:06","date_gmt":"2025-05-30T11:08:06","guid":{"rendered":"https:\/\/carpathiacenter.ro\/?p=2466"},"modified":"2025-05-30T11:11:04","modified_gmt":"2025-05-30T11:11:04","slug":"nicusor-dan-decizia-ccr-in-contradictie-cu-un-principiu-esential-al-democratiei-transparenta-in-exercitarea-functiilor-publice","status":"publish","type":"post","link":"https:\/\/carpathiacenter.ro\/en\/nicusor-dan-decizia-ccr-in-contradictie-cu-un-principiu-esential-al-democratiei-transparenta-in-exercitarea-functiilor-publice\/","title":{"rendered":"Nicu\u0219or Dan: Decizia CCR, \u00een contradic\u021bie cu un principiu esen\u021bial al democra\u021biei &#8211; transparen\u021ba \u00een exercitarea func\u021biilor publice"},"content":{"rendered":"<p><strong>Pre\u0219edintele Nicu\u0219or Dan afirm\u0103 c\u0103 decizia Cur\u021bii Constitu\u021bionale referitoare la declara\u021biile de avere este &#8216;\u00een contradic\u021bie cu un principiu esen\u021bial al democra\u021biei &#8211; transparen\u021ba \u00een exercitarea func\u021biilor publice&#8217;.<\/strong><\/p>\n<p>&#8216;Accesul cet\u0103\u021benilor la informa\u021bii privind declara\u021biile de avere ale demnitarilor este o garan\u021bie a integrit\u0103\u021bii \u0219i responsabilit\u0103\u021bii \u00een spa\u021biul public, iar acest principiu trebuie ap\u0103rat cu fermitate. \u00cen cazul \u00een care motivarea deciziei identific\u0103 deficien\u021be de natur\u0103 tehnic\u0103 \u00een cadrul legislativ actual, este responsabilitatea Parlamentului s\u0103 le corecteze cu celeritate&#8217;, a scris \u0219eful statului, joi sear\u0103, pe Facebook.<\/p>\n<p><a href=\"https:\/\/agerpres.ro\/justitie\/2025\/05\/29\/ccr-declaratiile-de-avere-nu-se-mai-publica-si-nu-mai-cuprind-bunurile-sotilor-si-copiilor-oficial--1454468\" target=\"_blank\">Curtea Constitu\u021bional\u0103 a decis c\u0103 declara\u021biile de avere \u0219i interese s\u0103 nu mai fie publicate pe site-ul Agen\u021biei Na\u021bionale de Integritate \u0219i nici pe paginile online ale altor institu\u021bii publice, iar aceste declara\u021bii nu mai trebuie s\u0103 cuprind\u0103 veniturile \u0219i bunurile so\u021bilor \u0219i copiilor.<\/a><\/p>\n<p>Potrivit unui comunicat transmis joi, cu majoritate de voturi, CCR a declarat neconstitu\u021bional art.3 alin.(2) din Legea nr.176\/2010, cu urm\u0103torul cuprins: &#8216;Declara\u021biile de avere se \u00eentocmesc pe propria r\u0103spundere \u0219i cuprind drepturile \u0219i obliga\u021biile declarantului, ale so\u021bului\/so\u021biei, precum \u0219i ale copiilor afla\u021bi \u00een \u00eentre\u021binere, potrivit anexei nr. 1&#8217;.<\/p>\n<p>\u00cen urma acestei decizii, care este definitiv\u0103, declara\u021biile de avere care se depun la Agen\u021bia Na\u021bional\u0103 de Integritate nu mai trebuie s\u0103 cuprind\u0103 bunurile so\u021bilor \u0219i copiilor.<\/p>\n<p>De asemenea, cu majoritate de voturi, au fost declarate neconstitu\u021bionale alte dou\u0103 articole din Legea 176\/2010, care se refer\u0103 la publicarea pe pagina de internet a ANI a declara\u021biilor de avere \u0219i interese. AGERPRES \/ (AS &#8211; redactor: C\u0103t\u0103lin Alexandru, editor: Marius Fr\u0103\u021bil\u0103, editor online: Irina Giurgiu)<br \/>\n<br \/>\nSursa articolului:<a href=\"https:\/\/agerpres.ro\/politic\/2025\/05\/29\/nicusor-dan-decizia-ccr-in-contradictie-cu-un-principiu-esential-al-democratiei---transparenta-in-ex--1454532\" target=\"_blank\" rel=\"noopener\" title=\"\">https:\/\/agerpres.ro\/politic\/2025\/05\/29\/nicusor-dan-decizia-ccr-in-contradictie-cu-un-principiu-esential-al-democratiei&#8212;transparenta-in-ex&#8211;1454532<\/a><\/p>","protected":false},"excerpt":{"rendered":"<p>Pre\u0219edintele Nicu\u0219or Dan afirm\u0103 c\u0103 decizia Cur\u021bii Constitu\u021bionale referitoare la declara\u021biile de avere este &#8216;\u00een contradic\u021bie cu un principiu esen\u021bial al democra\u021biei &#8211; transparen\u021ba \u00een exercitarea func\u021biilor publice&#8217;. &#8216;Accesul cet\u0103\u021benilor la informa\u021bii privind declara\u021biile de avere ale demnitarilor este o garan\u021bie a integrit\u0103\u021bii \u0219i responsabilit\u0103\u021bii \u00een spa\u021biul public, iar acest principiu trebuie ap\u0103rat cu fermitate&#8230;.<\/p>","protected":false},"author":4,"featured_media":2468,"comment_status":"open","ping_status":"open","sticky":false,"template":"","format":"standard","meta":{"footnotes":""},"categories":[1],"tags":[],"class_list":["post-2466","post","type-post","status-publish","format-standard","has-post-thumbnail","hentry","category-uncategorized"],"yoast_head":"<!-- This site is optimized with the Yoast SEO plugin v26.1.1 - https:\/\/yoast.com\/wordpress\/plugins\/seo\/ -->\n<title>Nicu\u0219or Dan: Decizia CCR, \u00een contradic\u021bie cu un principiu esen\u021bial al democra\u021biei - transparen\u021ba \u00een exercitarea func\u021biilor publice - Carpathia Center Romania<\/title>\n<meta name=\"robots\" content=\"index, follow, max-snippet:-1, max-image-preview:large, max-video-preview:-1\" \/>\n<link rel=\"canonical\" href=\"https:\/\/carpathiacenter.ro\/en\/nicusor-dan-decizia-ccr-in-contradictie-cu-un-principiu-esential-al-democratiei-transparenta-in-exercitarea-functiilor-publice\/\" \/>\n<meta property=\"og:locale\" content=\"en_GB\" \/>\n<meta property=\"og:type\" content=\"article\" \/>\n<meta property=\"og:title\" content=\"Nicu\u0219or Dan: Decizia CCR, \u00een contradic\u021bie cu un principiu esen\u021bial al democra\u021biei - transparen\u021ba \u00een exercitarea func\u021biilor publice - Carpathia Center Romania\" \/>\n<meta property=\"og:description\" content=\"Pre\u0219edintele Nicu\u0219or Dan afirm\u0103 c\u0103 decizia Cur\u021bii Constitu\u021bionale referitoare la declara\u021biile de avere este &#8216;\u00een contradic\u021bie cu un principiu esen\u021bial al democra\u021biei &#8211; transparen\u021ba \u00een exercitarea func\u021biilor publice&#8217;. &#8216;Accesul cet\u0103\u021benilor la informa\u021bii privind declara\u021biile de avere ale demnitarilor este o garan\u021bie a integrit\u0103\u021bii \u0219i responsabilit\u0103\u021bii \u00een spa\u021biul public, iar acest principiu trebuie ap\u0103rat cu fermitate....\" \/>\n<meta property=\"og:url\" content=\"https:\/\/carpathiacenter.ro\/en\/nicusor-dan-decizia-ccr-in-contradictie-cu-un-principiu-esential-al-democratiei-transparenta-in-exercitarea-functiilor-publice\/\" \/>\n<meta property=\"og:site_name\" content=\"Carpathia Center Romania\" \/>\n<meta property=\"article:publisher\" content=\"https:\/\/www.facebook.com\/fdpscarpathia\/\" \/>\n<meta property=\"article:published_time\" content=\"2025-05-30T11:08:06+00:00\" \/>\n<meta property=\"article:modified_time\" content=\"2025-05-30T11:11:04+00:00\" \/>\n<meta property=\"og:image\" content=\"https:\/\/carpathiacenter.ro\/wp-content\/uploads\/2025\/05\/Nicusor-Dan-11-770x540-1.jpg\" \/>\n\t<meta property=\"og:image:width\" content=\"770\" \/>\n\t<meta property=\"og:image:height\" content=\"540\" \/>\n\t<meta property=\"og:image:type\" content=\"image\/jpeg\" \/>\n<meta name=\"author\" content=\"creativebitsolutions\" \/>\n<meta name=\"twitter:card\" content=\"summary_large_image\" \/>\n<meta name=\"twitter:label1\" content=\"Written by\" \/>\n\t<meta name=\"twitter:data1\" content=\"creativebitsolutions\" \/>\n\t<meta name=\"twitter:label2\" content=\"Estimated reading time\" \/>\n\t<meta name=\"twitter:data2\" content=\"2 minutes\" \/>\n<script type=\"application\/ld+json\" class=\"yoast-schema-graph\">{\"@context\":\"https:\/\/schema.org\",\"@graph\":[{\"@type\":\"Article\",\"@id\":\"https:\/\/carpathiacenter.ro\/nicusor-dan-decizia-ccr-in-contradictie-cu-un-principiu-esential-al-democratiei-transparenta-in-exercitarea-functiilor-publice\/#article\",\"isPartOf\":{\"@id\":\"https:\/\/carpathiacenter.ro\/nicusor-dan-decizia-ccr-in-contradictie-cu-un-principiu-esential-al-democratiei-transparenta-in-exercitarea-functiilor-publice\/\"},\"author\":{\"name\":\"creativebitsolutions\",\"@id\":\"https:\/\/carpathiacenter.ro\/#\/schema\/person\/03d9f58202fee8379268f34afa195006\"},\"headline\":\"Nicu\u0219or Dan: Decizia CCR, \u00een contradic\u021bie cu un principiu esen\u021bial al democra\u021biei &#8211; transparen\u021ba \u00een exercitarea func\u021biilor publice\",\"datePublished\":\"2025-05-30T11:08:06+00:00\",\"dateModified\":\"2025-05-30T11:11:04+00:00\",\"mainEntityOfPage\":{\"@id\":\"https:\/\/carpathiacenter.ro\/nicusor-dan-decizia-ccr-in-contradictie-cu-un-principiu-esential-al-democratiei-transparenta-in-exercitarea-functiilor-publice\/\"},\"wordCount\":325,\"commentCount\":0,\"publisher\":{\"@id\":\"https:\/\/carpathiacenter.ro\/#organization\"},\"image\":{\"@id\":\"https:\/\/carpathiacenter.ro\/nicusor-dan-decizia-ccr-in-contradictie-cu-un-principiu-esential-al-democratiei-transparenta-in-exercitarea-functiilor-publice\/#primaryimage\"},\"thumbnailUrl\":\"https:\/\/carpathiacenter.ro\/wp-content\/uploads\/2025\/05\/Nicusor-Dan-11-770x540-1.jpg\",\"articleSection\":[\"Uncategorized\"],\"inLanguage\":\"en-GB\",\"potentialAction\":[{\"@type\":\"CommentAction\",\"name\":\"Comment\",\"target\":[\"https:\/\/carpathiacenter.ro\/nicusor-dan-decizia-ccr-in-contradictie-cu-un-principiu-esential-al-democratiei-transparenta-in-exercitarea-functiilor-publice\/#respond\"]}]},{\"@type\":\"WebPage\",\"@id\":\"https:\/\/carpathiacenter.ro\/nicusor-dan-decizia-ccr-in-contradictie-cu-un-principiu-esential-al-democratiei-transparenta-in-exercitarea-functiilor-publice\/\",\"url\":\"https:\/\/carpathiacenter.ro\/nicusor-dan-decizia-ccr-in-contradictie-cu-un-principiu-esential-al-democratiei-transparenta-in-exercitarea-functiilor-publice\/\",\"name\":\"Nicu\u0219or Dan: Decizia CCR, \u00een contradic\u021bie cu un principiu esen\u021bial al democra\u021biei - transparen\u021ba \u00een exercitarea func\u021biilor publice - Carpathia Center Romania\",\"isPartOf\":{\"@id\":\"https:\/\/carpathiacenter.ro\/#website\"},\"primaryImageOfPage\":{\"@id\":\"https:\/\/carpathiacenter.ro\/nicusor-dan-decizia-ccr-in-contradictie-cu-un-principiu-esential-al-democratiei-transparenta-in-exercitarea-functiilor-publice\/#primaryimage\"},\"image\":{\"@id\":\"https:\/\/carpathiacenter.ro\/nicusor-dan-decizia-ccr-in-contradictie-cu-un-principiu-esential-al-democratiei-transparenta-in-exercitarea-functiilor-publice\/#primaryimage\"},\"thumbnailUrl\":\"https:\/\/carpathiacenter.ro\/wp-content\/uploads\/2025\/05\/Nicusor-Dan-11-770x540-1.jpg\",\"datePublished\":\"2025-05-30T11:08:06+00:00\",\"dateModified\":\"2025-05-30T11:11:04+00:00\",\"breadcrumb\":{\"@id\":\"https:\/\/carpathiacenter.ro\/nicusor-dan-decizia-ccr-in-contradictie-cu-un-principiu-esential-al-democratiei-transparenta-in-exercitarea-functiilor-publice\/#breadcrumb\"},\"inLanguage\":\"en-GB\",\"potentialAction\":[{\"@type\":\"ReadAction\",\"target\":[\"https:\/\/carpathiacenter.ro\/nicusor-dan-decizia-ccr-in-contradictie-cu-un-principiu-esential-al-democratiei-transparenta-in-exercitarea-functiilor-publice\/\"]}]},{\"@type\":\"ImageObject\",\"inLanguage\":\"en-GB\",\"@id\":\"https:\/\/carpathiacenter.ro\/nicusor-dan-decizia-ccr-in-contradictie-cu-un-principiu-esential-al-democratiei-transparenta-in-exercitarea-functiilor-publice\/#primaryimage\",\"url\":\"https:\/\/carpathiacenter.ro\/wp-content\/uploads\/2025\/05\/Nicusor-Dan-11-770x540-1.jpg\",\"contentUrl\":\"https:\/\/carpathiacenter.ro\/wp-content\/uploads\/2025\/05\/Nicusor-Dan-11-770x540-1.jpg\",\"width\":770,\"height\":540},{\"@type\":\"BreadcrumbList\",\"@id\":\"https:\/\/carpathiacenter.ro\/nicusor-dan-decizia-ccr-in-contradictie-cu-un-principiu-esential-al-democratiei-transparenta-in-exercitarea-functiilor-publice\/#breadcrumb\",\"itemListElement\":[{\"@type\":\"ListItem\",\"position\":1,\"name\":\"Prima pagin\u0103\",\"item\":\"https:\/\/carpathiacenter.ro\/\"},{\"@type\":\"ListItem\",\"position\":2,\"name\":\"Nicu\u0219or Dan: Decizia CCR, \u00een contradic\u021bie cu un principiu esen\u021bial al democra\u021biei &#8211; transparen\u021ba \u00een exercitarea func\u021biilor publice\"}]},{\"@type\":\"WebSite\",\"@id\":\"https:\/\/carpathiacenter.ro\/#website\",\"url\":\"https:\/\/carpathiacenter.ro\/\",\"name\":\"Carpathia Center Romania\",\"description\":\"Impossible made possible!\",\"publisher\":{\"@id\":\"https:\/\/carpathiacenter.ro\/#organization\"},\"potentialAction\":[{\"@type\":\"SearchAction\",\"target\":{\"@type\":\"EntryPoint\",\"urlTemplate\":\"https:\/\/carpathiacenter.ro\/?s={search_term_string}\"},\"query-input\":{\"@type\":\"PropertyValueSpecification\",\"valueRequired\":true,\"valueName\":\"search_term_string\"}}],\"inLanguage\":\"en-GB\"},{\"@type\":\"Organization\",\"@id\":\"https:\/\/carpathiacenter.ro\/#organization\",\"name\":\"Carpathia Center Romania\",\"url\":\"https:\/\/carpathiacenter.ro\/\",\"logo\":{\"@type\":\"ImageObject\",\"inLanguage\":\"en-GB\",\"@id\":\"https:\/\/carpathiacenter.ro\/#\/schema\/logo\/image\/\",\"url\":\"https:\/\/carpathiacenter.ro\/wp-content\/uploads\/2024\/07\/logo-carpathia_bg_white-1024x941.png\",\"contentUrl\":\"https:\/\/carpathiacenter.ro\/wp-content\/uploads\/2024\/07\/logo-carpathia_bg_white-1024x941.png\",\"width\":1024,\"height\":941,\"caption\":\"Carpathia Center Romania\"},\"image\":{\"@id\":\"https:\/\/carpathiacenter.ro\/#\/schema\/logo\/image\/\"},\"sameAs\":[\"https:\/\/www.facebook.com\/fdpscarpathia\/\"]},{\"@type\":\"Person\",\"@id\":\"https:\/\/carpathiacenter.ro\/#\/schema\/person\/03d9f58202fee8379268f34afa195006\",\"name\":\"creativebitsolutions\",\"image\":{\"@type\":\"ImageObject\",\"inLanguage\":\"en-GB\",\"@id\":\"https:\/\/carpathiacenter.ro\/#\/schema\/person\/image\/\",\"url\":\"https:\/\/secure.gravatar.com\/avatar\/1b1a13e37f847c635dab78348f1dff2f07651ee2a3d77a5c355a4b8c75f9165a?s=96&d=mm&r=g\",\"contentUrl\":\"https:\/\/secure.gravatar.com\/avatar\/1b1a13e37f847c635dab78348f1dff2f07651ee2a3d77a5c355a4b8c75f9165a?s=96&d=mm&r=g\",\"caption\":\"creativebitsolutions\"},\"url\":\"https:\/\/carpathiacenter.ro\/en\/author\/creativebitsolutions\/\"}]}<\/script>\n<!-- \/ Yoast SEO plugin. -->","yoast_head_json":{"title":"Nicu\u0219or Dan: Decizia CCR, \u00een contradic\u021bie cu un principiu esen\u021bial al democra\u021biei - transparen\u021ba \u00een exercitarea func\u021biilor publice - Carpathia Center Romania","robots":{"index":"index","follow":"follow","max-snippet":"max-snippet:-1","max-image-preview":"max-image-preview:large","max-video-preview":"max-video-preview:-1"},"canonical":"https:\/\/carpathiacenter.ro\/en\/nicusor-dan-decizia-ccr-in-contradictie-cu-un-principiu-esential-al-democratiei-transparenta-in-exercitarea-functiilor-publice\/","og_locale":"en_GB","og_type":"article","og_title":"Nicu\u0219or Dan: Decizia CCR, \u00een contradic\u021bie cu un principiu esen\u021bial al democra\u021biei - transparen\u021ba \u00een exercitarea func\u021biilor publice - Carpathia Center Romania","og_description":"Pre\u0219edintele Nicu\u0219or Dan afirm\u0103 c\u0103 decizia Cur\u021bii Constitu\u021bionale referitoare la declara\u021biile de avere este &#8216;\u00een contradic\u021bie cu un principiu esen\u021bial al democra\u021biei &#8211; transparen\u021ba \u00een exercitarea func\u021biilor publice&#8217;. &#8216;Accesul cet\u0103\u021benilor la informa\u021bii privind declara\u021biile de avere ale demnitarilor este o garan\u021bie a integrit\u0103\u021bii \u0219i responsabilit\u0103\u021bii \u00een spa\u021biul public, iar acest principiu trebuie ap\u0103rat cu fermitate....","og_url":"https:\/\/carpathiacenter.ro\/en\/nicusor-dan-decizia-ccr-in-contradictie-cu-un-principiu-esential-al-democratiei-transparenta-in-exercitarea-functiilor-publice\/","og_site_name":"Carpathia Center Romania","article_publisher":"https:\/\/www.facebook.com\/fdpscarpathia\/","article_published_time":"2025-05-30T11:08:06+00:00","article_modified_time":"2025-05-30T11:11:04+00:00","og_image":[{"width":770,"height":540,"url":"https:\/\/carpathiacenter.ro\/wp-content\/uploads\/2025\/05\/Nicusor-Dan-11-770x540-1.jpg","type":"image\/jpeg"}],"author":"creativebitsolutions","twitter_card":"summary_large_image","twitter_misc":{"Written by":"creativebitsolutions","Estimated reading time":"2 minutes"},"schema":{"@context":"https:\/\/schema.org","@graph":[{"@type":"Article","@id":"https:\/\/carpathiacenter.ro\/nicusor-dan-decizia-ccr-in-contradictie-cu-un-principiu-esential-al-democratiei-transparenta-in-exercitarea-functiilor-publice\/#article","isPartOf":{"@id":"https:\/\/carpathiacenter.ro\/nicusor-dan-decizia-ccr-in-contradictie-cu-un-principiu-esential-al-democratiei-transparenta-in-exercitarea-functiilor-publice\/"},"author":{"name":"creativebitsolutions","@id":"https:\/\/carpathiacenter.ro\/#\/schema\/person\/03d9f58202fee8379268f34afa195006"},"headline":"Nicu\u0219or Dan: Decizia CCR, \u00een contradic\u021bie cu un principiu esen\u021bial al democra\u021biei &#8211; transparen\u021ba \u00een exercitarea func\u021biilor publice","datePublished":"2025-05-30T11:08:06+00:00","dateModified":"2025-05-30T11:11:04+00:00","mainEntityOfPage":{"@id":"https:\/\/carpathiacenter.ro\/nicusor-dan-decizia-ccr-in-contradictie-cu-un-principiu-esential-al-democratiei-transparenta-in-exercitarea-functiilor-publice\/"},"wordCount":325,"commentCount":0,"publisher":{"@id":"https:\/\/carpathiacenter.ro\/#organization"},"image":{"@id":"https:\/\/carpathiacenter.ro\/nicusor-dan-decizia-ccr-in-contradictie-cu-un-principiu-esential-al-democratiei-transparenta-in-exercitarea-functiilor-publice\/#primaryimage"},"thumbnailUrl":"https:\/\/carpathiacenter.ro\/wp-content\/uploads\/2025\/05\/Nicusor-Dan-11-770x540-1.jpg","articleSection":["Uncategorized"],"inLanguage":"en-GB","potentialAction":[{"@type":"CommentAction","name":"Comment","target":["https:\/\/carpathiacenter.ro\/nicusor-dan-decizia-ccr-in-contradictie-cu-un-principiu-esential-al-democratiei-transparenta-in-exercitarea-functiilor-publice\/#respond"]}]},{"@type":"WebPage","@id":"https:\/\/carpathiacenter.ro\/nicusor-dan-decizia-ccr-in-contradictie-cu-un-principiu-esential-al-democratiei-transparenta-in-exercitarea-functiilor-publice\/","url":"https:\/\/carpathiacenter.ro\/nicusor-dan-decizia-ccr-in-contradictie-cu-un-principiu-esential-al-democratiei-transparenta-in-exercitarea-functiilor-publice\/","name":"Nicu\u0219or Dan: Decizia CCR, \u00een contradic\u021bie cu un principiu esen\u021bial al democra\u021biei - transparen\u021ba \u00een exercitarea func\u021biilor publice - Carpathia Center Romania","isPartOf":{"@id":"https:\/\/carpathiacenter.ro\/#website"},"primaryImageOfPage":{"@id":"https:\/\/carpathiacenter.ro\/nicusor-dan-decizia-ccr-in-contradictie-cu-un-principiu-esential-al-democratiei-transparenta-in-exercitarea-functiilor-publice\/#primaryimage"},"image":{"@id":"https:\/\/carpathiacenter.ro\/nicusor-dan-decizia-ccr-in-contradictie-cu-un-principiu-esential-al-democratiei-transparenta-in-exercitarea-functiilor-publice\/#primaryimage"},"thumbnailUrl":"https:\/\/carpathiacenter.ro\/wp-content\/uploads\/2025\/05\/Nicusor-Dan-11-770x540-1.jpg","datePublished":"2025-05-30T11:08:06+00:00","dateModified":"2025-05-30T11:11:04+00:00","breadcrumb":{"@id":"https:\/\/carpathiacenter.ro\/nicusor-dan-decizia-ccr-in-contradictie-cu-un-principiu-esential-al-democratiei-transparenta-in-exercitarea-functiilor-publice\/#breadcrumb"},"inLanguage":"en-GB","potentialAction":[{"@type":"ReadAction","target":["https:\/\/carpathiacenter.ro\/nicusor-dan-decizia-ccr-in-contradictie-cu-un-principiu-esential-al-democratiei-transparenta-in-exercitarea-functiilor-publice\/"]}]},{"@type":"ImageObject","inLanguage":"en-GB","@id":"https:\/\/carpathiacenter.ro\/nicusor-dan-decizia-ccr-in-contradictie-cu-un-principiu-esential-al-democratiei-transparenta-in-exercitarea-functiilor-publice\/#primaryimage","url":"https:\/\/carpathiacenter.ro\/wp-content\/uploads\/2025\/05\/Nicusor-Dan-11-770x540-1.jpg","contentUrl":"https:\/\/carpathiacenter.ro\/wp-content\/uploads\/2025\/05\/Nicusor-Dan-11-770x540-1.jpg","width":770,"height":540},{"@type":"BreadcrumbList","@id":"https:\/\/carpathiacenter.ro\/nicusor-dan-decizia-ccr-in-contradictie-cu-un-principiu-esential-al-democratiei-transparenta-in-exercitarea-functiilor-publice\/#breadcrumb","itemListElement":[{"@type":"ListItem","position":1,"name":"Prima pagin\u0103","item":"https:\/\/carpathiacenter.ro\/"},{"@type":"ListItem","position":2,"name":"Nicu\u0219or Dan: Decizia CCR, \u00een contradic\u021bie cu un principiu esen\u021bial al democra\u021biei &#8211; transparen\u021ba \u00een exercitarea func\u021biilor publice"}]},{"@type":"WebSite","@id":"https:\/\/carpathiacenter.ro\/#website","url":"https:\/\/carpathiacenter.ro\/","name":"Carpathia Center Romania","description":"Impossible made possible!","publisher":{"@id":"https:\/\/carpathiacenter.ro\/#organization"},"potentialAction":[{"@type":"SearchAction","target":{"@type":"EntryPoint","urlTemplate":"https:\/\/carpathiacenter.ro\/?s={search_term_string}"},"query-input":{"@type":"PropertyValueSpecification","valueRequired":true,"valueName":"search_term_string"}}],"inLanguage":"en-GB"},{"@type":"Organization","@id":"https:\/\/carpathiacenter.ro\/#organization","name":"Carpathia Center Romania","url":"https:\/\/carpathiacenter.ro\/","logo":{"@type":"ImageObject","inLanguage":"en-GB","@id":"https:\/\/carpathiacenter.ro\/#\/schema\/logo\/image\/","url":"https:\/\/carpathiacenter.ro\/wp-content\/uploads\/2024\/07\/logo-carpathia_bg_white-1024x941.png","contentUrl":"https:\/\/carpathiacenter.ro\/wp-content\/uploads\/2024\/07\/logo-carpathia_bg_white-1024x941.png","width":1024,"height":941,"caption":"Carpathia Center Romania"},"image":{"@id":"https:\/\/carpathiacenter.ro\/#\/schema\/logo\/image\/"},"sameAs":["https:\/\/www.facebook.com\/fdpscarpathia\/"]},{"@type":"Person","@id":"https:\/\/carpathiacenter.ro\/#\/schema\/person\/03d9f58202fee8379268f34afa195006","name":"creativebitsolutions","image":{"@type":"ImageObject","inLanguage":"en-GB","@id":"https:\/\/carpathiacenter.ro\/#\/schema\/person\/image\/","url":"https:\/\/secure.gravatar.com\/avatar\/1b1a13e37f847c635dab78348f1dff2f07651ee2a3d77a5c355a4b8c75f9165a?s=96&d=mm&r=g","contentUrl":"https:\/\/secure.gravatar.com\/avatar\/1b1a13e37f847c635dab78348f1dff2f07651ee2a3d77a5c355a4b8c75f9165a?s=96&d=mm&r=g","caption":"creativebitsolutions"},"url":"https:\/\/carpathiacenter.ro\/en\/author\/creativebitsolutions\/"}]}},"_links":{"self":[{"href":"https:\/\/carpathiacenter.ro\/en\/wp-json\/wp\/v2\/posts\/2466","targetHints":{"allow":["GET"]}}],"collection":[{"href":"https:\/\/carpathiacenter.ro\/en\/wp-json\/wp\/v2\/posts"}],"about":[{"href":"https:\/\/carpathiacenter.ro\/en\/wp-json\/wp\/v2\/types\/post"}],"author":[{"embeddable":true,"href":"https:\/\/carpathiacenter.ro\/en\/wp-json\/wp\/v2\/users\/4"}],"replies":[{"embeddable":true,"href":"https:\/\/carpathiacenter.ro\/en\/wp-json\/wp\/v2\/comments?post=2466"}],"version-history":[{"count":3,"href":"https:\/\/carpathiacenter.ro\/en\/wp-json\/wp\/v2\/posts\/2466\/revisions"}],"predecessor-version":[{"id":2475,"href":"https:\/\/carpathiacenter.ro\/en\/wp-json\/wp\/v2\/posts\/2466\/revisions\/2475"}],"wp:featuredmedia":[{"embeddable":true,"href":"https:\/\/carpathiacenter.ro\/en\/wp-json\/wp\/v2\/media\/2468"}],"wp:attachment":[{"href":"https:\/\/carpathiacenter.ro\/en\/wp-json\/wp\/v2\/media?parent=2466"}],"wp:term":[{"taxonomy":"category","embeddable":true,"href":"https:\/\/carpathiacenter.ro\/en\/wp-json\/wp\/v2\/categories?post=2466"},{"taxonomy":"post_tag","embeddable":true,"href":"https:\/\/carpathiacenter.ro\/en\/wp-json\/wp\/v2\/tags?post=2466"}],"curies":[{"name":"wp","href":"https:\/\/api.w.org\/{rel}","templated":true}]}}