{"id":2459,"date":"2025-05-29T08:32:39","date_gmt":"2025-05-29T08:32:39","guid":{"rendered":"https:\/\/carpathiacenter.ro\/?p=2459"},"modified":"2025-05-29T08:32:39","modified_gmt":"2025-05-29T08:32:39","slug":"ministrul-mediului-mircea-fechet-planul-de-management-al-deltei-un-document-extrem-de-stufos","status":"publish","type":"post","link":"https:\/\/carpathiacenter.ro\/en\/ministrul-mediului-mircea-fechet-planul-de-management-al-deltei-un-document-extrem-de-stufos\/","title":{"rendered":"Ministrul Mediului, Mircea Fechet: Planul de management al Deltei, un document extrem de stufos"},"content":{"rendered":"<div class=\"mx-auto pt-3\">\n<p>Ministrul Mediului, Mircea Fechet, particip\u0103, joi diminea\u021ba, la Tulcea, la o dezbatere pe tema Planului de management \u0219i a Regulamentului Rezerva\u021biei Biosferei Delta Dun\u0103rii (RBDD) organizat\u0103 \u00een cadrul procesului public de adoptare a celor dou\u0103 acte care se pot consulta pe site-ul institu\u021biei publice.<\/p>\n<p>\u00cen discursul sus\u021binut \u00een deschiderea dezbaterii, ministrul Fechet a subliniat importan\u021ba evenimentului \u0219i a amintit c\u0103 joi \u0219i vineri se va \u00eent\u00e2lni \u0219i cu popula\u021bia din zonele greu accesibile din RBDD.<\/p>\n<p>&#8216;Sunt aici \u00een principal pentru a auzi \u00een mod direct ceea ce se propune spre a fi ad\u0103ugat, modificat sau spre a fi eliminat din miile de pagini pe care colegii mei le-au scris \u00een leg\u0103tur\u0103 cu acest Plan de management. Admit c\u0103 este un document extrem de stufos, extrem de complex \u0219i inaccesibil pentru o persoan\u0103 care nu are o preg\u0103tire specific\u0103, dar a\u0219a \u0219tim noi deocamdat\u0103 s\u0103 facem planurile de management \u00een Rom\u00e2nia fie c\u0103 discut\u0103m de un parc na\u021bional, fie c\u0103 discut\u0103m de RBDD, fie c\u0103 discut\u0103m de o arie natural\u0103 protejat\u0103 obi\u0219nuit\u0103&#8217;, a declarat ministrul Mediului.<\/p>\n<p><strong>Oficialul guvernamental \u0219i-a exprimat speran\u021ba ca documentele aflate \u00een dezbatere public\u0103 s\u0103 duc\u0103 la \u00eembun\u0103t\u0103\u021birea calit\u0103\u021bii vie\u021bii popula\u021biei.<\/strong><\/p>\n<p>&#8216;\u0218tiu c\u0103 sunt multe lucruri prin care am putea \u00eembun\u0103t\u0103\u021bi via\u021ba oamenilor care au ales s\u0103 r\u0103m\u00e2n\u0103 \u00een comunit\u0103\u021bile din Delt\u0103. \u021ain foarte mult la activit\u0103\u021bile tradi\u021bionale, dar bine\u00een\u021beles toate aceste lucruri trebuie s\u0103 fie \u00eentr-o bun\u0103 armonie cu natura \u0219i s\u0103 ne asigur\u0103m c\u0103 Delta Dun\u0103rii r\u0103m\u00e2ne genera\u021biilor urm\u0103toare, nu doar celor care vor fi \u00een Delt\u0103 peste 10 ani, c\u00e2nd expir\u0103 Planul de management, va r\u0103m\u00e2ne un loc cu care s\u0103 ne m\u00e2ndrim \u0219i noi cei din Delt\u0103, cei de aici, \u0219i \u00eentreaga Rom\u00e2nie, pentru c\u0103 este un loc absolut unic \u00een Europa \u0219i \u00een lume&#8217;, a mai spus ministrul Mediului, Mircea Fechet.<\/p>\n<p>&nbsp;<\/p>\n<p><iframe src=\"https:\/\/www.facebook.com\/plugins\/video.php?height=314&amp;href=https%3A%2F%2Fwww.facebook.com%2FMediu.Romania%2Fvideos%2F1376342943595744%2F&amp;show_text=false&amp;width=560&amp;t=0\" width=\"560\" height=\"314\" style=\"border:none;overflow:hidden\" scrolling=\"no\" frameborder=\"0\" allowfullscreen=\"true\" allow=\"autoplay; clipboard-write; encrypted-media; picture-in-picture; web-share\"><\/iframe><\/p>\n<p>La dezbaterea public\u0103 particip\u0103 autorit\u0103\u021bi comunale, reprezentan\u021bi ai Administra\u021biei RBDD, ai asocia\u021biilor de turism, ai pescarilor, ai asocia\u021biilor de protec\u021bie a animalelor, precum \u0219i ai Agen\u021biei Na\u021bionale pentru Pescuit \u0219i Acvacultur\u0103. AGERPRES\/(A, AS &#8211; redactor: Luisiana B\u00eegea, editor: Karina Olteanu, editor online: Adrian D\u0103d\u00e2rlat)<br \/>\n<br \/>\nSursa articolului:<a href=\"https:\/\/agerpres.ro\/social\/2025\/05\/29\/ministrul-mediului-mircea-fechet-planul-de-management-al-deltei-un-document-extrem-de-stufos--1454159\" target=\"_blank\" rel=\"noopener\" title=\"\">https:\/\/agerpres.ro\/social\/2025\/05\/29\/ministrul-mediului-mircea-fechet-planul-de-management-al-deltei-un-document-extrem-de-stufos&#8211;1454159<\/a>\n<\/p>\n<\/p><\/div>","protected":false},"excerpt":{"rendered":"<p>Ministrul Mediului, Mircea Fechet, particip\u0103, joi diminea\u021ba, la Tulcea, la o dezbatere pe tema Planului de management \u0219i a Regulamentului Rezerva\u021biei Biosferei Delta Dun\u0103rii (RBDD) organizat\u0103 \u00een cadrul procesului public de adoptare a celor dou\u0103 acte care se pot consulta pe site-ul institu\u021biei publice. \u00cen discursul sus\u021binut \u00een deschiderea dezbaterii, ministrul Fechet a subliniat importan\u021ba&#8230;<\/p>","protected":false},"author":4,"featured_media":2461,"comment_status":"open","ping_status":"open","sticky":false,"template":"","format":"standard","meta":{"footnotes":""},"categories":[1],"tags":[],"class_list":["post-2459","post","type-post","status-publish","format-standard","has-post-thumbnail","hentry","category-uncategorized"],"yoast_head":"<!-- This site is optimized with the Yoast SEO plugin v26.1.1 - https:\/\/yoast.com\/wordpress\/plugins\/seo\/ -->\n<title>Ministrul Mediului, Mircea Fechet: Planul de management al Deltei, un document extrem de stufos - Carpathia Center Romania<\/title>\n<meta name=\"robots\" content=\"index, follow, max-snippet:-1, max-image-preview:large, max-video-preview:-1\" \/>\n<link rel=\"canonical\" href=\"https:\/\/carpathiacenter.ro\/en\/ministrul-mediului-mircea-fechet-planul-de-management-al-deltei-un-document-extrem-de-stufos\/\" \/>\n<meta property=\"og:locale\" content=\"en_GB\" \/>\n<meta property=\"og:type\" content=\"article\" \/>\n<meta property=\"og:title\" content=\"Ministrul Mediului, Mircea Fechet: Planul de management al Deltei, un document extrem de stufos - Carpathia Center Romania\" \/>\n<meta property=\"og:description\" content=\"Ministrul Mediului, Mircea Fechet, particip\u0103, joi diminea\u021ba, la Tulcea, la o dezbatere pe tema Planului de management \u0219i a Regulamentului Rezerva\u021biei Biosferei Delta Dun\u0103rii (RBDD) organizat\u0103 \u00een cadrul procesului public de adoptare a celor dou\u0103 acte care se pot consulta pe site-ul institu\u021biei publice. \u00cen discursul sus\u021binut \u00een deschiderea dezbaterii, ministrul Fechet a subliniat importan\u021ba...\" \/>\n<meta property=\"og:url\" content=\"https:\/\/carpathiacenter.ro\/en\/ministrul-mediului-mircea-fechet-planul-de-management-al-deltei-un-document-extrem-de-stufos\/\" \/>\n<meta property=\"og:site_name\" content=\"Carpathia Center Romania\" \/>\n<meta property=\"article:publisher\" content=\"https:\/\/www.facebook.com\/fdpscarpathia\/\" \/>\n<meta property=\"article:published_time\" content=\"2025-05-29T08:32:39+00:00\" \/>\n<meta property=\"og:image\" content=\"https:\/\/carpathiacenter.ro\/wp-content\/uploads\/2025\/05\/Captura-de-ecran-2025-05-29-112855.jpg\" \/>\n\t<meta property=\"og:image:width\" content=\"828\" \/>\n\t<meta property=\"og:image:height\" content=\"431\" \/>\n\t<meta property=\"og:image:type\" content=\"image\/jpeg\" \/>\n<meta name=\"author\" content=\"creativebitsolutions\" \/>\n<meta name=\"twitter:card\" content=\"summary_large_image\" \/>\n<meta name=\"twitter:label1\" content=\"Written by\" \/>\n\t<meta name=\"twitter:data1\" content=\"creativebitsolutions\" \/>\n\t<meta name=\"twitter:label2\" content=\"Estimated reading time\" \/>\n\t<meta name=\"twitter:data2\" content=\"2 minutes\" \/>\n<script type=\"application\/ld+json\" class=\"yoast-schema-graph\">{\"@context\":\"https:\/\/schema.org\",\"@graph\":[{\"@type\":\"Article\",\"@id\":\"https:\/\/carpathiacenter.ro\/ministrul-mediului-mircea-fechet-planul-de-management-al-deltei-un-document-extrem-de-stufos\/#article\",\"isPartOf\":{\"@id\":\"https:\/\/carpathiacenter.ro\/ministrul-mediului-mircea-fechet-planul-de-management-al-deltei-un-document-extrem-de-stufos\/\"},\"author\":{\"name\":\"creativebitsolutions\",\"@id\":\"https:\/\/carpathiacenter.ro\/#\/schema\/person\/03d9f58202fee8379268f34afa195006\"},\"headline\":\"Ministrul Mediului, Mircea Fechet: Planul de management al Deltei, un document extrem de stufos\",\"datePublished\":\"2025-05-29T08:32:39+00:00\",\"mainEntityOfPage\":{\"@id\":\"https:\/\/carpathiacenter.ro\/ministrul-mediului-mircea-fechet-planul-de-management-al-deltei-un-document-extrem-de-stufos\/\"},\"wordCount\":420,\"commentCount\":0,\"publisher\":{\"@id\":\"https:\/\/carpathiacenter.ro\/#organization\"},\"image\":{\"@id\":\"https:\/\/carpathiacenter.ro\/ministrul-mediului-mircea-fechet-planul-de-management-al-deltei-un-document-extrem-de-stufos\/#primaryimage\"},\"thumbnailUrl\":\"https:\/\/carpathiacenter.ro\/wp-content\/uploads\/2025\/05\/Captura-de-ecran-2025-05-29-112855.jpg\",\"articleSection\":[\"Uncategorized\"],\"inLanguage\":\"en-GB\",\"potentialAction\":[{\"@type\":\"CommentAction\",\"name\":\"Comment\",\"target\":[\"https:\/\/carpathiacenter.ro\/ministrul-mediului-mircea-fechet-planul-de-management-al-deltei-un-document-extrem-de-stufos\/#respond\"]}]},{\"@type\":\"WebPage\",\"@id\":\"https:\/\/carpathiacenter.ro\/ministrul-mediului-mircea-fechet-planul-de-management-al-deltei-un-document-extrem-de-stufos\/\",\"url\":\"https:\/\/carpathiacenter.ro\/ministrul-mediului-mircea-fechet-planul-de-management-al-deltei-un-document-extrem-de-stufos\/\",\"name\":\"Ministrul Mediului, Mircea Fechet: Planul de management al Deltei, un document extrem de stufos - Carpathia Center Romania\",\"isPartOf\":{\"@id\":\"https:\/\/carpathiacenter.ro\/#website\"},\"primaryImageOfPage\":{\"@id\":\"https:\/\/carpathiacenter.ro\/ministrul-mediului-mircea-fechet-planul-de-management-al-deltei-un-document-extrem-de-stufos\/#primaryimage\"},\"image\":{\"@id\":\"https:\/\/carpathiacenter.ro\/ministrul-mediului-mircea-fechet-planul-de-management-al-deltei-un-document-extrem-de-stufos\/#primaryimage\"},\"thumbnailUrl\":\"https:\/\/carpathiacenter.ro\/wp-content\/uploads\/2025\/05\/Captura-de-ecran-2025-05-29-112855.jpg\",\"datePublished\":\"2025-05-29T08:32:39+00:00\",\"breadcrumb\":{\"@id\":\"https:\/\/carpathiacenter.ro\/ministrul-mediului-mircea-fechet-planul-de-management-al-deltei-un-document-extrem-de-stufos\/#breadcrumb\"},\"inLanguage\":\"en-GB\",\"potentialAction\":[{\"@type\":\"ReadAction\",\"target\":[\"https:\/\/carpathiacenter.ro\/ministrul-mediului-mircea-fechet-planul-de-management-al-deltei-un-document-extrem-de-stufos\/\"]}]},{\"@type\":\"ImageObject\",\"inLanguage\":\"en-GB\",\"@id\":\"https:\/\/carpathiacenter.ro\/ministrul-mediului-mircea-fechet-planul-de-management-al-deltei-un-document-extrem-de-stufos\/#primaryimage\",\"url\":\"https:\/\/carpathiacenter.ro\/wp-content\/uploads\/2025\/05\/Captura-de-ecran-2025-05-29-112855.jpg\",\"contentUrl\":\"https:\/\/carpathiacenter.ro\/wp-content\/uploads\/2025\/05\/Captura-de-ecran-2025-05-29-112855.jpg\",\"width\":828,\"height\":431},{\"@type\":\"BreadcrumbList\",\"@id\":\"https:\/\/carpathiacenter.ro\/ministrul-mediului-mircea-fechet-planul-de-management-al-deltei-un-document-extrem-de-stufos\/#breadcrumb\",\"itemListElement\":[{\"@type\":\"ListItem\",\"position\":1,\"name\":\"Prima pagin\u0103\",\"item\":\"https:\/\/carpathiacenter.ro\/\"},{\"@type\":\"ListItem\",\"position\":2,\"name\":\"Ministrul Mediului, Mircea Fechet: Planul de management al Deltei, un document extrem de stufos\"}]},{\"@type\":\"WebSite\",\"@id\":\"https:\/\/carpathiacenter.ro\/#website\",\"url\":\"https:\/\/carpathiacenter.ro\/\",\"name\":\"Carpathia Center Romania\",\"description\":\"Impossible made possible!\",\"publisher\":{\"@id\":\"https:\/\/carpathiacenter.ro\/#organization\"},\"potentialAction\":[{\"@type\":\"SearchAction\",\"target\":{\"@type\":\"EntryPoint\",\"urlTemplate\":\"https:\/\/carpathiacenter.ro\/?s={search_term_string}\"},\"query-input\":{\"@type\":\"PropertyValueSpecification\",\"valueRequired\":true,\"valueName\":\"search_term_string\"}}],\"inLanguage\":\"en-GB\"},{\"@type\":\"Organization\",\"@id\":\"https:\/\/carpathiacenter.ro\/#organization\",\"name\":\"Carpathia Center Romania\",\"url\":\"https:\/\/carpathiacenter.ro\/\",\"logo\":{\"@type\":\"ImageObject\",\"inLanguage\":\"en-GB\",\"@id\":\"https:\/\/carpathiacenter.ro\/#\/schema\/logo\/image\/\",\"url\":\"https:\/\/carpathiacenter.ro\/wp-content\/uploads\/2024\/07\/logo-carpathia_bg_white-1024x941.png\",\"contentUrl\":\"https:\/\/carpathiacenter.ro\/wp-content\/uploads\/2024\/07\/logo-carpathia_bg_white-1024x941.png\",\"width\":1024,\"height\":941,\"caption\":\"Carpathia Center Romania\"},\"image\":{\"@id\":\"https:\/\/carpathiacenter.ro\/#\/schema\/logo\/image\/\"},\"sameAs\":[\"https:\/\/www.facebook.com\/fdpscarpathia\/\"]},{\"@type\":\"Person\",\"@id\":\"https:\/\/carpathiacenter.ro\/#\/schema\/person\/03d9f58202fee8379268f34afa195006\",\"name\":\"creativebitsolutions\",\"image\":{\"@type\":\"ImageObject\",\"inLanguage\":\"en-GB\",\"@id\":\"https:\/\/carpathiacenter.ro\/#\/schema\/person\/image\/\",\"url\":\"https:\/\/secure.gravatar.com\/avatar\/1b1a13e37f847c635dab78348f1dff2f07651ee2a3d77a5c355a4b8c75f9165a?s=96&d=mm&r=g\",\"contentUrl\":\"https:\/\/secure.gravatar.com\/avatar\/1b1a13e37f847c635dab78348f1dff2f07651ee2a3d77a5c355a4b8c75f9165a?s=96&d=mm&r=g\",\"caption\":\"creativebitsolutions\"},\"url\":\"https:\/\/carpathiacenter.ro\/en\/author\/creativebitsolutions\/\"}]}<\/script>\n<!-- \/ Yoast SEO plugin. -->","yoast_head_json":{"title":"Ministrul Mediului, Mircea Fechet: Planul de management al Deltei, un document extrem de stufos - Carpathia Center Romania","robots":{"index":"index","follow":"follow","max-snippet":"max-snippet:-1","max-image-preview":"max-image-preview:large","max-video-preview":"max-video-preview:-1"},"canonical":"https:\/\/carpathiacenter.ro\/en\/ministrul-mediului-mircea-fechet-planul-de-management-al-deltei-un-document-extrem-de-stufos\/","og_locale":"en_GB","og_type":"article","og_title":"Ministrul Mediului, Mircea Fechet: Planul de management al Deltei, un document extrem de stufos - Carpathia Center Romania","og_description":"Ministrul Mediului, Mircea Fechet, particip\u0103, joi diminea\u021ba, la Tulcea, la o dezbatere pe tema Planului de management \u0219i a Regulamentului Rezerva\u021biei Biosferei Delta Dun\u0103rii (RBDD) organizat\u0103 \u00een cadrul procesului public de adoptare a celor dou\u0103 acte care se pot consulta pe site-ul institu\u021biei publice. \u00cen discursul sus\u021binut \u00een deschiderea dezbaterii, ministrul Fechet a subliniat importan\u021ba...","og_url":"https:\/\/carpathiacenter.ro\/en\/ministrul-mediului-mircea-fechet-planul-de-management-al-deltei-un-document-extrem-de-stufos\/","og_site_name":"Carpathia Center Romania","article_publisher":"https:\/\/www.facebook.com\/fdpscarpathia\/","article_published_time":"2025-05-29T08:32:39+00:00","og_image":[{"width":828,"height":431,"url":"https:\/\/carpathiacenter.ro\/wp-content\/uploads\/2025\/05\/Captura-de-ecran-2025-05-29-112855.jpg","type":"image\/jpeg"}],"author":"creativebitsolutions","twitter_card":"summary_large_image","twitter_misc":{"Written by":"creativebitsolutions","Estimated reading time":"2 minutes"},"schema":{"@context":"https:\/\/schema.org","@graph":[{"@type":"Article","@id":"https:\/\/carpathiacenter.ro\/ministrul-mediului-mircea-fechet-planul-de-management-al-deltei-un-document-extrem-de-stufos\/#article","isPartOf":{"@id":"https:\/\/carpathiacenter.ro\/ministrul-mediului-mircea-fechet-planul-de-management-al-deltei-un-document-extrem-de-stufos\/"},"author":{"name":"creativebitsolutions","@id":"https:\/\/carpathiacenter.ro\/#\/schema\/person\/03d9f58202fee8379268f34afa195006"},"headline":"Ministrul Mediului, Mircea Fechet: Planul de management al Deltei, un document extrem de stufos","datePublished":"2025-05-29T08:32:39+00:00","mainEntityOfPage":{"@id":"https:\/\/carpathiacenter.ro\/ministrul-mediului-mircea-fechet-planul-de-management-al-deltei-un-document-extrem-de-stufos\/"},"wordCount":420,"commentCount":0,"publisher":{"@id":"https:\/\/carpathiacenter.ro\/#organization"},"image":{"@id":"https:\/\/carpathiacenter.ro\/ministrul-mediului-mircea-fechet-planul-de-management-al-deltei-un-document-extrem-de-stufos\/#primaryimage"},"thumbnailUrl":"https:\/\/carpathiacenter.ro\/wp-content\/uploads\/2025\/05\/Captura-de-ecran-2025-05-29-112855.jpg","articleSection":["Uncategorized"],"inLanguage":"en-GB","potentialAction":[{"@type":"CommentAction","name":"Comment","target":["https:\/\/carpathiacenter.ro\/ministrul-mediului-mircea-fechet-planul-de-management-al-deltei-un-document-extrem-de-stufos\/#respond"]}]},{"@type":"WebPage","@id":"https:\/\/carpathiacenter.ro\/ministrul-mediului-mircea-fechet-planul-de-management-al-deltei-un-document-extrem-de-stufos\/","url":"https:\/\/carpathiacenter.ro\/ministrul-mediului-mircea-fechet-planul-de-management-al-deltei-un-document-extrem-de-stufos\/","name":"Ministrul Mediului, Mircea Fechet: Planul de management al Deltei, un document extrem de stufos - Carpathia Center Romania","isPartOf":{"@id":"https:\/\/carpathiacenter.ro\/#website"},"primaryImageOfPage":{"@id":"https:\/\/carpathiacenter.ro\/ministrul-mediului-mircea-fechet-planul-de-management-al-deltei-un-document-extrem-de-stufos\/#primaryimage"},"image":{"@id":"https:\/\/carpathiacenter.ro\/ministrul-mediului-mircea-fechet-planul-de-management-al-deltei-un-document-extrem-de-stufos\/#primaryimage"},"thumbnailUrl":"https:\/\/carpathiacenter.ro\/wp-content\/uploads\/2025\/05\/Captura-de-ecran-2025-05-29-112855.jpg","datePublished":"2025-05-29T08:32:39+00:00","breadcrumb":{"@id":"https:\/\/carpathiacenter.ro\/ministrul-mediului-mircea-fechet-planul-de-management-al-deltei-un-document-extrem-de-stufos\/#breadcrumb"},"inLanguage":"en-GB","potentialAction":[{"@type":"ReadAction","target":["https:\/\/carpathiacenter.ro\/ministrul-mediului-mircea-fechet-planul-de-management-al-deltei-un-document-extrem-de-stufos\/"]}]},{"@type":"ImageObject","inLanguage":"en-GB","@id":"https:\/\/carpathiacenter.ro\/ministrul-mediului-mircea-fechet-planul-de-management-al-deltei-un-document-extrem-de-stufos\/#primaryimage","url":"https:\/\/carpathiacenter.ro\/wp-content\/uploads\/2025\/05\/Captura-de-ecran-2025-05-29-112855.jpg","contentUrl":"https:\/\/carpathiacenter.ro\/wp-content\/uploads\/2025\/05\/Captura-de-ecran-2025-05-29-112855.jpg","width":828,"height":431},{"@type":"BreadcrumbList","@id":"https:\/\/carpathiacenter.ro\/ministrul-mediului-mircea-fechet-planul-de-management-al-deltei-un-document-extrem-de-stufos\/#breadcrumb","itemListElement":[{"@type":"ListItem","position":1,"name":"Prima pagin\u0103","item":"https:\/\/carpathiacenter.ro\/"},{"@type":"ListItem","position":2,"name":"Ministrul Mediului, Mircea Fechet: Planul de management al Deltei, un document extrem de stufos"}]},{"@type":"WebSite","@id":"https:\/\/carpathiacenter.ro\/#website","url":"https:\/\/carpathiacenter.ro\/","name":"Carpathia Center Romania","description":"Impossible made possible!","publisher":{"@id":"https:\/\/carpathiacenter.ro\/#organization"},"potentialAction":[{"@type":"SearchAction","target":{"@type":"EntryPoint","urlTemplate":"https:\/\/carpathiacenter.ro\/?s={search_term_string}"},"query-input":{"@type":"PropertyValueSpecification","valueRequired":true,"valueName":"search_term_string"}}],"inLanguage":"en-GB"},{"@type":"Organization","@id":"https:\/\/carpathiacenter.ro\/#organization","name":"Carpathia Center Romania","url":"https:\/\/carpathiacenter.ro\/","logo":{"@type":"ImageObject","inLanguage":"en-GB","@id":"https:\/\/carpathiacenter.ro\/#\/schema\/logo\/image\/","url":"https:\/\/carpathiacenter.ro\/wp-content\/uploads\/2024\/07\/logo-carpathia_bg_white-1024x941.png","contentUrl":"https:\/\/carpathiacenter.ro\/wp-content\/uploads\/2024\/07\/logo-carpathia_bg_white-1024x941.png","width":1024,"height":941,"caption":"Carpathia Center Romania"},"image":{"@id":"https:\/\/carpathiacenter.ro\/#\/schema\/logo\/image\/"},"sameAs":["https:\/\/www.facebook.com\/fdpscarpathia\/"]},{"@type":"Person","@id":"https:\/\/carpathiacenter.ro\/#\/schema\/person\/03d9f58202fee8379268f34afa195006","name":"creativebitsolutions","image":{"@type":"ImageObject","inLanguage":"en-GB","@id":"https:\/\/carpathiacenter.ro\/#\/schema\/person\/image\/","url":"https:\/\/secure.gravatar.com\/avatar\/1b1a13e37f847c635dab78348f1dff2f07651ee2a3d77a5c355a4b8c75f9165a?s=96&d=mm&r=g","contentUrl":"https:\/\/secure.gravatar.com\/avatar\/1b1a13e37f847c635dab78348f1dff2f07651ee2a3d77a5c355a4b8c75f9165a?s=96&d=mm&r=g","caption":"creativebitsolutions"},"url":"https:\/\/carpathiacenter.ro\/en\/author\/creativebitsolutions\/"}]}},"_links":{"self":[{"href":"https:\/\/carpathiacenter.ro\/en\/wp-json\/wp\/v2\/posts\/2459","targetHints":{"allow":["GET"]}}],"collection":[{"href":"https:\/\/carpathiacenter.ro\/en\/wp-json\/wp\/v2\/posts"}],"about":[{"href":"https:\/\/carpathiacenter.ro\/en\/wp-json\/wp\/v2\/types\/post"}],"author":[{"embeddable":true,"href":"https:\/\/carpathiacenter.ro\/en\/wp-json\/wp\/v2\/users\/4"}],"replies":[{"embeddable":true,"href":"https:\/\/carpathiacenter.ro\/en\/wp-json\/wp\/v2\/comments?post=2459"}],"version-history":[{"count":1,"href":"https:\/\/carpathiacenter.ro\/en\/wp-json\/wp\/v2\/posts\/2459\/revisions"}],"predecessor-version":[{"id":2462,"href":"https:\/\/carpathiacenter.ro\/en\/wp-json\/wp\/v2\/posts\/2459\/revisions\/2462"}],"wp:featuredmedia":[{"embeddable":true,"href":"https:\/\/carpathiacenter.ro\/en\/wp-json\/wp\/v2\/media\/2461"}],"wp:attachment":[{"href":"https:\/\/carpathiacenter.ro\/en\/wp-json\/wp\/v2\/media?parent=2459"}],"wp:term":[{"taxonomy":"category","embeddable":true,"href":"https:\/\/carpathiacenter.ro\/en\/wp-json\/wp\/v2\/categories?post=2459"},{"taxonomy":"post_tag","embeddable":true,"href":"https:\/\/carpathiacenter.ro\/en\/wp-json\/wp\/v2\/tags?post=2459"}],"curies":[{"name":"wp","href":"https:\/\/api.w.org\/{rel}","templated":true}]}}