{"id":2442,"date":"2025-05-26T08:36:28","date_gmt":"2025-05-26T08:36:28","guid":{"rendered":"https:\/\/carpathiacenter.ro\/?p=2442"},"modified":"2025-05-26T08:36:28","modified_gmt":"2025-05-26T08:36:28","slug":"conferinta-pe-teme-energetice-organizata-luni-la-bucuresti","status":"publish","type":"post","link":"https:\/\/carpathiacenter.ro\/en\/conferinta-pe-teme-energetice-organizata-luni-la-bucuresti\/","title":{"rendered":"Conferin\u021b\u0103 pe teme energetice, organizat\u0103 luni la Bucure\u0219ti"},"content":{"rendered":"<p>Exploatarea gazelor din Marea Neagr\u0103, investi\u021biile \u00een energie \u0219i interconectivitatea sunt temele ce vor fi abordate, luni, \u00een cadrul celei de-a \u0219aptea edi\u021bii a evenimentului &#8216;Energy Road &#8211; Energie la tine acas\u0103&#8217;.<\/p>\n<p>Potrivit organizatorului, News.ro, pe lista celor prezen\u021bi se vor afla, printre al\u021bii: Sebastian Burduja &#8211; ministrul Energiei, George Niculescu &#8211; pre\u0219edintele Autorit\u0103\u021bii Na\u021bionale de Reglementare \u00een domeniul Energiei (ANRE), Radu Constantin &#8211; Chief Administrative Officer la Hidroelectrica, Andrei \u0218tef\u0103nescu &#8211; director general adjunct E.ON Energie Rom\u00e2nia, Virgiliu Ivan &#8211; director al Dispeceratului Energetic Na\u021bional Transelectrica, Daniel Apostol &#8211; director general al Federa\u021biei Patronale a Energiei (FPE) \u0219i Dumitru Chis\u0103li\u021b\u0103 &#8211; pre\u0219edintele Consiliului de Administra\u021bie al Romgaz.<\/p>\n<p>Conferin\u021ba vizeaz\u0103 o serie de subiectele cum ar fi: noua Strategie energetic\u0103 a Rom\u00e2niei 2025-2035, cu perspectiva anului 2050, m\u0103rirea capacit\u0103\u021bii interne de producere \u0219i stocare a energiei, explorarea \u0219i exploatarea gazelor din Marea Neagr\u0103, liberalizare vs. reglementare, energia eolian\u0103, solar\u0103, alternative la sursele conven\u021bionale &#8211; legea off-shore wind, alte modific\u0103ri esen\u021biale \u0219i noi proiecte. AGERPRES\/(AS &#8211; redactor: Daniel Badea, editor: Andreea Marinescu, editor online: Anda Badea)<br \/>\n<br \/>\nSursa articolului:<a href=\"https:\/\/agerpres.ro\/economic\/2025\/05\/26\/conferinta-pe-teme-energetice-organizata-luni-la-bucuresti--1452918\" target=\"_blank\" rel=\"noopener\" title=\"\">https:\/\/agerpres.ro\/economic\/2025\/05\/26\/conferinta-pe-teme-energetice-organizata-luni-la-bucuresti&#8211;1452918<\/a><\/p>","protected":false},"excerpt":{"rendered":"<p>Exploatarea gazelor din Marea Neagr\u0103, investi\u021biile \u00een energie \u0219i interconectivitatea sunt temele ce vor fi abordate, luni, \u00een cadrul celei de-a \u0219aptea edi\u021bii a evenimentului &#8216;Energy Road &#8211; Energie la tine acas\u0103&#8217;. Potrivit organizatorului, News.ro, pe lista celor prezen\u021bi se vor afla, printre al\u021bii: Sebastian Burduja &#8211; ministrul Energiei, George Niculescu &#8211; pre\u0219edintele Autorit\u0103\u021bii Na\u021bionale&#8230;<\/p>","protected":false},"author":4,"featured_media":2443,"comment_status":"open","ping_status":"open","sticky":false,"template":"","format":"standard","meta":{"footnotes":""},"categories":[1],"tags":[],"class_list":["post-2442","post","type-post","status-publish","format-standard","has-post-thumbnail","hentry","category-uncategorized"],"yoast_head":"<!-- This site is optimized with the Yoast SEO plugin v26.1.1 - https:\/\/yoast.com\/wordpress\/plugins\/seo\/ -->\n<title>Conferin\u021b\u0103 pe teme energetice, organizat\u0103 luni la Bucure\u0219ti - Carpathia Center Romania<\/title>\n<meta name=\"robots\" content=\"index, follow, max-snippet:-1, max-image-preview:large, max-video-preview:-1\" \/>\n<link rel=\"canonical\" href=\"https:\/\/carpathiacenter.ro\/en\/conferinta-pe-teme-energetice-organizata-luni-la-bucuresti\/\" \/>\n<meta property=\"og:locale\" content=\"en_GB\" \/>\n<meta property=\"og:type\" content=\"article\" \/>\n<meta property=\"og:title\" content=\"Conferin\u021b\u0103 pe teme energetice, organizat\u0103 luni la Bucure\u0219ti - Carpathia Center Romania\" \/>\n<meta property=\"og:description\" content=\"Exploatarea gazelor din Marea Neagr\u0103, investi\u021biile \u00een energie \u0219i interconectivitatea sunt temele ce vor fi abordate, luni, \u00een cadrul celei de-a \u0219aptea edi\u021bii a evenimentului &#8216;Energy Road &#8211; Energie la tine acas\u0103&#8217;. Potrivit organizatorului, News.ro, pe lista celor prezen\u021bi se vor afla, printre al\u021bii: Sebastian Burduja &#8211; ministrul Energiei, George Niculescu &#8211; pre\u0219edintele Autorit\u0103\u021bii Na\u021bionale...\" \/>\n<meta property=\"og:url\" content=\"https:\/\/carpathiacenter.ro\/en\/conferinta-pe-teme-energetice-organizata-luni-la-bucuresti\/\" \/>\n<meta property=\"og:site_name\" content=\"Carpathia Center Romania\" \/>\n<meta property=\"article:publisher\" content=\"https:\/\/www.facebook.com\/fdpscarpathia\/\" \/>\n<meta property=\"article:published_time\" content=\"2025-05-26T08:36:28+00:00\" \/>\n<meta property=\"og:image\" content=\"https:\/\/carpathiacenter.ro\/wp-content\/uploads\/2025\/05\/Energy-Road-Energie-la-tine-acasa.jpg\" \/>\n\t<meta property=\"og:image:width\" content=\"820\" \/>\n\t<meta property=\"og:image:height\" content=\"547\" \/>\n\t<meta property=\"og:image:type\" content=\"image\/jpeg\" \/>\n<meta name=\"author\" content=\"creativebitsolutions\" \/>\n<meta name=\"twitter:card\" content=\"summary_large_image\" \/>\n<meta name=\"twitter:label1\" content=\"Written by\" \/>\n\t<meta name=\"twitter:data1\" content=\"creativebitsolutions\" \/>\n\t<meta name=\"twitter:label2\" content=\"Estimated reading time\" \/>\n\t<meta name=\"twitter:data2\" content=\"1 minute\" \/>\n<script type=\"application\/ld+json\" class=\"yoast-schema-graph\">{\"@context\":\"https:\/\/schema.org\",\"@graph\":[{\"@type\":\"Article\",\"@id\":\"https:\/\/carpathiacenter.ro\/conferinta-pe-teme-energetice-organizata-luni-la-bucuresti\/#article\",\"isPartOf\":{\"@id\":\"https:\/\/carpathiacenter.ro\/conferinta-pe-teme-energetice-organizata-luni-la-bucuresti\/\"},\"author\":{\"name\":\"creativebitsolutions\",\"@id\":\"https:\/\/carpathiacenter.ro\/#\/schema\/person\/03d9f58202fee8379268f34afa195006\"},\"headline\":\"Conferin\u021b\u0103 pe teme energetice, organizat\u0103 luni la Bucure\u0219ti\",\"datePublished\":\"2025-05-26T08:36:28+00:00\",\"mainEntityOfPage\":{\"@id\":\"https:\/\/carpathiacenter.ro\/conferinta-pe-teme-energetice-organizata-luni-la-bucuresti\/\"},\"wordCount\":214,\"commentCount\":0,\"publisher\":{\"@id\":\"https:\/\/carpathiacenter.ro\/#organization\"},\"image\":{\"@id\":\"https:\/\/carpathiacenter.ro\/conferinta-pe-teme-energetice-organizata-luni-la-bucuresti\/#primaryimage\"},\"thumbnailUrl\":\"https:\/\/carpathiacenter.ro\/wp-content\/uploads\/2025\/05\/Energy-Road-Energie-la-tine-acasa.jpg\",\"articleSection\":[\"Uncategorized\"],\"inLanguage\":\"en-GB\",\"potentialAction\":[{\"@type\":\"CommentAction\",\"name\":\"Comment\",\"target\":[\"https:\/\/carpathiacenter.ro\/conferinta-pe-teme-energetice-organizata-luni-la-bucuresti\/#respond\"]}]},{\"@type\":\"WebPage\",\"@id\":\"https:\/\/carpathiacenter.ro\/conferinta-pe-teme-energetice-organizata-luni-la-bucuresti\/\",\"url\":\"https:\/\/carpathiacenter.ro\/conferinta-pe-teme-energetice-organizata-luni-la-bucuresti\/\",\"name\":\"Conferin\u021b\u0103 pe teme energetice, organizat\u0103 luni la Bucure\u0219ti - Carpathia Center Romania\",\"isPartOf\":{\"@id\":\"https:\/\/carpathiacenter.ro\/#website\"},\"primaryImageOfPage\":{\"@id\":\"https:\/\/carpathiacenter.ro\/conferinta-pe-teme-energetice-organizata-luni-la-bucuresti\/#primaryimage\"},\"image\":{\"@id\":\"https:\/\/carpathiacenter.ro\/conferinta-pe-teme-energetice-organizata-luni-la-bucuresti\/#primaryimage\"},\"thumbnailUrl\":\"https:\/\/carpathiacenter.ro\/wp-content\/uploads\/2025\/05\/Energy-Road-Energie-la-tine-acasa.jpg\",\"datePublished\":\"2025-05-26T08:36:28+00:00\",\"breadcrumb\":{\"@id\":\"https:\/\/carpathiacenter.ro\/conferinta-pe-teme-energetice-organizata-luni-la-bucuresti\/#breadcrumb\"},\"inLanguage\":\"en-GB\",\"potentialAction\":[{\"@type\":\"ReadAction\",\"target\":[\"https:\/\/carpathiacenter.ro\/conferinta-pe-teme-energetice-organizata-luni-la-bucuresti\/\"]}]},{\"@type\":\"ImageObject\",\"inLanguage\":\"en-GB\",\"@id\":\"https:\/\/carpathiacenter.ro\/conferinta-pe-teme-energetice-organizata-luni-la-bucuresti\/#primaryimage\",\"url\":\"https:\/\/carpathiacenter.ro\/wp-content\/uploads\/2025\/05\/Energy-Road-Energie-la-tine-acasa.jpg\",\"contentUrl\":\"https:\/\/carpathiacenter.ro\/wp-content\/uploads\/2025\/05\/Energy-Road-Energie-la-tine-acasa.jpg\",\"width\":820,\"height\":547},{\"@type\":\"BreadcrumbList\",\"@id\":\"https:\/\/carpathiacenter.ro\/conferinta-pe-teme-energetice-organizata-luni-la-bucuresti\/#breadcrumb\",\"itemListElement\":[{\"@type\":\"ListItem\",\"position\":1,\"name\":\"Prima pagin\u0103\",\"item\":\"https:\/\/carpathiacenter.ro\/\"},{\"@type\":\"ListItem\",\"position\":2,\"name\":\"Conferin\u021b\u0103 pe teme energetice, organizat\u0103 luni la Bucure\u0219ti\"}]},{\"@type\":\"WebSite\",\"@id\":\"https:\/\/carpathiacenter.ro\/#website\",\"url\":\"https:\/\/carpathiacenter.ro\/\",\"name\":\"Carpathia Center Romania\",\"description\":\"Impossible made possible!\",\"publisher\":{\"@id\":\"https:\/\/carpathiacenter.ro\/#organization\"},\"potentialAction\":[{\"@type\":\"SearchAction\",\"target\":{\"@type\":\"EntryPoint\",\"urlTemplate\":\"https:\/\/carpathiacenter.ro\/?s={search_term_string}\"},\"query-input\":{\"@type\":\"PropertyValueSpecification\",\"valueRequired\":true,\"valueName\":\"search_term_string\"}}],\"inLanguage\":\"en-GB\"},{\"@type\":\"Organization\",\"@id\":\"https:\/\/carpathiacenter.ro\/#organization\",\"name\":\"Carpathia Center Romania\",\"url\":\"https:\/\/carpathiacenter.ro\/\",\"logo\":{\"@type\":\"ImageObject\",\"inLanguage\":\"en-GB\",\"@id\":\"https:\/\/carpathiacenter.ro\/#\/schema\/logo\/image\/\",\"url\":\"https:\/\/carpathiacenter.ro\/wp-content\/uploads\/2024\/07\/logo-carpathia_bg_white-1024x941.png\",\"contentUrl\":\"https:\/\/carpathiacenter.ro\/wp-content\/uploads\/2024\/07\/logo-carpathia_bg_white-1024x941.png\",\"width\":1024,\"height\":941,\"caption\":\"Carpathia Center Romania\"},\"image\":{\"@id\":\"https:\/\/carpathiacenter.ro\/#\/schema\/logo\/image\/\"},\"sameAs\":[\"https:\/\/www.facebook.com\/fdpscarpathia\/\"]},{\"@type\":\"Person\",\"@id\":\"https:\/\/carpathiacenter.ro\/#\/schema\/person\/03d9f58202fee8379268f34afa195006\",\"name\":\"creativebitsolutions\",\"image\":{\"@type\":\"ImageObject\",\"inLanguage\":\"en-GB\",\"@id\":\"https:\/\/carpathiacenter.ro\/#\/schema\/person\/image\/\",\"url\":\"https:\/\/secure.gravatar.com\/avatar\/1b1a13e37f847c635dab78348f1dff2f07651ee2a3d77a5c355a4b8c75f9165a?s=96&d=mm&r=g\",\"contentUrl\":\"https:\/\/secure.gravatar.com\/avatar\/1b1a13e37f847c635dab78348f1dff2f07651ee2a3d77a5c355a4b8c75f9165a?s=96&d=mm&r=g\",\"caption\":\"creativebitsolutions\"},\"url\":\"https:\/\/carpathiacenter.ro\/en\/author\/creativebitsolutions\/\"}]}<\/script>\n<!-- \/ Yoast SEO plugin. -->","yoast_head_json":{"title":"Conferin\u021b\u0103 pe teme energetice, organizat\u0103 luni la Bucure\u0219ti - Carpathia Center Romania","robots":{"index":"index","follow":"follow","max-snippet":"max-snippet:-1","max-image-preview":"max-image-preview:large","max-video-preview":"max-video-preview:-1"},"canonical":"https:\/\/carpathiacenter.ro\/en\/conferinta-pe-teme-energetice-organizata-luni-la-bucuresti\/","og_locale":"en_GB","og_type":"article","og_title":"Conferin\u021b\u0103 pe teme energetice, organizat\u0103 luni la Bucure\u0219ti - Carpathia Center Romania","og_description":"Exploatarea gazelor din Marea Neagr\u0103, investi\u021biile \u00een energie \u0219i interconectivitatea sunt temele ce vor fi abordate, luni, \u00een cadrul celei de-a \u0219aptea edi\u021bii a evenimentului &#8216;Energy Road &#8211; Energie la tine acas\u0103&#8217;. Potrivit organizatorului, News.ro, pe lista celor prezen\u021bi se vor afla, printre al\u021bii: Sebastian Burduja &#8211; ministrul Energiei, George Niculescu &#8211; pre\u0219edintele Autorit\u0103\u021bii Na\u021bionale...","og_url":"https:\/\/carpathiacenter.ro\/en\/conferinta-pe-teme-energetice-organizata-luni-la-bucuresti\/","og_site_name":"Carpathia Center Romania","article_publisher":"https:\/\/www.facebook.com\/fdpscarpathia\/","article_published_time":"2025-05-26T08:36:28+00:00","og_image":[{"width":820,"height":547,"url":"https:\/\/carpathiacenter.ro\/wp-content\/uploads\/2025\/05\/Energy-Road-Energie-la-tine-acasa.jpg","type":"image\/jpeg"}],"author":"creativebitsolutions","twitter_card":"summary_large_image","twitter_misc":{"Written by":"creativebitsolutions","Estimated reading time":"1 minute"},"schema":{"@context":"https:\/\/schema.org","@graph":[{"@type":"Article","@id":"https:\/\/carpathiacenter.ro\/conferinta-pe-teme-energetice-organizata-luni-la-bucuresti\/#article","isPartOf":{"@id":"https:\/\/carpathiacenter.ro\/conferinta-pe-teme-energetice-organizata-luni-la-bucuresti\/"},"author":{"name":"creativebitsolutions","@id":"https:\/\/carpathiacenter.ro\/#\/schema\/person\/03d9f58202fee8379268f34afa195006"},"headline":"Conferin\u021b\u0103 pe teme energetice, organizat\u0103 luni la Bucure\u0219ti","datePublished":"2025-05-26T08:36:28+00:00","mainEntityOfPage":{"@id":"https:\/\/carpathiacenter.ro\/conferinta-pe-teme-energetice-organizata-luni-la-bucuresti\/"},"wordCount":214,"commentCount":0,"publisher":{"@id":"https:\/\/carpathiacenter.ro\/#organization"},"image":{"@id":"https:\/\/carpathiacenter.ro\/conferinta-pe-teme-energetice-organizata-luni-la-bucuresti\/#primaryimage"},"thumbnailUrl":"https:\/\/carpathiacenter.ro\/wp-content\/uploads\/2025\/05\/Energy-Road-Energie-la-tine-acasa.jpg","articleSection":["Uncategorized"],"inLanguage":"en-GB","potentialAction":[{"@type":"CommentAction","name":"Comment","target":["https:\/\/carpathiacenter.ro\/conferinta-pe-teme-energetice-organizata-luni-la-bucuresti\/#respond"]}]},{"@type":"WebPage","@id":"https:\/\/carpathiacenter.ro\/conferinta-pe-teme-energetice-organizata-luni-la-bucuresti\/","url":"https:\/\/carpathiacenter.ro\/conferinta-pe-teme-energetice-organizata-luni-la-bucuresti\/","name":"Conferin\u021b\u0103 pe teme energetice, organizat\u0103 luni la Bucure\u0219ti - Carpathia Center Romania","isPartOf":{"@id":"https:\/\/carpathiacenter.ro\/#website"},"primaryImageOfPage":{"@id":"https:\/\/carpathiacenter.ro\/conferinta-pe-teme-energetice-organizata-luni-la-bucuresti\/#primaryimage"},"image":{"@id":"https:\/\/carpathiacenter.ro\/conferinta-pe-teme-energetice-organizata-luni-la-bucuresti\/#primaryimage"},"thumbnailUrl":"https:\/\/carpathiacenter.ro\/wp-content\/uploads\/2025\/05\/Energy-Road-Energie-la-tine-acasa.jpg","datePublished":"2025-05-26T08:36:28+00:00","breadcrumb":{"@id":"https:\/\/carpathiacenter.ro\/conferinta-pe-teme-energetice-organizata-luni-la-bucuresti\/#breadcrumb"},"inLanguage":"en-GB","potentialAction":[{"@type":"ReadAction","target":["https:\/\/carpathiacenter.ro\/conferinta-pe-teme-energetice-organizata-luni-la-bucuresti\/"]}]},{"@type":"ImageObject","inLanguage":"en-GB","@id":"https:\/\/carpathiacenter.ro\/conferinta-pe-teme-energetice-organizata-luni-la-bucuresti\/#primaryimage","url":"https:\/\/carpathiacenter.ro\/wp-content\/uploads\/2025\/05\/Energy-Road-Energie-la-tine-acasa.jpg","contentUrl":"https:\/\/carpathiacenter.ro\/wp-content\/uploads\/2025\/05\/Energy-Road-Energie-la-tine-acasa.jpg","width":820,"height":547},{"@type":"BreadcrumbList","@id":"https:\/\/carpathiacenter.ro\/conferinta-pe-teme-energetice-organizata-luni-la-bucuresti\/#breadcrumb","itemListElement":[{"@type":"ListItem","position":1,"name":"Prima pagin\u0103","item":"https:\/\/carpathiacenter.ro\/"},{"@type":"ListItem","position":2,"name":"Conferin\u021b\u0103 pe teme energetice, organizat\u0103 luni la Bucure\u0219ti"}]},{"@type":"WebSite","@id":"https:\/\/carpathiacenter.ro\/#website","url":"https:\/\/carpathiacenter.ro\/","name":"Carpathia Center Romania","description":"Impossible made possible!","publisher":{"@id":"https:\/\/carpathiacenter.ro\/#organization"},"potentialAction":[{"@type":"SearchAction","target":{"@type":"EntryPoint","urlTemplate":"https:\/\/carpathiacenter.ro\/?s={search_term_string}"},"query-input":{"@type":"PropertyValueSpecification","valueRequired":true,"valueName":"search_term_string"}}],"inLanguage":"en-GB"},{"@type":"Organization","@id":"https:\/\/carpathiacenter.ro\/#organization","name":"Carpathia Center Romania","url":"https:\/\/carpathiacenter.ro\/","logo":{"@type":"ImageObject","inLanguage":"en-GB","@id":"https:\/\/carpathiacenter.ro\/#\/schema\/logo\/image\/","url":"https:\/\/carpathiacenter.ro\/wp-content\/uploads\/2024\/07\/logo-carpathia_bg_white-1024x941.png","contentUrl":"https:\/\/carpathiacenter.ro\/wp-content\/uploads\/2024\/07\/logo-carpathia_bg_white-1024x941.png","width":1024,"height":941,"caption":"Carpathia Center Romania"},"image":{"@id":"https:\/\/carpathiacenter.ro\/#\/schema\/logo\/image\/"},"sameAs":["https:\/\/www.facebook.com\/fdpscarpathia\/"]},{"@type":"Person","@id":"https:\/\/carpathiacenter.ro\/#\/schema\/person\/03d9f58202fee8379268f34afa195006","name":"creativebitsolutions","image":{"@type":"ImageObject","inLanguage":"en-GB","@id":"https:\/\/carpathiacenter.ro\/#\/schema\/person\/image\/","url":"https:\/\/secure.gravatar.com\/avatar\/1b1a13e37f847c635dab78348f1dff2f07651ee2a3d77a5c355a4b8c75f9165a?s=96&d=mm&r=g","contentUrl":"https:\/\/secure.gravatar.com\/avatar\/1b1a13e37f847c635dab78348f1dff2f07651ee2a3d77a5c355a4b8c75f9165a?s=96&d=mm&r=g","caption":"creativebitsolutions"},"url":"https:\/\/carpathiacenter.ro\/en\/author\/creativebitsolutions\/"}]}},"_links":{"self":[{"href":"https:\/\/carpathiacenter.ro\/en\/wp-json\/wp\/v2\/posts\/2442","targetHints":{"allow":["GET"]}}],"collection":[{"href":"https:\/\/carpathiacenter.ro\/en\/wp-json\/wp\/v2\/posts"}],"about":[{"href":"https:\/\/carpathiacenter.ro\/en\/wp-json\/wp\/v2\/types\/post"}],"author":[{"embeddable":true,"href":"https:\/\/carpathiacenter.ro\/en\/wp-json\/wp\/v2\/users\/4"}],"replies":[{"embeddable":true,"href":"https:\/\/carpathiacenter.ro\/en\/wp-json\/wp\/v2\/comments?post=2442"}],"version-history":[{"count":1,"href":"https:\/\/carpathiacenter.ro\/en\/wp-json\/wp\/v2\/posts\/2442\/revisions"}],"predecessor-version":[{"id":2444,"href":"https:\/\/carpathiacenter.ro\/en\/wp-json\/wp\/v2\/posts\/2442\/revisions\/2444"}],"wp:featuredmedia":[{"embeddable":true,"href":"https:\/\/carpathiacenter.ro\/en\/wp-json\/wp\/v2\/media\/2443"}],"wp:attachment":[{"href":"https:\/\/carpathiacenter.ro\/en\/wp-json\/wp\/v2\/media?parent=2442"}],"wp:term":[{"taxonomy":"category","embeddable":true,"href":"https:\/\/carpathiacenter.ro\/en\/wp-json\/wp\/v2\/categories?post=2442"},{"taxonomy":"post_tag","embeddable":true,"href":"https:\/\/carpathiacenter.ro\/en\/wp-json\/wp\/v2\/tags?post=2442"}],"curies":[{"name":"wp","href":"https:\/\/api.w.org\/{rel}","templated":true}]}}