{"id":2427,"date":"2025-05-23T14:09:00","date_gmt":"2025-05-23T14:09:00","guid":{"rendered":"https:\/\/carpathiacenter.ro\/?p=2427"},"modified":"2025-05-23T14:09:52","modified_gmt":"2025-05-23T14:09:52","slug":"conferinta-liniile-directoare-ale-o-c-d-e-pentru-intreprinderile-romanesti-un-pas-important-spre-responsabilitatea-corporativa-internationala","status":"publish","type":"post","link":"https:\/\/carpathiacenter.ro\/en\/conferinta-liniile-directoare-ale-o-c-d-e-pentru-intreprinderile-romanesti-un-pas-important-spre-responsabilitatea-corporativa-internationala\/","title":{"rendered":"Conferin\u021ba \u201cLiniile Directoare ale O.C.D.E. pentru \u00centreprinderile Rom\u00e2ne\u0219ti\u201d \u2013 un pas important spre responsabilitatea corporativ\u0103 interna\u021bional\u0103"},"content":{"rendered":"<p>Pe data de 22 mai 2025, Uniunea General\u0103 a Industria\u0219ilor din Rom\u00e2nia (U.G.I.R.) 1903, al\u0103turi de Federa\u021bia din Domeniul Produc\u021biei \u0219i Serviciilor Carpathia Evergreen, \u00een colaborare cu Agen\u021bia Rom\u00e2n\u0103 pentru Investi\u021bii \u0219i Comer\u021b Exterior, a organizat o conferin\u021b\u0103 deosebit de important\u0103 pentru mediul de afaceri din Rom\u00e2nia: \u201cLiniile Directoare ale O.C.D.E. pentru \u00centreprinderile Rom\u00e2ne\u0219ti\u201d.<\/p>\n<p>Evenimentul a reunit peste 60 de reprezentan\u021bi ai companiilor autohtone \u0219i a avut ca scop principal promovarea beneficiilor \u0219i a relevan\u021bei adopt\u0103rii principiilor stabilite de Organiza\u021bia pentru Cooperare \u0219i Dezvoltare Economic\u0103 (O.C.D.E.). Aceste linii directoare constituie un reper esen\u021bial pentru companiile care doresc s\u0103 se alinieze la standardele interna\u021bionale \u00een domeniul responsabilit\u0103\u021bii corporative \u0219i al sustenabilit\u0103\u021bii.<\/p>\n<p>Discu\u021biile din cadrul conferin\u021bei au eviden\u021biat modul \u00een care aplicarea acestor recomand\u0103ri poate contribui la cre\u0219terea transparen\u021bei, \u00eembun\u0103t\u0103\u021birea practicilor de guvernan\u021b\u0103 corporativ\u0103 \u0219i dezvoltarea unui mediu de afaceri mai etic \u0219i mai competitiv pe plan interna\u021bional.<\/p>\n<p>Un moment important al conferin\u021bei l-a constituit numirea domnului Ion Sula \u00een dou\u0103 pozi\u021bii cheie: Vicepre\u0219edinte al Federa\u021biei Carpathia Evergreen \u0219i Pre\u0219edinte al filialei din Republica Moldova. Aceast\u0103 desemnare subliniaz\u0103 angajamentul organiza\u021biei de a consolida rela\u021biile economice \u0219i de colaborare la nivel regional, dar \u0219i de a promova valorile sustenabilit\u0103\u021bii \u0219i ale responsabilit\u0103\u021bii corporative dincolo de grani\u021bele Rom\u00e2niei.<\/p>\n<p>Conferin\u021ba a reprezentat nu doar o platform\u0103 de informare, ci \u0219i un pas concret \u00een direc\u021bia integr\u0103rii \u00eentreprinderilor rom\u00e2ne\u0219ti \u00eentr-un cadru global orientat spre etic\u0103, durabilitate \u0219i competitivitate.<\/p>\n<p><img fetchpriority=\"high\" decoding=\"async\" class=\"alignnone size-medium wp-image-2430\" src=\"https:\/\/carpathiacenter.ro\/wp-content\/uploads\/2025\/05\/WhatsApp-Image-2025-05-23-at-16.07.56-1-300x225.jpeg\" alt=\"\" width=\"300\" height=\"225\" srcset=\"https:\/\/carpathiacenter.ro\/wp-content\/uploads\/2025\/05\/WhatsApp-Image-2025-05-23-at-16.07.56-1-300x225.jpeg 300w, https:\/\/carpathiacenter.ro\/wp-content\/uploads\/2025\/05\/WhatsApp-Image-2025-05-23-at-16.07.56-1-1024x768.jpeg 1024w, https:\/\/carpathiacenter.ro\/wp-content\/uploads\/2025\/05\/WhatsApp-Image-2025-05-23-at-16.07.56-1-16x12.jpeg 16w, https:\/\/carpathiacenter.ro\/wp-content\/uploads\/2025\/05\/WhatsApp-Image-2025-05-23-at-16.07.56-1-533x400.jpeg 533w, https:\/\/carpathiacenter.ro\/wp-content\/uploads\/2025\/05\/WhatsApp-Image-2025-05-23-at-16.07.56-1.jpeg 2048w\" sizes=\"(max-width: 300px) 100vw, 300px\" \/> <img decoding=\"async\" class=\"alignnone size-medium wp-image-2431\" src=\"https:\/\/carpathiacenter.ro\/wp-content\/uploads\/2025\/05\/WhatsApp-Image-2025-05-23-at-16.07.56-225x300.jpeg\" alt=\"\" width=\"225\" height=\"300\" srcset=\"https:\/\/carpathiacenter.ro\/wp-content\/uploads\/2025\/05\/WhatsApp-Image-2025-05-23-at-16.07.56-225x300.jpeg 225w, https:\/\/carpathiacenter.ro\/wp-content\/uploads\/2025\/05\/WhatsApp-Image-2025-05-23-at-16.07.56-768x1024.jpeg 768w, https:\/\/carpathiacenter.ro\/wp-content\/uploads\/2025\/05\/WhatsApp-Image-2025-05-23-at-16.07.56-9x12.jpeg 9w, https:\/\/carpathiacenter.ro\/wp-content\/uploads\/2025\/05\/WhatsApp-Image-2025-05-23-at-16.07.56-300x400.jpeg 300w, https:\/\/carpathiacenter.ro\/wp-content\/uploads\/2025\/05\/WhatsApp-Image-2025-05-23-at-16.07.56.jpeg 1536w\" sizes=\"(max-width: 225px) 100vw, 225px\" \/> <img decoding=\"async\" class=\"alignnone size-medium wp-image-2432\" src=\"https:\/\/carpathiacenter.ro\/wp-content\/uploads\/2025\/05\/WhatsApp-Image-2025-05-23-at-16.07.57-1-225x300.jpeg\" alt=\"\" width=\"225\" height=\"300\" srcset=\"https:\/\/carpathiacenter.ro\/wp-content\/uploads\/2025\/05\/WhatsApp-Image-2025-05-23-at-16.07.57-1-225x300.jpeg 225w, https:\/\/carpathiacenter.ro\/wp-content\/uploads\/2025\/05\/WhatsApp-Image-2025-05-23-at-16.07.57-1-768x1024.jpeg 768w, https:\/\/carpathiacenter.ro\/wp-content\/uploads\/2025\/05\/WhatsApp-Image-2025-05-23-at-16.07.57-1-9x12.jpeg 9w, https:\/\/carpathiacenter.ro\/wp-content\/uploads\/2025\/05\/WhatsApp-Image-2025-05-23-at-16.07.57-1-300x400.jpeg 300w, https:\/\/carpathiacenter.ro\/wp-content\/uploads\/2025\/05\/WhatsApp-Image-2025-05-23-at-16.07.57-1.jpeg 1536w\" sizes=\"(max-width: 225px) 100vw, 225px\" \/> <img loading=\"lazy\" decoding=\"async\" class=\"alignnone size-medium wp-image-2433\" src=\"https:\/\/carpathiacenter.ro\/wp-content\/uploads\/2025\/05\/WhatsApp-Image-2025-05-23-at-16.07.57-2-169x300.jpeg\" alt=\"\" width=\"169\" height=\"300\" srcset=\"https:\/\/carpathiacenter.ro\/wp-content\/uploads\/2025\/05\/WhatsApp-Image-2025-05-23-at-16.07.57-2-169x300.jpeg 169w, https:\/\/carpathiacenter.ro\/wp-content\/uploads\/2025\/05\/WhatsApp-Image-2025-05-23-at-16.07.57-2-576x1024.jpeg 576w, https:\/\/carpathiacenter.ro\/wp-content\/uploads\/2025\/05\/WhatsApp-Image-2025-05-23-at-16.07.57-2-7x12.jpeg 7w, https:\/\/carpathiacenter.ro\/wp-content\/uploads\/2025\/05\/WhatsApp-Image-2025-05-23-at-16.07.57-2-225x400.jpeg 225w, https:\/\/carpathiacenter.ro\/wp-content\/uploads\/2025\/05\/WhatsApp-Image-2025-05-23-at-16.07.57-2.jpeg 1152w\" sizes=\"(max-width: 169px) 100vw, 169px\" \/> <img loading=\"lazy\" decoding=\"async\" class=\"alignnone size-medium wp-image-2434\" src=\"https:\/\/carpathiacenter.ro\/wp-content\/uploads\/2025\/05\/WhatsApp-Image-2025-05-23-at-16.07.57-225x300.jpeg\" alt=\"\" width=\"225\" height=\"300\" srcset=\"https:\/\/carpathiacenter.ro\/wp-content\/uploads\/2025\/05\/WhatsApp-Image-2025-05-23-at-16.07.57-225x300.jpeg 225w, https:\/\/carpathiacenter.ro\/wp-content\/uploads\/2025\/05\/WhatsApp-Image-2025-05-23-at-16.07.57-768x1024.jpeg 768w, https:\/\/carpathiacenter.ro\/wp-content\/uploads\/2025\/05\/WhatsApp-Image-2025-05-23-at-16.07.57-9x12.jpeg 9w, https:\/\/carpathiacenter.ro\/wp-content\/uploads\/2025\/05\/WhatsApp-Image-2025-05-23-at-16.07.57-300x400.jpeg 300w, https:\/\/carpathiacenter.ro\/wp-content\/uploads\/2025\/05\/WhatsApp-Image-2025-05-23-at-16.07.57.jpeg 1536w\" sizes=\"(max-width: 225px) 100vw, 225px\" \/> <img loading=\"lazy\" decoding=\"async\" class=\"alignnone size-medium wp-image-2435\" src=\"https:\/\/carpathiacenter.ro\/wp-content\/uploads\/2025\/05\/WhatsApp-Image-2025-05-23-at-16.07.58-1-225x300.jpeg\" alt=\"\" width=\"225\" height=\"300\" srcset=\"https:\/\/carpathiacenter.ro\/wp-content\/uploads\/2025\/05\/WhatsApp-Image-2025-05-23-at-16.07.58-1-225x300.jpeg 225w, https:\/\/carpathiacenter.ro\/wp-content\/uploads\/2025\/05\/WhatsApp-Image-2025-05-23-at-16.07.58-1-768x1024.jpeg 768w, https:\/\/carpathiacenter.ro\/wp-content\/uploads\/2025\/05\/WhatsApp-Image-2025-05-23-at-16.07.58-1-9x12.jpeg 9w, https:\/\/carpathiacenter.ro\/wp-content\/uploads\/2025\/05\/WhatsApp-Image-2025-05-23-at-16.07.58-1-300x400.jpeg 300w, https:\/\/carpathiacenter.ro\/wp-content\/uploads\/2025\/05\/WhatsApp-Image-2025-05-23-at-16.07.58-1.jpeg 1536w\" sizes=\"(max-width: 225px) 100vw, 225px\" \/> <img loading=\"lazy\" decoding=\"async\" class=\"alignnone size-medium wp-image-2436\" src=\"https:\/\/carpathiacenter.ro\/wp-content\/uploads\/2025\/05\/WhatsApp-Image-2025-05-23-at-16.07.58-225x300.jpeg\" alt=\"\" width=\"225\" height=\"300\" srcset=\"https:\/\/carpathiacenter.ro\/wp-content\/uploads\/2025\/05\/WhatsApp-Image-2025-05-23-at-16.07.58-225x300.jpeg 225w, https:\/\/carpathiacenter.ro\/wp-content\/uploads\/2025\/05\/WhatsApp-Image-2025-05-23-at-16.07.58-768x1024.jpeg 768w, https:\/\/carpathiacenter.ro\/wp-content\/uploads\/2025\/05\/WhatsApp-Image-2025-05-23-at-16.07.58-9x12.jpeg 9w, https:\/\/carpathiacenter.ro\/wp-content\/uploads\/2025\/05\/WhatsApp-Image-2025-05-23-at-16.07.58-300x400.jpeg 300w, https:\/\/carpathiacenter.ro\/wp-content\/uploads\/2025\/05\/WhatsApp-Image-2025-05-23-at-16.07.58.jpeg 1536w\" sizes=\"(max-width: 225px) 100vw, 225px\" \/><\/p>","protected":false},"excerpt":{"rendered":"<p>Pe data de 22 mai 2025, Uniunea General\u0103 a Industria\u0219ilor din Rom\u00e2nia (U.G.I.R.) 1903, al\u0103turi de Federa\u021bia din Domeniul Produc\u021biei \u0219i Serviciilor Carpathia Evergreen, \u00een colaborare cu Agen\u021bia Rom\u00e2n\u0103 pentru Investi\u021bii \u0219i Comer\u021b Exterior, a organizat o conferin\u021b\u0103 deosebit de important\u0103 pentru mediul de afaceri din Rom\u00e2nia: \u201cLiniile Directoare ale O.C.D.E. pentru \u00centreprinderile Rom\u00e2ne\u0219ti\u201d. Evenimentul&#8230;<\/p>","protected":false},"author":4,"featured_media":2428,"comment_status":"open","ping_status":"open","sticky":false,"template":"","format":"standard","meta":{"footnotes":""},"categories":[1],"tags":[],"class_list":["post-2427","post","type-post","status-publish","format-standard","has-post-thumbnail","hentry","category-uncategorized"],"yoast_head":"<!-- This site is optimized with the Yoast SEO plugin v26.1.1 - https:\/\/yoast.com\/wordpress\/plugins\/seo\/ -->\n<title>Conferin\u021ba \u201cLiniile Directoare ale O.C.D.E. pentru \u00centreprinderile Rom\u00e2ne\u0219ti\u201d \u2013 un pas important spre responsabilitatea corporativ\u0103 interna\u021bional\u0103 - Carpathia Center Romania<\/title>\n<meta name=\"robots\" content=\"index, follow, max-snippet:-1, max-image-preview:large, max-video-preview:-1\" \/>\n<link rel=\"canonical\" href=\"https:\/\/carpathiacenter.ro\/en\/conferinta-liniile-directoare-ale-o-c-d-e-pentru-intreprinderile-romanesti-un-pas-important-spre-responsabilitatea-corporativa-internationala\/\" \/>\n<meta property=\"og:locale\" content=\"en_GB\" \/>\n<meta property=\"og:type\" content=\"article\" \/>\n<meta property=\"og:title\" content=\"Conferin\u021ba \u201cLiniile Directoare ale O.C.D.E. pentru \u00centreprinderile Rom\u00e2ne\u0219ti\u201d \u2013 un pas important spre responsabilitatea corporativ\u0103 interna\u021bional\u0103 - Carpathia Center Romania\" \/>\n<meta property=\"og:description\" content=\"Pe data de 22 mai 2025, Uniunea General\u0103 a Industria\u0219ilor din Rom\u00e2nia (U.G.I.R.) 1903, al\u0103turi de Federa\u021bia din Domeniul Produc\u021biei \u0219i Serviciilor Carpathia Evergreen, \u00een colaborare cu Agen\u021bia Rom\u00e2n\u0103 pentru Investi\u021bii \u0219i Comer\u021b Exterior, a organizat o conferin\u021b\u0103 deosebit de important\u0103 pentru mediul de afaceri din Rom\u00e2nia: \u201cLiniile Directoare ale O.C.D.E. pentru \u00centreprinderile Rom\u00e2ne\u0219ti\u201d. Evenimentul...\" \/>\n<meta property=\"og:url\" content=\"https:\/\/carpathiacenter.ro\/en\/conferinta-liniile-directoare-ale-o-c-d-e-pentru-intreprinderile-romanesti-un-pas-important-spre-responsabilitatea-corporativa-internationala\/\" \/>\n<meta property=\"og:site_name\" content=\"Carpathia Center Romania\" \/>\n<meta property=\"article:publisher\" content=\"https:\/\/www.facebook.com\/fdpscarpathia\/\" \/>\n<meta property=\"article:published_time\" content=\"2025-05-23T14:09:00+00:00\" \/>\n<meta property=\"article:modified_time\" content=\"2025-05-23T14:09:52+00:00\" \/>\n<meta property=\"og:image\" content=\"https:\/\/carpathiacenter.ro\/wp-content\/uploads\/2025\/05\/main.jpeg\" \/>\n\t<meta property=\"og:image:width\" content=\"1167\" \/>\n\t<meta property=\"og:image:height\" content=\"2048\" \/>\n\t<meta property=\"og:image:type\" content=\"image\/jpeg\" \/>\n<meta name=\"author\" content=\"creativebitsolutions\" \/>\n<meta name=\"twitter:card\" content=\"summary_large_image\" \/>\n<meta name=\"twitter:label1\" content=\"Written by\" \/>\n\t<meta name=\"twitter:data1\" content=\"creativebitsolutions\" \/>\n\t<meta name=\"twitter:label2\" content=\"Estimated reading time\" \/>\n\t<meta name=\"twitter:data2\" content=\"1 minute\" \/>\n<script type=\"application\/ld+json\" class=\"yoast-schema-graph\">{\"@context\":\"https:\/\/schema.org\",\"@graph\":[{\"@type\":\"Article\",\"@id\":\"https:\/\/carpathiacenter.ro\/conferinta-liniile-directoare-ale-o-c-d-e-pentru-intreprinderile-romanesti-un-pas-important-spre-responsabilitatea-corporativa-internationala\/#article\",\"isPartOf\":{\"@id\":\"https:\/\/carpathiacenter.ro\/conferinta-liniile-directoare-ale-o-c-d-e-pentru-intreprinderile-romanesti-un-pas-important-spre-responsabilitatea-corporativa-internationala\/\"},\"author\":{\"name\":\"creativebitsolutions\",\"@id\":\"https:\/\/carpathiacenter.ro\/#\/schema\/person\/03d9f58202fee8379268f34afa195006\"},\"headline\":\"Conferin\u021ba \u201cLiniile Directoare ale O.C.D.E. pentru \u00centreprinderile Rom\u00e2ne\u0219ti\u201d \u2013 un pas important spre responsabilitatea corporativ\u0103 interna\u021bional\u0103\",\"datePublished\":\"2025-05-23T14:09:00+00:00\",\"dateModified\":\"2025-05-23T14:09:52+00:00\",\"mainEntityOfPage\":{\"@id\":\"https:\/\/carpathiacenter.ro\/conferinta-liniile-directoare-ale-o-c-d-e-pentru-intreprinderile-romanesti-un-pas-important-spre-responsabilitatea-corporativa-internationala\/\"},\"wordCount\":303,\"commentCount\":0,\"publisher\":{\"@id\":\"https:\/\/carpathiacenter.ro\/#organization\"},\"image\":{\"@id\":\"https:\/\/carpathiacenter.ro\/conferinta-liniile-directoare-ale-o-c-d-e-pentru-intreprinderile-romanesti-un-pas-important-spre-responsabilitatea-corporativa-internationala\/#primaryimage\"},\"thumbnailUrl\":\"https:\/\/carpathiacenter.ro\/wp-content\/uploads\/2025\/05\/main.jpeg\",\"articleSection\":[\"Uncategorized\"],\"inLanguage\":\"en-GB\",\"potentialAction\":[{\"@type\":\"CommentAction\",\"name\":\"Comment\",\"target\":[\"https:\/\/carpathiacenter.ro\/conferinta-liniile-directoare-ale-o-c-d-e-pentru-intreprinderile-romanesti-un-pas-important-spre-responsabilitatea-corporativa-internationala\/#respond\"]}]},{\"@type\":\"WebPage\",\"@id\":\"https:\/\/carpathiacenter.ro\/conferinta-liniile-directoare-ale-o-c-d-e-pentru-intreprinderile-romanesti-un-pas-important-spre-responsabilitatea-corporativa-internationala\/\",\"url\":\"https:\/\/carpathiacenter.ro\/conferinta-liniile-directoare-ale-o-c-d-e-pentru-intreprinderile-romanesti-un-pas-important-spre-responsabilitatea-corporativa-internationala\/\",\"name\":\"Conferin\u021ba \u201cLiniile Directoare ale O.C.D.E. pentru \u00centreprinderile Rom\u00e2ne\u0219ti\u201d \u2013 un pas important spre responsabilitatea corporativ\u0103 interna\u021bional\u0103 - Carpathia Center Romania\",\"isPartOf\":{\"@id\":\"https:\/\/carpathiacenter.ro\/#website\"},\"primaryImageOfPage\":{\"@id\":\"https:\/\/carpathiacenter.ro\/conferinta-liniile-directoare-ale-o-c-d-e-pentru-intreprinderile-romanesti-un-pas-important-spre-responsabilitatea-corporativa-internationala\/#primaryimage\"},\"image\":{\"@id\":\"https:\/\/carpathiacenter.ro\/conferinta-liniile-directoare-ale-o-c-d-e-pentru-intreprinderile-romanesti-un-pas-important-spre-responsabilitatea-corporativa-internationala\/#primaryimage\"},\"thumbnailUrl\":\"https:\/\/carpathiacenter.ro\/wp-content\/uploads\/2025\/05\/main.jpeg\",\"datePublished\":\"2025-05-23T14:09:00+00:00\",\"dateModified\":\"2025-05-23T14:09:52+00:00\",\"breadcrumb\":{\"@id\":\"https:\/\/carpathiacenter.ro\/conferinta-liniile-directoare-ale-o-c-d-e-pentru-intreprinderile-romanesti-un-pas-important-spre-responsabilitatea-corporativa-internationala\/#breadcrumb\"},\"inLanguage\":\"en-GB\",\"potentialAction\":[{\"@type\":\"ReadAction\",\"target\":[\"https:\/\/carpathiacenter.ro\/conferinta-liniile-directoare-ale-o-c-d-e-pentru-intreprinderile-romanesti-un-pas-important-spre-responsabilitatea-corporativa-internationala\/\"]}]},{\"@type\":\"ImageObject\",\"inLanguage\":\"en-GB\",\"@id\":\"https:\/\/carpathiacenter.ro\/conferinta-liniile-directoare-ale-o-c-d-e-pentru-intreprinderile-romanesti-un-pas-important-spre-responsabilitatea-corporativa-internationala\/#primaryimage\",\"url\":\"https:\/\/carpathiacenter.ro\/wp-content\/uploads\/2025\/05\/main.jpeg\",\"contentUrl\":\"https:\/\/carpathiacenter.ro\/wp-content\/uploads\/2025\/05\/main.jpeg\",\"width\":1167,\"height\":2048},{\"@type\":\"BreadcrumbList\",\"@id\":\"https:\/\/carpathiacenter.ro\/conferinta-liniile-directoare-ale-o-c-d-e-pentru-intreprinderile-romanesti-un-pas-important-spre-responsabilitatea-corporativa-internationala\/#breadcrumb\",\"itemListElement\":[{\"@type\":\"ListItem\",\"position\":1,\"name\":\"Prima pagin\u0103\",\"item\":\"https:\/\/carpathiacenter.ro\/\"},{\"@type\":\"ListItem\",\"position\":2,\"name\":\"Conferin\u021ba \u201cLiniile Directoare ale O.C.D.E. pentru \u00centreprinderile Rom\u00e2ne\u0219ti\u201d \u2013 un pas important spre responsabilitatea corporativ\u0103 interna\u021bional\u0103\"}]},{\"@type\":\"WebSite\",\"@id\":\"https:\/\/carpathiacenter.ro\/#website\",\"url\":\"https:\/\/carpathiacenter.ro\/\",\"name\":\"Carpathia Center Romania\",\"description\":\"Impossible made possible!\",\"publisher\":{\"@id\":\"https:\/\/carpathiacenter.ro\/#organization\"},\"potentialAction\":[{\"@type\":\"SearchAction\",\"target\":{\"@type\":\"EntryPoint\",\"urlTemplate\":\"https:\/\/carpathiacenter.ro\/?s={search_term_string}\"},\"query-input\":{\"@type\":\"PropertyValueSpecification\",\"valueRequired\":true,\"valueName\":\"search_term_string\"}}],\"inLanguage\":\"en-GB\"},{\"@type\":\"Organization\",\"@id\":\"https:\/\/carpathiacenter.ro\/#organization\",\"name\":\"Carpathia Center Romania\",\"url\":\"https:\/\/carpathiacenter.ro\/\",\"logo\":{\"@type\":\"ImageObject\",\"inLanguage\":\"en-GB\",\"@id\":\"https:\/\/carpathiacenter.ro\/#\/schema\/logo\/image\/\",\"url\":\"https:\/\/carpathiacenter.ro\/wp-content\/uploads\/2024\/07\/logo-carpathia_bg_white-1024x941.png\",\"contentUrl\":\"https:\/\/carpathiacenter.ro\/wp-content\/uploads\/2024\/07\/logo-carpathia_bg_white-1024x941.png\",\"width\":1024,\"height\":941,\"caption\":\"Carpathia Center Romania\"},\"image\":{\"@id\":\"https:\/\/carpathiacenter.ro\/#\/schema\/logo\/image\/\"},\"sameAs\":[\"https:\/\/www.facebook.com\/fdpscarpathia\/\"]},{\"@type\":\"Person\",\"@id\":\"https:\/\/carpathiacenter.ro\/#\/schema\/person\/03d9f58202fee8379268f34afa195006\",\"name\":\"creativebitsolutions\",\"image\":{\"@type\":\"ImageObject\",\"inLanguage\":\"en-GB\",\"@id\":\"https:\/\/carpathiacenter.ro\/#\/schema\/person\/image\/\",\"url\":\"https:\/\/secure.gravatar.com\/avatar\/1b1a13e37f847c635dab78348f1dff2f07651ee2a3d77a5c355a4b8c75f9165a?s=96&d=mm&r=g\",\"contentUrl\":\"https:\/\/secure.gravatar.com\/avatar\/1b1a13e37f847c635dab78348f1dff2f07651ee2a3d77a5c355a4b8c75f9165a?s=96&d=mm&r=g\",\"caption\":\"creativebitsolutions\"},\"url\":\"https:\/\/carpathiacenter.ro\/en\/author\/creativebitsolutions\/\"}]}<\/script>\n<!-- \/ Yoast SEO plugin. -->","yoast_head_json":{"title":"Conferin\u021ba \u201cLiniile Directoare ale O.C.D.E. pentru \u00centreprinderile Rom\u00e2ne\u0219ti\u201d \u2013 un pas important spre responsabilitatea corporativ\u0103 interna\u021bional\u0103 - Carpathia Center Romania","robots":{"index":"index","follow":"follow","max-snippet":"max-snippet:-1","max-image-preview":"max-image-preview:large","max-video-preview":"max-video-preview:-1"},"canonical":"https:\/\/carpathiacenter.ro\/en\/conferinta-liniile-directoare-ale-o-c-d-e-pentru-intreprinderile-romanesti-un-pas-important-spre-responsabilitatea-corporativa-internationala\/","og_locale":"en_GB","og_type":"article","og_title":"Conferin\u021ba \u201cLiniile Directoare ale O.C.D.E. pentru \u00centreprinderile Rom\u00e2ne\u0219ti\u201d \u2013 un pas important spre responsabilitatea corporativ\u0103 interna\u021bional\u0103 - Carpathia Center Romania","og_description":"Pe data de 22 mai 2025, Uniunea General\u0103 a Industria\u0219ilor din Rom\u00e2nia (U.G.I.R.) 1903, al\u0103turi de Federa\u021bia din Domeniul Produc\u021biei \u0219i Serviciilor Carpathia Evergreen, \u00een colaborare cu Agen\u021bia Rom\u00e2n\u0103 pentru Investi\u021bii \u0219i Comer\u021b Exterior, a organizat o conferin\u021b\u0103 deosebit de important\u0103 pentru mediul de afaceri din Rom\u00e2nia: \u201cLiniile Directoare ale O.C.D.E. pentru \u00centreprinderile Rom\u00e2ne\u0219ti\u201d. Evenimentul...","og_url":"https:\/\/carpathiacenter.ro\/en\/conferinta-liniile-directoare-ale-o-c-d-e-pentru-intreprinderile-romanesti-un-pas-important-spre-responsabilitatea-corporativa-internationala\/","og_site_name":"Carpathia Center Romania","article_publisher":"https:\/\/www.facebook.com\/fdpscarpathia\/","article_published_time":"2025-05-23T14:09:00+00:00","article_modified_time":"2025-05-23T14:09:52+00:00","og_image":[{"width":1167,"height":2048,"url":"https:\/\/carpathiacenter.ro\/wp-content\/uploads\/2025\/05\/main.jpeg","type":"image\/jpeg"}],"author":"creativebitsolutions","twitter_card":"summary_large_image","twitter_misc":{"Written by":"creativebitsolutions","Estimated reading time":"1 minute"},"schema":{"@context":"https:\/\/schema.org","@graph":[{"@type":"Article","@id":"https:\/\/carpathiacenter.ro\/conferinta-liniile-directoare-ale-o-c-d-e-pentru-intreprinderile-romanesti-un-pas-important-spre-responsabilitatea-corporativa-internationala\/#article","isPartOf":{"@id":"https:\/\/carpathiacenter.ro\/conferinta-liniile-directoare-ale-o-c-d-e-pentru-intreprinderile-romanesti-un-pas-important-spre-responsabilitatea-corporativa-internationala\/"},"author":{"name":"creativebitsolutions","@id":"https:\/\/carpathiacenter.ro\/#\/schema\/person\/03d9f58202fee8379268f34afa195006"},"headline":"Conferin\u021ba \u201cLiniile Directoare ale O.C.D.E. pentru \u00centreprinderile Rom\u00e2ne\u0219ti\u201d \u2013 un pas important spre responsabilitatea corporativ\u0103 interna\u021bional\u0103","datePublished":"2025-05-23T14:09:00+00:00","dateModified":"2025-05-23T14:09:52+00:00","mainEntityOfPage":{"@id":"https:\/\/carpathiacenter.ro\/conferinta-liniile-directoare-ale-o-c-d-e-pentru-intreprinderile-romanesti-un-pas-important-spre-responsabilitatea-corporativa-internationala\/"},"wordCount":303,"commentCount":0,"publisher":{"@id":"https:\/\/carpathiacenter.ro\/#organization"},"image":{"@id":"https:\/\/carpathiacenter.ro\/conferinta-liniile-directoare-ale-o-c-d-e-pentru-intreprinderile-romanesti-un-pas-important-spre-responsabilitatea-corporativa-internationala\/#primaryimage"},"thumbnailUrl":"https:\/\/carpathiacenter.ro\/wp-content\/uploads\/2025\/05\/main.jpeg","articleSection":["Uncategorized"],"inLanguage":"en-GB","potentialAction":[{"@type":"CommentAction","name":"Comment","target":["https:\/\/carpathiacenter.ro\/conferinta-liniile-directoare-ale-o-c-d-e-pentru-intreprinderile-romanesti-un-pas-important-spre-responsabilitatea-corporativa-internationala\/#respond"]}]},{"@type":"WebPage","@id":"https:\/\/carpathiacenter.ro\/conferinta-liniile-directoare-ale-o-c-d-e-pentru-intreprinderile-romanesti-un-pas-important-spre-responsabilitatea-corporativa-internationala\/","url":"https:\/\/carpathiacenter.ro\/conferinta-liniile-directoare-ale-o-c-d-e-pentru-intreprinderile-romanesti-un-pas-important-spre-responsabilitatea-corporativa-internationala\/","name":"Conferin\u021ba \u201cLiniile Directoare ale O.C.D.E. pentru \u00centreprinderile Rom\u00e2ne\u0219ti\u201d \u2013 un pas important spre responsabilitatea corporativ\u0103 interna\u021bional\u0103 - Carpathia Center Romania","isPartOf":{"@id":"https:\/\/carpathiacenter.ro\/#website"},"primaryImageOfPage":{"@id":"https:\/\/carpathiacenter.ro\/conferinta-liniile-directoare-ale-o-c-d-e-pentru-intreprinderile-romanesti-un-pas-important-spre-responsabilitatea-corporativa-internationala\/#primaryimage"},"image":{"@id":"https:\/\/carpathiacenter.ro\/conferinta-liniile-directoare-ale-o-c-d-e-pentru-intreprinderile-romanesti-un-pas-important-spre-responsabilitatea-corporativa-internationala\/#primaryimage"},"thumbnailUrl":"https:\/\/carpathiacenter.ro\/wp-content\/uploads\/2025\/05\/main.jpeg","datePublished":"2025-05-23T14:09:00+00:00","dateModified":"2025-05-23T14:09:52+00:00","breadcrumb":{"@id":"https:\/\/carpathiacenter.ro\/conferinta-liniile-directoare-ale-o-c-d-e-pentru-intreprinderile-romanesti-un-pas-important-spre-responsabilitatea-corporativa-internationala\/#breadcrumb"},"inLanguage":"en-GB","potentialAction":[{"@type":"ReadAction","target":["https:\/\/carpathiacenter.ro\/conferinta-liniile-directoare-ale-o-c-d-e-pentru-intreprinderile-romanesti-un-pas-important-spre-responsabilitatea-corporativa-internationala\/"]}]},{"@type":"ImageObject","inLanguage":"en-GB","@id":"https:\/\/carpathiacenter.ro\/conferinta-liniile-directoare-ale-o-c-d-e-pentru-intreprinderile-romanesti-un-pas-important-spre-responsabilitatea-corporativa-internationala\/#primaryimage","url":"https:\/\/carpathiacenter.ro\/wp-content\/uploads\/2025\/05\/main.jpeg","contentUrl":"https:\/\/carpathiacenter.ro\/wp-content\/uploads\/2025\/05\/main.jpeg","width":1167,"height":2048},{"@type":"BreadcrumbList","@id":"https:\/\/carpathiacenter.ro\/conferinta-liniile-directoare-ale-o-c-d-e-pentru-intreprinderile-romanesti-un-pas-important-spre-responsabilitatea-corporativa-internationala\/#breadcrumb","itemListElement":[{"@type":"ListItem","position":1,"name":"Prima pagin\u0103","item":"https:\/\/carpathiacenter.ro\/"},{"@type":"ListItem","position":2,"name":"Conferin\u021ba \u201cLiniile Directoare ale O.C.D.E. pentru \u00centreprinderile Rom\u00e2ne\u0219ti\u201d \u2013 un pas important spre responsabilitatea corporativ\u0103 interna\u021bional\u0103"}]},{"@type":"WebSite","@id":"https:\/\/carpathiacenter.ro\/#website","url":"https:\/\/carpathiacenter.ro\/","name":"Carpathia Center Romania","description":"Impossible made possible!","publisher":{"@id":"https:\/\/carpathiacenter.ro\/#organization"},"potentialAction":[{"@type":"SearchAction","target":{"@type":"EntryPoint","urlTemplate":"https:\/\/carpathiacenter.ro\/?s={search_term_string}"},"query-input":{"@type":"PropertyValueSpecification","valueRequired":true,"valueName":"search_term_string"}}],"inLanguage":"en-GB"},{"@type":"Organization","@id":"https:\/\/carpathiacenter.ro\/#organization","name":"Carpathia Center Romania","url":"https:\/\/carpathiacenter.ro\/","logo":{"@type":"ImageObject","inLanguage":"en-GB","@id":"https:\/\/carpathiacenter.ro\/#\/schema\/logo\/image\/","url":"https:\/\/carpathiacenter.ro\/wp-content\/uploads\/2024\/07\/logo-carpathia_bg_white-1024x941.png","contentUrl":"https:\/\/carpathiacenter.ro\/wp-content\/uploads\/2024\/07\/logo-carpathia_bg_white-1024x941.png","width":1024,"height":941,"caption":"Carpathia Center Romania"},"image":{"@id":"https:\/\/carpathiacenter.ro\/#\/schema\/logo\/image\/"},"sameAs":["https:\/\/www.facebook.com\/fdpscarpathia\/"]},{"@type":"Person","@id":"https:\/\/carpathiacenter.ro\/#\/schema\/person\/03d9f58202fee8379268f34afa195006","name":"creativebitsolutions","image":{"@type":"ImageObject","inLanguage":"en-GB","@id":"https:\/\/carpathiacenter.ro\/#\/schema\/person\/image\/","url":"https:\/\/secure.gravatar.com\/avatar\/1b1a13e37f847c635dab78348f1dff2f07651ee2a3d77a5c355a4b8c75f9165a?s=96&d=mm&r=g","contentUrl":"https:\/\/secure.gravatar.com\/avatar\/1b1a13e37f847c635dab78348f1dff2f07651ee2a3d77a5c355a4b8c75f9165a?s=96&d=mm&r=g","caption":"creativebitsolutions"},"url":"https:\/\/carpathiacenter.ro\/en\/author\/creativebitsolutions\/"}]}},"_links":{"self":[{"href":"https:\/\/carpathiacenter.ro\/en\/wp-json\/wp\/v2\/posts\/2427","targetHints":{"allow":["GET"]}}],"collection":[{"href":"https:\/\/carpathiacenter.ro\/en\/wp-json\/wp\/v2\/posts"}],"about":[{"href":"https:\/\/carpathiacenter.ro\/en\/wp-json\/wp\/v2\/types\/post"}],"author":[{"embeddable":true,"href":"https:\/\/carpathiacenter.ro\/en\/wp-json\/wp\/v2\/users\/4"}],"replies":[{"embeddable":true,"href":"https:\/\/carpathiacenter.ro\/en\/wp-json\/wp\/v2\/comments?post=2427"}],"version-history":[{"count":2,"href":"https:\/\/carpathiacenter.ro\/en\/wp-json\/wp\/v2\/posts\/2427\/revisions"}],"predecessor-version":[{"id":2437,"href":"https:\/\/carpathiacenter.ro\/en\/wp-json\/wp\/v2\/posts\/2427\/revisions\/2437"}],"wp:featuredmedia":[{"embeddable":true,"href":"https:\/\/carpathiacenter.ro\/en\/wp-json\/wp\/v2\/media\/2428"}],"wp:attachment":[{"href":"https:\/\/carpathiacenter.ro\/en\/wp-json\/wp\/v2\/media?parent=2427"}],"wp:term":[{"taxonomy":"category","embeddable":true,"href":"https:\/\/carpathiacenter.ro\/en\/wp-json\/wp\/v2\/categories?post=2427"},{"taxonomy":"post_tag","embeddable":true,"href":"https:\/\/carpathiacenter.ro\/en\/wp-json\/wp\/v2\/tags?post=2427"}],"curies":[{"name":"wp","href":"https:\/\/api.w.org\/{rel}","templated":true}]}}