{"id":2420,"date":"2025-05-23T08:52:01","date_gmt":"2025-05-23T08:52:01","guid":{"rendered":"https:\/\/carpathiacenter.ro\/?p=2420"},"modified":"2025-05-23T08:52:01","modified_gmt":"2025-05-23T08:52:01","slug":"sedinta-cgmb-stelian-bujduveanu-ar-putea-deveni-primar-interimar-al-capitalei","status":"publish","type":"post","link":"https:\/\/carpathiacenter.ro\/en\/sedinta-cgmb-stelian-bujduveanu-ar-putea-deveni-primar-interimar-al-capitalei\/","title":{"rendered":"\u0218edin\u021b\u0103 CGMB: Stelian Bujduveanu ar putea deveni primar interimar al Capitalei"},"content":{"rendered":"<p><strong>Viceprimarul Stelian Bujduveanu (PNL) ar putea deveni primar interimar al Capitalei, conform unui proiect de hot\u0103r\u00e2re care urmeaz\u0103 s\u0103 fie dezb\u0103tut \u00een \u0219edin\u021ba de vineri a Consiliului General al Municipiului Bucure\u0219ti.<\/strong><\/p>\n<p>\u0218edin\u021ba extraordinar\u0103 a fost convocat\u0103 de primarul general, Nicu\u0219or Dan, c\u00e2\u0219tig\u0103tor al alegerilor preziden\u021biale.<\/p>\n<p>Pe ordinea de zi figureaz\u0103 un singur proiect de hot\u0103r\u00e2re, \u00een baza c\u0103ruia viceprimarul Stelian Bujduveanu va exercita primul calitatea de \u00eenlocuitor de drept al edilului general al Municipiului Bucure\u0219ti. \u00cen acest moment, Stelian Bujduveanu (PNL) \u0219i Adrian Vigheciu (PSD) sunt viceprimari ai Capitalei, \u00eens\u0103 viceprimarul social democrat este cel care exercit\u0103 primul calitatea de \u00eenlocuitor de drept al edilului general.<\/p>\n<p>Pre\u0219edintele interimar al USR, Dominic Fritz, a declarat mar\u021bi c\u0103 o majoritate de dreapta ar fi &#8216;numeric posibil\u0103&#8217; \u00een Consiliul General al Capitalei, construc\u021bie din care s\u0103 fac\u0103 parte PNL, USR, PMP, For\u021ba Dreptei, dar \u0219i alte partide mici.<\/p>\n<p>Dominic Fritz a men\u021bionat c\u0103 actuala majoritate din CGMB este format\u0103 din PSD, PNL \u0219i AUR.<\/p>\n<p>El a mai precizat c\u0103 USR Bucure\u0219ti poart\u0103 discu\u021bii pentru reconstruirea &#8216;rela\u021biei de \u00eencredere&#8217; cu PNL la nivelul Capitalei.<\/p>\n<p>&#8216;Nu e vorba de condi\u021bii, este vorba de discu\u021bii care sunt purtate \u0219i de c\u0103tre Vlad Voiculescu, pre\u0219edintele USR Bucure\u0219ti, dar \u0219i de al\u021bii despre o discu\u021bie despre cum putem s\u0103 reconstruim o rela\u021bie de \u00eencredere \u00eentre PNL \u0219i USR la nivel de Bucure\u0219ti, dar \u0219i la nivel de \u021bar\u0103&#8217;, a afirmat Dominic Fritz.<\/p>\n<p>De asemenea, consilierul general REPER C\u0103t\u0103lin Teni\u021b\u0103 a anun\u021bat pe Facebook c\u0103 a avut o discu\u021bie cu Stelian Bujduveanu despre condi\u021biile \u00een care va sus\u021bine interimatul acestuia. Mai exact, grupul REPER dore\u0219te ca \u00een mandatul interimar s\u0103 nu fie eliberate autoriza\u021bii pentru cl\u0103diri \u00eenalte \u00een centrul Capitalei sau pentru dezvolt\u0103ri imobiliare majore &#8216;\u00een zone cu infrastructur\u0103 deficitar\u0103 care pot congestiona&#8217; traficul. O alt\u0103 condi\u021bie este promovarea Planului Urbanistic General \u0219i nu a unor Planuri Urbanistice Zonale care s\u0103 &#8216;rezolve&#8217; situa\u021bii de tipul celor amintite.<\/p>\n<p>&#8216;Am avut acum dou\u0103 zile o discu\u021bie telefonic\u0103 cu domnul Bujduveanu \u0219i el m-a asigurat c\u0103 \u00ee\u0219i va asuma public \u00een \u0219edin\u021b\u0103 aceste doua puncte. \u00cen condi\u021biile \u00een care acest lucru se va \u00eent\u00e2mpla, va avea cele 4 voturi ale noastre \u0219i toat\u0103 disponibilitatea de a colabora pe chestiuni de urbanism (precum \u0219i din celelalte domenii edilitare)&#8217;, a scris C\u0103t\u0103lin Teni\u021b\u0103.<\/p>\n<p>Luni, pre\u0219edintele ales, Nicu\u0219or Dan, a remarcat, \u00eentr-un interviu pentru B1Tv, c\u0103 edilul interimar va trebui &#8216;s\u0103 se confrunte&#8217; cu restric\u021biile bugetare pe care Guvernul PSD le-a impus Prim\u0103riei Capitalei la \u00eenceputul anului.<\/p>\n<p>&#8216;Acum, imediat ce eu m\u0103 instalez la Cotroceni, unul din viceprimari va deveni primar interimar \u0219i se va ocupa. \u00cent\u00e2mpl\u0103tor este de la PSD \u0219i interesant este c\u0103 se va confrunta cu restric\u021biile bugetare pe care Guvernul PSD le-a impus pentru Prim\u0103ria Capitalei&#8217;, a spus Nicu\u0219or Dan. AGERPRES \/ (AS &#8211; redactor: Irinela Vi\u0219an, editor: Mihai Simionescu, editor online: Andreea Preda)<br \/>\n<br \/>\nSursa articolului:<a href=\"https:\/\/agerpres.ro\/administratie\/2025\/05\/23\/sedinta-cgmb-stelian-bujduveanu-ar-putea-deveni-primar-interimar-al-capitalei--1452286\" target=\"_blank\" rel=\"noopener\" title=\"\">https:\/\/agerpres.ro\/administratie\/2025\/05\/23\/sedinta-cgmb-stelian-bujduveanu-ar-putea-deveni-primar-interimar-al-capitalei&#8211;1452286<\/a><\/p>","protected":false},"excerpt":{"rendered":"<p>Viceprimarul Stelian Bujduveanu (PNL) ar putea deveni primar interimar al Capitalei, conform unui proiect de hot\u0103r\u00e2re care urmeaz\u0103 s\u0103 fie dezb\u0103tut \u00een \u0219edin\u021ba de vineri a Consiliului General al Municipiului Bucure\u0219ti. \u0218edin\u021ba extraordinar\u0103 a fost convocat\u0103 de primarul general, Nicu\u0219or Dan, c\u00e2\u0219tig\u0103tor al alegerilor preziden\u021biale. Pe ordinea de zi figureaz\u0103 un singur proiect de hot\u0103r\u00e2re,&#8230;<\/p>","protected":false},"author":4,"featured_media":2421,"comment_status":"open","ping_status":"open","sticky":false,"template":"","format":"standard","meta":{"footnotes":""},"categories":[1],"tags":[],"class_list":["post-2420","post","type-post","status-publish","format-standard","has-post-thumbnail","hentry","category-uncategorized"],"yoast_head":"<!-- This site is optimized with the Yoast SEO plugin v26.1.1 - https:\/\/yoast.com\/wordpress\/plugins\/seo\/ -->\n<title>\u0218edin\u021b\u0103 CGMB: Stelian Bujduveanu ar putea deveni primar interimar al Capitalei - Carpathia Center Romania<\/title>\n<meta name=\"robots\" content=\"index, follow, max-snippet:-1, max-image-preview:large, max-video-preview:-1\" \/>\n<link rel=\"canonical\" href=\"https:\/\/carpathiacenter.ro\/en\/sedinta-cgmb-stelian-bujduveanu-ar-putea-deveni-primar-interimar-al-capitalei\/\" \/>\n<meta property=\"og:locale\" content=\"en_GB\" \/>\n<meta property=\"og:type\" content=\"article\" \/>\n<meta property=\"og:title\" content=\"\u0218edin\u021b\u0103 CGMB: Stelian Bujduveanu ar putea deveni primar interimar al Capitalei - Carpathia Center Romania\" \/>\n<meta property=\"og:description\" content=\"Viceprimarul Stelian Bujduveanu (PNL) ar putea deveni primar interimar al Capitalei, conform unui proiect de hot\u0103r\u00e2re care urmeaz\u0103 s\u0103 fie dezb\u0103tut \u00een \u0219edin\u021ba de vineri a Consiliului General al Municipiului Bucure\u0219ti. \u0218edin\u021ba extraordinar\u0103 a fost convocat\u0103 de primarul general, Nicu\u0219or Dan, c\u00e2\u0219tig\u0103tor al alegerilor preziden\u021biale. Pe ordinea de zi figureaz\u0103 un singur proiect de hot\u0103r\u00e2re,...\" \/>\n<meta property=\"og:url\" content=\"https:\/\/carpathiacenter.ro\/en\/sedinta-cgmb-stelian-bujduveanu-ar-putea-deveni-primar-interimar-al-capitalei\/\" \/>\n<meta property=\"og:site_name\" content=\"Carpathia Center Romania\" \/>\n<meta property=\"article:publisher\" content=\"https:\/\/www.facebook.com\/fdpscarpathia\/\" \/>\n<meta property=\"article:published_time\" content=\"2025-05-23T08:52:01+00:00\" \/>\n<meta property=\"og:image\" content=\"https:\/\/carpathiacenter.ro\/wp-content\/uploads\/2025\/05\/stelian-bujduveanu.jpg\" \/>\n\t<meta property=\"og:image:width\" content=\"1200\" \/>\n\t<meta property=\"og:image:height\" content=\"675\" \/>\n\t<meta property=\"og:image:type\" content=\"image\/jpeg\" \/>\n<meta name=\"author\" content=\"creativebitsolutions\" \/>\n<meta name=\"twitter:card\" content=\"summary_large_image\" \/>\n<meta name=\"twitter:label1\" content=\"Written by\" \/>\n\t<meta name=\"twitter:data1\" content=\"creativebitsolutions\" \/>\n\t<meta name=\"twitter:label2\" content=\"Estimated reading time\" \/>\n\t<meta name=\"twitter:data2\" content=\"3 minutes\" \/>\n<script type=\"application\/ld+json\" class=\"yoast-schema-graph\">{\"@context\":\"https:\/\/schema.org\",\"@graph\":[{\"@type\":\"Article\",\"@id\":\"https:\/\/carpathiacenter.ro\/sedinta-cgmb-stelian-bujduveanu-ar-putea-deveni-primar-interimar-al-capitalei\/#article\",\"isPartOf\":{\"@id\":\"https:\/\/carpathiacenter.ro\/sedinta-cgmb-stelian-bujduveanu-ar-putea-deveni-primar-interimar-al-capitalei\/\"},\"author\":{\"name\":\"creativebitsolutions\",\"@id\":\"https:\/\/carpathiacenter.ro\/#\/schema\/person\/03d9f58202fee8379268f34afa195006\"},\"headline\":\"\u0218edin\u021b\u0103 CGMB: Stelian Bujduveanu ar putea deveni primar interimar al Capitalei\",\"datePublished\":\"2025-05-23T08:52:01+00:00\",\"mainEntityOfPage\":{\"@id\":\"https:\/\/carpathiacenter.ro\/sedinta-cgmb-stelian-bujduveanu-ar-putea-deveni-primar-interimar-al-capitalei\/\"},\"wordCount\":548,\"commentCount\":0,\"publisher\":{\"@id\":\"https:\/\/carpathiacenter.ro\/#organization\"},\"image\":{\"@id\":\"https:\/\/carpathiacenter.ro\/sedinta-cgmb-stelian-bujduveanu-ar-putea-deveni-primar-interimar-al-capitalei\/#primaryimage\"},\"thumbnailUrl\":\"https:\/\/carpathiacenter.ro\/wp-content\/uploads\/2025\/05\/stelian-bujduveanu.jpg\",\"articleSection\":[\"Uncategorized\"],\"inLanguage\":\"en-GB\",\"potentialAction\":[{\"@type\":\"CommentAction\",\"name\":\"Comment\",\"target\":[\"https:\/\/carpathiacenter.ro\/sedinta-cgmb-stelian-bujduveanu-ar-putea-deveni-primar-interimar-al-capitalei\/#respond\"]}]},{\"@type\":\"WebPage\",\"@id\":\"https:\/\/carpathiacenter.ro\/sedinta-cgmb-stelian-bujduveanu-ar-putea-deveni-primar-interimar-al-capitalei\/\",\"url\":\"https:\/\/carpathiacenter.ro\/sedinta-cgmb-stelian-bujduveanu-ar-putea-deveni-primar-interimar-al-capitalei\/\",\"name\":\"\u0218edin\u021b\u0103 CGMB: Stelian Bujduveanu ar putea deveni primar interimar al Capitalei - Carpathia Center Romania\",\"isPartOf\":{\"@id\":\"https:\/\/carpathiacenter.ro\/#website\"},\"primaryImageOfPage\":{\"@id\":\"https:\/\/carpathiacenter.ro\/sedinta-cgmb-stelian-bujduveanu-ar-putea-deveni-primar-interimar-al-capitalei\/#primaryimage\"},\"image\":{\"@id\":\"https:\/\/carpathiacenter.ro\/sedinta-cgmb-stelian-bujduveanu-ar-putea-deveni-primar-interimar-al-capitalei\/#primaryimage\"},\"thumbnailUrl\":\"https:\/\/carpathiacenter.ro\/wp-content\/uploads\/2025\/05\/stelian-bujduveanu.jpg\",\"datePublished\":\"2025-05-23T08:52:01+00:00\",\"breadcrumb\":{\"@id\":\"https:\/\/carpathiacenter.ro\/sedinta-cgmb-stelian-bujduveanu-ar-putea-deveni-primar-interimar-al-capitalei\/#breadcrumb\"},\"inLanguage\":\"en-GB\",\"potentialAction\":[{\"@type\":\"ReadAction\",\"target\":[\"https:\/\/carpathiacenter.ro\/sedinta-cgmb-stelian-bujduveanu-ar-putea-deveni-primar-interimar-al-capitalei\/\"]}]},{\"@type\":\"ImageObject\",\"inLanguage\":\"en-GB\",\"@id\":\"https:\/\/carpathiacenter.ro\/sedinta-cgmb-stelian-bujduveanu-ar-putea-deveni-primar-interimar-al-capitalei\/#primaryimage\",\"url\":\"https:\/\/carpathiacenter.ro\/wp-content\/uploads\/2025\/05\/stelian-bujduveanu.jpg\",\"contentUrl\":\"https:\/\/carpathiacenter.ro\/wp-content\/uploads\/2025\/05\/stelian-bujduveanu.jpg\",\"width\":1200,\"height\":675},{\"@type\":\"BreadcrumbList\",\"@id\":\"https:\/\/carpathiacenter.ro\/sedinta-cgmb-stelian-bujduveanu-ar-putea-deveni-primar-interimar-al-capitalei\/#breadcrumb\",\"itemListElement\":[{\"@type\":\"ListItem\",\"position\":1,\"name\":\"Prima pagin\u0103\",\"item\":\"https:\/\/carpathiacenter.ro\/\"},{\"@type\":\"ListItem\",\"position\":2,\"name\":\"\u0218edin\u021b\u0103 CGMB: Stelian Bujduveanu ar putea deveni primar interimar al Capitalei\"}]},{\"@type\":\"WebSite\",\"@id\":\"https:\/\/carpathiacenter.ro\/#website\",\"url\":\"https:\/\/carpathiacenter.ro\/\",\"name\":\"Carpathia Center Romania\",\"description\":\"Impossible made possible!\",\"publisher\":{\"@id\":\"https:\/\/carpathiacenter.ro\/#organization\"},\"potentialAction\":[{\"@type\":\"SearchAction\",\"target\":{\"@type\":\"EntryPoint\",\"urlTemplate\":\"https:\/\/carpathiacenter.ro\/?s={search_term_string}\"},\"query-input\":{\"@type\":\"PropertyValueSpecification\",\"valueRequired\":true,\"valueName\":\"search_term_string\"}}],\"inLanguage\":\"en-GB\"},{\"@type\":\"Organization\",\"@id\":\"https:\/\/carpathiacenter.ro\/#organization\",\"name\":\"Carpathia Center Romania\",\"url\":\"https:\/\/carpathiacenter.ro\/\",\"logo\":{\"@type\":\"ImageObject\",\"inLanguage\":\"en-GB\",\"@id\":\"https:\/\/carpathiacenter.ro\/#\/schema\/logo\/image\/\",\"url\":\"https:\/\/carpathiacenter.ro\/wp-content\/uploads\/2024\/07\/logo-carpathia_bg_white-1024x941.png\",\"contentUrl\":\"https:\/\/carpathiacenter.ro\/wp-content\/uploads\/2024\/07\/logo-carpathia_bg_white-1024x941.png\",\"width\":1024,\"height\":941,\"caption\":\"Carpathia Center Romania\"},\"image\":{\"@id\":\"https:\/\/carpathiacenter.ro\/#\/schema\/logo\/image\/\"},\"sameAs\":[\"https:\/\/www.facebook.com\/fdpscarpathia\/\"]},{\"@type\":\"Person\",\"@id\":\"https:\/\/carpathiacenter.ro\/#\/schema\/person\/03d9f58202fee8379268f34afa195006\",\"name\":\"creativebitsolutions\",\"image\":{\"@type\":\"ImageObject\",\"inLanguage\":\"en-GB\",\"@id\":\"https:\/\/carpathiacenter.ro\/#\/schema\/person\/image\/\",\"url\":\"https:\/\/secure.gravatar.com\/avatar\/1b1a13e37f847c635dab78348f1dff2f07651ee2a3d77a5c355a4b8c75f9165a?s=96&d=mm&r=g\",\"contentUrl\":\"https:\/\/secure.gravatar.com\/avatar\/1b1a13e37f847c635dab78348f1dff2f07651ee2a3d77a5c355a4b8c75f9165a?s=96&d=mm&r=g\",\"caption\":\"creativebitsolutions\"},\"url\":\"https:\/\/carpathiacenter.ro\/en\/author\/creativebitsolutions\/\"}]}<\/script>\n<!-- \/ Yoast SEO plugin. -->","yoast_head_json":{"title":"\u0218edin\u021b\u0103 CGMB: Stelian Bujduveanu ar putea deveni primar interimar al Capitalei - Carpathia Center Romania","robots":{"index":"index","follow":"follow","max-snippet":"max-snippet:-1","max-image-preview":"max-image-preview:large","max-video-preview":"max-video-preview:-1"},"canonical":"https:\/\/carpathiacenter.ro\/en\/sedinta-cgmb-stelian-bujduveanu-ar-putea-deveni-primar-interimar-al-capitalei\/","og_locale":"en_GB","og_type":"article","og_title":"\u0218edin\u021b\u0103 CGMB: Stelian Bujduveanu ar putea deveni primar interimar al Capitalei - Carpathia Center Romania","og_description":"Viceprimarul Stelian Bujduveanu (PNL) ar putea deveni primar interimar al Capitalei, conform unui proiect de hot\u0103r\u00e2re care urmeaz\u0103 s\u0103 fie dezb\u0103tut \u00een \u0219edin\u021ba de vineri a Consiliului General al Municipiului Bucure\u0219ti. \u0218edin\u021ba extraordinar\u0103 a fost convocat\u0103 de primarul general, Nicu\u0219or Dan, c\u00e2\u0219tig\u0103tor al alegerilor preziden\u021biale. Pe ordinea de zi figureaz\u0103 un singur proiect de hot\u0103r\u00e2re,...","og_url":"https:\/\/carpathiacenter.ro\/en\/sedinta-cgmb-stelian-bujduveanu-ar-putea-deveni-primar-interimar-al-capitalei\/","og_site_name":"Carpathia Center Romania","article_publisher":"https:\/\/www.facebook.com\/fdpscarpathia\/","article_published_time":"2025-05-23T08:52:01+00:00","og_image":[{"width":1200,"height":675,"url":"https:\/\/carpathiacenter.ro\/wp-content\/uploads\/2025\/05\/stelian-bujduveanu.jpg","type":"image\/jpeg"}],"author":"creativebitsolutions","twitter_card":"summary_large_image","twitter_misc":{"Written by":"creativebitsolutions","Estimated reading time":"3 minutes"},"schema":{"@context":"https:\/\/schema.org","@graph":[{"@type":"Article","@id":"https:\/\/carpathiacenter.ro\/sedinta-cgmb-stelian-bujduveanu-ar-putea-deveni-primar-interimar-al-capitalei\/#article","isPartOf":{"@id":"https:\/\/carpathiacenter.ro\/sedinta-cgmb-stelian-bujduveanu-ar-putea-deveni-primar-interimar-al-capitalei\/"},"author":{"name":"creativebitsolutions","@id":"https:\/\/carpathiacenter.ro\/#\/schema\/person\/03d9f58202fee8379268f34afa195006"},"headline":"\u0218edin\u021b\u0103 CGMB: Stelian Bujduveanu ar putea deveni primar interimar al Capitalei","datePublished":"2025-05-23T08:52:01+00:00","mainEntityOfPage":{"@id":"https:\/\/carpathiacenter.ro\/sedinta-cgmb-stelian-bujduveanu-ar-putea-deveni-primar-interimar-al-capitalei\/"},"wordCount":548,"commentCount":0,"publisher":{"@id":"https:\/\/carpathiacenter.ro\/#organization"},"image":{"@id":"https:\/\/carpathiacenter.ro\/sedinta-cgmb-stelian-bujduveanu-ar-putea-deveni-primar-interimar-al-capitalei\/#primaryimage"},"thumbnailUrl":"https:\/\/carpathiacenter.ro\/wp-content\/uploads\/2025\/05\/stelian-bujduveanu.jpg","articleSection":["Uncategorized"],"inLanguage":"en-GB","potentialAction":[{"@type":"CommentAction","name":"Comment","target":["https:\/\/carpathiacenter.ro\/sedinta-cgmb-stelian-bujduveanu-ar-putea-deveni-primar-interimar-al-capitalei\/#respond"]}]},{"@type":"WebPage","@id":"https:\/\/carpathiacenter.ro\/sedinta-cgmb-stelian-bujduveanu-ar-putea-deveni-primar-interimar-al-capitalei\/","url":"https:\/\/carpathiacenter.ro\/sedinta-cgmb-stelian-bujduveanu-ar-putea-deveni-primar-interimar-al-capitalei\/","name":"\u0218edin\u021b\u0103 CGMB: Stelian Bujduveanu ar putea deveni primar interimar al Capitalei - Carpathia Center Romania","isPartOf":{"@id":"https:\/\/carpathiacenter.ro\/#website"},"primaryImageOfPage":{"@id":"https:\/\/carpathiacenter.ro\/sedinta-cgmb-stelian-bujduveanu-ar-putea-deveni-primar-interimar-al-capitalei\/#primaryimage"},"image":{"@id":"https:\/\/carpathiacenter.ro\/sedinta-cgmb-stelian-bujduveanu-ar-putea-deveni-primar-interimar-al-capitalei\/#primaryimage"},"thumbnailUrl":"https:\/\/carpathiacenter.ro\/wp-content\/uploads\/2025\/05\/stelian-bujduveanu.jpg","datePublished":"2025-05-23T08:52:01+00:00","breadcrumb":{"@id":"https:\/\/carpathiacenter.ro\/sedinta-cgmb-stelian-bujduveanu-ar-putea-deveni-primar-interimar-al-capitalei\/#breadcrumb"},"inLanguage":"en-GB","potentialAction":[{"@type":"ReadAction","target":["https:\/\/carpathiacenter.ro\/sedinta-cgmb-stelian-bujduveanu-ar-putea-deveni-primar-interimar-al-capitalei\/"]}]},{"@type":"ImageObject","inLanguage":"en-GB","@id":"https:\/\/carpathiacenter.ro\/sedinta-cgmb-stelian-bujduveanu-ar-putea-deveni-primar-interimar-al-capitalei\/#primaryimage","url":"https:\/\/carpathiacenter.ro\/wp-content\/uploads\/2025\/05\/stelian-bujduveanu.jpg","contentUrl":"https:\/\/carpathiacenter.ro\/wp-content\/uploads\/2025\/05\/stelian-bujduveanu.jpg","width":1200,"height":675},{"@type":"BreadcrumbList","@id":"https:\/\/carpathiacenter.ro\/sedinta-cgmb-stelian-bujduveanu-ar-putea-deveni-primar-interimar-al-capitalei\/#breadcrumb","itemListElement":[{"@type":"ListItem","position":1,"name":"Prima pagin\u0103","item":"https:\/\/carpathiacenter.ro\/"},{"@type":"ListItem","position":2,"name":"\u0218edin\u021b\u0103 CGMB: Stelian Bujduveanu ar putea deveni primar interimar al Capitalei"}]},{"@type":"WebSite","@id":"https:\/\/carpathiacenter.ro\/#website","url":"https:\/\/carpathiacenter.ro\/","name":"Carpathia Center Romania","description":"Impossible made possible!","publisher":{"@id":"https:\/\/carpathiacenter.ro\/#organization"},"potentialAction":[{"@type":"SearchAction","target":{"@type":"EntryPoint","urlTemplate":"https:\/\/carpathiacenter.ro\/?s={search_term_string}"},"query-input":{"@type":"PropertyValueSpecification","valueRequired":true,"valueName":"search_term_string"}}],"inLanguage":"en-GB"},{"@type":"Organization","@id":"https:\/\/carpathiacenter.ro\/#organization","name":"Carpathia Center Romania","url":"https:\/\/carpathiacenter.ro\/","logo":{"@type":"ImageObject","inLanguage":"en-GB","@id":"https:\/\/carpathiacenter.ro\/#\/schema\/logo\/image\/","url":"https:\/\/carpathiacenter.ro\/wp-content\/uploads\/2024\/07\/logo-carpathia_bg_white-1024x941.png","contentUrl":"https:\/\/carpathiacenter.ro\/wp-content\/uploads\/2024\/07\/logo-carpathia_bg_white-1024x941.png","width":1024,"height":941,"caption":"Carpathia Center Romania"},"image":{"@id":"https:\/\/carpathiacenter.ro\/#\/schema\/logo\/image\/"},"sameAs":["https:\/\/www.facebook.com\/fdpscarpathia\/"]},{"@type":"Person","@id":"https:\/\/carpathiacenter.ro\/#\/schema\/person\/03d9f58202fee8379268f34afa195006","name":"creativebitsolutions","image":{"@type":"ImageObject","inLanguage":"en-GB","@id":"https:\/\/carpathiacenter.ro\/#\/schema\/person\/image\/","url":"https:\/\/secure.gravatar.com\/avatar\/1b1a13e37f847c635dab78348f1dff2f07651ee2a3d77a5c355a4b8c75f9165a?s=96&d=mm&r=g","contentUrl":"https:\/\/secure.gravatar.com\/avatar\/1b1a13e37f847c635dab78348f1dff2f07651ee2a3d77a5c355a4b8c75f9165a?s=96&d=mm&r=g","caption":"creativebitsolutions"},"url":"https:\/\/carpathiacenter.ro\/en\/author\/creativebitsolutions\/"}]}},"_links":{"self":[{"href":"https:\/\/carpathiacenter.ro\/en\/wp-json\/wp\/v2\/posts\/2420","targetHints":{"allow":["GET"]}}],"collection":[{"href":"https:\/\/carpathiacenter.ro\/en\/wp-json\/wp\/v2\/posts"}],"about":[{"href":"https:\/\/carpathiacenter.ro\/en\/wp-json\/wp\/v2\/types\/post"}],"author":[{"embeddable":true,"href":"https:\/\/carpathiacenter.ro\/en\/wp-json\/wp\/v2\/users\/4"}],"replies":[{"embeddable":true,"href":"https:\/\/carpathiacenter.ro\/en\/wp-json\/wp\/v2\/comments?post=2420"}],"version-history":[{"count":1,"href":"https:\/\/carpathiacenter.ro\/en\/wp-json\/wp\/v2\/posts\/2420\/revisions"}],"predecessor-version":[{"id":2422,"href":"https:\/\/carpathiacenter.ro\/en\/wp-json\/wp\/v2\/posts\/2420\/revisions\/2422"}],"wp:featuredmedia":[{"embeddable":true,"href":"https:\/\/carpathiacenter.ro\/en\/wp-json\/wp\/v2\/media\/2421"}],"wp:attachment":[{"href":"https:\/\/carpathiacenter.ro\/en\/wp-json\/wp\/v2\/media?parent=2420"}],"wp:term":[{"taxonomy":"category","embeddable":true,"href":"https:\/\/carpathiacenter.ro\/en\/wp-json\/wp\/v2\/categories?post=2420"},{"taxonomy":"post_tag","embeddable":true,"href":"https:\/\/carpathiacenter.ro\/en\/wp-json\/wp\/v2\/tags?post=2420"}],"curies":[{"name":"wp","href":"https:\/\/api.w.org\/{rel}","templated":true}]}}