{"id":2408,"date":"2025-05-21T13:44:36","date_gmt":"2025-05-21T13:44:36","guid":{"rendered":"https:\/\/carpathiacenter.ro\/?p=2408"},"modified":"2025-05-21T13:44:36","modified_gmt":"2025-05-21T13:44:36","slug":"ministerul-energiei-a-fost-informat-marti-despre-decizia-sinteza-de-a-renunta-la-implementarea-proiectului-de-creare-a-capacitatii-de-productie-de-baterii","status":"publish","type":"post","link":"https:\/\/carpathiacenter.ro\/en\/ministerul-energiei-a-fost-informat-marti-despre-decizia-sinteza-de-a-renunta-la-implementarea-proiectului-de-creare-a-capacitatii-de-productie-de-baterii\/","title":{"rendered":"Ministerul Energiei a fost informat, mar\u021bi, despre decizia Sinteza de a renun\u021ba la implementarea proiectului de creare a capacit\u0103\u021bii de produc\u021bie de baterii"},"content":{"rendered":"<p><strong>Ministerul Energiei a luat act de decizia companiei Sinteza SA de a renun\u021ba la implementarea proiectului de creare a unei capacit\u0103\u021bi de produc\u021bie de baterii, parte a Planului Na\u021bional de Redresare \u0219i Rezilien\u021b\u0103 (PNRR), notificare primit\u0103 oficial \u00een data de 20 mai 2025, informeaz\u0103 ministerul printr-un comunicat.<\/strong><\/p>\n<p>\u00cen acest context, potrivit sursei citate, Ministerul Energiei a ini\u021biat imediat un dialog cu beneficiarul finan\u021b\u0103rii, \u00een vederea identific\u0103rii celor mai potrivi\u021bi pa\u0219i de urmat pentru a asigura continuitatea obiectivelor asumate la nivel na\u021bional \u00een cadrul PNRR, m\u0103sura I4.1 &#8211; Sprijinirea investi\u021biilor \u00een \u00eentregul lan\u021b valoric al bateriilor (produc\u021bie \u0219i\/sau asamblare \u0219i reciclare)<\/p>\n<p>&#8216;De\u0219i compania Sinteza SA a decis oprirea proiectului, Ministerul r\u0103m\u00e2ne angajat \u00een promovarea \u0219i sus\u021binerea apelului dedicat produc\u021biei de baterii \u00een Rom\u00e2nia. Men\u021bion\u0103m c\u0103, p\u00e2n\u0103 la acest moment, Ministerul Energiei nu a efectuat pl\u0103\u021bi c\u0103tre Sinteza SA, astfel c\u0103 nu se \u00eenregistreaz\u0103 un impact financiar negativ asupra fondurilor gestionate prin PNRR. Ministerul Energiei \u00ee\u0219i reafirm\u0103 angajamentul de a sprijini dezvoltarea unei capacit\u0103\u021bi industriale na\u021bionale competitive \u00een domeniul bateriilor, un sector strategic pentru viitorul energetic al Rom\u00e2niei \u0219i pentru atingerea \u021bintelor de decarbonizare. Vom continua eforturile de identificare \u0219i sus\u021binere a proiectelor viabile, astfel \u00eenc\u00e2t Rom\u00e2nia s\u0103 \u00ee\u0219i reduc\u0103 dependen\u021ba de importuri \u0219i s\u0103 contribuie activ la autonomia energetic\u0103 a Uniunii Europene&#8217;, se men\u021bioneaz\u0103 \u00een comunicat.<\/p>\n<p>Sinteza a anun\u021bat mar\u021bi, printr-un raport transmis Bursei de Valori Bucure\u0219ti, c\u0103 \u00een cadrul \u0219edin\u021bei Consiliului de Administra\u021bie din data de 19 mai 2025, \u00een urma unei evalu\u0103ri interne aprofundate \u0219i a unei alinieri strategice cu partenerul tehnologic, Lockheed Martin, a luat decizia de a renun\u021ba la implementarea proiectului de investi\u021bii intitulat &#8216;\u00cenfiin\u021barea unei noi capacit\u0103\u021bi de produc\u021bie, testare \u0219i reciclare a electroli\u021bilor utiliza\u021bi pentru fabricarea de baterii industriale pentru stocarea energiei electrice&#8217;, finan\u021bat prin programul Planul Na\u021bional de Redresare \u0219i Rezilien\u021b\u0103.<\/p>\n<p>&#8216;Decizia reflect\u0103 concluziile unei analize am\u0103nun\u021bite de fezabilitate \u0219i ale unei evalu\u0103ri comerciale, efectuate de Sinteza SA, care au avut \u00een vedere o varietate de factori relevan\u021bi. Tehnologia redox flow este promi\u021b\u0103toare \u0219i strategic valoroas\u0103 pe termen lung pentru sectorul energetic, \u00eens\u0103 momentul actual nu ofer\u0103 \u00eenc\u0103 toate condi\u021biile necesare pentru lansarea sustenabil\u0103 a acestui proiect. Analiza a \u021binut cont, printre altele, de dinamica general\u0103 a pie\u021bei pentru solu\u021bii de stocare de durat\u0103 mare \u0219i de caracteristicile actuale ale cererii, f\u0103r\u0103 a pune sub semnul \u00eentreb\u0103rii poten\u021bialul colabor\u0103rilor viitoare \u00een aceast\u0103 direc\u021bie&#8217;, se precizeaz\u0103 \u00een raportul transmis BVB.<\/p>\n<p>Sursa citat\u0103 subliniaz\u0103 c\u0103, \u00een etapa recent\u0103 de analiz\u0103, au fost explorate op\u021biuni de ajustare a modelului de afaceri ini\u021bial, care ar fi presupus o redefinire semnificativ\u0103 a rolului \u0219i responsabilit\u0103\u021bilor Sinteza SA. Aceste variante ar fi implicat o extindere considerabil\u0103 a ariei de implementare, precum \u0219i o cre\u0219tere substan\u021bial\u0103 a angajamentului investi\u021bional \u0219i a nivelului de risc.<\/p>\n<p>&#8216;Av\u00e2nd \u00een vedere contextul actual de pia\u021b\u0103, o astfel de implicare nu ar putea fi sus\u021binut\u0103, \u00een acest moment, pe baze strategice solide. De\u0219i proiectul beneficiaz\u0103 de sprijin nerambursabil aprobat de Ministerul Energiei, analiza actualizat\u0103 a indicat c\u0103, \u00een contextul actual, condi\u021biile necesare pentru sus\u021binerea viabilit\u0103\u021bii economice nu sunt pe deplin \u00eentrunite. \u00cen aceste condi\u021bii, continuarea implement\u0103rii ar putea genera un nivel de expunere care nu corespunde pe deplin principiilor noastre de pruden\u021b\u0103 strategic\u0103 \u0219i gestiune responsabil\u0103 a resurselor, \u00een acord cu obiectivele pe termen lung ale companiei \u0219i cu interesele ac\u021bionarilor. \u00cen consecin\u021b\u0103, vom demara procedurile formale privind \u00eencetarea implement\u0103rii proiectului \u0219i a contractului de finan\u021bare aferent, \u00een deplin\u0103 transparen\u021b\u0103 \u0219i cu respectarea tuturor cerin\u021belor legale \u0219i contractuale aplicabile, \u00een acord cu principiile de guvernan\u021b\u0103 corporativ\u0103 \u0219i cu a\u0219tept\u0103rile investitorilor \u0219i p\u0103r\u021bilor interesate&#8217;, au transmis reprezentan\u021bii Sinteza.<\/p>\n<p>Totodat\u0103, compania a anun\u021bat mar\u021bi, printr-un alt raport transmis BVB, c\u0103 \u00een cadrul \u0219edin\u021bei Consiliului de Administra\u021bie din data de 19 mai 2025, Remus Cotu\u021b \u0219i-a \u00eenaintat demisia din func\u021bia de director general \u0219i reprezentant legal al Sinteza, cu efect \u00eencep\u00e2nd de la data de 19 mai 2025.<\/p>\n<p>&#8216;Aceasta demisie survine \u00een contextul deciziei companiei de a opri implementarea proiectului de investi\u021bii finan\u021bat prin Planul Na\u021bional de Redresare \u0219i Rezilien\u021b\u0103 (PNRR). Av\u00e2nd \u00een vedere c\u0103 mandatul domnului Cotu\u021b a fost str\u00e2ns legat de execu\u021bia acestui proiect strategic, \u00eencetarea acestuia marcheaz\u0103 \u00een mod natural \u0219i finalul colabor\u0103rii manageriale agreate de comun acord la momentul prelu\u0103rii func\u021biei&#8217;, se arat\u0103 \u00een raport.<\/p>\n<p>Sinteza a semnat, la finele lunii decembrie 2024, cu Ministerul Energiei un contract de finan\u021bare, din Planul Na\u021bional de Redresare \u0219i Rezilien\u021b\u0103, pentru \u00eenfiin\u021barea unei noi capacit\u0103\u021bi de produc\u021bie, testare \u0219i reciclare a electroli\u021bilor utiliza\u021bi pentru fabricarea de baterii industriale pentru stocarea energiei electrice.<\/p>\n<p>Valoarea total\u0103 a proiectului era de 309,267 milioane lei (cu TVA), valoarea total\u0103 eligibil\u0103 este de 248,073 milioane lei, f\u0103r\u0103 TVA, din care valoarea maxim\u0103 eligibil\u0103 nerambursabil\u0103 (valoare ajutor de stat solicitat) de 124,036 milioane lei (f\u0103r\u0103 TVA) \u0219i valoarea eligibil\u0103 a cheltuielilor care se acoper\u0103 din contribu\u021bia proprie a beneficiarului de 124,036 milioane lei (f\u0103r\u0103 TVA).<\/p>\n<p>Valoarea neeligibil\u0103 a cheltuielilor care se acoper\u0103 din contribu\u021bia proprie a beneficiarului era de 11,913 milioane lei, iar valoarea TVA-ului este de 49,28 milioane lei.<\/p>\n<p>Anterior, la finele lunii noiembrie, Sinteza \u0219i Lockheed Martin au semnat o scrisoare de inten\u021bie \u00een vederea construc\u021biei la Oradea a unei fabrici de baterii GridStar Flow, cu zero emisii de carbon \u0219i care permit ob\u021binerea de energie durabil\u0103 \u0219i stabil\u0103.<\/p>\n<p>Acest acord stabilea cadrul \u00een care p\u0103r\u021bile vor \u00eencepe procesul de dezvoltare a unei viitoare fabrici care va produce 30.000 de tone de electrolit negativ pe an, \u00eencep\u00e2nd din vara anului 2026. Aceasta va fi prima fabric\u0103 european\u0103 de acest tip \u0219i cea mai mare din lume. AGERPRES\/(AS-editor: Nicoleta Gherasi, editor online: Simona Aru\u015ftei)<br \/>\n<br \/>\nSursa articolului:<a href=\"https:\/\/agerpres.ro\/economic\/2025\/05\/21\/ministerul-energiei-a-fost-informat-marti-despre-decizia-sinteza-de-a-renunta-la-implementarea-proie--1451477\" target=\"_blank\" rel=\"noopener\" title=\"\">https:\/\/agerpres.ro\/economic\/2025\/05\/21\/ministerul-energiei-a-fost-informat-marti-despre-decizia-sinteza-de-a-renunta-la-implementarea-proie&#8211;1451477<\/a><\/p>","protected":false},"excerpt":{"rendered":"<p>Ministerul Energiei a luat act de decizia companiei Sinteza SA de a renun\u021ba la implementarea proiectului de creare a unei capacit\u0103\u021bi de produc\u021bie de baterii, parte a Planului Na\u021bional de Redresare \u0219i Rezilien\u021b\u0103 (PNRR), notificare primit\u0103 oficial \u00een data de 20 mai 2025, informeaz\u0103 ministerul printr-un comunicat. \u00cen acest context, potrivit sursei citate, Ministerul Energiei&#8230;<\/p>","protected":false},"author":4,"featured_media":2409,"comment_status":"open","ping_status":"open","sticky":false,"template":"","format":"standard","meta":{"footnotes":""},"categories":[1],"tags":[],"class_list":["post-2408","post","type-post","status-publish","format-standard","has-post-thumbnail","hentry","category-uncategorized"],"yoast_head":"<!-- This site is optimized with the Yoast SEO plugin v26.1.1 - https:\/\/yoast.com\/wordpress\/plugins\/seo\/ -->\n<title>Ministerul Energiei a fost informat, mar\u021bi, despre decizia Sinteza de a renun\u021ba la implementarea proiectului de creare a capacit\u0103\u021bii de produc\u021bie de baterii - Carpathia Center Romania<\/title>\n<meta name=\"robots\" content=\"index, follow, max-snippet:-1, max-image-preview:large, max-video-preview:-1\" \/>\n<link rel=\"canonical\" href=\"https:\/\/carpathiacenter.ro\/en\/ministerul-energiei-a-fost-informat-marti-despre-decizia-sinteza-de-a-renunta-la-implementarea-proiectului-de-creare-a-capacitatii-de-productie-de-baterii\/\" \/>\n<meta property=\"og:locale\" content=\"en_GB\" \/>\n<meta property=\"og:type\" content=\"article\" \/>\n<meta property=\"og:title\" content=\"Ministerul Energiei a fost informat, mar\u021bi, despre decizia Sinteza de a renun\u021ba la implementarea proiectului de creare a capacit\u0103\u021bii de produc\u021bie de baterii - Carpathia Center Romania\" \/>\n<meta property=\"og:description\" content=\"Ministerul Energiei a luat act de decizia companiei Sinteza SA de a renun\u021ba la implementarea proiectului de creare a unei capacit\u0103\u021bi de produc\u021bie de baterii, parte a Planului Na\u021bional de Redresare \u0219i Rezilien\u021b\u0103 (PNRR), notificare primit\u0103 oficial \u00een data de 20 mai 2025, informeaz\u0103 ministerul printr-un comunicat. \u00cen acest context, potrivit sursei citate, Ministerul Energiei...\" \/>\n<meta property=\"og:url\" content=\"https:\/\/carpathiacenter.ro\/en\/ministerul-energiei-a-fost-informat-marti-despre-decizia-sinteza-de-a-renunta-la-implementarea-proiectului-de-creare-a-capacitatii-de-productie-de-baterii\/\" \/>\n<meta property=\"og:site_name\" content=\"Carpathia Center Romania\" \/>\n<meta property=\"article:publisher\" content=\"https:\/\/www.facebook.com\/fdpscarpathia\/\" \/>\n<meta property=\"article:published_time\" content=\"2025-05-21T13:44:36+00:00\" \/>\n<meta property=\"og:image\" content=\"https:\/\/carpathiacenter.ro\/wp-content\/uploads\/2025\/05\/Min-Energiei.jpg\" \/>\n\t<meta property=\"og:image:width\" content=\"1024\" \/>\n\t<meta property=\"og:image:height\" content=\"576\" \/>\n\t<meta property=\"og:image:type\" content=\"image\/jpeg\" \/>\n<meta name=\"author\" content=\"creativebitsolutions\" \/>\n<meta name=\"twitter:card\" content=\"summary_large_image\" \/>\n<meta name=\"twitter:label1\" content=\"Written by\" \/>\n\t<meta name=\"twitter:data1\" content=\"creativebitsolutions\" \/>\n\t<meta name=\"twitter:label2\" content=\"Estimated reading time\" \/>\n\t<meta name=\"twitter:data2\" content=\"5 minutes\" \/>\n<script type=\"application\/ld+json\" class=\"yoast-schema-graph\">{\"@context\":\"https:\/\/schema.org\",\"@graph\":[{\"@type\":\"Article\",\"@id\":\"https:\/\/carpathiacenter.ro\/ministerul-energiei-a-fost-informat-marti-despre-decizia-sinteza-de-a-renunta-la-implementarea-proiectului-de-creare-a-capacitatii-de-productie-de-baterii\/#article\",\"isPartOf\":{\"@id\":\"https:\/\/carpathiacenter.ro\/ministerul-energiei-a-fost-informat-marti-despre-decizia-sinteza-de-a-renunta-la-implementarea-proiectului-de-creare-a-capacitatii-de-productie-de-baterii\/\"},\"author\":{\"name\":\"creativebitsolutions\",\"@id\":\"https:\/\/carpathiacenter.ro\/#\/schema\/person\/03d9f58202fee8379268f34afa195006\"},\"headline\":\"Ministerul Energiei a fost informat, mar\u021bi, despre decizia Sinteza de a renun\u021ba la implementarea proiectului de creare a capacit\u0103\u021bii de produc\u021bie de baterii\",\"datePublished\":\"2025-05-21T13:44:36+00:00\",\"mainEntityOfPage\":{\"@id\":\"https:\/\/carpathiacenter.ro\/ministerul-energiei-a-fost-informat-marti-despre-decizia-sinteza-de-a-renunta-la-implementarea-proiectului-de-creare-a-capacitatii-de-productie-de-baterii\/\"},\"wordCount\":1057,\"commentCount\":0,\"publisher\":{\"@id\":\"https:\/\/carpathiacenter.ro\/#organization\"},\"image\":{\"@id\":\"https:\/\/carpathiacenter.ro\/ministerul-energiei-a-fost-informat-marti-despre-decizia-sinteza-de-a-renunta-la-implementarea-proiectului-de-creare-a-capacitatii-de-productie-de-baterii\/#primaryimage\"},\"thumbnailUrl\":\"https:\/\/carpathiacenter.ro\/wp-content\/uploads\/2025\/05\/Min-Energiei.jpg\",\"articleSection\":[\"Uncategorized\"],\"inLanguage\":\"en-GB\",\"potentialAction\":[{\"@type\":\"CommentAction\",\"name\":\"Comment\",\"target\":[\"https:\/\/carpathiacenter.ro\/ministerul-energiei-a-fost-informat-marti-despre-decizia-sinteza-de-a-renunta-la-implementarea-proiectului-de-creare-a-capacitatii-de-productie-de-baterii\/#respond\"]}]},{\"@type\":\"WebPage\",\"@id\":\"https:\/\/carpathiacenter.ro\/ministerul-energiei-a-fost-informat-marti-despre-decizia-sinteza-de-a-renunta-la-implementarea-proiectului-de-creare-a-capacitatii-de-productie-de-baterii\/\",\"url\":\"https:\/\/carpathiacenter.ro\/ministerul-energiei-a-fost-informat-marti-despre-decizia-sinteza-de-a-renunta-la-implementarea-proiectului-de-creare-a-capacitatii-de-productie-de-baterii\/\",\"name\":\"Ministerul Energiei a fost informat, mar\u021bi, despre decizia Sinteza de a renun\u021ba la implementarea proiectului de creare a capacit\u0103\u021bii de produc\u021bie de baterii - Carpathia Center Romania\",\"isPartOf\":{\"@id\":\"https:\/\/carpathiacenter.ro\/#website\"},\"primaryImageOfPage\":{\"@id\":\"https:\/\/carpathiacenter.ro\/ministerul-energiei-a-fost-informat-marti-despre-decizia-sinteza-de-a-renunta-la-implementarea-proiectului-de-creare-a-capacitatii-de-productie-de-baterii\/#primaryimage\"},\"image\":{\"@id\":\"https:\/\/carpathiacenter.ro\/ministerul-energiei-a-fost-informat-marti-despre-decizia-sinteza-de-a-renunta-la-implementarea-proiectului-de-creare-a-capacitatii-de-productie-de-baterii\/#primaryimage\"},\"thumbnailUrl\":\"https:\/\/carpathiacenter.ro\/wp-content\/uploads\/2025\/05\/Min-Energiei.jpg\",\"datePublished\":\"2025-05-21T13:44:36+00:00\",\"breadcrumb\":{\"@id\":\"https:\/\/carpathiacenter.ro\/ministerul-energiei-a-fost-informat-marti-despre-decizia-sinteza-de-a-renunta-la-implementarea-proiectului-de-creare-a-capacitatii-de-productie-de-baterii\/#breadcrumb\"},\"inLanguage\":\"en-GB\",\"potentialAction\":[{\"@type\":\"ReadAction\",\"target\":[\"https:\/\/carpathiacenter.ro\/ministerul-energiei-a-fost-informat-marti-despre-decizia-sinteza-de-a-renunta-la-implementarea-proiectului-de-creare-a-capacitatii-de-productie-de-baterii\/\"]}]},{\"@type\":\"ImageObject\",\"inLanguage\":\"en-GB\",\"@id\":\"https:\/\/carpathiacenter.ro\/ministerul-energiei-a-fost-informat-marti-despre-decizia-sinteza-de-a-renunta-la-implementarea-proiectului-de-creare-a-capacitatii-de-productie-de-baterii\/#primaryimage\",\"url\":\"https:\/\/carpathiacenter.ro\/wp-content\/uploads\/2025\/05\/Min-Energiei.jpg\",\"contentUrl\":\"https:\/\/carpathiacenter.ro\/wp-content\/uploads\/2025\/05\/Min-Energiei.jpg\",\"width\":1024,\"height\":576},{\"@type\":\"BreadcrumbList\",\"@id\":\"https:\/\/carpathiacenter.ro\/ministerul-energiei-a-fost-informat-marti-despre-decizia-sinteza-de-a-renunta-la-implementarea-proiectului-de-creare-a-capacitatii-de-productie-de-baterii\/#breadcrumb\",\"itemListElement\":[{\"@type\":\"ListItem\",\"position\":1,\"name\":\"Prima pagin\u0103\",\"item\":\"https:\/\/carpathiacenter.ro\/\"},{\"@type\":\"ListItem\",\"position\":2,\"name\":\"Ministerul Energiei a fost informat, mar\u021bi, despre decizia Sinteza de a renun\u021ba la implementarea proiectului de creare a capacit\u0103\u021bii de produc\u021bie de baterii\"}]},{\"@type\":\"WebSite\",\"@id\":\"https:\/\/carpathiacenter.ro\/#website\",\"url\":\"https:\/\/carpathiacenter.ro\/\",\"name\":\"Carpathia Center Romania\",\"description\":\"Impossible made possible!\",\"publisher\":{\"@id\":\"https:\/\/carpathiacenter.ro\/#organization\"},\"potentialAction\":[{\"@type\":\"SearchAction\",\"target\":{\"@type\":\"EntryPoint\",\"urlTemplate\":\"https:\/\/carpathiacenter.ro\/?s={search_term_string}\"},\"query-input\":{\"@type\":\"PropertyValueSpecification\",\"valueRequired\":true,\"valueName\":\"search_term_string\"}}],\"inLanguage\":\"en-GB\"},{\"@type\":\"Organization\",\"@id\":\"https:\/\/carpathiacenter.ro\/#organization\",\"name\":\"Carpathia Center Romania\",\"url\":\"https:\/\/carpathiacenter.ro\/\",\"logo\":{\"@type\":\"ImageObject\",\"inLanguage\":\"en-GB\",\"@id\":\"https:\/\/carpathiacenter.ro\/#\/schema\/logo\/image\/\",\"url\":\"https:\/\/carpathiacenter.ro\/wp-content\/uploads\/2024\/07\/logo-carpathia_bg_white-1024x941.png\",\"contentUrl\":\"https:\/\/carpathiacenter.ro\/wp-content\/uploads\/2024\/07\/logo-carpathia_bg_white-1024x941.png\",\"width\":1024,\"height\":941,\"caption\":\"Carpathia Center Romania\"},\"image\":{\"@id\":\"https:\/\/carpathiacenter.ro\/#\/schema\/logo\/image\/\"},\"sameAs\":[\"https:\/\/www.facebook.com\/fdpscarpathia\/\"]},{\"@type\":\"Person\",\"@id\":\"https:\/\/carpathiacenter.ro\/#\/schema\/person\/03d9f58202fee8379268f34afa195006\",\"name\":\"creativebitsolutions\",\"image\":{\"@type\":\"ImageObject\",\"inLanguage\":\"en-GB\",\"@id\":\"https:\/\/carpathiacenter.ro\/#\/schema\/person\/image\/\",\"url\":\"https:\/\/secure.gravatar.com\/avatar\/1b1a13e37f847c635dab78348f1dff2f07651ee2a3d77a5c355a4b8c75f9165a?s=96&d=mm&r=g\",\"contentUrl\":\"https:\/\/secure.gravatar.com\/avatar\/1b1a13e37f847c635dab78348f1dff2f07651ee2a3d77a5c355a4b8c75f9165a?s=96&d=mm&r=g\",\"caption\":\"creativebitsolutions\"},\"url\":\"https:\/\/carpathiacenter.ro\/en\/author\/creativebitsolutions\/\"}]}<\/script>\n<!-- \/ Yoast SEO plugin. -->","yoast_head_json":{"title":"Ministerul Energiei a fost informat, mar\u021bi, despre decizia Sinteza de a renun\u021ba la implementarea proiectului de creare a capacit\u0103\u021bii de produc\u021bie de baterii - Carpathia Center Romania","robots":{"index":"index","follow":"follow","max-snippet":"max-snippet:-1","max-image-preview":"max-image-preview:large","max-video-preview":"max-video-preview:-1"},"canonical":"https:\/\/carpathiacenter.ro\/en\/ministerul-energiei-a-fost-informat-marti-despre-decizia-sinteza-de-a-renunta-la-implementarea-proiectului-de-creare-a-capacitatii-de-productie-de-baterii\/","og_locale":"en_GB","og_type":"article","og_title":"Ministerul Energiei a fost informat, mar\u021bi, despre decizia Sinteza de a renun\u021ba la implementarea proiectului de creare a capacit\u0103\u021bii de produc\u021bie de baterii - Carpathia Center Romania","og_description":"Ministerul Energiei a luat act de decizia companiei Sinteza SA de a renun\u021ba la implementarea proiectului de creare a unei capacit\u0103\u021bi de produc\u021bie de baterii, parte a Planului Na\u021bional de Redresare \u0219i Rezilien\u021b\u0103 (PNRR), notificare primit\u0103 oficial \u00een data de 20 mai 2025, informeaz\u0103 ministerul printr-un comunicat. \u00cen acest context, potrivit sursei citate, Ministerul Energiei...","og_url":"https:\/\/carpathiacenter.ro\/en\/ministerul-energiei-a-fost-informat-marti-despre-decizia-sinteza-de-a-renunta-la-implementarea-proiectului-de-creare-a-capacitatii-de-productie-de-baterii\/","og_site_name":"Carpathia Center Romania","article_publisher":"https:\/\/www.facebook.com\/fdpscarpathia\/","article_published_time":"2025-05-21T13:44:36+00:00","og_image":[{"width":1024,"height":576,"url":"https:\/\/carpathiacenter.ro\/wp-content\/uploads\/2025\/05\/Min-Energiei.jpg","type":"image\/jpeg"}],"author":"creativebitsolutions","twitter_card":"summary_large_image","twitter_misc":{"Written by":"creativebitsolutions","Estimated reading time":"5 minutes"},"schema":{"@context":"https:\/\/schema.org","@graph":[{"@type":"Article","@id":"https:\/\/carpathiacenter.ro\/ministerul-energiei-a-fost-informat-marti-despre-decizia-sinteza-de-a-renunta-la-implementarea-proiectului-de-creare-a-capacitatii-de-productie-de-baterii\/#article","isPartOf":{"@id":"https:\/\/carpathiacenter.ro\/ministerul-energiei-a-fost-informat-marti-despre-decizia-sinteza-de-a-renunta-la-implementarea-proiectului-de-creare-a-capacitatii-de-productie-de-baterii\/"},"author":{"name":"creativebitsolutions","@id":"https:\/\/carpathiacenter.ro\/#\/schema\/person\/03d9f58202fee8379268f34afa195006"},"headline":"Ministerul Energiei a fost informat, mar\u021bi, despre decizia Sinteza de a renun\u021ba la implementarea proiectului de creare a capacit\u0103\u021bii de produc\u021bie de baterii","datePublished":"2025-05-21T13:44:36+00:00","mainEntityOfPage":{"@id":"https:\/\/carpathiacenter.ro\/ministerul-energiei-a-fost-informat-marti-despre-decizia-sinteza-de-a-renunta-la-implementarea-proiectului-de-creare-a-capacitatii-de-productie-de-baterii\/"},"wordCount":1057,"commentCount":0,"publisher":{"@id":"https:\/\/carpathiacenter.ro\/#organization"},"image":{"@id":"https:\/\/carpathiacenter.ro\/ministerul-energiei-a-fost-informat-marti-despre-decizia-sinteza-de-a-renunta-la-implementarea-proiectului-de-creare-a-capacitatii-de-productie-de-baterii\/#primaryimage"},"thumbnailUrl":"https:\/\/carpathiacenter.ro\/wp-content\/uploads\/2025\/05\/Min-Energiei.jpg","articleSection":["Uncategorized"],"inLanguage":"en-GB","potentialAction":[{"@type":"CommentAction","name":"Comment","target":["https:\/\/carpathiacenter.ro\/ministerul-energiei-a-fost-informat-marti-despre-decizia-sinteza-de-a-renunta-la-implementarea-proiectului-de-creare-a-capacitatii-de-productie-de-baterii\/#respond"]}]},{"@type":"WebPage","@id":"https:\/\/carpathiacenter.ro\/ministerul-energiei-a-fost-informat-marti-despre-decizia-sinteza-de-a-renunta-la-implementarea-proiectului-de-creare-a-capacitatii-de-productie-de-baterii\/","url":"https:\/\/carpathiacenter.ro\/ministerul-energiei-a-fost-informat-marti-despre-decizia-sinteza-de-a-renunta-la-implementarea-proiectului-de-creare-a-capacitatii-de-productie-de-baterii\/","name":"Ministerul Energiei a fost informat, mar\u021bi, despre decizia Sinteza de a renun\u021ba la implementarea proiectului de creare a capacit\u0103\u021bii de produc\u021bie de baterii - Carpathia Center Romania","isPartOf":{"@id":"https:\/\/carpathiacenter.ro\/#website"},"primaryImageOfPage":{"@id":"https:\/\/carpathiacenter.ro\/ministerul-energiei-a-fost-informat-marti-despre-decizia-sinteza-de-a-renunta-la-implementarea-proiectului-de-creare-a-capacitatii-de-productie-de-baterii\/#primaryimage"},"image":{"@id":"https:\/\/carpathiacenter.ro\/ministerul-energiei-a-fost-informat-marti-despre-decizia-sinteza-de-a-renunta-la-implementarea-proiectului-de-creare-a-capacitatii-de-productie-de-baterii\/#primaryimage"},"thumbnailUrl":"https:\/\/carpathiacenter.ro\/wp-content\/uploads\/2025\/05\/Min-Energiei.jpg","datePublished":"2025-05-21T13:44:36+00:00","breadcrumb":{"@id":"https:\/\/carpathiacenter.ro\/ministerul-energiei-a-fost-informat-marti-despre-decizia-sinteza-de-a-renunta-la-implementarea-proiectului-de-creare-a-capacitatii-de-productie-de-baterii\/#breadcrumb"},"inLanguage":"en-GB","potentialAction":[{"@type":"ReadAction","target":["https:\/\/carpathiacenter.ro\/ministerul-energiei-a-fost-informat-marti-despre-decizia-sinteza-de-a-renunta-la-implementarea-proiectului-de-creare-a-capacitatii-de-productie-de-baterii\/"]}]},{"@type":"ImageObject","inLanguage":"en-GB","@id":"https:\/\/carpathiacenter.ro\/ministerul-energiei-a-fost-informat-marti-despre-decizia-sinteza-de-a-renunta-la-implementarea-proiectului-de-creare-a-capacitatii-de-productie-de-baterii\/#primaryimage","url":"https:\/\/carpathiacenter.ro\/wp-content\/uploads\/2025\/05\/Min-Energiei.jpg","contentUrl":"https:\/\/carpathiacenter.ro\/wp-content\/uploads\/2025\/05\/Min-Energiei.jpg","width":1024,"height":576},{"@type":"BreadcrumbList","@id":"https:\/\/carpathiacenter.ro\/ministerul-energiei-a-fost-informat-marti-despre-decizia-sinteza-de-a-renunta-la-implementarea-proiectului-de-creare-a-capacitatii-de-productie-de-baterii\/#breadcrumb","itemListElement":[{"@type":"ListItem","position":1,"name":"Prima pagin\u0103","item":"https:\/\/carpathiacenter.ro\/"},{"@type":"ListItem","position":2,"name":"Ministerul Energiei a fost informat, mar\u021bi, despre decizia Sinteza de a renun\u021ba la implementarea proiectului de creare a capacit\u0103\u021bii de produc\u021bie de baterii"}]},{"@type":"WebSite","@id":"https:\/\/carpathiacenter.ro\/#website","url":"https:\/\/carpathiacenter.ro\/","name":"Carpathia Center Romania","description":"Impossible made possible!","publisher":{"@id":"https:\/\/carpathiacenter.ro\/#organization"},"potentialAction":[{"@type":"SearchAction","target":{"@type":"EntryPoint","urlTemplate":"https:\/\/carpathiacenter.ro\/?s={search_term_string}"},"query-input":{"@type":"PropertyValueSpecification","valueRequired":true,"valueName":"search_term_string"}}],"inLanguage":"en-GB"},{"@type":"Organization","@id":"https:\/\/carpathiacenter.ro\/#organization","name":"Carpathia Center Romania","url":"https:\/\/carpathiacenter.ro\/","logo":{"@type":"ImageObject","inLanguage":"en-GB","@id":"https:\/\/carpathiacenter.ro\/#\/schema\/logo\/image\/","url":"https:\/\/carpathiacenter.ro\/wp-content\/uploads\/2024\/07\/logo-carpathia_bg_white-1024x941.png","contentUrl":"https:\/\/carpathiacenter.ro\/wp-content\/uploads\/2024\/07\/logo-carpathia_bg_white-1024x941.png","width":1024,"height":941,"caption":"Carpathia Center Romania"},"image":{"@id":"https:\/\/carpathiacenter.ro\/#\/schema\/logo\/image\/"},"sameAs":["https:\/\/www.facebook.com\/fdpscarpathia\/"]},{"@type":"Person","@id":"https:\/\/carpathiacenter.ro\/#\/schema\/person\/03d9f58202fee8379268f34afa195006","name":"creativebitsolutions","image":{"@type":"ImageObject","inLanguage":"en-GB","@id":"https:\/\/carpathiacenter.ro\/#\/schema\/person\/image\/","url":"https:\/\/secure.gravatar.com\/avatar\/1b1a13e37f847c635dab78348f1dff2f07651ee2a3d77a5c355a4b8c75f9165a?s=96&d=mm&r=g","contentUrl":"https:\/\/secure.gravatar.com\/avatar\/1b1a13e37f847c635dab78348f1dff2f07651ee2a3d77a5c355a4b8c75f9165a?s=96&d=mm&r=g","caption":"creativebitsolutions"},"url":"https:\/\/carpathiacenter.ro\/en\/author\/creativebitsolutions\/"}]}},"_links":{"self":[{"href":"https:\/\/carpathiacenter.ro\/en\/wp-json\/wp\/v2\/posts\/2408","targetHints":{"allow":["GET"]}}],"collection":[{"href":"https:\/\/carpathiacenter.ro\/en\/wp-json\/wp\/v2\/posts"}],"about":[{"href":"https:\/\/carpathiacenter.ro\/en\/wp-json\/wp\/v2\/types\/post"}],"author":[{"embeddable":true,"href":"https:\/\/carpathiacenter.ro\/en\/wp-json\/wp\/v2\/users\/4"}],"replies":[{"embeddable":true,"href":"https:\/\/carpathiacenter.ro\/en\/wp-json\/wp\/v2\/comments?post=2408"}],"version-history":[{"count":1,"href":"https:\/\/carpathiacenter.ro\/en\/wp-json\/wp\/v2\/posts\/2408\/revisions"}],"predecessor-version":[{"id":2410,"href":"https:\/\/carpathiacenter.ro\/en\/wp-json\/wp\/v2\/posts\/2408\/revisions\/2410"}],"wp:featuredmedia":[{"embeddable":true,"href":"https:\/\/carpathiacenter.ro\/en\/wp-json\/wp\/v2\/media\/2409"}],"wp:attachment":[{"href":"https:\/\/carpathiacenter.ro\/en\/wp-json\/wp\/v2\/media?parent=2408"}],"wp:term":[{"taxonomy":"category","embeddable":true,"href":"https:\/\/carpathiacenter.ro\/en\/wp-json\/wp\/v2\/categories?post=2408"},{"taxonomy":"post_tag","embeddable":true,"href":"https:\/\/carpathiacenter.ro\/en\/wp-json\/wp\/v2\/tags?post=2408"}],"curies":[{"name":"wp","href":"https:\/\/api.w.org\/{rel}","templated":true}]}}