{"id":2404,"date":"2025-05-20T09:26:50","date_gmt":"2025-05-20T09:26:50","guid":{"rendered":"https:\/\/carpathiacenter.ro\/?p=2404"},"modified":"2025-05-20T09:26:50","modified_gmt":"2025-05-20T09:26:50","slug":"legile-privind-doborarea-dronelor-si-desfasurarea-pe-timp-de-pace-a-misiunilor-militare-publicate-in-monitorul-oficial","status":"publish","type":"post","link":"https:\/\/carpathiacenter.ro\/en\/legile-privind-doborarea-dronelor-si-desfasurarea-pe-timp-de-pace-a-misiunilor-militare-publicate-in-monitorul-oficial\/","title":{"rendered":"Legile privind dobor\u00e2rea dronelor \u0219i desf\u0103\u0219urarea pe timp de pace a misiunilor militare, publicate \u00een Monitorul Oficial"},"content":{"rendered":"<p><strong>Legea privind controlul utiliz\u0103rii spa\u021biului aerian na\u021bional \u0219i cea referitoare la desf\u0103\u0219urarea pe timp de pace a misiunilor \u0219i opera\u021biilor militare pe teritoriul statului rom\u00e2n au fost publicate luni seara \u00een Monitorul Oficial.<\/strong><\/p>\n<p>Pre\u0219edintele interimar Ilie Bolojan a promulgat luni cele dou\u0103 legi.<\/p>\n<p>* \u00cen ceea ce prive\u0219te legea privind controlul utiliz\u0103rii spa\u021biului aerian, actul normativ stabile\u0219te autorit\u0103\u021bile \u0219i institu\u021biile care au competen\u021be \u00een luarea m\u0103surilor de prevenire \u0219i contracarare a utiliz\u0103rii spa\u021biului aerian na\u021bional de c\u0103tre aeronave, sisteme de aeronave f\u0103r\u0103 pilot la bord \u0219i alte vehicule aeriene.<\/p>\n<p>Astfel, se va crea un nou cadru de cooperare \u0219i coordonare la nivelul autorit\u0103\u021bilor \u0219i institu\u021biilor care au competen\u021be \u00een gestionarea \u0219i monitorizarea spa\u021biului aerian na\u021bional, precum \u0219i de asigurare a respect\u0103rii regulilor de utilizare a acestuia, ceea ce contribuie la cre\u0219terea siguran\u021bei \u0219i securit\u0103\u021bii avia\u021biei.<\/p>\n<p>Potrivit legii, se constituie situa\u021bii \u00een care o aeronav\u0103 utilizeaz\u0103 neautorizat spa\u021biul aerian na\u021bional:<\/p>\n<p>* unit\u0103\u021bile de trafic aerian sau serviciile militare de supraveghere \u0219i control utilizare spa\u021biu aerian primesc informa\u021bii referitoare la producerea unui act de interven\u021bie ilicit\u0103 la bordul aeronavei, chiar dac\u0103 se respect\u0103 autorizarea primit\u0103;<\/p>\n<p>* unit\u0103\u021bile de trafic aerian sau serviciile militare de supraveghere \u0219i control utilizare spa\u021biu aerian primesc informa\u021bii referitoare la existen\u021ba la bordul aeronavei a unor substan\u021be sau materiale periculoase, care ar putea fi folosite \u00eentr-un act de terorism;<\/p>\n<p>* unit\u0103\u021bile de trafic aerian sau serviciile militare de supraveghere \u0219i control utilizare spa\u021biu aerian primesc informa\u021bii cu privire la existen\u021ba la bordul aeronavei a unor bunuri sau persoane care, conform obliga\u021biilor, angajamentelor asumate de Rom\u00e2nia prin tratatele interna\u021bionale la care este parte sau sanc\u021biunilor interna\u021bionale instituite prin actele prev\u0103zute la art. 1 alin. (1) din OUG nr. 202\/2008 privind punerea \u00een aplicare a sanc\u021biunilor interna\u021bionale, aprobat\u0103 cu modific\u0103ri prin Legea nr. 217\/2009, cu modific\u0103rile \u0219i complet\u0103rile ulterioare, fac obiectul unor restric\u021bii privind utilizarea spa\u021biului aerian na\u021bional.<\/p>\n<p>Persoanele de drept public \u0219i privat care au \u00een proprietate, opereaz\u0103 sau administreaz\u0103 obiective care necesit\u0103 m\u0103suri de protec\u021bie contra amenin\u021b\u0103rilor specifice sistemelor de aeronave f\u0103r\u0103 pilot la bord au obliga\u021bia de a implementa \u0219i de a men\u021bine m\u0103suri de protec\u021bie a acestor obiective, prevede actul normativ.<\/p>\n<p>Conform legii, prin hot\u0103r\u00e2re a Consiliului Suprem de Ap\u0103rare a \u021a\u0103rii se stabilesc: obiectivele care necesit\u0103 m\u0103suri de protec\u021bie contra amenin\u021b\u0103rilor specifice sistemelor de aeronave f\u0103r\u0103 pilot la bord prev\u0103zute \u00een proiect; cerin\u021bele tehnice generale ale echipamentelor \u0219i sistemelor prev\u0103zute, la propunerea structurilor din sistemul na\u021bional de ap\u0103rare, ordine public\u0103 \u0219i securitate na\u021bional\u0103.<\/p>\n<p>Legea a fost contestat\u0103 la Curtea Constitu\u021bional\u0103 a Rom\u00e2niei de AUR, POT \u0219i S.O.S. Rom\u00e2nia. La finalul lunii martie, CCR a stabilit c\u0103 legea este constitu\u021bional\u0103.<\/p>\n<p>* Cea de-a doua lege reglementeaz\u0103 desf\u0103\u0219urarea pe timp de pace a misiunilor \u0219i opera\u021biilor militare pe teritoriul statului rom\u00e2n atunci c\u00e2nd nu este instituit\u0103 starea de urgen\u021b\u0103, de asediu, de mobilizare ori de r\u0103zboi.<\/p>\n<p>Desf\u0103\u0219urarea misiunilor \u0219i opera\u021biilor militare se realizeaz\u0103 \u00een cazul iminen\u021bei sau existen\u021bei unor ac\u021biuni, fapte sau st\u0103ri de fapt, capacit\u0103\u021bi, strategii, inten\u021bii ori planuri ce pot afecta valorile, interesele \u0219i obiectivele na\u021bionale de securitate \u0219i\/sau sunt de natur\u0103 s\u0103 pun\u0103 \u00een pericol direct sau indirect securitatea na\u021bional\u0103, prin afectarea caracterului na\u021bional, a suveranit\u0103\u021bii, independen\u021bei, unit\u0103\u021bii \u0219i integrit\u0103\u021bii teritoriale, a func\u021bion\u0103rii normale a institu\u021biilor statului \u0219i a unit\u0103\u021bilor administrativ-teritoriale, a vie\u021bii \u0219i integrit\u0103\u021bii fizice a cet\u0103\u021benilor.<\/p>\n<p>Misiunile \u0219i opera\u021biile militare se execut\u0103 de c\u0103tre for\u021bele armate \u00een mod exclusiv sau cu participarea for\u021belor armate str\u0103ine, cu respectarea legisla\u021biei Rom\u00e2niei, a tratatelor interna\u021bionale, acordurilor bilaterale \u0219i multilaterale \u0219i a \u00een\u021belegerilor tehnice \u00eencheiate cu for\u021bele armate str\u0103ine, se precizeaz\u0103 \u00een lege.<\/p>\n<p>Ini\u021bierea misiunilor \u0219i opera\u021biilor militare pe teritoriul statului rom\u00e2n se aprob\u0103 de c\u0103tre pre\u0219edintele Rom\u00e2niei la propunerea Consiliului Suprem de Ap\u0103rare a \u021a\u0103rii, \u00een condi\u021biile \u00een care indicatorii \u0219i avertiz\u0103rile stabilite prin planuri arat\u0103 o deteriorare a mediului de securitate interna\u021bional sau regional \u0219i iminen\u021ba unor riscuri de securitate la adresa statului rom\u00e2n.<\/p>\n<p>Pre\u0219edintele Rom\u00e2niei informeaz\u0103 Parlamentul \u00een termen de cinci zile cu privire la decizia luat\u0103 \u0219i dac\u0103 Parlamentul este \u00een vacan\u021b\u0103, la \u00eenceperea sesiunii ordinare sau extraordinare, dup\u0103 caz.<\/p>\n<p>Pe durata particip\u0103rii la misiuni \u0219i opera\u021bii militare pe teritoriul statului rom\u00e2n, pentru \u00eendeplinirea misiunilor \u00eencredin\u021bate, personalul for\u021belor armate rom\u00e2ne \u0219i str\u0103ine poate face uz de armamentul, muni\u021biile \u0219i dispozitivele militare din dotare, \u00een conformitate cu legisla\u021bia Rom\u00e2niei \u0219i cu regulile de angajare autorizate.<\/p>\n<p>Potrivit legii, pe timpul desf\u0103\u0219ur\u0103rii misiunilor \u0219i opera\u021biilor militare pe teritoriul statului rom\u00e2n, cu participarea for\u021belor armate str\u0103ine, comandantului rom\u00e2n desemnat s\u0103 conduc\u0103 misiunea sau opera\u021bia militar\u0103 \u00eei pot fi transferate, sub diferite grade de autoritate, for\u021bele armate str\u0103ine participante, \u00een limitele stabilite prin mesajul privind transferul de autoritate.<\/p>\n<p>Structurile desemnate din cadrul Armatei Rom\u00e2niei, \u00een func\u021bie de necesit\u0103\u021bile opera\u021bionale, pot fi transferate pentru perioade determinate de timp, sub diferite grade de autoritate \u00een rela\u021bia cu comandantul for\u021belor armate str\u0103ine care conduce o opera\u021bie militar\u0103 pe teritoriul statului rom\u00e2n, \u00een limitele stabilite prin mesajul privind transferul de autoritate, semnat de \u0219eful Statului Major al Ap\u0103r\u0103rii \u0219i prin \u00een\u021belegerile tehnice \u00eencheiate \u00een acest sens, se mai men\u021bioneaz\u0103 \u00een actul normativ. AGERPRES\/(AS &#8211; redactor: Georgiana T\u0103n\u0103sescu, editor: Antonia Ni\u021b\u0103)<br \/>\n<br \/>\nSursa articolului:<a href=\"https:\/\/agerpres.ro\/politic\/2025\/05\/19\/legile-privind-doborarea-dronelor-si-desfasurarea-pe-timp-de-pace-a-misiunilor-militare-publicate-in--1451003\" target=\"_blank\" rel=\"noopener\" title=\"\">https:\/\/agerpres.ro\/politic\/2025\/05\/19\/legile-privind-doborarea-dronelor-si-desfasurarea-pe-timp-de-pace-a-misiunilor-militare-publicate-in&#8211;1451003<\/a><\/p>","protected":false},"excerpt":{"rendered":"<p>Legea privind controlul utiliz\u0103rii spa\u021biului aerian na\u021bional \u0219i cea referitoare la desf\u0103\u0219urarea pe timp de pace a misiunilor \u0219i opera\u021biilor militare pe teritoriul statului rom\u00e2n au fost publicate luni seara \u00een Monitorul Oficial. Pre\u0219edintele interimar Ilie Bolojan a promulgat luni cele dou\u0103 legi. * \u00cen ceea ce prive\u0219te legea privind controlul utiliz\u0103rii spa\u021biului aerian, actul&#8230;<\/p>","protected":false},"author":4,"featured_media":2405,"comment_status":"open","ping_status":"open","sticky":false,"template":"","format":"standard","meta":{"footnotes":""},"categories":[1],"tags":[],"class_list":["post-2404","post","type-post","status-publish","format-standard","has-post-thumbnail","hentry","category-uncategorized"],"yoast_head":"<!-- This site is optimized with the Yoast SEO plugin v26.1.1 - https:\/\/yoast.com\/wordpress\/plugins\/seo\/ -->\n<title>Legile privind dobor\u00e2rea dronelor \u0219i desf\u0103\u0219urarea pe timp de pace a misiunilor militare, publicate \u00een Monitorul Oficial - Carpathia Center Romania<\/title>\n<meta name=\"robots\" content=\"index, follow, max-snippet:-1, max-image-preview:large, max-video-preview:-1\" \/>\n<link rel=\"canonical\" href=\"https:\/\/carpathiacenter.ro\/en\/legile-privind-doborarea-dronelor-si-desfasurarea-pe-timp-de-pace-a-misiunilor-militare-publicate-in-monitorul-oficial\/\" \/>\n<meta property=\"og:locale\" content=\"en_GB\" \/>\n<meta property=\"og:type\" content=\"article\" \/>\n<meta property=\"og:title\" content=\"Legile privind dobor\u00e2rea dronelor \u0219i desf\u0103\u0219urarea pe timp de pace a misiunilor militare, publicate \u00een Monitorul Oficial - Carpathia Center Romania\" \/>\n<meta property=\"og:description\" content=\"Legea privind controlul utiliz\u0103rii spa\u021biului aerian na\u021bional \u0219i cea referitoare la desf\u0103\u0219urarea pe timp de pace a misiunilor \u0219i opera\u021biilor militare pe teritoriul statului rom\u00e2n au fost publicate luni seara \u00een Monitorul Oficial. Pre\u0219edintele interimar Ilie Bolojan a promulgat luni cele dou\u0103 legi. * \u00cen ceea ce prive\u0219te legea privind controlul utiliz\u0103rii spa\u021biului aerian, actul...\" \/>\n<meta property=\"og:url\" content=\"https:\/\/carpathiacenter.ro\/en\/legile-privind-doborarea-dronelor-si-desfasurarea-pe-timp-de-pace-a-misiunilor-militare-publicate-in-monitorul-oficial\/\" \/>\n<meta property=\"og:site_name\" content=\"Carpathia Center Romania\" \/>\n<meta property=\"article:publisher\" content=\"https:\/\/www.facebook.com\/fdpscarpathia\/\" \/>\n<meta property=\"article:published_time\" content=\"2025-05-20T09:26:50+00:00\" \/>\n<meta property=\"og:image\" content=\"https:\/\/carpathiacenter.ro\/wp-content\/uploads\/2025\/05\/Ilie-Bolojan.jpg\" \/>\n\t<meta property=\"og:image:width\" content=\"1200\" \/>\n\t<meta property=\"og:image:height\" content=\"600\" \/>\n\t<meta property=\"og:image:type\" content=\"image\/jpeg\" \/>\n<meta name=\"author\" content=\"creativebitsolutions\" \/>\n<meta name=\"twitter:card\" content=\"summary_large_image\" \/>\n<meta name=\"twitter:label1\" content=\"Written by\" \/>\n\t<meta name=\"twitter:data1\" content=\"creativebitsolutions\" \/>\n\t<meta name=\"twitter:label2\" content=\"Estimated reading time\" \/>\n\t<meta name=\"twitter:data2\" content=\"5 minutes\" \/>\n<script type=\"application\/ld+json\" class=\"yoast-schema-graph\">{\"@context\":\"https:\/\/schema.org\",\"@graph\":[{\"@type\":\"Article\",\"@id\":\"https:\/\/carpathiacenter.ro\/legile-privind-doborarea-dronelor-si-desfasurarea-pe-timp-de-pace-a-misiunilor-militare-publicate-in-monitorul-oficial\/#article\",\"isPartOf\":{\"@id\":\"https:\/\/carpathiacenter.ro\/legile-privind-doborarea-dronelor-si-desfasurarea-pe-timp-de-pace-a-misiunilor-militare-publicate-in-monitorul-oficial\/\"},\"author\":{\"name\":\"creativebitsolutions\",\"@id\":\"https:\/\/carpathiacenter.ro\/#\/schema\/person\/03d9f58202fee8379268f34afa195006\"},\"headline\":\"Legile privind dobor\u00e2rea dronelor \u0219i desf\u0103\u0219urarea pe timp de pace a misiunilor militare, publicate \u00een Monitorul Oficial\",\"datePublished\":\"2025-05-20T09:26:50+00:00\",\"mainEntityOfPage\":{\"@id\":\"https:\/\/carpathiacenter.ro\/legile-privind-doborarea-dronelor-si-desfasurarea-pe-timp-de-pace-a-misiunilor-militare-publicate-in-monitorul-oficial\/\"},\"wordCount\":1032,\"commentCount\":0,\"publisher\":{\"@id\":\"https:\/\/carpathiacenter.ro\/#organization\"},\"image\":{\"@id\":\"https:\/\/carpathiacenter.ro\/legile-privind-doborarea-dronelor-si-desfasurarea-pe-timp-de-pace-a-misiunilor-militare-publicate-in-monitorul-oficial\/#primaryimage\"},\"thumbnailUrl\":\"https:\/\/carpathiacenter.ro\/wp-content\/uploads\/2025\/05\/Ilie-Bolojan.jpg\",\"articleSection\":[\"Uncategorized\"],\"inLanguage\":\"en-GB\",\"potentialAction\":[{\"@type\":\"CommentAction\",\"name\":\"Comment\",\"target\":[\"https:\/\/carpathiacenter.ro\/legile-privind-doborarea-dronelor-si-desfasurarea-pe-timp-de-pace-a-misiunilor-militare-publicate-in-monitorul-oficial\/#respond\"]}]},{\"@type\":\"WebPage\",\"@id\":\"https:\/\/carpathiacenter.ro\/legile-privind-doborarea-dronelor-si-desfasurarea-pe-timp-de-pace-a-misiunilor-militare-publicate-in-monitorul-oficial\/\",\"url\":\"https:\/\/carpathiacenter.ro\/legile-privind-doborarea-dronelor-si-desfasurarea-pe-timp-de-pace-a-misiunilor-militare-publicate-in-monitorul-oficial\/\",\"name\":\"Legile privind dobor\u00e2rea dronelor \u0219i desf\u0103\u0219urarea pe timp de pace a misiunilor militare, publicate \u00een Monitorul Oficial - Carpathia Center Romania\",\"isPartOf\":{\"@id\":\"https:\/\/carpathiacenter.ro\/#website\"},\"primaryImageOfPage\":{\"@id\":\"https:\/\/carpathiacenter.ro\/legile-privind-doborarea-dronelor-si-desfasurarea-pe-timp-de-pace-a-misiunilor-militare-publicate-in-monitorul-oficial\/#primaryimage\"},\"image\":{\"@id\":\"https:\/\/carpathiacenter.ro\/legile-privind-doborarea-dronelor-si-desfasurarea-pe-timp-de-pace-a-misiunilor-militare-publicate-in-monitorul-oficial\/#primaryimage\"},\"thumbnailUrl\":\"https:\/\/carpathiacenter.ro\/wp-content\/uploads\/2025\/05\/Ilie-Bolojan.jpg\",\"datePublished\":\"2025-05-20T09:26:50+00:00\",\"breadcrumb\":{\"@id\":\"https:\/\/carpathiacenter.ro\/legile-privind-doborarea-dronelor-si-desfasurarea-pe-timp-de-pace-a-misiunilor-militare-publicate-in-monitorul-oficial\/#breadcrumb\"},\"inLanguage\":\"en-GB\",\"potentialAction\":[{\"@type\":\"ReadAction\",\"target\":[\"https:\/\/carpathiacenter.ro\/legile-privind-doborarea-dronelor-si-desfasurarea-pe-timp-de-pace-a-misiunilor-militare-publicate-in-monitorul-oficial\/\"]}]},{\"@type\":\"ImageObject\",\"inLanguage\":\"en-GB\",\"@id\":\"https:\/\/carpathiacenter.ro\/legile-privind-doborarea-dronelor-si-desfasurarea-pe-timp-de-pace-a-misiunilor-militare-publicate-in-monitorul-oficial\/#primaryimage\",\"url\":\"https:\/\/carpathiacenter.ro\/wp-content\/uploads\/2025\/05\/Ilie-Bolojan.jpg\",\"contentUrl\":\"https:\/\/carpathiacenter.ro\/wp-content\/uploads\/2025\/05\/Ilie-Bolojan.jpg\",\"width\":1200,\"height\":600},{\"@type\":\"BreadcrumbList\",\"@id\":\"https:\/\/carpathiacenter.ro\/legile-privind-doborarea-dronelor-si-desfasurarea-pe-timp-de-pace-a-misiunilor-militare-publicate-in-monitorul-oficial\/#breadcrumb\",\"itemListElement\":[{\"@type\":\"ListItem\",\"position\":1,\"name\":\"Prima pagin\u0103\",\"item\":\"https:\/\/carpathiacenter.ro\/\"},{\"@type\":\"ListItem\",\"position\":2,\"name\":\"Legile privind dobor\u00e2rea dronelor \u0219i desf\u0103\u0219urarea pe timp de pace a misiunilor militare, publicate \u00een Monitorul Oficial\"}]},{\"@type\":\"WebSite\",\"@id\":\"https:\/\/carpathiacenter.ro\/#website\",\"url\":\"https:\/\/carpathiacenter.ro\/\",\"name\":\"Carpathia Center Romania\",\"description\":\"Impossible made possible!\",\"publisher\":{\"@id\":\"https:\/\/carpathiacenter.ro\/#organization\"},\"potentialAction\":[{\"@type\":\"SearchAction\",\"target\":{\"@type\":\"EntryPoint\",\"urlTemplate\":\"https:\/\/carpathiacenter.ro\/?s={search_term_string}\"},\"query-input\":{\"@type\":\"PropertyValueSpecification\",\"valueRequired\":true,\"valueName\":\"search_term_string\"}}],\"inLanguage\":\"en-GB\"},{\"@type\":\"Organization\",\"@id\":\"https:\/\/carpathiacenter.ro\/#organization\",\"name\":\"Carpathia Center Romania\",\"url\":\"https:\/\/carpathiacenter.ro\/\",\"logo\":{\"@type\":\"ImageObject\",\"inLanguage\":\"en-GB\",\"@id\":\"https:\/\/carpathiacenter.ro\/#\/schema\/logo\/image\/\",\"url\":\"https:\/\/carpathiacenter.ro\/wp-content\/uploads\/2024\/07\/logo-carpathia_bg_white-1024x941.png\",\"contentUrl\":\"https:\/\/carpathiacenter.ro\/wp-content\/uploads\/2024\/07\/logo-carpathia_bg_white-1024x941.png\",\"width\":1024,\"height\":941,\"caption\":\"Carpathia Center Romania\"},\"image\":{\"@id\":\"https:\/\/carpathiacenter.ro\/#\/schema\/logo\/image\/\"},\"sameAs\":[\"https:\/\/www.facebook.com\/fdpscarpathia\/\"]},{\"@type\":\"Person\",\"@id\":\"https:\/\/carpathiacenter.ro\/#\/schema\/person\/03d9f58202fee8379268f34afa195006\",\"name\":\"creativebitsolutions\",\"image\":{\"@type\":\"ImageObject\",\"inLanguage\":\"en-GB\",\"@id\":\"https:\/\/carpathiacenter.ro\/#\/schema\/person\/image\/\",\"url\":\"https:\/\/secure.gravatar.com\/avatar\/1b1a13e37f847c635dab78348f1dff2f07651ee2a3d77a5c355a4b8c75f9165a?s=96&d=mm&r=g\",\"contentUrl\":\"https:\/\/secure.gravatar.com\/avatar\/1b1a13e37f847c635dab78348f1dff2f07651ee2a3d77a5c355a4b8c75f9165a?s=96&d=mm&r=g\",\"caption\":\"creativebitsolutions\"},\"url\":\"https:\/\/carpathiacenter.ro\/en\/author\/creativebitsolutions\/\"}]}<\/script>\n<!-- \/ Yoast SEO plugin. -->","yoast_head_json":{"title":"Legile privind dobor\u00e2rea dronelor \u0219i desf\u0103\u0219urarea pe timp de pace a misiunilor militare, publicate \u00een Monitorul Oficial - Carpathia Center Romania","robots":{"index":"index","follow":"follow","max-snippet":"max-snippet:-1","max-image-preview":"max-image-preview:large","max-video-preview":"max-video-preview:-1"},"canonical":"https:\/\/carpathiacenter.ro\/en\/legile-privind-doborarea-dronelor-si-desfasurarea-pe-timp-de-pace-a-misiunilor-militare-publicate-in-monitorul-oficial\/","og_locale":"en_GB","og_type":"article","og_title":"Legile privind dobor\u00e2rea dronelor \u0219i desf\u0103\u0219urarea pe timp de pace a misiunilor militare, publicate \u00een Monitorul Oficial - Carpathia Center Romania","og_description":"Legea privind controlul utiliz\u0103rii spa\u021biului aerian na\u021bional \u0219i cea referitoare la desf\u0103\u0219urarea pe timp de pace a misiunilor \u0219i opera\u021biilor militare pe teritoriul statului rom\u00e2n au fost publicate luni seara \u00een Monitorul Oficial. Pre\u0219edintele interimar Ilie Bolojan a promulgat luni cele dou\u0103 legi. * \u00cen ceea ce prive\u0219te legea privind controlul utiliz\u0103rii spa\u021biului aerian, actul...","og_url":"https:\/\/carpathiacenter.ro\/en\/legile-privind-doborarea-dronelor-si-desfasurarea-pe-timp-de-pace-a-misiunilor-militare-publicate-in-monitorul-oficial\/","og_site_name":"Carpathia Center Romania","article_publisher":"https:\/\/www.facebook.com\/fdpscarpathia\/","article_published_time":"2025-05-20T09:26:50+00:00","og_image":[{"width":1200,"height":600,"url":"https:\/\/carpathiacenter.ro\/wp-content\/uploads\/2025\/05\/Ilie-Bolojan.jpg","type":"image\/jpeg"}],"author":"creativebitsolutions","twitter_card":"summary_large_image","twitter_misc":{"Written by":"creativebitsolutions","Estimated reading time":"5 minutes"},"schema":{"@context":"https:\/\/schema.org","@graph":[{"@type":"Article","@id":"https:\/\/carpathiacenter.ro\/legile-privind-doborarea-dronelor-si-desfasurarea-pe-timp-de-pace-a-misiunilor-militare-publicate-in-monitorul-oficial\/#article","isPartOf":{"@id":"https:\/\/carpathiacenter.ro\/legile-privind-doborarea-dronelor-si-desfasurarea-pe-timp-de-pace-a-misiunilor-militare-publicate-in-monitorul-oficial\/"},"author":{"name":"creativebitsolutions","@id":"https:\/\/carpathiacenter.ro\/#\/schema\/person\/03d9f58202fee8379268f34afa195006"},"headline":"Legile privind dobor\u00e2rea dronelor \u0219i desf\u0103\u0219urarea pe timp de pace a misiunilor militare, publicate \u00een Monitorul Oficial","datePublished":"2025-05-20T09:26:50+00:00","mainEntityOfPage":{"@id":"https:\/\/carpathiacenter.ro\/legile-privind-doborarea-dronelor-si-desfasurarea-pe-timp-de-pace-a-misiunilor-militare-publicate-in-monitorul-oficial\/"},"wordCount":1032,"commentCount":0,"publisher":{"@id":"https:\/\/carpathiacenter.ro\/#organization"},"image":{"@id":"https:\/\/carpathiacenter.ro\/legile-privind-doborarea-dronelor-si-desfasurarea-pe-timp-de-pace-a-misiunilor-militare-publicate-in-monitorul-oficial\/#primaryimage"},"thumbnailUrl":"https:\/\/carpathiacenter.ro\/wp-content\/uploads\/2025\/05\/Ilie-Bolojan.jpg","articleSection":["Uncategorized"],"inLanguage":"en-GB","potentialAction":[{"@type":"CommentAction","name":"Comment","target":["https:\/\/carpathiacenter.ro\/legile-privind-doborarea-dronelor-si-desfasurarea-pe-timp-de-pace-a-misiunilor-militare-publicate-in-monitorul-oficial\/#respond"]}]},{"@type":"WebPage","@id":"https:\/\/carpathiacenter.ro\/legile-privind-doborarea-dronelor-si-desfasurarea-pe-timp-de-pace-a-misiunilor-militare-publicate-in-monitorul-oficial\/","url":"https:\/\/carpathiacenter.ro\/legile-privind-doborarea-dronelor-si-desfasurarea-pe-timp-de-pace-a-misiunilor-militare-publicate-in-monitorul-oficial\/","name":"Legile privind dobor\u00e2rea dronelor \u0219i desf\u0103\u0219urarea pe timp de pace a misiunilor militare, publicate \u00een Monitorul Oficial - Carpathia Center Romania","isPartOf":{"@id":"https:\/\/carpathiacenter.ro\/#website"},"primaryImageOfPage":{"@id":"https:\/\/carpathiacenter.ro\/legile-privind-doborarea-dronelor-si-desfasurarea-pe-timp-de-pace-a-misiunilor-militare-publicate-in-monitorul-oficial\/#primaryimage"},"image":{"@id":"https:\/\/carpathiacenter.ro\/legile-privind-doborarea-dronelor-si-desfasurarea-pe-timp-de-pace-a-misiunilor-militare-publicate-in-monitorul-oficial\/#primaryimage"},"thumbnailUrl":"https:\/\/carpathiacenter.ro\/wp-content\/uploads\/2025\/05\/Ilie-Bolojan.jpg","datePublished":"2025-05-20T09:26:50+00:00","breadcrumb":{"@id":"https:\/\/carpathiacenter.ro\/legile-privind-doborarea-dronelor-si-desfasurarea-pe-timp-de-pace-a-misiunilor-militare-publicate-in-monitorul-oficial\/#breadcrumb"},"inLanguage":"en-GB","potentialAction":[{"@type":"ReadAction","target":["https:\/\/carpathiacenter.ro\/legile-privind-doborarea-dronelor-si-desfasurarea-pe-timp-de-pace-a-misiunilor-militare-publicate-in-monitorul-oficial\/"]}]},{"@type":"ImageObject","inLanguage":"en-GB","@id":"https:\/\/carpathiacenter.ro\/legile-privind-doborarea-dronelor-si-desfasurarea-pe-timp-de-pace-a-misiunilor-militare-publicate-in-monitorul-oficial\/#primaryimage","url":"https:\/\/carpathiacenter.ro\/wp-content\/uploads\/2025\/05\/Ilie-Bolojan.jpg","contentUrl":"https:\/\/carpathiacenter.ro\/wp-content\/uploads\/2025\/05\/Ilie-Bolojan.jpg","width":1200,"height":600},{"@type":"BreadcrumbList","@id":"https:\/\/carpathiacenter.ro\/legile-privind-doborarea-dronelor-si-desfasurarea-pe-timp-de-pace-a-misiunilor-militare-publicate-in-monitorul-oficial\/#breadcrumb","itemListElement":[{"@type":"ListItem","position":1,"name":"Prima pagin\u0103","item":"https:\/\/carpathiacenter.ro\/"},{"@type":"ListItem","position":2,"name":"Legile privind dobor\u00e2rea dronelor \u0219i desf\u0103\u0219urarea pe timp de pace a misiunilor militare, publicate \u00een Monitorul Oficial"}]},{"@type":"WebSite","@id":"https:\/\/carpathiacenter.ro\/#website","url":"https:\/\/carpathiacenter.ro\/","name":"Carpathia Center Romania","description":"Impossible made possible!","publisher":{"@id":"https:\/\/carpathiacenter.ro\/#organization"},"potentialAction":[{"@type":"SearchAction","target":{"@type":"EntryPoint","urlTemplate":"https:\/\/carpathiacenter.ro\/?s={search_term_string}"},"query-input":{"@type":"PropertyValueSpecification","valueRequired":true,"valueName":"search_term_string"}}],"inLanguage":"en-GB"},{"@type":"Organization","@id":"https:\/\/carpathiacenter.ro\/#organization","name":"Carpathia Center Romania","url":"https:\/\/carpathiacenter.ro\/","logo":{"@type":"ImageObject","inLanguage":"en-GB","@id":"https:\/\/carpathiacenter.ro\/#\/schema\/logo\/image\/","url":"https:\/\/carpathiacenter.ro\/wp-content\/uploads\/2024\/07\/logo-carpathia_bg_white-1024x941.png","contentUrl":"https:\/\/carpathiacenter.ro\/wp-content\/uploads\/2024\/07\/logo-carpathia_bg_white-1024x941.png","width":1024,"height":941,"caption":"Carpathia Center Romania"},"image":{"@id":"https:\/\/carpathiacenter.ro\/#\/schema\/logo\/image\/"},"sameAs":["https:\/\/www.facebook.com\/fdpscarpathia\/"]},{"@type":"Person","@id":"https:\/\/carpathiacenter.ro\/#\/schema\/person\/03d9f58202fee8379268f34afa195006","name":"creativebitsolutions","image":{"@type":"ImageObject","inLanguage":"en-GB","@id":"https:\/\/carpathiacenter.ro\/#\/schema\/person\/image\/","url":"https:\/\/secure.gravatar.com\/avatar\/1b1a13e37f847c635dab78348f1dff2f07651ee2a3d77a5c355a4b8c75f9165a?s=96&d=mm&r=g","contentUrl":"https:\/\/secure.gravatar.com\/avatar\/1b1a13e37f847c635dab78348f1dff2f07651ee2a3d77a5c355a4b8c75f9165a?s=96&d=mm&r=g","caption":"creativebitsolutions"},"url":"https:\/\/carpathiacenter.ro\/en\/author\/creativebitsolutions\/"}]}},"_links":{"self":[{"href":"https:\/\/carpathiacenter.ro\/en\/wp-json\/wp\/v2\/posts\/2404","targetHints":{"allow":["GET"]}}],"collection":[{"href":"https:\/\/carpathiacenter.ro\/en\/wp-json\/wp\/v2\/posts"}],"about":[{"href":"https:\/\/carpathiacenter.ro\/en\/wp-json\/wp\/v2\/types\/post"}],"author":[{"embeddable":true,"href":"https:\/\/carpathiacenter.ro\/en\/wp-json\/wp\/v2\/users\/4"}],"replies":[{"embeddable":true,"href":"https:\/\/carpathiacenter.ro\/en\/wp-json\/wp\/v2\/comments?post=2404"}],"version-history":[{"count":1,"href":"https:\/\/carpathiacenter.ro\/en\/wp-json\/wp\/v2\/posts\/2404\/revisions"}],"predecessor-version":[{"id":2406,"href":"https:\/\/carpathiacenter.ro\/en\/wp-json\/wp\/v2\/posts\/2404\/revisions\/2406"}],"wp:featuredmedia":[{"embeddable":true,"href":"https:\/\/carpathiacenter.ro\/en\/wp-json\/wp\/v2\/media\/2405"}],"wp:attachment":[{"href":"https:\/\/carpathiacenter.ro\/en\/wp-json\/wp\/v2\/media?parent=2404"}],"wp:term":[{"taxonomy":"category","embeddable":true,"href":"https:\/\/carpathiacenter.ro\/en\/wp-json\/wp\/v2\/categories?post=2404"},{"taxonomy":"post_tag","embeddable":true,"href":"https:\/\/carpathiacenter.ro\/en\/wp-json\/wp\/v2\/tags?post=2404"}],"curies":[{"name":"wp","href":"https:\/\/api.w.org\/{rel}","templated":true}]}}