{"id":2394,"date":"2025-05-19T08:48:06","date_gmt":"2025-05-19T08:48:06","guid":{"rendered":"https:\/\/carpathiacenter.ro\/?p=2394"},"modified":"2025-05-19T08:48:06","modified_gmt":"2025-05-19T08:48:06","slug":"primul-summit-bilateral-ue-regatul-unit-pe-tema-cooperarii-post-brexit-19-mai","status":"publish","type":"post","link":"https:\/\/carpathiacenter.ro\/en\/primul-summit-bilateral-ue-regatul-unit-pe-tema-cooperarii-post-brexit-19-mai\/","title":{"rendered":"Primul summit bilateral UE-Regatul Unit pe tema cooper\u0103rii post-Brexit (19 mai)"},"content":{"rendered":"<p><strong>Primul summit bilateral post-Brexit UE-Regatul Unit are loc \u00een 19 mai 2025, la Londra. Potrivit <a href=\"https:\/\/www.europarl.europa.eu\" target=\"_blank\">https:\/\/www.europarl.europa.eu<\/a>, se a\u0219teapt\u0103 un poten\u021bial draft de acord de securitate UE-Regatul Unit care ar putea include participarea acestui stat la schema de achizi\u021bie comun\u0103 de arme a UE.<\/strong><\/p>\n<p>De asemenea, liderii celor dou\u0103 p\u0103r\u021bi vor analiza posibilitatea unei scheme de mobilitate pentru tineri, care s\u0103 faciliteze libertatea de mi\u0219care a acestora, precum \u0219i eforturile de eliminare a controalelor sanitare \u0219i fitosanitare (SPS) asupra anumitor produse care sunt exportate din Regatul Unit \u00een UE, \u00een special cele care intr\u0103 \u00een Irlanda de Nord din Marea Britanie. Liderii vor vorbi, de asemenea, despre cooperarea energetic\u0103, inclusiv despre emisiile de carbon.<\/p>\n<p>The Domestic Advisory Group (DAG), organism consultativ care func\u021bioneaz\u0103 pe l\u00e2ng\u0103 guvernul britanic cu rolul de a implica societatea civil\u0103 \u00een procesul de punere \u00een aplicare a Acordului comercial \u0219i de cooperare UE-Regatul Unit, men\u021bioneaz\u0103 c\u0103, din discu\u021biile cu partenerii din industria UE \u0219i societatea civil\u0103, exist\u0103 voin\u021ba de a crea un parteneriat mai eficient, dinamic \u0219i reciproc avantajos cu UE, \u00een baza Acordului existent \u00eentre cele dou\u0103 p\u0103r\u021bi (Acordul comercial \u0219i de cooperare UE-Regatul Unit, intrat \u00een vigoare la 1 mai 2021), conform <a href=\"https:\/\/assets.publishing.service.gov.uk\/media\/6814ca06359707ba3d446782\/DAG_Summit_Statement_2025.pdf\" target=\"_blank\">https:\/\/assets.publishing.service.gov.uk\/media\/6814ca06359707ba3d446782\/DAG_Summit_Statement_2025.pdf<\/a>.<\/p>\n<p>Acordul comercial \u0219i de cooperare UE-Regatul Unit existent ofer\u0103 baza rela\u021biei comerciale cu Regatul Unit-UE, dar el nu mai este suficient pentru Regatul Unit sau pentru UE, declara\u021bia comun\u0103 Regatul Unit-UE din septembrie 2024 subliniind modul \u00een care rela\u021bia ar putea fi \u00eembun\u0103t\u0103\u021bit\u0103, se mai arat\u0103 pe <a href=\"https:\/\/assets.publishing.service.gov.uk\/media\/6814ca06359707ba3d446782\/DAG_Summit_Statement_2025.pdf\" target=\"_blank\">https:\/\/assets.publishing.service.gov.uk\/media\/6814ca06359707ba3d446782\/DAG_Summit_Statement_2025.pdf<\/a>.<\/p>\n<p>Subiectul rela\u021biilor dintre UE \u0219i Regatul Unit post-Brexit a fost abordat \u0219i la Consiliul Afaceri Generale al UE din 15 martie 2025, c\u00e2nd Comisia a avut un schimb de opinii privind rela\u021biile dintre UE \u0219i Regatul Unit \u00een perioada premerg\u0103toare reuniunii UE-Regatul Unit din 19 mai 2025. Mini\u0219trii s-au axat pe domeniile \u00een care rela\u021biile cu Regatul Unit ar putea fi consolidate \u0219i pe cea mai bun\u0103 strategie pentru protejarea colectiv\u0103 a intereselor UE. Mai mul\u021bi mini\u0219tri au subliniat importan\u021ba colabor\u0103rii cu partenerii care au o viziune comun\u0103, inclusiv cu Regatul Unit, \u00een domeniul securit\u0103\u021bii \u0219i ap\u0103r\u0103rii, scrie <a href=\"https:\/\/www.consilium.europa.eu\/\" target=\"_blank\">https:\/\/www.consilium.europa.eu\/<\/a>.<\/p>\n<p>***<br \/>\nRegatul Unit este un fost stat care a p\u0103r\u0103sit UE \u00een ianuarie 2020. \u00cen urma negocierilor privind Brexitul, rela\u021bia dintre cele dou\u0103 p\u0103r\u021bi este reglementat\u0103 de acorduri care asigur\u0103 respectarea drepturilor cet\u0103\u021benilor, concuren\u021ba loial\u0103 \u0219i cooperarea continu\u0103 \u00een domenii de interes reciproc.<\/p>\n<p>Dup\u0103 ce Regatul Unit a p\u0103r\u0103sit oficial UE la 31 ianuarie 2020, UE \u0219i Regatul Unit au \u00eenceput negocierile privind rela\u021biile viitoare. O parte a negocierilor au avut loc \u00een cursul unei perioade de tranzi\u021bie (1 februarie 2020-31 decembrie 2020), \u00een timpul c\u0103reia Regatul Unit nu mai era membru al UE, dar era supus \u00een continuare anumitor norme ale UE.<\/p>\n<p>Acordul comercial \u0219i de cooperare UE-Regatul Unit, esen\u021bial \u00een reglementarea rela\u021biei dup\u0103 Brexit, a fost semnat la 30 decembrie 2020 \u0219i s-a aplicat provizoriu \u00eencep\u00e2nd cu 1 ianuarie 2021. A intrat \u00een vigoare la 1 mai 2021, conform <a href=\"https:\/\/www.consilium.europa.eu\/\" target=\"_blank\">https:\/\/www.consilium.europa.eu\/<\/a>. AGERPRES\/ (Documentare &#8211; Ionela Gavril, editor: Roxana Losneanu)<br \/>\n<br \/>\nSursa articolului:<a href=\"https:\/\/agerpres.ro\/documentare\/2025\/05\/19\/primul-summit-bilateral-ue-regatul-unit-pe-tema-cooperarii-post-brexit-19-mai--1450649\" target=\"_blank\" rel=\"noopener\" title=\"\">https:\/\/agerpres.ro\/documentare\/2025\/05\/19\/primul-summit-bilateral-ue-regatul-unit-pe-tema-cooperarii-post-brexit-19-mai&#8211;1450649<\/a><\/p>","protected":false},"excerpt":{"rendered":"<p>Primul summit bilateral post-Brexit UE-Regatul Unit are loc \u00een 19 mai 2025, la Londra. Potrivit https:\/\/www.europarl.europa.eu, se a\u0219teapt\u0103 un poten\u021bial draft de acord de securitate UE-Regatul Unit care ar putea include participarea acestui stat la schema de achizi\u021bie comun\u0103 de arme a UE. De asemenea, liderii celor dou\u0103 p\u0103r\u021bi vor analiza posibilitatea unei scheme de&#8230;<\/p>","protected":false},"author":4,"featured_media":2395,"comment_status":"open","ping_status":"open","sticky":false,"template":"","format":"standard","meta":{"footnotes":""},"categories":[1],"tags":[],"class_list":["post-2394","post","type-post","status-publish","format-standard","has-post-thumbnail","hentry","category-uncategorized"],"yoast_head":"<!-- This site is optimized with the Yoast SEO plugin v26.1.1 - https:\/\/yoast.com\/wordpress\/plugins\/seo\/ -->\n<title>Primul summit bilateral UE-Regatul Unit pe tema cooper\u0103rii post-Brexit (19 mai) - Carpathia Center Romania<\/title>\n<meta name=\"robots\" content=\"index, follow, max-snippet:-1, max-image-preview:large, max-video-preview:-1\" \/>\n<link rel=\"canonical\" href=\"https:\/\/carpathiacenter.ro\/en\/primul-summit-bilateral-ue-regatul-unit-pe-tema-cooperarii-post-brexit-19-mai\/\" \/>\n<meta property=\"og:locale\" content=\"en_GB\" \/>\n<meta property=\"og:type\" content=\"article\" \/>\n<meta property=\"og:title\" content=\"Primul summit bilateral UE-Regatul Unit pe tema cooper\u0103rii post-Brexit (19 mai) - Carpathia Center Romania\" \/>\n<meta property=\"og:description\" content=\"Primul summit bilateral post-Brexit UE-Regatul Unit are loc \u00een 19 mai 2025, la Londra. Potrivit https:\/\/www.europarl.europa.eu, se a\u0219teapt\u0103 un poten\u021bial draft de acord de securitate UE-Regatul Unit care ar putea include participarea acestui stat la schema de achizi\u021bie comun\u0103 de arme a UE. De asemenea, liderii celor dou\u0103 p\u0103r\u021bi vor analiza posibilitatea unei scheme de...\" \/>\n<meta property=\"og:url\" content=\"https:\/\/carpathiacenter.ro\/en\/primul-summit-bilateral-ue-regatul-unit-pe-tema-cooperarii-post-brexit-19-mai\/\" \/>\n<meta property=\"og:site_name\" content=\"Carpathia Center Romania\" \/>\n<meta property=\"article:publisher\" content=\"https:\/\/www.facebook.com\/fdpscarpathia\/\" \/>\n<meta property=\"article:published_time\" content=\"2025-05-19T08:48:06+00:00\" \/>\n<meta property=\"og:image\" content=\"https:\/\/carpathiacenter.ro\/wp-content\/uploads\/2025\/05\/EU-flags.jpg\" \/>\n\t<meta property=\"og:image:width\" content=\"590\" \/>\n\t<meta property=\"og:image:height\" content=\"350\" \/>\n\t<meta property=\"og:image:type\" content=\"image\/jpeg\" \/>\n<meta name=\"author\" content=\"creativebitsolutions\" \/>\n<meta name=\"twitter:card\" content=\"summary_large_image\" \/>\n<meta name=\"twitter:label1\" content=\"Written by\" \/>\n\t<meta name=\"twitter:data1\" content=\"creativebitsolutions\" \/>\n\t<meta name=\"twitter:label2\" content=\"Estimated reading time\" \/>\n\t<meta name=\"twitter:data2\" content=\"3 minutes\" \/>\n<script type=\"application\/ld+json\" class=\"yoast-schema-graph\">{\"@context\":\"https:\/\/schema.org\",\"@graph\":[{\"@type\":\"Article\",\"@id\":\"https:\/\/carpathiacenter.ro\/primul-summit-bilateral-ue-regatul-unit-pe-tema-cooperarii-post-brexit-19-mai\/#article\",\"isPartOf\":{\"@id\":\"https:\/\/carpathiacenter.ro\/primul-summit-bilateral-ue-regatul-unit-pe-tema-cooperarii-post-brexit-19-mai\/\"},\"author\":{\"name\":\"creativebitsolutions\",\"@id\":\"https:\/\/carpathiacenter.ro\/#\/schema\/person\/03d9f58202fee8379268f34afa195006\"},\"headline\":\"Primul summit bilateral UE-Regatul Unit pe tema cooper\u0103rii post-Brexit (19 mai)\",\"datePublished\":\"2025-05-19T08:48:06+00:00\",\"mainEntityOfPage\":{\"@id\":\"https:\/\/carpathiacenter.ro\/primul-summit-bilateral-ue-regatul-unit-pe-tema-cooperarii-post-brexit-19-mai\/\"},\"wordCount\":577,\"commentCount\":0,\"publisher\":{\"@id\":\"https:\/\/carpathiacenter.ro\/#organization\"},\"image\":{\"@id\":\"https:\/\/carpathiacenter.ro\/primul-summit-bilateral-ue-regatul-unit-pe-tema-cooperarii-post-brexit-19-mai\/#primaryimage\"},\"thumbnailUrl\":\"https:\/\/carpathiacenter.ro\/wp-content\/uploads\/2025\/05\/EU-flags.jpg\",\"articleSection\":[\"Uncategorized\"],\"inLanguage\":\"en-GB\",\"potentialAction\":[{\"@type\":\"CommentAction\",\"name\":\"Comment\",\"target\":[\"https:\/\/carpathiacenter.ro\/primul-summit-bilateral-ue-regatul-unit-pe-tema-cooperarii-post-brexit-19-mai\/#respond\"]}]},{\"@type\":\"WebPage\",\"@id\":\"https:\/\/carpathiacenter.ro\/primul-summit-bilateral-ue-regatul-unit-pe-tema-cooperarii-post-brexit-19-mai\/\",\"url\":\"https:\/\/carpathiacenter.ro\/primul-summit-bilateral-ue-regatul-unit-pe-tema-cooperarii-post-brexit-19-mai\/\",\"name\":\"Primul summit bilateral UE-Regatul Unit pe tema cooper\u0103rii post-Brexit (19 mai) - Carpathia Center Romania\",\"isPartOf\":{\"@id\":\"https:\/\/carpathiacenter.ro\/#website\"},\"primaryImageOfPage\":{\"@id\":\"https:\/\/carpathiacenter.ro\/primul-summit-bilateral-ue-regatul-unit-pe-tema-cooperarii-post-brexit-19-mai\/#primaryimage\"},\"image\":{\"@id\":\"https:\/\/carpathiacenter.ro\/primul-summit-bilateral-ue-regatul-unit-pe-tema-cooperarii-post-brexit-19-mai\/#primaryimage\"},\"thumbnailUrl\":\"https:\/\/carpathiacenter.ro\/wp-content\/uploads\/2025\/05\/EU-flags.jpg\",\"datePublished\":\"2025-05-19T08:48:06+00:00\",\"breadcrumb\":{\"@id\":\"https:\/\/carpathiacenter.ro\/primul-summit-bilateral-ue-regatul-unit-pe-tema-cooperarii-post-brexit-19-mai\/#breadcrumb\"},\"inLanguage\":\"en-GB\",\"potentialAction\":[{\"@type\":\"ReadAction\",\"target\":[\"https:\/\/carpathiacenter.ro\/primul-summit-bilateral-ue-regatul-unit-pe-tema-cooperarii-post-brexit-19-mai\/\"]}]},{\"@type\":\"ImageObject\",\"inLanguage\":\"en-GB\",\"@id\":\"https:\/\/carpathiacenter.ro\/primul-summit-bilateral-ue-regatul-unit-pe-tema-cooperarii-post-brexit-19-mai\/#primaryimage\",\"url\":\"https:\/\/carpathiacenter.ro\/wp-content\/uploads\/2025\/05\/EU-flags.jpg\",\"contentUrl\":\"https:\/\/carpathiacenter.ro\/wp-content\/uploads\/2025\/05\/EU-flags.jpg\",\"width\":590,\"height\":350},{\"@type\":\"BreadcrumbList\",\"@id\":\"https:\/\/carpathiacenter.ro\/primul-summit-bilateral-ue-regatul-unit-pe-tema-cooperarii-post-brexit-19-mai\/#breadcrumb\",\"itemListElement\":[{\"@type\":\"ListItem\",\"position\":1,\"name\":\"Prima pagin\u0103\",\"item\":\"https:\/\/carpathiacenter.ro\/\"},{\"@type\":\"ListItem\",\"position\":2,\"name\":\"Primul summit bilateral UE-Regatul Unit pe tema cooper\u0103rii post-Brexit (19 mai)\"}]},{\"@type\":\"WebSite\",\"@id\":\"https:\/\/carpathiacenter.ro\/#website\",\"url\":\"https:\/\/carpathiacenter.ro\/\",\"name\":\"Carpathia Center Romania\",\"description\":\"Impossible made possible!\",\"publisher\":{\"@id\":\"https:\/\/carpathiacenter.ro\/#organization\"},\"potentialAction\":[{\"@type\":\"SearchAction\",\"target\":{\"@type\":\"EntryPoint\",\"urlTemplate\":\"https:\/\/carpathiacenter.ro\/?s={search_term_string}\"},\"query-input\":{\"@type\":\"PropertyValueSpecification\",\"valueRequired\":true,\"valueName\":\"search_term_string\"}}],\"inLanguage\":\"en-GB\"},{\"@type\":\"Organization\",\"@id\":\"https:\/\/carpathiacenter.ro\/#organization\",\"name\":\"Carpathia Center Romania\",\"url\":\"https:\/\/carpathiacenter.ro\/\",\"logo\":{\"@type\":\"ImageObject\",\"inLanguage\":\"en-GB\",\"@id\":\"https:\/\/carpathiacenter.ro\/#\/schema\/logo\/image\/\",\"url\":\"https:\/\/carpathiacenter.ro\/wp-content\/uploads\/2024\/07\/logo-carpathia_bg_white-1024x941.png\",\"contentUrl\":\"https:\/\/carpathiacenter.ro\/wp-content\/uploads\/2024\/07\/logo-carpathia_bg_white-1024x941.png\",\"width\":1024,\"height\":941,\"caption\":\"Carpathia Center Romania\"},\"image\":{\"@id\":\"https:\/\/carpathiacenter.ro\/#\/schema\/logo\/image\/\"},\"sameAs\":[\"https:\/\/www.facebook.com\/fdpscarpathia\/\"]},{\"@type\":\"Person\",\"@id\":\"https:\/\/carpathiacenter.ro\/#\/schema\/person\/03d9f58202fee8379268f34afa195006\",\"name\":\"creativebitsolutions\",\"image\":{\"@type\":\"ImageObject\",\"inLanguage\":\"en-GB\",\"@id\":\"https:\/\/carpathiacenter.ro\/#\/schema\/person\/image\/\",\"url\":\"https:\/\/secure.gravatar.com\/avatar\/1b1a13e37f847c635dab78348f1dff2f07651ee2a3d77a5c355a4b8c75f9165a?s=96&d=mm&r=g\",\"contentUrl\":\"https:\/\/secure.gravatar.com\/avatar\/1b1a13e37f847c635dab78348f1dff2f07651ee2a3d77a5c355a4b8c75f9165a?s=96&d=mm&r=g\",\"caption\":\"creativebitsolutions\"},\"url\":\"https:\/\/carpathiacenter.ro\/en\/author\/creativebitsolutions\/\"}]}<\/script>\n<!-- \/ Yoast SEO plugin. -->","yoast_head_json":{"title":"Primul summit bilateral UE-Regatul Unit pe tema cooper\u0103rii post-Brexit (19 mai) - Carpathia Center Romania","robots":{"index":"index","follow":"follow","max-snippet":"max-snippet:-1","max-image-preview":"max-image-preview:large","max-video-preview":"max-video-preview:-1"},"canonical":"https:\/\/carpathiacenter.ro\/en\/primul-summit-bilateral-ue-regatul-unit-pe-tema-cooperarii-post-brexit-19-mai\/","og_locale":"en_GB","og_type":"article","og_title":"Primul summit bilateral UE-Regatul Unit pe tema cooper\u0103rii post-Brexit (19 mai) - Carpathia Center Romania","og_description":"Primul summit bilateral post-Brexit UE-Regatul Unit are loc \u00een 19 mai 2025, la Londra. Potrivit https:\/\/www.europarl.europa.eu, se a\u0219teapt\u0103 un poten\u021bial draft de acord de securitate UE-Regatul Unit care ar putea include participarea acestui stat la schema de achizi\u021bie comun\u0103 de arme a UE. De asemenea, liderii celor dou\u0103 p\u0103r\u021bi vor analiza posibilitatea unei scheme de...","og_url":"https:\/\/carpathiacenter.ro\/en\/primul-summit-bilateral-ue-regatul-unit-pe-tema-cooperarii-post-brexit-19-mai\/","og_site_name":"Carpathia Center Romania","article_publisher":"https:\/\/www.facebook.com\/fdpscarpathia\/","article_published_time":"2025-05-19T08:48:06+00:00","og_image":[{"width":590,"height":350,"url":"https:\/\/carpathiacenter.ro\/wp-content\/uploads\/2025\/05\/EU-flags.jpg","type":"image\/jpeg"}],"author":"creativebitsolutions","twitter_card":"summary_large_image","twitter_misc":{"Written by":"creativebitsolutions","Estimated reading time":"3 minutes"},"schema":{"@context":"https:\/\/schema.org","@graph":[{"@type":"Article","@id":"https:\/\/carpathiacenter.ro\/primul-summit-bilateral-ue-regatul-unit-pe-tema-cooperarii-post-brexit-19-mai\/#article","isPartOf":{"@id":"https:\/\/carpathiacenter.ro\/primul-summit-bilateral-ue-regatul-unit-pe-tema-cooperarii-post-brexit-19-mai\/"},"author":{"name":"creativebitsolutions","@id":"https:\/\/carpathiacenter.ro\/#\/schema\/person\/03d9f58202fee8379268f34afa195006"},"headline":"Primul summit bilateral UE-Regatul Unit pe tema cooper\u0103rii post-Brexit (19 mai)","datePublished":"2025-05-19T08:48:06+00:00","mainEntityOfPage":{"@id":"https:\/\/carpathiacenter.ro\/primul-summit-bilateral-ue-regatul-unit-pe-tema-cooperarii-post-brexit-19-mai\/"},"wordCount":577,"commentCount":0,"publisher":{"@id":"https:\/\/carpathiacenter.ro\/#organization"},"image":{"@id":"https:\/\/carpathiacenter.ro\/primul-summit-bilateral-ue-regatul-unit-pe-tema-cooperarii-post-brexit-19-mai\/#primaryimage"},"thumbnailUrl":"https:\/\/carpathiacenter.ro\/wp-content\/uploads\/2025\/05\/EU-flags.jpg","articleSection":["Uncategorized"],"inLanguage":"en-GB","potentialAction":[{"@type":"CommentAction","name":"Comment","target":["https:\/\/carpathiacenter.ro\/primul-summit-bilateral-ue-regatul-unit-pe-tema-cooperarii-post-brexit-19-mai\/#respond"]}]},{"@type":"WebPage","@id":"https:\/\/carpathiacenter.ro\/primul-summit-bilateral-ue-regatul-unit-pe-tema-cooperarii-post-brexit-19-mai\/","url":"https:\/\/carpathiacenter.ro\/primul-summit-bilateral-ue-regatul-unit-pe-tema-cooperarii-post-brexit-19-mai\/","name":"Primul summit bilateral UE-Regatul Unit pe tema cooper\u0103rii post-Brexit (19 mai) - Carpathia Center Romania","isPartOf":{"@id":"https:\/\/carpathiacenter.ro\/#website"},"primaryImageOfPage":{"@id":"https:\/\/carpathiacenter.ro\/primul-summit-bilateral-ue-regatul-unit-pe-tema-cooperarii-post-brexit-19-mai\/#primaryimage"},"image":{"@id":"https:\/\/carpathiacenter.ro\/primul-summit-bilateral-ue-regatul-unit-pe-tema-cooperarii-post-brexit-19-mai\/#primaryimage"},"thumbnailUrl":"https:\/\/carpathiacenter.ro\/wp-content\/uploads\/2025\/05\/EU-flags.jpg","datePublished":"2025-05-19T08:48:06+00:00","breadcrumb":{"@id":"https:\/\/carpathiacenter.ro\/primul-summit-bilateral-ue-regatul-unit-pe-tema-cooperarii-post-brexit-19-mai\/#breadcrumb"},"inLanguage":"en-GB","potentialAction":[{"@type":"ReadAction","target":["https:\/\/carpathiacenter.ro\/primul-summit-bilateral-ue-regatul-unit-pe-tema-cooperarii-post-brexit-19-mai\/"]}]},{"@type":"ImageObject","inLanguage":"en-GB","@id":"https:\/\/carpathiacenter.ro\/primul-summit-bilateral-ue-regatul-unit-pe-tema-cooperarii-post-brexit-19-mai\/#primaryimage","url":"https:\/\/carpathiacenter.ro\/wp-content\/uploads\/2025\/05\/EU-flags.jpg","contentUrl":"https:\/\/carpathiacenter.ro\/wp-content\/uploads\/2025\/05\/EU-flags.jpg","width":590,"height":350},{"@type":"BreadcrumbList","@id":"https:\/\/carpathiacenter.ro\/primul-summit-bilateral-ue-regatul-unit-pe-tema-cooperarii-post-brexit-19-mai\/#breadcrumb","itemListElement":[{"@type":"ListItem","position":1,"name":"Prima pagin\u0103","item":"https:\/\/carpathiacenter.ro\/"},{"@type":"ListItem","position":2,"name":"Primul summit bilateral UE-Regatul Unit pe tema cooper\u0103rii post-Brexit (19 mai)"}]},{"@type":"WebSite","@id":"https:\/\/carpathiacenter.ro\/#website","url":"https:\/\/carpathiacenter.ro\/","name":"Carpathia Center Romania","description":"Impossible made possible!","publisher":{"@id":"https:\/\/carpathiacenter.ro\/#organization"},"potentialAction":[{"@type":"SearchAction","target":{"@type":"EntryPoint","urlTemplate":"https:\/\/carpathiacenter.ro\/?s={search_term_string}"},"query-input":{"@type":"PropertyValueSpecification","valueRequired":true,"valueName":"search_term_string"}}],"inLanguage":"en-GB"},{"@type":"Organization","@id":"https:\/\/carpathiacenter.ro\/#organization","name":"Carpathia Center Romania","url":"https:\/\/carpathiacenter.ro\/","logo":{"@type":"ImageObject","inLanguage":"en-GB","@id":"https:\/\/carpathiacenter.ro\/#\/schema\/logo\/image\/","url":"https:\/\/carpathiacenter.ro\/wp-content\/uploads\/2024\/07\/logo-carpathia_bg_white-1024x941.png","contentUrl":"https:\/\/carpathiacenter.ro\/wp-content\/uploads\/2024\/07\/logo-carpathia_bg_white-1024x941.png","width":1024,"height":941,"caption":"Carpathia Center Romania"},"image":{"@id":"https:\/\/carpathiacenter.ro\/#\/schema\/logo\/image\/"},"sameAs":["https:\/\/www.facebook.com\/fdpscarpathia\/"]},{"@type":"Person","@id":"https:\/\/carpathiacenter.ro\/#\/schema\/person\/03d9f58202fee8379268f34afa195006","name":"creativebitsolutions","image":{"@type":"ImageObject","inLanguage":"en-GB","@id":"https:\/\/carpathiacenter.ro\/#\/schema\/person\/image\/","url":"https:\/\/secure.gravatar.com\/avatar\/1b1a13e37f847c635dab78348f1dff2f07651ee2a3d77a5c355a4b8c75f9165a?s=96&d=mm&r=g","contentUrl":"https:\/\/secure.gravatar.com\/avatar\/1b1a13e37f847c635dab78348f1dff2f07651ee2a3d77a5c355a4b8c75f9165a?s=96&d=mm&r=g","caption":"creativebitsolutions"},"url":"https:\/\/carpathiacenter.ro\/en\/author\/creativebitsolutions\/"}]}},"_links":{"self":[{"href":"https:\/\/carpathiacenter.ro\/en\/wp-json\/wp\/v2\/posts\/2394","targetHints":{"allow":["GET"]}}],"collection":[{"href":"https:\/\/carpathiacenter.ro\/en\/wp-json\/wp\/v2\/posts"}],"about":[{"href":"https:\/\/carpathiacenter.ro\/en\/wp-json\/wp\/v2\/types\/post"}],"author":[{"embeddable":true,"href":"https:\/\/carpathiacenter.ro\/en\/wp-json\/wp\/v2\/users\/4"}],"replies":[{"embeddable":true,"href":"https:\/\/carpathiacenter.ro\/en\/wp-json\/wp\/v2\/comments?post=2394"}],"version-history":[{"count":1,"href":"https:\/\/carpathiacenter.ro\/en\/wp-json\/wp\/v2\/posts\/2394\/revisions"}],"predecessor-version":[{"id":2396,"href":"https:\/\/carpathiacenter.ro\/en\/wp-json\/wp\/v2\/posts\/2394\/revisions\/2396"}],"wp:featuredmedia":[{"embeddable":true,"href":"https:\/\/carpathiacenter.ro\/en\/wp-json\/wp\/v2\/media\/2395"}],"wp:attachment":[{"href":"https:\/\/carpathiacenter.ro\/en\/wp-json\/wp\/v2\/media?parent=2394"}],"wp:term":[{"taxonomy":"category","embeddable":true,"href":"https:\/\/carpathiacenter.ro\/en\/wp-json\/wp\/v2\/categories?post=2394"},{"taxonomy":"post_tag","embeddable":true,"href":"https:\/\/carpathiacenter.ro\/en\/wp-json\/wp\/v2\/tags?post=2394"}],"curies":[{"name":"wp","href":"https:\/\/api.w.org\/{rel}","templated":true}]}}