{"id":2390,"date":"2025-05-16T09:17:46","date_gmt":"2025-05-16T09:17:46","guid":{"rendered":"https:\/\/carpathiacenter.ro\/?p=2390"},"modified":"2025-05-16T09:36:00","modified_gmt":"2025-05-16T09:36:00","slug":"anpc-a-dispus-inchiderea-temporara-de-pana-la-6-lunipentru-un-procesator-producator-produse-din-carne-din-ilfov","status":"publish","type":"post","link":"https:\/\/carpathiacenter.ro\/en\/anpc-a-dispus-inchiderea-temporara-de-pana-la-6-lunipentru-un-procesator-producator-produse-din-carne-din-ilfov\/","title":{"rendered":"ANPC a dispus \u00eenchiderea temporar\u0103, de p\u00e2n\u0103 la 6 luni,pentru un procesator\/produc\u0103tor produse din carne, din Ilfov"},"content":{"rendered":"<p><strong>Comisari din cadrul Comisariatului Jude\u021bean pentru Protec\u021bia Consumatorilor Ilfov au efectuat joi un control la societatea ZENA SRL din Domne\u0219ti, jude\u021bul Ilfov, \u0219i au dispus, pentru deficien\u021bele constatate, oprirea temporar\u0103 a activit\u0103\u021bii de p\u00e2n\u0103 la 6 luni, aplic\u00e2nd, totodat\u0103, sanc\u021biuni \u00een valoare de 30.000 lei.<\/strong><\/p>\n<p>&#8216;\u00cen dat\u0103 de 15.05.2025, comisari din cadrul Comisariatului Jude\u021bean pentru Protec\u021bia Consumatorilor Ilfov, sub coordonarea pre\u0219edintelui ANPC Cristian Popescu Piedone au efectuat un control, \u00een baza reclama\u021biei primite pe adresa autorit\u0103\u021bii, la societatea ZENA SRL din Domne\u0219ti, jud. Ilfov. Operatorul economic desf\u0103\u0219oar\u0103 activit\u0103\u021bi de procesare\/ produc\u021bie produse din carne, rezult\u00e2nd conserve din carne de vit\u0103 \u0219i din carne de porc. (&#8230;) Pentru deficien\u021bele constatate, operatorului economic i s-a dispus oprirea temporar\u0103 a activit\u0103\u021bii (OTPS) de p\u00e2n\u0103 la 6 luni. Totodat\u0103, s-au aplicat sanc\u021biuni \u00een valoare de 30.000 lei. De asemenea, s-au f\u0103cut adrese c\u0103tre toate organele de control din domeniul alimentar pentru a adopta m\u0103surile ce se impun unui astfel de operator economic&#8217;, se men\u021bioneaz\u0103 \u00eentr-un comunicat al ANPC.<\/p>\n<p>Potrivit sursei citate, la momentul controlului au fost identificate spa\u021bii \u0219i sec\u021bii din cadrul unit\u0103\u021bii care erau insalubre, f\u0103r\u0103 a respect\u0103 minime condi\u021bii de igien\u0103. S-au reg\u0103sit: paviment deteriorat, pere\u021bi neigieniza\u021bi, faian\u021b\u0103 desprins\u0103 de pe perete, unele lips\u0103, agregate frigorifice pline de praf \u0219i cu uzur\u0103 excesiv\u0103, obiecte din component\u0103 spa\u021biilor pline de rugin\u0103. Zona de por\u021bionare prezen\u021ba o lipsa clar\u0103 de igien\u0103, reg\u0103sindu-se resturi alimentare \u00een rigol\u0103 de scurgere, aparatur\u0103 uzat\u0103 \u0219i neigienizat\u0103 dup\u0103 utilizarea zilnic\u0103. Nu se respectau normele de siguran\u021b\u0103 alimentar\u0103 \u00een vigoare pe \u00eentreg spa\u021biul de produc\u021bie. Plafoanele din fiecare \u00eenc\u0103pere prezentau deterior\u0103ri \u0219i exfolieri.<\/p>\n<p>&#8216;\u00cen ceea ce prive\u0219te materia prima folosit\u0103, aceasta nu respect\u0103 normele de calitate din cauza spa\u021biilor insalubre \u00een care se depozita. Tot praful care exist\u0103 pe agregatele frigorifice era \u00eemp\u00e2nzit \u00een toat\u0103 camera frigorific\u0103 \u0219i ajungea direct pe produse. S-au prelevat sortimente din produsele finite (conserve) c\u00e2t \u0219i din materia prima reg\u0103sit\u0103 \u00een spa\u021biile insalubre pentru a determina calitatea acestora&#8217;, se mai arat\u0103 \u00een comunicat. AGERPRES\/(AS-editor: Nicoleta Gherasi, editor online: Ada V\u00eelceanu)&nbsp;<br \/>\n<br \/>\nSursa articolului:<a href=\"https:\/\/agerpres.ro\/economic\/2025\/05\/15\/anpc-a-dispus-inchiderea-temporara-de-pana-la-6-luni-pentru-un-procesator-producator-produse-din-car--1449575\" target=\"_blank\" rel=\"noopener\" title=\"\">https:\/\/agerpres.ro\/economic\/2025\/05\/15\/anpc-a-dispus-inchiderea-temporara-de-pana-la-6-luni-pentru-un-procesator-producator-produse-din-car&#8211;1449575<\/a><\/p>","protected":false},"excerpt":{"rendered":"<p>Comisari din cadrul Comisariatului Jude\u021bean pentru Protec\u021bia Consumatorilor Ilfov au efectuat joi un control la societatea ZENA SRL din Domne\u0219ti, jude\u021bul Ilfov, \u0219i au dispus, pentru deficien\u021bele constatate, oprirea temporar\u0103 a activit\u0103\u021bii de p\u00e2n\u0103 la 6 luni, aplic\u00e2nd, totodat\u0103, sanc\u021biuni \u00een valoare de 30.000 lei. &#8216;\u00cen dat\u0103 de 15.05.2025, comisari din cadrul Comisariatului Jude\u021bean pentru&#8230;<\/p>","protected":false},"author":4,"featured_media":2393,"comment_status":"open","ping_status":"open","sticky":false,"template":"","format":"standard","meta":{"footnotes":""},"categories":[1],"tags":[],"class_list":["post-2390","post","type-post","status-publish","format-standard","has-post-thumbnail","hentry","category-uncategorized"],"yoast_head":"<!-- This site is optimized with the Yoast SEO plugin v26.1.1 - https:\/\/yoast.com\/wordpress\/plugins\/seo\/ -->\n<title>ANPC a dispus \u00eenchiderea temporar\u0103, de p\u00e2n\u0103 la 6 luni,pentru un procesator\/produc\u0103tor produse din carne, din Ilfov - Carpathia Center Romania<\/title>\n<meta name=\"robots\" content=\"index, follow, max-snippet:-1, max-image-preview:large, max-video-preview:-1\" \/>\n<link rel=\"canonical\" href=\"https:\/\/carpathiacenter.ro\/en\/anpc-a-dispus-inchiderea-temporara-de-pana-la-6-lunipentru-un-procesator-producator-produse-din-carne-din-ilfov\/\" \/>\n<meta property=\"og:locale\" content=\"en_GB\" \/>\n<meta property=\"og:type\" content=\"article\" \/>\n<meta property=\"og:title\" content=\"ANPC a dispus \u00eenchiderea temporar\u0103, de p\u00e2n\u0103 la 6 luni,pentru un procesator\/produc\u0103tor produse din carne, din Ilfov - Carpathia Center Romania\" \/>\n<meta property=\"og:description\" content=\"Comisari din cadrul Comisariatului Jude\u021bean pentru Protec\u021bia Consumatorilor Ilfov au efectuat joi un control la societatea ZENA SRL din Domne\u0219ti, jude\u021bul Ilfov, \u0219i au dispus, pentru deficien\u021bele constatate, oprirea temporar\u0103 a activit\u0103\u021bii de p\u00e2n\u0103 la 6 luni, aplic\u00e2nd, totodat\u0103, sanc\u021biuni \u00een valoare de 30.000 lei. &#8216;\u00cen dat\u0103 de 15.05.2025, comisari din cadrul Comisariatului Jude\u021bean pentru...\" \/>\n<meta property=\"og:url\" content=\"https:\/\/carpathiacenter.ro\/en\/anpc-a-dispus-inchiderea-temporara-de-pana-la-6-lunipentru-un-procesator-producator-produse-din-carne-din-ilfov\/\" \/>\n<meta property=\"og:site_name\" content=\"Carpathia Center Romania\" \/>\n<meta property=\"article:publisher\" content=\"https:\/\/www.facebook.com\/fdpscarpathia\/\" \/>\n<meta property=\"article:published_time\" content=\"2025-05-16T09:17:46+00:00\" \/>\n<meta property=\"article:modified_time\" content=\"2025-05-16T09:36:00+00:00\" \/>\n<meta property=\"og:image\" content=\"https:\/\/carpathiacenter.ro\/wp-content\/uploads\/2025\/05\/abator1.jpg\" \/>\n\t<meta property=\"og:image:width\" content=\"2400\" \/>\n\t<meta property=\"og:image:height\" content=\"1600\" \/>\n\t<meta property=\"og:image:type\" content=\"image\/jpeg\" \/>\n<meta name=\"author\" content=\"creativebitsolutions\" \/>\n<meta name=\"twitter:card\" content=\"summary_large_image\" \/>\n<meta name=\"twitter:label1\" content=\"Written by\" \/>\n\t<meta name=\"twitter:data1\" content=\"creativebitsolutions\" \/>\n\t<meta name=\"twitter:label2\" content=\"Estimated reading time\" \/>\n\t<meta name=\"twitter:data2\" content=\"2 minutes\" \/>\n<script type=\"application\/ld+json\" class=\"yoast-schema-graph\">{\"@context\":\"https:\/\/schema.org\",\"@graph\":[{\"@type\":\"Article\",\"@id\":\"https:\/\/carpathiacenter.ro\/anpc-a-dispus-inchiderea-temporara-de-pana-la-6-lunipentru-un-procesator-producator-produse-din-carne-din-ilfov\/#article\",\"isPartOf\":{\"@id\":\"https:\/\/carpathiacenter.ro\/anpc-a-dispus-inchiderea-temporara-de-pana-la-6-lunipentru-un-procesator-producator-produse-din-carne-din-ilfov\/\"},\"author\":{\"name\":\"creativebitsolutions\",\"@id\":\"https:\/\/carpathiacenter.ro\/#\/schema\/person\/03d9f58202fee8379268f34afa195006\"},\"headline\":\"ANPC a dispus \u00eenchiderea temporar\u0103, de p\u00e2n\u0103 la 6 luni,pentru un procesator\/produc\u0103tor produse din carne, din Ilfov\",\"datePublished\":\"2025-05-16T09:17:46+00:00\",\"dateModified\":\"2025-05-16T09:36:00+00:00\",\"mainEntityOfPage\":{\"@id\":\"https:\/\/carpathiacenter.ro\/anpc-a-dispus-inchiderea-temporara-de-pana-la-6-lunipentru-un-procesator-producator-produse-din-carne-din-ilfov\/\"},\"wordCount\":409,\"commentCount\":0,\"publisher\":{\"@id\":\"https:\/\/carpathiacenter.ro\/#organization\"},\"image\":{\"@id\":\"https:\/\/carpathiacenter.ro\/anpc-a-dispus-inchiderea-temporara-de-pana-la-6-lunipentru-un-procesator-producator-produse-din-carne-din-ilfov\/#primaryimage\"},\"thumbnailUrl\":\"https:\/\/carpathiacenter.ro\/wp-content\/uploads\/2025\/05\/abator1.jpg\",\"articleSection\":[\"Uncategorized\"],\"inLanguage\":\"en-GB\",\"potentialAction\":[{\"@type\":\"CommentAction\",\"name\":\"Comment\",\"target\":[\"https:\/\/carpathiacenter.ro\/anpc-a-dispus-inchiderea-temporara-de-pana-la-6-lunipentru-un-procesator-producator-produse-din-carne-din-ilfov\/#respond\"]}]},{\"@type\":\"WebPage\",\"@id\":\"https:\/\/carpathiacenter.ro\/anpc-a-dispus-inchiderea-temporara-de-pana-la-6-lunipentru-un-procesator-producator-produse-din-carne-din-ilfov\/\",\"url\":\"https:\/\/carpathiacenter.ro\/anpc-a-dispus-inchiderea-temporara-de-pana-la-6-lunipentru-un-procesator-producator-produse-din-carne-din-ilfov\/\",\"name\":\"ANPC a dispus \u00eenchiderea temporar\u0103, de p\u00e2n\u0103 la 6 luni,pentru un procesator\/produc\u0103tor produse din carne, din Ilfov - Carpathia Center Romania\",\"isPartOf\":{\"@id\":\"https:\/\/carpathiacenter.ro\/#website\"},\"primaryImageOfPage\":{\"@id\":\"https:\/\/carpathiacenter.ro\/anpc-a-dispus-inchiderea-temporara-de-pana-la-6-lunipentru-un-procesator-producator-produse-din-carne-din-ilfov\/#primaryimage\"},\"image\":{\"@id\":\"https:\/\/carpathiacenter.ro\/anpc-a-dispus-inchiderea-temporara-de-pana-la-6-lunipentru-un-procesator-producator-produse-din-carne-din-ilfov\/#primaryimage\"},\"thumbnailUrl\":\"https:\/\/carpathiacenter.ro\/wp-content\/uploads\/2025\/05\/abator1.jpg\",\"datePublished\":\"2025-05-16T09:17:46+00:00\",\"dateModified\":\"2025-05-16T09:36:00+00:00\",\"breadcrumb\":{\"@id\":\"https:\/\/carpathiacenter.ro\/anpc-a-dispus-inchiderea-temporara-de-pana-la-6-lunipentru-un-procesator-producator-produse-din-carne-din-ilfov\/#breadcrumb\"},\"inLanguage\":\"en-GB\",\"potentialAction\":[{\"@type\":\"ReadAction\",\"target\":[\"https:\/\/carpathiacenter.ro\/anpc-a-dispus-inchiderea-temporara-de-pana-la-6-lunipentru-un-procesator-producator-produse-din-carne-din-ilfov\/\"]}]},{\"@type\":\"ImageObject\",\"inLanguage\":\"en-GB\",\"@id\":\"https:\/\/carpathiacenter.ro\/anpc-a-dispus-inchiderea-temporara-de-pana-la-6-lunipentru-un-procesator-producator-produse-din-carne-din-ilfov\/#primaryimage\",\"url\":\"https:\/\/carpathiacenter.ro\/wp-content\/uploads\/2025\/05\/abator1.jpg\",\"contentUrl\":\"https:\/\/carpathiacenter.ro\/wp-content\/uploads\/2025\/05\/abator1.jpg\",\"width\":2400,\"height\":1600},{\"@type\":\"BreadcrumbList\",\"@id\":\"https:\/\/carpathiacenter.ro\/anpc-a-dispus-inchiderea-temporara-de-pana-la-6-lunipentru-un-procesator-producator-produse-din-carne-din-ilfov\/#breadcrumb\",\"itemListElement\":[{\"@type\":\"ListItem\",\"position\":1,\"name\":\"Prima pagin\u0103\",\"item\":\"https:\/\/carpathiacenter.ro\/\"},{\"@type\":\"ListItem\",\"position\":2,\"name\":\"ANPC a dispus \u00eenchiderea temporar\u0103, de p\u00e2n\u0103 la 6 luni,pentru un procesator\/produc\u0103tor produse din carne, din Ilfov\"}]},{\"@type\":\"WebSite\",\"@id\":\"https:\/\/carpathiacenter.ro\/#website\",\"url\":\"https:\/\/carpathiacenter.ro\/\",\"name\":\"Carpathia Center Romania\",\"description\":\"Impossible made possible!\",\"publisher\":{\"@id\":\"https:\/\/carpathiacenter.ro\/#organization\"},\"potentialAction\":[{\"@type\":\"SearchAction\",\"target\":{\"@type\":\"EntryPoint\",\"urlTemplate\":\"https:\/\/carpathiacenter.ro\/?s={search_term_string}\"},\"query-input\":{\"@type\":\"PropertyValueSpecification\",\"valueRequired\":true,\"valueName\":\"search_term_string\"}}],\"inLanguage\":\"en-GB\"},{\"@type\":\"Organization\",\"@id\":\"https:\/\/carpathiacenter.ro\/#organization\",\"name\":\"Carpathia Center Romania\",\"url\":\"https:\/\/carpathiacenter.ro\/\",\"logo\":{\"@type\":\"ImageObject\",\"inLanguage\":\"en-GB\",\"@id\":\"https:\/\/carpathiacenter.ro\/#\/schema\/logo\/image\/\",\"url\":\"https:\/\/carpathiacenter.ro\/wp-content\/uploads\/2024\/07\/logo-carpathia_bg_white-1024x941.png\",\"contentUrl\":\"https:\/\/carpathiacenter.ro\/wp-content\/uploads\/2024\/07\/logo-carpathia_bg_white-1024x941.png\",\"width\":1024,\"height\":941,\"caption\":\"Carpathia Center Romania\"},\"image\":{\"@id\":\"https:\/\/carpathiacenter.ro\/#\/schema\/logo\/image\/\"},\"sameAs\":[\"https:\/\/www.facebook.com\/fdpscarpathia\/\"]},{\"@type\":\"Person\",\"@id\":\"https:\/\/carpathiacenter.ro\/#\/schema\/person\/03d9f58202fee8379268f34afa195006\",\"name\":\"creativebitsolutions\",\"image\":{\"@type\":\"ImageObject\",\"inLanguage\":\"en-GB\",\"@id\":\"https:\/\/carpathiacenter.ro\/#\/schema\/person\/image\/\",\"url\":\"https:\/\/secure.gravatar.com\/avatar\/1b1a13e37f847c635dab78348f1dff2f07651ee2a3d77a5c355a4b8c75f9165a?s=96&d=mm&r=g\",\"contentUrl\":\"https:\/\/secure.gravatar.com\/avatar\/1b1a13e37f847c635dab78348f1dff2f07651ee2a3d77a5c355a4b8c75f9165a?s=96&d=mm&r=g\",\"caption\":\"creativebitsolutions\"},\"url\":\"https:\/\/carpathiacenter.ro\/en\/author\/creativebitsolutions\/\"}]}<\/script>\n<!-- \/ Yoast SEO plugin. -->","yoast_head_json":{"title":"ANPC a dispus \u00eenchiderea temporar\u0103, de p\u00e2n\u0103 la 6 luni,pentru un procesator\/produc\u0103tor produse din carne, din Ilfov - Carpathia Center Romania","robots":{"index":"index","follow":"follow","max-snippet":"max-snippet:-1","max-image-preview":"max-image-preview:large","max-video-preview":"max-video-preview:-1"},"canonical":"https:\/\/carpathiacenter.ro\/en\/anpc-a-dispus-inchiderea-temporara-de-pana-la-6-lunipentru-un-procesator-producator-produse-din-carne-din-ilfov\/","og_locale":"en_GB","og_type":"article","og_title":"ANPC a dispus \u00eenchiderea temporar\u0103, de p\u00e2n\u0103 la 6 luni,pentru un procesator\/produc\u0103tor produse din carne, din Ilfov - Carpathia Center Romania","og_description":"Comisari din cadrul Comisariatului Jude\u021bean pentru Protec\u021bia Consumatorilor Ilfov au efectuat joi un control la societatea ZENA SRL din Domne\u0219ti, jude\u021bul Ilfov, \u0219i au dispus, pentru deficien\u021bele constatate, oprirea temporar\u0103 a activit\u0103\u021bii de p\u00e2n\u0103 la 6 luni, aplic\u00e2nd, totodat\u0103, sanc\u021biuni \u00een valoare de 30.000 lei. &#8216;\u00cen dat\u0103 de 15.05.2025, comisari din cadrul Comisariatului Jude\u021bean pentru...","og_url":"https:\/\/carpathiacenter.ro\/en\/anpc-a-dispus-inchiderea-temporara-de-pana-la-6-lunipentru-un-procesator-producator-produse-din-carne-din-ilfov\/","og_site_name":"Carpathia Center Romania","article_publisher":"https:\/\/www.facebook.com\/fdpscarpathia\/","article_published_time":"2025-05-16T09:17:46+00:00","article_modified_time":"2025-05-16T09:36:00+00:00","og_image":[{"width":2400,"height":1600,"url":"https:\/\/carpathiacenter.ro\/wp-content\/uploads\/2025\/05\/abator1.jpg","type":"image\/jpeg"}],"author":"creativebitsolutions","twitter_card":"summary_large_image","twitter_misc":{"Written by":"creativebitsolutions","Estimated reading time":"2 minutes"},"schema":{"@context":"https:\/\/schema.org","@graph":[{"@type":"Article","@id":"https:\/\/carpathiacenter.ro\/anpc-a-dispus-inchiderea-temporara-de-pana-la-6-lunipentru-un-procesator-producator-produse-din-carne-din-ilfov\/#article","isPartOf":{"@id":"https:\/\/carpathiacenter.ro\/anpc-a-dispus-inchiderea-temporara-de-pana-la-6-lunipentru-un-procesator-producator-produse-din-carne-din-ilfov\/"},"author":{"name":"creativebitsolutions","@id":"https:\/\/carpathiacenter.ro\/#\/schema\/person\/03d9f58202fee8379268f34afa195006"},"headline":"ANPC a dispus \u00eenchiderea temporar\u0103, de p\u00e2n\u0103 la 6 luni,pentru un procesator\/produc\u0103tor produse din carne, din Ilfov","datePublished":"2025-05-16T09:17:46+00:00","dateModified":"2025-05-16T09:36:00+00:00","mainEntityOfPage":{"@id":"https:\/\/carpathiacenter.ro\/anpc-a-dispus-inchiderea-temporara-de-pana-la-6-lunipentru-un-procesator-producator-produse-din-carne-din-ilfov\/"},"wordCount":409,"commentCount":0,"publisher":{"@id":"https:\/\/carpathiacenter.ro\/#organization"},"image":{"@id":"https:\/\/carpathiacenter.ro\/anpc-a-dispus-inchiderea-temporara-de-pana-la-6-lunipentru-un-procesator-producator-produse-din-carne-din-ilfov\/#primaryimage"},"thumbnailUrl":"https:\/\/carpathiacenter.ro\/wp-content\/uploads\/2025\/05\/abator1.jpg","articleSection":["Uncategorized"],"inLanguage":"en-GB","potentialAction":[{"@type":"CommentAction","name":"Comment","target":["https:\/\/carpathiacenter.ro\/anpc-a-dispus-inchiderea-temporara-de-pana-la-6-lunipentru-un-procesator-producator-produse-din-carne-din-ilfov\/#respond"]}]},{"@type":"WebPage","@id":"https:\/\/carpathiacenter.ro\/anpc-a-dispus-inchiderea-temporara-de-pana-la-6-lunipentru-un-procesator-producator-produse-din-carne-din-ilfov\/","url":"https:\/\/carpathiacenter.ro\/anpc-a-dispus-inchiderea-temporara-de-pana-la-6-lunipentru-un-procesator-producator-produse-din-carne-din-ilfov\/","name":"ANPC a dispus \u00eenchiderea temporar\u0103, de p\u00e2n\u0103 la 6 luni,pentru un procesator\/produc\u0103tor produse din carne, din Ilfov - Carpathia Center Romania","isPartOf":{"@id":"https:\/\/carpathiacenter.ro\/#website"},"primaryImageOfPage":{"@id":"https:\/\/carpathiacenter.ro\/anpc-a-dispus-inchiderea-temporara-de-pana-la-6-lunipentru-un-procesator-producator-produse-din-carne-din-ilfov\/#primaryimage"},"image":{"@id":"https:\/\/carpathiacenter.ro\/anpc-a-dispus-inchiderea-temporara-de-pana-la-6-lunipentru-un-procesator-producator-produse-din-carne-din-ilfov\/#primaryimage"},"thumbnailUrl":"https:\/\/carpathiacenter.ro\/wp-content\/uploads\/2025\/05\/abator1.jpg","datePublished":"2025-05-16T09:17:46+00:00","dateModified":"2025-05-16T09:36:00+00:00","breadcrumb":{"@id":"https:\/\/carpathiacenter.ro\/anpc-a-dispus-inchiderea-temporara-de-pana-la-6-lunipentru-un-procesator-producator-produse-din-carne-din-ilfov\/#breadcrumb"},"inLanguage":"en-GB","potentialAction":[{"@type":"ReadAction","target":["https:\/\/carpathiacenter.ro\/anpc-a-dispus-inchiderea-temporara-de-pana-la-6-lunipentru-un-procesator-producator-produse-din-carne-din-ilfov\/"]}]},{"@type":"ImageObject","inLanguage":"en-GB","@id":"https:\/\/carpathiacenter.ro\/anpc-a-dispus-inchiderea-temporara-de-pana-la-6-lunipentru-un-procesator-producator-produse-din-carne-din-ilfov\/#primaryimage","url":"https:\/\/carpathiacenter.ro\/wp-content\/uploads\/2025\/05\/abator1.jpg","contentUrl":"https:\/\/carpathiacenter.ro\/wp-content\/uploads\/2025\/05\/abator1.jpg","width":2400,"height":1600},{"@type":"BreadcrumbList","@id":"https:\/\/carpathiacenter.ro\/anpc-a-dispus-inchiderea-temporara-de-pana-la-6-lunipentru-un-procesator-producator-produse-din-carne-din-ilfov\/#breadcrumb","itemListElement":[{"@type":"ListItem","position":1,"name":"Prima pagin\u0103","item":"https:\/\/carpathiacenter.ro\/"},{"@type":"ListItem","position":2,"name":"ANPC a dispus \u00eenchiderea temporar\u0103, de p\u00e2n\u0103 la 6 luni,pentru un procesator\/produc\u0103tor produse din carne, din Ilfov"}]},{"@type":"WebSite","@id":"https:\/\/carpathiacenter.ro\/#website","url":"https:\/\/carpathiacenter.ro\/","name":"Carpathia Center Romania","description":"Impossible made possible!","publisher":{"@id":"https:\/\/carpathiacenter.ro\/#organization"},"potentialAction":[{"@type":"SearchAction","target":{"@type":"EntryPoint","urlTemplate":"https:\/\/carpathiacenter.ro\/?s={search_term_string}"},"query-input":{"@type":"PropertyValueSpecification","valueRequired":true,"valueName":"search_term_string"}}],"inLanguage":"en-GB"},{"@type":"Organization","@id":"https:\/\/carpathiacenter.ro\/#organization","name":"Carpathia Center Romania","url":"https:\/\/carpathiacenter.ro\/","logo":{"@type":"ImageObject","inLanguage":"en-GB","@id":"https:\/\/carpathiacenter.ro\/#\/schema\/logo\/image\/","url":"https:\/\/carpathiacenter.ro\/wp-content\/uploads\/2024\/07\/logo-carpathia_bg_white-1024x941.png","contentUrl":"https:\/\/carpathiacenter.ro\/wp-content\/uploads\/2024\/07\/logo-carpathia_bg_white-1024x941.png","width":1024,"height":941,"caption":"Carpathia Center Romania"},"image":{"@id":"https:\/\/carpathiacenter.ro\/#\/schema\/logo\/image\/"},"sameAs":["https:\/\/www.facebook.com\/fdpscarpathia\/"]},{"@type":"Person","@id":"https:\/\/carpathiacenter.ro\/#\/schema\/person\/03d9f58202fee8379268f34afa195006","name":"creativebitsolutions","image":{"@type":"ImageObject","inLanguage":"en-GB","@id":"https:\/\/carpathiacenter.ro\/#\/schema\/person\/image\/","url":"https:\/\/secure.gravatar.com\/avatar\/1b1a13e37f847c635dab78348f1dff2f07651ee2a3d77a5c355a4b8c75f9165a?s=96&d=mm&r=g","contentUrl":"https:\/\/secure.gravatar.com\/avatar\/1b1a13e37f847c635dab78348f1dff2f07651ee2a3d77a5c355a4b8c75f9165a?s=96&d=mm&r=g","caption":"creativebitsolutions"},"url":"https:\/\/carpathiacenter.ro\/en\/author\/creativebitsolutions\/"}]}},"_links":{"self":[{"href":"https:\/\/carpathiacenter.ro\/en\/wp-json\/wp\/v2\/posts\/2390","targetHints":{"allow":["GET"]}}],"collection":[{"href":"https:\/\/carpathiacenter.ro\/en\/wp-json\/wp\/v2\/posts"}],"about":[{"href":"https:\/\/carpathiacenter.ro\/en\/wp-json\/wp\/v2\/types\/post"}],"author":[{"embeddable":true,"href":"https:\/\/carpathiacenter.ro\/en\/wp-json\/wp\/v2\/users\/4"}],"replies":[{"embeddable":true,"href":"https:\/\/carpathiacenter.ro\/en\/wp-json\/wp\/v2\/comments?post=2390"}],"version-history":[{"count":1,"href":"https:\/\/carpathiacenter.ro\/en\/wp-json\/wp\/v2\/posts\/2390\/revisions"}],"predecessor-version":[{"id":2392,"href":"https:\/\/carpathiacenter.ro\/en\/wp-json\/wp\/v2\/posts\/2390\/revisions\/2392"}],"wp:featuredmedia":[{"embeddable":true,"href":"https:\/\/carpathiacenter.ro\/en\/wp-json\/wp\/v2\/media\/2393"}],"wp:attachment":[{"href":"https:\/\/carpathiacenter.ro\/en\/wp-json\/wp\/v2\/media?parent=2390"}],"wp:term":[{"taxonomy":"category","embeddable":true,"href":"https:\/\/carpathiacenter.ro\/en\/wp-json\/wp\/v2\/categories?post=2390"},{"taxonomy":"post_tag","embeddable":true,"href":"https:\/\/carpathiacenter.ro\/en\/wp-json\/wp\/v2\/tags?post=2390"}],"curies":[{"name":"wp","href":"https:\/\/api.w.org\/{rel}","templated":true}]}}