{"id":2383,"date":"2025-05-15T09:36:54","date_gmt":"2025-05-15T09:36:54","guid":{"rendered":"https:\/\/carpathiacenter.ro\/?p=2383"},"modified":"2025-05-15T09:36:54","modified_gmt":"2025-05-15T09:36:54","slug":"negocieri-la-istanbul-kremlinul-prezinta-delegatia-fara-putin","status":"publish","type":"post","link":"https:\/\/carpathiacenter.ro\/en\/negocieri-la-istanbul-kremlinul-prezinta-delegatia-fara-putin\/","title":{"rendered":"Negocieri la Istanbul: Kremlinul prezint\u0103 delega\u021bia, f\u0103r\u0103 Putin"},"content":{"rendered":"<p><strong>Kremlinul a anun\u021bat miercuri membrii delega\u021biei care se vor deplasa joi la Istanbul pentru negocieri directe cu ucrainenii, f\u0103r\u0103 a men\u021biona numele pre\u0219edintelui Vladimir Putin, care a fost invitat s\u0103 se deplaseze acolo de omologul s\u0103u ucrainean Volodimir Zelenski, relateaz\u0103 AFP.<\/strong><\/p>\n<p>Delega\u021bia rus\u0103 va fi condus\u0103 de consilierul preziden\u021bial Vladimir Medinski, viceministrul de Externe Mihail Galuzin \u0219i viceministrul Ap\u0103r\u0103rii Alexander Fomin, potrivit listei publicate de Kremlin.<\/p>\n<p>Negocierile ruso-ucrainene care vor avea loc joi la Istanbul vor aborda chestiuni politice \u0219i tehnice, a declarat miercuri consilierul de politic\u0103 extern\u0103 al pre\u0219edintelui rus Vladimir Putin, Iuri U\u0219akov, noteaz\u0103 agen\u021bia EFE.<\/p>\n<p>Liderul de la Kremlin a avut ini\u021biativa acestor negocieri, dup\u0103 ce a respins un ultimatum prin care principalii alia\u021bi europeni ai Ucrainei au amenin\u021bat Rusia c\u0103 dac\u0103 \u00eencep\u00e2nd de lunea care a trecut nu accept\u0103 o \u00eencetare a focului pentru 30 de zile \u00eei vor impune noi sanc\u021biuni.<\/p>\n<p>Ultimele negocieri directe ruso-ucrainene au avut loc tot la Istanbul \u00een martie-aprilie 2022, la o lun\u0103 dup\u0103 lansarea invaziei ruse asupra Ucrainei. Conform Rusiei, la acele negocieri aproape fusese convenit un acord de pace, dar care \u00een final a fost abandonat de Kiev la cererea fostei administra\u021bii americane a pre\u0219edintelui Joe Biden \u0219i a premierului britanic de la acea vreme, Boris Johnson, iar Ucraina nu a mai dorit s\u0103-l semneze de \u00eendat\u0103 ce trupele ruse s-au retras din zona capitalei Kiev. AGERPRES\/(AS &#8211; redactor: Violeta Gheorghe, editor online: Alexandru Cojocaru)<br \/>\n<br \/>\nSursa articolului:<a href=\"https:\/\/agerpres.ro\/politic-extern\/2025\/05\/14\/negocieri-la-istanbul-kremlinul-prezinta-delegatia-fara-putin--1449193\" target=\"_blank\" rel=\"noopener\" title=\"\">https:\/\/agerpres.ro\/politic-extern\/2025\/05\/14\/negocieri-la-istanbul-kremlinul-prezinta-delegatia-fara-putin&#8211;1449193<\/a><\/p>","protected":false},"excerpt":{"rendered":"<p>Kremlinul a anun\u021bat miercuri membrii delega\u021biei care se vor deplasa joi la Istanbul pentru negocieri directe cu ucrainenii, f\u0103r\u0103 a men\u021biona numele pre\u0219edintelui Vladimir Putin, care a fost invitat s\u0103 se deplaseze acolo de omologul s\u0103u ucrainean Volodimir Zelenski, relateaz\u0103 AFP. Delega\u021bia rus\u0103 va fi condus\u0103 de consilierul preziden\u021bial Vladimir Medinski, viceministrul de Externe Mihail&#8230;<\/p>","protected":false},"author":4,"featured_media":2384,"comment_status":"open","ping_status":"open","sticky":false,"template":"","format":"standard","meta":{"footnotes":""},"categories":[1],"tags":[],"class_list":["post-2383","post","type-post","status-publish","format-standard","has-post-thumbnail","hentry","category-uncategorized"],"yoast_head":"<!-- This site is optimized with the Yoast SEO plugin v26.1.1 - https:\/\/yoast.com\/wordpress\/plugins\/seo\/ -->\n<title>Negocieri la Istanbul: Kremlinul prezint\u0103 delega\u021bia, f\u0103r\u0103 Putin - Carpathia Center Romania<\/title>\n<meta name=\"robots\" content=\"index, follow, max-snippet:-1, max-image-preview:large, max-video-preview:-1\" \/>\n<link rel=\"canonical\" href=\"https:\/\/carpathiacenter.ro\/en\/negocieri-la-istanbul-kremlinul-prezinta-delegatia-fara-putin\/\" \/>\n<meta property=\"og:locale\" content=\"en_GB\" \/>\n<meta property=\"og:type\" content=\"article\" \/>\n<meta property=\"og:title\" content=\"Negocieri la Istanbul: Kremlinul prezint\u0103 delega\u021bia, f\u0103r\u0103 Putin - Carpathia Center Romania\" \/>\n<meta property=\"og:description\" content=\"Kremlinul a anun\u021bat miercuri membrii delega\u021biei care se vor deplasa joi la Istanbul pentru negocieri directe cu ucrainenii, f\u0103r\u0103 a men\u021biona numele pre\u0219edintelui Vladimir Putin, care a fost invitat s\u0103 se deplaseze acolo de omologul s\u0103u ucrainean Volodimir Zelenski, relateaz\u0103 AFP. Delega\u021bia rus\u0103 va fi condus\u0103 de consilierul preziden\u021bial Vladimir Medinski, viceministrul de Externe Mihail...\" \/>\n<meta property=\"og:url\" content=\"https:\/\/carpathiacenter.ro\/en\/negocieri-la-istanbul-kremlinul-prezinta-delegatia-fara-putin\/\" \/>\n<meta property=\"og:site_name\" content=\"Carpathia Center Romania\" \/>\n<meta property=\"article:publisher\" content=\"https:\/\/www.facebook.com\/fdpscarpathia\/\" \/>\n<meta property=\"article:published_time\" content=\"2025-05-15T09:36:54+00:00\" \/>\n<meta property=\"og:image\" content=\"https:\/\/carpathiacenter.ro\/wp-content\/uploads\/2025\/05\/Ukraine-and-Rusia-flag.jpg\" \/>\n\t<meta property=\"og:image:width\" content=\"1920\" \/>\n\t<meta property=\"og:image:height\" content=\"1080\" \/>\n\t<meta property=\"og:image:type\" content=\"image\/jpeg\" \/>\n<meta name=\"author\" content=\"creativebitsolutions\" \/>\n<meta name=\"twitter:card\" content=\"summary_large_image\" \/>\n<meta name=\"twitter:label1\" content=\"Written by\" \/>\n\t<meta name=\"twitter:data1\" content=\"creativebitsolutions\" \/>\n\t<meta name=\"twitter:label2\" content=\"Estimated reading time\" \/>\n\t<meta name=\"twitter:data2\" content=\"1 minute\" \/>\n<script type=\"application\/ld+json\" class=\"yoast-schema-graph\">{\"@context\":\"https:\/\/schema.org\",\"@graph\":[{\"@type\":\"Article\",\"@id\":\"https:\/\/carpathiacenter.ro\/negocieri-la-istanbul-kremlinul-prezinta-delegatia-fara-putin\/#article\",\"isPartOf\":{\"@id\":\"https:\/\/carpathiacenter.ro\/negocieri-la-istanbul-kremlinul-prezinta-delegatia-fara-putin\/\"},\"author\":{\"name\":\"creativebitsolutions\",\"@id\":\"https:\/\/carpathiacenter.ro\/#\/schema\/person\/03d9f58202fee8379268f34afa195006\"},\"headline\":\"Negocieri la Istanbul: Kremlinul prezint\u0103 delega\u021bia, f\u0103r\u0103 Putin\",\"datePublished\":\"2025-05-15T09:36:54+00:00\",\"mainEntityOfPage\":{\"@id\":\"https:\/\/carpathiacenter.ro\/negocieri-la-istanbul-kremlinul-prezinta-delegatia-fara-putin\/\"},\"wordCount\":273,\"commentCount\":0,\"publisher\":{\"@id\":\"https:\/\/carpathiacenter.ro\/#organization\"},\"image\":{\"@id\":\"https:\/\/carpathiacenter.ro\/negocieri-la-istanbul-kremlinul-prezinta-delegatia-fara-putin\/#primaryimage\"},\"thumbnailUrl\":\"https:\/\/carpathiacenter.ro\/wp-content\/uploads\/2025\/05\/Ukraine-and-Rusia-flag.jpg\",\"articleSection\":[\"Uncategorized\"],\"inLanguage\":\"en-GB\",\"potentialAction\":[{\"@type\":\"CommentAction\",\"name\":\"Comment\",\"target\":[\"https:\/\/carpathiacenter.ro\/negocieri-la-istanbul-kremlinul-prezinta-delegatia-fara-putin\/#respond\"]}]},{\"@type\":\"WebPage\",\"@id\":\"https:\/\/carpathiacenter.ro\/negocieri-la-istanbul-kremlinul-prezinta-delegatia-fara-putin\/\",\"url\":\"https:\/\/carpathiacenter.ro\/negocieri-la-istanbul-kremlinul-prezinta-delegatia-fara-putin\/\",\"name\":\"Negocieri la Istanbul: Kremlinul prezint\u0103 delega\u021bia, f\u0103r\u0103 Putin - Carpathia Center Romania\",\"isPartOf\":{\"@id\":\"https:\/\/carpathiacenter.ro\/#website\"},\"primaryImageOfPage\":{\"@id\":\"https:\/\/carpathiacenter.ro\/negocieri-la-istanbul-kremlinul-prezinta-delegatia-fara-putin\/#primaryimage\"},\"image\":{\"@id\":\"https:\/\/carpathiacenter.ro\/negocieri-la-istanbul-kremlinul-prezinta-delegatia-fara-putin\/#primaryimage\"},\"thumbnailUrl\":\"https:\/\/carpathiacenter.ro\/wp-content\/uploads\/2025\/05\/Ukraine-and-Rusia-flag.jpg\",\"datePublished\":\"2025-05-15T09:36:54+00:00\",\"breadcrumb\":{\"@id\":\"https:\/\/carpathiacenter.ro\/negocieri-la-istanbul-kremlinul-prezinta-delegatia-fara-putin\/#breadcrumb\"},\"inLanguage\":\"en-GB\",\"potentialAction\":[{\"@type\":\"ReadAction\",\"target\":[\"https:\/\/carpathiacenter.ro\/negocieri-la-istanbul-kremlinul-prezinta-delegatia-fara-putin\/\"]}]},{\"@type\":\"ImageObject\",\"inLanguage\":\"en-GB\",\"@id\":\"https:\/\/carpathiacenter.ro\/negocieri-la-istanbul-kremlinul-prezinta-delegatia-fara-putin\/#primaryimage\",\"url\":\"https:\/\/carpathiacenter.ro\/wp-content\/uploads\/2025\/05\/Ukraine-and-Rusia-flag.jpg\",\"contentUrl\":\"https:\/\/carpathiacenter.ro\/wp-content\/uploads\/2025\/05\/Ukraine-and-Rusia-flag.jpg\",\"width\":1920,\"height\":1080},{\"@type\":\"BreadcrumbList\",\"@id\":\"https:\/\/carpathiacenter.ro\/negocieri-la-istanbul-kremlinul-prezinta-delegatia-fara-putin\/#breadcrumb\",\"itemListElement\":[{\"@type\":\"ListItem\",\"position\":1,\"name\":\"Prima pagin\u0103\",\"item\":\"https:\/\/carpathiacenter.ro\/\"},{\"@type\":\"ListItem\",\"position\":2,\"name\":\"Negocieri la Istanbul: Kremlinul prezint\u0103 delega\u021bia, f\u0103r\u0103 Putin\"}]},{\"@type\":\"WebSite\",\"@id\":\"https:\/\/carpathiacenter.ro\/#website\",\"url\":\"https:\/\/carpathiacenter.ro\/\",\"name\":\"Carpathia Center Romania\",\"description\":\"Impossible made possible!\",\"publisher\":{\"@id\":\"https:\/\/carpathiacenter.ro\/#organization\"},\"potentialAction\":[{\"@type\":\"SearchAction\",\"target\":{\"@type\":\"EntryPoint\",\"urlTemplate\":\"https:\/\/carpathiacenter.ro\/?s={search_term_string}\"},\"query-input\":{\"@type\":\"PropertyValueSpecification\",\"valueRequired\":true,\"valueName\":\"search_term_string\"}}],\"inLanguage\":\"en-GB\"},{\"@type\":\"Organization\",\"@id\":\"https:\/\/carpathiacenter.ro\/#organization\",\"name\":\"Carpathia Center Romania\",\"url\":\"https:\/\/carpathiacenter.ro\/\",\"logo\":{\"@type\":\"ImageObject\",\"inLanguage\":\"en-GB\",\"@id\":\"https:\/\/carpathiacenter.ro\/#\/schema\/logo\/image\/\",\"url\":\"https:\/\/carpathiacenter.ro\/wp-content\/uploads\/2024\/07\/logo-carpathia_bg_white-1024x941.png\",\"contentUrl\":\"https:\/\/carpathiacenter.ro\/wp-content\/uploads\/2024\/07\/logo-carpathia_bg_white-1024x941.png\",\"width\":1024,\"height\":941,\"caption\":\"Carpathia Center Romania\"},\"image\":{\"@id\":\"https:\/\/carpathiacenter.ro\/#\/schema\/logo\/image\/\"},\"sameAs\":[\"https:\/\/www.facebook.com\/fdpscarpathia\/\"]},{\"@type\":\"Person\",\"@id\":\"https:\/\/carpathiacenter.ro\/#\/schema\/person\/03d9f58202fee8379268f34afa195006\",\"name\":\"creativebitsolutions\",\"image\":{\"@type\":\"ImageObject\",\"inLanguage\":\"en-GB\",\"@id\":\"https:\/\/carpathiacenter.ro\/#\/schema\/person\/image\/\",\"url\":\"https:\/\/secure.gravatar.com\/avatar\/1b1a13e37f847c635dab78348f1dff2f07651ee2a3d77a5c355a4b8c75f9165a?s=96&d=mm&r=g\",\"contentUrl\":\"https:\/\/secure.gravatar.com\/avatar\/1b1a13e37f847c635dab78348f1dff2f07651ee2a3d77a5c355a4b8c75f9165a?s=96&d=mm&r=g\",\"caption\":\"creativebitsolutions\"},\"url\":\"https:\/\/carpathiacenter.ro\/en\/author\/creativebitsolutions\/\"}]}<\/script>\n<!-- \/ Yoast SEO plugin. -->","yoast_head_json":{"title":"Negocieri la Istanbul: Kremlinul prezint\u0103 delega\u021bia, f\u0103r\u0103 Putin - Carpathia Center Romania","robots":{"index":"index","follow":"follow","max-snippet":"max-snippet:-1","max-image-preview":"max-image-preview:large","max-video-preview":"max-video-preview:-1"},"canonical":"https:\/\/carpathiacenter.ro\/en\/negocieri-la-istanbul-kremlinul-prezinta-delegatia-fara-putin\/","og_locale":"en_GB","og_type":"article","og_title":"Negocieri la Istanbul: Kremlinul prezint\u0103 delega\u021bia, f\u0103r\u0103 Putin - Carpathia Center Romania","og_description":"Kremlinul a anun\u021bat miercuri membrii delega\u021biei care se vor deplasa joi la Istanbul pentru negocieri directe cu ucrainenii, f\u0103r\u0103 a men\u021biona numele pre\u0219edintelui Vladimir Putin, care a fost invitat s\u0103 se deplaseze acolo de omologul s\u0103u ucrainean Volodimir Zelenski, relateaz\u0103 AFP. Delega\u021bia rus\u0103 va fi condus\u0103 de consilierul preziden\u021bial Vladimir Medinski, viceministrul de Externe Mihail...","og_url":"https:\/\/carpathiacenter.ro\/en\/negocieri-la-istanbul-kremlinul-prezinta-delegatia-fara-putin\/","og_site_name":"Carpathia Center Romania","article_publisher":"https:\/\/www.facebook.com\/fdpscarpathia\/","article_published_time":"2025-05-15T09:36:54+00:00","og_image":[{"width":1920,"height":1080,"url":"https:\/\/carpathiacenter.ro\/wp-content\/uploads\/2025\/05\/Ukraine-and-Rusia-flag.jpg","type":"image\/jpeg"}],"author":"creativebitsolutions","twitter_card":"summary_large_image","twitter_misc":{"Written by":"creativebitsolutions","Estimated reading time":"1 minute"},"schema":{"@context":"https:\/\/schema.org","@graph":[{"@type":"Article","@id":"https:\/\/carpathiacenter.ro\/negocieri-la-istanbul-kremlinul-prezinta-delegatia-fara-putin\/#article","isPartOf":{"@id":"https:\/\/carpathiacenter.ro\/negocieri-la-istanbul-kremlinul-prezinta-delegatia-fara-putin\/"},"author":{"name":"creativebitsolutions","@id":"https:\/\/carpathiacenter.ro\/#\/schema\/person\/03d9f58202fee8379268f34afa195006"},"headline":"Negocieri la Istanbul: Kremlinul prezint\u0103 delega\u021bia, f\u0103r\u0103 Putin","datePublished":"2025-05-15T09:36:54+00:00","mainEntityOfPage":{"@id":"https:\/\/carpathiacenter.ro\/negocieri-la-istanbul-kremlinul-prezinta-delegatia-fara-putin\/"},"wordCount":273,"commentCount":0,"publisher":{"@id":"https:\/\/carpathiacenter.ro\/#organization"},"image":{"@id":"https:\/\/carpathiacenter.ro\/negocieri-la-istanbul-kremlinul-prezinta-delegatia-fara-putin\/#primaryimage"},"thumbnailUrl":"https:\/\/carpathiacenter.ro\/wp-content\/uploads\/2025\/05\/Ukraine-and-Rusia-flag.jpg","articleSection":["Uncategorized"],"inLanguage":"en-GB","potentialAction":[{"@type":"CommentAction","name":"Comment","target":["https:\/\/carpathiacenter.ro\/negocieri-la-istanbul-kremlinul-prezinta-delegatia-fara-putin\/#respond"]}]},{"@type":"WebPage","@id":"https:\/\/carpathiacenter.ro\/negocieri-la-istanbul-kremlinul-prezinta-delegatia-fara-putin\/","url":"https:\/\/carpathiacenter.ro\/negocieri-la-istanbul-kremlinul-prezinta-delegatia-fara-putin\/","name":"Negocieri la Istanbul: Kremlinul prezint\u0103 delega\u021bia, f\u0103r\u0103 Putin - Carpathia Center Romania","isPartOf":{"@id":"https:\/\/carpathiacenter.ro\/#website"},"primaryImageOfPage":{"@id":"https:\/\/carpathiacenter.ro\/negocieri-la-istanbul-kremlinul-prezinta-delegatia-fara-putin\/#primaryimage"},"image":{"@id":"https:\/\/carpathiacenter.ro\/negocieri-la-istanbul-kremlinul-prezinta-delegatia-fara-putin\/#primaryimage"},"thumbnailUrl":"https:\/\/carpathiacenter.ro\/wp-content\/uploads\/2025\/05\/Ukraine-and-Rusia-flag.jpg","datePublished":"2025-05-15T09:36:54+00:00","breadcrumb":{"@id":"https:\/\/carpathiacenter.ro\/negocieri-la-istanbul-kremlinul-prezinta-delegatia-fara-putin\/#breadcrumb"},"inLanguage":"en-GB","potentialAction":[{"@type":"ReadAction","target":["https:\/\/carpathiacenter.ro\/negocieri-la-istanbul-kremlinul-prezinta-delegatia-fara-putin\/"]}]},{"@type":"ImageObject","inLanguage":"en-GB","@id":"https:\/\/carpathiacenter.ro\/negocieri-la-istanbul-kremlinul-prezinta-delegatia-fara-putin\/#primaryimage","url":"https:\/\/carpathiacenter.ro\/wp-content\/uploads\/2025\/05\/Ukraine-and-Rusia-flag.jpg","contentUrl":"https:\/\/carpathiacenter.ro\/wp-content\/uploads\/2025\/05\/Ukraine-and-Rusia-flag.jpg","width":1920,"height":1080},{"@type":"BreadcrumbList","@id":"https:\/\/carpathiacenter.ro\/negocieri-la-istanbul-kremlinul-prezinta-delegatia-fara-putin\/#breadcrumb","itemListElement":[{"@type":"ListItem","position":1,"name":"Prima pagin\u0103","item":"https:\/\/carpathiacenter.ro\/"},{"@type":"ListItem","position":2,"name":"Negocieri la Istanbul: Kremlinul prezint\u0103 delega\u021bia, f\u0103r\u0103 Putin"}]},{"@type":"WebSite","@id":"https:\/\/carpathiacenter.ro\/#website","url":"https:\/\/carpathiacenter.ro\/","name":"Carpathia Center Romania","description":"Impossible made possible!","publisher":{"@id":"https:\/\/carpathiacenter.ro\/#organization"},"potentialAction":[{"@type":"SearchAction","target":{"@type":"EntryPoint","urlTemplate":"https:\/\/carpathiacenter.ro\/?s={search_term_string}"},"query-input":{"@type":"PropertyValueSpecification","valueRequired":true,"valueName":"search_term_string"}}],"inLanguage":"en-GB"},{"@type":"Organization","@id":"https:\/\/carpathiacenter.ro\/#organization","name":"Carpathia Center Romania","url":"https:\/\/carpathiacenter.ro\/","logo":{"@type":"ImageObject","inLanguage":"en-GB","@id":"https:\/\/carpathiacenter.ro\/#\/schema\/logo\/image\/","url":"https:\/\/carpathiacenter.ro\/wp-content\/uploads\/2024\/07\/logo-carpathia_bg_white-1024x941.png","contentUrl":"https:\/\/carpathiacenter.ro\/wp-content\/uploads\/2024\/07\/logo-carpathia_bg_white-1024x941.png","width":1024,"height":941,"caption":"Carpathia Center Romania"},"image":{"@id":"https:\/\/carpathiacenter.ro\/#\/schema\/logo\/image\/"},"sameAs":["https:\/\/www.facebook.com\/fdpscarpathia\/"]},{"@type":"Person","@id":"https:\/\/carpathiacenter.ro\/#\/schema\/person\/03d9f58202fee8379268f34afa195006","name":"creativebitsolutions","image":{"@type":"ImageObject","inLanguage":"en-GB","@id":"https:\/\/carpathiacenter.ro\/#\/schema\/person\/image\/","url":"https:\/\/secure.gravatar.com\/avatar\/1b1a13e37f847c635dab78348f1dff2f07651ee2a3d77a5c355a4b8c75f9165a?s=96&d=mm&r=g","contentUrl":"https:\/\/secure.gravatar.com\/avatar\/1b1a13e37f847c635dab78348f1dff2f07651ee2a3d77a5c355a4b8c75f9165a?s=96&d=mm&r=g","caption":"creativebitsolutions"},"url":"https:\/\/carpathiacenter.ro\/en\/author\/creativebitsolutions\/"}]}},"_links":{"self":[{"href":"https:\/\/carpathiacenter.ro\/en\/wp-json\/wp\/v2\/posts\/2383","targetHints":{"allow":["GET"]}}],"collection":[{"href":"https:\/\/carpathiacenter.ro\/en\/wp-json\/wp\/v2\/posts"}],"about":[{"href":"https:\/\/carpathiacenter.ro\/en\/wp-json\/wp\/v2\/types\/post"}],"author":[{"embeddable":true,"href":"https:\/\/carpathiacenter.ro\/en\/wp-json\/wp\/v2\/users\/4"}],"replies":[{"embeddable":true,"href":"https:\/\/carpathiacenter.ro\/en\/wp-json\/wp\/v2\/comments?post=2383"}],"version-history":[{"count":1,"href":"https:\/\/carpathiacenter.ro\/en\/wp-json\/wp\/v2\/posts\/2383\/revisions"}],"predecessor-version":[{"id":2385,"href":"https:\/\/carpathiacenter.ro\/en\/wp-json\/wp\/v2\/posts\/2383\/revisions\/2385"}],"wp:featuredmedia":[{"embeddable":true,"href":"https:\/\/carpathiacenter.ro\/en\/wp-json\/wp\/v2\/media\/2384"}],"wp:attachment":[{"href":"https:\/\/carpathiacenter.ro\/en\/wp-json\/wp\/v2\/media?parent=2383"}],"wp:term":[{"taxonomy":"category","embeddable":true,"href":"https:\/\/carpathiacenter.ro\/en\/wp-json\/wp\/v2\/categories?post=2383"},{"taxonomy":"post_tag","embeddable":true,"href":"https:\/\/carpathiacenter.ro\/en\/wp-json\/wp\/v2\/tags?post=2383"}],"curies":[{"name":"wp","href":"https:\/\/api.w.org\/{rel}","templated":true}]}}