{"id":2379,"date":"2025-05-15T09:33:30","date_gmt":"2025-05-15T09:33:30","guid":{"rendered":"https:\/\/carpathiacenter.ro\/?p=2379"},"modified":"2025-05-15T09:33:30","modified_gmt":"2025-05-15T09:33:30","slug":"consiliul-afaceri-externe-al-ue-pe-tema-relatiilor-comerciale-ue-sua-15-mai","status":"publish","type":"post","link":"https:\/\/carpathiacenter.ro\/en\/consiliul-afaceri-externe-al-ue-pe-tema-relatiilor-comerciale-ue-sua-15-mai\/","title":{"rendered":"Consiliul Afaceri Externe al UE pe tema rela\u021biilor comerciale UE-SUA (15 mai)"},"content":{"rendered":"<p>Consiliul Afaceri Externe (CAE) al Uniunii Europene (UE), \u00een configura\u021bia Comer\u021b, se reune\u0219te la 15 mai 2025, la Bruxelles, pe ordinea de zi afl\u00e2ndu-se, \u00een principal, o dezbatere de orientare privind rela\u021biile comerciale UE-SUA, informeaz\u0103 site-ul <a href=\"https:\/\/www.consilium.europa.eu\/\" target=\"_blank\">https:\/\/www.consilium.europa.eu\/<\/a>.<\/p>\n<p>Consiliul va avea, de asemenea, un schimb de opinii cu privire la securitatea economic\u0103 european\u0103, inclusiv revizuirea Regulamentului privind examinarea ISD (Investi\u021bii Str\u0103ine Directe), controlul exporturilor \u0219i controlul investi\u021biilor \u00een exterior.<\/p>\n<p><strong>Rela\u021biile comerciale UE-SUA<\/strong><\/p>\n<p>Dezbaterea de orientare privind rela\u021biile comerciale UE-SUA are loc \u00een contextul r\u0103zboiului comercial dintre SUA \u0219i UE, odat\u0103 cu m\u0103surile anun\u021bate de pre\u0219edintele american, Donald Trump, \u00een lunile martie-aprilie 2025.<\/p>\n<p>\u00cen 12 martie 2025, Comisia European\u0103 a anun\u021bat c\u0103 va aplica taxe vamale &#8221;puternice, dar propor\u021bionale&#8221; asupra unor produse americane \u00eencep\u00e2nd cu 1 aprilie, ca r\u0103spuns la taxele de 25%, introduse de Statele Unite pentru importurile de o\u021bel \u0219i aluminiu provenite din Uniunea European\u0103 (\u00een vigoare din 12 martie 2025). Taxele de 25% asupra o\u021belului \u0219i aluminiului importate de SUA din Europa au devenit efective la aceast\u0103 dat\u0103, marc\u00e2nd o nou\u0103 etap\u0103 \u00een r\u0103zboiul comercial dintre SUA \u0219i principalii lor parteneri, potrivit AFP, Reuters \u0219i DPA.<\/p>\n<p>La r\u00e2ndul s\u0103u, la 13 martie, pre\u0219edintele american, Donald Trump, a promis c\u0103 va r\u0103spunde amenin\u021b\u0103rii Uniunii Europene de a impune taxe vamale asupra unor importuri americane \u00een valoare de 26 de miliarde de euro \u00eencep\u00e2nd cu luna urm\u0103toare. Comisia European\u0103 a anun\u021bat, \u00een 20 martie, c\u0103 am\u00e2n\u0103 cu dou\u0103 s\u0103pt\u0103m\u00e2ni, p\u00e2n\u0103 la jum\u0103tatea lunii aprilie, aplicarea primelor contram\u0103suri de r\u0103spuns fa\u021b\u0103 de taxele vamale asupra importurilor de o\u021bel \u0219i aluminiu impuse de SUA, \u00eencerc\u00e2nd s\u0103 mai dea astfel o \u0219ans\u0103 negocierilor cu Washingtonul pentru evitarea unui r\u0103zboi comercial, au scris agen\u021biile Reuters \u0219i EFE.<\/p>\n<p>De asemenea, Donald Trump a anun\u021bat, la 27 martie 2025, c\u0103 \u00eencep\u00e2nd din 2 aprilie va impune taxe vamale de 25% \u0219i pentru &#8216;toate ma\u0219inile care nu sunt fabricate \u00een Statele Unite&#8217;. &#8216;Vom face s\u0103 pl\u0103teasc\u0103 \u021b\u0103rile care fac afaceri \u00een \u021bara noastr\u0103 \u0219i ne iau bog\u0103\u021bia (&#8230;) Ceea ce vom face este s\u0103 impunem taxe vamale de 25% pentru toate ma\u0219inile care nu sunt fabricate \u00een Statele Unite. Dac\u0103 sunt fabricate \u00een Statele Unite, nu va exista absolut niciun tarif vamal&#8217;, a declarat pre\u0219edintele american de la Casa Alb\u0103, conform AFP.<\/p>\n<p>Ca r\u0103spuns la anun\u021bul lui Donald Trump din 27 martie, pre\u0219edinta Comisiei Europene, Ursula von der Leyen, a spus c\u0103 Uniunea European\u0103 regret\u0103 &#8216;profund&#8217; decizia Statelor Unite de a impune taxe vamale de 25% la importurile sale de ma\u0219ini. Von der Leyen a subliniat c\u0103 UE va &#8216;evalua acest anun\u021b&#8217;, \u00eempreun\u0103 cu alte m\u0103suri luate \u00een considerare de Washington \u00een zilele urm\u0103toare (AFP).<\/p>\n<p>La 2 aprilie, pre\u0219edintele american, Donald Trump, a declarat &#8216;independen\u021ba economic\u0103&#8217; a Statelor Unite, \u00een cursul unui eveniment organizat la Casa Alb\u0103, unde a anun\u021bat o nou\u0103 serie de taxe care ar putea afecta comer\u021bul mondial. &#8216;Este una dintre cele mai importante zile, dup\u0103 p\u0103rerea mea, din istoria Statelor Unite. Este declara\u021bia noastr\u0103 de independen\u021b\u0103 economic\u0103&#8217;, a afirmat Trump, care a numit acest moment &#8216;Ziua eliber\u0103rii&#8217; Statelor Unite. (AFP)<\/p>\n<p>Noile taxe asupra importurilor, anun\u021bate de Donald Trump la 2 aprilie, sunt prev\u0103zute a fi implementate \u00een dou\u0103 etape, a declarat presei un oficial de la Casa Alb\u0103, la 3 aprilie: pe 5 aprilie &#8211; pentru taxele vamale de cel pu\u021bin 10% asupra tuturor produselor care intr\u0103 \u00een Statele Unite, \u0219i pe 9 aprilie &#8211; pentru taxele vamale majorate care vizeaz\u0103 gigan\u021bi precum China \u0219i Uniunea European\u0103.<\/p>\n<p>\u00cen 10 aprilie 2025, pre\u0219edinta Comisiei Europene, Ursula von der Leyen, a anun\u021bat c\u0103 Uniunea European\u0103 va am\u00e2na cu 90 de zile aplicarea taxelor vamale decise asupra importurilor din SUA, dup\u0103 ce pre\u0219edintele american, Donald Trump, a anun\u021bat, la 9 aprilie, am\u00e2narea de asemenea cu 90 de zile a taxelor vamale suplimentare care dep\u0103\u0219esc nivelul taxei vamale de baz\u0103 de 10% percepute asupra produselor importate de SUA (AFP \u0219i Reuters).<\/p>\n<p>Uniunea European\u0103 \u0219i SUA reprezint\u0103 \u00eempreun\u0103 aproape 30% din comer\u021bul mondial cu bunuri \u0219i servicii \u0219i 43% din PIB-ul mondial (exprimat \u00een USD). UE \u0219i SUA au cea mai integrat\u0103 rela\u021bie economic\u0103 din lume. \u00cen 2023, comer\u021bul UE-SUA cu bunuri s-a ridicat la peste 850 de miliarde de euro. \u00centre principalele produse comercializate se num\u0103r\u0103 utilajele \u0219i echipamentele de transport, produsele chimice \u0219i produsele conexe (at\u00e2t pentru importuri, c\u00e2t \u0219i pentru exporturi) \u0219i combustibilii minerali (pentru importurile UE), potrivit <a href=\"http:\/\/editor online: Adrian D\u00e3d\u00e2rlat\" target=\"_blank\">https:\/\/www.consilium.europa.eu\/<\/a>.<\/p>\n<p>SUA au mai impus taxe vamale asupra o\u021belului \u0219i aluminiului din UE \u00een 2018. Ca r\u0103spuns, UE a impus taxe vamale asupra unor produse din SUA, cum ar fi motociclete \u0219i whisky-ul &#8216;bourbon&#8217;, se arat\u0103 pe <a href=\"http:\/\/editor online: Adrian D\u00e3d\u00e2rlat\" target=\"_blank\">https:\/\/www.consilium.europa.eu\/<\/a>.<\/p>\n<p><strong>UE \u0219i taxele vamale<\/strong><\/p>\n<p>UE a eliminat taxele vamale \u00eentre statele sale membre atunci c\u00e2nd a fost creat\u0103 uniunea vamal\u0103, \u00een 1968. M\u0103rfurile importate \u00een UE din restul lumii fac obiectul unor taxe vamale conforme cu normele \u0219i principiile Organiza\u021biei Mondiale a Comer\u021bului. Taxele vamale sunt percepute \u00een cea mai mare parte pentru importuri, dar exist\u0103 \u0219i cazuri de taxe la export. Din taxele vamale colectate de UE, 75% sunt destinate bugetului Uniunii, \u00een 2024 acestea reprezent\u00e2nd 13,7% din bugetul total, scrie <a href=\"http:\/\/editor online: Adrian D\u00e3d\u00e2rlat\" target=\"_blank\">https:\/\/www.consilium.europa.eu\/<\/a>.<\/p>\n<p>Un r\u0103zboi comercial este o disput\u0103 economic\u0103 \u00eentre dou\u0103 \u021b\u0103ri. Acesta poate ap\u0103rea atunci c\u00e2nd o \u021bar\u0103 recurge la retorsiune \u00eempotriva practicilor comerciale percepute drept neloiale ale unei alte \u021b\u0103ri, \u0219i anume prin restric\u021bii asupra importurilor, de exemplu prin taxe vamale. R\u0103zboaiele comerciale duc la costuri mai mari at\u00e2t pentru \u00eentreprinderile, c\u00e2t \u0219i pentru consumatorii din \u021b\u0103rile implicate.<\/p>\n<p>UE utilizeaz\u0103 instrumente de ap\u0103rare comercial\u0103, cum ar fi taxele antidumping, pentru a proteja industriile UE de denatur\u0103ri ale comer\u021bului interna\u021bional. Utilizarea de c\u0103tre UE a instrumentelor de ap\u0103rare comercial\u0103 se bazeaz\u0103 pe normele Organiza\u021biei Mondiale a Comer\u021bului.<\/p>\n<p>***<\/p>\n<p>Reuniunea anterioar\u0103 a Consiliului Afaceri Externe al UE, \u00een configura\u021bia Comer\u021b, a avut loc la 7 aprilie 2025, la Luxemburg. \u00cen context, Comisia \u0219i statele membre \u0219i-au exprimat inten\u021bia de a evalua cu aten\u021bie orice eventual\u0103 nou\u0103 m\u0103sur\u0103 adoptat\u0103 de SUA, precum \u0219i cele mai recente taxe vamale anun\u021bate (o tax\u0103 vamal\u0103 de 20% aplicat\u0103 UE), conform <a href=\"https:\/\/www.consilium.europa.eu\/\" target=\"_blank\">https:\/\/www.consilium.europa.eu\/<\/a>.<\/p>\n<p>***<\/p>\n<p>Consiliul Afaceri Externe al Uniunii Europene (CAE) este alc\u0103tuit din mini\u0219trii afacerilor externe din toate statele membre ale UE. \u00cen func\u021bie de ordinea de zi, Consiliul \u00eei reune\u0219te, de asemenea, pe: mini\u0219trii ap\u0103r\u0103rii (politica de securitate \u0219i ap\u0103rare comun\u0103), mini\u0219trii competen\u021bi \u00een materie de dezvoltare (cooperarea pentru dezvoltare), mini\u0219trii comer\u021bului (politica comercial\u0103 comun\u0103).<\/p>\n<p>Reuniunile Consiliului Afaceri Externe sunt prezidate de \u00cenaltul Reprezentant al Uniunii pentru afaceri externe \u0219i politica de securitate, \u00een prezent Kaja Kallas, care a preluat mandatul la 1 decembrie 2024. \u00cenaltul Reprezentant este sprijinit de Serviciul European de Ac\u021biune Extern\u0103 (SEAE).<\/p>\n<p>Doar atunci c\u00e2nd Consiliul Afaceri Externe discut\u0103 teme de politic\u0103 comercial\u0103 comun\u0103, acesta este prezidat de reprezentantul statului membru al UE care de\u021bine pre\u0219edin\u021bia Consiliului UE, asigurat\u0103 prin rota\u021bie pentru perioade de \u0219ase luni.<\/p>\n<p>Consiliul Afaceri Externe se reune\u0219te, de obicei, cel pu\u021bin o dat\u0103 pe lun\u0103, noteaz\u0103 site-ul <a href=\"https:\/\/www.consilium.europa.eu\/\" target=\"_blank\">https:\/\/www.consilium.europa.eu\/<\/a>. AGERPRES\/(Documentare &#8211; Ionela Gavril, editor: Suzana Cristache Dr\u0103gan, editor online: Adrian D\u00e3d\u00e2rlat)<br \/>\n<br \/>\nSursa articolului:<a href=\"https:\/\/agerpres.ro\/documentare\/2025\/05\/15\/consiliul-afaceri-externe-al-ue-pe-tema-relatiilor-comerciale-ue-sua-15-mai--1449209\" target=\"_blank\" rel=\"noopener\" title=\"\">https:\/\/agerpres.ro\/documentare\/2025\/05\/15\/consiliul-afaceri-externe-al-ue-pe-tema-relatiilor-comerciale-ue-sua-15-mai&#8211;1449209<\/a><\/p>","protected":false},"excerpt":{"rendered":"<p>Consiliul Afaceri Externe (CAE) al Uniunii Europene (UE), \u00een configura\u021bia Comer\u021b, se reune\u0219te la 15 mai 2025, la Bruxelles, pe ordinea de zi afl\u00e2ndu-se, \u00een principal, o dezbatere de orientare privind rela\u021biile comerciale UE-SUA, informeaz\u0103 site-ul https:\/\/www.consilium.europa.eu\/. Consiliul va avea, de asemenea, un schimb de opinii cu privire la securitatea economic\u0103 european\u0103, inclusiv revizuirea Regulamentului&#8230;<\/p>","protected":false},"author":4,"featured_media":2381,"comment_status":"open","ping_status":"open","sticky":false,"template":"","format":"standard","meta":{"footnotes":""},"categories":[1],"tags":[],"class_list":["post-2379","post","type-post","status-publish","format-standard","has-post-thumbnail","hentry","category-uncategorized"],"yoast_head":"<!-- This site is optimized with the Yoast SEO plugin v26.1.1 - https:\/\/yoast.com\/wordpress\/plugins\/seo\/ -->\n<title>Consiliul Afaceri Externe al UE pe tema rela\u021biilor comerciale UE-SUA (15 mai) - Carpathia Center Romania<\/title>\n<meta name=\"robots\" content=\"index, follow, max-snippet:-1, max-image-preview:large, max-video-preview:-1\" \/>\n<link rel=\"canonical\" href=\"https:\/\/carpathiacenter.ro\/en\/consiliul-afaceri-externe-al-ue-pe-tema-relatiilor-comerciale-ue-sua-15-mai\/\" \/>\n<meta property=\"og:locale\" content=\"en_GB\" \/>\n<meta property=\"og:type\" content=\"article\" \/>\n<meta property=\"og:title\" content=\"Consiliul Afaceri Externe al UE pe tema rela\u021biilor comerciale UE-SUA (15 mai) - Carpathia Center Romania\" \/>\n<meta property=\"og:description\" content=\"Consiliul Afaceri Externe (CAE) al Uniunii Europene (UE), \u00een configura\u021bia Comer\u021b, se reune\u0219te la 15 mai 2025, la Bruxelles, pe ordinea de zi afl\u00e2ndu-se, \u00een principal, o dezbatere de orientare privind rela\u021biile comerciale UE-SUA, informeaz\u0103 site-ul https:\/\/www.consilium.europa.eu\/. Consiliul va avea, de asemenea, un schimb de opinii cu privire la securitatea economic\u0103 european\u0103, inclusiv revizuirea Regulamentului...\" \/>\n<meta property=\"og:url\" content=\"https:\/\/carpathiacenter.ro\/en\/consiliul-afaceri-externe-al-ue-pe-tema-relatiilor-comerciale-ue-sua-15-mai\/\" \/>\n<meta property=\"og:site_name\" content=\"Carpathia Center Romania\" \/>\n<meta property=\"article:publisher\" content=\"https:\/\/www.facebook.com\/fdpscarpathia\/\" \/>\n<meta property=\"article:published_time\" content=\"2025-05-15T09:33:30+00:00\" \/>\n<meta property=\"og:image\" content=\"https:\/\/carpathiacenter.ro\/wp-content\/uploads\/2025\/05\/Camera-Comertului.jpg\" \/>\n\t<meta property=\"og:image:width\" content=\"1600\" \/>\n\t<meta property=\"og:image:height\" content=\"1066\" \/>\n\t<meta property=\"og:image:type\" content=\"image\/jpeg\" \/>\n<meta name=\"author\" content=\"creativebitsolutions\" \/>\n<meta name=\"twitter:card\" content=\"summary_large_image\" \/>\n<meta name=\"twitter:label1\" content=\"Written by\" \/>\n\t<meta name=\"twitter:data1\" content=\"creativebitsolutions\" \/>\n\t<meta name=\"twitter:label2\" content=\"Estimated reading time\" \/>\n\t<meta name=\"twitter:data2\" content=\"6 minutes\" \/>\n<script type=\"application\/ld+json\" class=\"yoast-schema-graph\">{\"@context\":\"https:\/\/schema.org\",\"@graph\":[{\"@type\":\"Article\",\"@id\":\"https:\/\/carpathiacenter.ro\/consiliul-afaceri-externe-al-ue-pe-tema-relatiilor-comerciale-ue-sua-15-mai\/#article\",\"isPartOf\":{\"@id\":\"https:\/\/carpathiacenter.ro\/consiliul-afaceri-externe-al-ue-pe-tema-relatiilor-comerciale-ue-sua-15-mai\/\"},\"author\":{\"name\":\"creativebitsolutions\",\"@id\":\"https:\/\/carpathiacenter.ro\/#\/schema\/person\/03d9f58202fee8379268f34afa195006\"},\"headline\":\"Consiliul Afaceri Externe al UE pe tema rela\u021biilor comerciale UE-SUA (15 mai)\",\"datePublished\":\"2025-05-15T09:33:30+00:00\",\"mainEntityOfPage\":{\"@id\":\"https:\/\/carpathiacenter.ro\/consiliul-afaceri-externe-al-ue-pe-tema-relatiilor-comerciale-ue-sua-15-mai\/\"},\"wordCount\":1279,\"commentCount\":0,\"publisher\":{\"@id\":\"https:\/\/carpathiacenter.ro\/#organization\"},\"image\":{\"@id\":\"https:\/\/carpathiacenter.ro\/consiliul-afaceri-externe-al-ue-pe-tema-relatiilor-comerciale-ue-sua-15-mai\/#primaryimage\"},\"thumbnailUrl\":\"https:\/\/carpathiacenter.ro\/wp-content\/uploads\/2025\/05\/Camera-Comertului.jpg\",\"articleSection\":[\"Uncategorized\"],\"inLanguage\":\"en-GB\",\"potentialAction\":[{\"@type\":\"CommentAction\",\"name\":\"Comment\",\"target\":[\"https:\/\/carpathiacenter.ro\/consiliul-afaceri-externe-al-ue-pe-tema-relatiilor-comerciale-ue-sua-15-mai\/#respond\"]}]},{\"@type\":\"WebPage\",\"@id\":\"https:\/\/carpathiacenter.ro\/consiliul-afaceri-externe-al-ue-pe-tema-relatiilor-comerciale-ue-sua-15-mai\/\",\"url\":\"https:\/\/carpathiacenter.ro\/consiliul-afaceri-externe-al-ue-pe-tema-relatiilor-comerciale-ue-sua-15-mai\/\",\"name\":\"Consiliul Afaceri Externe al UE pe tema rela\u021biilor comerciale UE-SUA (15 mai) - Carpathia Center Romania\",\"isPartOf\":{\"@id\":\"https:\/\/carpathiacenter.ro\/#website\"},\"primaryImageOfPage\":{\"@id\":\"https:\/\/carpathiacenter.ro\/consiliul-afaceri-externe-al-ue-pe-tema-relatiilor-comerciale-ue-sua-15-mai\/#primaryimage\"},\"image\":{\"@id\":\"https:\/\/carpathiacenter.ro\/consiliul-afaceri-externe-al-ue-pe-tema-relatiilor-comerciale-ue-sua-15-mai\/#primaryimage\"},\"thumbnailUrl\":\"https:\/\/carpathiacenter.ro\/wp-content\/uploads\/2025\/05\/Camera-Comertului.jpg\",\"datePublished\":\"2025-05-15T09:33:30+00:00\",\"breadcrumb\":{\"@id\":\"https:\/\/carpathiacenter.ro\/consiliul-afaceri-externe-al-ue-pe-tema-relatiilor-comerciale-ue-sua-15-mai\/#breadcrumb\"},\"inLanguage\":\"en-GB\",\"potentialAction\":[{\"@type\":\"ReadAction\",\"target\":[\"https:\/\/carpathiacenter.ro\/consiliul-afaceri-externe-al-ue-pe-tema-relatiilor-comerciale-ue-sua-15-mai\/\"]}]},{\"@type\":\"ImageObject\",\"inLanguage\":\"en-GB\",\"@id\":\"https:\/\/carpathiacenter.ro\/consiliul-afaceri-externe-al-ue-pe-tema-relatiilor-comerciale-ue-sua-15-mai\/#primaryimage\",\"url\":\"https:\/\/carpathiacenter.ro\/wp-content\/uploads\/2025\/05\/Camera-Comertului.jpg\",\"contentUrl\":\"https:\/\/carpathiacenter.ro\/wp-content\/uploads\/2025\/05\/Camera-Comertului.jpg\",\"width\":1600,\"height\":1066},{\"@type\":\"BreadcrumbList\",\"@id\":\"https:\/\/carpathiacenter.ro\/consiliul-afaceri-externe-al-ue-pe-tema-relatiilor-comerciale-ue-sua-15-mai\/#breadcrumb\",\"itemListElement\":[{\"@type\":\"ListItem\",\"position\":1,\"name\":\"Prima pagin\u0103\",\"item\":\"https:\/\/carpathiacenter.ro\/\"},{\"@type\":\"ListItem\",\"position\":2,\"name\":\"Consiliul Afaceri Externe al UE pe tema rela\u021biilor comerciale UE-SUA (15 mai)\"}]},{\"@type\":\"WebSite\",\"@id\":\"https:\/\/carpathiacenter.ro\/#website\",\"url\":\"https:\/\/carpathiacenter.ro\/\",\"name\":\"Carpathia Center Romania\",\"description\":\"Impossible made possible!\",\"publisher\":{\"@id\":\"https:\/\/carpathiacenter.ro\/#organization\"},\"potentialAction\":[{\"@type\":\"SearchAction\",\"target\":{\"@type\":\"EntryPoint\",\"urlTemplate\":\"https:\/\/carpathiacenter.ro\/?s={search_term_string}\"},\"query-input\":{\"@type\":\"PropertyValueSpecification\",\"valueRequired\":true,\"valueName\":\"search_term_string\"}}],\"inLanguage\":\"en-GB\"},{\"@type\":\"Organization\",\"@id\":\"https:\/\/carpathiacenter.ro\/#organization\",\"name\":\"Carpathia Center Romania\",\"url\":\"https:\/\/carpathiacenter.ro\/\",\"logo\":{\"@type\":\"ImageObject\",\"inLanguage\":\"en-GB\",\"@id\":\"https:\/\/carpathiacenter.ro\/#\/schema\/logo\/image\/\",\"url\":\"https:\/\/carpathiacenter.ro\/wp-content\/uploads\/2024\/07\/logo-carpathia_bg_white-1024x941.png\",\"contentUrl\":\"https:\/\/carpathiacenter.ro\/wp-content\/uploads\/2024\/07\/logo-carpathia_bg_white-1024x941.png\",\"width\":1024,\"height\":941,\"caption\":\"Carpathia Center Romania\"},\"image\":{\"@id\":\"https:\/\/carpathiacenter.ro\/#\/schema\/logo\/image\/\"},\"sameAs\":[\"https:\/\/www.facebook.com\/fdpscarpathia\/\"]},{\"@type\":\"Person\",\"@id\":\"https:\/\/carpathiacenter.ro\/#\/schema\/person\/03d9f58202fee8379268f34afa195006\",\"name\":\"creativebitsolutions\",\"image\":{\"@type\":\"ImageObject\",\"inLanguage\":\"en-GB\",\"@id\":\"https:\/\/carpathiacenter.ro\/#\/schema\/person\/image\/\",\"url\":\"https:\/\/secure.gravatar.com\/avatar\/1b1a13e37f847c635dab78348f1dff2f07651ee2a3d77a5c355a4b8c75f9165a?s=96&d=mm&r=g\",\"contentUrl\":\"https:\/\/secure.gravatar.com\/avatar\/1b1a13e37f847c635dab78348f1dff2f07651ee2a3d77a5c355a4b8c75f9165a?s=96&d=mm&r=g\",\"caption\":\"creativebitsolutions\"},\"url\":\"https:\/\/carpathiacenter.ro\/en\/author\/creativebitsolutions\/\"}]}<\/script>\n<!-- \/ Yoast SEO plugin. -->","yoast_head_json":{"title":"Consiliul Afaceri Externe al UE pe tema rela\u021biilor comerciale UE-SUA (15 mai) - Carpathia Center Romania","robots":{"index":"index","follow":"follow","max-snippet":"max-snippet:-1","max-image-preview":"max-image-preview:large","max-video-preview":"max-video-preview:-1"},"canonical":"https:\/\/carpathiacenter.ro\/en\/consiliul-afaceri-externe-al-ue-pe-tema-relatiilor-comerciale-ue-sua-15-mai\/","og_locale":"en_GB","og_type":"article","og_title":"Consiliul Afaceri Externe al UE pe tema rela\u021biilor comerciale UE-SUA (15 mai) - Carpathia Center Romania","og_description":"Consiliul Afaceri Externe (CAE) al Uniunii Europene (UE), \u00een configura\u021bia Comer\u021b, se reune\u0219te la 15 mai 2025, la Bruxelles, pe ordinea de zi afl\u00e2ndu-se, \u00een principal, o dezbatere de orientare privind rela\u021biile comerciale UE-SUA, informeaz\u0103 site-ul https:\/\/www.consilium.europa.eu\/. Consiliul va avea, de asemenea, un schimb de opinii cu privire la securitatea economic\u0103 european\u0103, inclusiv revizuirea Regulamentului...","og_url":"https:\/\/carpathiacenter.ro\/en\/consiliul-afaceri-externe-al-ue-pe-tema-relatiilor-comerciale-ue-sua-15-mai\/","og_site_name":"Carpathia Center Romania","article_publisher":"https:\/\/www.facebook.com\/fdpscarpathia\/","article_published_time":"2025-05-15T09:33:30+00:00","og_image":[{"width":1600,"height":1066,"url":"https:\/\/carpathiacenter.ro\/wp-content\/uploads\/2025\/05\/Camera-Comertului.jpg","type":"image\/jpeg"}],"author":"creativebitsolutions","twitter_card":"summary_large_image","twitter_misc":{"Written by":"creativebitsolutions","Estimated reading time":"6 minutes"},"schema":{"@context":"https:\/\/schema.org","@graph":[{"@type":"Article","@id":"https:\/\/carpathiacenter.ro\/consiliul-afaceri-externe-al-ue-pe-tema-relatiilor-comerciale-ue-sua-15-mai\/#article","isPartOf":{"@id":"https:\/\/carpathiacenter.ro\/consiliul-afaceri-externe-al-ue-pe-tema-relatiilor-comerciale-ue-sua-15-mai\/"},"author":{"name":"creativebitsolutions","@id":"https:\/\/carpathiacenter.ro\/#\/schema\/person\/03d9f58202fee8379268f34afa195006"},"headline":"Consiliul Afaceri Externe al UE pe tema rela\u021biilor comerciale UE-SUA (15 mai)","datePublished":"2025-05-15T09:33:30+00:00","mainEntityOfPage":{"@id":"https:\/\/carpathiacenter.ro\/consiliul-afaceri-externe-al-ue-pe-tema-relatiilor-comerciale-ue-sua-15-mai\/"},"wordCount":1279,"commentCount":0,"publisher":{"@id":"https:\/\/carpathiacenter.ro\/#organization"},"image":{"@id":"https:\/\/carpathiacenter.ro\/consiliul-afaceri-externe-al-ue-pe-tema-relatiilor-comerciale-ue-sua-15-mai\/#primaryimage"},"thumbnailUrl":"https:\/\/carpathiacenter.ro\/wp-content\/uploads\/2025\/05\/Camera-Comertului.jpg","articleSection":["Uncategorized"],"inLanguage":"en-GB","potentialAction":[{"@type":"CommentAction","name":"Comment","target":["https:\/\/carpathiacenter.ro\/consiliul-afaceri-externe-al-ue-pe-tema-relatiilor-comerciale-ue-sua-15-mai\/#respond"]}]},{"@type":"WebPage","@id":"https:\/\/carpathiacenter.ro\/consiliul-afaceri-externe-al-ue-pe-tema-relatiilor-comerciale-ue-sua-15-mai\/","url":"https:\/\/carpathiacenter.ro\/consiliul-afaceri-externe-al-ue-pe-tema-relatiilor-comerciale-ue-sua-15-mai\/","name":"Consiliul Afaceri Externe al UE pe tema rela\u021biilor comerciale UE-SUA (15 mai) - Carpathia Center Romania","isPartOf":{"@id":"https:\/\/carpathiacenter.ro\/#website"},"primaryImageOfPage":{"@id":"https:\/\/carpathiacenter.ro\/consiliul-afaceri-externe-al-ue-pe-tema-relatiilor-comerciale-ue-sua-15-mai\/#primaryimage"},"image":{"@id":"https:\/\/carpathiacenter.ro\/consiliul-afaceri-externe-al-ue-pe-tema-relatiilor-comerciale-ue-sua-15-mai\/#primaryimage"},"thumbnailUrl":"https:\/\/carpathiacenter.ro\/wp-content\/uploads\/2025\/05\/Camera-Comertului.jpg","datePublished":"2025-05-15T09:33:30+00:00","breadcrumb":{"@id":"https:\/\/carpathiacenter.ro\/consiliul-afaceri-externe-al-ue-pe-tema-relatiilor-comerciale-ue-sua-15-mai\/#breadcrumb"},"inLanguage":"en-GB","potentialAction":[{"@type":"ReadAction","target":["https:\/\/carpathiacenter.ro\/consiliul-afaceri-externe-al-ue-pe-tema-relatiilor-comerciale-ue-sua-15-mai\/"]}]},{"@type":"ImageObject","inLanguage":"en-GB","@id":"https:\/\/carpathiacenter.ro\/consiliul-afaceri-externe-al-ue-pe-tema-relatiilor-comerciale-ue-sua-15-mai\/#primaryimage","url":"https:\/\/carpathiacenter.ro\/wp-content\/uploads\/2025\/05\/Camera-Comertului.jpg","contentUrl":"https:\/\/carpathiacenter.ro\/wp-content\/uploads\/2025\/05\/Camera-Comertului.jpg","width":1600,"height":1066},{"@type":"BreadcrumbList","@id":"https:\/\/carpathiacenter.ro\/consiliul-afaceri-externe-al-ue-pe-tema-relatiilor-comerciale-ue-sua-15-mai\/#breadcrumb","itemListElement":[{"@type":"ListItem","position":1,"name":"Prima pagin\u0103","item":"https:\/\/carpathiacenter.ro\/"},{"@type":"ListItem","position":2,"name":"Consiliul Afaceri Externe al UE pe tema rela\u021biilor comerciale UE-SUA (15 mai)"}]},{"@type":"WebSite","@id":"https:\/\/carpathiacenter.ro\/#website","url":"https:\/\/carpathiacenter.ro\/","name":"Carpathia Center Romania","description":"Impossible made possible!","publisher":{"@id":"https:\/\/carpathiacenter.ro\/#organization"},"potentialAction":[{"@type":"SearchAction","target":{"@type":"EntryPoint","urlTemplate":"https:\/\/carpathiacenter.ro\/?s={search_term_string}"},"query-input":{"@type":"PropertyValueSpecification","valueRequired":true,"valueName":"search_term_string"}}],"inLanguage":"en-GB"},{"@type":"Organization","@id":"https:\/\/carpathiacenter.ro\/#organization","name":"Carpathia Center Romania","url":"https:\/\/carpathiacenter.ro\/","logo":{"@type":"ImageObject","inLanguage":"en-GB","@id":"https:\/\/carpathiacenter.ro\/#\/schema\/logo\/image\/","url":"https:\/\/carpathiacenter.ro\/wp-content\/uploads\/2024\/07\/logo-carpathia_bg_white-1024x941.png","contentUrl":"https:\/\/carpathiacenter.ro\/wp-content\/uploads\/2024\/07\/logo-carpathia_bg_white-1024x941.png","width":1024,"height":941,"caption":"Carpathia Center Romania"},"image":{"@id":"https:\/\/carpathiacenter.ro\/#\/schema\/logo\/image\/"},"sameAs":["https:\/\/www.facebook.com\/fdpscarpathia\/"]},{"@type":"Person","@id":"https:\/\/carpathiacenter.ro\/#\/schema\/person\/03d9f58202fee8379268f34afa195006","name":"creativebitsolutions","image":{"@type":"ImageObject","inLanguage":"en-GB","@id":"https:\/\/carpathiacenter.ro\/#\/schema\/person\/image\/","url":"https:\/\/secure.gravatar.com\/avatar\/1b1a13e37f847c635dab78348f1dff2f07651ee2a3d77a5c355a4b8c75f9165a?s=96&d=mm&r=g","contentUrl":"https:\/\/secure.gravatar.com\/avatar\/1b1a13e37f847c635dab78348f1dff2f07651ee2a3d77a5c355a4b8c75f9165a?s=96&d=mm&r=g","caption":"creativebitsolutions"},"url":"https:\/\/carpathiacenter.ro\/en\/author\/creativebitsolutions\/"}]}},"_links":{"self":[{"href":"https:\/\/carpathiacenter.ro\/en\/wp-json\/wp\/v2\/posts\/2379","targetHints":{"allow":["GET"]}}],"collection":[{"href":"https:\/\/carpathiacenter.ro\/en\/wp-json\/wp\/v2\/posts"}],"about":[{"href":"https:\/\/carpathiacenter.ro\/en\/wp-json\/wp\/v2\/types\/post"}],"author":[{"embeddable":true,"href":"https:\/\/carpathiacenter.ro\/en\/wp-json\/wp\/v2\/users\/4"}],"replies":[{"embeddable":true,"href":"https:\/\/carpathiacenter.ro\/en\/wp-json\/wp\/v2\/comments?post=2379"}],"version-history":[{"count":1,"href":"https:\/\/carpathiacenter.ro\/en\/wp-json\/wp\/v2\/posts\/2379\/revisions"}],"predecessor-version":[{"id":2382,"href":"https:\/\/carpathiacenter.ro\/en\/wp-json\/wp\/v2\/posts\/2379\/revisions\/2382"}],"wp:featuredmedia":[{"embeddable":true,"href":"https:\/\/carpathiacenter.ro\/en\/wp-json\/wp\/v2\/media\/2381"}],"wp:attachment":[{"href":"https:\/\/carpathiacenter.ro\/en\/wp-json\/wp\/v2\/media?parent=2379"}],"wp:term":[{"taxonomy":"category","embeddable":true,"href":"https:\/\/carpathiacenter.ro\/en\/wp-json\/wp\/v2\/categories?post=2379"},{"taxonomy":"post_tag","embeddable":true,"href":"https:\/\/carpathiacenter.ro\/en\/wp-json\/wp\/v2\/tags?post=2379"}],"curies":[{"name":"wp","href":"https:\/\/api.w.org\/{rel}","templated":true}]}}