{"id":2369,"date":"2025-05-13T11:49:52","date_gmt":"2025-05-13T11:49:52","guid":{"rendered":"https:\/\/carpathiacenter.ro\/?p=2369"},"modified":"2025-05-13T11:49:52","modified_gmt":"2025-05-13T11:49:52","slug":"cna-condamna-ferm-orice-forma-de-presiune-exercitata-asupra-presei","status":"publish","type":"post","link":"https:\/\/carpathiacenter.ro\/en\/cna-condamna-ferm-orice-forma-de-presiune-exercitata-asupra-presei\/","title":{"rendered":"CNA condamn\u0103 ferm orice form\u0103 de presiune exercitat\u0103 asupra presei"},"content":{"rendered":"<div class=\"mx-auto pt-3\">\n<p><strong>Consiliul Na\u021bional al Audiovizualului \u00ee\u0219i exprim\u0103 profunda \u00eengrijorare fa\u021b\u0103 de recentele derapaje din discursul public \u0219i &#8216;condamn\u0103 ferm&#8217; orice form\u0103 de presiune exercitat\u0103 asupra presei.<\/strong><\/p>\n<p>&#8216;Consiliul Na\u021bional al Audiovizualului \u00ee\u0219i exprim\u0103 profunda \u00eengrijorare fa\u021b\u0103 de recentele derapaje din discursul public, manifestate prin amenin\u021b\u0103ri \u0219i atacuri directe la adresa jurnali\u0219tilor \u0219i a profesiei de jurnalist, inclusiv prin publicarea \u00eenregistr\u0103rii manipulate a unei conversa\u021bii nedestinate difuz\u0103rii publice. CNA atrage aten\u021bia c\u0103 intimidarea reprezentan\u021bilor presei, etichetarea lor ca &#8216;asasini mediatici&#8217; sau folosirea unui limbaj dispre\u021buitor la adresa activit\u0103\u021bii jurnalistice contravin grav valorilor democratice \u0219i standardelor europene privind libertatea presei \u0219i protec\u021bia jurnali\u0219tilor&#8217;, transmite CNA, luni seara, \u00eentr-un comunicat postat pe Facebook.<\/p>\n<p><iframe src=\"https:\/\/www.facebook.com\/plugins\/post.php?href=https%3A%2F%2Fwww.facebook.com%2Fconsiliulnationalalaudiovizualului%2Fposts%2Fpfbid02kHY3PHMqf1gKRWhKQNYZMzd6QWPEffap8nniWBNZHWea1puKC7xjHxLchnccaUgcl&amp;show_text=true&amp;width=500\" width=\"500\" height=\"279\" style=\"border:none;overflow:hidden\" scrolling=\"no\" frameborder=\"0\" allowfullscreen=\"true\" allow=\"autoplay; clipboard-write; encrypted-media; picture-in-picture; web-share\"><\/iframe><\/p>\n<p>Libertatea de exprimare nu include dreptul de a amenin\u021ba, def\u0103ima sau manipula opinia public\u0103 \u00een mod abuziv, submin\u00e2nd \u00eencrederea \u00een pres\u0103, atrage aten\u021bia CNA.<\/p>\n<p>Totodat\u0103, Consiliul reaminte\u0219te c\u0103, \u00een perioada campaniilor electorale, este cu at\u00e2t mai necesar\u0103 o conduit\u0103 public\u0103 responsabil\u0103, \u00een spiritul decen\u021bei \u0219i respectului fa\u021b\u0103 de institu\u021biile fundamentale ale democra\u021biei &#8211; printre care mass-media ocup\u0103 un loc esen\u021bial.<\/p>\n<p>&#8216;CNA condamn\u0103 ferm orice form\u0103 de presiune exercitat\u0103 asupra presei \u0219i solicit\u0103 tuturor actorilor publici &#8211; indiferent de statutul lor &#8211; s\u0103 contribuie la consolidarea unui climat de dialog, onestitate \u0219i respect \u00een raport cu jurnalismul \u0219i rolul acestuia \u00een via\u021ba democratic\u0103. Consiliul reitereaz\u0103 angajamentul s\u0103u de a veghea, prin toate mijloacele legale, la respectarea libert\u0103\u021bii de exprimare, a demnit\u0103\u021bii persoanei \u0219i a protec\u021biei jurnalismului profesionist \u00een Rom\u00e2nia&#8217;, subliniaz\u0103 CNA. AGERPRES\/(AS &#8211; redactor: Daniel Popescu, editor: Andreea Rotaru, editor online: Alexandru Cojocaru)<br \/>\n<br \/>\nSursa articolului:<a href=\"https:\/\/agerpres.ro\/cultura-media\/2025\/05\/12\/cna-condamna-ferm-orice-forma-de-presiune-exercitata-asupra-presei--1448430\" target=\"_blank\" rel=\"noopener\" title=\"\">https:\/\/agerpres.ro\/cultura-media\/2025\/05\/12\/cna-condamna-ferm-orice-forma-de-presiune-exercitata-asupra-presei&#8211;1448430<\/a>\n<\/p>\n<\/p><\/div>","protected":false},"excerpt":{"rendered":"<p>Consiliul Na\u021bional al Audiovizualului \u00ee\u0219i exprim\u0103 profunda \u00eengrijorare fa\u021b\u0103 de recentele derapaje din discursul public \u0219i &#8216;condamn\u0103 ferm&#8217; orice form\u0103 de presiune exercitat\u0103 asupra presei. &#8216;Consiliul Na\u021bional al Audiovizualului \u00ee\u0219i exprim\u0103 profunda \u00eengrijorare fa\u021b\u0103 de recentele derapaje din discursul public, manifestate prin amenin\u021b\u0103ri \u0219i atacuri directe la adresa jurnali\u0219tilor \u0219i a profesiei de jurnalist, inclusiv&#8230;<\/p>","protected":false},"author":4,"featured_media":2370,"comment_status":"open","ping_status":"open","sticky":false,"template":"","format":"standard","meta":{"footnotes":""},"categories":[1],"tags":[],"class_list":["post-2369","post","type-post","status-publish","format-standard","has-post-thumbnail","hentry","category-uncategorized"],"yoast_head":"<!-- This site is optimized with the Yoast SEO plugin v26.1.1 - https:\/\/yoast.com\/wordpress\/plugins\/seo\/ -->\n<title>CNA condamn\u0103 ferm orice form\u0103 de presiune exercitat\u0103 asupra presei - Carpathia Center Romania<\/title>\n<meta name=\"robots\" content=\"index, follow, max-snippet:-1, max-image-preview:large, max-video-preview:-1\" \/>\n<link rel=\"canonical\" href=\"https:\/\/carpathiacenter.ro\/en\/cna-condamna-ferm-orice-forma-de-presiune-exercitata-asupra-presei\/\" \/>\n<meta property=\"og:locale\" content=\"en_GB\" \/>\n<meta property=\"og:type\" content=\"article\" \/>\n<meta property=\"og:title\" content=\"CNA condamn\u0103 ferm orice form\u0103 de presiune exercitat\u0103 asupra presei - Carpathia Center Romania\" \/>\n<meta property=\"og:description\" content=\"Consiliul Na\u021bional al Audiovizualului \u00ee\u0219i exprim\u0103 profunda \u00eengrijorare fa\u021b\u0103 de recentele derapaje din discursul public \u0219i &#8216;condamn\u0103 ferm&#8217; orice form\u0103 de presiune exercitat\u0103 asupra presei. &#8216;Consiliul Na\u021bional al Audiovizualului \u00ee\u0219i exprim\u0103 profunda \u00eengrijorare fa\u021b\u0103 de recentele derapaje din discursul public, manifestate prin amenin\u021b\u0103ri \u0219i atacuri directe la adresa jurnali\u0219tilor \u0219i a profesiei de jurnalist, inclusiv...\" \/>\n<meta property=\"og:url\" content=\"https:\/\/carpathiacenter.ro\/en\/cna-condamna-ferm-orice-forma-de-presiune-exercitata-asupra-presei\/\" \/>\n<meta property=\"og:site_name\" content=\"Carpathia Center Romania\" \/>\n<meta property=\"article:publisher\" content=\"https:\/\/www.facebook.com\/fdpscarpathia\/\" \/>\n<meta property=\"article:published_time\" content=\"2025-05-13T11:49:52+00:00\" \/>\n<meta property=\"og:image\" content=\"https:\/\/carpathiacenter.ro\/wp-content\/uploads\/2025\/05\/LOGO-CNA_NEGATIV_PT-WEB-1000x600-1.jpg\" \/>\n\t<meta property=\"og:image:width\" content=\"1000\" \/>\n\t<meta property=\"og:image:height\" content=\"600\" \/>\n\t<meta property=\"og:image:type\" content=\"image\/jpeg\" \/>\n<meta name=\"author\" content=\"creativebitsolutions\" \/>\n<meta name=\"twitter:card\" content=\"summary_large_image\" \/>\n<meta name=\"twitter:label1\" content=\"Written by\" \/>\n\t<meta name=\"twitter:data1\" content=\"creativebitsolutions\" \/>\n\t<meta name=\"twitter:label2\" content=\"Estimated reading time\" \/>\n\t<meta name=\"twitter:data2\" content=\"1 minute\" \/>\n<script type=\"application\/ld+json\" class=\"yoast-schema-graph\">{\"@context\":\"https:\/\/schema.org\",\"@graph\":[{\"@type\":\"Article\",\"@id\":\"https:\/\/carpathiacenter.ro\/cna-condamna-ferm-orice-forma-de-presiune-exercitata-asupra-presei\/#article\",\"isPartOf\":{\"@id\":\"https:\/\/carpathiacenter.ro\/cna-condamna-ferm-orice-forma-de-presiune-exercitata-asupra-presei\/\"},\"author\":{\"name\":\"creativebitsolutions\",\"@id\":\"https:\/\/carpathiacenter.ro\/#\/schema\/person\/03d9f58202fee8379268f34afa195006\"},\"headline\":\"CNA condamn\u0103 ferm orice form\u0103 de presiune exercitat\u0103 asupra presei\",\"datePublished\":\"2025-05-13T11:49:52+00:00\",\"mainEntityOfPage\":{\"@id\":\"https:\/\/carpathiacenter.ro\/cna-condamna-ferm-orice-forma-de-presiune-exercitata-asupra-presei\/\"},\"wordCount\":297,\"commentCount\":0,\"publisher\":{\"@id\":\"https:\/\/carpathiacenter.ro\/#organization\"},\"image\":{\"@id\":\"https:\/\/carpathiacenter.ro\/cna-condamna-ferm-orice-forma-de-presiune-exercitata-asupra-presei\/#primaryimage\"},\"thumbnailUrl\":\"https:\/\/carpathiacenter.ro\/wp-content\/uploads\/2025\/05\/LOGO-CNA_NEGATIV_PT-WEB-1000x600-1.jpg\",\"articleSection\":[\"Uncategorized\"],\"inLanguage\":\"en-GB\",\"potentialAction\":[{\"@type\":\"CommentAction\",\"name\":\"Comment\",\"target\":[\"https:\/\/carpathiacenter.ro\/cna-condamna-ferm-orice-forma-de-presiune-exercitata-asupra-presei\/#respond\"]}]},{\"@type\":\"WebPage\",\"@id\":\"https:\/\/carpathiacenter.ro\/cna-condamna-ferm-orice-forma-de-presiune-exercitata-asupra-presei\/\",\"url\":\"https:\/\/carpathiacenter.ro\/cna-condamna-ferm-orice-forma-de-presiune-exercitata-asupra-presei\/\",\"name\":\"CNA condamn\u0103 ferm orice form\u0103 de presiune exercitat\u0103 asupra presei - Carpathia Center Romania\",\"isPartOf\":{\"@id\":\"https:\/\/carpathiacenter.ro\/#website\"},\"primaryImageOfPage\":{\"@id\":\"https:\/\/carpathiacenter.ro\/cna-condamna-ferm-orice-forma-de-presiune-exercitata-asupra-presei\/#primaryimage\"},\"image\":{\"@id\":\"https:\/\/carpathiacenter.ro\/cna-condamna-ferm-orice-forma-de-presiune-exercitata-asupra-presei\/#primaryimage\"},\"thumbnailUrl\":\"https:\/\/carpathiacenter.ro\/wp-content\/uploads\/2025\/05\/LOGO-CNA_NEGATIV_PT-WEB-1000x600-1.jpg\",\"datePublished\":\"2025-05-13T11:49:52+00:00\",\"breadcrumb\":{\"@id\":\"https:\/\/carpathiacenter.ro\/cna-condamna-ferm-orice-forma-de-presiune-exercitata-asupra-presei\/#breadcrumb\"},\"inLanguage\":\"en-GB\",\"potentialAction\":[{\"@type\":\"ReadAction\",\"target\":[\"https:\/\/carpathiacenter.ro\/cna-condamna-ferm-orice-forma-de-presiune-exercitata-asupra-presei\/\"]}]},{\"@type\":\"ImageObject\",\"inLanguage\":\"en-GB\",\"@id\":\"https:\/\/carpathiacenter.ro\/cna-condamna-ferm-orice-forma-de-presiune-exercitata-asupra-presei\/#primaryimage\",\"url\":\"https:\/\/carpathiacenter.ro\/wp-content\/uploads\/2025\/05\/LOGO-CNA_NEGATIV_PT-WEB-1000x600-1.jpg\",\"contentUrl\":\"https:\/\/carpathiacenter.ro\/wp-content\/uploads\/2025\/05\/LOGO-CNA_NEGATIV_PT-WEB-1000x600-1.jpg\",\"width\":1000,\"height\":600},{\"@type\":\"BreadcrumbList\",\"@id\":\"https:\/\/carpathiacenter.ro\/cna-condamna-ferm-orice-forma-de-presiune-exercitata-asupra-presei\/#breadcrumb\",\"itemListElement\":[{\"@type\":\"ListItem\",\"position\":1,\"name\":\"Prima pagin\u0103\",\"item\":\"https:\/\/carpathiacenter.ro\/\"},{\"@type\":\"ListItem\",\"position\":2,\"name\":\"CNA condamn\u0103 ferm orice form\u0103 de presiune exercitat\u0103 asupra presei\"}]},{\"@type\":\"WebSite\",\"@id\":\"https:\/\/carpathiacenter.ro\/#website\",\"url\":\"https:\/\/carpathiacenter.ro\/\",\"name\":\"Carpathia Center Romania\",\"description\":\"Impossible made possible!\",\"publisher\":{\"@id\":\"https:\/\/carpathiacenter.ro\/#organization\"},\"potentialAction\":[{\"@type\":\"SearchAction\",\"target\":{\"@type\":\"EntryPoint\",\"urlTemplate\":\"https:\/\/carpathiacenter.ro\/?s={search_term_string}\"},\"query-input\":{\"@type\":\"PropertyValueSpecification\",\"valueRequired\":true,\"valueName\":\"search_term_string\"}}],\"inLanguage\":\"en-GB\"},{\"@type\":\"Organization\",\"@id\":\"https:\/\/carpathiacenter.ro\/#organization\",\"name\":\"Carpathia Center Romania\",\"url\":\"https:\/\/carpathiacenter.ro\/\",\"logo\":{\"@type\":\"ImageObject\",\"inLanguage\":\"en-GB\",\"@id\":\"https:\/\/carpathiacenter.ro\/#\/schema\/logo\/image\/\",\"url\":\"https:\/\/carpathiacenter.ro\/wp-content\/uploads\/2024\/07\/logo-carpathia_bg_white-1024x941.png\",\"contentUrl\":\"https:\/\/carpathiacenter.ro\/wp-content\/uploads\/2024\/07\/logo-carpathia_bg_white-1024x941.png\",\"width\":1024,\"height\":941,\"caption\":\"Carpathia Center Romania\"},\"image\":{\"@id\":\"https:\/\/carpathiacenter.ro\/#\/schema\/logo\/image\/\"},\"sameAs\":[\"https:\/\/www.facebook.com\/fdpscarpathia\/\"]},{\"@type\":\"Person\",\"@id\":\"https:\/\/carpathiacenter.ro\/#\/schema\/person\/03d9f58202fee8379268f34afa195006\",\"name\":\"creativebitsolutions\",\"image\":{\"@type\":\"ImageObject\",\"inLanguage\":\"en-GB\",\"@id\":\"https:\/\/carpathiacenter.ro\/#\/schema\/person\/image\/\",\"url\":\"https:\/\/secure.gravatar.com\/avatar\/1b1a13e37f847c635dab78348f1dff2f07651ee2a3d77a5c355a4b8c75f9165a?s=96&d=mm&r=g\",\"contentUrl\":\"https:\/\/secure.gravatar.com\/avatar\/1b1a13e37f847c635dab78348f1dff2f07651ee2a3d77a5c355a4b8c75f9165a?s=96&d=mm&r=g\",\"caption\":\"creativebitsolutions\"},\"url\":\"https:\/\/carpathiacenter.ro\/en\/author\/creativebitsolutions\/\"}]}<\/script>\n<!-- \/ Yoast SEO plugin. -->","yoast_head_json":{"title":"CNA condamn\u0103 ferm orice form\u0103 de presiune exercitat\u0103 asupra presei - Carpathia Center Romania","robots":{"index":"index","follow":"follow","max-snippet":"max-snippet:-1","max-image-preview":"max-image-preview:large","max-video-preview":"max-video-preview:-1"},"canonical":"https:\/\/carpathiacenter.ro\/en\/cna-condamna-ferm-orice-forma-de-presiune-exercitata-asupra-presei\/","og_locale":"en_GB","og_type":"article","og_title":"CNA condamn\u0103 ferm orice form\u0103 de presiune exercitat\u0103 asupra presei - Carpathia Center Romania","og_description":"Consiliul Na\u021bional al Audiovizualului \u00ee\u0219i exprim\u0103 profunda \u00eengrijorare fa\u021b\u0103 de recentele derapaje din discursul public \u0219i &#8216;condamn\u0103 ferm&#8217; orice form\u0103 de presiune exercitat\u0103 asupra presei. &#8216;Consiliul Na\u021bional al Audiovizualului \u00ee\u0219i exprim\u0103 profunda \u00eengrijorare fa\u021b\u0103 de recentele derapaje din discursul public, manifestate prin amenin\u021b\u0103ri \u0219i atacuri directe la adresa jurnali\u0219tilor \u0219i a profesiei de jurnalist, inclusiv...","og_url":"https:\/\/carpathiacenter.ro\/en\/cna-condamna-ferm-orice-forma-de-presiune-exercitata-asupra-presei\/","og_site_name":"Carpathia Center Romania","article_publisher":"https:\/\/www.facebook.com\/fdpscarpathia\/","article_published_time":"2025-05-13T11:49:52+00:00","og_image":[{"width":1000,"height":600,"url":"https:\/\/carpathiacenter.ro\/wp-content\/uploads\/2025\/05\/LOGO-CNA_NEGATIV_PT-WEB-1000x600-1.jpg","type":"image\/jpeg"}],"author":"creativebitsolutions","twitter_card":"summary_large_image","twitter_misc":{"Written by":"creativebitsolutions","Estimated reading time":"1 minute"},"schema":{"@context":"https:\/\/schema.org","@graph":[{"@type":"Article","@id":"https:\/\/carpathiacenter.ro\/cna-condamna-ferm-orice-forma-de-presiune-exercitata-asupra-presei\/#article","isPartOf":{"@id":"https:\/\/carpathiacenter.ro\/cna-condamna-ferm-orice-forma-de-presiune-exercitata-asupra-presei\/"},"author":{"name":"creativebitsolutions","@id":"https:\/\/carpathiacenter.ro\/#\/schema\/person\/03d9f58202fee8379268f34afa195006"},"headline":"CNA condamn\u0103 ferm orice form\u0103 de presiune exercitat\u0103 asupra presei","datePublished":"2025-05-13T11:49:52+00:00","mainEntityOfPage":{"@id":"https:\/\/carpathiacenter.ro\/cna-condamna-ferm-orice-forma-de-presiune-exercitata-asupra-presei\/"},"wordCount":297,"commentCount":0,"publisher":{"@id":"https:\/\/carpathiacenter.ro\/#organization"},"image":{"@id":"https:\/\/carpathiacenter.ro\/cna-condamna-ferm-orice-forma-de-presiune-exercitata-asupra-presei\/#primaryimage"},"thumbnailUrl":"https:\/\/carpathiacenter.ro\/wp-content\/uploads\/2025\/05\/LOGO-CNA_NEGATIV_PT-WEB-1000x600-1.jpg","articleSection":["Uncategorized"],"inLanguage":"en-GB","potentialAction":[{"@type":"CommentAction","name":"Comment","target":["https:\/\/carpathiacenter.ro\/cna-condamna-ferm-orice-forma-de-presiune-exercitata-asupra-presei\/#respond"]}]},{"@type":"WebPage","@id":"https:\/\/carpathiacenter.ro\/cna-condamna-ferm-orice-forma-de-presiune-exercitata-asupra-presei\/","url":"https:\/\/carpathiacenter.ro\/cna-condamna-ferm-orice-forma-de-presiune-exercitata-asupra-presei\/","name":"CNA condamn\u0103 ferm orice form\u0103 de presiune exercitat\u0103 asupra presei - Carpathia Center Romania","isPartOf":{"@id":"https:\/\/carpathiacenter.ro\/#website"},"primaryImageOfPage":{"@id":"https:\/\/carpathiacenter.ro\/cna-condamna-ferm-orice-forma-de-presiune-exercitata-asupra-presei\/#primaryimage"},"image":{"@id":"https:\/\/carpathiacenter.ro\/cna-condamna-ferm-orice-forma-de-presiune-exercitata-asupra-presei\/#primaryimage"},"thumbnailUrl":"https:\/\/carpathiacenter.ro\/wp-content\/uploads\/2025\/05\/LOGO-CNA_NEGATIV_PT-WEB-1000x600-1.jpg","datePublished":"2025-05-13T11:49:52+00:00","breadcrumb":{"@id":"https:\/\/carpathiacenter.ro\/cna-condamna-ferm-orice-forma-de-presiune-exercitata-asupra-presei\/#breadcrumb"},"inLanguage":"en-GB","potentialAction":[{"@type":"ReadAction","target":["https:\/\/carpathiacenter.ro\/cna-condamna-ferm-orice-forma-de-presiune-exercitata-asupra-presei\/"]}]},{"@type":"ImageObject","inLanguage":"en-GB","@id":"https:\/\/carpathiacenter.ro\/cna-condamna-ferm-orice-forma-de-presiune-exercitata-asupra-presei\/#primaryimage","url":"https:\/\/carpathiacenter.ro\/wp-content\/uploads\/2025\/05\/LOGO-CNA_NEGATIV_PT-WEB-1000x600-1.jpg","contentUrl":"https:\/\/carpathiacenter.ro\/wp-content\/uploads\/2025\/05\/LOGO-CNA_NEGATIV_PT-WEB-1000x600-1.jpg","width":1000,"height":600},{"@type":"BreadcrumbList","@id":"https:\/\/carpathiacenter.ro\/cna-condamna-ferm-orice-forma-de-presiune-exercitata-asupra-presei\/#breadcrumb","itemListElement":[{"@type":"ListItem","position":1,"name":"Prima pagin\u0103","item":"https:\/\/carpathiacenter.ro\/"},{"@type":"ListItem","position":2,"name":"CNA condamn\u0103 ferm orice form\u0103 de presiune exercitat\u0103 asupra presei"}]},{"@type":"WebSite","@id":"https:\/\/carpathiacenter.ro\/#website","url":"https:\/\/carpathiacenter.ro\/","name":"Carpathia Center Romania","description":"Impossible made possible!","publisher":{"@id":"https:\/\/carpathiacenter.ro\/#organization"},"potentialAction":[{"@type":"SearchAction","target":{"@type":"EntryPoint","urlTemplate":"https:\/\/carpathiacenter.ro\/?s={search_term_string}"},"query-input":{"@type":"PropertyValueSpecification","valueRequired":true,"valueName":"search_term_string"}}],"inLanguage":"en-GB"},{"@type":"Organization","@id":"https:\/\/carpathiacenter.ro\/#organization","name":"Carpathia Center Romania","url":"https:\/\/carpathiacenter.ro\/","logo":{"@type":"ImageObject","inLanguage":"en-GB","@id":"https:\/\/carpathiacenter.ro\/#\/schema\/logo\/image\/","url":"https:\/\/carpathiacenter.ro\/wp-content\/uploads\/2024\/07\/logo-carpathia_bg_white-1024x941.png","contentUrl":"https:\/\/carpathiacenter.ro\/wp-content\/uploads\/2024\/07\/logo-carpathia_bg_white-1024x941.png","width":1024,"height":941,"caption":"Carpathia Center Romania"},"image":{"@id":"https:\/\/carpathiacenter.ro\/#\/schema\/logo\/image\/"},"sameAs":["https:\/\/www.facebook.com\/fdpscarpathia\/"]},{"@type":"Person","@id":"https:\/\/carpathiacenter.ro\/#\/schema\/person\/03d9f58202fee8379268f34afa195006","name":"creativebitsolutions","image":{"@type":"ImageObject","inLanguage":"en-GB","@id":"https:\/\/carpathiacenter.ro\/#\/schema\/person\/image\/","url":"https:\/\/secure.gravatar.com\/avatar\/1b1a13e37f847c635dab78348f1dff2f07651ee2a3d77a5c355a4b8c75f9165a?s=96&d=mm&r=g","contentUrl":"https:\/\/secure.gravatar.com\/avatar\/1b1a13e37f847c635dab78348f1dff2f07651ee2a3d77a5c355a4b8c75f9165a?s=96&d=mm&r=g","caption":"creativebitsolutions"},"url":"https:\/\/carpathiacenter.ro\/en\/author\/creativebitsolutions\/"}]}},"_links":{"self":[{"href":"https:\/\/carpathiacenter.ro\/en\/wp-json\/wp\/v2\/posts\/2369","targetHints":{"allow":["GET"]}}],"collection":[{"href":"https:\/\/carpathiacenter.ro\/en\/wp-json\/wp\/v2\/posts"}],"about":[{"href":"https:\/\/carpathiacenter.ro\/en\/wp-json\/wp\/v2\/types\/post"}],"author":[{"embeddable":true,"href":"https:\/\/carpathiacenter.ro\/en\/wp-json\/wp\/v2\/users\/4"}],"replies":[{"embeddable":true,"href":"https:\/\/carpathiacenter.ro\/en\/wp-json\/wp\/v2\/comments?post=2369"}],"version-history":[{"count":1,"href":"https:\/\/carpathiacenter.ro\/en\/wp-json\/wp\/v2\/posts\/2369\/revisions"}],"predecessor-version":[{"id":2371,"href":"https:\/\/carpathiacenter.ro\/en\/wp-json\/wp\/v2\/posts\/2369\/revisions\/2371"}],"wp:featuredmedia":[{"embeddable":true,"href":"https:\/\/carpathiacenter.ro\/en\/wp-json\/wp\/v2\/media\/2370"}],"wp:attachment":[{"href":"https:\/\/carpathiacenter.ro\/en\/wp-json\/wp\/v2\/media?parent=2369"}],"wp:term":[{"taxonomy":"category","embeddable":true,"href":"https:\/\/carpathiacenter.ro\/en\/wp-json\/wp\/v2\/categories?post=2369"},{"taxonomy":"post_tag","embeddable":true,"href":"https:\/\/carpathiacenter.ro\/en\/wp-json\/wp\/v2\/tags?post=2369"}],"curies":[{"name":"wp","href":"https:\/\/api.w.org\/{rel}","templated":true}]}}