{"id":2367,"date":"2025-05-13T11:47:15","date_gmt":"2025-05-13T11:47:15","guid":{"rendered":"https:\/\/carpathiacenter.ro\/?p=2367"},"modified":"2025-05-13T11:47:15","modified_gmt":"2025-05-13T11:47:15","slug":"marcel-bolos-este-esential-ca-renegocierea-pnrr-sa-se-incheie-pana-la-finalul-lunii-mai","status":"publish","type":"post","link":"https:\/\/carpathiacenter.ro\/en\/marcel-bolos-este-esential-ca-renegocierea-pnrr-sa-se-incheie-pana-la-finalul-lunii-mai\/","title":{"rendered":"Marcel Bolo\u0219: Este esen\u021bial ca renegocierea PNRR s\u0103 se \u00eencheie p\u00e2n\u0103 la finalul lunii mai"},"content":{"rendered":"<p><strong>Renegocierea Planului Na\u021bional de Redresare \u0219i Rezilien\u021b\u0103 (PNRR) \u0219i deblocarea integral\u0103 a Cererii de Plat\u0103 3 sunt priorit\u0103\u021bi imediate pentru a asigura absorb\u021bia maxim\u0103 a fondurilor europene alocate Rom\u00e2niei, sus\u021bine ministrul Investi\u021biilor \u0219i Proiectelor Europene, Marcel Bolo\u0219.<\/strong><\/p>\n<p>Acesta a participat luni, al\u0103turi de echipa tehnic\u0103 din cadrul ministerului de resort, la reuniunea de lucru a Comitetului Interministerial de Coordonare a PNRR, coordonat\u0103 de prim-ministrul interimar, C\u0103t\u0103lin Predoiu.<\/p>\n<p>Potrivit unui comunicat al MIPE, transmis luni AGERPRES, discu\u021biile din cadrul Comitetului Interministerial de Coordonare a PNRR au vizat punctual aspecte ce trebuie urgentate pentru deblocarea integral\u0103 a Cererii de plat\u0103 nr. 3, respectiv \u0219i pentru implementarea reformelor \u0219i investi\u021biilor care urmeaz\u0103 a fi cuprinse \u00een Cererea de Plat\u0103 nr. 4, \u00een paralel cu finalizarea etapei de renegociere a PNRR.<\/p>\n<p>\u00cen cursul acestei s\u0103pt\u0103m\u00e2ni, o delega\u021bie guvernamental\u0103 condus\u0103 de MIPE va merge la Bruxelles, pentru o serie de \u0219edin\u021be tehnice cu reprezentan\u021bii Comisiei Europene.<\/p>\n<p>P\u00e2n\u0103 \u00een prezent, au fost realizate o serie de analize comune cu reprezentan\u021bii Executivului european, cu privire la stadiul de implementare al investi\u021biilor, care au relevat pe de o parte necesitatea ajust\u0103rii unora dintre acestea, iar pe de alt\u0103 parte, necesitatea ini\u021bierii unor m\u0103suri care s\u0103 asigure \u00eendeplinirea acestora \u00een termenele asumate de Rom\u00e2nia.<\/p>\n<p>&#8216;Calendarul pe care \u00eel avem impune o succesiune clar\u0103: nu putem transmite Cererea de Plat\u0103 nr. 4 \u00eenainte de a finaliza renegocierea PNRR. Doar dup\u0103 aprobarea oficial\u0103 a planului modificat vom putea transmite Comisiei o nou\u0103 cerere de plat\u0103, \u00een forma sa restructurat\u0103, care s\u0103 includ\u0103 reformele \u0219i investi\u021biile actualizate. Obiectivul nostru este depunerea Cererii de Plat\u0103 nr. 4 \u00een luna iulie, dar pentru aceasta este esen\u021bial ca procesul de renegociere s\u0103 se \u00eencheie p\u00e2n\u0103 la finalul lunii mai. Succesul negocierilor \u0219i al implement\u0103rii PNRR depinde, \u00een mod esen\u021bial, de colaborarea interinstitu\u021bional\u0103 str\u00e2ns\u0103, de coeren\u021ba pozi\u021biilor tehnice \u0219i de capacitatea de reac\u021bie operativ\u0103 \u00een raport cu partenerii europeni. Renegocierea PNRR este deja \u00eentr-o etap\u0103 avansat\u0103, \u00een urma discu\u021biilor intense care au fost deja purtate cu Comisia European\u0103. \u00cen aceast\u0103 s\u0103pt\u0103m\u00e2n\u0103, la Bruxelles, vom avea discu\u021biile cu care ar trebui s\u0103 \u00eenchidem&#8217;, a declarat ministrul Investi\u021biilor \u0219i Proiectelor Europene, Marcel Bolo\u0219, \u00een comunicatul citat.<\/p>\n<p>\u00cen cazul Cererii de Plat\u0103 nr. 3, Comisia a considerat par\u021bial \u00eendeplinite \u021bintele \u0219i jaloanele cuprinse \u00een aceasta \u0219i a aprobat o plat\u0103 par\u021bial\u0103 \u00een valoare de 1,3 miliarde de euro. Aceast\u0103 sum\u0103 urmeaz\u0103 s\u0103 fie virat\u0103 \u021b\u0103rii noastre la sf\u00e2r\u0219itul acestei luni, se men\u021bioneaz\u0103 \u00een comunicat.<\/p>\n<p>P\u00e2n\u0103 \u00een prezent Rom\u00e2nia a \u00eencasat 9,2 miliarde de euro din suma de 28,5 miliarde de euro de care dispune pentru implementarea PNRR. Din aceast\u0103 alocare, o sum\u0103 de 13,6 miliarde euro este acordat\u0103 sub form\u0103 de granturi \u0219i 14,9 miliarde euro sub form\u0103 de \u00eemprumuturi.AGERPRES\/(AS &#8211; editor: Mariana Nica, editor online: Irina Giurgiu)<br \/>\nSursa articolului:<a href=\"https:\/\/agerpres.ro\/economic\/2025\/05\/12\/marcel-bolos-este-esential-ca-renegocierea-pnrr-sa-se-incheie-pana-la-finalul-lunii-mai--1448404\" target=\"_blank\" rel=\"noopener\" title=\"\">https:\/\/agerpres.ro\/economic\/2025\/05\/12\/marcel-bolos-este-esential-ca-renegocierea-pnrr-sa-se-incheie-pana-la-finalul-lunii-mai&#8211;1448404<\/a><\/p>","protected":false},"excerpt":{"rendered":"<p>Renegocierea Planului Na\u021bional de Redresare \u0219i Rezilien\u021b\u0103 (PNRR) \u0219i deblocarea integral\u0103 a Cererii de Plat\u0103 3 sunt priorit\u0103\u021bi imediate pentru a asigura absorb\u021bia maxim\u0103 a fondurilor europene alocate Rom\u00e2niei, sus\u021bine ministrul Investi\u021biilor \u0219i Proiectelor Europene, Marcel Bolo\u0219. Acesta a participat luni, al\u0103turi de echipa tehnic\u0103 din cadrul ministerului de resort, la reuniunea de lucru a&#8230;<\/p>","protected":false},"author":4,"featured_media":1248,"comment_status":"open","ping_status":"open","sticky":false,"template":"","format":"standard","meta":{"footnotes":""},"categories":[1],"tags":[],"class_list":["post-2367","post","type-post","status-publish","format-standard","has-post-thumbnail","hentry","category-uncategorized"],"yoast_head":"<!-- This site is optimized with the Yoast SEO plugin v26.1.1 - https:\/\/yoast.com\/wordpress\/plugins\/seo\/ -->\n<title>Marcel Bolo\u0219: Este esen\u021bial ca renegocierea PNRR s\u0103 se \u00eencheie p\u00e2n\u0103 la finalul lunii mai - Carpathia Center Romania<\/title>\n<meta name=\"robots\" content=\"index, follow, max-snippet:-1, max-image-preview:large, max-video-preview:-1\" \/>\n<link rel=\"canonical\" href=\"https:\/\/carpathiacenter.ro\/en\/marcel-bolos-este-esential-ca-renegocierea-pnrr-sa-se-incheie-pana-la-finalul-lunii-mai\/\" \/>\n<meta property=\"og:locale\" content=\"en_GB\" \/>\n<meta property=\"og:type\" content=\"article\" \/>\n<meta property=\"og:title\" content=\"Marcel Bolo\u0219: Este esen\u021bial ca renegocierea PNRR s\u0103 se \u00eencheie p\u00e2n\u0103 la finalul lunii mai - Carpathia Center Romania\" \/>\n<meta property=\"og:description\" content=\"Renegocierea Planului Na\u021bional de Redresare \u0219i Rezilien\u021b\u0103 (PNRR) \u0219i deblocarea integral\u0103 a Cererii de Plat\u0103 3 sunt priorit\u0103\u021bi imediate pentru a asigura absorb\u021bia maxim\u0103 a fondurilor europene alocate Rom\u00e2niei, sus\u021bine ministrul Investi\u021biilor \u0219i Proiectelor Europene, Marcel Bolo\u0219. Acesta a participat luni, al\u0103turi de echipa tehnic\u0103 din cadrul ministerului de resort, la reuniunea de lucru a...\" \/>\n<meta property=\"og:url\" content=\"https:\/\/carpathiacenter.ro\/en\/marcel-bolos-este-esential-ca-renegocierea-pnrr-sa-se-incheie-pana-la-finalul-lunii-mai\/\" \/>\n<meta property=\"og:site_name\" content=\"Carpathia Center Romania\" \/>\n<meta property=\"article:publisher\" content=\"https:\/\/www.facebook.com\/fdpscarpathia\/\" \/>\n<meta property=\"article:published_time\" content=\"2025-05-13T11:47:15+00:00\" \/>\n<meta property=\"og:image\" content=\"https:\/\/carpathiacenter.ro\/wp-content\/uploads\/2024\/09\/Marcel-Bolos.jpg\" \/>\n\t<meta property=\"og:image:width\" content=\"780\" \/>\n\t<meta property=\"og:image:height\" content=\"440\" \/>\n\t<meta property=\"og:image:type\" content=\"image\/jpeg\" \/>\n<meta name=\"author\" content=\"creativebitsolutions\" \/>\n<meta name=\"twitter:card\" content=\"summary_large_image\" \/>\n<meta name=\"twitter:label1\" content=\"Written by\" \/>\n\t<meta name=\"twitter:data1\" content=\"creativebitsolutions\" \/>\n\t<meta name=\"twitter:label2\" content=\"Estimated reading time\" \/>\n\t<meta name=\"twitter:data2\" content=\"3 minutes\" \/>\n<script type=\"application\/ld+json\" class=\"yoast-schema-graph\">{\"@context\":\"https:\/\/schema.org\",\"@graph\":[{\"@type\":\"Article\",\"@id\":\"https:\/\/carpathiacenter.ro\/marcel-bolos-este-esential-ca-renegocierea-pnrr-sa-se-incheie-pana-la-finalul-lunii-mai\/#article\",\"isPartOf\":{\"@id\":\"https:\/\/carpathiacenter.ro\/marcel-bolos-este-esential-ca-renegocierea-pnrr-sa-se-incheie-pana-la-finalul-lunii-mai\/\"},\"author\":{\"name\":\"creativebitsolutions\",\"@id\":\"https:\/\/carpathiacenter.ro\/#\/schema\/person\/03d9f58202fee8379268f34afa195006\"},\"headline\":\"Marcel Bolo\u0219: Este esen\u021bial ca renegocierea PNRR s\u0103 se \u00eencheie p\u00e2n\u0103 la finalul lunii mai\",\"datePublished\":\"2025-05-13T11:47:15+00:00\",\"mainEntityOfPage\":{\"@id\":\"https:\/\/carpathiacenter.ro\/marcel-bolos-este-esential-ca-renegocierea-pnrr-sa-se-incheie-pana-la-finalul-lunii-mai\/\"},\"wordCount\":521,\"commentCount\":0,\"publisher\":{\"@id\":\"https:\/\/carpathiacenter.ro\/#organization\"},\"image\":{\"@id\":\"https:\/\/carpathiacenter.ro\/marcel-bolos-este-esential-ca-renegocierea-pnrr-sa-se-incheie-pana-la-finalul-lunii-mai\/#primaryimage\"},\"thumbnailUrl\":\"https:\/\/carpathiacenter.ro\/wp-content\/uploads\/2024\/09\/Marcel-Bolos.jpg\",\"articleSection\":[\"Uncategorized\"],\"inLanguage\":\"en-GB\",\"potentialAction\":[{\"@type\":\"CommentAction\",\"name\":\"Comment\",\"target\":[\"https:\/\/carpathiacenter.ro\/marcel-bolos-este-esential-ca-renegocierea-pnrr-sa-se-incheie-pana-la-finalul-lunii-mai\/#respond\"]}]},{\"@type\":\"WebPage\",\"@id\":\"https:\/\/carpathiacenter.ro\/marcel-bolos-este-esential-ca-renegocierea-pnrr-sa-se-incheie-pana-la-finalul-lunii-mai\/\",\"url\":\"https:\/\/carpathiacenter.ro\/marcel-bolos-este-esential-ca-renegocierea-pnrr-sa-se-incheie-pana-la-finalul-lunii-mai\/\",\"name\":\"Marcel Bolo\u0219: Este esen\u021bial ca renegocierea PNRR s\u0103 se \u00eencheie p\u00e2n\u0103 la finalul lunii mai - Carpathia Center Romania\",\"isPartOf\":{\"@id\":\"https:\/\/carpathiacenter.ro\/#website\"},\"primaryImageOfPage\":{\"@id\":\"https:\/\/carpathiacenter.ro\/marcel-bolos-este-esential-ca-renegocierea-pnrr-sa-se-incheie-pana-la-finalul-lunii-mai\/#primaryimage\"},\"image\":{\"@id\":\"https:\/\/carpathiacenter.ro\/marcel-bolos-este-esential-ca-renegocierea-pnrr-sa-se-incheie-pana-la-finalul-lunii-mai\/#primaryimage\"},\"thumbnailUrl\":\"https:\/\/carpathiacenter.ro\/wp-content\/uploads\/2024\/09\/Marcel-Bolos.jpg\",\"datePublished\":\"2025-05-13T11:47:15+00:00\",\"breadcrumb\":{\"@id\":\"https:\/\/carpathiacenter.ro\/marcel-bolos-este-esential-ca-renegocierea-pnrr-sa-se-incheie-pana-la-finalul-lunii-mai\/#breadcrumb\"},\"inLanguage\":\"en-GB\",\"potentialAction\":[{\"@type\":\"ReadAction\",\"target\":[\"https:\/\/carpathiacenter.ro\/marcel-bolos-este-esential-ca-renegocierea-pnrr-sa-se-incheie-pana-la-finalul-lunii-mai\/\"]}]},{\"@type\":\"ImageObject\",\"inLanguage\":\"en-GB\",\"@id\":\"https:\/\/carpathiacenter.ro\/marcel-bolos-este-esential-ca-renegocierea-pnrr-sa-se-incheie-pana-la-finalul-lunii-mai\/#primaryimage\",\"url\":\"https:\/\/carpathiacenter.ro\/wp-content\/uploads\/2024\/09\/Marcel-Bolos.jpg\",\"contentUrl\":\"https:\/\/carpathiacenter.ro\/wp-content\/uploads\/2024\/09\/Marcel-Bolos.jpg\",\"width\":780,\"height\":440},{\"@type\":\"BreadcrumbList\",\"@id\":\"https:\/\/carpathiacenter.ro\/marcel-bolos-este-esential-ca-renegocierea-pnrr-sa-se-incheie-pana-la-finalul-lunii-mai\/#breadcrumb\",\"itemListElement\":[{\"@type\":\"ListItem\",\"position\":1,\"name\":\"Prima pagin\u0103\",\"item\":\"https:\/\/carpathiacenter.ro\/\"},{\"@type\":\"ListItem\",\"position\":2,\"name\":\"Marcel Bolo\u0219: Este esen\u021bial ca renegocierea PNRR s\u0103 se \u00eencheie p\u00e2n\u0103 la finalul lunii mai\"}]},{\"@type\":\"WebSite\",\"@id\":\"https:\/\/carpathiacenter.ro\/#website\",\"url\":\"https:\/\/carpathiacenter.ro\/\",\"name\":\"Carpathia Center Romania\",\"description\":\"Impossible made possible!\",\"publisher\":{\"@id\":\"https:\/\/carpathiacenter.ro\/#organization\"},\"potentialAction\":[{\"@type\":\"SearchAction\",\"target\":{\"@type\":\"EntryPoint\",\"urlTemplate\":\"https:\/\/carpathiacenter.ro\/?s={search_term_string}\"},\"query-input\":{\"@type\":\"PropertyValueSpecification\",\"valueRequired\":true,\"valueName\":\"search_term_string\"}}],\"inLanguage\":\"en-GB\"},{\"@type\":\"Organization\",\"@id\":\"https:\/\/carpathiacenter.ro\/#organization\",\"name\":\"Carpathia Center Romania\",\"url\":\"https:\/\/carpathiacenter.ro\/\",\"logo\":{\"@type\":\"ImageObject\",\"inLanguage\":\"en-GB\",\"@id\":\"https:\/\/carpathiacenter.ro\/#\/schema\/logo\/image\/\",\"url\":\"https:\/\/carpathiacenter.ro\/wp-content\/uploads\/2024\/07\/logo-carpathia_bg_white-1024x941.png\",\"contentUrl\":\"https:\/\/carpathiacenter.ro\/wp-content\/uploads\/2024\/07\/logo-carpathia_bg_white-1024x941.png\",\"width\":1024,\"height\":941,\"caption\":\"Carpathia Center Romania\"},\"image\":{\"@id\":\"https:\/\/carpathiacenter.ro\/#\/schema\/logo\/image\/\"},\"sameAs\":[\"https:\/\/www.facebook.com\/fdpscarpathia\/\"]},{\"@type\":\"Person\",\"@id\":\"https:\/\/carpathiacenter.ro\/#\/schema\/person\/03d9f58202fee8379268f34afa195006\",\"name\":\"creativebitsolutions\",\"image\":{\"@type\":\"ImageObject\",\"inLanguage\":\"en-GB\",\"@id\":\"https:\/\/carpathiacenter.ro\/#\/schema\/person\/image\/\",\"url\":\"https:\/\/secure.gravatar.com\/avatar\/1b1a13e37f847c635dab78348f1dff2f07651ee2a3d77a5c355a4b8c75f9165a?s=96&d=mm&r=g\",\"contentUrl\":\"https:\/\/secure.gravatar.com\/avatar\/1b1a13e37f847c635dab78348f1dff2f07651ee2a3d77a5c355a4b8c75f9165a?s=96&d=mm&r=g\",\"caption\":\"creativebitsolutions\"},\"url\":\"https:\/\/carpathiacenter.ro\/en\/author\/creativebitsolutions\/\"}]}<\/script>\n<!-- \/ Yoast SEO plugin. -->","yoast_head_json":{"title":"Marcel Bolo\u0219: Este esen\u021bial ca renegocierea PNRR s\u0103 se \u00eencheie p\u00e2n\u0103 la finalul lunii mai - Carpathia Center Romania","robots":{"index":"index","follow":"follow","max-snippet":"max-snippet:-1","max-image-preview":"max-image-preview:large","max-video-preview":"max-video-preview:-1"},"canonical":"https:\/\/carpathiacenter.ro\/en\/marcel-bolos-este-esential-ca-renegocierea-pnrr-sa-se-incheie-pana-la-finalul-lunii-mai\/","og_locale":"en_GB","og_type":"article","og_title":"Marcel Bolo\u0219: Este esen\u021bial ca renegocierea PNRR s\u0103 se \u00eencheie p\u00e2n\u0103 la finalul lunii mai - Carpathia Center Romania","og_description":"Renegocierea Planului Na\u021bional de Redresare \u0219i Rezilien\u021b\u0103 (PNRR) \u0219i deblocarea integral\u0103 a Cererii de Plat\u0103 3 sunt priorit\u0103\u021bi imediate pentru a asigura absorb\u021bia maxim\u0103 a fondurilor europene alocate Rom\u00e2niei, sus\u021bine ministrul Investi\u021biilor \u0219i Proiectelor Europene, Marcel Bolo\u0219. Acesta a participat luni, al\u0103turi de echipa tehnic\u0103 din cadrul ministerului de resort, la reuniunea de lucru a...","og_url":"https:\/\/carpathiacenter.ro\/en\/marcel-bolos-este-esential-ca-renegocierea-pnrr-sa-se-incheie-pana-la-finalul-lunii-mai\/","og_site_name":"Carpathia Center Romania","article_publisher":"https:\/\/www.facebook.com\/fdpscarpathia\/","article_published_time":"2025-05-13T11:47:15+00:00","og_image":[{"width":780,"height":440,"url":"https:\/\/carpathiacenter.ro\/wp-content\/uploads\/2024\/09\/Marcel-Bolos.jpg","type":"image\/jpeg"}],"author":"creativebitsolutions","twitter_card":"summary_large_image","twitter_misc":{"Written by":"creativebitsolutions","Estimated reading time":"3 minutes"},"schema":{"@context":"https:\/\/schema.org","@graph":[{"@type":"Article","@id":"https:\/\/carpathiacenter.ro\/marcel-bolos-este-esential-ca-renegocierea-pnrr-sa-se-incheie-pana-la-finalul-lunii-mai\/#article","isPartOf":{"@id":"https:\/\/carpathiacenter.ro\/marcel-bolos-este-esential-ca-renegocierea-pnrr-sa-se-incheie-pana-la-finalul-lunii-mai\/"},"author":{"name":"creativebitsolutions","@id":"https:\/\/carpathiacenter.ro\/#\/schema\/person\/03d9f58202fee8379268f34afa195006"},"headline":"Marcel Bolo\u0219: Este esen\u021bial ca renegocierea PNRR s\u0103 se \u00eencheie p\u00e2n\u0103 la finalul lunii mai","datePublished":"2025-05-13T11:47:15+00:00","mainEntityOfPage":{"@id":"https:\/\/carpathiacenter.ro\/marcel-bolos-este-esential-ca-renegocierea-pnrr-sa-se-incheie-pana-la-finalul-lunii-mai\/"},"wordCount":521,"commentCount":0,"publisher":{"@id":"https:\/\/carpathiacenter.ro\/#organization"},"image":{"@id":"https:\/\/carpathiacenter.ro\/marcel-bolos-este-esential-ca-renegocierea-pnrr-sa-se-incheie-pana-la-finalul-lunii-mai\/#primaryimage"},"thumbnailUrl":"https:\/\/carpathiacenter.ro\/wp-content\/uploads\/2024\/09\/Marcel-Bolos.jpg","articleSection":["Uncategorized"],"inLanguage":"en-GB","potentialAction":[{"@type":"CommentAction","name":"Comment","target":["https:\/\/carpathiacenter.ro\/marcel-bolos-este-esential-ca-renegocierea-pnrr-sa-se-incheie-pana-la-finalul-lunii-mai\/#respond"]}]},{"@type":"WebPage","@id":"https:\/\/carpathiacenter.ro\/marcel-bolos-este-esential-ca-renegocierea-pnrr-sa-se-incheie-pana-la-finalul-lunii-mai\/","url":"https:\/\/carpathiacenter.ro\/marcel-bolos-este-esential-ca-renegocierea-pnrr-sa-se-incheie-pana-la-finalul-lunii-mai\/","name":"Marcel Bolo\u0219: Este esen\u021bial ca renegocierea PNRR s\u0103 se \u00eencheie p\u00e2n\u0103 la finalul lunii mai - Carpathia Center Romania","isPartOf":{"@id":"https:\/\/carpathiacenter.ro\/#website"},"primaryImageOfPage":{"@id":"https:\/\/carpathiacenter.ro\/marcel-bolos-este-esential-ca-renegocierea-pnrr-sa-se-incheie-pana-la-finalul-lunii-mai\/#primaryimage"},"image":{"@id":"https:\/\/carpathiacenter.ro\/marcel-bolos-este-esential-ca-renegocierea-pnrr-sa-se-incheie-pana-la-finalul-lunii-mai\/#primaryimage"},"thumbnailUrl":"https:\/\/carpathiacenter.ro\/wp-content\/uploads\/2024\/09\/Marcel-Bolos.jpg","datePublished":"2025-05-13T11:47:15+00:00","breadcrumb":{"@id":"https:\/\/carpathiacenter.ro\/marcel-bolos-este-esential-ca-renegocierea-pnrr-sa-se-incheie-pana-la-finalul-lunii-mai\/#breadcrumb"},"inLanguage":"en-GB","potentialAction":[{"@type":"ReadAction","target":["https:\/\/carpathiacenter.ro\/marcel-bolos-este-esential-ca-renegocierea-pnrr-sa-se-incheie-pana-la-finalul-lunii-mai\/"]}]},{"@type":"ImageObject","inLanguage":"en-GB","@id":"https:\/\/carpathiacenter.ro\/marcel-bolos-este-esential-ca-renegocierea-pnrr-sa-se-incheie-pana-la-finalul-lunii-mai\/#primaryimage","url":"https:\/\/carpathiacenter.ro\/wp-content\/uploads\/2024\/09\/Marcel-Bolos.jpg","contentUrl":"https:\/\/carpathiacenter.ro\/wp-content\/uploads\/2024\/09\/Marcel-Bolos.jpg","width":780,"height":440},{"@type":"BreadcrumbList","@id":"https:\/\/carpathiacenter.ro\/marcel-bolos-este-esential-ca-renegocierea-pnrr-sa-se-incheie-pana-la-finalul-lunii-mai\/#breadcrumb","itemListElement":[{"@type":"ListItem","position":1,"name":"Prima pagin\u0103","item":"https:\/\/carpathiacenter.ro\/"},{"@type":"ListItem","position":2,"name":"Marcel Bolo\u0219: Este esen\u021bial ca renegocierea PNRR s\u0103 se \u00eencheie p\u00e2n\u0103 la finalul lunii mai"}]},{"@type":"WebSite","@id":"https:\/\/carpathiacenter.ro\/#website","url":"https:\/\/carpathiacenter.ro\/","name":"Carpathia Center Romania","description":"Impossible made possible!","publisher":{"@id":"https:\/\/carpathiacenter.ro\/#organization"},"potentialAction":[{"@type":"SearchAction","target":{"@type":"EntryPoint","urlTemplate":"https:\/\/carpathiacenter.ro\/?s={search_term_string}"},"query-input":{"@type":"PropertyValueSpecification","valueRequired":true,"valueName":"search_term_string"}}],"inLanguage":"en-GB"},{"@type":"Organization","@id":"https:\/\/carpathiacenter.ro\/#organization","name":"Carpathia Center Romania","url":"https:\/\/carpathiacenter.ro\/","logo":{"@type":"ImageObject","inLanguage":"en-GB","@id":"https:\/\/carpathiacenter.ro\/#\/schema\/logo\/image\/","url":"https:\/\/carpathiacenter.ro\/wp-content\/uploads\/2024\/07\/logo-carpathia_bg_white-1024x941.png","contentUrl":"https:\/\/carpathiacenter.ro\/wp-content\/uploads\/2024\/07\/logo-carpathia_bg_white-1024x941.png","width":1024,"height":941,"caption":"Carpathia Center Romania"},"image":{"@id":"https:\/\/carpathiacenter.ro\/#\/schema\/logo\/image\/"},"sameAs":["https:\/\/www.facebook.com\/fdpscarpathia\/"]},{"@type":"Person","@id":"https:\/\/carpathiacenter.ro\/#\/schema\/person\/03d9f58202fee8379268f34afa195006","name":"creativebitsolutions","image":{"@type":"ImageObject","inLanguage":"en-GB","@id":"https:\/\/carpathiacenter.ro\/#\/schema\/person\/image\/","url":"https:\/\/secure.gravatar.com\/avatar\/1b1a13e37f847c635dab78348f1dff2f07651ee2a3d77a5c355a4b8c75f9165a?s=96&d=mm&r=g","contentUrl":"https:\/\/secure.gravatar.com\/avatar\/1b1a13e37f847c635dab78348f1dff2f07651ee2a3d77a5c355a4b8c75f9165a?s=96&d=mm&r=g","caption":"creativebitsolutions"},"url":"https:\/\/carpathiacenter.ro\/en\/author\/creativebitsolutions\/"}]}},"_links":{"self":[{"href":"https:\/\/carpathiacenter.ro\/en\/wp-json\/wp\/v2\/posts\/2367","targetHints":{"allow":["GET"]}}],"collection":[{"href":"https:\/\/carpathiacenter.ro\/en\/wp-json\/wp\/v2\/posts"}],"about":[{"href":"https:\/\/carpathiacenter.ro\/en\/wp-json\/wp\/v2\/types\/post"}],"author":[{"embeddable":true,"href":"https:\/\/carpathiacenter.ro\/en\/wp-json\/wp\/v2\/users\/4"}],"replies":[{"embeddable":true,"href":"https:\/\/carpathiacenter.ro\/en\/wp-json\/wp\/v2\/comments?post=2367"}],"version-history":[{"count":1,"href":"https:\/\/carpathiacenter.ro\/en\/wp-json\/wp\/v2\/posts\/2367\/revisions"}],"predecessor-version":[{"id":2368,"href":"https:\/\/carpathiacenter.ro\/en\/wp-json\/wp\/v2\/posts\/2367\/revisions\/2368"}],"wp:featuredmedia":[{"embeddable":true,"href":"https:\/\/carpathiacenter.ro\/en\/wp-json\/wp\/v2\/media\/1248"}],"wp:attachment":[{"href":"https:\/\/carpathiacenter.ro\/en\/wp-json\/wp\/v2\/media?parent=2367"}],"wp:term":[{"taxonomy":"category","embeddable":true,"href":"https:\/\/carpathiacenter.ro\/en\/wp-json\/wp\/v2\/categories?post=2367"},{"taxonomy":"post_tag","embeddable":true,"href":"https:\/\/carpathiacenter.ro\/en\/wp-json\/wp\/v2\/tags?post=2367"}],"curies":[{"name":"wp","href":"https:\/\/api.w.org\/{rel}","templated":true}]}}