{"id":2336,"date":"2025-05-12T10:42:42","date_gmt":"2025-05-12T10:42:42","guid":{"rendered":"https:\/\/carpathiacenter.ro\/?p=2336"},"modified":"2025-05-12T10:42:42","modified_gmt":"2025-05-12T10:42:42","slug":"12-mai-ziua-internationala-a-asistentilor-medicali","status":"publish","type":"post","link":"https:\/\/carpathiacenter.ro\/en\/12-mai-ziua-internationala-a-asistentilor-medicali\/","title":{"rendered":"12 mai &#8211; Ziua interna\u021bional\u0103 a asisten\u021bilor medicali"},"content":{"rendered":"<p>La 12 mai este marcat\u0103 Ziua interna\u021bional\u0103 a asisten\u021bilor medicali.<\/p>\n<p>Data aleas\u0103 reprezint\u0103 ziua de na\u0219tere a asistentei medicale Florence Nightingale, cea care a deschis, \u00een 1860, prima \u0219coal\u0103 pentru asistentele medicale, \u00een apropierea Spitalului &#8216;Saint Thomas&#8217; din Londra, realiz\u00e2nd primul pas \u00een preg\u0103tirea profesional\u0103 \u0219i institu\u021bional\u0103 a asistentelor medicale, p\u00e2n\u0103 atunci acestea fiind considerate persoane f\u0103r\u0103 o preg\u0103tire profesional\u0103. Ca semn al recunoa\u0219terii meritelor sale, regina Victoria a decorat-o \u00een 1904 cu Crucea Ro\u0219ie Regal\u0103. \u00cen 1907, a devenit prima femeie din Marea Britanie recompensat\u0103 cu Ordinul de Merit.<\/p>\n<p>Tema din 2025, stabilit\u0103 de c\u0103tre Consiliul Interna\u021bional al Asisten\u021bilor Medicali (ICN), este &#8216;Puterea economic\u0103 a \u00eengrijirii&#8217; \u0219i se concentreaz\u0103 pe s\u0103n\u0103tatea \u0219i bun\u0103starea asistentelor medicale, subliniind rolul critic pe care \u00eel joac\u0103 o for\u021b\u0103 de munc\u0103 s\u0103n\u0103toas\u0103 \u00een consolidarea economiilor, \u00eembun\u0103t\u0103\u021birea sistemelor de s\u0103n\u0103tate \u0219i asigurarea unor rezultate mai bune pentru comunit\u0103\u021bile din \u00eentreaga lume, potrivit <a href=\"http:\/\/www.icn.ch\" target=\"_blank\">www.icn.ch<\/a>.<\/p>\n<p>Consiliul Interna\u021bional al Asisten\u021bilor Medicali este o federa\u021bie de peste 130 de asocia\u021bii na\u021bionale de asisten\u021bi medicali, reprezent\u00e2nd cele peste 28 de milioane de asisten\u021bi medicali din \u00eentreaga lume. Este prima \u0219i cea mai larg\u0103 organiza\u021bie interna\u021bional\u0103 din lume pentru profesioni\u0219tii din domeniul s\u0103n\u0103t\u0103\u021bii \u0219i a fost fondat\u0103 \u00een 1899. Aceasta activeaz\u0103 pentru a asigura \u00eengrijiri medicale de calitate pentru to\u021bi, pentru politici solide de s\u0103n\u0103tate la nivel global, progresul cuno\u0219tin\u021belor de asisten\u021b\u0103 medical\u0103, precum \u0219i pentru respectarea \u00een lume a profesiei de asistent medical. ICN colaboreaz\u0103 cu agen\u021biile specializate din cadrul ONU, \u0219i \u00een mod special cu Organiza\u021bia Mondial\u0103 a S\u0103n\u0103t\u0103\u021bii, Organiza\u021bia Interna\u021bional\u0103 a Muncii \u0219i Banca Mondial\u0103. Totodat\u0103 lucreaz\u0103 \u00eendeaproape cu o serie de organiza\u021bii interna\u021bionale neguvernamentale \u0219i al\u021bi parteneri.<\/p>\n<p>\u00cen fiecare an, ICN alc\u0103tuie\u0219te un raport ce cuprinde studii de caz, interviuri, bannere \u0219i logo-uri pentru re\u021belele sociale. ICN face apel la asisten\u021bii medicali s\u0103 \u00ee\u0219i \u00eemp\u0103rt\u0103\u0219easc\u0103 experien\u021bele sub forma unui studiu de caz, inform\u00e2nd astfel popula\u021bia despre activitatea lor \u0219i servind \u00een acela\u0219i timp \u0219i ca un schimb de experien\u021b\u0103 \u00eentre asisten\u021bii medicali prin cunoa\u0219terea diverselor modalit\u0103\u021bi de solu\u021bionare a problemelor din domeniul de activitate &#8211; proceduri ce pot fi accesate pe <a href=\"http:\/\/www.icnvoicetolead.com\" target=\"_blank\">www.icnvoicetolead.com<\/a>.<\/p>\n<p>Evolu\u021bia profesiei de asistent medical a cunoscut un salt uria\u0219 \u00een ultimele decenii. Cercetarea \u00een domeniul \u00eengrijirilor, tehnologia informa\u021biilor \u0219i comunica\u021biilor, servicii bazate pe aparatur\u0103 \u0219i echipamente medicale extrem de performante sunt c\u00e2teva dintre provoc\u0103rile profesionale care au contribuit la dinamica dezvolt\u0103rii acestei profesii. Asocia\u021biile na\u021bionale ale asisten\u021bilor au un rol important \u00een informarea, consilierea, \u00eencurajarea \u0219i sprijinirea \u00een desf\u0103\u0219urarea activit\u0103\u021bii acestei categorii de profesioni\u0219ti.<\/p>\n<p>Celebrarea asisten\u021bilor medicali are loc, \u00een multe \u021b\u0103ri, precum Australia, Statele Unite, Canada, timp de o s\u0103pt\u0103m\u00e2n\u0103, fiind denumit\u0103 &#8216;National Nurses Week&#8217;. Activit\u0103\u021bile desf\u0103\u0219urate pe parcursul acestei s\u0103pt\u0103m\u00e2ni &#8211; seminarii educa\u021bionale, dezbateri, concursuri, discu\u021bii \u0219i alte evenimente comunitare -, eviden\u021biaz\u0103 rolul important al asisten\u021bilor medicali (femei sau b\u0103rba\u021bi) \u00een \u00eengrijirea pacien\u021bilor.<\/p>\n<p>\u00cen Rom\u00e2nia, Ordinul Asisten\u021bilor Medicali Generali\u0219ti, Moa\u0219elor \u0219i Asisten\u021bilor Medicali din Rom\u00e2nia (OAMGMAMR) sus\u021bine \u00een fiecare an tema aleas\u0103 de ICN pentru Ziua interna\u021bional\u0103 a asisten\u021bilor medicali, pentru c\u0103 aceasta reflect\u0103 angajamentul fa\u021b\u0103 de contribu\u021bia esen\u021bial\u0103 \u00een domeniul de &#8221;nursing&#8221; la nivelul comunit\u0103\u021bii interna\u021bionale, se subliniaz\u0103 pe<a href=\"http:\/\/www.oamr.ro\" target=\"_blank\"> www.oamr.ro<\/a>. AGERPRES\/(Documentare &#8211; Cerasela B\u0103di\u021b\u0103, editor: Mariana Zbora-Ciurel, editor online: Andreea Preda)<\/p>\n<p>Sursa articolului:<a href=\"https:\/\/agerpres.ro\/documentare\/2025\/05\/12\/12-mai---ziua-internationala-a-asistentilor-medicali--1447909\" target=\"_blank\" rel=\"noopener\" title=\"\">https:\/\/agerpres.ro\/documentare\/2025\/05\/12\/12-mai&#8212;ziua-internationala-a-asistentilor-medicali&#8211;1447909<\/a><\/p>","protected":false},"excerpt":{"rendered":"<p>La 12 mai este marcat\u0103 Ziua interna\u021bional\u0103 a asisten\u021bilor medicali. Data aleas\u0103 reprezint\u0103 ziua de na\u0219tere a asistentei medicale Florence Nightingale, cea care a deschis, \u00een 1860, prima \u0219coal\u0103 pentru asistentele medicale, \u00een apropierea Spitalului &#8216;Saint Thomas&#8217; din Londra, realiz\u00e2nd primul pas \u00een preg\u0103tirea profesional\u0103 \u0219i institu\u021bional\u0103 a asistentelor medicale, p\u00e2n\u0103 atunci acestea fiind considerate&#8230;<\/p>","protected":false},"author":4,"featured_media":2337,"comment_status":"open","ping_status":"open","sticky":false,"template":"","format":"standard","meta":{"footnotes":""},"categories":[1],"tags":[],"class_list":["post-2336","post","type-post","status-publish","format-standard","has-post-thumbnail","hentry","category-uncategorized"],"yoast_head":"<!-- This site is optimized with the Yoast SEO plugin v26.1.1 - https:\/\/yoast.com\/wordpress\/plugins\/seo\/ -->\n<title>12 mai - Ziua interna\u021bional\u0103 a asisten\u021bilor medicali - Carpathia Center Romania<\/title>\n<meta name=\"robots\" content=\"index, follow, max-snippet:-1, max-image-preview:large, max-video-preview:-1\" \/>\n<link rel=\"canonical\" href=\"https:\/\/carpathiacenter.ro\/en\/12-mai-ziua-internationala-a-asistentilor-medicali\/\" \/>\n<meta property=\"og:locale\" content=\"en_GB\" \/>\n<meta property=\"og:type\" content=\"article\" \/>\n<meta property=\"og:title\" content=\"12 mai - Ziua interna\u021bional\u0103 a asisten\u021bilor medicali - Carpathia Center Romania\" \/>\n<meta property=\"og:description\" content=\"La 12 mai este marcat\u0103 Ziua interna\u021bional\u0103 a asisten\u021bilor medicali. Data aleas\u0103 reprezint\u0103 ziua de na\u0219tere a asistentei medicale Florence Nightingale, cea care a deschis, \u00een 1860, prima \u0219coal\u0103 pentru asistentele medicale, \u00een apropierea Spitalului &#8216;Saint Thomas&#8217; din Londra, realiz\u00e2nd primul pas \u00een preg\u0103tirea profesional\u0103 \u0219i institu\u021bional\u0103 a asistentelor medicale, p\u00e2n\u0103 atunci acestea fiind considerate...\" \/>\n<meta property=\"og:url\" content=\"https:\/\/carpathiacenter.ro\/en\/12-mai-ziua-internationala-a-asistentilor-medicali\/\" \/>\n<meta property=\"og:site_name\" content=\"Carpathia Center Romania\" \/>\n<meta property=\"article:publisher\" content=\"https:\/\/www.facebook.com\/fdpscarpathia\/\" \/>\n<meta property=\"article:published_time\" content=\"2025-05-12T10:42:42+00:00\" \/>\n<meta property=\"og:image\" content=\"https:\/\/carpathiacenter.ro\/wp-content\/uploads\/2025\/05\/woman-working-as-doctor-scaled.jpg\" \/>\n\t<meta property=\"og:image:width\" content=\"2560\" \/>\n\t<meta property=\"og:image:height\" content=\"1707\" \/>\n\t<meta property=\"og:image:type\" content=\"image\/jpeg\" \/>\n<meta name=\"author\" content=\"creativebitsolutions\" \/>\n<meta name=\"twitter:card\" content=\"summary_large_image\" \/>\n<meta name=\"twitter:label1\" content=\"Written by\" \/>\n\t<meta name=\"twitter:data1\" content=\"creativebitsolutions\" \/>\n\t<meta name=\"twitter:label2\" content=\"Estimated reading time\" \/>\n\t<meta name=\"twitter:data2\" content=\"3 minutes\" \/>\n<script type=\"application\/ld+json\" class=\"yoast-schema-graph\">{\"@context\":\"https:\/\/schema.org\",\"@graph\":[{\"@type\":\"Article\",\"@id\":\"https:\/\/carpathiacenter.ro\/12-mai-ziua-internationala-a-asistentilor-medicali\/#article\",\"isPartOf\":{\"@id\":\"https:\/\/carpathiacenter.ro\/12-mai-ziua-internationala-a-asistentilor-medicali\/\"},\"author\":{\"name\":\"creativebitsolutions\",\"@id\":\"https:\/\/carpathiacenter.ro\/#\/schema\/person\/03d9f58202fee8379268f34afa195006\"},\"headline\":\"12 mai &#8211; Ziua interna\u021bional\u0103 a asisten\u021bilor medicali\",\"datePublished\":\"2025-05-12T10:42:42+00:00\",\"mainEntityOfPage\":{\"@id\":\"https:\/\/carpathiacenter.ro\/12-mai-ziua-internationala-a-asistentilor-medicali\/\"},\"wordCount\":644,\"commentCount\":0,\"publisher\":{\"@id\":\"https:\/\/carpathiacenter.ro\/#organization\"},\"image\":{\"@id\":\"https:\/\/carpathiacenter.ro\/12-mai-ziua-internationala-a-asistentilor-medicali\/#primaryimage\"},\"thumbnailUrl\":\"https:\/\/carpathiacenter.ro\/wp-content\/uploads\/2025\/05\/woman-working-as-doctor-scaled.jpg\",\"articleSection\":[\"Uncategorized\"],\"inLanguage\":\"en-GB\",\"potentialAction\":[{\"@type\":\"CommentAction\",\"name\":\"Comment\",\"target\":[\"https:\/\/carpathiacenter.ro\/12-mai-ziua-internationala-a-asistentilor-medicali\/#respond\"]}]},{\"@type\":\"WebPage\",\"@id\":\"https:\/\/carpathiacenter.ro\/12-mai-ziua-internationala-a-asistentilor-medicali\/\",\"url\":\"https:\/\/carpathiacenter.ro\/12-mai-ziua-internationala-a-asistentilor-medicali\/\",\"name\":\"12 mai - Ziua interna\u021bional\u0103 a asisten\u021bilor medicali - Carpathia Center Romania\",\"isPartOf\":{\"@id\":\"https:\/\/carpathiacenter.ro\/#website\"},\"primaryImageOfPage\":{\"@id\":\"https:\/\/carpathiacenter.ro\/12-mai-ziua-internationala-a-asistentilor-medicali\/#primaryimage\"},\"image\":{\"@id\":\"https:\/\/carpathiacenter.ro\/12-mai-ziua-internationala-a-asistentilor-medicali\/#primaryimage\"},\"thumbnailUrl\":\"https:\/\/carpathiacenter.ro\/wp-content\/uploads\/2025\/05\/woman-working-as-doctor-scaled.jpg\",\"datePublished\":\"2025-05-12T10:42:42+00:00\",\"breadcrumb\":{\"@id\":\"https:\/\/carpathiacenter.ro\/12-mai-ziua-internationala-a-asistentilor-medicali\/#breadcrumb\"},\"inLanguage\":\"en-GB\",\"potentialAction\":[{\"@type\":\"ReadAction\",\"target\":[\"https:\/\/carpathiacenter.ro\/12-mai-ziua-internationala-a-asistentilor-medicali\/\"]}]},{\"@type\":\"ImageObject\",\"inLanguage\":\"en-GB\",\"@id\":\"https:\/\/carpathiacenter.ro\/12-mai-ziua-internationala-a-asistentilor-medicali\/#primaryimage\",\"url\":\"https:\/\/carpathiacenter.ro\/wp-content\/uploads\/2025\/05\/woman-working-as-doctor-scaled.jpg\",\"contentUrl\":\"https:\/\/carpathiacenter.ro\/wp-content\/uploads\/2025\/05\/woman-working-as-doctor-scaled.jpg\",\"width\":2560,\"height\":1707},{\"@type\":\"BreadcrumbList\",\"@id\":\"https:\/\/carpathiacenter.ro\/12-mai-ziua-internationala-a-asistentilor-medicali\/#breadcrumb\",\"itemListElement\":[{\"@type\":\"ListItem\",\"position\":1,\"name\":\"Prima pagin\u0103\",\"item\":\"https:\/\/carpathiacenter.ro\/\"},{\"@type\":\"ListItem\",\"position\":2,\"name\":\"12 mai &#8211; Ziua interna\u021bional\u0103 a asisten\u021bilor medicali\"}]},{\"@type\":\"WebSite\",\"@id\":\"https:\/\/carpathiacenter.ro\/#website\",\"url\":\"https:\/\/carpathiacenter.ro\/\",\"name\":\"Carpathia Center Romania\",\"description\":\"Impossible made possible!\",\"publisher\":{\"@id\":\"https:\/\/carpathiacenter.ro\/#organization\"},\"potentialAction\":[{\"@type\":\"SearchAction\",\"target\":{\"@type\":\"EntryPoint\",\"urlTemplate\":\"https:\/\/carpathiacenter.ro\/?s={search_term_string}\"},\"query-input\":{\"@type\":\"PropertyValueSpecification\",\"valueRequired\":true,\"valueName\":\"search_term_string\"}}],\"inLanguage\":\"en-GB\"},{\"@type\":\"Organization\",\"@id\":\"https:\/\/carpathiacenter.ro\/#organization\",\"name\":\"Carpathia Center Romania\",\"url\":\"https:\/\/carpathiacenter.ro\/\",\"logo\":{\"@type\":\"ImageObject\",\"inLanguage\":\"en-GB\",\"@id\":\"https:\/\/carpathiacenter.ro\/#\/schema\/logo\/image\/\",\"url\":\"https:\/\/carpathiacenter.ro\/wp-content\/uploads\/2024\/07\/logo-carpathia_bg_white-1024x941.png\",\"contentUrl\":\"https:\/\/carpathiacenter.ro\/wp-content\/uploads\/2024\/07\/logo-carpathia_bg_white-1024x941.png\",\"width\":1024,\"height\":941,\"caption\":\"Carpathia Center Romania\"},\"image\":{\"@id\":\"https:\/\/carpathiacenter.ro\/#\/schema\/logo\/image\/\"},\"sameAs\":[\"https:\/\/www.facebook.com\/fdpscarpathia\/\"]},{\"@type\":\"Person\",\"@id\":\"https:\/\/carpathiacenter.ro\/#\/schema\/person\/03d9f58202fee8379268f34afa195006\",\"name\":\"creativebitsolutions\",\"image\":{\"@type\":\"ImageObject\",\"inLanguage\":\"en-GB\",\"@id\":\"https:\/\/carpathiacenter.ro\/#\/schema\/person\/image\/\",\"url\":\"https:\/\/secure.gravatar.com\/avatar\/1b1a13e37f847c635dab78348f1dff2f07651ee2a3d77a5c355a4b8c75f9165a?s=96&d=mm&r=g\",\"contentUrl\":\"https:\/\/secure.gravatar.com\/avatar\/1b1a13e37f847c635dab78348f1dff2f07651ee2a3d77a5c355a4b8c75f9165a?s=96&d=mm&r=g\",\"caption\":\"creativebitsolutions\"},\"url\":\"https:\/\/carpathiacenter.ro\/en\/author\/creativebitsolutions\/\"}]}<\/script>\n<!-- \/ Yoast SEO plugin. -->","yoast_head_json":{"title":"12 mai - Ziua interna\u021bional\u0103 a asisten\u021bilor medicali - Carpathia Center Romania","robots":{"index":"index","follow":"follow","max-snippet":"max-snippet:-1","max-image-preview":"max-image-preview:large","max-video-preview":"max-video-preview:-1"},"canonical":"https:\/\/carpathiacenter.ro\/en\/12-mai-ziua-internationala-a-asistentilor-medicali\/","og_locale":"en_GB","og_type":"article","og_title":"12 mai - Ziua interna\u021bional\u0103 a asisten\u021bilor medicali - Carpathia Center Romania","og_description":"La 12 mai este marcat\u0103 Ziua interna\u021bional\u0103 a asisten\u021bilor medicali. Data aleas\u0103 reprezint\u0103 ziua de na\u0219tere a asistentei medicale Florence Nightingale, cea care a deschis, \u00een 1860, prima \u0219coal\u0103 pentru asistentele medicale, \u00een apropierea Spitalului &#8216;Saint Thomas&#8217; din Londra, realiz\u00e2nd primul pas \u00een preg\u0103tirea profesional\u0103 \u0219i institu\u021bional\u0103 a asistentelor medicale, p\u00e2n\u0103 atunci acestea fiind considerate...","og_url":"https:\/\/carpathiacenter.ro\/en\/12-mai-ziua-internationala-a-asistentilor-medicali\/","og_site_name":"Carpathia Center Romania","article_publisher":"https:\/\/www.facebook.com\/fdpscarpathia\/","article_published_time":"2025-05-12T10:42:42+00:00","og_image":[{"width":2560,"height":1707,"url":"https:\/\/carpathiacenter.ro\/wp-content\/uploads\/2025\/05\/woman-working-as-doctor-scaled.jpg","type":"image\/jpeg"}],"author":"creativebitsolutions","twitter_card":"summary_large_image","twitter_misc":{"Written by":"creativebitsolutions","Estimated reading time":"3 minutes"},"schema":{"@context":"https:\/\/schema.org","@graph":[{"@type":"Article","@id":"https:\/\/carpathiacenter.ro\/12-mai-ziua-internationala-a-asistentilor-medicali\/#article","isPartOf":{"@id":"https:\/\/carpathiacenter.ro\/12-mai-ziua-internationala-a-asistentilor-medicali\/"},"author":{"name":"creativebitsolutions","@id":"https:\/\/carpathiacenter.ro\/#\/schema\/person\/03d9f58202fee8379268f34afa195006"},"headline":"12 mai &#8211; Ziua interna\u021bional\u0103 a asisten\u021bilor medicali","datePublished":"2025-05-12T10:42:42+00:00","mainEntityOfPage":{"@id":"https:\/\/carpathiacenter.ro\/12-mai-ziua-internationala-a-asistentilor-medicali\/"},"wordCount":644,"commentCount":0,"publisher":{"@id":"https:\/\/carpathiacenter.ro\/#organization"},"image":{"@id":"https:\/\/carpathiacenter.ro\/12-mai-ziua-internationala-a-asistentilor-medicali\/#primaryimage"},"thumbnailUrl":"https:\/\/carpathiacenter.ro\/wp-content\/uploads\/2025\/05\/woman-working-as-doctor-scaled.jpg","articleSection":["Uncategorized"],"inLanguage":"en-GB","potentialAction":[{"@type":"CommentAction","name":"Comment","target":["https:\/\/carpathiacenter.ro\/12-mai-ziua-internationala-a-asistentilor-medicali\/#respond"]}]},{"@type":"WebPage","@id":"https:\/\/carpathiacenter.ro\/12-mai-ziua-internationala-a-asistentilor-medicali\/","url":"https:\/\/carpathiacenter.ro\/12-mai-ziua-internationala-a-asistentilor-medicali\/","name":"12 mai - Ziua interna\u021bional\u0103 a asisten\u021bilor medicali - Carpathia Center Romania","isPartOf":{"@id":"https:\/\/carpathiacenter.ro\/#website"},"primaryImageOfPage":{"@id":"https:\/\/carpathiacenter.ro\/12-mai-ziua-internationala-a-asistentilor-medicali\/#primaryimage"},"image":{"@id":"https:\/\/carpathiacenter.ro\/12-mai-ziua-internationala-a-asistentilor-medicali\/#primaryimage"},"thumbnailUrl":"https:\/\/carpathiacenter.ro\/wp-content\/uploads\/2025\/05\/woman-working-as-doctor-scaled.jpg","datePublished":"2025-05-12T10:42:42+00:00","breadcrumb":{"@id":"https:\/\/carpathiacenter.ro\/12-mai-ziua-internationala-a-asistentilor-medicali\/#breadcrumb"},"inLanguage":"en-GB","potentialAction":[{"@type":"ReadAction","target":["https:\/\/carpathiacenter.ro\/12-mai-ziua-internationala-a-asistentilor-medicali\/"]}]},{"@type":"ImageObject","inLanguage":"en-GB","@id":"https:\/\/carpathiacenter.ro\/12-mai-ziua-internationala-a-asistentilor-medicali\/#primaryimage","url":"https:\/\/carpathiacenter.ro\/wp-content\/uploads\/2025\/05\/woman-working-as-doctor-scaled.jpg","contentUrl":"https:\/\/carpathiacenter.ro\/wp-content\/uploads\/2025\/05\/woman-working-as-doctor-scaled.jpg","width":2560,"height":1707},{"@type":"BreadcrumbList","@id":"https:\/\/carpathiacenter.ro\/12-mai-ziua-internationala-a-asistentilor-medicali\/#breadcrumb","itemListElement":[{"@type":"ListItem","position":1,"name":"Prima pagin\u0103","item":"https:\/\/carpathiacenter.ro\/"},{"@type":"ListItem","position":2,"name":"12 mai &#8211; Ziua interna\u021bional\u0103 a asisten\u021bilor medicali"}]},{"@type":"WebSite","@id":"https:\/\/carpathiacenter.ro\/#website","url":"https:\/\/carpathiacenter.ro\/","name":"Carpathia Center Romania","description":"Impossible made possible!","publisher":{"@id":"https:\/\/carpathiacenter.ro\/#organization"},"potentialAction":[{"@type":"SearchAction","target":{"@type":"EntryPoint","urlTemplate":"https:\/\/carpathiacenter.ro\/?s={search_term_string}"},"query-input":{"@type":"PropertyValueSpecification","valueRequired":true,"valueName":"search_term_string"}}],"inLanguage":"en-GB"},{"@type":"Organization","@id":"https:\/\/carpathiacenter.ro\/#organization","name":"Carpathia Center Romania","url":"https:\/\/carpathiacenter.ro\/","logo":{"@type":"ImageObject","inLanguage":"en-GB","@id":"https:\/\/carpathiacenter.ro\/#\/schema\/logo\/image\/","url":"https:\/\/carpathiacenter.ro\/wp-content\/uploads\/2024\/07\/logo-carpathia_bg_white-1024x941.png","contentUrl":"https:\/\/carpathiacenter.ro\/wp-content\/uploads\/2024\/07\/logo-carpathia_bg_white-1024x941.png","width":1024,"height":941,"caption":"Carpathia Center Romania"},"image":{"@id":"https:\/\/carpathiacenter.ro\/#\/schema\/logo\/image\/"},"sameAs":["https:\/\/www.facebook.com\/fdpscarpathia\/"]},{"@type":"Person","@id":"https:\/\/carpathiacenter.ro\/#\/schema\/person\/03d9f58202fee8379268f34afa195006","name":"creativebitsolutions","image":{"@type":"ImageObject","inLanguage":"en-GB","@id":"https:\/\/carpathiacenter.ro\/#\/schema\/person\/image\/","url":"https:\/\/secure.gravatar.com\/avatar\/1b1a13e37f847c635dab78348f1dff2f07651ee2a3d77a5c355a4b8c75f9165a?s=96&d=mm&r=g","contentUrl":"https:\/\/secure.gravatar.com\/avatar\/1b1a13e37f847c635dab78348f1dff2f07651ee2a3d77a5c355a4b8c75f9165a?s=96&d=mm&r=g","caption":"creativebitsolutions"},"url":"https:\/\/carpathiacenter.ro\/en\/author\/creativebitsolutions\/"}]}},"_links":{"self":[{"href":"https:\/\/carpathiacenter.ro\/en\/wp-json\/wp\/v2\/posts\/2336","targetHints":{"allow":["GET"]}}],"collection":[{"href":"https:\/\/carpathiacenter.ro\/en\/wp-json\/wp\/v2\/posts"}],"about":[{"href":"https:\/\/carpathiacenter.ro\/en\/wp-json\/wp\/v2\/types\/post"}],"author":[{"embeddable":true,"href":"https:\/\/carpathiacenter.ro\/en\/wp-json\/wp\/v2\/users\/4"}],"replies":[{"embeddable":true,"href":"https:\/\/carpathiacenter.ro\/en\/wp-json\/wp\/v2\/comments?post=2336"}],"version-history":[{"count":1,"href":"https:\/\/carpathiacenter.ro\/en\/wp-json\/wp\/v2\/posts\/2336\/revisions"}],"predecessor-version":[{"id":2338,"href":"https:\/\/carpathiacenter.ro\/en\/wp-json\/wp\/v2\/posts\/2336\/revisions\/2338"}],"wp:featuredmedia":[{"embeddable":true,"href":"https:\/\/carpathiacenter.ro\/en\/wp-json\/wp\/v2\/media\/2337"}],"wp:attachment":[{"href":"https:\/\/carpathiacenter.ro\/en\/wp-json\/wp\/v2\/media?parent=2336"}],"wp:term":[{"taxonomy":"category","embeddable":true,"href":"https:\/\/carpathiacenter.ro\/en\/wp-json\/wp\/v2\/categories?post=2336"},{"taxonomy":"post_tag","embeddable":true,"href":"https:\/\/carpathiacenter.ro\/en\/wp-json\/wp\/v2\/tags?post=2336"}],"curies":[{"name":"wp","href":"https:\/\/api.w.org\/{rel}","templated":true}]}}