{"id":2312,"date":"2025-05-08T08:41:42","date_gmt":"2025-05-08T08:41:42","guid":{"rendered":"https:\/\/carpathiacenter.ro\/?p=2312"},"modified":"2025-05-08T08:41:52","modified_gmt":"2025-05-08T08:41:52","slug":"summitul-liderilor-tarilor-fortei-expeditionare-comune-la-oslo-8-9-mai","status":"publish","type":"post","link":"https:\/\/carpathiacenter.ro\/en\/summitul-liderilor-tarilor-fortei-expeditionare-comune-la-oslo-8-9-mai\/","title":{"rendered":"Summitul liderilor \u021b\u0103rilor For\u021bei Expedi\u021bionare Comune, la Oslo (8-9 mai)"},"content":{"rendered":"<p>La 8-9 mai 2025 se desf\u0103\u0219oar\u0103, la Oslo, summitul anual al liderilor For\u021bei Expedi\u021bionare Comune, agenda reuniunii fiind dedicat\u0103 situa\u021biei din Europa \u0219i cooper\u0103rii regionale \u00een problemele de securitate, conform <a href=\"https:\/\/www.regjeringen.no\" target=\"_blank\">https:\/\/www.regjeringen.no<\/a> \u0219i <a href=\"https:\/\/www.rusi.org\/\" target=\"_blank\">https:\/\/www.rusi.org\/<\/a>.<\/p>\n<p>For\u021ba Expedi\u021bionar\u0103 Comun\u0103 (JEF) este o coali\u021bie de securitate format\u0103 din zece state din nordul Europei: Danemarca, Estonia, Finlanda, Islanda, Letonia, Lituania, Marea Britanie, Norvegia, Suedia \u0219i \u021a\u0103rile de Jos, indic\u0103 <a href=\"https:\/\/www.regjeringen.no\" target=\"_blank\">https:\/\/www.regjeringen.no<\/a>.<\/p>\n<p>&#8221;Statele membre JEF sunt cei mai apropia\u021bi alia\u021bi \u0219i vecini ai no\u0219tri. Este un r\u0103zboi pe continentul nostru \u0219i ne confrunt\u0103m cu o situa\u021bie politic\u0103 de securitate foarte serioas\u0103. Acest lucru face ca s\u0103 fie mai important ca niciodat\u0103 s\u0103 adopt\u0103m pa\u0219ii pentru a men\u021bine o cooperare apropiat\u0103 \u0219i un dialog \u00een regiune&#8221;, a spus premierul norvegian Jonas Gahr Store, conform <a href=\"https:\/\/www.regjeringen.no\" target=\"_blank\">https:\/\/www.regjeringen.no<\/a>.<\/p>\n<p>Statele membre ale For\u021bei Expedi\u021bionare Comune se num\u0103r\u0103 printre cei mai importan\u021bi donatori pentru sprijinul civil, politic, militar pentru Ucraina. Ajutorul suplimentar pentru aceast\u0103 \u021bar\u0103 aflat\u0103 \u00een r\u0103zboi este, de asemenea, unul dintre subiectele importante ale agendei summitului de la Oslo la care va participa, prin transmisiune video digital\u0103, \u0219i pre\u0219edintele ucrainean Volodimir Zelenski.<\/p>\n<p>&#8221;For\u021ba Expedi\u021bionar\u0103 Comun\u0103 este proiectat\u0103 s\u0103 consolideze eficien\u021ba NATO \u00een regiunea noastr\u0103. Printre alte lucruri aflate pe agend\u0103, summitul va lua \u00een discu\u021bie \u0219i modalit\u0103\u021bile \u00een care JEF poate ajuta la consolidarea securit\u0103\u021bii maritime \u00een zonele cheie \u00eenvecinate. Vom aborda deopotriv\u0103 cele mai bune mijloace de r\u0103spuns fa\u021b\u0103 de amenin\u021b\u0103rile complexe \u0219i variate cu care ne confrunt\u0103m azi&#8221;, a spus demnitarul norvegian Jonas Gahr Store, potrivit <a href=\"https:\/\/www.regjeringen.no\" target=\"_blank\">https:\/\/www.regjeringen.no<\/a>.<\/p>\n<p>JEF este un cadru pentru o cooperare flexibil\u0103 \u0219i practic\u0103 \u00eentre state din nordul Europei. Are rolul de a suplimenta cooperarea NATO, de a \u00eent\u0103ri securitatea colectiv\u0103 \u00een regiunea noastr\u0103 \u0219i de a intensifica capabilit\u0103\u021bile comune de ap\u0103rare. Statele JEF acord\u0103 o prioritate sporit\u0103 promov\u0103rii rela\u021biei de coeziune cu NATO, iar cooperarea \u00een coali\u021bie are rolul de a sprijini \u0219i de a consolida complementaritatea cu Alian\u021ba Nord-Atlantic\u0103. La nivel militar, JEF este format\u0103 s\u0103 fie o for\u021b\u0103 de ap\u0103rare agil\u0103 care poate furniza sprijin rapid statelor \u00een timpul unei perioade de criz\u0103, men\u021bioneaz\u0103 portalul <a href=\"https:\/\/www.regjeringen.no\" target=\"_blank\">https:\/\/www.regjeringen.no<\/a>.<\/p>\n<p>Precedentul summit al liderilor For\u021bei Expedi\u021bionare Comune a fost g\u0103zduit \u00een perioada 16-17 decembrie 2024, la Tallinn, de premierul Estoniei Kristen Michal, potrivit <a href=\"https:\/\/www.valitsus.ee\/\" target=\"_blank\">https:\/\/www.valitsus.ee\/<\/a>. AGERPRES\/(Documentare &#8211; Liviu Tatu, editor: Irina Andreea Cristea, editor online: Andreea Preda)<br \/>\n<br \/>\nSursa articolului:<a href=\"https:\/\/agerpres.ro\/documentare\/2025\/05\/08\/summitul-liderilor-tarilor-fortei-expeditionare-comune-la-oslo-8-9-mai--1446895\" target=\"_blank\" rel=\"noopener\" title=\"\">https:\/\/agerpres.ro\/documentare\/2025\/05\/08\/summitul-liderilor-tarilor-fortei-expeditionare-comune-la-oslo-8-9-mai&#8211;1446895<\/a><\/p>","protected":false},"excerpt":{"rendered":"<p>La 8-9 mai 2025 se desf\u0103\u0219oar\u0103, la Oslo, summitul anual al liderilor For\u021bei Expedi\u021bionare Comune, agenda reuniunii fiind dedicat\u0103 situa\u021biei din Europa \u0219i cooper\u0103rii regionale \u00een problemele de securitate, conform https:\/\/www.regjeringen.no \u0219i https:\/\/www.rusi.org\/. For\u021ba Expedi\u021bionar\u0103 Comun\u0103 (JEF) este o coali\u021bie de securitate format\u0103 din zece state din nordul Europei: Danemarca, Estonia, Finlanda, Islanda, Letonia, Lituania,&#8230;<\/p>","protected":false},"author":4,"featured_media":2314,"comment_status":"open","ping_status":"open","sticky":false,"template":"","format":"standard","meta":{"footnotes":""},"categories":[1],"tags":[],"class_list":["post-2312","post","type-post","status-publish","format-standard","has-post-thumbnail","hentry","category-uncategorized"],"yoast_head":"<!-- This site is optimized with the Yoast SEO plugin v26.1.1 - https:\/\/yoast.com\/wordpress\/plugins\/seo\/ -->\n<title>Summitul liderilor \u021b\u0103rilor For\u021bei Expedi\u021bionare Comune, la Oslo (8-9 mai) - Carpathia Center Romania<\/title>\n<meta name=\"robots\" content=\"index, follow, max-snippet:-1, max-image-preview:large, max-video-preview:-1\" \/>\n<link rel=\"canonical\" href=\"https:\/\/carpathiacenter.ro\/en\/summitul-liderilor-tarilor-fortei-expeditionare-comune-la-oslo-8-9-mai\/\" \/>\n<meta property=\"og:locale\" content=\"en_GB\" \/>\n<meta property=\"og:type\" content=\"article\" \/>\n<meta property=\"og:title\" content=\"Summitul liderilor \u021b\u0103rilor For\u021bei Expedi\u021bionare Comune, la Oslo (8-9 mai) - Carpathia Center Romania\" \/>\n<meta property=\"og:description\" content=\"La 8-9 mai 2025 se desf\u0103\u0219oar\u0103, la Oslo, summitul anual al liderilor For\u021bei Expedi\u021bionare Comune, agenda reuniunii fiind dedicat\u0103 situa\u021biei din Europa \u0219i cooper\u0103rii regionale \u00een problemele de securitate, conform https:\/\/www.regjeringen.no \u0219i https:\/\/www.rusi.org\/. For\u021ba Expedi\u021bionar\u0103 Comun\u0103 (JEF) este o coali\u021bie de securitate format\u0103 din zece state din nordul Europei: Danemarca, Estonia, Finlanda, Islanda, Letonia, Lituania,...\" \/>\n<meta property=\"og:url\" content=\"https:\/\/carpathiacenter.ro\/en\/summitul-liderilor-tarilor-fortei-expeditionare-comune-la-oslo-8-9-mai\/\" \/>\n<meta property=\"og:site_name\" content=\"Carpathia Center Romania\" \/>\n<meta property=\"article:publisher\" content=\"https:\/\/www.facebook.com\/fdpscarpathia\/\" \/>\n<meta property=\"article:published_time\" content=\"2025-05-08T08:41:42+00:00\" \/>\n<meta property=\"article:modified_time\" content=\"2025-05-08T08:41:52+00:00\" \/>\n<meta property=\"og:image\" content=\"https:\/\/carpathiacenter.ro\/wp-content\/uploads\/2025\/05\/summit-6-martie.jpg\" \/>\n\t<meta property=\"og:image:width\" content=\"720\" \/>\n\t<meta property=\"og:image:height\" content=\"480\" \/>\n\t<meta property=\"og:image:type\" content=\"image\/jpeg\" \/>\n<meta name=\"author\" content=\"creativebitsolutions\" \/>\n<meta name=\"twitter:card\" content=\"summary_large_image\" \/>\n<meta name=\"twitter:label1\" content=\"Written by\" \/>\n\t<meta name=\"twitter:data1\" content=\"creativebitsolutions\" \/>\n\t<meta name=\"twitter:label2\" content=\"Estimated reading time\" \/>\n\t<meta name=\"twitter:data2\" content=\"2 minutes\" \/>\n<script type=\"application\/ld+json\" class=\"yoast-schema-graph\">{\"@context\":\"https:\/\/schema.org\",\"@graph\":[{\"@type\":\"Article\",\"@id\":\"https:\/\/carpathiacenter.ro\/summitul-liderilor-tarilor-fortei-expeditionare-comune-la-oslo-8-9-mai\/#article\",\"isPartOf\":{\"@id\":\"https:\/\/carpathiacenter.ro\/summitul-liderilor-tarilor-fortei-expeditionare-comune-la-oslo-8-9-mai\/\"},\"author\":{\"name\":\"creativebitsolutions\",\"@id\":\"https:\/\/carpathiacenter.ro\/#\/schema\/person\/03d9f58202fee8379268f34afa195006\"},\"headline\":\"Summitul liderilor \u021b\u0103rilor For\u021bei Expedi\u021bionare Comune, la Oslo (8-9 mai)\",\"datePublished\":\"2025-05-08T08:41:42+00:00\",\"dateModified\":\"2025-05-08T08:41:52+00:00\",\"mainEntityOfPage\":{\"@id\":\"https:\/\/carpathiacenter.ro\/summitul-liderilor-tarilor-fortei-expeditionare-comune-la-oslo-8-9-mai\/\"},\"wordCount\":464,\"commentCount\":0,\"publisher\":{\"@id\":\"https:\/\/carpathiacenter.ro\/#organization\"},\"image\":{\"@id\":\"https:\/\/carpathiacenter.ro\/summitul-liderilor-tarilor-fortei-expeditionare-comune-la-oslo-8-9-mai\/#primaryimage\"},\"thumbnailUrl\":\"https:\/\/carpathiacenter.ro\/wp-content\/uploads\/2025\/05\/summit-6-martie.jpg\",\"articleSection\":[\"Uncategorized\"],\"inLanguage\":\"en-GB\",\"potentialAction\":[{\"@type\":\"CommentAction\",\"name\":\"Comment\",\"target\":[\"https:\/\/carpathiacenter.ro\/summitul-liderilor-tarilor-fortei-expeditionare-comune-la-oslo-8-9-mai\/#respond\"]}]},{\"@type\":\"WebPage\",\"@id\":\"https:\/\/carpathiacenter.ro\/summitul-liderilor-tarilor-fortei-expeditionare-comune-la-oslo-8-9-mai\/\",\"url\":\"https:\/\/carpathiacenter.ro\/summitul-liderilor-tarilor-fortei-expeditionare-comune-la-oslo-8-9-mai\/\",\"name\":\"Summitul liderilor \u021b\u0103rilor For\u021bei Expedi\u021bionare Comune, la Oslo (8-9 mai) - Carpathia Center Romania\",\"isPartOf\":{\"@id\":\"https:\/\/carpathiacenter.ro\/#website\"},\"primaryImageOfPage\":{\"@id\":\"https:\/\/carpathiacenter.ro\/summitul-liderilor-tarilor-fortei-expeditionare-comune-la-oslo-8-9-mai\/#primaryimage\"},\"image\":{\"@id\":\"https:\/\/carpathiacenter.ro\/summitul-liderilor-tarilor-fortei-expeditionare-comune-la-oslo-8-9-mai\/#primaryimage\"},\"thumbnailUrl\":\"https:\/\/carpathiacenter.ro\/wp-content\/uploads\/2025\/05\/summit-6-martie.jpg\",\"datePublished\":\"2025-05-08T08:41:42+00:00\",\"dateModified\":\"2025-05-08T08:41:52+00:00\",\"breadcrumb\":{\"@id\":\"https:\/\/carpathiacenter.ro\/summitul-liderilor-tarilor-fortei-expeditionare-comune-la-oslo-8-9-mai\/#breadcrumb\"},\"inLanguage\":\"en-GB\",\"potentialAction\":[{\"@type\":\"ReadAction\",\"target\":[\"https:\/\/carpathiacenter.ro\/summitul-liderilor-tarilor-fortei-expeditionare-comune-la-oslo-8-9-mai\/\"]}]},{\"@type\":\"ImageObject\",\"inLanguage\":\"en-GB\",\"@id\":\"https:\/\/carpathiacenter.ro\/summitul-liderilor-tarilor-fortei-expeditionare-comune-la-oslo-8-9-mai\/#primaryimage\",\"url\":\"https:\/\/carpathiacenter.ro\/wp-content\/uploads\/2025\/05\/summit-6-martie.jpg\",\"contentUrl\":\"https:\/\/carpathiacenter.ro\/wp-content\/uploads\/2025\/05\/summit-6-martie.jpg\",\"width\":720,\"height\":480},{\"@type\":\"BreadcrumbList\",\"@id\":\"https:\/\/carpathiacenter.ro\/summitul-liderilor-tarilor-fortei-expeditionare-comune-la-oslo-8-9-mai\/#breadcrumb\",\"itemListElement\":[{\"@type\":\"ListItem\",\"position\":1,\"name\":\"Prima pagin\u0103\",\"item\":\"https:\/\/carpathiacenter.ro\/\"},{\"@type\":\"ListItem\",\"position\":2,\"name\":\"Summitul liderilor \u021b\u0103rilor For\u021bei Expedi\u021bionare Comune, la Oslo (8-9 mai)\"}]},{\"@type\":\"WebSite\",\"@id\":\"https:\/\/carpathiacenter.ro\/#website\",\"url\":\"https:\/\/carpathiacenter.ro\/\",\"name\":\"Carpathia Center Romania\",\"description\":\"Impossible made possible!\",\"publisher\":{\"@id\":\"https:\/\/carpathiacenter.ro\/#organization\"},\"potentialAction\":[{\"@type\":\"SearchAction\",\"target\":{\"@type\":\"EntryPoint\",\"urlTemplate\":\"https:\/\/carpathiacenter.ro\/?s={search_term_string}\"},\"query-input\":{\"@type\":\"PropertyValueSpecification\",\"valueRequired\":true,\"valueName\":\"search_term_string\"}}],\"inLanguage\":\"en-GB\"},{\"@type\":\"Organization\",\"@id\":\"https:\/\/carpathiacenter.ro\/#organization\",\"name\":\"Carpathia Center Romania\",\"url\":\"https:\/\/carpathiacenter.ro\/\",\"logo\":{\"@type\":\"ImageObject\",\"inLanguage\":\"en-GB\",\"@id\":\"https:\/\/carpathiacenter.ro\/#\/schema\/logo\/image\/\",\"url\":\"https:\/\/carpathiacenter.ro\/wp-content\/uploads\/2024\/07\/logo-carpathia_bg_white-1024x941.png\",\"contentUrl\":\"https:\/\/carpathiacenter.ro\/wp-content\/uploads\/2024\/07\/logo-carpathia_bg_white-1024x941.png\",\"width\":1024,\"height\":941,\"caption\":\"Carpathia Center Romania\"},\"image\":{\"@id\":\"https:\/\/carpathiacenter.ro\/#\/schema\/logo\/image\/\"},\"sameAs\":[\"https:\/\/www.facebook.com\/fdpscarpathia\/\"]},{\"@type\":\"Person\",\"@id\":\"https:\/\/carpathiacenter.ro\/#\/schema\/person\/03d9f58202fee8379268f34afa195006\",\"name\":\"creativebitsolutions\",\"image\":{\"@type\":\"ImageObject\",\"inLanguage\":\"en-GB\",\"@id\":\"https:\/\/carpathiacenter.ro\/#\/schema\/person\/image\/\",\"url\":\"https:\/\/secure.gravatar.com\/avatar\/1b1a13e37f847c635dab78348f1dff2f07651ee2a3d77a5c355a4b8c75f9165a?s=96&d=mm&r=g\",\"contentUrl\":\"https:\/\/secure.gravatar.com\/avatar\/1b1a13e37f847c635dab78348f1dff2f07651ee2a3d77a5c355a4b8c75f9165a?s=96&d=mm&r=g\",\"caption\":\"creativebitsolutions\"},\"url\":\"https:\/\/carpathiacenter.ro\/en\/author\/creativebitsolutions\/\"}]}<\/script>\n<!-- \/ Yoast SEO plugin. -->","yoast_head_json":{"title":"Summitul liderilor \u021b\u0103rilor For\u021bei Expedi\u021bionare Comune, la Oslo (8-9 mai) - Carpathia Center Romania","robots":{"index":"index","follow":"follow","max-snippet":"max-snippet:-1","max-image-preview":"max-image-preview:large","max-video-preview":"max-video-preview:-1"},"canonical":"https:\/\/carpathiacenter.ro\/en\/summitul-liderilor-tarilor-fortei-expeditionare-comune-la-oslo-8-9-mai\/","og_locale":"en_GB","og_type":"article","og_title":"Summitul liderilor \u021b\u0103rilor For\u021bei Expedi\u021bionare Comune, la Oslo (8-9 mai) - Carpathia Center Romania","og_description":"La 8-9 mai 2025 se desf\u0103\u0219oar\u0103, la Oslo, summitul anual al liderilor For\u021bei Expedi\u021bionare Comune, agenda reuniunii fiind dedicat\u0103 situa\u021biei din Europa \u0219i cooper\u0103rii regionale \u00een problemele de securitate, conform https:\/\/www.regjeringen.no \u0219i https:\/\/www.rusi.org\/. For\u021ba Expedi\u021bionar\u0103 Comun\u0103 (JEF) este o coali\u021bie de securitate format\u0103 din zece state din nordul Europei: Danemarca, Estonia, Finlanda, Islanda, Letonia, Lituania,...","og_url":"https:\/\/carpathiacenter.ro\/en\/summitul-liderilor-tarilor-fortei-expeditionare-comune-la-oslo-8-9-mai\/","og_site_name":"Carpathia Center Romania","article_publisher":"https:\/\/www.facebook.com\/fdpscarpathia\/","article_published_time":"2025-05-08T08:41:42+00:00","article_modified_time":"2025-05-08T08:41:52+00:00","og_image":[{"width":720,"height":480,"url":"https:\/\/carpathiacenter.ro\/wp-content\/uploads\/2025\/05\/summit-6-martie.jpg","type":"image\/jpeg"}],"author":"creativebitsolutions","twitter_card":"summary_large_image","twitter_misc":{"Written by":"creativebitsolutions","Estimated reading time":"2 minutes"},"schema":{"@context":"https:\/\/schema.org","@graph":[{"@type":"Article","@id":"https:\/\/carpathiacenter.ro\/summitul-liderilor-tarilor-fortei-expeditionare-comune-la-oslo-8-9-mai\/#article","isPartOf":{"@id":"https:\/\/carpathiacenter.ro\/summitul-liderilor-tarilor-fortei-expeditionare-comune-la-oslo-8-9-mai\/"},"author":{"name":"creativebitsolutions","@id":"https:\/\/carpathiacenter.ro\/#\/schema\/person\/03d9f58202fee8379268f34afa195006"},"headline":"Summitul liderilor \u021b\u0103rilor For\u021bei Expedi\u021bionare Comune, la Oslo (8-9 mai)","datePublished":"2025-05-08T08:41:42+00:00","dateModified":"2025-05-08T08:41:52+00:00","mainEntityOfPage":{"@id":"https:\/\/carpathiacenter.ro\/summitul-liderilor-tarilor-fortei-expeditionare-comune-la-oslo-8-9-mai\/"},"wordCount":464,"commentCount":0,"publisher":{"@id":"https:\/\/carpathiacenter.ro\/#organization"},"image":{"@id":"https:\/\/carpathiacenter.ro\/summitul-liderilor-tarilor-fortei-expeditionare-comune-la-oslo-8-9-mai\/#primaryimage"},"thumbnailUrl":"https:\/\/carpathiacenter.ro\/wp-content\/uploads\/2025\/05\/summit-6-martie.jpg","articleSection":["Uncategorized"],"inLanguage":"en-GB","potentialAction":[{"@type":"CommentAction","name":"Comment","target":["https:\/\/carpathiacenter.ro\/summitul-liderilor-tarilor-fortei-expeditionare-comune-la-oslo-8-9-mai\/#respond"]}]},{"@type":"WebPage","@id":"https:\/\/carpathiacenter.ro\/summitul-liderilor-tarilor-fortei-expeditionare-comune-la-oslo-8-9-mai\/","url":"https:\/\/carpathiacenter.ro\/summitul-liderilor-tarilor-fortei-expeditionare-comune-la-oslo-8-9-mai\/","name":"Summitul liderilor \u021b\u0103rilor For\u021bei Expedi\u021bionare Comune, la Oslo (8-9 mai) - Carpathia Center Romania","isPartOf":{"@id":"https:\/\/carpathiacenter.ro\/#website"},"primaryImageOfPage":{"@id":"https:\/\/carpathiacenter.ro\/summitul-liderilor-tarilor-fortei-expeditionare-comune-la-oslo-8-9-mai\/#primaryimage"},"image":{"@id":"https:\/\/carpathiacenter.ro\/summitul-liderilor-tarilor-fortei-expeditionare-comune-la-oslo-8-9-mai\/#primaryimage"},"thumbnailUrl":"https:\/\/carpathiacenter.ro\/wp-content\/uploads\/2025\/05\/summit-6-martie.jpg","datePublished":"2025-05-08T08:41:42+00:00","dateModified":"2025-05-08T08:41:52+00:00","breadcrumb":{"@id":"https:\/\/carpathiacenter.ro\/summitul-liderilor-tarilor-fortei-expeditionare-comune-la-oslo-8-9-mai\/#breadcrumb"},"inLanguage":"en-GB","potentialAction":[{"@type":"ReadAction","target":["https:\/\/carpathiacenter.ro\/summitul-liderilor-tarilor-fortei-expeditionare-comune-la-oslo-8-9-mai\/"]}]},{"@type":"ImageObject","inLanguage":"en-GB","@id":"https:\/\/carpathiacenter.ro\/summitul-liderilor-tarilor-fortei-expeditionare-comune-la-oslo-8-9-mai\/#primaryimage","url":"https:\/\/carpathiacenter.ro\/wp-content\/uploads\/2025\/05\/summit-6-martie.jpg","contentUrl":"https:\/\/carpathiacenter.ro\/wp-content\/uploads\/2025\/05\/summit-6-martie.jpg","width":720,"height":480},{"@type":"BreadcrumbList","@id":"https:\/\/carpathiacenter.ro\/summitul-liderilor-tarilor-fortei-expeditionare-comune-la-oslo-8-9-mai\/#breadcrumb","itemListElement":[{"@type":"ListItem","position":1,"name":"Prima pagin\u0103","item":"https:\/\/carpathiacenter.ro\/"},{"@type":"ListItem","position":2,"name":"Summitul liderilor \u021b\u0103rilor For\u021bei Expedi\u021bionare Comune, la Oslo (8-9 mai)"}]},{"@type":"WebSite","@id":"https:\/\/carpathiacenter.ro\/#website","url":"https:\/\/carpathiacenter.ro\/","name":"Carpathia Center Romania","description":"Impossible made possible!","publisher":{"@id":"https:\/\/carpathiacenter.ro\/#organization"},"potentialAction":[{"@type":"SearchAction","target":{"@type":"EntryPoint","urlTemplate":"https:\/\/carpathiacenter.ro\/?s={search_term_string}"},"query-input":{"@type":"PropertyValueSpecification","valueRequired":true,"valueName":"search_term_string"}}],"inLanguage":"en-GB"},{"@type":"Organization","@id":"https:\/\/carpathiacenter.ro\/#organization","name":"Carpathia Center Romania","url":"https:\/\/carpathiacenter.ro\/","logo":{"@type":"ImageObject","inLanguage":"en-GB","@id":"https:\/\/carpathiacenter.ro\/#\/schema\/logo\/image\/","url":"https:\/\/carpathiacenter.ro\/wp-content\/uploads\/2024\/07\/logo-carpathia_bg_white-1024x941.png","contentUrl":"https:\/\/carpathiacenter.ro\/wp-content\/uploads\/2024\/07\/logo-carpathia_bg_white-1024x941.png","width":1024,"height":941,"caption":"Carpathia Center Romania"},"image":{"@id":"https:\/\/carpathiacenter.ro\/#\/schema\/logo\/image\/"},"sameAs":["https:\/\/www.facebook.com\/fdpscarpathia\/"]},{"@type":"Person","@id":"https:\/\/carpathiacenter.ro\/#\/schema\/person\/03d9f58202fee8379268f34afa195006","name":"creativebitsolutions","image":{"@type":"ImageObject","inLanguage":"en-GB","@id":"https:\/\/carpathiacenter.ro\/#\/schema\/person\/image\/","url":"https:\/\/secure.gravatar.com\/avatar\/1b1a13e37f847c635dab78348f1dff2f07651ee2a3d77a5c355a4b8c75f9165a?s=96&d=mm&r=g","contentUrl":"https:\/\/secure.gravatar.com\/avatar\/1b1a13e37f847c635dab78348f1dff2f07651ee2a3d77a5c355a4b8c75f9165a?s=96&d=mm&r=g","caption":"creativebitsolutions"},"url":"https:\/\/carpathiacenter.ro\/en\/author\/creativebitsolutions\/"}]}},"_links":{"self":[{"href":"https:\/\/carpathiacenter.ro\/en\/wp-json\/wp\/v2\/posts\/2312","targetHints":{"allow":["GET"]}}],"collection":[{"href":"https:\/\/carpathiacenter.ro\/en\/wp-json\/wp\/v2\/posts"}],"about":[{"href":"https:\/\/carpathiacenter.ro\/en\/wp-json\/wp\/v2\/types\/post"}],"author":[{"embeddable":true,"href":"https:\/\/carpathiacenter.ro\/en\/wp-json\/wp\/v2\/users\/4"}],"replies":[{"embeddable":true,"href":"https:\/\/carpathiacenter.ro\/en\/wp-json\/wp\/v2\/comments?post=2312"}],"version-history":[{"count":1,"href":"https:\/\/carpathiacenter.ro\/en\/wp-json\/wp\/v2\/posts\/2312\/revisions"}],"predecessor-version":[{"id":2315,"href":"https:\/\/carpathiacenter.ro\/en\/wp-json\/wp\/v2\/posts\/2312\/revisions\/2315"}],"wp:featuredmedia":[{"embeddable":true,"href":"https:\/\/carpathiacenter.ro\/en\/wp-json\/wp\/v2\/media\/2314"}],"wp:attachment":[{"href":"https:\/\/carpathiacenter.ro\/en\/wp-json\/wp\/v2\/media?parent=2312"}],"wp:term":[{"taxonomy":"category","embeddable":true,"href":"https:\/\/carpathiacenter.ro\/en\/wp-json\/wp\/v2\/categories?post=2312"},{"taxonomy":"post_tag","embeddable":true,"href":"https:\/\/carpathiacenter.ro\/en\/wp-json\/wp\/v2\/tags?post=2312"}],"curies":[{"name":"wp","href":"https:\/\/api.w.org\/{rel}","templated":true}]}}