{"id":2309,"date":"2025-05-08T08:32:04","date_gmt":"2025-05-08T08:32:04","guid":{"rendered":"https:\/\/carpathiacenter.ro\/?p=2309"},"modified":"2025-05-08T08:32:04","modified_gmt":"2025-05-08T08:32:04","slug":"bucurestenii-sunt-asteptati-la-targul-de-produse-traditionale-din-curtea-ministerului-agriculturii-de-joi-pana-sambata","status":"publish","type":"post","link":"https:\/\/carpathiacenter.ro\/en\/bucurestenii-sunt-asteptati-la-targul-de-produse-traditionale-din-curtea-ministerului-agriculturii-de-joi-pana-sambata\/","title":{"rendered":"Bucure\u0219tenii sunt a\u0219tepta\u021bi la &#8221;T\u00e2rgul de produse tradi\u021bionale&#8221; din curtea Ministerului Agriculturii, de joi p\u00e2n\u0103 s\u00e2mb\u0103t\u0103"},"content":{"rendered":"<p><strong>Bucure\u0219tenii sunt a\u0219tepta\u021bi, \u00eencep\u00e2nd de joi, 8 mai, p\u00e2n\u0103 s\u00e2mb\u0103t\u0103, 10 mai 2025, la &#8221;T\u00e2rgul de produse tradi\u021bionale&#8221;, organizat \u00een curtea Ministerului Agriculturii \u0219i Dezvolt\u0103rii Rurale (MADR), cu sprijinul Cooperativei Agricole Caprirom Sud Muntenia.<\/strong><\/p>\n<p>Evenimentul se desf\u0103\u0219oar\u0103 \u00een contextul Zilei Europei \u0219i celebreaz\u0103 contribu\u021bia Rom\u00e2niei la dezvoltarea Politicii Agricole Comune, promov\u00e2nd produsele agroalimentare autentice, certificate \u0219i atestate la nivel na\u021bional \u0219i european.<\/p>\n<p>Vizitatorii vor avea ocazia, pe durata t\u00e2rgului, s\u0103 se bucure de o adev\u0103rat\u0103 incursiune \u00een tradi\u021bia culinar\u0103 rom\u00e2neasc\u0103. Se vor putea degusta produse lactate \u0219i br\u00e2nzeturi maturate sau proaspete oferite de Ferma B\u00e2rsan din Alba, Lactocom Sadu din Sibiu, Dragomir Florin \u0219i SC Mirvalact din jude\u021bul Suceava, dar \u0219i de produc\u0103tori precum II Oncescu Ion-C\u0103t\u0103lin din D\u00e2mbovi\u021ba sau Dobre Liliana PFA din Olt, a anun\u021bat MADR \u00eentr-un comunicat.<\/p>\n<p>Pentru iubitorii de mezeluri \u0219i produse din carne \u00ee\u0219i vor expune bun\u0103t\u0103\u021bile Donaris Com din Br\u0103ila, Macel\u0103ria Kovacs din Covasna, Siomarprod din Bucure\u0219ti, dar \u0219i Istrate Ioan, cunoscut pentru savoarea produselor sale tradi\u021bionale.<\/p>\n<p>Vizitatorii vor putea gusta din dulce\u021burile, sucurile naturale \u0219i conservele preg\u0103tite cu grij\u0103 de Buc\u0103t\u0103ria din Livezi (Suceava), Sonimpex (Bucure\u0219ti) \u0219i IA Beg D\u0103nu\u021b din Cara\u0219-Severin &#8211; fiecare cu re\u021bete autentice, p\u0103strate din genera\u021bie \u00een genera\u021bie.<\/p>\n<p>Pentru cei care prefer\u0103 fructele \u0219i legumele proaspete, Graur Ludovic (D\u00e2mbovi\u021ba), Ionescu Daniel (Vrancea) \u0219i Tecu Georgel-Marius (D\u00e2mbovi\u021ba) aduc roadele gr\u0103dinilor cultivate cu grij\u0103.<\/p>\n<p>Conform MADR, &#8221;deliciile&#8221; apicole vor fi prezentate de Vita Plant \u0219i Alecse T. Valentin din Arge\u0219, precum \u0219i de Stupina Igna din Bucure\u0219ti &#8211; miere natural\u0103, propolis \u0219i alte produse din stup.<\/p>\n<p>&#8221;Nu lipsesc nici aromele de alt\u0103dat\u0103 ale p\u00e2inii \u0219i pr\u0103jiturilor de cas\u0103, aduse de Hegbeli Mihai din Mure\u0219. Pasiona\u021bii de vinuri \u0219i b\u0103uturi tradi\u021bionale vor putea savura produse de la Sta\u021biunea Viticol\u0103 Apoldia Maior (Cluj), Italcol SRL (V\u00e2lcea) \u0219i PFA C\u00e2mpeanu Ion&#8221;, se mai scrie \u00een comunicat.<\/p>\n<p>Pe\u0219tele afumat \u0219i produsele pesc\u0103re\u0219ti vor fi reprezentate de SC Vicos Consulting \u0219i Ecotrout din Prahova. \u00cen plus, vor fi prezen\u021bi \u0219i me\u0219teri populari &#8211; Lepadatu Iordan, Ginea Gheorghe \u0219i Gecan Mariana &#8211; care vor completa atmosfera autentic\u0103 cu obiecte de artizanat \u0219i costume populare, mai arat\u0103 ministerul.<\/p>\n<p>La T\u00e2rgul de produse tradi\u021bionale va fi prezentat\u0103 aplica\u021bia CPAC &#8211; un instrument digital lansat de MADR \u0219i AFIR care ajut\u0103 consumatorii s\u0103 descopere produc\u0103tori autentici, produsele acestora \u0219i s\u0103 le verifice autenticitatea direct de pe telefonul mobil prin scanarea codurilor QR sau accesarea h\u0103r\u021bii interactive. AGERPRES\/(AS &#8211; redactor: Cristian Anghelache, editor: Mariana Nica, editor online: Gabriela Badea)&nbsp;<br \/>\n<br \/>\nSursa articolului:<a href=\"https:\/\/agerpres.ro\/economic\/2025\/05\/08\/bucurestenii-sunt-asteptati-la-targul-de-produse-traditionale-din-curtea-ministerului-agriculturii-d--1446914\" target=\"_blank\" rel=\"noopener\" title=\"\">https:\/\/agerpres.ro\/economic\/2025\/05\/08\/bucurestenii-sunt-asteptati-la-targul-de-produse-traditionale-din-curtea-ministerului-agriculturii-d&#8211;1446914<\/a><\/p>","protected":false},"excerpt":{"rendered":"<p>Bucure\u0219tenii sunt a\u0219tepta\u021bi, \u00eencep\u00e2nd de joi, 8 mai, p\u00e2n\u0103 s\u00e2mb\u0103t\u0103, 10 mai 2025, la &#8221;T\u00e2rgul de produse tradi\u021bionale&#8221;, organizat \u00een curtea Ministerului Agriculturii \u0219i Dezvolt\u0103rii Rurale (MADR), cu sprijinul Cooperativei Agricole Caprirom Sud Muntenia. Evenimentul se desf\u0103\u0219oar\u0103 \u00een contextul Zilei Europei \u0219i celebreaz\u0103 contribu\u021bia Rom\u00e2niei la dezvoltarea Politicii Agricole Comune, promov\u00e2nd produsele agroalimentare autentice, certificate&#8230;<\/p>","protected":false},"author":4,"featured_media":2310,"comment_status":"open","ping_status":"open","sticky":false,"template":"","format":"standard","meta":{"footnotes":""},"categories":[1],"tags":[],"class_list":["post-2309","post","type-post","status-publish","format-standard","has-post-thumbnail","hentry","category-uncategorized"],"yoast_head":"<!-- This site is optimized with the Yoast SEO plugin v26.1.1 - https:\/\/yoast.com\/wordpress\/plugins\/seo\/ -->\n<title>Bucure\u0219tenii sunt a\u0219tepta\u021bi la &#039;&#039;T\u00e2rgul de produse tradi\u021bionale&#039;&#039; din curtea Ministerului Agriculturii, de joi p\u00e2n\u0103 s\u00e2mb\u0103t\u0103 - Carpathia Center Romania<\/title>\n<meta name=\"robots\" content=\"index, follow, max-snippet:-1, max-image-preview:large, max-video-preview:-1\" \/>\n<link rel=\"canonical\" href=\"https:\/\/carpathiacenter.ro\/en\/bucurestenii-sunt-asteptati-la-targul-de-produse-traditionale-din-curtea-ministerului-agriculturii-de-joi-pana-sambata\/\" \/>\n<meta property=\"og:locale\" content=\"en_GB\" \/>\n<meta property=\"og:type\" content=\"article\" \/>\n<meta property=\"og:title\" content=\"Bucure\u0219tenii sunt a\u0219tepta\u021bi la &#039;&#039;T\u00e2rgul de produse tradi\u021bionale&#039;&#039; din curtea Ministerului Agriculturii, de joi p\u00e2n\u0103 s\u00e2mb\u0103t\u0103 - Carpathia Center Romania\" \/>\n<meta property=\"og:description\" content=\"Bucure\u0219tenii sunt a\u0219tepta\u021bi, \u00eencep\u00e2nd de joi, 8 mai, p\u00e2n\u0103 s\u00e2mb\u0103t\u0103, 10 mai 2025, la &#8221;T\u00e2rgul de produse tradi\u021bionale&#8221;, organizat \u00een curtea Ministerului Agriculturii \u0219i Dezvolt\u0103rii Rurale (MADR), cu sprijinul Cooperativei Agricole Caprirom Sud Muntenia. Evenimentul se desf\u0103\u0219oar\u0103 \u00een contextul Zilei Europei \u0219i celebreaz\u0103 contribu\u021bia Rom\u00e2niei la dezvoltarea Politicii Agricole Comune, promov\u00e2nd produsele agroalimentare autentice, certificate...\" \/>\n<meta property=\"og:url\" content=\"https:\/\/carpathiacenter.ro\/en\/bucurestenii-sunt-asteptati-la-targul-de-produse-traditionale-din-curtea-ministerului-agriculturii-de-joi-pana-sambata\/\" \/>\n<meta property=\"og:site_name\" content=\"Carpathia Center Romania\" \/>\n<meta property=\"article:publisher\" content=\"https:\/\/www.facebook.com\/fdpscarpathia\/\" \/>\n<meta property=\"article:published_time\" content=\"2025-05-08T08:32:04+00:00\" \/>\n<meta property=\"og:image\" content=\"https:\/\/carpathiacenter.ro\/wp-content\/uploads\/2025\/05\/targtraditionale.jpg\" \/>\n\t<meta property=\"og:image:width\" content=\"800\" \/>\n\t<meta property=\"og:image:height\" content=\"406\" \/>\n\t<meta property=\"og:image:type\" content=\"image\/jpeg\" \/>\n<meta name=\"author\" content=\"creativebitsolutions\" \/>\n<meta name=\"twitter:card\" content=\"summary_large_image\" \/>\n<meta name=\"twitter:label1\" content=\"Written by\" \/>\n\t<meta name=\"twitter:data1\" content=\"creativebitsolutions\" \/>\n\t<meta name=\"twitter:label2\" content=\"Estimated reading time\" \/>\n\t<meta name=\"twitter:data2\" content=\"2 minutes\" \/>\n<script type=\"application\/ld+json\" class=\"yoast-schema-graph\">{\"@context\":\"https:\/\/schema.org\",\"@graph\":[{\"@type\":\"Article\",\"@id\":\"https:\/\/carpathiacenter.ro\/bucurestenii-sunt-asteptati-la-targul-de-produse-traditionale-din-curtea-ministerului-agriculturii-de-joi-pana-sambata\/#article\",\"isPartOf\":{\"@id\":\"https:\/\/carpathiacenter.ro\/bucurestenii-sunt-asteptati-la-targul-de-produse-traditionale-din-curtea-ministerului-agriculturii-de-joi-pana-sambata\/\"},\"author\":{\"name\":\"creativebitsolutions\",\"@id\":\"https:\/\/carpathiacenter.ro\/#\/schema\/person\/03d9f58202fee8379268f34afa195006\"},\"headline\":\"Bucure\u0219tenii sunt a\u0219tepta\u021bi la &#8221;T\u00e2rgul de produse tradi\u021bionale&#8221; din curtea Ministerului Agriculturii, de joi p\u00e2n\u0103 s\u00e2mb\u0103t\u0103\",\"datePublished\":\"2025-05-08T08:32:04+00:00\",\"mainEntityOfPage\":{\"@id\":\"https:\/\/carpathiacenter.ro\/bucurestenii-sunt-asteptati-la-targul-de-produse-traditionale-din-curtea-ministerului-agriculturii-de-joi-pana-sambata\/\"},\"wordCount\":509,\"commentCount\":0,\"publisher\":{\"@id\":\"https:\/\/carpathiacenter.ro\/#organization\"},\"image\":{\"@id\":\"https:\/\/carpathiacenter.ro\/bucurestenii-sunt-asteptati-la-targul-de-produse-traditionale-din-curtea-ministerului-agriculturii-de-joi-pana-sambata\/#primaryimage\"},\"thumbnailUrl\":\"https:\/\/carpathiacenter.ro\/wp-content\/uploads\/2025\/05\/targtraditionale.jpg\",\"articleSection\":[\"Uncategorized\"],\"inLanguage\":\"en-GB\",\"potentialAction\":[{\"@type\":\"CommentAction\",\"name\":\"Comment\",\"target\":[\"https:\/\/carpathiacenter.ro\/bucurestenii-sunt-asteptati-la-targul-de-produse-traditionale-din-curtea-ministerului-agriculturii-de-joi-pana-sambata\/#respond\"]}]},{\"@type\":\"WebPage\",\"@id\":\"https:\/\/carpathiacenter.ro\/bucurestenii-sunt-asteptati-la-targul-de-produse-traditionale-din-curtea-ministerului-agriculturii-de-joi-pana-sambata\/\",\"url\":\"https:\/\/carpathiacenter.ro\/bucurestenii-sunt-asteptati-la-targul-de-produse-traditionale-din-curtea-ministerului-agriculturii-de-joi-pana-sambata\/\",\"name\":\"Bucure\u0219tenii sunt a\u0219tepta\u021bi la ''T\u00e2rgul de produse tradi\u021bionale'' din curtea Ministerului Agriculturii, de joi p\u00e2n\u0103 s\u00e2mb\u0103t\u0103 - Carpathia Center Romania\",\"isPartOf\":{\"@id\":\"https:\/\/carpathiacenter.ro\/#website\"},\"primaryImageOfPage\":{\"@id\":\"https:\/\/carpathiacenter.ro\/bucurestenii-sunt-asteptati-la-targul-de-produse-traditionale-din-curtea-ministerului-agriculturii-de-joi-pana-sambata\/#primaryimage\"},\"image\":{\"@id\":\"https:\/\/carpathiacenter.ro\/bucurestenii-sunt-asteptati-la-targul-de-produse-traditionale-din-curtea-ministerului-agriculturii-de-joi-pana-sambata\/#primaryimage\"},\"thumbnailUrl\":\"https:\/\/carpathiacenter.ro\/wp-content\/uploads\/2025\/05\/targtraditionale.jpg\",\"datePublished\":\"2025-05-08T08:32:04+00:00\",\"breadcrumb\":{\"@id\":\"https:\/\/carpathiacenter.ro\/bucurestenii-sunt-asteptati-la-targul-de-produse-traditionale-din-curtea-ministerului-agriculturii-de-joi-pana-sambata\/#breadcrumb\"},\"inLanguage\":\"en-GB\",\"potentialAction\":[{\"@type\":\"ReadAction\",\"target\":[\"https:\/\/carpathiacenter.ro\/bucurestenii-sunt-asteptati-la-targul-de-produse-traditionale-din-curtea-ministerului-agriculturii-de-joi-pana-sambata\/\"]}]},{\"@type\":\"ImageObject\",\"inLanguage\":\"en-GB\",\"@id\":\"https:\/\/carpathiacenter.ro\/bucurestenii-sunt-asteptati-la-targul-de-produse-traditionale-din-curtea-ministerului-agriculturii-de-joi-pana-sambata\/#primaryimage\",\"url\":\"https:\/\/carpathiacenter.ro\/wp-content\/uploads\/2025\/05\/targtraditionale.jpg\",\"contentUrl\":\"https:\/\/carpathiacenter.ro\/wp-content\/uploads\/2025\/05\/targtraditionale.jpg\",\"width\":800,\"height\":406},{\"@type\":\"BreadcrumbList\",\"@id\":\"https:\/\/carpathiacenter.ro\/bucurestenii-sunt-asteptati-la-targul-de-produse-traditionale-din-curtea-ministerului-agriculturii-de-joi-pana-sambata\/#breadcrumb\",\"itemListElement\":[{\"@type\":\"ListItem\",\"position\":1,\"name\":\"Prima pagin\u0103\",\"item\":\"https:\/\/carpathiacenter.ro\/\"},{\"@type\":\"ListItem\",\"position\":2,\"name\":\"Bucure\u0219tenii sunt a\u0219tepta\u021bi la &#8221;T\u00e2rgul de produse tradi\u021bionale&#8221; din curtea Ministerului Agriculturii, de joi p\u00e2n\u0103 s\u00e2mb\u0103t\u0103\"}]},{\"@type\":\"WebSite\",\"@id\":\"https:\/\/carpathiacenter.ro\/#website\",\"url\":\"https:\/\/carpathiacenter.ro\/\",\"name\":\"Carpathia Center Romania\",\"description\":\"Impossible made possible!\",\"publisher\":{\"@id\":\"https:\/\/carpathiacenter.ro\/#organization\"},\"potentialAction\":[{\"@type\":\"SearchAction\",\"target\":{\"@type\":\"EntryPoint\",\"urlTemplate\":\"https:\/\/carpathiacenter.ro\/?s={search_term_string}\"},\"query-input\":{\"@type\":\"PropertyValueSpecification\",\"valueRequired\":true,\"valueName\":\"search_term_string\"}}],\"inLanguage\":\"en-GB\"},{\"@type\":\"Organization\",\"@id\":\"https:\/\/carpathiacenter.ro\/#organization\",\"name\":\"Carpathia Center Romania\",\"url\":\"https:\/\/carpathiacenter.ro\/\",\"logo\":{\"@type\":\"ImageObject\",\"inLanguage\":\"en-GB\",\"@id\":\"https:\/\/carpathiacenter.ro\/#\/schema\/logo\/image\/\",\"url\":\"https:\/\/carpathiacenter.ro\/wp-content\/uploads\/2024\/07\/logo-carpathia_bg_white-1024x941.png\",\"contentUrl\":\"https:\/\/carpathiacenter.ro\/wp-content\/uploads\/2024\/07\/logo-carpathia_bg_white-1024x941.png\",\"width\":1024,\"height\":941,\"caption\":\"Carpathia Center Romania\"},\"image\":{\"@id\":\"https:\/\/carpathiacenter.ro\/#\/schema\/logo\/image\/\"},\"sameAs\":[\"https:\/\/www.facebook.com\/fdpscarpathia\/\"]},{\"@type\":\"Person\",\"@id\":\"https:\/\/carpathiacenter.ro\/#\/schema\/person\/03d9f58202fee8379268f34afa195006\",\"name\":\"creativebitsolutions\",\"image\":{\"@type\":\"ImageObject\",\"inLanguage\":\"en-GB\",\"@id\":\"https:\/\/carpathiacenter.ro\/#\/schema\/person\/image\/\",\"url\":\"https:\/\/secure.gravatar.com\/avatar\/1b1a13e37f847c635dab78348f1dff2f07651ee2a3d77a5c355a4b8c75f9165a?s=96&d=mm&r=g\",\"contentUrl\":\"https:\/\/secure.gravatar.com\/avatar\/1b1a13e37f847c635dab78348f1dff2f07651ee2a3d77a5c355a4b8c75f9165a?s=96&d=mm&r=g\",\"caption\":\"creativebitsolutions\"},\"url\":\"https:\/\/carpathiacenter.ro\/en\/author\/creativebitsolutions\/\"}]}<\/script>\n<!-- \/ Yoast SEO plugin. -->","yoast_head_json":{"title":"Bucure\u0219tenii sunt a\u0219tepta\u021bi la ''T\u00e2rgul de produse tradi\u021bionale'' din curtea Ministerului Agriculturii, de joi p\u00e2n\u0103 s\u00e2mb\u0103t\u0103 - Carpathia Center Romania","robots":{"index":"index","follow":"follow","max-snippet":"max-snippet:-1","max-image-preview":"max-image-preview:large","max-video-preview":"max-video-preview:-1"},"canonical":"https:\/\/carpathiacenter.ro\/en\/bucurestenii-sunt-asteptati-la-targul-de-produse-traditionale-din-curtea-ministerului-agriculturii-de-joi-pana-sambata\/","og_locale":"en_GB","og_type":"article","og_title":"Bucure\u0219tenii sunt a\u0219tepta\u021bi la ''T\u00e2rgul de produse tradi\u021bionale'' din curtea Ministerului Agriculturii, de joi p\u00e2n\u0103 s\u00e2mb\u0103t\u0103 - Carpathia Center Romania","og_description":"Bucure\u0219tenii sunt a\u0219tepta\u021bi, \u00eencep\u00e2nd de joi, 8 mai, p\u00e2n\u0103 s\u00e2mb\u0103t\u0103, 10 mai 2025, la &#8221;T\u00e2rgul de produse tradi\u021bionale&#8221;, organizat \u00een curtea Ministerului Agriculturii \u0219i Dezvolt\u0103rii Rurale (MADR), cu sprijinul Cooperativei Agricole Caprirom Sud Muntenia. Evenimentul se desf\u0103\u0219oar\u0103 \u00een contextul Zilei Europei \u0219i celebreaz\u0103 contribu\u021bia Rom\u00e2niei la dezvoltarea Politicii Agricole Comune, promov\u00e2nd produsele agroalimentare autentice, certificate...","og_url":"https:\/\/carpathiacenter.ro\/en\/bucurestenii-sunt-asteptati-la-targul-de-produse-traditionale-din-curtea-ministerului-agriculturii-de-joi-pana-sambata\/","og_site_name":"Carpathia Center Romania","article_publisher":"https:\/\/www.facebook.com\/fdpscarpathia\/","article_published_time":"2025-05-08T08:32:04+00:00","og_image":[{"width":800,"height":406,"url":"https:\/\/carpathiacenter.ro\/wp-content\/uploads\/2025\/05\/targtraditionale.jpg","type":"image\/jpeg"}],"author":"creativebitsolutions","twitter_card":"summary_large_image","twitter_misc":{"Written by":"creativebitsolutions","Estimated reading time":"2 minutes"},"schema":{"@context":"https:\/\/schema.org","@graph":[{"@type":"Article","@id":"https:\/\/carpathiacenter.ro\/bucurestenii-sunt-asteptati-la-targul-de-produse-traditionale-din-curtea-ministerului-agriculturii-de-joi-pana-sambata\/#article","isPartOf":{"@id":"https:\/\/carpathiacenter.ro\/bucurestenii-sunt-asteptati-la-targul-de-produse-traditionale-din-curtea-ministerului-agriculturii-de-joi-pana-sambata\/"},"author":{"name":"creativebitsolutions","@id":"https:\/\/carpathiacenter.ro\/#\/schema\/person\/03d9f58202fee8379268f34afa195006"},"headline":"Bucure\u0219tenii sunt a\u0219tepta\u021bi la &#8221;T\u00e2rgul de produse tradi\u021bionale&#8221; din curtea Ministerului Agriculturii, de joi p\u00e2n\u0103 s\u00e2mb\u0103t\u0103","datePublished":"2025-05-08T08:32:04+00:00","mainEntityOfPage":{"@id":"https:\/\/carpathiacenter.ro\/bucurestenii-sunt-asteptati-la-targul-de-produse-traditionale-din-curtea-ministerului-agriculturii-de-joi-pana-sambata\/"},"wordCount":509,"commentCount":0,"publisher":{"@id":"https:\/\/carpathiacenter.ro\/#organization"},"image":{"@id":"https:\/\/carpathiacenter.ro\/bucurestenii-sunt-asteptati-la-targul-de-produse-traditionale-din-curtea-ministerului-agriculturii-de-joi-pana-sambata\/#primaryimage"},"thumbnailUrl":"https:\/\/carpathiacenter.ro\/wp-content\/uploads\/2025\/05\/targtraditionale.jpg","articleSection":["Uncategorized"],"inLanguage":"en-GB","potentialAction":[{"@type":"CommentAction","name":"Comment","target":["https:\/\/carpathiacenter.ro\/bucurestenii-sunt-asteptati-la-targul-de-produse-traditionale-din-curtea-ministerului-agriculturii-de-joi-pana-sambata\/#respond"]}]},{"@type":"WebPage","@id":"https:\/\/carpathiacenter.ro\/bucurestenii-sunt-asteptati-la-targul-de-produse-traditionale-din-curtea-ministerului-agriculturii-de-joi-pana-sambata\/","url":"https:\/\/carpathiacenter.ro\/bucurestenii-sunt-asteptati-la-targul-de-produse-traditionale-din-curtea-ministerului-agriculturii-de-joi-pana-sambata\/","name":"Bucure\u0219tenii sunt a\u0219tepta\u021bi la ''T\u00e2rgul de produse tradi\u021bionale'' din curtea Ministerului Agriculturii, de joi p\u00e2n\u0103 s\u00e2mb\u0103t\u0103 - Carpathia Center Romania","isPartOf":{"@id":"https:\/\/carpathiacenter.ro\/#website"},"primaryImageOfPage":{"@id":"https:\/\/carpathiacenter.ro\/bucurestenii-sunt-asteptati-la-targul-de-produse-traditionale-din-curtea-ministerului-agriculturii-de-joi-pana-sambata\/#primaryimage"},"image":{"@id":"https:\/\/carpathiacenter.ro\/bucurestenii-sunt-asteptati-la-targul-de-produse-traditionale-din-curtea-ministerului-agriculturii-de-joi-pana-sambata\/#primaryimage"},"thumbnailUrl":"https:\/\/carpathiacenter.ro\/wp-content\/uploads\/2025\/05\/targtraditionale.jpg","datePublished":"2025-05-08T08:32:04+00:00","breadcrumb":{"@id":"https:\/\/carpathiacenter.ro\/bucurestenii-sunt-asteptati-la-targul-de-produse-traditionale-din-curtea-ministerului-agriculturii-de-joi-pana-sambata\/#breadcrumb"},"inLanguage":"en-GB","potentialAction":[{"@type":"ReadAction","target":["https:\/\/carpathiacenter.ro\/bucurestenii-sunt-asteptati-la-targul-de-produse-traditionale-din-curtea-ministerului-agriculturii-de-joi-pana-sambata\/"]}]},{"@type":"ImageObject","inLanguage":"en-GB","@id":"https:\/\/carpathiacenter.ro\/bucurestenii-sunt-asteptati-la-targul-de-produse-traditionale-din-curtea-ministerului-agriculturii-de-joi-pana-sambata\/#primaryimage","url":"https:\/\/carpathiacenter.ro\/wp-content\/uploads\/2025\/05\/targtraditionale.jpg","contentUrl":"https:\/\/carpathiacenter.ro\/wp-content\/uploads\/2025\/05\/targtraditionale.jpg","width":800,"height":406},{"@type":"BreadcrumbList","@id":"https:\/\/carpathiacenter.ro\/bucurestenii-sunt-asteptati-la-targul-de-produse-traditionale-din-curtea-ministerului-agriculturii-de-joi-pana-sambata\/#breadcrumb","itemListElement":[{"@type":"ListItem","position":1,"name":"Prima pagin\u0103","item":"https:\/\/carpathiacenter.ro\/"},{"@type":"ListItem","position":2,"name":"Bucure\u0219tenii sunt a\u0219tepta\u021bi la &#8221;T\u00e2rgul de produse tradi\u021bionale&#8221; din curtea Ministerului Agriculturii, de joi p\u00e2n\u0103 s\u00e2mb\u0103t\u0103"}]},{"@type":"WebSite","@id":"https:\/\/carpathiacenter.ro\/#website","url":"https:\/\/carpathiacenter.ro\/","name":"Carpathia Center Romania","description":"Impossible made possible!","publisher":{"@id":"https:\/\/carpathiacenter.ro\/#organization"},"potentialAction":[{"@type":"SearchAction","target":{"@type":"EntryPoint","urlTemplate":"https:\/\/carpathiacenter.ro\/?s={search_term_string}"},"query-input":{"@type":"PropertyValueSpecification","valueRequired":true,"valueName":"search_term_string"}}],"inLanguage":"en-GB"},{"@type":"Organization","@id":"https:\/\/carpathiacenter.ro\/#organization","name":"Carpathia Center Romania","url":"https:\/\/carpathiacenter.ro\/","logo":{"@type":"ImageObject","inLanguage":"en-GB","@id":"https:\/\/carpathiacenter.ro\/#\/schema\/logo\/image\/","url":"https:\/\/carpathiacenter.ro\/wp-content\/uploads\/2024\/07\/logo-carpathia_bg_white-1024x941.png","contentUrl":"https:\/\/carpathiacenter.ro\/wp-content\/uploads\/2024\/07\/logo-carpathia_bg_white-1024x941.png","width":1024,"height":941,"caption":"Carpathia Center Romania"},"image":{"@id":"https:\/\/carpathiacenter.ro\/#\/schema\/logo\/image\/"},"sameAs":["https:\/\/www.facebook.com\/fdpscarpathia\/"]},{"@type":"Person","@id":"https:\/\/carpathiacenter.ro\/#\/schema\/person\/03d9f58202fee8379268f34afa195006","name":"creativebitsolutions","image":{"@type":"ImageObject","inLanguage":"en-GB","@id":"https:\/\/carpathiacenter.ro\/#\/schema\/person\/image\/","url":"https:\/\/secure.gravatar.com\/avatar\/1b1a13e37f847c635dab78348f1dff2f07651ee2a3d77a5c355a4b8c75f9165a?s=96&d=mm&r=g","contentUrl":"https:\/\/secure.gravatar.com\/avatar\/1b1a13e37f847c635dab78348f1dff2f07651ee2a3d77a5c355a4b8c75f9165a?s=96&d=mm&r=g","caption":"creativebitsolutions"},"url":"https:\/\/carpathiacenter.ro\/en\/author\/creativebitsolutions\/"}]}},"_links":{"self":[{"href":"https:\/\/carpathiacenter.ro\/en\/wp-json\/wp\/v2\/posts\/2309","targetHints":{"allow":["GET"]}}],"collection":[{"href":"https:\/\/carpathiacenter.ro\/en\/wp-json\/wp\/v2\/posts"}],"about":[{"href":"https:\/\/carpathiacenter.ro\/en\/wp-json\/wp\/v2\/types\/post"}],"author":[{"embeddable":true,"href":"https:\/\/carpathiacenter.ro\/en\/wp-json\/wp\/v2\/users\/4"}],"replies":[{"embeddable":true,"href":"https:\/\/carpathiacenter.ro\/en\/wp-json\/wp\/v2\/comments?post=2309"}],"version-history":[{"count":1,"href":"https:\/\/carpathiacenter.ro\/en\/wp-json\/wp\/v2\/posts\/2309\/revisions"}],"predecessor-version":[{"id":2311,"href":"https:\/\/carpathiacenter.ro\/en\/wp-json\/wp\/v2\/posts\/2309\/revisions\/2311"}],"wp:featuredmedia":[{"embeddable":true,"href":"https:\/\/carpathiacenter.ro\/en\/wp-json\/wp\/v2\/media\/2310"}],"wp:attachment":[{"href":"https:\/\/carpathiacenter.ro\/en\/wp-json\/wp\/v2\/media?parent=2309"}],"wp:term":[{"taxonomy":"category","embeddable":true,"href":"https:\/\/carpathiacenter.ro\/en\/wp-json\/wp\/v2\/categories?post=2309"},{"taxonomy":"post_tag","embeddable":true,"href":"https:\/\/carpathiacenter.ro\/en\/wp-json\/wp\/v2\/tags?post=2309"}],"curies":[{"name":"wp","href":"https:\/\/api.w.org\/{rel}","templated":true}]}}