{"id":2289,"date":"2025-05-06T06:28:54","date_gmt":"2025-05-06T06:28:54","guid":{"rendered":"https:\/\/carpathiacenter.ro\/?p=2289"},"modified":"2025-05-06T06:28:54","modified_gmt":"2025-05-06T06:28:54","slug":"franta-macron-il-primeste-pe-liderul-turkmenistanului-tara-cu-mari-resurse-de-gaz-pentru-semnarea-unor-acorduri","status":"publish","type":"post","link":"https:\/\/carpathiacenter.ro\/en\/franta-macron-il-primeste-pe-liderul-turkmenistanului-tara-cu-mari-resurse-de-gaz-pentru-semnarea-unor-acorduri\/","title":{"rendered":"Fran\u021ba: Macron \u00eel prime\u0219te pe liderul Turkmenistanului, \u021bar\u0103 cu mari resurse de gaz, pentru semnarea unor acorduri"},"content":{"rendered":"<p>Pre\u0219edintele francez Emmanuel Macron \u00eel prime\u0219te luni pe Gurbangul\u00ee Berd\u00eemuhamedov, liderul de facto al Turkmenistanului, \u00een vederea semn\u0103rii mai multor acorduri cu acest stat, unul din cele mai izolate \u0219i mai autoritare din lume, dar cu imense z\u0103c\u0103minte de gaz, transmite AFP.<\/p>\n<p>&#8216;Liderul na\u021bional al poporului turkmen&#8217;, tat\u0103l pre\u0219edintelui Serdar Berd\u00eemuhamedov, este a\u0219teptat la ora local\u0103 20.00 (18.00 GMT) la Palatul Elys\u00e9e pentru &#8216;semnarea unor acorduri&#8217; \u0219i o cin\u0103 de lucru, a anun\u021bat pre\u0219edin\u021bia francez\u0103, f\u0103r\u0103 alte detalii.<\/p>\n<p>Numai dou\u0103 summituri franco-turkmene au avut loc de la dob\u00e2ndirea independen\u021bei \u021b\u0103rii central-asiatice ex-sovietice \u00een 1991, ultimul dat\u00e2nd de la vizita f\u0103cut\u0103 de Gurbangul\u00ee Berd\u00eemuhamedov pre\u0219edintelui francez Nicolas Sarkozy \u00een februarie 2010.<\/p>\n<p>Perechea tat\u0103-fiu Gurbangul\u00ee \u0219i Serdar Berd\u00eemuhamedov, la putere din 2006, face obiectul unui adev\u0103rat cult al personalit\u0103\u021bii.<\/p>\n<p>Bogat \u00een resurse naturale, Turkemenistanul, atrage, ca \u0219i celelalte \u021b\u0103ri din Asia Central\u0103, interesul \u0219i rivalit\u0103\u021bile \u00eentre Rusia, China \u0219i Europa.<\/p>\n<p>Uniunea European\u0103, care \u00eencearc\u0103 s\u0103 se pozi\u021bioneze ca alternativ\u0103, a anun\u021bat \u00een aprilie un ajutor de 12 miliarde de euro pentru Asia Central\u0103 \u00een cadrul proiectului s\u0103u &#8216;Global Gateway&#8217; pentru infrastructuri, r\u0103spunsul UE la &#8216;Noile drumuri ale m\u0103t\u0103sii&#8217; promovate de China.<\/p>\n<p>Potrivit AFP, la \u00eent\u00e2lnirea de la Elys\u00e9e ar putea fi abordat proiectul livr\u0103rii de gaz turkmen spre Europa, vechi de trei decenii. Proiectul, fr\u00e2nat de dificult\u0103\u021bi logistice, cu infrastructuri de transport via Rusia, a fost relansat de r\u0103zboiul din Ucraina \u0219i \u00eencetarea livr\u0103rilor de gaz rusesc \u00een Europa, care trebuie s\u0103 g\u0103seasc\u0103 rute alternative.<\/p>\n<p>Turkmenistanul, care caut\u0103 s\u0103 \u00ee\u0219i diversifice partenerii pentru a nu depinde doar de pia\u021ba chinez\u0103, propune \u00een mod regulat construirea unui gazoduct prin Marea Caspic\u0103, care s\u0103 lege Asia Central\u0103 de Caucaz, apoi de Europa, proiect ce nu a ob\u021binut p\u00e2n\u0103 acum finan\u021bare.<\/p>\n<p>Schimburile comerciale franco-turkmene r\u0103m\u00e2n la un nivel sc\u0103zut &#8211; doar 74,6 milioane de euro \u00een 2023 -, iar Turkmenistanul se afl\u0103 doar pe locul 141 \u00eentre partenerii comerciali ai Fran\u021bei, \u00eens\u0103 prezen\u021ba francez\u0103 este vizibil\u0103.<\/p>\n<p>Grupurile franceze Bouygues \u0219i Vinci construiesc numeroase cl\u0103diri \u00een marmur\u0103 pentru liderii \u021b\u0103rii, amatori de construc\u021bii grandioase, ceea ce a contribuit la crearea unei noi imagini arhitecturale a Turkmenistanului, adaug\u0103 AFP.AGERPRES\/(AS &#8211; redactor: Irina Cristea)<br \/>\n<br \/>\nSursa articolului:<a href=\"https:\/\/agerpres.ro\/politic-extern\/2025\/05\/05\/franta-macron-il-primeste-pe-liderul-turkmenistanului-tara-cu-mari-resurse-de-gaz-pentru-semnarea-un--1446083\" target=\"_blank\" rel=\"noopener\" title=\"\">https:\/\/agerpres.ro\/politic-extern\/2025\/05\/05\/franta-macron-il-primeste-pe-liderul-turkmenistanului-tara-cu-mari-resurse-de-gaz-pentru-semnarea-un&#8211;1446083<\/a><\/p>","protected":false},"excerpt":{"rendered":"<p>Pre\u0219edintele francez Emmanuel Macron \u00eel prime\u0219te luni pe Gurbangul\u00ee Berd\u00eemuhamedov, liderul de facto al Turkmenistanului, \u00een vederea semn\u0103rii mai multor acorduri cu acest stat, unul din cele mai izolate \u0219i mai autoritare din lume, dar cu imense z\u0103c\u0103minte de gaz, transmite AFP. &#8216;Liderul na\u021bional al poporului turkmen&#8217;, tat\u0103l pre\u0219edintelui Serdar Berd\u00eemuhamedov, este a\u0219teptat la ora&#8230;<\/p>","protected":false},"author":4,"featured_media":2290,"comment_status":"open","ping_status":"open","sticky":false,"template":"","format":"standard","meta":{"footnotes":""},"categories":[1],"tags":[],"class_list":["post-2289","post","type-post","status-publish","format-standard","has-post-thumbnail","hentry","category-uncategorized"],"yoast_head":"<!-- This site is optimized with the Yoast SEO plugin v26.1.1 - https:\/\/yoast.com\/wordpress\/plugins\/seo\/ -->\n<title>Fran\u021ba: Macron \u00eel prime\u0219te pe liderul Turkmenistanului, \u021bar\u0103 cu mari resurse de gaz, pentru semnarea unor acorduri - Carpathia Center Romania<\/title>\n<meta name=\"robots\" content=\"index, follow, max-snippet:-1, max-image-preview:large, max-video-preview:-1\" \/>\n<link rel=\"canonical\" href=\"https:\/\/carpathiacenter.ro\/en\/franta-macron-il-primeste-pe-liderul-turkmenistanului-tara-cu-mari-resurse-de-gaz-pentru-semnarea-unor-acorduri\/\" \/>\n<meta property=\"og:locale\" content=\"en_GB\" \/>\n<meta property=\"og:type\" content=\"article\" \/>\n<meta property=\"og:title\" content=\"Fran\u021ba: Macron \u00eel prime\u0219te pe liderul Turkmenistanului, \u021bar\u0103 cu mari resurse de gaz, pentru semnarea unor acorduri - Carpathia Center Romania\" \/>\n<meta property=\"og:description\" content=\"Pre\u0219edintele francez Emmanuel Macron \u00eel prime\u0219te luni pe Gurbangul\u00ee Berd\u00eemuhamedov, liderul de facto al Turkmenistanului, \u00een vederea semn\u0103rii mai multor acorduri cu acest stat, unul din cele mai izolate \u0219i mai autoritare din lume, dar cu imense z\u0103c\u0103minte de gaz, transmite AFP. &#8216;Liderul na\u021bional al poporului turkmen&#8217;, tat\u0103l pre\u0219edintelui Serdar Berd\u00eemuhamedov, este a\u0219teptat la ora...\" \/>\n<meta property=\"og:url\" content=\"https:\/\/carpathiacenter.ro\/en\/franta-macron-il-primeste-pe-liderul-turkmenistanului-tara-cu-mari-resurse-de-gaz-pentru-semnarea-unor-acorduri\/\" \/>\n<meta property=\"og:site_name\" content=\"Carpathia Center Romania\" \/>\n<meta property=\"article:publisher\" content=\"https:\/\/www.facebook.com\/fdpscarpathia\/\" \/>\n<meta property=\"article:published_time\" content=\"2025-05-06T06:28:54+00:00\" \/>\n<meta property=\"og:image\" content=\"https:\/\/carpathiacenter.ro\/wp-content\/uploads\/2025\/05\/macron.webp\" \/>\n\t<meta property=\"og:image:width\" content=\"1536\" \/>\n\t<meta property=\"og:image:height\" content=\"864\" \/>\n\t<meta property=\"og:image:type\" content=\"image\/webp\" \/>\n<meta name=\"author\" content=\"creativebitsolutions\" \/>\n<meta name=\"twitter:card\" content=\"summary_large_image\" \/>\n<meta name=\"twitter:label1\" content=\"Written by\" \/>\n\t<meta name=\"twitter:data1\" content=\"creativebitsolutions\" \/>\n\t<meta name=\"twitter:label2\" content=\"Estimated reading time\" \/>\n\t<meta name=\"twitter:data2\" content=\"2 minutes\" \/>\n<script type=\"application\/ld+json\" class=\"yoast-schema-graph\">{\"@context\":\"https:\/\/schema.org\",\"@graph\":[{\"@type\":\"Article\",\"@id\":\"https:\/\/carpathiacenter.ro\/franta-macron-il-primeste-pe-liderul-turkmenistanului-tara-cu-mari-resurse-de-gaz-pentru-semnarea-unor-acorduri\/#article\",\"isPartOf\":{\"@id\":\"https:\/\/carpathiacenter.ro\/franta-macron-il-primeste-pe-liderul-turkmenistanului-tara-cu-mari-resurse-de-gaz-pentru-semnarea-unor-acorduri\/\"},\"author\":{\"name\":\"creativebitsolutions\",\"@id\":\"https:\/\/carpathiacenter.ro\/#\/schema\/person\/03d9f58202fee8379268f34afa195006\"},\"headline\":\"Fran\u021ba: Macron \u00eel prime\u0219te pe liderul Turkmenistanului, \u021bar\u0103 cu mari resurse de gaz, pentru semnarea unor acorduri\",\"datePublished\":\"2025-05-06T06:28:54+00:00\",\"mainEntityOfPage\":{\"@id\":\"https:\/\/carpathiacenter.ro\/franta-macron-il-primeste-pe-liderul-turkmenistanului-tara-cu-mari-resurse-de-gaz-pentru-semnarea-unor-acorduri\/\"},\"wordCount\":427,\"commentCount\":0,\"publisher\":{\"@id\":\"https:\/\/carpathiacenter.ro\/#organization\"},\"image\":{\"@id\":\"https:\/\/carpathiacenter.ro\/franta-macron-il-primeste-pe-liderul-turkmenistanului-tara-cu-mari-resurse-de-gaz-pentru-semnarea-unor-acorduri\/#primaryimage\"},\"thumbnailUrl\":\"https:\/\/carpathiacenter.ro\/wp-content\/uploads\/2025\/05\/macron.webp\",\"articleSection\":[\"Uncategorized\"],\"inLanguage\":\"en-GB\",\"potentialAction\":[{\"@type\":\"CommentAction\",\"name\":\"Comment\",\"target\":[\"https:\/\/carpathiacenter.ro\/franta-macron-il-primeste-pe-liderul-turkmenistanului-tara-cu-mari-resurse-de-gaz-pentru-semnarea-unor-acorduri\/#respond\"]}]},{\"@type\":\"WebPage\",\"@id\":\"https:\/\/carpathiacenter.ro\/franta-macron-il-primeste-pe-liderul-turkmenistanului-tara-cu-mari-resurse-de-gaz-pentru-semnarea-unor-acorduri\/\",\"url\":\"https:\/\/carpathiacenter.ro\/franta-macron-il-primeste-pe-liderul-turkmenistanului-tara-cu-mari-resurse-de-gaz-pentru-semnarea-unor-acorduri\/\",\"name\":\"Fran\u021ba: Macron \u00eel prime\u0219te pe liderul Turkmenistanului, \u021bar\u0103 cu mari resurse de gaz, pentru semnarea unor acorduri - Carpathia Center Romania\",\"isPartOf\":{\"@id\":\"https:\/\/carpathiacenter.ro\/#website\"},\"primaryImageOfPage\":{\"@id\":\"https:\/\/carpathiacenter.ro\/franta-macron-il-primeste-pe-liderul-turkmenistanului-tara-cu-mari-resurse-de-gaz-pentru-semnarea-unor-acorduri\/#primaryimage\"},\"image\":{\"@id\":\"https:\/\/carpathiacenter.ro\/franta-macron-il-primeste-pe-liderul-turkmenistanului-tara-cu-mari-resurse-de-gaz-pentru-semnarea-unor-acorduri\/#primaryimage\"},\"thumbnailUrl\":\"https:\/\/carpathiacenter.ro\/wp-content\/uploads\/2025\/05\/macron.webp\",\"datePublished\":\"2025-05-06T06:28:54+00:00\",\"breadcrumb\":{\"@id\":\"https:\/\/carpathiacenter.ro\/franta-macron-il-primeste-pe-liderul-turkmenistanului-tara-cu-mari-resurse-de-gaz-pentru-semnarea-unor-acorduri\/#breadcrumb\"},\"inLanguage\":\"en-GB\",\"potentialAction\":[{\"@type\":\"ReadAction\",\"target\":[\"https:\/\/carpathiacenter.ro\/franta-macron-il-primeste-pe-liderul-turkmenistanului-tara-cu-mari-resurse-de-gaz-pentru-semnarea-unor-acorduri\/\"]}]},{\"@type\":\"ImageObject\",\"inLanguage\":\"en-GB\",\"@id\":\"https:\/\/carpathiacenter.ro\/franta-macron-il-primeste-pe-liderul-turkmenistanului-tara-cu-mari-resurse-de-gaz-pentru-semnarea-unor-acorduri\/#primaryimage\",\"url\":\"https:\/\/carpathiacenter.ro\/wp-content\/uploads\/2025\/05\/macron.webp\",\"contentUrl\":\"https:\/\/carpathiacenter.ro\/wp-content\/uploads\/2025\/05\/macron.webp\",\"width\":1536,\"height\":864},{\"@type\":\"BreadcrumbList\",\"@id\":\"https:\/\/carpathiacenter.ro\/franta-macron-il-primeste-pe-liderul-turkmenistanului-tara-cu-mari-resurse-de-gaz-pentru-semnarea-unor-acorduri\/#breadcrumb\",\"itemListElement\":[{\"@type\":\"ListItem\",\"position\":1,\"name\":\"Prima pagin\u0103\",\"item\":\"https:\/\/carpathiacenter.ro\/\"},{\"@type\":\"ListItem\",\"position\":2,\"name\":\"Fran\u021ba: Macron \u00eel prime\u0219te pe liderul Turkmenistanului, \u021bar\u0103 cu mari resurse de gaz, pentru semnarea unor acorduri\"}]},{\"@type\":\"WebSite\",\"@id\":\"https:\/\/carpathiacenter.ro\/#website\",\"url\":\"https:\/\/carpathiacenter.ro\/\",\"name\":\"Carpathia Center Romania\",\"description\":\"Impossible made possible!\",\"publisher\":{\"@id\":\"https:\/\/carpathiacenter.ro\/#organization\"},\"potentialAction\":[{\"@type\":\"SearchAction\",\"target\":{\"@type\":\"EntryPoint\",\"urlTemplate\":\"https:\/\/carpathiacenter.ro\/?s={search_term_string}\"},\"query-input\":{\"@type\":\"PropertyValueSpecification\",\"valueRequired\":true,\"valueName\":\"search_term_string\"}}],\"inLanguage\":\"en-GB\"},{\"@type\":\"Organization\",\"@id\":\"https:\/\/carpathiacenter.ro\/#organization\",\"name\":\"Carpathia Center Romania\",\"url\":\"https:\/\/carpathiacenter.ro\/\",\"logo\":{\"@type\":\"ImageObject\",\"inLanguage\":\"en-GB\",\"@id\":\"https:\/\/carpathiacenter.ro\/#\/schema\/logo\/image\/\",\"url\":\"https:\/\/carpathiacenter.ro\/wp-content\/uploads\/2024\/07\/logo-carpathia_bg_white-1024x941.png\",\"contentUrl\":\"https:\/\/carpathiacenter.ro\/wp-content\/uploads\/2024\/07\/logo-carpathia_bg_white-1024x941.png\",\"width\":1024,\"height\":941,\"caption\":\"Carpathia Center Romania\"},\"image\":{\"@id\":\"https:\/\/carpathiacenter.ro\/#\/schema\/logo\/image\/\"},\"sameAs\":[\"https:\/\/www.facebook.com\/fdpscarpathia\/\"]},{\"@type\":\"Person\",\"@id\":\"https:\/\/carpathiacenter.ro\/#\/schema\/person\/03d9f58202fee8379268f34afa195006\",\"name\":\"creativebitsolutions\",\"image\":{\"@type\":\"ImageObject\",\"inLanguage\":\"en-GB\",\"@id\":\"https:\/\/carpathiacenter.ro\/#\/schema\/person\/image\/\",\"url\":\"https:\/\/secure.gravatar.com\/avatar\/1b1a13e37f847c635dab78348f1dff2f07651ee2a3d77a5c355a4b8c75f9165a?s=96&d=mm&r=g\",\"contentUrl\":\"https:\/\/secure.gravatar.com\/avatar\/1b1a13e37f847c635dab78348f1dff2f07651ee2a3d77a5c355a4b8c75f9165a?s=96&d=mm&r=g\",\"caption\":\"creativebitsolutions\"},\"url\":\"https:\/\/carpathiacenter.ro\/en\/author\/creativebitsolutions\/\"}]}<\/script>\n<!-- \/ Yoast SEO plugin. -->","yoast_head_json":{"title":"Fran\u021ba: Macron \u00eel prime\u0219te pe liderul Turkmenistanului, \u021bar\u0103 cu mari resurse de gaz, pentru semnarea unor acorduri - Carpathia Center Romania","robots":{"index":"index","follow":"follow","max-snippet":"max-snippet:-1","max-image-preview":"max-image-preview:large","max-video-preview":"max-video-preview:-1"},"canonical":"https:\/\/carpathiacenter.ro\/en\/franta-macron-il-primeste-pe-liderul-turkmenistanului-tara-cu-mari-resurse-de-gaz-pentru-semnarea-unor-acorduri\/","og_locale":"en_GB","og_type":"article","og_title":"Fran\u021ba: Macron \u00eel prime\u0219te pe liderul Turkmenistanului, \u021bar\u0103 cu mari resurse de gaz, pentru semnarea unor acorduri - Carpathia Center Romania","og_description":"Pre\u0219edintele francez Emmanuel Macron \u00eel prime\u0219te luni pe Gurbangul\u00ee Berd\u00eemuhamedov, liderul de facto al Turkmenistanului, \u00een vederea semn\u0103rii mai multor acorduri cu acest stat, unul din cele mai izolate \u0219i mai autoritare din lume, dar cu imense z\u0103c\u0103minte de gaz, transmite AFP. &#8216;Liderul na\u021bional al poporului turkmen&#8217;, tat\u0103l pre\u0219edintelui Serdar Berd\u00eemuhamedov, este a\u0219teptat la ora...","og_url":"https:\/\/carpathiacenter.ro\/en\/franta-macron-il-primeste-pe-liderul-turkmenistanului-tara-cu-mari-resurse-de-gaz-pentru-semnarea-unor-acorduri\/","og_site_name":"Carpathia Center Romania","article_publisher":"https:\/\/www.facebook.com\/fdpscarpathia\/","article_published_time":"2025-05-06T06:28:54+00:00","og_image":[{"width":1536,"height":864,"url":"https:\/\/carpathiacenter.ro\/wp-content\/uploads\/2025\/05\/macron.webp","type":"image\/webp"}],"author":"creativebitsolutions","twitter_card":"summary_large_image","twitter_misc":{"Written by":"creativebitsolutions","Estimated reading time":"2 minutes"},"schema":{"@context":"https:\/\/schema.org","@graph":[{"@type":"Article","@id":"https:\/\/carpathiacenter.ro\/franta-macron-il-primeste-pe-liderul-turkmenistanului-tara-cu-mari-resurse-de-gaz-pentru-semnarea-unor-acorduri\/#article","isPartOf":{"@id":"https:\/\/carpathiacenter.ro\/franta-macron-il-primeste-pe-liderul-turkmenistanului-tara-cu-mari-resurse-de-gaz-pentru-semnarea-unor-acorduri\/"},"author":{"name":"creativebitsolutions","@id":"https:\/\/carpathiacenter.ro\/#\/schema\/person\/03d9f58202fee8379268f34afa195006"},"headline":"Fran\u021ba: Macron \u00eel prime\u0219te pe liderul Turkmenistanului, \u021bar\u0103 cu mari resurse de gaz, pentru semnarea unor acorduri","datePublished":"2025-05-06T06:28:54+00:00","mainEntityOfPage":{"@id":"https:\/\/carpathiacenter.ro\/franta-macron-il-primeste-pe-liderul-turkmenistanului-tara-cu-mari-resurse-de-gaz-pentru-semnarea-unor-acorduri\/"},"wordCount":427,"commentCount":0,"publisher":{"@id":"https:\/\/carpathiacenter.ro\/#organization"},"image":{"@id":"https:\/\/carpathiacenter.ro\/franta-macron-il-primeste-pe-liderul-turkmenistanului-tara-cu-mari-resurse-de-gaz-pentru-semnarea-unor-acorduri\/#primaryimage"},"thumbnailUrl":"https:\/\/carpathiacenter.ro\/wp-content\/uploads\/2025\/05\/macron.webp","articleSection":["Uncategorized"],"inLanguage":"en-GB","potentialAction":[{"@type":"CommentAction","name":"Comment","target":["https:\/\/carpathiacenter.ro\/franta-macron-il-primeste-pe-liderul-turkmenistanului-tara-cu-mari-resurse-de-gaz-pentru-semnarea-unor-acorduri\/#respond"]}]},{"@type":"WebPage","@id":"https:\/\/carpathiacenter.ro\/franta-macron-il-primeste-pe-liderul-turkmenistanului-tara-cu-mari-resurse-de-gaz-pentru-semnarea-unor-acorduri\/","url":"https:\/\/carpathiacenter.ro\/franta-macron-il-primeste-pe-liderul-turkmenistanului-tara-cu-mari-resurse-de-gaz-pentru-semnarea-unor-acorduri\/","name":"Fran\u021ba: Macron \u00eel prime\u0219te pe liderul Turkmenistanului, \u021bar\u0103 cu mari resurse de gaz, pentru semnarea unor acorduri - Carpathia Center Romania","isPartOf":{"@id":"https:\/\/carpathiacenter.ro\/#website"},"primaryImageOfPage":{"@id":"https:\/\/carpathiacenter.ro\/franta-macron-il-primeste-pe-liderul-turkmenistanului-tara-cu-mari-resurse-de-gaz-pentru-semnarea-unor-acorduri\/#primaryimage"},"image":{"@id":"https:\/\/carpathiacenter.ro\/franta-macron-il-primeste-pe-liderul-turkmenistanului-tara-cu-mari-resurse-de-gaz-pentru-semnarea-unor-acorduri\/#primaryimage"},"thumbnailUrl":"https:\/\/carpathiacenter.ro\/wp-content\/uploads\/2025\/05\/macron.webp","datePublished":"2025-05-06T06:28:54+00:00","breadcrumb":{"@id":"https:\/\/carpathiacenter.ro\/franta-macron-il-primeste-pe-liderul-turkmenistanului-tara-cu-mari-resurse-de-gaz-pentru-semnarea-unor-acorduri\/#breadcrumb"},"inLanguage":"en-GB","potentialAction":[{"@type":"ReadAction","target":["https:\/\/carpathiacenter.ro\/franta-macron-il-primeste-pe-liderul-turkmenistanului-tara-cu-mari-resurse-de-gaz-pentru-semnarea-unor-acorduri\/"]}]},{"@type":"ImageObject","inLanguage":"en-GB","@id":"https:\/\/carpathiacenter.ro\/franta-macron-il-primeste-pe-liderul-turkmenistanului-tara-cu-mari-resurse-de-gaz-pentru-semnarea-unor-acorduri\/#primaryimage","url":"https:\/\/carpathiacenter.ro\/wp-content\/uploads\/2025\/05\/macron.webp","contentUrl":"https:\/\/carpathiacenter.ro\/wp-content\/uploads\/2025\/05\/macron.webp","width":1536,"height":864},{"@type":"BreadcrumbList","@id":"https:\/\/carpathiacenter.ro\/franta-macron-il-primeste-pe-liderul-turkmenistanului-tara-cu-mari-resurse-de-gaz-pentru-semnarea-unor-acorduri\/#breadcrumb","itemListElement":[{"@type":"ListItem","position":1,"name":"Prima pagin\u0103","item":"https:\/\/carpathiacenter.ro\/"},{"@type":"ListItem","position":2,"name":"Fran\u021ba: Macron \u00eel prime\u0219te pe liderul Turkmenistanului, \u021bar\u0103 cu mari resurse de gaz, pentru semnarea unor acorduri"}]},{"@type":"WebSite","@id":"https:\/\/carpathiacenter.ro\/#website","url":"https:\/\/carpathiacenter.ro\/","name":"Carpathia Center Romania","description":"Impossible made possible!","publisher":{"@id":"https:\/\/carpathiacenter.ro\/#organization"},"potentialAction":[{"@type":"SearchAction","target":{"@type":"EntryPoint","urlTemplate":"https:\/\/carpathiacenter.ro\/?s={search_term_string}"},"query-input":{"@type":"PropertyValueSpecification","valueRequired":true,"valueName":"search_term_string"}}],"inLanguage":"en-GB"},{"@type":"Organization","@id":"https:\/\/carpathiacenter.ro\/#organization","name":"Carpathia Center Romania","url":"https:\/\/carpathiacenter.ro\/","logo":{"@type":"ImageObject","inLanguage":"en-GB","@id":"https:\/\/carpathiacenter.ro\/#\/schema\/logo\/image\/","url":"https:\/\/carpathiacenter.ro\/wp-content\/uploads\/2024\/07\/logo-carpathia_bg_white-1024x941.png","contentUrl":"https:\/\/carpathiacenter.ro\/wp-content\/uploads\/2024\/07\/logo-carpathia_bg_white-1024x941.png","width":1024,"height":941,"caption":"Carpathia Center Romania"},"image":{"@id":"https:\/\/carpathiacenter.ro\/#\/schema\/logo\/image\/"},"sameAs":["https:\/\/www.facebook.com\/fdpscarpathia\/"]},{"@type":"Person","@id":"https:\/\/carpathiacenter.ro\/#\/schema\/person\/03d9f58202fee8379268f34afa195006","name":"creativebitsolutions","image":{"@type":"ImageObject","inLanguage":"en-GB","@id":"https:\/\/carpathiacenter.ro\/#\/schema\/person\/image\/","url":"https:\/\/secure.gravatar.com\/avatar\/1b1a13e37f847c635dab78348f1dff2f07651ee2a3d77a5c355a4b8c75f9165a?s=96&d=mm&r=g","contentUrl":"https:\/\/secure.gravatar.com\/avatar\/1b1a13e37f847c635dab78348f1dff2f07651ee2a3d77a5c355a4b8c75f9165a?s=96&d=mm&r=g","caption":"creativebitsolutions"},"url":"https:\/\/carpathiacenter.ro\/en\/author\/creativebitsolutions\/"}]}},"_links":{"self":[{"href":"https:\/\/carpathiacenter.ro\/en\/wp-json\/wp\/v2\/posts\/2289","targetHints":{"allow":["GET"]}}],"collection":[{"href":"https:\/\/carpathiacenter.ro\/en\/wp-json\/wp\/v2\/posts"}],"about":[{"href":"https:\/\/carpathiacenter.ro\/en\/wp-json\/wp\/v2\/types\/post"}],"author":[{"embeddable":true,"href":"https:\/\/carpathiacenter.ro\/en\/wp-json\/wp\/v2\/users\/4"}],"replies":[{"embeddable":true,"href":"https:\/\/carpathiacenter.ro\/en\/wp-json\/wp\/v2\/comments?post=2289"}],"version-history":[{"count":1,"href":"https:\/\/carpathiacenter.ro\/en\/wp-json\/wp\/v2\/posts\/2289\/revisions"}],"predecessor-version":[{"id":2291,"href":"https:\/\/carpathiacenter.ro\/en\/wp-json\/wp\/v2\/posts\/2289\/revisions\/2291"}],"wp:featuredmedia":[{"embeddable":true,"href":"https:\/\/carpathiacenter.ro\/en\/wp-json\/wp\/v2\/media\/2290"}],"wp:attachment":[{"href":"https:\/\/carpathiacenter.ro\/en\/wp-json\/wp\/v2\/media?parent=2289"}],"wp:term":[{"taxonomy":"category","embeddable":true,"href":"https:\/\/carpathiacenter.ro\/en\/wp-json\/wp\/v2\/categories?post=2289"},{"taxonomy":"post_tag","embeddable":true,"href":"https:\/\/carpathiacenter.ro\/en\/wp-json\/wp\/v2\/tags?post=2289"}],"curies":[{"name":"wp","href":"https:\/\/api.w.org\/{rel}","templated":true}]}}