{"id":2285,"date":"2025-05-06T06:26:14","date_gmt":"2025-05-06T06:26:14","guid":{"rendered":"https:\/\/carpathiacenter.ro\/?p=2285"},"modified":"2025-05-06T06:26:14","modified_gmt":"2025-05-06T06:26:14","slug":"trump-afirma-ca-vrea-sa-lucreze-cu-erdogan-pentru-a-pune-capat-razboiului-din-ucraina","status":"publish","type":"post","link":"https:\/\/carpathiacenter.ro\/en\/trump-afirma-ca-vrea-sa-lucreze-cu-erdogan-pentru-a-pune-capat-razboiului-din-ucraina\/","title":{"rendered":"Trump afirm\u0103 c\u0103 vrea s\u0103 &#8216;lucreze&#8217; cu Erdogan pentru a pune cap\u0103t r\u0103zboiului din #Ucraina"},"content":{"rendered":"<p>Pre\u0219edintele american Donald Trump a declarat c\u0103 a avut luni o conversa\u021bie telefonic\u0103 &#8216;foarte productiv\u0103&#8217; cu omologul s\u0103u turc Recep Tayyip Erdogan, pe care l-a invitat \u00een vizit\u0103 \u00een Statele Unite, \u0219i a afirmat c\u0103 dore\u0219te s\u0103 lucreze cu acesta pentru &#8216;a pune cap\u0103t r\u0103zboiului ridicol, \u00eens\u0103 mortal, dintre Rusia \u0219i Ucraina&#8217;, relateaz\u0103 AFP \u0219i EFE.<\/p>\n<p>Liderul republican a declarat pe platforma sa, Truth Social, c\u0103 a discutat cu Erdogan &#8216;diverse subiecte, precum r\u0103zboiul dintre Rusia \u0219i Ucraina, despre Siria, Gaza \u0219i altele&#8217;.<\/p>\n<p>&#8216;Pre\u0219edintele (Erdogan) m-a invitat s\u0103 merg \u00een Turcia \u0219i, \u00een acela\u0219i mod, el va veni la Washington&#8217;, a ad\u0103ugat Donald Trump, reamintind c\u0103 a avut o rela\u021bie &#8216;excelent\u0103&#8217; cu Recep Tayyip Erdogan \u00een timpul primului s\u0103u mandat (2017-2021).<\/p>\n<p>Turcia, \u021bar\u0103 membr\u0103 NATO, a participat la \u00eent\u00e2lnirile alia\u021bilor europeni \u00een sprijinul pre\u0219edintelui ucrainean Volodimir Zelenski.<\/p>\n<p>Erdogan s-a oferit \u00een repetate r\u00e2nduri s\u0103 g\u0103zduiasc\u0103 negocieri de pace \u00een \u021bara sa.<\/p>\n<p>\u0218eful statului turc men\u021bine un contact cu pre\u0219edintele rus Vladimir Putin, iar cei doi lideri au discutat recent despre un acord privind Marea Neagr\u0103.<\/p>\n<p>Ankara a jucat un rol de mediere \u00een 2022 \u00een \u00eencheierea unui acord care permitea exportul de cereale ucrainene prin Marea Neagr\u0103, acord din care Rusia s-a retras ulterior.AGERPRES\/(AS &#8211; editor: Mihaela Moise, editor online: Anda Badea)<br \/>\n<br \/>\nSursa articolului:<a href=\"https:\/\/agerpres.ro\/politic-extern\/2025\/05\/05\/trump-afirma-ca-vrea-sa-lucreze-cu-erdogan-pentru-a-pune-capat-razboiului-din-ucraina--1446088\" target=\"_blank\" rel=\"noopener\" title=\"\">https:\/\/agerpres.ro\/politic-extern\/2025\/05\/05\/trump-afirma-ca-vrea-sa-lucreze-cu-erdogan-pentru-a-pune-capat-razboiului-din-ucraina&#8211;1446088<\/a><\/p>","protected":false},"excerpt":{"rendered":"<p>Pre\u0219edintele american Donald Trump a declarat c\u0103 a avut luni o conversa\u021bie telefonic\u0103 &#8216;foarte productiv\u0103&#8217; cu omologul s\u0103u turc Recep Tayyip Erdogan, pe care l-a invitat \u00een vizit\u0103 \u00een Statele Unite, \u0219i a afirmat c\u0103 dore\u0219te s\u0103 lucreze cu acesta pentru &#8216;a pune cap\u0103t r\u0103zboiului ridicol, \u00eens\u0103 mortal, dintre Rusia \u0219i Ucraina&#8217;, relateaz\u0103 AFP \u0219i&#8230;<\/p>","protected":false},"author":4,"featured_media":2287,"comment_status":"open","ping_status":"open","sticky":false,"template":"","format":"standard","meta":{"footnotes":""},"categories":[1],"tags":[],"class_list":["post-2285","post","type-post","status-publish","format-standard","has-post-thumbnail","hentry","category-uncategorized"],"yoast_head":"<!-- This site is optimized with the Yoast SEO plugin v26.1.1 - https:\/\/yoast.com\/wordpress\/plugins\/seo\/ -->\n<title>Trump afirm\u0103 c\u0103 vrea s\u0103 &#039;lucreze&#039; cu Erdogan pentru a pune cap\u0103t r\u0103zboiului din #Ucraina - Carpathia Center Romania<\/title>\n<meta name=\"robots\" content=\"index, follow, max-snippet:-1, max-image-preview:large, max-video-preview:-1\" \/>\n<link rel=\"canonical\" href=\"https:\/\/carpathiacenter.ro\/en\/trump-afirma-ca-vrea-sa-lucreze-cu-erdogan-pentru-a-pune-capat-razboiului-din-ucraina\/\" \/>\n<meta property=\"og:locale\" content=\"en_GB\" \/>\n<meta property=\"og:type\" content=\"article\" \/>\n<meta property=\"og:title\" content=\"Trump afirm\u0103 c\u0103 vrea s\u0103 &#039;lucreze&#039; cu Erdogan pentru a pune cap\u0103t r\u0103zboiului din #Ucraina - Carpathia Center Romania\" \/>\n<meta property=\"og:description\" content=\"Pre\u0219edintele american Donald Trump a declarat c\u0103 a avut luni o conversa\u021bie telefonic\u0103 &#8216;foarte productiv\u0103&#8217; cu omologul s\u0103u turc Recep Tayyip Erdogan, pe care l-a invitat \u00een vizit\u0103 \u00een Statele Unite, \u0219i a afirmat c\u0103 dore\u0219te s\u0103 lucreze cu acesta pentru &#8216;a pune cap\u0103t r\u0103zboiului ridicol, \u00eens\u0103 mortal, dintre Rusia \u0219i Ucraina&#8217;, relateaz\u0103 AFP \u0219i...\" \/>\n<meta property=\"og:url\" content=\"https:\/\/carpathiacenter.ro\/en\/trump-afirma-ca-vrea-sa-lucreze-cu-erdogan-pentru-a-pune-capat-razboiului-din-ucraina\/\" \/>\n<meta property=\"og:site_name\" content=\"Carpathia Center Romania\" \/>\n<meta property=\"article:publisher\" content=\"https:\/\/www.facebook.com\/fdpscarpathia\/\" \/>\n<meta property=\"article:published_time\" content=\"2025-05-06T06:26:14+00:00\" \/>\n<meta property=\"og:image\" content=\"https:\/\/carpathiacenter.ro\/wp-content\/uploads\/2025\/05\/donald-trump.webp\" \/>\n\t<meta property=\"og:image:width\" content=\"700\" \/>\n\t<meta property=\"og:image:height\" content=\"395\" \/>\n\t<meta property=\"og:image:type\" content=\"image\/webp\" \/>\n<meta name=\"author\" content=\"creativebitsolutions\" \/>\n<meta name=\"twitter:card\" content=\"summary_large_image\" \/>\n<meta name=\"twitter:label1\" content=\"Written by\" \/>\n\t<meta name=\"twitter:data1\" content=\"creativebitsolutions\" \/>\n\t<meta name=\"twitter:label2\" content=\"Estimated reading time\" \/>\n\t<meta name=\"twitter:data2\" content=\"1 minute\" \/>\n<script type=\"application\/ld+json\" class=\"yoast-schema-graph\">{\"@context\":\"https:\/\/schema.org\",\"@graph\":[{\"@type\":\"Article\",\"@id\":\"https:\/\/carpathiacenter.ro\/trump-afirma-ca-vrea-sa-lucreze-cu-erdogan-pentru-a-pune-capat-razboiului-din-ucraina\/#article\",\"isPartOf\":{\"@id\":\"https:\/\/carpathiacenter.ro\/trump-afirma-ca-vrea-sa-lucreze-cu-erdogan-pentru-a-pune-capat-razboiului-din-ucraina\/\"},\"author\":{\"name\":\"creativebitsolutions\",\"@id\":\"https:\/\/carpathiacenter.ro\/#\/schema\/person\/03d9f58202fee8379268f34afa195006\"},\"headline\":\"Trump afirm\u0103 c\u0103 vrea s\u0103 &#8216;lucreze&#8217; cu Erdogan pentru a pune cap\u0103t r\u0103zboiului din #Ucraina\",\"datePublished\":\"2025-05-06T06:26:14+00:00\",\"mainEntityOfPage\":{\"@id\":\"https:\/\/carpathiacenter.ro\/trump-afirma-ca-vrea-sa-lucreze-cu-erdogan-pentru-a-pune-capat-razboiului-din-ucraina\/\"},\"wordCount\":256,\"commentCount\":0,\"publisher\":{\"@id\":\"https:\/\/carpathiacenter.ro\/#organization\"},\"image\":{\"@id\":\"https:\/\/carpathiacenter.ro\/trump-afirma-ca-vrea-sa-lucreze-cu-erdogan-pentru-a-pune-capat-razboiului-din-ucraina\/#primaryimage\"},\"thumbnailUrl\":\"https:\/\/carpathiacenter.ro\/wp-content\/uploads\/2025\/05\/donald-trump.webp\",\"articleSection\":[\"Uncategorized\"],\"inLanguage\":\"en-GB\",\"potentialAction\":[{\"@type\":\"CommentAction\",\"name\":\"Comment\",\"target\":[\"https:\/\/carpathiacenter.ro\/trump-afirma-ca-vrea-sa-lucreze-cu-erdogan-pentru-a-pune-capat-razboiului-din-ucraina\/#respond\"]}]},{\"@type\":\"WebPage\",\"@id\":\"https:\/\/carpathiacenter.ro\/trump-afirma-ca-vrea-sa-lucreze-cu-erdogan-pentru-a-pune-capat-razboiului-din-ucraina\/\",\"url\":\"https:\/\/carpathiacenter.ro\/trump-afirma-ca-vrea-sa-lucreze-cu-erdogan-pentru-a-pune-capat-razboiului-din-ucraina\/\",\"name\":\"Trump afirm\u0103 c\u0103 vrea s\u0103 'lucreze' cu Erdogan pentru a pune cap\u0103t r\u0103zboiului din #Ucraina - Carpathia Center Romania\",\"isPartOf\":{\"@id\":\"https:\/\/carpathiacenter.ro\/#website\"},\"primaryImageOfPage\":{\"@id\":\"https:\/\/carpathiacenter.ro\/trump-afirma-ca-vrea-sa-lucreze-cu-erdogan-pentru-a-pune-capat-razboiului-din-ucraina\/#primaryimage\"},\"image\":{\"@id\":\"https:\/\/carpathiacenter.ro\/trump-afirma-ca-vrea-sa-lucreze-cu-erdogan-pentru-a-pune-capat-razboiului-din-ucraina\/#primaryimage\"},\"thumbnailUrl\":\"https:\/\/carpathiacenter.ro\/wp-content\/uploads\/2025\/05\/donald-trump.webp\",\"datePublished\":\"2025-05-06T06:26:14+00:00\",\"breadcrumb\":{\"@id\":\"https:\/\/carpathiacenter.ro\/trump-afirma-ca-vrea-sa-lucreze-cu-erdogan-pentru-a-pune-capat-razboiului-din-ucraina\/#breadcrumb\"},\"inLanguage\":\"en-GB\",\"potentialAction\":[{\"@type\":\"ReadAction\",\"target\":[\"https:\/\/carpathiacenter.ro\/trump-afirma-ca-vrea-sa-lucreze-cu-erdogan-pentru-a-pune-capat-razboiului-din-ucraina\/\"]}]},{\"@type\":\"ImageObject\",\"inLanguage\":\"en-GB\",\"@id\":\"https:\/\/carpathiacenter.ro\/trump-afirma-ca-vrea-sa-lucreze-cu-erdogan-pentru-a-pune-capat-razboiului-din-ucraina\/#primaryimage\",\"url\":\"https:\/\/carpathiacenter.ro\/wp-content\/uploads\/2025\/05\/donald-trump.webp\",\"contentUrl\":\"https:\/\/carpathiacenter.ro\/wp-content\/uploads\/2025\/05\/donald-trump.webp\",\"width\":700,\"height\":395},{\"@type\":\"BreadcrumbList\",\"@id\":\"https:\/\/carpathiacenter.ro\/trump-afirma-ca-vrea-sa-lucreze-cu-erdogan-pentru-a-pune-capat-razboiului-din-ucraina\/#breadcrumb\",\"itemListElement\":[{\"@type\":\"ListItem\",\"position\":1,\"name\":\"Prima pagin\u0103\",\"item\":\"https:\/\/carpathiacenter.ro\/\"},{\"@type\":\"ListItem\",\"position\":2,\"name\":\"Trump afirm\u0103 c\u0103 vrea s\u0103 &#8216;lucreze&#8217; cu Erdogan pentru a pune cap\u0103t r\u0103zboiului din #Ucraina\"}]},{\"@type\":\"WebSite\",\"@id\":\"https:\/\/carpathiacenter.ro\/#website\",\"url\":\"https:\/\/carpathiacenter.ro\/\",\"name\":\"Carpathia Center Romania\",\"description\":\"Impossible made possible!\",\"publisher\":{\"@id\":\"https:\/\/carpathiacenter.ro\/#organization\"},\"potentialAction\":[{\"@type\":\"SearchAction\",\"target\":{\"@type\":\"EntryPoint\",\"urlTemplate\":\"https:\/\/carpathiacenter.ro\/?s={search_term_string}\"},\"query-input\":{\"@type\":\"PropertyValueSpecification\",\"valueRequired\":true,\"valueName\":\"search_term_string\"}}],\"inLanguage\":\"en-GB\"},{\"@type\":\"Organization\",\"@id\":\"https:\/\/carpathiacenter.ro\/#organization\",\"name\":\"Carpathia Center Romania\",\"url\":\"https:\/\/carpathiacenter.ro\/\",\"logo\":{\"@type\":\"ImageObject\",\"inLanguage\":\"en-GB\",\"@id\":\"https:\/\/carpathiacenter.ro\/#\/schema\/logo\/image\/\",\"url\":\"https:\/\/carpathiacenter.ro\/wp-content\/uploads\/2024\/07\/logo-carpathia_bg_white-1024x941.png\",\"contentUrl\":\"https:\/\/carpathiacenter.ro\/wp-content\/uploads\/2024\/07\/logo-carpathia_bg_white-1024x941.png\",\"width\":1024,\"height\":941,\"caption\":\"Carpathia Center Romania\"},\"image\":{\"@id\":\"https:\/\/carpathiacenter.ro\/#\/schema\/logo\/image\/\"},\"sameAs\":[\"https:\/\/www.facebook.com\/fdpscarpathia\/\"]},{\"@type\":\"Person\",\"@id\":\"https:\/\/carpathiacenter.ro\/#\/schema\/person\/03d9f58202fee8379268f34afa195006\",\"name\":\"creativebitsolutions\",\"image\":{\"@type\":\"ImageObject\",\"inLanguage\":\"en-GB\",\"@id\":\"https:\/\/carpathiacenter.ro\/#\/schema\/person\/image\/\",\"url\":\"https:\/\/secure.gravatar.com\/avatar\/1b1a13e37f847c635dab78348f1dff2f07651ee2a3d77a5c355a4b8c75f9165a?s=96&d=mm&r=g\",\"contentUrl\":\"https:\/\/secure.gravatar.com\/avatar\/1b1a13e37f847c635dab78348f1dff2f07651ee2a3d77a5c355a4b8c75f9165a?s=96&d=mm&r=g\",\"caption\":\"creativebitsolutions\"},\"url\":\"https:\/\/carpathiacenter.ro\/en\/author\/creativebitsolutions\/\"}]}<\/script>\n<!-- \/ Yoast SEO plugin. -->","yoast_head_json":{"title":"Trump afirm\u0103 c\u0103 vrea s\u0103 'lucreze' cu Erdogan pentru a pune cap\u0103t r\u0103zboiului din #Ucraina - Carpathia Center Romania","robots":{"index":"index","follow":"follow","max-snippet":"max-snippet:-1","max-image-preview":"max-image-preview:large","max-video-preview":"max-video-preview:-1"},"canonical":"https:\/\/carpathiacenter.ro\/en\/trump-afirma-ca-vrea-sa-lucreze-cu-erdogan-pentru-a-pune-capat-razboiului-din-ucraina\/","og_locale":"en_GB","og_type":"article","og_title":"Trump afirm\u0103 c\u0103 vrea s\u0103 'lucreze' cu Erdogan pentru a pune cap\u0103t r\u0103zboiului din #Ucraina - Carpathia Center Romania","og_description":"Pre\u0219edintele american Donald Trump a declarat c\u0103 a avut luni o conversa\u021bie telefonic\u0103 &#8216;foarte productiv\u0103&#8217; cu omologul s\u0103u turc Recep Tayyip Erdogan, pe care l-a invitat \u00een vizit\u0103 \u00een Statele Unite, \u0219i a afirmat c\u0103 dore\u0219te s\u0103 lucreze cu acesta pentru &#8216;a pune cap\u0103t r\u0103zboiului ridicol, \u00eens\u0103 mortal, dintre Rusia \u0219i Ucraina&#8217;, relateaz\u0103 AFP \u0219i...","og_url":"https:\/\/carpathiacenter.ro\/en\/trump-afirma-ca-vrea-sa-lucreze-cu-erdogan-pentru-a-pune-capat-razboiului-din-ucraina\/","og_site_name":"Carpathia Center Romania","article_publisher":"https:\/\/www.facebook.com\/fdpscarpathia\/","article_published_time":"2025-05-06T06:26:14+00:00","og_image":[{"width":700,"height":395,"url":"https:\/\/carpathiacenter.ro\/wp-content\/uploads\/2025\/05\/donald-trump.webp","type":"image\/webp"}],"author":"creativebitsolutions","twitter_card":"summary_large_image","twitter_misc":{"Written by":"creativebitsolutions","Estimated reading time":"1 minute"},"schema":{"@context":"https:\/\/schema.org","@graph":[{"@type":"Article","@id":"https:\/\/carpathiacenter.ro\/trump-afirma-ca-vrea-sa-lucreze-cu-erdogan-pentru-a-pune-capat-razboiului-din-ucraina\/#article","isPartOf":{"@id":"https:\/\/carpathiacenter.ro\/trump-afirma-ca-vrea-sa-lucreze-cu-erdogan-pentru-a-pune-capat-razboiului-din-ucraina\/"},"author":{"name":"creativebitsolutions","@id":"https:\/\/carpathiacenter.ro\/#\/schema\/person\/03d9f58202fee8379268f34afa195006"},"headline":"Trump afirm\u0103 c\u0103 vrea s\u0103 &#8216;lucreze&#8217; cu Erdogan pentru a pune cap\u0103t r\u0103zboiului din #Ucraina","datePublished":"2025-05-06T06:26:14+00:00","mainEntityOfPage":{"@id":"https:\/\/carpathiacenter.ro\/trump-afirma-ca-vrea-sa-lucreze-cu-erdogan-pentru-a-pune-capat-razboiului-din-ucraina\/"},"wordCount":256,"commentCount":0,"publisher":{"@id":"https:\/\/carpathiacenter.ro\/#organization"},"image":{"@id":"https:\/\/carpathiacenter.ro\/trump-afirma-ca-vrea-sa-lucreze-cu-erdogan-pentru-a-pune-capat-razboiului-din-ucraina\/#primaryimage"},"thumbnailUrl":"https:\/\/carpathiacenter.ro\/wp-content\/uploads\/2025\/05\/donald-trump.webp","articleSection":["Uncategorized"],"inLanguage":"en-GB","potentialAction":[{"@type":"CommentAction","name":"Comment","target":["https:\/\/carpathiacenter.ro\/trump-afirma-ca-vrea-sa-lucreze-cu-erdogan-pentru-a-pune-capat-razboiului-din-ucraina\/#respond"]}]},{"@type":"WebPage","@id":"https:\/\/carpathiacenter.ro\/trump-afirma-ca-vrea-sa-lucreze-cu-erdogan-pentru-a-pune-capat-razboiului-din-ucraina\/","url":"https:\/\/carpathiacenter.ro\/trump-afirma-ca-vrea-sa-lucreze-cu-erdogan-pentru-a-pune-capat-razboiului-din-ucraina\/","name":"Trump afirm\u0103 c\u0103 vrea s\u0103 'lucreze' cu Erdogan pentru a pune cap\u0103t r\u0103zboiului din #Ucraina - Carpathia Center Romania","isPartOf":{"@id":"https:\/\/carpathiacenter.ro\/#website"},"primaryImageOfPage":{"@id":"https:\/\/carpathiacenter.ro\/trump-afirma-ca-vrea-sa-lucreze-cu-erdogan-pentru-a-pune-capat-razboiului-din-ucraina\/#primaryimage"},"image":{"@id":"https:\/\/carpathiacenter.ro\/trump-afirma-ca-vrea-sa-lucreze-cu-erdogan-pentru-a-pune-capat-razboiului-din-ucraina\/#primaryimage"},"thumbnailUrl":"https:\/\/carpathiacenter.ro\/wp-content\/uploads\/2025\/05\/donald-trump.webp","datePublished":"2025-05-06T06:26:14+00:00","breadcrumb":{"@id":"https:\/\/carpathiacenter.ro\/trump-afirma-ca-vrea-sa-lucreze-cu-erdogan-pentru-a-pune-capat-razboiului-din-ucraina\/#breadcrumb"},"inLanguage":"en-GB","potentialAction":[{"@type":"ReadAction","target":["https:\/\/carpathiacenter.ro\/trump-afirma-ca-vrea-sa-lucreze-cu-erdogan-pentru-a-pune-capat-razboiului-din-ucraina\/"]}]},{"@type":"ImageObject","inLanguage":"en-GB","@id":"https:\/\/carpathiacenter.ro\/trump-afirma-ca-vrea-sa-lucreze-cu-erdogan-pentru-a-pune-capat-razboiului-din-ucraina\/#primaryimage","url":"https:\/\/carpathiacenter.ro\/wp-content\/uploads\/2025\/05\/donald-trump.webp","contentUrl":"https:\/\/carpathiacenter.ro\/wp-content\/uploads\/2025\/05\/donald-trump.webp","width":700,"height":395},{"@type":"BreadcrumbList","@id":"https:\/\/carpathiacenter.ro\/trump-afirma-ca-vrea-sa-lucreze-cu-erdogan-pentru-a-pune-capat-razboiului-din-ucraina\/#breadcrumb","itemListElement":[{"@type":"ListItem","position":1,"name":"Prima pagin\u0103","item":"https:\/\/carpathiacenter.ro\/"},{"@type":"ListItem","position":2,"name":"Trump afirm\u0103 c\u0103 vrea s\u0103 &#8216;lucreze&#8217; cu Erdogan pentru a pune cap\u0103t r\u0103zboiului din #Ucraina"}]},{"@type":"WebSite","@id":"https:\/\/carpathiacenter.ro\/#website","url":"https:\/\/carpathiacenter.ro\/","name":"Carpathia Center Romania","description":"Impossible made possible!","publisher":{"@id":"https:\/\/carpathiacenter.ro\/#organization"},"potentialAction":[{"@type":"SearchAction","target":{"@type":"EntryPoint","urlTemplate":"https:\/\/carpathiacenter.ro\/?s={search_term_string}"},"query-input":{"@type":"PropertyValueSpecification","valueRequired":true,"valueName":"search_term_string"}}],"inLanguage":"en-GB"},{"@type":"Organization","@id":"https:\/\/carpathiacenter.ro\/#organization","name":"Carpathia Center Romania","url":"https:\/\/carpathiacenter.ro\/","logo":{"@type":"ImageObject","inLanguage":"en-GB","@id":"https:\/\/carpathiacenter.ro\/#\/schema\/logo\/image\/","url":"https:\/\/carpathiacenter.ro\/wp-content\/uploads\/2024\/07\/logo-carpathia_bg_white-1024x941.png","contentUrl":"https:\/\/carpathiacenter.ro\/wp-content\/uploads\/2024\/07\/logo-carpathia_bg_white-1024x941.png","width":1024,"height":941,"caption":"Carpathia Center Romania"},"image":{"@id":"https:\/\/carpathiacenter.ro\/#\/schema\/logo\/image\/"},"sameAs":["https:\/\/www.facebook.com\/fdpscarpathia\/"]},{"@type":"Person","@id":"https:\/\/carpathiacenter.ro\/#\/schema\/person\/03d9f58202fee8379268f34afa195006","name":"creativebitsolutions","image":{"@type":"ImageObject","inLanguage":"en-GB","@id":"https:\/\/carpathiacenter.ro\/#\/schema\/person\/image\/","url":"https:\/\/secure.gravatar.com\/avatar\/1b1a13e37f847c635dab78348f1dff2f07651ee2a3d77a5c355a4b8c75f9165a?s=96&d=mm&r=g","contentUrl":"https:\/\/secure.gravatar.com\/avatar\/1b1a13e37f847c635dab78348f1dff2f07651ee2a3d77a5c355a4b8c75f9165a?s=96&d=mm&r=g","caption":"creativebitsolutions"},"url":"https:\/\/carpathiacenter.ro\/en\/author\/creativebitsolutions\/"}]}},"_links":{"self":[{"href":"https:\/\/carpathiacenter.ro\/en\/wp-json\/wp\/v2\/posts\/2285","targetHints":{"allow":["GET"]}}],"collection":[{"href":"https:\/\/carpathiacenter.ro\/en\/wp-json\/wp\/v2\/posts"}],"about":[{"href":"https:\/\/carpathiacenter.ro\/en\/wp-json\/wp\/v2\/types\/post"}],"author":[{"embeddable":true,"href":"https:\/\/carpathiacenter.ro\/en\/wp-json\/wp\/v2\/users\/4"}],"replies":[{"embeddable":true,"href":"https:\/\/carpathiacenter.ro\/en\/wp-json\/wp\/v2\/comments?post=2285"}],"version-history":[{"count":1,"href":"https:\/\/carpathiacenter.ro\/en\/wp-json\/wp\/v2\/posts\/2285\/revisions"}],"predecessor-version":[{"id":2288,"href":"https:\/\/carpathiacenter.ro\/en\/wp-json\/wp\/v2\/posts\/2285\/revisions\/2288"}],"wp:featuredmedia":[{"embeddable":true,"href":"https:\/\/carpathiacenter.ro\/en\/wp-json\/wp\/v2\/media\/2287"}],"wp:attachment":[{"href":"https:\/\/carpathiacenter.ro\/en\/wp-json\/wp\/v2\/media?parent=2285"}],"wp:term":[{"taxonomy":"category","embeddable":true,"href":"https:\/\/carpathiacenter.ro\/en\/wp-json\/wp\/v2\/categories?post=2285"},{"taxonomy":"post_tag","embeddable":true,"href":"https:\/\/carpathiacenter.ro\/en\/wp-json\/wp\/v2\/tags?post=2285"}],"curies":[{"name":"wp","href":"https:\/\/api.w.org\/{rel}","templated":true}]}}