{"id":2282,"date":"2025-05-05T08:09:23","date_gmt":"2025-05-05T08:09:23","guid":{"rendered":"https:\/\/carpathiacenter.ro\/?p=2282"},"modified":"2025-05-05T08:09:23","modified_gmt":"2025-05-05T08:09:23","slug":"expozitia-patrimoniul-natural-si-cultural-al-dobrogei-la-muzeul-geologic-national","status":"publish","type":"post","link":"https:\/\/carpathiacenter.ro\/en\/expozitia-patrimoniul-natural-si-cultural-al-dobrogei-la-muzeul-geologic-national\/","title":{"rendered":"Expozi\u021bia &#8216;Patrimoniul natural \u0219i cultural al Dobrogei&#8217; &#8211; la Muzeul Geologic Na\u021bional"},"content":{"rendered":"<p><strong>Expozi\u021bia &#8216;Patrimoniul natural \u0219i cultural al Dobrogei&#8217;, dedicat\u0103 prezent\u0103rii valorilor patrimoniului na\u021bional din jude\u021bele Constan\u021ba \u0219i Tulcea, se deschide, luni, la Muzeul Geologic Na\u021bional.<\/strong><\/p>\n<p>Expozi\u021bia cuprinde 50 de panouri grupate \u00een cinci sec\u021biuni: Patrimoniul cultural construit, Patrimoniul cultural imaterial al etniilor dobrogene, Patrimoniul biologic-Biodiversitate \u0219i Ecodiversitate, Patrimoniul geologic-Geodiversitate, Patrimoniul cu dubl\u0103 valen\u021b\u0103, cultural\u0103 \u0219i natural\u0103, precizeaz\u0103 organizatorii.<\/p>\n<p>Proiectul expozi\u021bional face parte din programul &#8216;Dobrogea, martor al civiliza\u021biilor milenare ale Levantului&#8217;, desf\u0103\u0219urat \u00eencep\u00e2nd din anul 2018 \u00eempreun\u0103 cu profesori \u0219i studen\u021bi de la Universitatea &#8216;Ovidius&#8217; din Constan\u021ba.<\/p>\n<p>La realizarea acestei expozi\u021bii au participat: Institutul de Studii Avansate pentru Cultura \u0219i Civiliza\u021bia Levantului (ISACCL), Institutul Na\u021bional al Patrimoniului (INP), Universitatea &#8216;Ovidius&#8217; \u0219i Muzeul de Istorie Na\u021bional\u0103 \u0219i Arheologie din Constan\u021ba (MINAC), precum \u0219i Institutul de Cercet\u0103ri Eco-muzeale &#8216;Gavril\u0103 Simion&#8217; din Tulcea (ICEM). AGERPRES\/(AS &#8211; redactor: Daniel Popescu, editor: Florin Marin, edotpr online:Andreea Preda)<br \/>\n<br \/>\nSursa articolului:<a href=\"https:\/\/agerpres.ro\/cultura-media\/2025\/05\/05\/expozitia-patrimoniul-natural-si-cultural-al-dobrogei---la-muzeul-geologic-national--1445733\" target=\"_blank\" rel=\"noopener\" title=\"\">https:\/\/agerpres.ro\/cultura-media\/2025\/05\/05\/expozitia-patrimoniul-natural-si-cultural-al-dobrogei&#8212;la-muzeul-geologic-national&#8211;1445733<\/a><\/p>","protected":false},"excerpt":{"rendered":"<p>Expozi\u021bia &#8216;Patrimoniul natural \u0219i cultural al Dobrogei&#8217;, dedicat\u0103 prezent\u0103rii valorilor patrimoniului na\u021bional din jude\u021bele Constan\u021ba \u0219i Tulcea, se deschide, luni, la Muzeul Geologic Na\u021bional. Expozi\u021bia cuprinde 50 de panouri grupate \u00een cinci sec\u021biuni: Patrimoniul cultural construit, Patrimoniul cultural imaterial al etniilor dobrogene, Patrimoniul biologic-Biodiversitate \u0219i Ecodiversitate, Patrimoniul geologic-Geodiversitate, Patrimoniul cu dubl\u0103 valen\u021b\u0103, cultural\u0103 \u0219i natural\u0103,&#8230;<\/p>","protected":false},"author":4,"featured_media":2283,"comment_status":"open","ping_status":"open","sticky":false,"template":"","format":"standard","meta":{"footnotes":""},"categories":[1],"tags":[],"class_list":["post-2282","post","type-post","status-publish","format-standard","has-post-thumbnail","hentry","category-uncategorized"],"yoast_head":"<!-- This site is optimized with the Yoast SEO plugin v26.1.1 - https:\/\/yoast.com\/wordpress\/plugins\/seo\/ -->\n<title>Expozi\u021bia &#039;Patrimoniul natural \u0219i cultural al Dobrogei&#039; - la Muzeul Geologic Na\u021bional - Carpathia Center Romania<\/title>\n<meta name=\"robots\" content=\"index, follow, max-snippet:-1, max-image-preview:large, max-video-preview:-1\" \/>\n<link rel=\"canonical\" href=\"https:\/\/carpathiacenter.ro\/en\/expozitia-patrimoniul-natural-si-cultural-al-dobrogei-la-muzeul-geologic-national\/\" \/>\n<meta property=\"og:locale\" content=\"en_GB\" \/>\n<meta property=\"og:type\" content=\"article\" \/>\n<meta property=\"og:title\" content=\"Expozi\u021bia &#039;Patrimoniul natural \u0219i cultural al Dobrogei&#039; - la Muzeul Geologic Na\u021bional - Carpathia Center Romania\" \/>\n<meta property=\"og:description\" content=\"Expozi\u021bia &#8216;Patrimoniul natural \u0219i cultural al Dobrogei&#8217;, dedicat\u0103 prezent\u0103rii valorilor patrimoniului na\u021bional din jude\u021bele Constan\u021ba \u0219i Tulcea, se deschide, luni, la Muzeul Geologic Na\u021bional. Expozi\u021bia cuprinde 50 de panouri grupate \u00een cinci sec\u021biuni: Patrimoniul cultural construit, Patrimoniul cultural imaterial al etniilor dobrogene, Patrimoniul biologic-Biodiversitate \u0219i Ecodiversitate, Patrimoniul geologic-Geodiversitate, Patrimoniul cu dubl\u0103 valen\u021b\u0103, cultural\u0103 \u0219i natural\u0103,...\" \/>\n<meta property=\"og:url\" content=\"https:\/\/carpathiacenter.ro\/en\/expozitia-patrimoniul-natural-si-cultural-al-dobrogei-la-muzeul-geologic-national\/\" \/>\n<meta property=\"og:site_name\" content=\"Carpathia Center Romania\" \/>\n<meta property=\"article:publisher\" content=\"https:\/\/www.facebook.com\/fdpscarpathia\/\" \/>\n<meta property=\"article:published_time\" content=\"2025-05-05T08:09:23+00:00\" \/>\n<meta property=\"og:image\" content=\"https:\/\/carpathiacenter.ro\/wp-content\/uploads\/2025\/05\/expo-muz-geologic.webp\" \/>\n\t<meta property=\"og:image:width\" content=\"850\" \/>\n\t<meta property=\"og:image:height\" content=\"478\" \/>\n\t<meta property=\"og:image:type\" content=\"image\/webp\" \/>\n<meta name=\"author\" content=\"creativebitsolutions\" \/>\n<meta name=\"twitter:card\" content=\"summary_large_image\" \/>\n<meta name=\"twitter:label1\" content=\"Written by\" \/>\n\t<meta name=\"twitter:data1\" content=\"creativebitsolutions\" \/>\n\t<meta name=\"twitter:label2\" content=\"Estimated reading time\" \/>\n\t<meta name=\"twitter:data2\" content=\"1 minute\" \/>\n<script type=\"application\/ld+json\" class=\"yoast-schema-graph\">{\"@context\":\"https:\/\/schema.org\",\"@graph\":[{\"@type\":\"Article\",\"@id\":\"https:\/\/carpathiacenter.ro\/expozitia-patrimoniul-natural-si-cultural-al-dobrogei-la-muzeul-geologic-national\/#article\",\"isPartOf\":{\"@id\":\"https:\/\/carpathiacenter.ro\/expozitia-patrimoniul-natural-si-cultural-al-dobrogei-la-muzeul-geologic-national\/\"},\"author\":{\"name\":\"creativebitsolutions\",\"@id\":\"https:\/\/carpathiacenter.ro\/#\/schema\/person\/03d9f58202fee8379268f34afa195006\"},\"headline\":\"Expozi\u021bia &#8216;Patrimoniul natural \u0219i cultural al Dobrogei&#8217; &#8211; la Muzeul Geologic Na\u021bional\",\"datePublished\":\"2025-05-05T08:09:23+00:00\",\"mainEntityOfPage\":{\"@id\":\"https:\/\/carpathiacenter.ro\/expozitia-patrimoniul-natural-si-cultural-al-dobrogei-la-muzeul-geologic-national\/\"},\"wordCount\":182,\"commentCount\":0,\"publisher\":{\"@id\":\"https:\/\/carpathiacenter.ro\/#organization\"},\"image\":{\"@id\":\"https:\/\/carpathiacenter.ro\/expozitia-patrimoniul-natural-si-cultural-al-dobrogei-la-muzeul-geologic-national\/#primaryimage\"},\"thumbnailUrl\":\"https:\/\/carpathiacenter.ro\/wp-content\/uploads\/2025\/05\/expo-muz-geologic.webp\",\"articleSection\":[\"Uncategorized\"],\"inLanguage\":\"en-GB\",\"potentialAction\":[{\"@type\":\"CommentAction\",\"name\":\"Comment\",\"target\":[\"https:\/\/carpathiacenter.ro\/expozitia-patrimoniul-natural-si-cultural-al-dobrogei-la-muzeul-geologic-national\/#respond\"]}]},{\"@type\":\"WebPage\",\"@id\":\"https:\/\/carpathiacenter.ro\/expozitia-patrimoniul-natural-si-cultural-al-dobrogei-la-muzeul-geologic-national\/\",\"url\":\"https:\/\/carpathiacenter.ro\/expozitia-patrimoniul-natural-si-cultural-al-dobrogei-la-muzeul-geologic-national\/\",\"name\":\"Expozi\u021bia 'Patrimoniul natural \u0219i cultural al Dobrogei' - la Muzeul Geologic Na\u021bional - Carpathia Center Romania\",\"isPartOf\":{\"@id\":\"https:\/\/carpathiacenter.ro\/#website\"},\"primaryImageOfPage\":{\"@id\":\"https:\/\/carpathiacenter.ro\/expozitia-patrimoniul-natural-si-cultural-al-dobrogei-la-muzeul-geologic-national\/#primaryimage\"},\"image\":{\"@id\":\"https:\/\/carpathiacenter.ro\/expozitia-patrimoniul-natural-si-cultural-al-dobrogei-la-muzeul-geologic-national\/#primaryimage\"},\"thumbnailUrl\":\"https:\/\/carpathiacenter.ro\/wp-content\/uploads\/2025\/05\/expo-muz-geologic.webp\",\"datePublished\":\"2025-05-05T08:09:23+00:00\",\"breadcrumb\":{\"@id\":\"https:\/\/carpathiacenter.ro\/expozitia-patrimoniul-natural-si-cultural-al-dobrogei-la-muzeul-geologic-national\/#breadcrumb\"},\"inLanguage\":\"en-GB\",\"potentialAction\":[{\"@type\":\"ReadAction\",\"target\":[\"https:\/\/carpathiacenter.ro\/expozitia-patrimoniul-natural-si-cultural-al-dobrogei-la-muzeul-geologic-national\/\"]}]},{\"@type\":\"ImageObject\",\"inLanguage\":\"en-GB\",\"@id\":\"https:\/\/carpathiacenter.ro\/expozitia-patrimoniul-natural-si-cultural-al-dobrogei-la-muzeul-geologic-national\/#primaryimage\",\"url\":\"https:\/\/carpathiacenter.ro\/wp-content\/uploads\/2025\/05\/expo-muz-geologic.webp\",\"contentUrl\":\"https:\/\/carpathiacenter.ro\/wp-content\/uploads\/2025\/05\/expo-muz-geologic.webp\",\"width\":850,\"height\":478},{\"@type\":\"BreadcrumbList\",\"@id\":\"https:\/\/carpathiacenter.ro\/expozitia-patrimoniul-natural-si-cultural-al-dobrogei-la-muzeul-geologic-national\/#breadcrumb\",\"itemListElement\":[{\"@type\":\"ListItem\",\"position\":1,\"name\":\"Prima pagin\u0103\",\"item\":\"https:\/\/carpathiacenter.ro\/\"},{\"@type\":\"ListItem\",\"position\":2,\"name\":\"Expozi\u021bia &#8216;Patrimoniul natural \u0219i cultural al Dobrogei&#8217; &#8211; la Muzeul Geologic Na\u021bional\"}]},{\"@type\":\"WebSite\",\"@id\":\"https:\/\/carpathiacenter.ro\/#website\",\"url\":\"https:\/\/carpathiacenter.ro\/\",\"name\":\"Carpathia Center Romania\",\"description\":\"Impossible made possible!\",\"publisher\":{\"@id\":\"https:\/\/carpathiacenter.ro\/#organization\"},\"potentialAction\":[{\"@type\":\"SearchAction\",\"target\":{\"@type\":\"EntryPoint\",\"urlTemplate\":\"https:\/\/carpathiacenter.ro\/?s={search_term_string}\"},\"query-input\":{\"@type\":\"PropertyValueSpecification\",\"valueRequired\":true,\"valueName\":\"search_term_string\"}}],\"inLanguage\":\"en-GB\"},{\"@type\":\"Organization\",\"@id\":\"https:\/\/carpathiacenter.ro\/#organization\",\"name\":\"Carpathia Center Romania\",\"url\":\"https:\/\/carpathiacenter.ro\/\",\"logo\":{\"@type\":\"ImageObject\",\"inLanguage\":\"en-GB\",\"@id\":\"https:\/\/carpathiacenter.ro\/#\/schema\/logo\/image\/\",\"url\":\"https:\/\/carpathiacenter.ro\/wp-content\/uploads\/2024\/07\/logo-carpathia_bg_white-1024x941.png\",\"contentUrl\":\"https:\/\/carpathiacenter.ro\/wp-content\/uploads\/2024\/07\/logo-carpathia_bg_white-1024x941.png\",\"width\":1024,\"height\":941,\"caption\":\"Carpathia Center Romania\"},\"image\":{\"@id\":\"https:\/\/carpathiacenter.ro\/#\/schema\/logo\/image\/\"},\"sameAs\":[\"https:\/\/www.facebook.com\/fdpscarpathia\/\"]},{\"@type\":\"Person\",\"@id\":\"https:\/\/carpathiacenter.ro\/#\/schema\/person\/03d9f58202fee8379268f34afa195006\",\"name\":\"creativebitsolutions\",\"image\":{\"@type\":\"ImageObject\",\"inLanguage\":\"en-GB\",\"@id\":\"https:\/\/carpathiacenter.ro\/#\/schema\/person\/image\/\",\"url\":\"https:\/\/secure.gravatar.com\/avatar\/1b1a13e37f847c635dab78348f1dff2f07651ee2a3d77a5c355a4b8c75f9165a?s=96&d=mm&r=g\",\"contentUrl\":\"https:\/\/secure.gravatar.com\/avatar\/1b1a13e37f847c635dab78348f1dff2f07651ee2a3d77a5c355a4b8c75f9165a?s=96&d=mm&r=g\",\"caption\":\"creativebitsolutions\"},\"url\":\"https:\/\/carpathiacenter.ro\/en\/author\/creativebitsolutions\/\"}]}<\/script>\n<!-- \/ Yoast SEO plugin. -->","yoast_head_json":{"title":"Expozi\u021bia 'Patrimoniul natural \u0219i cultural al Dobrogei' - la Muzeul Geologic Na\u021bional - Carpathia Center Romania","robots":{"index":"index","follow":"follow","max-snippet":"max-snippet:-1","max-image-preview":"max-image-preview:large","max-video-preview":"max-video-preview:-1"},"canonical":"https:\/\/carpathiacenter.ro\/en\/expozitia-patrimoniul-natural-si-cultural-al-dobrogei-la-muzeul-geologic-national\/","og_locale":"en_GB","og_type":"article","og_title":"Expozi\u021bia 'Patrimoniul natural \u0219i cultural al Dobrogei' - la Muzeul Geologic Na\u021bional - Carpathia Center Romania","og_description":"Expozi\u021bia &#8216;Patrimoniul natural \u0219i cultural al Dobrogei&#8217;, dedicat\u0103 prezent\u0103rii valorilor patrimoniului na\u021bional din jude\u021bele Constan\u021ba \u0219i Tulcea, se deschide, luni, la Muzeul Geologic Na\u021bional. Expozi\u021bia cuprinde 50 de panouri grupate \u00een cinci sec\u021biuni: Patrimoniul cultural construit, Patrimoniul cultural imaterial al etniilor dobrogene, Patrimoniul biologic-Biodiversitate \u0219i Ecodiversitate, Patrimoniul geologic-Geodiversitate, Patrimoniul cu dubl\u0103 valen\u021b\u0103, cultural\u0103 \u0219i natural\u0103,...","og_url":"https:\/\/carpathiacenter.ro\/en\/expozitia-patrimoniul-natural-si-cultural-al-dobrogei-la-muzeul-geologic-national\/","og_site_name":"Carpathia Center Romania","article_publisher":"https:\/\/www.facebook.com\/fdpscarpathia\/","article_published_time":"2025-05-05T08:09:23+00:00","og_image":[{"width":850,"height":478,"url":"https:\/\/carpathiacenter.ro\/wp-content\/uploads\/2025\/05\/expo-muz-geologic.webp","type":"image\/webp"}],"author":"creativebitsolutions","twitter_card":"summary_large_image","twitter_misc":{"Written by":"creativebitsolutions","Estimated reading time":"1 minute"},"schema":{"@context":"https:\/\/schema.org","@graph":[{"@type":"Article","@id":"https:\/\/carpathiacenter.ro\/expozitia-patrimoniul-natural-si-cultural-al-dobrogei-la-muzeul-geologic-national\/#article","isPartOf":{"@id":"https:\/\/carpathiacenter.ro\/expozitia-patrimoniul-natural-si-cultural-al-dobrogei-la-muzeul-geologic-national\/"},"author":{"name":"creativebitsolutions","@id":"https:\/\/carpathiacenter.ro\/#\/schema\/person\/03d9f58202fee8379268f34afa195006"},"headline":"Expozi\u021bia &#8216;Patrimoniul natural \u0219i cultural al Dobrogei&#8217; &#8211; la Muzeul Geologic Na\u021bional","datePublished":"2025-05-05T08:09:23+00:00","mainEntityOfPage":{"@id":"https:\/\/carpathiacenter.ro\/expozitia-patrimoniul-natural-si-cultural-al-dobrogei-la-muzeul-geologic-national\/"},"wordCount":182,"commentCount":0,"publisher":{"@id":"https:\/\/carpathiacenter.ro\/#organization"},"image":{"@id":"https:\/\/carpathiacenter.ro\/expozitia-patrimoniul-natural-si-cultural-al-dobrogei-la-muzeul-geologic-national\/#primaryimage"},"thumbnailUrl":"https:\/\/carpathiacenter.ro\/wp-content\/uploads\/2025\/05\/expo-muz-geologic.webp","articleSection":["Uncategorized"],"inLanguage":"en-GB","potentialAction":[{"@type":"CommentAction","name":"Comment","target":["https:\/\/carpathiacenter.ro\/expozitia-patrimoniul-natural-si-cultural-al-dobrogei-la-muzeul-geologic-national\/#respond"]}]},{"@type":"WebPage","@id":"https:\/\/carpathiacenter.ro\/expozitia-patrimoniul-natural-si-cultural-al-dobrogei-la-muzeul-geologic-national\/","url":"https:\/\/carpathiacenter.ro\/expozitia-patrimoniul-natural-si-cultural-al-dobrogei-la-muzeul-geologic-national\/","name":"Expozi\u021bia 'Patrimoniul natural \u0219i cultural al Dobrogei' - la Muzeul Geologic Na\u021bional - Carpathia Center Romania","isPartOf":{"@id":"https:\/\/carpathiacenter.ro\/#website"},"primaryImageOfPage":{"@id":"https:\/\/carpathiacenter.ro\/expozitia-patrimoniul-natural-si-cultural-al-dobrogei-la-muzeul-geologic-national\/#primaryimage"},"image":{"@id":"https:\/\/carpathiacenter.ro\/expozitia-patrimoniul-natural-si-cultural-al-dobrogei-la-muzeul-geologic-national\/#primaryimage"},"thumbnailUrl":"https:\/\/carpathiacenter.ro\/wp-content\/uploads\/2025\/05\/expo-muz-geologic.webp","datePublished":"2025-05-05T08:09:23+00:00","breadcrumb":{"@id":"https:\/\/carpathiacenter.ro\/expozitia-patrimoniul-natural-si-cultural-al-dobrogei-la-muzeul-geologic-national\/#breadcrumb"},"inLanguage":"en-GB","potentialAction":[{"@type":"ReadAction","target":["https:\/\/carpathiacenter.ro\/expozitia-patrimoniul-natural-si-cultural-al-dobrogei-la-muzeul-geologic-national\/"]}]},{"@type":"ImageObject","inLanguage":"en-GB","@id":"https:\/\/carpathiacenter.ro\/expozitia-patrimoniul-natural-si-cultural-al-dobrogei-la-muzeul-geologic-national\/#primaryimage","url":"https:\/\/carpathiacenter.ro\/wp-content\/uploads\/2025\/05\/expo-muz-geologic.webp","contentUrl":"https:\/\/carpathiacenter.ro\/wp-content\/uploads\/2025\/05\/expo-muz-geologic.webp","width":850,"height":478},{"@type":"BreadcrumbList","@id":"https:\/\/carpathiacenter.ro\/expozitia-patrimoniul-natural-si-cultural-al-dobrogei-la-muzeul-geologic-national\/#breadcrumb","itemListElement":[{"@type":"ListItem","position":1,"name":"Prima pagin\u0103","item":"https:\/\/carpathiacenter.ro\/"},{"@type":"ListItem","position":2,"name":"Expozi\u021bia &#8216;Patrimoniul natural \u0219i cultural al Dobrogei&#8217; &#8211; la Muzeul Geologic Na\u021bional"}]},{"@type":"WebSite","@id":"https:\/\/carpathiacenter.ro\/#website","url":"https:\/\/carpathiacenter.ro\/","name":"Carpathia Center Romania","description":"Impossible made possible!","publisher":{"@id":"https:\/\/carpathiacenter.ro\/#organization"},"potentialAction":[{"@type":"SearchAction","target":{"@type":"EntryPoint","urlTemplate":"https:\/\/carpathiacenter.ro\/?s={search_term_string}"},"query-input":{"@type":"PropertyValueSpecification","valueRequired":true,"valueName":"search_term_string"}}],"inLanguage":"en-GB"},{"@type":"Organization","@id":"https:\/\/carpathiacenter.ro\/#organization","name":"Carpathia Center Romania","url":"https:\/\/carpathiacenter.ro\/","logo":{"@type":"ImageObject","inLanguage":"en-GB","@id":"https:\/\/carpathiacenter.ro\/#\/schema\/logo\/image\/","url":"https:\/\/carpathiacenter.ro\/wp-content\/uploads\/2024\/07\/logo-carpathia_bg_white-1024x941.png","contentUrl":"https:\/\/carpathiacenter.ro\/wp-content\/uploads\/2024\/07\/logo-carpathia_bg_white-1024x941.png","width":1024,"height":941,"caption":"Carpathia Center Romania"},"image":{"@id":"https:\/\/carpathiacenter.ro\/#\/schema\/logo\/image\/"},"sameAs":["https:\/\/www.facebook.com\/fdpscarpathia\/"]},{"@type":"Person","@id":"https:\/\/carpathiacenter.ro\/#\/schema\/person\/03d9f58202fee8379268f34afa195006","name":"creativebitsolutions","image":{"@type":"ImageObject","inLanguage":"en-GB","@id":"https:\/\/carpathiacenter.ro\/#\/schema\/person\/image\/","url":"https:\/\/secure.gravatar.com\/avatar\/1b1a13e37f847c635dab78348f1dff2f07651ee2a3d77a5c355a4b8c75f9165a?s=96&d=mm&r=g","contentUrl":"https:\/\/secure.gravatar.com\/avatar\/1b1a13e37f847c635dab78348f1dff2f07651ee2a3d77a5c355a4b8c75f9165a?s=96&d=mm&r=g","caption":"creativebitsolutions"},"url":"https:\/\/carpathiacenter.ro\/en\/author\/creativebitsolutions\/"}]}},"_links":{"self":[{"href":"https:\/\/carpathiacenter.ro\/en\/wp-json\/wp\/v2\/posts\/2282","targetHints":{"allow":["GET"]}}],"collection":[{"href":"https:\/\/carpathiacenter.ro\/en\/wp-json\/wp\/v2\/posts"}],"about":[{"href":"https:\/\/carpathiacenter.ro\/en\/wp-json\/wp\/v2\/types\/post"}],"author":[{"embeddable":true,"href":"https:\/\/carpathiacenter.ro\/en\/wp-json\/wp\/v2\/users\/4"}],"replies":[{"embeddable":true,"href":"https:\/\/carpathiacenter.ro\/en\/wp-json\/wp\/v2\/comments?post=2282"}],"version-history":[{"count":1,"href":"https:\/\/carpathiacenter.ro\/en\/wp-json\/wp\/v2\/posts\/2282\/revisions"}],"predecessor-version":[{"id":2284,"href":"https:\/\/carpathiacenter.ro\/en\/wp-json\/wp\/v2\/posts\/2282\/revisions\/2284"}],"wp:featuredmedia":[{"embeddable":true,"href":"https:\/\/carpathiacenter.ro\/en\/wp-json\/wp\/v2\/media\/2283"}],"wp:attachment":[{"href":"https:\/\/carpathiacenter.ro\/en\/wp-json\/wp\/v2\/media?parent=2282"}],"wp:term":[{"taxonomy":"category","embeddable":true,"href":"https:\/\/carpathiacenter.ro\/en\/wp-json\/wp\/v2\/categories?post=2282"},{"taxonomy":"post_tag","embeddable":true,"href":"https:\/\/carpathiacenter.ro\/en\/wp-json\/wp\/v2\/tags?post=2282"}],"curies":[{"name":"wp","href":"https:\/\/api.w.org\/{rel}","templated":true}]}}